{"id":306307,"date":"2025-09-18T22:48:28","date_gmt":"2025-09-18T21:48:28","guid":{"rendered":"https:\/\/www.procarton.com\/?p=306307"},"modified":"2025-09-20T16:10:03","modified_gmt":"2025-09-20T15:10:03","slug":"pro-carton-young-designers-2025-award-winners-announced-2","status":"publish","type":"post","link":"https:\/\/www.procarton.com\/it\/pro-carton-young-designers-2025-award-winners-announced-2\/","title":{"rendered":"Annunciati i vincitori di Pro Carton Young Designers 2025 Award"},"content":{"rendered":"<div class=\"av-animated-generic top-to-bottom flex_column av_one_full  flex_column_div av-zero-column-padding first  avia-builder-el-0  el_before_av_one_full  avia-builder-el-first\" style='border-radius:0px; '>\n<section class=\"av_textblock_section\"  itemscope=\"itemscope\" itemtype=\"https:\/\/schema.org\/BlogPosting\" itemprop=\"blogPost\" >\n<div class='avia_textblock'   itemprop=\"text\" >\n<h3 style=\"text-align: center;\"><em>I 2025 vincitori dimostrano innovazione e creativit\u00e0 con progetti unici di imballaggi in cartone<\/em><\/h3>\n<p style=\"text-align: center;\"><strong>I vincitori dell'Pro Carton Young Designers Award 2025 - sponsorizzato da <a href=\"https:\/\/folbb.com\/\">FOLBB<\/a>,<a href=\"https:\/\/vangenechten.com\/\"> Van Genechten Packaging<\/a>, <a href=\"https:\/\/www.mm-packaging.com\/\">MM<\/a>, <a href=\"https:\/\/rdmgroup.com\/\">Gruppo RDM<\/a>, e <a href=\"https:\/\/www.durandogan.com\/?lang=en\">Duran Do\u011fan<\/a> - sono stati annunciati nel corso di un'affascinante cerimonia tenutasi a Istanbul (18 settembre).<\/strong><\/p>\n<\/div>\n<\/section>\n<\/div>\n<div class=\"av-animated-generic top-to-bottom flex_column av_one_full  flex_column_div av-zero-column-padding first  avia-builder-el-2  el_after_av_one_full  el_before_av_one_full  column-top-margin\" style='border-radius:0px; '>\n<section class=\"av_textblock_section\"  itemscope=\"itemscope\" itemtype=\"https:\/\/schema.org\/BlogPosting\" itemprop=\"blogPost\" >\n<div class='avia_textblock'   itemprop=\"text\" >\n<p>Riconoscendo i migliori giovani talenti del design in Europa, i vincitori sono stati annunciati da Horst Bittermann, direttore generale di Pro Carton, davanti a un pubblico di leader del settore del packaging. La cerimonia prevedeva premi in quattro categorie:<\/p>\n<ul>\n<li>Imballaggi creativi in cartone (alimenti e bevande)<\/li>\n<li>Imballaggi creativi in cartone (tutti gli altri)<\/li>\n<li>Cartoni e sostenibilit\u00e0<\/li>\n<li>Votazione pubblica Award<\/li>\n<\/ul>\n<p>Sono pervenute oltre 950 candidature da numerose istituzioni di tutta Europa. Questi sono stati esaminati in dettaglio da <a href=\"https:\/\/www.procarton.com\/awards\/pro-carton-young-designers-award\/pro-carton-young-designers-award-2023\/judges\/\">una commissione giudicante<\/a> che rappresentavano l'intera catena del valore del packaging. Satkar Gidda, ex direttore vendite e marketing di SiebertHead, ha presieduto la giuria, coadiuvato da Sanjeev Das, direttore globale imballaggi di Unilever nel settore alimenti e gelati; Lotte Krekels, responsabile imballaggi di Carrefour, Heidi Vanspauwen, direttrice marketing e comunicazione di Van Genechten Packaging e Jens Uhlmann, direttore innovazione BU B+PC presso <a class=\"mdpAqWXcsYVoLayGsqIUZitQXyigbdUOLEI\" tabindex=\"0\" href=\"https:\/\/www.linkedin.com\/company\/mm-packaging\/\" target=\"_self\" data-test-app-aware-link=\"\" rel=\"noopener\">Imballaggio MM<\/a>.<\/p>\n<\/div>\n<\/section>\n<\/div>\n<div class=\"av-animated-generic top-to-bottom flex_column av_one_full  flex_column_div av-zero-column-padding first  avia-builder-el-4  el_after_av_one_full  el_before_av_one_full  column-top-margin\" style='border-radius:0px; '>\n<section class=\"av_textblock_section\"  itemscope=\"itemscope\" itemtype=\"https:\/\/schema.org\/BlogPosting\" itemprop=\"blogPost\" >\n<div class='avia_textblock'   itemprop=\"text\" >\n<h4 style=\"text-align: center;\">VINCITORE DEL PREMIO PER L'IMBALLAGGIO CREATIVO IN CARTONCINO PER ALIMENTI E BEVANDE:<\/h4>\n<h4 style=\"text-align: center;\"><em>GletscherEis<\/em> di Barnab\u00e1s Varga<\/h4>\n<\/div>\n<\/section>\n<div  class='avia-image-container  av-styling-    avia-builder-el-6  el_after_av_textblock  el_before_av_textblock  avia-align-center'  itemprop=\"image\" itemscope=\"itemscope\" itemtype=\"https:\/\/schema.org\/ImageObject\"  >\n<div class='avia-image-container-inner'>\n<div class='avia-image-overlay-wrap'><a href=\"https:\/\/www.flipsnack.com\/9C7C7C66AED\/main-brochure-2025-v5\/full-view.html\" class='avia_image' target=\"_blank\" rel=\"noopener noreferrer\"><img decoding=\"async\" width=\"2560\" height=\"1707\" class='wp-image-305156 avia-img-lazy-loading-not-305156 avia_image' src=\"https:\/\/www.procarton.com\/wp-content\/uploads\/2025\/07\/11419_0065-4-scaled.png\" alt='-302800' title='-302800-'  itemprop=\"thumbnailUrl\" srcset=\"https:\/\/www.procarton.com\/wp-content\/uploads\/2025\/07\/11419_0065-4-scaled.png 2560w, https:\/\/www.procarton.com\/wp-content\/uploads\/2025\/07\/11419_0065-4-300x200.png 300w, https:\/\/www.procarton.com\/wp-content\/uploads\/2025\/07\/11419_0065-4-1030x687.png 1030w, https:\/\/www.procarton.com\/wp-content\/uploads\/2025\/07\/11419_0065-4-768x512.png 768w, https:\/\/www.procarton.com\/wp-content\/uploads\/2025\/07\/11419_0065-4-1536x1024.png 1536w, https:\/\/www.procarton.com\/wp-content\/uploads\/2025\/07\/11419_0065-4-2048x1365.png 2048w, https:\/\/www.procarton.com\/wp-content\/uploads\/2025\/07\/11419_0065-4-18x12.png 18w, https:\/\/www.procarton.com\/wp-content\/uploads\/2025\/07\/11419_0065-4-1500x1000.png 1500w, https:\/\/www.procarton.com\/wp-content\/uploads\/2025\/07\/11419_0065-4-705x470.png 705w\" sizes=\"(max-width: 2560px) 100vw, 2560px\" \/><\/a><\/div>\n<\/div>\n<\/div>\n<section class=\"av_textblock_section\"  itemscope=\"itemscope\" itemtype=\"https:\/\/schema.org\/BlogPosting\" itemprop=\"blogPost\" >\n<div class='avia_textblock'   itemprop=\"text\" >\n<p><strong>FRESCO IN TUTTI I SENSI<\/strong><\/p>\n<p><strong>Istituto:<\/strong> Universit\u00e0 di P\u00e9cs Facolt\u00e0 di Musica e Arti Visive<br \/>\n<strong>Docente:<\/strong> Lotte Budai<br \/>\n<strong>Paese:<\/strong> Ungheria<\/p>\n<p class=\"p1\">Questo progetto reimmagina un classico tirolese, il liquore al fuoco GletscherEis. L'obiettivo era quello di preservare il carattere forte del prodotto, rinfrescandone al contempo l'identit\u00e0 visiva con un look pi\u00f9 moderno e raffinato. Il concetto di packaging aggiunge ulteriore profondit\u00e0 alla storia del marchio, con una silhouette che ricorda un blocco di ghiaccio intagliato e un interno rosso sorprendente che rappresenta il fuoco. Questo crea un contrasto audace che allude al sapore e allo spirito del liquore. Per elevare l'esperienza, la confezione regalo comprende anche due bicchierini, che ne aumentano la praticit\u00e0 e l'attrattiva come articolo da regalo di qualit\u00e0.<\/p>\n<\/div>\n<\/section>\n<\/div>\n<div class=\"av-animated-generic top-to-bottom flex_column av_one_full  flex_column_div av-zero-column-padding first  avia-builder-el-8  el_after_av_one_full  el_before_av_one_full  column-top-margin\" style='border-radius:0px; '>\n<section class=\"av_textblock_section\"  itemscope=\"itemscope\" itemtype=\"https:\/\/schema.org\/BlogPosting\" itemprop=\"blogPost\" >\n<div class='avia_textblock'   itemprop=\"text\" >\n<h4 style=\"text-align: center;\">VINCITORE DI IMBALLAGGI CREATIVI IN CARTONE TUTTI GLI ALTRI:<\/h4>\n<h4 style=\"text-align: center;\"><em>Gli assorbenti mestruali Padon <\/em>di Jule Schelletter &amp;<br \/>\nMeret Fischmann<\/h4>\n<\/div>\n<\/section>\n<div  class='avia-image-container  av-styling-    avia-builder-el-10  el_after_av_textblock  el_before_av_textblock  avia-align-center'  itemprop=\"image\" itemscope=\"itemscope\" itemtype=\"https:\/\/schema.org\/ImageObject\"  >\n<div class='avia-image-container-inner'>\n<div class='avia-image-overlay-wrap'><a href=\"https:\/\/www.flipsnack.com\/9C7C7C66AED\/main-brochure-2025-v5\/full-view.html\" class='avia_image' target=\"_blank\" rel=\"noopener noreferrer\"><img decoding=\"async\" width=\"2560\" height=\"1707\" class='wp-image-304898 avia-img-lazy-loading-not-304898 avia_image' src=\"https:\/\/www.procarton.com\/wp-content\/uploads\/2025\/07\/11419_0074-scaled.jpg\" alt='' title='11419_0074'  itemprop=\"thumbnailUrl\" srcset=\"https:\/\/www.procarton.com\/wp-content\/uploads\/2025\/07\/11419_0074-scaled.jpg 2560w, https:\/\/www.procarton.com\/wp-content\/uploads\/2025\/07\/11419_0074-300x200.jpg 300w, https:\/\/www.procarton.com\/wp-content\/uploads\/2025\/07\/11419_0074-1030x687.jpg 1030w, https:\/\/www.procarton.com\/wp-content\/uploads\/2025\/07\/11419_0074-768x512.jpg 768w, https:\/\/www.procarton.com\/wp-content\/uploads\/2025\/07\/11419_0074-1536x1024.jpg 1536w, https:\/\/www.procarton.com\/wp-content\/uploads\/2025\/07\/11419_0074-2048x1365.jpg 2048w, https:\/\/www.procarton.com\/wp-content\/uploads\/2025\/07\/11419_0074-18x12.jpg 18w, https:\/\/www.procarton.com\/wp-content\/uploads\/2025\/07\/11419_0074-1500x1000.jpg 1500w, https:\/\/www.procarton.com\/wp-content\/uploads\/2025\/07\/11419_0074-705x470.jpg 705w\" sizes=\"(max-width: 2560px) 100vw, 2560px\" \/><\/a><\/div>\n<\/div>\n<\/div>\n<section class=\"av_textblock_section\"  itemscope=\"itemscope\" itemtype=\"https:\/\/schema.org\/BlogPosting\" itemprop=\"blogPost\" >\n<div class='avia_textblock'   itemprop=\"text\" >\n<p><strong>Imballaggio multifunzionale<\/strong><\/p>\n<p><strong>Istituto:<\/strong> Scuola di design di M\u00fcnster<br \/>\n<strong>Docente:<\/strong> Prof. Steffen Schulz<br \/>\n<strong>Paese:<\/strong> Germania<\/p>\n<p class=\"p1\">Creato all'insegna della praticit\u00e0 e dell'empowerment, questo progetto ripensa le confezioni dei prodotti d'epoca come qualcosa di funzionale, ponderato e sostenibile. Il design \u00e8 caratterizzato da un ingegnoso meccanismo di ribaltamento: un lato conserva discretamente i prodotti usati, mentre l'altro ne rivela di nuovi. Inoltre, la scatola esterna funge da elegante dispenser grazie a un semplice lembo perforato, che la rende ideale per l'uso domestico, soprattutto nei bagni piccoli. Dal punto di vista visivo, la confezione \u00e8 caratterizzata da un design chiaro e da una stampa grafica audace. L'idea \u00e8 che l'imballaggio debba lavorare con voi, non contro di voi.<\/p>\n<\/div>\n<\/section>\n<\/div>\n<div class=\"av-animated-generic top-to-bottom flex_column av_one_full  flex_column_div av-zero-column-padding first  avia-builder-el-12  el_after_av_one_full  el_before_av_one_full  column-top-margin\" style='border-radius:0px; '>\n<section class=\"av_textblock_section\"  itemscope=\"itemscope\" itemtype=\"https:\/\/schema.org\/BlogPosting\" itemprop=\"blogPost\" >\n<div class='avia_textblock'   itemprop=\"text\" >\n<h4 style=\"text-align: center;\">VINCITORE DELLA SOSTENIBILIT\u00c0:<\/h4>\n<h4 style=\"text-align: center;\"><em>Felicia <\/em>di Sebastian Jaworski<\/h4>\n<\/div>\n<\/section>\n<div  class='avia-image-container  av-styling-    avia-builder-el-14  el_after_av_textblock  el_before_av_textblock  avia-align-center'  itemprop=\"image\" itemscope=\"itemscope\" itemtype=\"https:\/\/schema.org\/ImageObject\"  >\n<div class='avia-image-container-inner'>\n<div class='avia-image-overlay-wrap'><a href=\"https:\/\/www.flipsnack.com\/9C7C7C66AED\/main-brochure-2025-v5\/full-view.html\" class='avia_image' target=\"_blank\" rel=\"noopener noreferrer\"><img decoding=\"async\" width=\"2560\" height=\"1707\" class='wp-image-304884 avia-img-lazy-loading-not-304884 avia_image' src=\"https:\/\/www.procarton.com\/wp-content\/uploads\/2025\/07\/11419_0060-scaled.jpg\" alt='' title='11419_0060'  itemprop=\"thumbnailUrl\" srcset=\"https:\/\/www.procarton.com\/wp-content\/uploads\/2025\/07\/11419_0060-scaled.jpg 2560w, https:\/\/www.procarton.com\/wp-content\/uploads\/2025\/07\/11419_0060-300x200.jpg 300w, https:\/\/www.procarton.com\/wp-content\/uploads\/2025\/07\/11419_0060-1030x687.jpg 1030w, https:\/\/www.procarton.com\/wp-content\/uploads\/2025\/07\/11419_0060-768x512.jpg 768w, https:\/\/www.procarton.com\/wp-content\/uploads\/2025\/07\/11419_0060-1536x1024.jpg 1536w, https:\/\/www.procarton.com\/wp-content\/uploads\/2025\/07\/11419_0060-2048x1365.jpg 2048w, https:\/\/www.procarton.com\/wp-content\/uploads\/2025\/07\/11419_0060-18x12.jpg 18w, https:\/\/www.procarton.com\/wp-content\/uploads\/2025\/07\/11419_0060-1500x1000.jpg 1500w, https:\/\/www.procarton.com\/wp-content\/uploads\/2025\/07\/11419_0060-705x470.jpg 705w\" sizes=\"(max-width: 2560px) 100vw, 2560px\" \/><\/a><\/div>\n<\/div>\n<\/div>\n<section class=\"av_textblock_section\"  itemscope=\"itemscope\" itemtype=\"https:\/\/schema.org\/BlogPosting\" itemprop=\"blogPost\" >\n<div class='avia_textblock'   itemprop=\"text\" >\n<p><b>Eliminare la plastica<\/b><\/p>\n<p><strong>Istituto:<\/strong> Politecnica Bydgoska im. Jana e J\u0119drzeja \u015aniadeckich<br \/>\n<strong>Docente:<\/strong> Anita Szymankiewicz<br \/>\n<strong>Paese: <\/strong>Polonia<\/p>\n<p class=\"p1\">Questo concetto di packaging alternativo per Felicia Cosmetics esplora una direzione pi\u00f9 sostenibile per l'industria della bellezza, che elimina completamente l'uso della plastica senza compromettere la funzionalit\u00e0 o l'estetica. Utilizzando una quantit\u00e0 di materiale significativamente inferiore rispetto alle confezioni cosmetiche convenzionali, il progetto contribuisce ad aumentare la produzione per ciclo di produzione e a ridurre i tempi di lavorazione. Dal punto di vista visivo, abbraccia la semplicit\u00e0 minimalista e dimostra come le scelte sostenibili possano allinearsi ai valori dei marchi di fascia alta, dimostrando che meno pu\u00f2 davvero essere di pi\u00f9.<\/p>\n<\/div>\n<\/section>\n<\/div>\n<div class=\"av-animated-generic top-to-bottom flex_column av_one_full  flex_column_div av-zero-column-padding first  avia-builder-el-16  el_after_av_one_full  el_before_av_one_full  column-top-margin\" style='border-radius:0px; '>\n<section class=\"av_textblock_section\"  itemscope=\"itemscope\" itemtype=\"https:\/\/schema.org\/BlogPosting\" itemprop=\"blogPost\" >\n<div class='avia_textblock'   itemprop=\"text\" >\n<h4 style=\"text-align: center;\">VINCITORE DEL PREMIO DELLA GIURIA:<\/h4>\n<h4 style=\"text-align: center;\"><em>Tensum <\/em>di Elena Ghe\u021bu<\/h4>\n<\/div>\n<\/section>\n<div  class='avia-image-container  av-styling-    avia-builder-el-18  el_after_av_textblock  el_before_av_textblock  avia-align-center'  itemprop=\"image\" itemscope=\"itemscope\" itemtype=\"https:\/\/schema.org\/ImageObject\"  >\n<div class='avia-image-container-inner'>\n<div class='avia-image-overlay-wrap'><a href=\"https:\/\/www.flipsnack.com\/9C7C7C66AED\/main-brochure-2025-v5\/full-view.html\" class='avia_image' target=\"_blank\" rel=\"noopener noreferrer\"><img decoding=\"async\" width=\"2560\" height=\"1579\" class='wp-image-306780 avia-img-lazy-loading-not-306780 avia_image' src=\"https:\/\/www.procarton.com\/wp-content\/uploads\/2025\/09\/Tensum-scaled.jpg\" alt='' title='Tensum'  itemprop=\"thumbnailUrl\" srcset=\"https:\/\/www.procarton.com\/wp-content\/uploads\/2025\/09\/Tensum-scaled.jpg 2560w, https:\/\/www.procarton.com\/wp-content\/uploads\/2025\/09\/Tensum-300x185.jpg 300w, https:\/\/www.procarton.com\/wp-content\/uploads\/2025\/09\/Tensum-1030x635.jpg 1030w, https:\/\/www.procarton.com\/wp-content\/uploads\/2025\/09\/Tensum-768x474.jpg 768w, https:\/\/www.procarton.com\/wp-content\/uploads\/2025\/09\/Tensum-1536x948.jpg 1536w, https:\/\/www.procarton.com\/wp-content\/uploads\/2025\/09\/Tensum-2048x1263.jpg 2048w, https:\/\/www.procarton.com\/wp-content\/uploads\/2025\/09\/Tensum-18x12.jpg 18w, https:\/\/www.procarton.com\/wp-content\/uploads\/2025\/09\/Tensum-1500x925.jpg 1500w, https:\/\/www.procarton.com\/wp-content\/uploads\/2025\/09\/Tensum-705x435.jpg 705w\" sizes=\"(max-width: 2560px) 100vw, 2560px\" \/><\/a><\/div>\n<\/div>\n<\/div>\n<section class=\"av_textblock_section\"  itemscope=\"itemscope\" itemtype=\"https:\/\/schema.org\/BlogPosting\" itemprop=\"blogPost\" >\n<div class='avia_textblock'   itemprop=\"text\" >\n<p><strong>Audace e sfacciato<\/strong><\/p>\n<p><strong>Istituto:<\/strong> Universit\u00e0 di Arti e Design - Cluj-Napoca<br \/>\n<strong>Docente: <\/strong>Paul Cheptea<br \/>\n<strong>Paese: <\/strong>Romania<\/p>\n<p class=\"p1\">Tensum \u00e8 un concetto alternativo per le confezioni di preservativi che porta un tocco audace e sfacciato. A forma di libro in miniatura, ogni pagina rossa rivela un preservativo abbinato a un messaggio civettuolo. Il design incoraggia un'interazione giocosa quando gli utenti sfogliano il libro. Realizzato interamente con materiali riciclati, la copertina nera minimalista mantiene la discrezione e l'understatement, mentre l'interno rosso vivo accenna a qualcosa di pi\u00f9 audace. Questo design, che stimola la conversazione, dimostra che la sicurezza non deve essere per forza noiosa.<\/p>\n<\/div>\n<\/section>\n<\/div>\n<div class=\"av-animated-generic top-to-bottom flex_column av_one_full  flex_column_div av-zero-column-padding first  avia-builder-el-20  el_after_av_one_full  el_before_av_hr  column-top-margin\" style='border-radius:0px; '>\n<section class=\"av_textblock_section\"  itemscope=\"itemscope\" itemtype=\"https:\/\/schema.org\/BlogPosting\" itemprop=\"blogPost\" >\n<div class='avia_textblock'   itemprop=\"text\" >\n<h4 style=\"text-align: center;\">Vincitore del premio del pubblico:<\/h4>\n<h4 style=\"text-align: center;\"><em>Fold'n'Hold<\/em> di Ece Naz Ta\u015f, Zeynep Cant\u00fcrk &amp; Serra Ka\u011f\u0131tc\u0131<\/h4>\n<\/div>\n<\/section>\n<div  class='avia-image-container  av-styling-    avia-builder-el-22  el_after_av_textblock  el_before_av_textblock  avia-align-center'  itemprop=\"image\" itemscope=\"itemscope\" itemtype=\"https:\/\/schema.org\/ImageObject\"  >\n<div class='avia-image-container-inner'>\n<div class='avia-image-overlay-wrap'><a href=\"https:\/\/www.flipsnack.com\/9C7C7C66AED\/main-brochure-2025-v5\/full-view.html\" class='avia_image' target=\"_blank\" rel=\"noopener noreferrer\"><img decoding=\"async\" width=\"2560\" height=\"1707\" class='wp-image-304931 avia-img-lazy-loading-not-304931 avia_image' src=\"https:\/\/www.procarton.com\/wp-content\/uploads\/2025\/07\/11419_0036-scaled.jpg\" alt='-302393' title='-302393-'  itemprop=\"thumbnailUrl\" srcset=\"https:\/\/www.procarton.com\/wp-content\/uploads\/2025\/07\/11419_0036-scaled.jpg 2560w, https:\/\/www.procarton.com\/wp-content\/uploads\/2025\/07\/11419_0036-300x200.jpg 300w, https:\/\/www.procarton.com\/wp-content\/uploads\/2025\/07\/11419_0036-1030x687.jpg 1030w, https:\/\/www.procarton.com\/wp-content\/uploads\/2025\/07\/11419_0036-768x512.jpg 768w, https:\/\/www.procarton.com\/wp-content\/uploads\/2025\/07\/11419_0036-1536x1024.jpg 1536w, https:\/\/www.procarton.com\/wp-content\/uploads\/2025\/07\/11419_0036-2048x1365.jpg 2048w, https:\/\/www.procarton.com\/wp-content\/uploads\/2025\/07\/11419_0036-18x12.jpg 18w, https:\/\/www.procarton.com\/wp-content\/uploads\/2025\/07\/11419_0036-1500x1000.jpg 1500w, https:\/\/www.procarton.com\/wp-content\/uploads\/2025\/07\/11419_0036-705x470.jpg 705w\" sizes=\"(max-width: 2560px) 100vw, 2560px\" \/><\/a><\/div>\n<\/div>\n<\/div>\n<section class=\"av_textblock_section\"  itemscope=\"itemscope\" itemtype=\"https:\/\/schema.org\/BlogPosting\" itemprop=\"blogPost\" >\n<div class='avia_textblock'   itemprop=\"text\" >\n<p><strong>Leggero, ma super resistente<\/strong><\/p>\n<p><strong>Istituto:<\/strong> Universit\u00e0 tecnica del Medio Oriente<br \/>\n<strong>Docente: <\/strong>Damla T\u00f6n\u00fck<br \/>\n<strong>Paese: <\/strong>Turchia<\/p>\n<p class=\"p1\">Fold'n'Hold \u00e8 un innovativo trasportatore progettato per contenere senza sforzo da quattro a sei bevande con un unico, facile movimento. Quando non viene utilizzato, si piega completamente per essere riposto e trasportato comodamente. Nonostante l'uso minimalista dei materiali, Fold'n'Hold \u00e8 eccezionalmente robusto e in grado di sostenere fino a 40 volte il suo peso.<\/p>\n<p class=\"p1\">Il suo design adattabile si adatta a un'ampia gamma di ambienti, dalle caffetterie ai festival musicali, e pu\u00f2 essere facilmente personalizzato per adattarsi a diversi stili o estetiche di branding.<\/p>\n<\/div>\n<\/section>\n<\/div>\n<div   class='hr hr-default   avia-builder-el-24  el_after_av_one_full  el_before_av_one_full'><span class='hr-inner' ><span class='hr-inner-style'><\/span><\/span><\/div>\n<div class=\"av-animated-generic top-to-bottom flex_column av_one_full  flex_column_div av-zero-column-padding first  avia-builder-el-25  el_after_av_hr  avia-builder-el-last\" style='border-radius:0px; '>\n<div  class='avia-button-wrap avia-button-center  avia-builder-el-26  avia-builder-el-no-sibling' ><a href='https:\/\/www.procarton.com\/?page_id=306530' class='avia-button  avia-color-theme-color   avia-icon_select-no avia-size-small avia-position-center' target=\"_blank\" rel=\"noopener noreferrer\"><span class='avia_iconbox_title' >Vedere i progetti vincitori del PCYDA 2025 qui<\/span><\/a><\/div>\n<\/div>","protected":false},"excerpt":{"rendered":"<p>I vincitori di Pro Carton Young Designer Award (PCYDA) 2025 dimostrano innovazione e creativit\u00e0 con progetti unici di imballaggi in cartoncino<\/p>","protected":false},"author":5916,"featured_media":305156,"comment_status":"closed","ping_status":"open","sticky":false,"template":"","format":"standard","meta":{"inline_featured_image":false,"footnotes":""},"categories":[42,242,52],"tags":[],"class_list":["post-306307","post","type-post","status-publish","format-standard","has-post-thumbnail","hentry","category-awards","category-procarton","category-sustainability"],"yoast_head":"<!-- This site is optimized with the Yoast SEO plugin v27.4 - https:\/\/yoast.com\/product\/yoast-seo-wordpress\/ -->\n<title>Pro Carton Young Designers 2025 Award winners announced - Pro Carton<\/title>\n<meta name=\"description\" content=\"Pro Carton Young Designer Award (PCYDA) 2025 winners demonstrate innovation and creativity with unique cartonboard packaging designs\" \/>\n<meta name=\"robots\" content=\"index, follow, max-snippet:-1, max-image-preview:large, max-video-preview:-1\" \/>\n<link rel=\"canonical\" href=\"https:\/\/www.procarton.com\/it\/pro-carton-young-designers-2025-award-winners-announced-2\/\" \/>\n<meta property=\"og:locale\" content=\"it_IT\" \/>\n<meta property=\"og:type\" content=\"article\" \/>\n<meta property=\"og:title\" content=\"Pro Carton Young Designers 2025 Award winners announced - Pro Carton\" \/>\n<meta property=\"og:description\" content=\"Pro Carton Young Designer Award (PCYDA) 2025 winners demonstrate innovation and creativity with unique cartonboard packaging designs\" \/>\n<meta property=\"og:url\" content=\"https:\/\/www.procarton.com\/it\/pro-carton-young-designers-2025-award-winners-announced-2\/\" \/>\n<meta property=\"og:site_name\" content=\"Pro Carton\" \/>\n<meta property=\"article:publisher\" content=\"https:\/\/www.facebook.com\/procartondesignaward\/\" \/>\n<meta property=\"article:published_time\" content=\"2025-09-18T21:48:28+00:00\" \/>\n<meta property=\"article:modified_time\" content=\"2025-09-20T15:10:03+00:00\" \/>\n<meta property=\"og:image\" content=\"https:\/\/www.procarton.com\/wp-content\/uploads\/2025\/07\/11419_0065-4-scaled.png\" \/>\n\t<meta property=\"og:image:width\" content=\"2560\" \/>\n\t<meta property=\"og:image:height\" content=\"1707\" \/>\n\t<meta property=\"og:image:type\" content=\"image\/png\" \/>\n<meta name=\"author\" content=\"Brendan Khoo\" \/>\n<meta name=\"twitter:card\" content=\"summary_large_image\" \/>\n<meta name=\"twitter:creator\" content=\"@pro_carton\" \/>\n<meta name=\"twitter:site\" content=\"@pro_carton\" \/>\n<meta name=\"twitter:label1\" content=\"Scritto da\" \/>\n\t<meta name=\"twitter:data1\" content=\"Brendan Khoo\" \/>\n\t<meta name=\"twitter:label2\" content=\"Tempo di lettura stimato\" \/>\n\t<meta name=\"twitter:data2\" content=\"7 minuti\" \/>\n<script type=\"application\/ld+json\" class=\"yoast-schema-graph\">{\"@context\":\"https:\\\/\\\/schema.org\",\"@graph\":[{\"@type\":\"Article\",\"@id\":\"https:\\\/\\\/www.procarton.com\\\/pro-carton-young-designers-2025-award-winners-announced-2\\\/#article\",\"isPartOf\":{\"@id\":\"https:\\\/\\\/www.procarton.com\\\/pro-carton-young-designers-2025-award-winners-announced-2\\\/\"},\"author\":{\"name\":\"Brendan Khoo\",\"@id\":\"https:\\\/\\\/www.procarton.com\\\/es\\\/#\\\/schema\\\/person\\\/9e9026b3d0c0a861b735a0878608000f\"},\"headline\":\"Pro Carton Young Designers 2025 Award winners announced\",\"datePublished\":\"2025-09-18T21:48:28+00:00\",\"dateModified\":\"2025-09-20T15:10:03+00:00\",\"mainEntityOfPage\":{\"@id\":\"https:\\\/\\\/www.procarton.com\\\/pro-carton-young-designers-2025-award-winners-announced-2\\\/\"},\"wordCount\":2901,\"publisher\":{\"@id\":\"https:\\\/\\\/www.procarton.com\\\/es\\\/#organization\"},\"image\":{\"@id\":\"https:\\\/\\\/www.procarton.com\\\/pro-carton-young-designers-2025-award-winners-announced-2\\\/#primaryimage\"},\"thumbnailUrl\":\"https:\\\/\\\/www.procarton.com\\\/wp-content\\\/uploads\\\/2025\\\/07\\\/11419_0065-4-scaled.png\",\"articleSection\":[\"Awards\",\"Pro Carton\",\"Sustainability\"],\"inLanguage\":\"it-IT\"},{\"@type\":\"WebPage\",\"@id\":\"https:\\\/\\\/www.procarton.com\\\/pro-carton-young-designers-2025-award-winners-announced-2\\\/\",\"url\":\"https:\\\/\\\/www.procarton.com\\\/pro-carton-young-designers-2025-award-winners-announced-2\\\/\",\"name\":\"Pro Carton Young Designers 2025 Award winners announced - Pro Carton\",\"isPartOf\":{\"@id\":\"https:\\\/\\\/www.procarton.com\\\/es\\\/#website\"},\"primaryImageOfPage\":{\"@id\":\"https:\\\/\\\/www.procarton.com\\\/pro-carton-young-designers-2025-award-winners-announced-2\\\/#primaryimage\"},\"image\":{\"@id\":\"https:\\\/\\\/www.procarton.com\\\/pro-carton-young-designers-2025-award-winners-announced-2\\\/#primaryimage\"},\"thumbnailUrl\":\"https:\\\/\\\/www.procarton.com\\\/wp-content\\\/uploads\\\/2025\\\/07\\\/11419_0065-4-scaled.png\",\"datePublished\":\"2025-09-18T21:48:28+00:00\",\"dateModified\":\"2025-09-20T15:10:03+00:00\",\"description\":\"Pro Carton Young Designer Award (PCYDA) 2025 winners demonstrate innovation and creativity with unique cartonboard packaging designs\",\"breadcrumb\":{\"@id\":\"https:\\\/\\\/www.procarton.com\\\/pro-carton-young-designers-2025-award-winners-announced-2\\\/#breadcrumb\"},\"inLanguage\":\"it-IT\",\"potentialAction\":[{\"@type\":\"ReadAction\",\"target\":[\"https:\\\/\\\/www.procarton.com\\\/pro-carton-young-designers-2025-award-winners-announced-2\\\/\"]}]},{\"@type\":\"ImageObject\",\"inLanguage\":\"it-IT\",\"@id\":\"https:\\\/\\\/www.procarton.com\\\/pro-carton-young-designers-2025-award-winners-announced-2\\\/#primaryimage\",\"url\":\"https:\\\/\\\/www.procarton.com\\\/wp-content\\\/uploads\\\/2025\\\/07\\\/11419_0065-4-scaled.png\",\"contentUrl\":\"https:\\\/\\\/www.procarton.com\\\/wp-content\\\/uploads\\\/2025\\\/07\\\/11419_0065-4-scaled.png\",\"width\":2560,\"height\":1707,\"caption\":\"-302800\"},{\"@type\":\"BreadcrumbList\",\"@id\":\"https:\\\/\\\/www.procarton.com\\\/pro-carton-young-designers-2025-award-winners-announced-2\\\/#breadcrumb\",\"itemListElement\":[{\"@type\":\"ListItem\",\"position\":1,\"name\":\"Home\",\"item\":\"https:\\\/\\\/www.procarton.com\\\/\"},{\"@type\":\"ListItem\",\"position\":2,\"name\":\"Pro Carton Young Designers 2025 Award winners announced\"}]},{\"@type\":\"WebSite\",\"@id\":\"https:\\\/\\\/www.procarton.com\\\/es\\\/#website\",\"url\":\"https:\\\/\\\/www.procarton.com\\\/es\\\/\",\"name\":\"Pro Carton\",\"description\":\"\",\"publisher\":{\"@id\":\"https:\\\/\\\/www.procarton.com\\\/es\\\/#organization\"},\"potentialAction\":[{\"@type\":\"SearchAction\",\"target\":{\"@type\":\"EntryPoint\",\"urlTemplate\":\"https:\\\/\\\/www.procarton.com\\\/es\\\/?s={search_term_string}\"},\"query-input\":{\"@type\":\"PropertyValueSpecification\",\"valueRequired\":true,\"valueName\":\"search_term_string\"}}],\"inLanguage\":\"it-IT\"},{\"@type\":\"Organization\",\"@id\":\"https:\\\/\\\/www.procarton.com\\\/es\\\/#organization\",\"name\":\"ProCarton\",\"url\":\"https:\\\/\\\/www.procarton.com\\\/es\\\/\",\"logo\":{\"@type\":\"ImageObject\",\"inLanguage\":\"it-IT\",\"@id\":\"https:\\\/\\\/www.procarton.com\\\/es\\\/#\\\/schema\\\/logo\\\/image\\\/\",\"url\":\"https:\\\/\\\/www.procarton.com\\\/wp-content\\\/uploads\\\/2022\\\/06\\\/logo-mit-slogan.jpg\",\"contentUrl\":\"https:\\\/\\\/www.procarton.com\\\/wp-content\\\/uploads\\\/2022\\\/06\\\/logo-mit-slogan.jpg\",\"width\":422,\"height\":519,\"caption\":\"ProCarton\"},\"image\":{\"@id\":\"https:\\\/\\\/www.procarton.com\\\/es\\\/#\\\/schema\\\/logo\\\/image\\\/\"},\"sameAs\":[\"https:\\\/\\\/www.facebook.com\\\/procartondesignaward\\\/\",\"https:\\\/\\\/x.com\\\/pro_carton\"]},{\"@type\":\"Person\",\"@id\":\"https:\\\/\\\/www.procarton.com\\\/es\\\/#\\\/schema\\\/person\\\/9e9026b3d0c0a861b735a0878608000f\",\"name\":\"Brendan Khoo\",\"url\":\"https:\\\/\\\/www.procarton.com\\\/it\\\/author\\\/khooprocarton-com\\\/\"}]}<\/script>\n<!-- \/ Yoast SEO plugin. -->","yoast_head_json":{"title":"Annunciati i vincitori di Pro Carton Young Designers 2025 Award - Pro Carton","description":"I vincitori di Pro Carton Young Designer Award (PCYDA) 2025 dimostrano innovazione e creativit\u00e0 con progetti unici di imballaggi in cartoncino","robots":{"index":"index","follow":"follow","max-snippet":"max-snippet:-1","max-image-preview":"max-image-preview:large","max-video-preview":"max-video-preview:-1"},"canonical":"https:\/\/www.procarton.com\/it\/pro-carton-young-designers-2025-award-winners-announced-2\/","og_locale":"it_IT","og_type":"article","og_title":"Pro Carton Young Designers 2025 Award winners announced - Pro Carton","og_description":"Pro Carton Young Designer Award (PCYDA) 2025 winners demonstrate innovation and creativity with unique cartonboard packaging designs","og_url":"https:\/\/www.procarton.com\/it\/pro-carton-young-designers-2025-award-winners-announced-2\/","og_site_name":"Pro Carton","article_publisher":"https:\/\/www.facebook.com\/procartondesignaward\/","article_published_time":"2025-09-18T21:48:28+00:00","article_modified_time":"2025-09-20T15:10:03+00:00","og_image":[{"width":2560,"height":1707,"url":"https:\/\/www.procarton.com\/wp-content\/uploads\/2025\/07\/11419_0065-4-scaled.png","type":"image\/png"}],"author":"Brendan Khoo","twitter_card":"summary_large_image","twitter_creator":"@pro_carton","twitter_site":"@pro_carton","twitter_misc":{"Scritto da":"Brendan Khoo","Tempo di lettura stimato":"7 minuti"},"schema":{"@context":"https:\/\/schema.org","@graph":[{"@type":"Article","@id":"https:\/\/www.procarton.com\/pro-carton-young-designers-2025-award-winners-announced-2\/#article","isPartOf":{"@id":"https:\/\/www.procarton.com\/pro-carton-young-designers-2025-award-winners-announced-2\/"},"author":{"name":"Brendan Khoo","@id":"https:\/\/www.procarton.com\/es\/#\/schema\/person\/9e9026b3d0c0a861b735a0878608000f"},"headline":"Pro Carton Young Designers 2025 Award winners announced","datePublished":"2025-09-18T21:48:28+00:00","dateModified":"2025-09-20T15:10:03+00:00","mainEntityOfPage":{"@id":"https:\/\/www.procarton.com\/pro-carton-young-designers-2025-award-winners-announced-2\/"},"wordCount":2901,"publisher":{"@id":"https:\/\/www.procarton.com\/es\/#organization"},"image":{"@id":"https:\/\/www.procarton.com\/pro-carton-young-designers-2025-award-winners-announced-2\/#primaryimage"},"thumbnailUrl":"https:\/\/www.procarton.com\/wp-content\/uploads\/2025\/07\/11419_0065-4-scaled.png","articleSection":["Awards","Pro Carton","Sustainability"],"inLanguage":"it-IT"},{"@type":"WebPage","@id":"https:\/\/www.procarton.com\/pro-carton-young-designers-2025-award-winners-announced-2\/","url":"https:\/\/www.procarton.com\/pro-carton-young-designers-2025-award-winners-announced-2\/","name":"Annunciati i vincitori di Pro Carton Young Designers 2025 Award - Pro Carton","isPartOf":{"@id":"https:\/\/www.procarton.com\/es\/#website"},"primaryImageOfPage":{"@id":"https:\/\/www.procarton.com\/pro-carton-young-designers-2025-award-winners-announced-2\/#primaryimage"},"image":{"@id":"https:\/\/www.procarton.com\/pro-carton-young-designers-2025-award-winners-announced-2\/#primaryimage"},"thumbnailUrl":"https:\/\/www.procarton.com\/wp-content\/uploads\/2025\/07\/11419_0065-4-scaled.png","datePublished":"2025-09-18T21:48:28+00:00","dateModified":"2025-09-20T15:10:03+00:00","description":"I vincitori di Pro Carton Young Designer Award (PCYDA) 2025 dimostrano innovazione e creativit\u00e0 con progetti unici di imballaggi in cartoncino","breadcrumb":{"@id":"https:\/\/www.procarton.com\/pro-carton-young-designers-2025-award-winners-announced-2\/#breadcrumb"},"inLanguage":"it-IT","potentialAction":[{"@type":"ReadAction","target":["https:\/\/www.procarton.com\/pro-carton-young-designers-2025-award-winners-announced-2\/"]}]},{"@type":"ImageObject","inLanguage":"it-IT","@id":"https:\/\/www.procarton.com\/pro-carton-young-designers-2025-award-winners-announced-2\/#primaryimage","url":"https:\/\/www.procarton.com\/wp-content\/uploads\/2025\/07\/11419_0065-4-scaled.png","contentUrl":"https:\/\/www.procarton.com\/wp-content\/uploads\/2025\/07\/11419_0065-4-scaled.png","width":2560,"height":1707,"caption":"-302800"},{"@type":"BreadcrumbList","@id":"https:\/\/www.procarton.com\/pro-carton-young-designers-2025-award-winners-announced-2\/#breadcrumb","itemListElement":[{"@type":"ListItem","position":1,"name":"Home","item":"https:\/\/www.procarton.com\/"},{"@type":"ListItem","position":2,"name":"Pro Carton Young Designers 2025 Award winners announced"}]},{"@type":"WebSite","@id":"https:\/\/www.procarton.com\/es\/#website","url":"https:\/\/www.procarton.com\/es\/","name":"Pro Carton","description":"","publisher":{"@id":"https:\/\/www.procarton.com\/es\/#organization"},"potentialAction":[{"@type":"SearchAction","target":{"@type":"EntryPoint","urlTemplate":"https:\/\/www.procarton.com\/es\/?s={search_term_string}"},"query-input":{"@type":"PropertyValueSpecification","valueRequired":true,"valueName":"search_term_string"}}],"inLanguage":"it-IT"},{"@type":"Organization","@id":"https:\/\/www.procarton.com\/es\/#organization","name":"ProCarton","url":"https:\/\/www.procarton.com\/es\/","logo":{"@type":"ImageObject","inLanguage":"it-IT","@id":"https:\/\/www.procarton.com\/es\/#\/schema\/logo\/image\/","url":"https:\/\/www.procarton.com\/wp-content\/uploads\/2022\/06\/logo-mit-slogan.jpg","contentUrl":"https:\/\/www.procarton.com\/wp-content\/uploads\/2022\/06\/logo-mit-slogan.jpg","width":422,"height":519,"caption":"ProCarton"},"image":{"@id":"https:\/\/www.procarton.com\/es\/#\/schema\/logo\/image\/"},"sameAs":["https:\/\/www.facebook.com\/procartondesignaward\/","https:\/\/x.com\/pro_carton"]},{"@type":"Person","@id":"https:\/\/www.procarton.com\/es\/#\/schema\/person\/9e9026b3d0c0a861b735a0878608000f","name":"Brendan Khoo","url":"https:\/\/www.procarton.com\/it\/author\/khooprocarton-com\/"}]}},"_links":{"self":[{"href":"https:\/\/www.procarton.com\/it\/wp-json\/wp\/v2\/posts\/306307","targetHints":{"allow":["GET"]}}],"collection":[{"href":"https:\/\/www.procarton.com\/it\/wp-json\/wp\/v2\/posts"}],"about":[{"href":"https:\/\/www.procarton.com\/it\/wp-json\/wp\/v2\/types\/post"}],"author":[{"embeddable":true,"href":"https:\/\/www.procarton.com\/it\/wp-json\/wp\/v2\/users\/5916"}],"replies":[{"embeddable":true,"href":"https:\/\/www.procarton.com\/it\/wp-json\/wp\/v2\/comments?post=306307"}],"version-history":[{"count":14,"href":"https:\/\/www.procarton.com\/it\/wp-json\/wp\/v2\/posts\/306307\/revisions"}],"predecessor-version":[{"id":306936,"href":"https:\/\/www.procarton.com\/it\/wp-json\/wp\/v2\/posts\/306307\/revisions\/306936"}],"wp:featuredmedia":[{"embeddable":true,"href":"https:\/\/www.procarton.com\/it\/wp-json\/wp\/v2\/media\/305156"}],"wp:attachment":[{"href":"https:\/\/www.procarton.com\/it\/wp-json\/wp\/v2\/media?parent=306307"}],"wp:term":[{"taxonomy":"category","embeddable":true,"href":"https:\/\/www.procarton.com\/it\/wp-json\/wp\/v2\/categories?post=306307"},{"taxonomy":"post_tag","embeddable":true,"href":"https:\/\/www.procarton.com\/it\/wp-json\/wp\/v2\/tags?post=306307"}],"curies":[{"name":"wp","href":"https:\/\/api.w.org\/{rel}","templated":true}]}}