{"id":293392,"date":"2023-11-28T21:22:22","date_gmt":"2023-11-28T21:22:22","guid":{"rendered":"https:\/\/www.procarton.com\/?p=293392"},"modified":"2023-12-03T21:43:49","modified_gmt":"2023-12-03T21:43:49","slug":"pro-carton-awards-return-to-inspire-the-next-generation-of-packaging-enthusiasts","status":"publish","type":"post","link":"https:\/\/www.procarton.com\/it\/pro-carton-awards-return-to-inspire-the-next-generation-of-packaging-enthusiasts\/","title":{"rendered":"Pro Carton Awards ritorna per ispirare la prossima generazione di appassionati di packaging"},"content":{"rendered":"<div class=\"av-animated-generic top-to-bottom flex_column av_one_full  flex_column_div av-zero-column-padding first  avia-builder-el-0  el_before_av_one_half  avia-builder-el-first\" style='border-radius:0px; '>\n<section class=\"av_textblock_section\"  itemscope=\"itemscope\" itemtype=\"https:\/\/schema.org\/BlogPosting\" itemprop=\"blogPost\" >\n<div class='avia_textblock'   itemprop=\"text\" >\n<h5 style=\"text-align: center;\">Sono aperte le iscrizioni ai concorsi Pro Carton Young Designers Award (PCYDA) e Pro (PCSVA) del 2024 per trovare la prossima generazione di innovatori del cartone.<\/h5>\n<\/div>\n<\/section>\n<div  style='height:30px' class='hr hr-invisible   avia-builder-el-2  el_after_av_textblock  el_before_av_textblock'><span class='hr-inner' ><span class='hr-inner-style'><\/span><\/span><\/div>\n<section class=\"av_textblock_section\"  itemscope=\"itemscope\" itemtype=\"https:\/\/schema.org\/BlogPosting\" itemprop=\"blogPost\" >\n<div class='avia_textblock'   itemprop=\"text\" >\n<p>Iscrizioni per il 2024 <a href=\"https:\/\/www.procarton.com\/awards\/pro-carton-young-designers-award\/\" target=\"_blank\" rel=\"noopener\">Pro Carton Young Designers Award<\/a> (PCYDA) e <a href=\"https:\/\/www.procarton.com\/awards\/pro-carton-student-video-award\/\" target=\"_blank\" rel=\"noopener\">Pro Carton Student Video Award<\/a> (PCSVA) sono ufficialmente aperti.  Contribuendo a promuovere l'innovazione dell'imballaggio sostenibile in Europa, il PCYDA e il PCSVA celebrano i talenti emergenti nel campo della progettazione di imballaggi sostenibili e della cinematografia.  Entrambi i concorsi, a partecipazione gratuita, incoraggiano gli studenti a conoscere l'industria dell'imballaggio, offrendo loro la possibilit\u00e0 di migliorare le proprie capacit\u00e0 creative.<\/p>\n<\/div>\n<\/section>\n<\/div>\n<div class=\"av-animated-generic top-to-bottom flex_column av_one_half  flex_column_div av-zero-column-padding first  avia-builder-el-4  el_after_av_one_full  el_before_av_one_half  column-top-margin\" style='border-radius:0px; '>\n<div  class='avia-image-container  av-styling-    avia-builder-el-5  el_before_av_textblock  avia-builder-el-first  avia-align-center'  itemprop=\"image\" itemscope=\"itemscope\" itemtype=\"https:\/\/schema.org\/ImageObject\"  >\n<div class='avia-image-container-inner'>\n<div class='avia-image-overlay-wrap'><a href=\"https:\/\/www.procarton.com\/awards\/pro-carton-young-designers-award\/\" class='avia_image' target=\"_blank\" rel=\"noopener noreferrer\"><img decoding=\"async\" width=\"300\" height=\"171\" class='wp-image-292403 avia-img-lazy-loading-not-292403 avia_image' src=\"https:\/\/www.procarton.com\/wp-content\/uploads\/2023\/10\/Award-logos_PCYDA-2024-300x171.png\" alt='' title='Award loghi_PCYDA 2024'  itemprop=\"thumbnailUrl\" srcset=\"https:\/\/www.procarton.com\/wp-content\/uploads\/2023\/10\/Award-logos_PCYDA-2024-300x171.png 300w, https:\/\/www.procarton.com\/wp-content\/uploads\/2023\/10\/Award-logos_PCYDA-2024-768x437.png 768w, https:\/\/www.procarton.com\/wp-content\/uploads\/2023\/10\/Award-logos_PCYDA-2024-18x10.png 18w, https:\/\/www.procarton.com\/wp-content\/uploads\/2023\/10\/Award-logos_PCYDA-2024-705x401.png 705w, https:\/\/www.procarton.com\/wp-content\/uploads\/2023\/10\/Award-logos_PCYDA-2024.png 1004w\" sizes=\"(max-width: 300px) 100vw, 300px\" \/><\/a><\/div>\n<\/div>\n<\/div>\n<section class=\"av_textblock_section\"  itemscope=\"itemscope\" itemtype=\"https:\/\/schema.org\/BlogPosting\" itemprop=\"blogPost\" >\n<div class='avia_textblock'   itemprop=\"text\" >\n<h5 style=\"text-align: center;\"><strong>Pro Carton Young Designers Award<\/strong><\/h5>\n<p>L'Pro Carton Young Designers Award continua a essere una piattaforma prestigiosa per i giovani designer di talento che possono mostrare le loro capacit\u00e0 e lasciare il segno nel settore dell'imballaggio sostenibile.  Questo premio offre agli studenti la possibilit\u00e0 di essere pionieri e di presentare le loro idee innovative in tre categorie: Imballaggi creativi in cartone: Alimenti e bevande, Imballaggi creativi in cartoncino: Tutti gli altri e Sostenibilit\u00e0 Award.  Questo concorso offre agli studenti l'opportunit\u00e0 di acquisire esperienze di apprendimento al di fuori della classe, di creare reti di contatti, di creare opportunit\u00e0 di lavoro e di vincere premi interessanti.<\/p>\n<p>I premi 2023 sono stati assegnati allo studente britannico Nang Htwe Htwe Lwin, designer di UrbanBITE, per la categoria Creative Cartonboard Packaging: Food &amp; Drink, al trio Maria Paula Monroy Vargas, Sarah Drauschke e Margo Rindle della FH M\u00fcnster - MSD M\u00fcnster School of Design in Germania per la categoria Creative Cartonboard Packaging: All Other, e Johannes Nyborg Heyning dell'Arkitektur - og designh\u00f8gskolen di Oslo si \u00e8 aggiudicato il Sustainability Award per il progetto Tapout.<\/p>\n<\/div>\n<\/section>\n<div   class='hr hr-default   avia-builder-el-7  el_after_av_textblock  el_before_av_textblock'><span class='hr-inner' ><span class='hr-inner-style'><\/span><\/span><\/div>\n<section class=\"av_textblock_section\"  itemscope=\"itemscope\" itemtype=\"https:\/\/schema.org\/BlogPosting\" itemprop=\"blogPost\" >\n<div class='avia_textblock'   itemprop=\"text\" >\n<h5 style=\"text-align: center;\"><strong><a href=\"https:\/\/www.procarton.com\/awards\/pro-carton-young-designers-award\/pro-carton-young-designers-award-2023\/winners\/\" target=\"_blank\" rel=\"noopener\">2023 Vincitori PCYDA Award<\/a><\/strong><\/h5>\n<\/div>\n<\/section>\n<\/div>\n<div class=\"av-animated-generic top-to-bottom flex_column av_one_half  flex_column_div av-zero-column-padding   avia-builder-el-9  el_after_av_one_half  el_before_av_hr  column-top-margin\" style='border-radius:0px; '>\n<div  class='avia-image-container  av-styling-    avia-builder-el-10  el_before_av_textblock  avia-builder-el-first  avia-align-center'  itemprop=\"image\" itemscope=\"itemscope\" itemtype=\"https:\/\/schema.org\/ImageObject\"  >\n<div class='avia-image-container-inner'>\n<div class='avia-image-overlay-wrap'><a href=\"https:\/\/www.procarton.com\/awards\/pro-carton-student-video-award\/\" class='avia_image' target=\"_blank\" rel=\"noopener noreferrer\"><img decoding=\"async\" width=\"300\" height=\"171\" class='wp-image-292401 avia-img-lazy-loading-not-292401 avia_image' src=\"https:\/\/www.procarton.com\/wp-content\/uploads\/2023\/10\/Award-logo_PCSVA-2024-300x171.png\" alt='' title='Award logo_PCSVA 2024'  itemprop=\"thumbnailUrl\" srcset=\"https:\/\/www.procarton.com\/wp-content\/uploads\/2023\/10\/Award-logo_PCSVA-2024-300x171.png 300w, https:\/\/www.procarton.com\/wp-content\/uploads\/2023\/10\/Award-logo_PCSVA-2024-768x437.png 768w, https:\/\/www.procarton.com\/wp-content\/uploads\/2023\/10\/Award-logo_PCSVA-2024-18x10.png 18w, https:\/\/www.procarton.com\/wp-content\/uploads\/2023\/10\/Award-logo_PCSVA-2024-705x401.png 705w, https:\/\/www.procarton.com\/wp-content\/uploads\/2023\/10\/Award-logo_PCSVA-2024.png 1003w\" sizes=\"(max-width: 300px) 100vw, 300px\" \/><\/a><\/div>\n<\/div>\n<\/div>\n<section class=\"av_textblock_section\"  itemscope=\"itemscope\" itemtype=\"https:\/\/schema.org\/BlogPosting\" itemprop=\"blogPost\" >\n<div class='avia_textblock'   itemprop=\"text\" >\n<h5 style=\"text-align: center;\"><strong>Il video per studenti Pro Carton Award<\/strong><\/h5>\n<p>L'Pro Carton Student Video Award invita i giovani aspiranti videografi a produrre video avvincenti che mettano in evidenza la versatilit\u00e0, la sostenibilit\u00e0 e l'innovazione degli imballaggi in cartone.  Questo premio consente agli studenti di spiegare in modo unico e accattivante i vantaggi del cartone nella vita di tutti i giorni; i migliori lavori saranno premiati con denaro.<\/p>\n<p>Il vincitore dell'Pro Carton Student Video Award 2023 \u00e8 stato The PRO's of Carton, filmato e montato da Jasmin Hein e Sofia Rohnefeld della H\u00f6here Graphische Bundes- Lehr- und Versuchsanstalt in Austria.<\/p>\n<p>L'anno scorso, il Pro Carton Young Designer's Award ha ricevuto oltre 750 candidature uniche da 30 Paesi, mentre l'Pro Carton Student Video Award ha ricevuto 33 candidature da 17 Paesi.  Oltre al premio in denaro per l'opera vincitrice, tutti i vincitori saranno invitati alla cerimonia ufficiale di premiazione, che si terr\u00e0 il 19 settembre a Berlino, in Germania, in occasione del congresso annuale della European Carton Makers Association (ECMA).  Alla cerimonia parteciperanno anche i famosi European Carton Excellence Award.<\/p>\n<\/div>\n<\/section>\n<div   class='hr hr-default   avia-builder-el-12  el_after_av_textblock  el_before_av_textblock'><span class='hr-inner' ><span class='hr-inner-style'><\/span><\/span><\/div>\n<section class=\"av_textblock_section\"  itemscope=\"itemscope\" itemtype=\"https:\/\/schema.org\/BlogPosting\" itemprop=\"blogPost\" >\n<div class='avia_textblock'   itemprop=\"text\" >\n<h5 style=\"text-align: center;\"><strong><a href=\"https:\/\/www.procarton.com\/awards\/pro-carton-student-video-award\/2023-2\/winners\/\" target=\"_blank\" rel=\"noopener\">2023 Vincitori PCSVA Award<\/a><\/strong><\/h5>\n<\/div>\n<\/section>\n<\/div>\n<div   class='hr hr-default   avia-builder-el-14  el_after_av_one_half  el_before_av_one_full'><span class='hr-inner' ><span class='hr-inner-style'><\/span><\/span><\/div>\n<div class=\"av-animated-generic top-to-bottom flex_column av_one_full  flex_column_div av-zero-column-padding first  avia-builder-el-15  el_after_av_hr  avia-builder-el-last\" style='border-radius:0px; '>\n<section class=\"av_textblock_section\"  itemscope=\"itemscope\" itemtype=\"https:\/\/schema.org\/BlogPosting\" itemprop=\"blogPost\" >\n<div class='avia_textblock'   itemprop=\"text\" >\n<p><strong>Winfried Muehling, direttore marketing e comunicazione di Pro Carton, ha commentato,<\/strong><\/p>\n<blockquote>\n<p>\"Sia l'Pro Carton Young Designers Award che l'Pro Carton Student Video Award offrono una fantastica opportunit\u00e0 alla futura generazione di appassionati di packaging di mostrare il proprio talento e, naturalmente, la versatilit\u00e0 del cartone.  Estenderemo ulteriormente l'opportunit\u00e0 di apprendimento per consentire agli studenti di vendere in modo professionale i loro rispettivi progetti.  \u00c8 anche un'opportunit\u00e0 per l'industria di dimostrare le interessanti opportunit\u00e0 di lavoro per i giovani laureati. Non vediamo l'ora di celebrare ancora una volta i progetti creativi e stimolanti presentati per il 2024\".<\/p>\n<\/blockquote>\n<\/div>\n<\/section>\n<section class=\"av_textblock_section\"  itemscope=\"itemscope\" itemtype=\"https:\/\/schema.org\/BlogPosting\" itemprop=\"blogPost\" >\n<div class='avia_textblock'   itemprop=\"text\" >\n<h4 style=\"text-align: center;\"><strong>Se siete interessati a iscrivervi a uno dei due Award, potete farlo <a href=\"https:\/\/www.procarton.com\/awards\/\" target=\"_blank\" rel=\"noopener\">attraverso questo link<\/a><\/strong><\/h4>\n<\/div>\n<\/section>\n<\/div>","protected":false},"excerpt":{"rendered":"<p>Le iscrizioni all'Pro Carton Young Designers Award (PCYDA) e all'Pro Carton Student Video Award (PCSVA) del 2024 sono ufficialmente aperte.<\/p>","protected":false},"author":1286,"featured_media":293393,"comment_status":"closed","ping_status":"open","sticky":false,"template":"","format":"standard","meta":{"inline_featured_image":false,"footnotes":""},"categories":[42,242],"tags":[],"class_list":["post-293392","post","type-post","status-publish","format-standard","has-post-thumbnail","hentry","category-awards","category-procarton"],"yoast_head":"<!-- This site is optimized with the Yoast SEO plugin v27.5 - https:\/\/yoast.com\/product\/yoast-seo-wordpress\/ -->\n<title>Pro Carton Awards return to inspire the next generation of packaging enthusiasts - Pro Carton<\/title>\n<meta name=\"description\" content=\"Entries for the 2024 Pro Carton Young Designers Award (PCYDA) and Pro Carton Student Video Award (PCSVA) are officially open.\" \/>\n<meta name=\"robots\" content=\"index, follow, max-snippet:-1, max-image-preview:large, max-video-preview:-1\" \/>\n<link rel=\"canonical\" href=\"https:\/\/www.procarton.com\/it\/pro-carton-awards-return-to-inspire-the-next-generation-of-packaging-enthusiasts\/\" \/>\n<meta property=\"og:locale\" content=\"it_IT\" \/>\n<meta property=\"og:type\" content=\"article\" \/>\n<meta property=\"og:title\" content=\"Pro Carton Awards return to inspire the next generation of packaging enthusiasts - Pro Carton\" \/>\n<meta property=\"og:description\" content=\"Entries for the 2024 Pro Carton Young Designers Award (PCYDA) and Pro Carton Student Video Award (PCSVA) are officially open.\" \/>\n<meta property=\"og:url\" content=\"https:\/\/www.procarton.com\/it\/pro-carton-awards-return-to-inspire-the-next-generation-of-packaging-enthusiasts\/\" \/>\n<meta property=\"og:site_name\" content=\"Pro Carton\" \/>\n<meta property=\"article:publisher\" content=\"https:\/\/www.facebook.com\/procartondesignaward\/\" \/>\n<meta property=\"article:published_time\" content=\"2023-11-28T21:22:22+00:00\" \/>\n<meta property=\"article:modified_time\" content=\"2023-12-03T21:43:49+00:00\" \/>\n<meta property=\"og:image\" content=\"https:\/\/www.procarton.com\/wp-content\/uploads\/2023\/12\/PCYDA-PCSVA-2024.jpg\" \/>\n\t<meta property=\"og:image:width\" content=\"1280\" \/>\n\t<meta property=\"og:image:height\" content=\"720\" \/>\n\t<meta property=\"og:image:type\" content=\"image\/jpeg\" \/>\n<meta name=\"author\" content=\"ryan@procarton.com\" \/>\n<meta name=\"twitter:card\" content=\"summary_large_image\" \/>\n<meta name=\"twitter:creator\" content=\"@pro_carton\" \/>\n<meta name=\"twitter:site\" content=\"@pro_carton\" \/>\n<meta name=\"twitter:label1\" content=\"Scritto da\" \/>\n\t<meta name=\"twitter:data1\" content=\"ryan@procarton.com\" \/>\n\t<meta name=\"twitter:label2\" content=\"Tempo di lettura stimato\" \/>\n\t<meta name=\"twitter:data2\" content=\"4 minuti\" \/>\n<script type=\"application\/ld+json\" class=\"yoast-schema-graph\">{\"@context\":\"https:\\\/\\\/schema.org\",\"@graph\":[{\"@type\":\"Article\",\"@id\":\"https:\\\/\\\/www.procarton.com\\\/pro-carton-awards-return-to-inspire-the-next-generation-of-packaging-enthusiasts\\\/#article\",\"isPartOf\":{\"@id\":\"https:\\\/\\\/www.procarton.com\\\/pro-carton-awards-return-to-inspire-the-next-generation-of-packaging-enthusiasts\\\/\"},\"author\":{\"name\":\"ryan@procarton.com\",\"@id\":\"https:\\\/\\\/www.procarton.com\\\/es\\\/#\\\/schema\\\/person\\\/8f52811f36555e3fbe8aa433fda4f5b5\"},\"headline\":\"Pro Carton Awards return to inspire the next generation of packaging enthusiasts\",\"datePublished\":\"2023-11-28T21:22:22+00:00\",\"dateModified\":\"2023-12-03T21:43:49+00:00\",\"mainEntityOfPage\":{\"@id\":\"https:\\\/\\\/www.procarton.com\\\/pro-carton-awards-return-to-inspire-the-next-generation-of-packaging-enthusiasts\\\/\"},\"wordCount\":1841,\"publisher\":{\"@id\":\"https:\\\/\\\/www.procarton.com\\\/es\\\/#organization\"},\"image\":{\"@id\":\"https:\\\/\\\/www.procarton.com\\\/pro-carton-awards-return-to-inspire-the-next-generation-of-packaging-enthusiasts\\\/#primaryimage\"},\"thumbnailUrl\":\"https:\\\/\\\/www.procarton.com\\\/wp-content\\\/uploads\\\/2023\\\/12\\\/PCYDA-PCSVA-2024.jpg\",\"articleSection\":[\"Awards\",\"Pro Carton\"],\"inLanguage\":\"it-IT\"},{\"@type\":\"WebPage\",\"@id\":\"https:\\\/\\\/www.procarton.com\\\/pro-carton-awards-return-to-inspire-the-next-generation-of-packaging-enthusiasts\\\/\",\"url\":\"https:\\\/\\\/www.procarton.com\\\/pro-carton-awards-return-to-inspire-the-next-generation-of-packaging-enthusiasts\\\/\",\"name\":\"Pro Carton Awards return to inspire the next generation of packaging enthusiasts - Pro Carton\",\"isPartOf\":{\"@id\":\"https:\\\/\\\/www.procarton.com\\\/es\\\/#website\"},\"primaryImageOfPage\":{\"@id\":\"https:\\\/\\\/www.procarton.com\\\/pro-carton-awards-return-to-inspire-the-next-generation-of-packaging-enthusiasts\\\/#primaryimage\"},\"image\":{\"@id\":\"https:\\\/\\\/www.procarton.com\\\/pro-carton-awards-return-to-inspire-the-next-generation-of-packaging-enthusiasts\\\/#primaryimage\"},\"thumbnailUrl\":\"https:\\\/\\\/www.procarton.com\\\/wp-content\\\/uploads\\\/2023\\\/12\\\/PCYDA-PCSVA-2024.jpg\",\"datePublished\":\"2023-11-28T21:22:22+00:00\",\"dateModified\":\"2023-12-03T21:43:49+00:00\",\"description\":\"Entries for the 2024 Pro Carton Young Designers Award (PCYDA) and Pro Carton Student Video Award (PCSVA) are officially open.\",\"breadcrumb\":{\"@id\":\"https:\\\/\\\/www.procarton.com\\\/pro-carton-awards-return-to-inspire-the-next-generation-of-packaging-enthusiasts\\\/#breadcrumb\"},\"inLanguage\":\"it-IT\",\"potentialAction\":[{\"@type\":\"ReadAction\",\"target\":[\"https:\\\/\\\/www.procarton.com\\\/pro-carton-awards-return-to-inspire-the-next-generation-of-packaging-enthusiasts\\\/\"]}]},{\"@type\":\"ImageObject\",\"inLanguage\":\"it-IT\",\"@id\":\"https:\\\/\\\/www.procarton.com\\\/pro-carton-awards-return-to-inspire-the-next-generation-of-packaging-enthusiasts\\\/#primaryimage\",\"url\":\"https:\\\/\\\/www.procarton.com\\\/wp-content\\\/uploads\\\/2023\\\/12\\\/PCYDA-PCSVA-2024.jpg\",\"contentUrl\":\"https:\\\/\\\/www.procarton.com\\\/wp-content\\\/uploads\\\/2023\\\/12\\\/PCYDA-PCSVA-2024.jpg\",\"width\":1280,\"height\":720},{\"@type\":\"BreadcrumbList\",\"@id\":\"https:\\\/\\\/www.procarton.com\\\/pro-carton-awards-return-to-inspire-the-next-generation-of-packaging-enthusiasts\\\/#breadcrumb\",\"itemListElement\":[{\"@type\":\"ListItem\",\"position\":1,\"name\":\"Home\",\"item\":\"https:\\\/\\\/www.procarton.com\\\/\"},{\"@type\":\"ListItem\",\"position\":2,\"name\":\"Pro Carton Awards return to inspire the next generation of packaging enthusiasts\"}]},{\"@type\":\"WebSite\",\"@id\":\"https:\\\/\\\/www.procarton.com\\\/es\\\/#website\",\"url\":\"https:\\\/\\\/www.procarton.com\\\/es\\\/\",\"name\":\"Pro Carton\",\"description\":\"\",\"publisher\":{\"@id\":\"https:\\\/\\\/www.procarton.com\\\/es\\\/#organization\"},\"potentialAction\":[{\"@type\":\"SearchAction\",\"target\":{\"@type\":\"EntryPoint\",\"urlTemplate\":\"https:\\\/\\\/www.procarton.com\\\/es\\\/?s={search_term_string}\"},\"query-input\":{\"@type\":\"PropertyValueSpecification\",\"valueRequired\":true,\"valueName\":\"search_term_string\"}}],\"inLanguage\":\"it-IT\"},{\"@type\":\"Organization\",\"@id\":\"https:\\\/\\\/www.procarton.com\\\/es\\\/#organization\",\"name\":\"ProCarton\",\"url\":\"https:\\\/\\\/www.procarton.com\\\/es\\\/\",\"logo\":{\"@type\":\"ImageObject\",\"inLanguage\":\"it-IT\",\"@id\":\"https:\\\/\\\/www.procarton.com\\\/es\\\/#\\\/schema\\\/logo\\\/image\\\/\",\"url\":\"https:\\\/\\\/www.procarton.com\\\/wp-content\\\/uploads\\\/2022\\\/06\\\/logo-mit-slogan.jpg\",\"contentUrl\":\"https:\\\/\\\/www.procarton.com\\\/wp-content\\\/uploads\\\/2022\\\/06\\\/logo-mit-slogan.jpg\",\"width\":422,\"height\":519,\"caption\":\"ProCarton\"},\"image\":{\"@id\":\"https:\\\/\\\/www.procarton.com\\\/es\\\/#\\\/schema\\\/logo\\\/image\\\/\"},\"sameAs\":[\"https:\\\/\\\/www.facebook.com\\\/procartondesignaward\\\/\",\"https:\\\/\\\/x.com\\\/pro_carton\"]},{\"@type\":\"Person\",\"@id\":\"https:\\\/\\\/www.procarton.com\\\/es\\\/#\\\/schema\\\/person\\\/8f52811f36555e3fbe8aa433fda4f5b5\",\"name\":\"ryan@procarton.com\",\"url\":\"https:\\\/\\\/www.procarton.com\\\/it\\\/author\\\/pro-carton-3\\\/\"}]}<\/script>\n<!-- \/ Yoast SEO plugin. -->","yoast_head_json":{"title":"Pro Carton Awards torna a ispirare la prossima generazione di appassionati di packaging - Pro Carton","description":"Le iscrizioni all'Pro Carton Young Designers Award (PCYDA) e all'Pro Carton Student Video Award (PCSVA) del 2024 sono ufficialmente aperte.","robots":{"index":"index","follow":"follow","max-snippet":"max-snippet:-1","max-image-preview":"max-image-preview:large","max-video-preview":"max-video-preview:-1"},"canonical":"https:\/\/www.procarton.com\/it\/pro-carton-awards-return-to-inspire-the-next-generation-of-packaging-enthusiasts\/","og_locale":"it_IT","og_type":"article","og_title":"Pro Carton Awards return to inspire the next generation of packaging enthusiasts - Pro Carton","og_description":"Entries for the 2024 Pro Carton Young Designers Award (PCYDA) and Pro Carton Student Video Award (PCSVA) are officially open.","og_url":"https:\/\/www.procarton.com\/it\/pro-carton-awards-return-to-inspire-the-next-generation-of-packaging-enthusiasts\/","og_site_name":"Pro Carton","article_publisher":"https:\/\/www.facebook.com\/procartondesignaward\/","article_published_time":"2023-11-28T21:22:22+00:00","article_modified_time":"2023-12-03T21:43:49+00:00","og_image":[{"width":1280,"height":720,"url":"https:\/\/www.procarton.com\/wp-content\/uploads\/2023\/12\/PCYDA-PCSVA-2024.jpg","type":"image\/jpeg"}],"author":"ryan@procarton.com","twitter_card":"summary_large_image","twitter_creator":"@pro_carton","twitter_site":"@pro_carton","twitter_misc":{"Scritto da":"ryan@procarton.com","Tempo di lettura stimato":"4 minuti"},"schema":{"@context":"https:\/\/schema.org","@graph":[{"@type":"Article","@id":"https:\/\/www.procarton.com\/pro-carton-awards-return-to-inspire-the-next-generation-of-packaging-enthusiasts\/#article","isPartOf":{"@id":"https:\/\/www.procarton.com\/pro-carton-awards-return-to-inspire-the-next-generation-of-packaging-enthusiasts\/"},"author":{"name":"ryan@procarton.com","@id":"https:\/\/www.procarton.com\/es\/#\/schema\/person\/8f52811f36555e3fbe8aa433fda4f5b5"},"headline":"Pro Carton Awards return to inspire the next generation of packaging enthusiasts","datePublished":"2023-11-28T21:22:22+00:00","dateModified":"2023-12-03T21:43:49+00:00","mainEntityOfPage":{"@id":"https:\/\/www.procarton.com\/pro-carton-awards-return-to-inspire-the-next-generation-of-packaging-enthusiasts\/"},"wordCount":1841,"publisher":{"@id":"https:\/\/www.procarton.com\/es\/#organization"},"image":{"@id":"https:\/\/www.procarton.com\/pro-carton-awards-return-to-inspire-the-next-generation-of-packaging-enthusiasts\/#primaryimage"},"thumbnailUrl":"https:\/\/www.procarton.com\/wp-content\/uploads\/2023\/12\/PCYDA-PCSVA-2024.jpg","articleSection":["Awards","Pro Carton"],"inLanguage":"it-IT"},{"@type":"WebPage","@id":"https:\/\/www.procarton.com\/pro-carton-awards-return-to-inspire-the-next-generation-of-packaging-enthusiasts\/","url":"https:\/\/www.procarton.com\/pro-carton-awards-return-to-inspire-the-next-generation-of-packaging-enthusiasts\/","name":"Pro Carton Awards torna a ispirare la prossima generazione di appassionati di packaging - Pro Carton","isPartOf":{"@id":"https:\/\/www.procarton.com\/es\/#website"},"primaryImageOfPage":{"@id":"https:\/\/www.procarton.com\/pro-carton-awards-return-to-inspire-the-next-generation-of-packaging-enthusiasts\/#primaryimage"},"image":{"@id":"https:\/\/www.procarton.com\/pro-carton-awards-return-to-inspire-the-next-generation-of-packaging-enthusiasts\/#primaryimage"},"thumbnailUrl":"https:\/\/www.procarton.com\/wp-content\/uploads\/2023\/12\/PCYDA-PCSVA-2024.jpg","datePublished":"2023-11-28T21:22:22+00:00","dateModified":"2023-12-03T21:43:49+00:00","description":"Le iscrizioni all'Pro Carton Young Designers Award (PCYDA) e all'Pro Carton Student Video Award (PCSVA) del 2024 sono ufficialmente aperte.","breadcrumb":{"@id":"https:\/\/www.procarton.com\/pro-carton-awards-return-to-inspire-the-next-generation-of-packaging-enthusiasts\/#breadcrumb"},"inLanguage":"it-IT","potentialAction":[{"@type":"ReadAction","target":["https:\/\/www.procarton.com\/pro-carton-awards-return-to-inspire-the-next-generation-of-packaging-enthusiasts\/"]}]},{"@type":"ImageObject","inLanguage":"it-IT","@id":"https:\/\/www.procarton.com\/pro-carton-awards-return-to-inspire-the-next-generation-of-packaging-enthusiasts\/#primaryimage","url":"https:\/\/www.procarton.com\/wp-content\/uploads\/2023\/12\/PCYDA-PCSVA-2024.jpg","contentUrl":"https:\/\/www.procarton.com\/wp-content\/uploads\/2023\/12\/PCYDA-PCSVA-2024.jpg","width":1280,"height":720},{"@type":"BreadcrumbList","@id":"https:\/\/www.procarton.com\/pro-carton-awards-return-to-inspire-the-next-generation-of-packaging-enthusiasts\/#breadcrumb","itemListElement":[{"@type":"ListItem","position":1,"name":"Home","item":"https:\/\/www.procarton.com\/"},{"@type":"ListItem","position":2,"name":"Pro Carton Awards return to inspire the next generation of packaging enthusiasts"}]},{"@type":"WebSite","@id":"https:\/\/www.procarton.com\/es\/#website","url":"https:\/\/www.procarton.com\/es\/","name":"Pro Carton","description":"","publisher":{"@id":"https:\/\/www.procarton.com\/es\/#organization"},"potentialAction":[{"@type":"SearchAction","target":{"@type":"EntryPoint","urlTemplate":"https:\/\/www.procarton.com\/es\/?s={search_term_string}"},"query-input":{"@type":"PropertyValueSpecification","valueRequired":true,"valueName":"search_term_string"}}],"inLanguage":"it-IT"},{"@type":"Organization","@id":"https:\/\/www.procarton.com\/es\/#organization","name":"ProCarton","url":"https:\/\/www.procarton.com\/es\/","logo":{"@type":"ImageObject","inLanguage":"it-IT","@id":"https:\/\/www.procarton.com\/es\/#\/schema\/logo\/image\/","url":"https:\/\/www.procarton.com\/wp-content\/uploads\/2022\/06\/logo-mit-slogan.jpg","contentUrl":"https:\/\/www.procarton.com\/wp-content\/uploads\/2022\/06\/logo-mit-slogan.jpg","width":422,"height":519,"caption":"ProCarton"},"image":{"@id":"https:\/\/www.procarton.com\/es\/#\/schema\/logo\/image\/"},"sameAs":["https:\/\/www.facebook.com\/procartondesignaward\/","https:\/\/x.com\/pro_carton"]},{"@type":"Person","@id":"https:\/\/www.procarton.com\/es\/#\/schema\/person\/8f52811f36555e3fbe8aa433fda4f5b5","name":"ryan@procarton.com","url":"https:\/\/www.procarton.com\/it\/author\/pro-carton-3\/"}]}},"_links":{"self":[{"href":"https:\/\/www.procarton.com\/it\/wp-json\/wp\/v2\/posts\/293392","targetHints":{"allow":["GET"]}}],"collection":[{"href":"https:\/\/www.procarton.com\/it\/wp-json\/wp\/v2\/posts"}],"about":[{"href":"https:\/\/www.procarton.com\/it\/wp-json\/wp\/v2\/types\/post"}],"author":[{"embeddable":true,"href":"https:\/\/www.procarton.com\/it\/wp-json\/wp\/v2\/users\/1286"}],"replies":[{"embeddable":true,"href":"https:\/\/www.procarton.com\/it\/wp-json\/wp\/v2\/comments?post=293392"}],"version-history":[{"count":9,"href":"https:\/\/www.procarton.com\/it\/wp-json\/wp\/v2\/posts\/293392\/revisions"}],"predecessor-version":[{"id":293524,"href":"https:\/\/www.procarton.com\/it\/wp-json\/wp\/v2\/posts\/293392\/revisions\/293524"}],"wp:featuredmedia":[{"embeddable":true,"href":"https:\/\/www.procarton.com\/it\/wp-json\/wp\/v2\/media\/293393"}],"wp:attachment":[{"href":"https:\/\/www.procarton.com\/it\/wp-json\/wp\/v2\/media?parent=293392"}],"wp:term":[{"taxonomy":"category","embeddable":true,"href":"https:\/\/www.procarton.com\/it\/wp-json\/wp\/v2\/categories?post=293392"},{"taxonomy":"post_tag","embeddable":true,"href":"https:\/\/www.procarton.com\/it\/wp-json\/wp\/v2\/tags?post=293392"}],"curies":[{"name":"wp","href":"https:\/\/api.w.org\/{rel}","templated":true}]}}