{"id":242686,"date":"2019-10-09T00:00:00","date_gmt":"2019-10-08T23:00:00","guid":{"rendered":"https:\/\/www.procarton.com\/ffi-und-pro-carton-ziehen-positive-fachpack-bilanz\/"},"modified":"2021-11-05T18:04:42","modified_gmt":"2021-11-05T18:04:42","slug":"ffi-und-pro-carton-ziehen-positive-fachpack-bilanz","status":"publish","type":"post","link":"https:\/\/www.procarton.com\/it\/ffi-und-pro-carton-ziehen-positive-fachpack-bilanz\/","title":{"rendered":"FFI e Pro Carton ziehen positive FachPack-Bilanz"},"content":{"rendered":"<p><strong>La FFI e la Pro Carton sono presenti anche in questo anno dal 24 al 26 aprile. - 26. settembre con un Verb\u00e4nde-Gemeinschaftsstand presso la FachPack di Norimberga hanno reso pi\u00f9 solida l'industria tedesca ed europea dei cartoni e dei falsi contenitori.<\/strong><\/p>\n<p><em>Rapporto di lavoro della filiale<\/em><br \/>\nUn grande numero di visitatori allo stand 349 nella sala 5 e una serie di soluzioni creative per l'imballaggio, che dimostrano la competenza e l'innovazione del settore, hanno suscitato grande interesse e interesse presso il Fachpublikum. Sono state presentate le Best Practice-Beispiele di FFI e Pro Carton Mitgliedsbetriebe.<\/p>\n<p>Un punto culminante sono stati anche in questo anno i vincitori della prima edizione dell'European Carton Excellence Award per i migliori imballaggi in cartone, uno dei pi\u00f9 importanti premi europei per l'imballaggio. Il 22\u00b0 giorno sono stati verificati i prezzi del Gala Award del 19.09.2019 a Malta ed \u00e8 stata presentata l'offerta in Germania.<\/p>\n<p><em>Top-Thema: Recyclingf\u00e4higkeit von Faltschachteln<\/em><br \/>\nIl tema principale dello stand FFI\/Pro Carton \u00e8 stato l'organizzazione e la riciclabilit\u00e0 degli imballaggi.<br \/>\nDie mediale Berichterstattung, der Regelungsdruck durch das Verpackungsgesetz und durch die Umsetzung der europ\u00e4ischen Single Use Plastics Directive in deutsches Recht, sorgen aktuell f\u00fcr einen erh\u00f6hten Diskussionsbedarf. Per affermare l'assoluta riciclabilit\u00e0 delle plastiche monouso, la FFI ha elaborato un documento di posizione in collaborazione con l'ECMA e altri enti nazionali che si occupano di plastiche monouso in Europa. In questo documento sono riportati tutti i dati e le informazioni rilevanti sui temi dell'economia di bacino, della riciclabilit\u00e0 dei Faltschachteln (anche dei beschichteten), della Kompostierung versus stoffliches Recycling e del Verlust von Fasermaterial aufgrund der Fehlw\u00fcrfe bei der Entsorgung der Faltschachteln.<\/p>\n<p><em>Die Faltschachtel: Gelebte Nachhaltigkeit<\/em><br \/>\nL'utilizzo delle risorse di linea fino all'economia di bacino<br \/>\nha presentato la discussione di questi giorni sulla sostenibilit\u00e0 ambientale con diversi gruppi di lavoro allo stand. Il programma TICCIT ha dimostrato che Faltschachteln \u00e8 un esempio concreto di Kreislaufwirtschaft. TICCIT (Trees into Cartons, Cartons into Trees; ausgesprochen \"tick-it\") \u00e8 un programma di informazione e di sensibilizzazione delle generazioni future sui temi della sostenibilit\u00e0, dell'utilizzo di sostanze nocive e del riciclaggio. Nell'ambito del progetto, i membri di FFI e Pro Carton nelle scuole della loro regione si riferiscono al naturale Kreislauf Wald-Karton-Faltschachtel-Kompostierung-Wald, per far s\u00ec che l'agrifoglio sia una sostanza nociva per la produzione di Faltschachteln.<\/p>\n<p>Il messaggio \"Gelebte Nachhaltigkeit\" \u00e8 stato applicato anche al progetto dei banchi di cartone FFI e Pro Carton, in modo da rendere il banco di montaggio neutrale dal punto di vista climatico.<\/p>\n<p>&nbsp;<\/p>\n<p>Il vostro partner per la stampa e i media<br \/>\nChristian Schiffers (Gesch\u00e4ftsf\u00fchrer)<\/p>\n<p>Telefon: +49 (0)69 89 01 2 - 101<br \/>\nFax: +49 (0)69 89 01 2 - 222<br \/>\nMobil: +49 (0)163 639 59 90<br \/>\nE-Mail: <a href=\"mailto:christian.schiffers@ffi.de\">christian.schiffers@ffi.de<\/a><br \/>\n<a href=\"http:\/\/www.ffi.de\">www.ffi.de<\/a><br \/>\n<a href=\"http:\/\/www.inspiration-verpackung.de\">www.inspiration-verpackung.de<\/a><\/p>","protected":false},"excerpt":{"rendered":"<p>La FFI e la Pro Carton sono presenti anche in questo anno dal 24 al 26 aprile. - 26. settembre con un Verb\u00e4nde-Gemeinschaftsstand presso la FachPack di Norimberga hanno reso pi\u00f9 solida l'industria tedesca ed europea dei cartoni e dei falsi contenitori.<\/p>","protected":false},"author":1,"featured_media":242687,"comment_status":"open","ping_status":"open","sticky":false,"template":"","format":"standard","meta":{"inline_featured_image":false,"footnotes":""},"categories":[77,242],"tags":[],"class_list":["post-242686","post","type-post","status-publish","format-standard","has-post-thumbnail","hentry","category-national-activities","category-procarton"],"yoast_head":"<!-- This site is optimized with the Yoast SEO plugin v27.4 - https:\/\/yoast.com\/product\/yoast-seo-wordpress\/ -->\n<title>FFI und Pro Carton ziehen positive FachPack-Bilanz - Pro Carton<\/title>\n<meta name=\"robots\" content=\"index, follow, max-snippet:-1, max-image-preview:large, max-video-preview:-1\" \/>\n<link rel=\"canonical\" href=\"https:\/\/www.procarton.com\/it\/ffi-und-pro-carton-ziehen-positive-fachpack-bilanz\/\" \/>\n<meta property=\"og:locale\" content=\"it_IT\" \/>\n<meta property=\"og:type\" content=\"article\" \/>\n<meta property=\"og:title\" content=\"FFI und Pro Carton ziehen positive FachPack-Bilanz - Pro Carton\" \/>\n<meta property=\"og:description\" content=\"Der FFI und Pro Carton repr\u00e4sentierten auch in diesem Jahr wieder vom 24. - 26. September mit einem Verb\u00e4nde-Gemeinschaftsstand auf der FachPack in N\u00fcrnberg erfolgreich die deutsche und die europ\u00e4ische Karton- und Faltschachtel-Industrie.\" \/>\n<meta property=\"og:url\" content=\"https:\/\/www.procarton.com\/it\/ffi-und-pro-carton-ziehen-positive-fachpack-bilanz\/\" \/>\n<meta property=\"og:site_name\" content=\"Pro Carton\" \/>\n<meta property=\"article:publisher\" content=\"https:\/\/www.facebook.com\/procartondesignaward\/\" \/>\n<meta property=\"article:published_time\" content=\"2019-10-08T23:00:00+00:00\" \/>\n<meta property=\"article:modified_time\" content=\"2021-11-05T18:04:42+00:00\" \/>\n<meta property=\"og:image\" content=\"https:\/\/www.procarton.com\/wp-content\/uploads\/2021\/02\/FFI-und-Pro-Carton-auf-der-FachPack-2019-in-Nurnberg-800.jpg\" \/>\n\t<meta property=\"og:image:width\" content=\"800\" \/>\n\t<meta property=\"og:image:height\" content=\"602\" \/>\n\t<meta property=\"og:image:type\" content=\"image\/jpeg\" \/>\n<meta name=\"author\" content=\"esterling@admin\" \/>\n<meta name=\"twitter:card\" content=\"summary_large_image\" \/>\n<meta name=\"twitter:creator\" content=\"@pro_carton\" \/>\n<meta name=\"twitter:site\" content=\"@pro_carton\" \/>\n<meta name=\"twitter:label1\" content=\"Scritto da\" \/>\n\t<meta name=\"twitter:data1\" content=\"esterling@admin\" \/>\n\t<meta name=\"twitter:label2\" content=\"Tempo di lettura stimato\" \/>\n\t<meta name=\"twitter:data2\" content=\"2 minuti\" \/>\n<script type=\"application\/ld+json\" class=\"yoast-schema-graph\">{\"@context\":\"https:\\\/\\\/schema.org\",\"@graph\":[{\"@type\":\"Article\",\"@id\":\"https:\\\/\\\/www.procarton.com\\\/es\\\/ffi-und-pro-carton-ziehen-positive-fachpack-bilanz\\\/#article\",\"isPartOf\":{\"@id\":\"https:\\\/\\\/www.procarton.com\\\/es\\\/ffi-und-pro-carton-ziehen-positive-fachpack-bilanz\\\/\"},\"author\":{\"name\":\"esterling@admin\",\"@id\":\"https:\\\/\\\/www.procarton.com\\\/es\\\/#\\\/schema\\\/person\\\/872a075145d2c38578ff4eed7d481251\"},\"headline\":\"FFI und Pro Carton ziehen positive FachPack-Bilanz\",\"datePublished\":\"2019-10-08T23:00:00+00:00\",\"dateModified\":\"2021-11-05T18:04:42+00:00\",\"mainEntityOfPage\":{\"@id\":\"https:\\\/\\\/www.procarton.com\\\/es\\\/ffi-und-pro-carton-ziehen-positive-fachpack-bilanz\\\/\"},\"wordCount\":424,\"commentCount\":0,\"publisher\":{\"@id\":\"https:\\\/\\\/www.procarton.com\\\/es\\\/#organization\"},\"image\":{\"@id\":\"https:\\\/\\\/www.procarton.com\\\/es\\\/ffi-und-pro-carton-ziehen-positive-fachpack-bilanz\\\/#primaryimage\"},\"thumbnailUrl\":\"https:\\\/\\\/www.procarton.com\\\/wp-content\\\/uploads\\\/2021\\\/02\\\/FFI-und-Pro-Carton-auf-der-FachPack-2019-in-Nurnberg-800.jpg\",\"articleSection\":[\"National Activities\",\"Pro Carton\"],\"inLanguage\":\"it-IT\",\"potentialAction\":[{\"@type\":\"CommentAction\",\"name\":\"Comment\",\"target\":[\"https:\\\/\\\/www.procarton.com\\\/es\\\/ffi-und-pro-carton-ziehen-positive-fachpack-bilanz\\\/#respond\"]}]},{\"@type\":\"WebPage\",\"@id\":\"https:\\\/\\\/www.procarton.com\\\/es\\\/ffi-und-pro-carton-ziehen-positive-fachpack-bilanz\\\/\",\"url\":\"https:\\\/\\\/www.procarton.com\\\/es\\\/ffi-und-pro-carton-ziehen-positive-fachpack-bilanz\\\/\",\"name\":\"FFI und Pro Carton ziehen positive FachPack-Bilanz - Pro Carton\",\"isPartOf\":{\"@id\":\"https:\\\/\\\/www.procarton.com\\\/es\\\/#website\"},\"primaryImageOfPage\":{\"@id\":\"https:\\\/\\\/www.procarton.com\\\/es\\\/ffi-und-pro-carton-ziehen-positive-fachpack-bilanz\\\/#primaryimage\"},\"image\":{\"@id\":\"https:\\\/\\\/www.procarton.com\\\/es\\\/ffi-und-pro-carton-ziehen-positive-fachpack-bilanz\\\/#primaryimage\"},\"thumbnailUrl\":\"https:\\\/\\\/www.procarton.com\\\/wp-content\\\/uploads\\\/2021\\\/02\\\/FFI-und-Pro-Carton-auf-der-FachPack-2019-in-Nurnberg-800.jpg\",\"datePublished\":\"2019-10-08T23:00:00+00:00\",\"dateModified\":\"2021-11-05T18:04:42+00:00\",\"breadcrumb\":{\"@id\":\"https:\\\/\\\/www.procarton.com\\\/es\\\/ffi-und-pro-carton-ziehen-positive-fachpack-bilanz\\\/#breadcrumb\"},\"inLanguage\":\"it-IT\",\"potentialAction\":[{\"@type\":\"ReadAction\",\"target\":[\"https:\\\/\\\/www.procarton.com\\\/es\\\/ffi-und-pro-carton-ziehen-positive-fachpack-bilanz\\\/\"]}]},{\"@type\":\"ImageObject\",\"inLanguage\":\"it-IT\",\"@id\":\"https:\\\/\\\/www.procarton.com\\\/es\\\/ffi-und-pro-carton-ziehen-positive-fachpack-bilanz\\\/#primaryimage\",\"url\":\"https:\\\/\\\/www.procarton.com\\\/wp-content\\\/uploads\\\/2021\\\/02\\\/FFI-und-Pro-Carton-auf-der-FachPack-2019-in-Nurnberg-800.jpg\",\"contentUrl\":\"https:\\\/\\\/www.procarton.com\\\/wp-content\\\/uploads\\\/2021\\\/02\\\/FFI-und-Pro-Carton-auf-der-FachPack-2019-in-Nurnberg-800.jpg\",\"width\":800,\"height\":602,\"caption\":\"Messegeschehen Preisverleihung\"},{\"@type\":\"BreadcrumbList\",\"@id\":\"https:\\\/\\\/www.procarton.com\\\/es\\\/ffi-und-pro-carton-ziehen-positive-fachpack-bilanz\\\/#breadcrumb\",\"itemListElement\":[{\"@type\":\"ListItem\",\"position\":1,\"name\":\"Home\",\"item\":\"https:\\\/\\\/www.procarton.com\\\/\"},{\"@type\":\"ListItem\",\"position\":2,\"name\":\"FFI und Pro Carton ziehen positive FachPack-Bilanz\"}]},{\"@type\":\"WebSite\",\"@id\":\"https:\\\/\\\/www.procarton.com\\\/es\\\/#website\",\"url\":\"https:\\\/\\\/www.procarton.com\\\/es\\\/\",\"name\":\"Pro Carton\",\"description\":\"\",\"publisher\":{\"@id\":\"https:\\\/\\\/www.procarton.com\\\/es\\\/#organization\"},\"potentialAction\":[{\"@type\":\"SearchAction\",\"target\":{\"@type\":\"EntryPoint\",\"urlTemplate\":\"https:\\\/\\\/www.procarton.com\\\/es\\\/?s={search_term_string}\"},\"query-input\":{\"@type\":\"PropertyValueSpecification\",\"valueRequired\":true,\"valueName\":\"search_term_string\"}}],\"inLanguage\":\"it-IT\"},{\"@type\":\"Organization\",\"@id\":\"https:\\\/\\\/www.procarton.com\\\/es\\\/#organization\",\"name\":\"ProCarton\",\"url\":\"https:\\\/\\\/www.procarton.com\\\/es\\\/\",\"logo\":{\"@type\":\"ImageObject\",\"inLanguage\":\"it-IT\",\"@id\":\"https:\\\/\\\/www.procarton.com\\\/es\\\/#\\\/schema\\\/logo\\\/image\\\/\",\"url\":\"https:\\\/\\\/www.procarton.com\\\/wp-content\\\/uploads\\\/2022\\\/06\\\/logo-mit-slogan.jpg\",\"contentUrl\":\"https:\\\/\\\/www.procarton.com\\\/wp-content\\\/uploads\\\/2022\\\/06\\\/logo-mit-slogan.jpg\",\"width\":422,\"height\":519,\"caption\":\"ProCarton\"},\"image\":{\"@id\":\"https:\\\/\\\/www.procarton.com\\\/es\\\/#\\\/schema\\\/logo\\\/image\\\/\"},\"sameAs\":[\"https:\\\/\\\/www.facebook.com\\\/procartondesignaward\\\/\",\"https:\\\/\\\/x.com\\\/pro_carton\"]},{\"@type\":\"Person\",\"@id\":\"https:\\\/\\\/www.procarton.com\\\/es\\\/#\\\/schema\\\/person\\\/872a075145d2c38578ff4eed7d481251\",\"name\":\"esterling@admin\",\"sameAs\":[\"https:\\\/\\\/www.procarton.com\"],\"url\":\"https:\\\/\\\/www.procarton.com\\\/it\\\/author\\\/esterlingadmin\\\/\"}]}<\/script>\n<!-- \/ Yoast SEO plugin. -->","yoast_head_json":{"title":"FFI e Pro Carton si scambiano il positivo FachPack-Bilanz - Pro Carton","robots":{"index":"index","follow":"follow","max-snippet":"max-snippet:-1","max-image-preview":"max-image-preview:large","max-video-preview":"max-video-preview:-1"},"canonical":"https:\/\/www.procarton.com\/it\/ffi-und-pro-carton-ziehen-positive-fachpack-bilanz\/","og_locale":"it_IT","og_type":"article","og_title":"FFI und Pro Carton ziehen positive FachPack-Bilanz - Pro Carton","og_description":"Der FFI und Pro Carton repr\u00e4sentierten auch in diesem Jahr wieder vom 24. - 26. September mit einem Verb\u00e4nde-Gemeinschaftsstand auf der FachPack in N\u00fcrnberg erfolgreich die deutsche und die europ\u00e4ische Karton- und Faltschachtel-Industrie.","og_url":"https:\/\/www.procarton.com\/it\/ffi-und-pro-carton-ziehen-positive-fachpack-bilanz\/","og_site_name":"Pro Carton","article_publisher":"https:\/\/www.facebook.com\/procartondesignaward\/","article_published_time":"2019-10-08T23:00:00+00:00","article_modified_time":"2021-11-05T18:04:42+00:00","og_image":[{"width":800,"height":602,"url":"https:\/\/www.procarton.com\/wp-content\/uploads\/2021\/02\/FFI-und-Pro-Carton-auf-der-FachPack-2019-in-Nurnberg-800.jpg","type":"image\/jpeg"}],"author":"esterling@admin","twitter_card":"summary_large_image","twitter_creator":"@pro_carton","twitter_site":"@pro_carton","twitter_misc":{"Scritto da":"esterling@admin","Tempo di lettura stimato":"2 minuti"},"schema":{"@context":"https:\/\/schema.org","@graph":[{"@type":"Article","@id":"https:\/\/www.procarton.com\/es\/ffi-und-pro-carton-ziehen-positive-fachpack-bilanz\/#article","isPartOf":{"@id":"https:\/\/www.procarton.com\/es\/ffi-und-pro-carton-ziehen-positive-fachpack-bilanz\/"},"author":{"name":"esterling@admin","@id":"https:\/\/www.procarton.com\/es\/#\/schema\/person\/872a075145d2c38578ff4eed7d481251"},"headline":"FFI und Pro Carton ziehen positive FachPack-Bilanz","datePublished":"2019-10-08T23:00:00+00:00","dateModified":"2021-11-05T18:04:42+00:00","mainEntityOfPage":{"@id":"https:\/\/www.procarton.com\/es\/ffi-und-pro-carton-ziehen-positive-fachpack-bilanz\/"},"wordCount":424,"commentCount":0,"publisher":{"@id":"https:\/\/www.procarton.com\/es\/#organization"},"image":{"@id":"https:\/\/www.procarton.com\/es\/ffi-und-pro-carton-ziehen-positive-fachpack-bilanz\/#primaryimage"},"thumbnailUrl":"https:\/\/www.procarton.com\/wp-content\/uploads\/2021\/02\/FFI-und-Pro-Carton-auf-der-FachPack-2019-in-Nurnberg-800.jpg","articleSection":["National Activities","Pro Carton"],"inLanguage":"it-IT","potentialAction":[{"@type":"CommentAction","name":"Comment","target":["https:\/\/www.procarton.com\/es\/ffi-und-pro-carton-ziehen-positive-fachpack-bilanz\/#respond"]}]},{"@type":"WebPage","@id":"https:\/\/www.procarton.com\/es\/ffi-und-pro-carton-ziehen-positive-fachpack-bilanz\/","url":"https:\/\/www.procarton.com\/es\/ffi-und-pro-carton-ziehen-positive-fachpack-bilanz\/","name":"FFI e Pro Carton si scambiano il positivo FachPack-Bilanz - Pro Carton","isPartOf":{"@id":"https:\/\/www.procarton.com\/es\/#website"},"primaryImageOfPage":{"@id":"https:\/\/www.procarton.com\/es\/ffi-und-pro-carton-ziehen-positive-fachpack-bilanz\/#primaryimage"},"image":{"@id":"https:\/\/www.procarton.com\/es\/ffi-und-pro-carton-ziehen-positive-fachpack-bilanz\/#primaryimage"},"thumbnailUrl":"https:\/\/www.procarton.com\/wp-content\/uploads\/2021\/02\/FFI-und-Pro-Carton-auf-der-FachPack-2019-in-Nurnberg-800.jpg","datePublished":"2019-10-08T23:00:00+00:00","dateModified":"2021-11-05T18:04:42+00:00","breadcrumb":{"@id":"https:\/\/www.procarton.com\/es\/ffi-und-pro-carton-ziehen-positive-fachpack-bilanz\/#breadcrumb"},"inLanguage":"it-IT","potentialAction":[{"@type":"ReadAction","target":["https:\/\/www.procarton.com\/es\/ffi-und-pro-carton-ziehen-positive-fachpack-bilanz\/"]}]},{"@type":"ImageObject","inLanguage":"it-IT","@id":"https:\/\/www.procarton.com\/es\/ffi-und-pro-carton-ziehen-positive-fachpack-bilanz\/#primaryimage","url":"https:\/\/www.procarton.com\/wp-content\/uploads\/2021\/02\/FFI-und-Pro-Carton-auf-der-FachPack-2019-in-Nurnberg-800.jpg","contentUrl":"https:\/\/www.procarton.com\/wp-content\/uploads\/2021\/02\/FFI-und-Pro-Carton-auf-der-FachPack-2019-in-Nurnberg-800.jpg","width":800,"height":602,"caption":"Messegeschehen Preisverleihung"},{"@type":"BreadcrumbList","@id":"https:\/\/www.procarton.com\/es\/ffi-und-pro-carton-ziehen-positive-fachpack-bilanz\/#breadcrumb","itemListElement":[{"@type":"ListItem","position":1,"name":"Home","item":"https:\/\/www.procarton.com\/"},{"@type":"ListItem","position":2,"name":"FFI und Pro Carton ziehen positive FachPack-Bilanz"}]},{"@type":"WebSite","@id":"https:\/\/www.procarton.com\/es\/#website","url":"https:\/\/www.procarton.com\/es\/","name":"Pro Carton","description":"","publisher":{"@id":"https:\/\/www.procarton.com\/es\/#organization"},"potentialAction":[{"@type":"SearchAction","target":{"@type":"EntryPoint","urlTemplate":"https:\/\/www.procarton.com\/es\/?s={search_term_string}"},"query-input":{"@type":"PropertyValueSpecification","valueRequired":true,"valueName":"search_term_string"}}],"inLanguage":"it-IT"},{"@type":"Organization","@id":"https:\/\/www.procarton.com\/es\/#organization","name":"ProCarton","url":"https:\/\/www.procarton.com\/es\/","logo":{"@type":"ImageObject","inLanguage":"it-IT","@id":"https:\/\/www.procarton.com\/es\/#\/schema\/logo\/image\/","url":"https:\/\/www.procarton.com\/wp-content\/uploads\/2022\/06\/logo-mit-slogan.jpg","contentUrl":"https:\/\/www.procarton.com\/wp-content\/uploads\/2022\/06\/logo-mit-slogan.jpg","width":422,"height":519,"caption":"ProCarton"},"image":{"@id":"https:\/\/www.procarton.com\/es\/#\/schema\/logo\/image\/"},"sameAs":["https:\/\/www.facebook.com\/procartondesignaward\/","https:\/\/x.com\/pro_carton"]},{"@type":"Person","@id":"https:\/\/www.procarton.com\/es\/#\/schema\/person\/872a075145d2c38578ff4eed7d481251","name":"esterling@admin","sameAs":["https:\/\/www.procarton.com"],"url":"https:\/\/www.procarton.com\/it\/author\/esterlingadmin\/"}]}},"_links":{"self":[{"href":"https:\/\/www.procarton.com\/it\/wp-json\/wp\/v2\/posts\/242686","targetHints":{"allow":["GET"]}}],"collection":[{"href":"https:\/\/www.procarton.com\/it\/wp-json\/wp\/v2\/posts"}],"about":[{"href":"https:\/\/www.procarton.com\/it\/wp-json\/wp\/v2\/types\/post"}],"author":[{"embeddable":true,"href":"https:\/\/www.procarton.com\/it\/wp-json\/wp\/v2\/users\/1"}],"replies":[{"embeddable":true,"href":"https:\/\/www.procarton.com\/it\/wp-json\/wp\/v2\/comments?post=242686"}],"version-history":[{"count":1,"href":"https:\/\/www.procarton.com\/it\/wp-json\/wp\/v2\/posts\/242686\/revisions"}],"predecessor-version":[{"id":265840,"href":"https:\/\/www.procarton.com\/it\/wp-json\/wp\/v2\/posts\/242686\/revisions\/265840"}],"wp:featuredmedia":[{"embeddable":true,"href":"https:\/\/www.procarton.com\/it\/wp-json\/wp\/v2\/media\/242687"}],"wp:attachment":[{"href":"https:\/\/www.procarton.com\/it\/wp-json\/wp\/v2\/media?parent=242686"}],"wp:term":[{"taxonomy":"category","embeddable":true,"href":"https:\/\/www.procarton.com\/it\/wp-json\/wp\/v2\/categories?post=242686"},{"taxonomy":"post_tag","embeddable":true,"href":"https:\/\/www.procarton.com\/it\/wp-json\/wp\/v2\/tags?post=242686"}],"curies":[{"name":"wp","href":"https:\/\/api.w.org\/{rel}","templated":true}]}}