{"id":242125,"date":"2015-05-22T00:00:00","date_gmt":"2015-05-21T23:00:00","guid":{"rendered":"https:\/\/www.procarton.com\/young-talent-in-the-limelight\/"},"modified":"2021-11-07T16:01:02","modified_gmt":"2021-11-07T16:01:02","slug":"young-talent-in-the-limelight","status":"publish","type":"post","link":"https:\/\/www.procarton.com\/it\/young-talent-in-the-limelight\/","title":{"rendered":"Giovani talenti alla ribalta!"},"content":{"rendered":"<h3>Inizio del concorso internazionale \"Pro Carton Young Designers Award 2016\".<\/h3>\n<p><strong>Ogni due anni, Pro Carton invita i giovani studenti di design a partecipare al \"Pro Carton Young Designers Award\". L'Award premia nuove idee di design non ancora realizzate provenienti da tutta Europa nel campo delle applicazioni del cartone. La partecipazione \u00e8 gratuita. La presentazione delle candidature inizia ora e si protrae fino al 19 maggio 2016. Maggio 2016.<\/strong><\/p>\n<p>Da dodici anni Pro Carton si dedica con successo alla sponsorizzazione dei talenti europei del design. La qualit\u00e0 e la diversit\u00e0 nella catena di fornitura degli imballaggi devono essere ampliate - con l'imballaggio in cartone, il pi\u00f9 sostenibile di tutti i materiali di imballaggio.<\/p>\n<p>L'Award \u00e8 particolarmente interessante per gli studenti di design, in quanto offre loro l'opportunit\u00e0 di entrare in contatto con professionisti nei settori del design e della produzione. I premi comprendono una settimana di formazione pratica in un'agenzia europea di design di imballaggi e giornate di pratica in un'importante azienda internazionale che opera nel settore del cartone e del cartoncino.<\/p>\n<p>Come sempre, la giuria \u00e8 composta da membri provenienti da tutti i settori della Supply Chain: design, proprietari di marchi, rivenditori e produttori di cartone e cartoni. Questo garantisce che vengano prese in considerazione le esigenze dell'intera filiera.<\/p>\n<p>I vincitori e i finalisti saranno presentati a un vasto pubblico di professionisti da Pro Carton E-News, oltre che ai media del settore. I risultati del concorso sono pubblicati sul sito web di Pro Carton con descrizioni complete, foto professionali e dichiarazioni dei partecipanti e dei membri della giuria.<\/p>\n<p>I finalisti e i loro tutor sono invitati alla cerimonia di premiazione.<a href=\"https:\/\/www.procarton.com\/awards\/pro-carton-young-designers-award\/2014\/categories\/?lang=en\" target=\"_blank\" rel=\"noopener\">\u00a0ultimo Award 2014 <\/a>\u00a0e il\u00a0<a href=\"https:\/\/www.procarton.com\/awards\/pro-carton-young-designers-award\/2014\/photos-videos\/?lang=en\" target=\"_blank\" rel=\"noopener\">cerimonia di premiazione<\/a>\u00a0sul sito web di Pro Carton danno un'idea della festosa occasione del Gala Award.<\/p>\n<p>Il presidente di Pro Carton Roland Rex: \"Il nostro concorso non \u00e8 rivolto solo agli studenti, ma vogliamo anche sostenere le scuole e le universit\u00e0 di design e i loro tutor. Saremo lieti di fornirvi ulteriore materiale informativo e cartoncino per il vostro lavoro e, se necessario, potremo anche fornirvi una formazione aggiuntiva in loco\".<\/p>\n<p><em>La partecipazione \u00e8 gratuita per gli studenti. Tutti i finalisti saranno invitati alla cerimonia di premiazione insieme ai loro tutor - la data prevista \u00e8 settembre 2016. Per ulteriori informazioni e per il modulo di iscrizione, visitare il sito <a href=\"https:\/\/www.procarton.com\/awards\/pro-carton-young-designers-award\/2016\/?lang=en\" target=\"_blank\" rel=\"noopener\">Sito web di Pro Carton www.procarton.com<\/a>.<\/em><\/p>\n<p><em>In caso di domande, si prega di contattare:<\/em><br \/>\n<em>Pro Carton, Suzanne McEwen<\/em><br \/>\n<em>T +43 1 2145437<\/em><br \/>\n<em>M +43 676 4244637<\/em><br \/>\n<em><a href=\"mailto:mcewen@procarton.com\" target=\"_blank\" rel=\"noopener\">mcewen@procarton.com<\/a><\/em><br \/>\n<em><a href=\"https:\/\/www.procarton.com\/awards\/pro-carton-young-designers-award\/2016\/?lang=en\" target=\"_blank\" rel=\"noopener\">www.procarton.com<\/a><\/em><\/p>","protected":false},"excerpt":{"rendered":"<p>Inizio del concorso internazionale \"Pro Carton Young Designers Award 2016\". L'Award premia nuove idee di design non ancora realizzate provenienti da tutta Europa. La partecipazione \u00e8 gratuita.<\/p>","protected":false},"author":1,"featured_media":242126,"comment_status":"open","ping_status":"open","sticky":false,"template":"","format":"standard","meta":{"inline_featured_image":false,"footnotes":""},"categories":[42],"tags":[37],"class_list":["post-242125","post","type-post","status-publish","format-standard","has-post-thumbnail","hentry","category-awards","tag-events-fr"],"yoast_head":"<!-- This site is optimized with the Yoast SEO plugin v27.4 - https:\/\/yoast.com\/product\/yoast-seo-wordpress\/ -->\n<title>Young talent in the limelight! - Pro Carton<\/title>\n<meta name=\"robots\" content=\"index, follow, max-snippet:-1, max-image-preview:large, max-video-preview:-1\" \/>\n<link rel=\"canonical\" href=\"http:\/\/www.procarton.com\/it\/young-talent-in-the-limelight\/\" \/>\n<meta property=\"og:locale\" content=\"it_IT\" \/>\n<meta property=\"og:type\" content=\"article\" \/>\n<meta property=\"og:title\" content=\"Young talent in the limelight! - Pro Carton\" \/>\n<meta property=\"og:description\" content=\"Start of the international &quot;Pro Carton Young Designers Award 2016&quot;. The Award honours new, not yet realised design ideas from across Europe. Participation is free of charge.\" \/>\n<meta property=\"og:url\" content=\"http:\/\/www.procarton.com\/it\/young-talent-in-the-limelight\/\" \/>\n<meta property=\"og:site_name\" content=\"Pro Carton\" \/>\n<meta property=\"article:publisher\" content=\"https:\/\/www.facebook.com\/procartondesignaward\/\" \/>\n<meta property=\"article:published_time\" content=\"2015-05-21T23:00:00+00:00\" \/>\n<meta property=\"article:modified_time\" content=\"2021-11-07T16:01:02+00:00\" \/>\n<meta property=\"og:image\" content=\"https:\/\/www.procarton.com\/wp-content\/uploads\/2021\/02\/logo_yda_web.jpg\" \/>\n\t<meta property=\"og:image:width\" content=\"600\" \/>\n\t<meta property=\"og:image:height\" content=\"400\" \/>\n\t<meta property=\"og:image:type\" content=\"image\/jpeg\" \/>\n<meta name=\"author\" content=\"esterling@admin\" \/>\n<meta name=\"twitter:card\" content=\"summary_large_image\" \/>\n<meta name=\"twitter:creator\" content=\"@pro_carton\" \/>\n<meta name=\"twitter:site\" content=\"@pro_carton\" \/>\n<meta name=\"twitter:label1\" content=\"Scritto da\" \/>\n\t<meta name=\"twitter:data1\" content=\"esterling@admin\" \/>\n\t<meta name=\"twitter:label2\" content=\"Tempo di lettura stimato\" \/>\n\t<meta name=\"twitter:data2\" content=\"2 minuti\" \/>\n<script type=\"application\/ld+json\" class=\"yoast-schema-graph\">{\"@context\":\"https:\\\/\\\/schema.org\",\"@graph\":[{\"@type\":\"Article\",\"@id\":\"http:\\\/\\\/www.procarton.com\\\/es\\\/young-talent-in-the-limelight\\\/#article\",\"isPartOf\":{\"@id\":\"http:\\\/\\\/www.procarton.com\\\/es\\\/young-talent-in-the-limelight\\\/\"},\"author\":{\"name\":\"esterling@admin\",\"@id\":\"https:\\\/\\\/www.procarton.com\\\/es\\\/#\\\/schema\\\/person\\\/872a075145d2c38578ff4eed7d481251\"},\"headline\":\"Young talent in the limelight!\",\"datePublished\":\"2015-05-21T23:00:00+00:00\",\"dateModified\":\"2021-11-07T16:01:02+00:00\",\"mainEntityOfPage\":{\"@id\":\"http:\\\/\\\/www.procarton.com\\\/es\\\/young-talent-in-the-limelight\\\/\"},\"wordCount\":395,\"commentCount\":0,\"publisher\":{\"@id\":\"https:\\\/\\\/www.procarton.com\\\/es\\\/#organization\"},\"image\":{\"@id\":\"http:\\\/\\\/www.procarton.com\\\/es\\\/young-talent-in-the-limelight\\\/#primaryimage\"},\"thumbnailUrl\":\"https:\\\/\\\/www.procarton.com\\\/wp-content\\\/uploads\\\/2021\\\/02\\\/logo_yda_web.jpg\",\"keywords\":[\"Events\"],\"articleSection\":[\"Awards\"],\"inLanguage\":\"it-IT\",\"potentialAction\":[{\"@type\":\"CommentAction\",\"name\":\"Comment\",\"target\":[\"http:\\\/\\\/www.procarton.com\\\/es\\\/young-talent-in-the-limelight\\\/#respond\"]}]},{\"@type\":\"WebPage\",\"@id\":\"http:\\\/\\\/www.procarton.com\\\/es\\\/young-talent-in-the-limelight\\\/\",\"url\":\"http:\\\/\\\/www.procarton.com\\\/es\\\/young-talent-in-the-limelight\\\/\",\"name\":\"Young talent in the limelight! - Pro Carton\",\"isPartOf\":{\"@id\":\"https:\\\/\\\/www.procarton.com\\\/es\\\/#website\"},\"primaryImageOfPage\":{\"@id\":\"http:\\\/\\\/www.procarton.com\\\/es\\\/young-talent-in-the-limelight\\\/#primaryimage\"},\"image\":{\"@id\":\"http:\\\/\\\/www.procarton.com\\\/es\\\/young-talent-in-the-limelight\\\/#primaryimage\"},\"thumbnailUrl\":\"https:\\\/\\\/www.procarton.com\\\/wp-content\\\/uploads\\\/2021\\\/02\\\/logo_yda_web.jpg\",\"datePublished\":\"2015-05-21T23:00:00+00:00\",\"dateModified\":\"2021-11-07T16:01:02+00:00\",\"breadcrumb\":{\"@id\":\"http:\\\/\\\/www.procarton.com\\\/es\\\/young-talent-in-the-limelight\\\/#breadcrumb\"},\"inLanguage\":\"it-IT\",\"potentialAction\":[{\"@type\":\"ReadAction\",\"target\":[\"http:\\\/\\\/www.procarton.com\\\/es\\\/young-talent-in-the-limelight\\\/\"]}]},{\"@type\":\"ImageObject\",\"inLanguage\":\"it-IT\",\"@id\":\"http:\\\/\\\/www.procarton.com\\\/es\\\/young-talent-in-the-limelight\\\/#primaryimage\",\"url\":\"https:\\\/\\\/www.procarton.com\\\/wp-content\\\/uploads\\\/2021\\\/02\\\/logo_yda_web.jpg\",\"contentUrl\":\"https:\\\/\\\/www.procarton.com\\\/wp-content\\\/uploads\\\/2021\\\/02\\\/logo_yda_web.jpg\",\"width\":600,\"height\":400},{\"@type\":\"BreadcrumbList\",\"@id\":\"http:\\\/\\\/www.procarton.com\\\/es\\\/young-talent-in-the-limelight\\\/#breadcrumb\",\"itemListElement\":[{\"@type\":\"ListItem\",\"position\":1,\"name\":\"Home\",\"item\":\"https:\\\/\\\/www.procarton.com\\\/\"},{\"@type\":\"ListItem\",\"position\":2,\"name\":\"Young talent in the limelight!\"}]},{\"@type\":\"WebSite\",\"@id\":\"https:\\\/\\\/www.procarton.com\\\/es\\\/#website\",\"url\":\"https:\\\/\\\/www.procarton.com\\\/es\\\/\",\"name\":\"Pro Carton\",\"description\":\"\",\"publisher\":{\"@id\":\"https:\\\/\\\/www.procarton.com\\\/es\\\/#organization\"},\"potentialAction\":[{\"@type\":\"SearchAction\",\"target\":{\"@type\":\"EntryPoint\",\"urlTemplate\":\"https:\\\/\\\/www.procarton.com\\\/es\\\/?s={search_term_string}\"},\"query-input\":{\"@type\":\"PropertyValueSpecification\",\"valueRequired\":true,\"valueName\":\"search_term_string\"}}],\"inLanguage\":\"it-IT\"},{\"@type\":\"Organization\",\"@id\":\"https:\\\/\\\/www.procarton.com\\\/es\\\/#organization\",\"name\":\"ProCarton\",\"url\":\"https:\\\/\\\/www.procarton.com\\\/es\\\/\",\"logo\":{\"@type\":\"ImageObject\",\"inLanguage\":\"it-IT\",\"@id\":\"https:\\\/\\\/www.procarton.com\\\/es\\\/#\\\/schema\\\/logo\\\/image\\\/\",\"url\":\"https:\\\/\\\/www.procarton.com\\\/wp-content\\\/uploads\\\/2022\\\/06\\\/logo-mit-slogan.jpg\",\"contentUrl\":\"https:\\\/\\\/www.procarton.com\\\/wp-content\\\/uploads\\\/2022\\\/06\\\/logo-mit-slogan.jpg\",\"width\":422,\"height\":519,\"caption\":\"ProCarton\"},\"image\":{\"@id\":\"https:\\\/\\\/www.procarton.com\\\/es\\\/#\\\/schema\\\/logo\\\/image\\\/\"},\"sameAs\":[\"https:\\\/\\\/www.facebook.com\\\/procartondesignaward\\\/\",\"https:\\\/\\\/x.com\\\/pro_carton\"]},{\"@type\":\"Person\",\"@id\":\"https:\\\/\\\/www.procarton.com\\\/es\\\/#\\\/schema\\\/person\\\/872a075145d2c38578ff4eed7d481251\",\"name\":\"esterling@admin\",\"sameAs\":[\"https:\\\/\\\/www.procarton.com\"],\"url\":\"https:\\\/\\\/www.procarton.com\\\/it\\\/author\\\/esterlingadmin\\\/\"}]}<\/script>\n<!-- \/ Yoast SEO plugin. -->","yoast_head_json":{"title":"Giovani talenti alla ribalta! - Cartone Pro","robots":{"index":"index","follow":"follow","max-snippet":"max-snippet:-1","max-image-preview":"max-image-preview:large","max-video-preview":"max-video-preview:-1"},"canonical":"http:\/\/www.procarton.com\/it\/young-talent-in-the-limelight\/","og_locale":"it_IT","og_type":"article","og_title":"Young talent in the limelight! - Pro Carton","og_description":"Start of the international \"Pro Carton Young Designers Award 2016\". The Award honours new, not yet realised design ideas from across Europe. Participation is free of charge.","og_url":"http:\/\/www.procarton.com\/it\/young-talent-in-the-limelight\/","og_site_name":"Pro Carton","article_publisher":"https:\/\/www.facebook.com\/procartondesignaward\/","article_published_time":"2015-05-21T23:00:00+00:00","article_modified_time":"2021-11-07T16:01:02+00:00","og_image":[{"width":600,"height":400,"url":"https:\/\/www.procarton.com\/wp-content\/uploads\/2021\/02\/logo_yda_web.jpg","type":"image\/jpeg"}],"author":"esterling@admin","twitter_card":"summary_large_image","twitter_creator":"@pro_carton","twitter_site":"@pro_carton","twitter_misc":{"Scritto da":"esterling@admin","Tempo di lettura stimato":"2 minuti"},"schema":{"@context":"https:\/\/schema.org","@graph":[{"@type":"Article","@id":"http:\/\/www.procarton.com\/es\/young-talent-in-the-limelight\/#article","isPartOf":{"@id":"http:\/\/www.procarton.com\/es\/young-talent-in-the-limelight\/"},"author":{"name":"esterling@admin","@id":"https:\/\/www.procarton.com\/es\/#\/schema\/person\/872a075145d2c38578ff4eed7d481251"},"headline":"Young talent in the limelight!","datePublished":"2015-05-21T23:00:00+00:00","dateModified":"2021-11-07T16:01:02+00:00","mainEntityOfPage":{"@id":"http:\/\/www.procarton.com\/es\/young-talent-in-the-limelight\/"},"wordCount":395,"commentCount":0,"publisher":{"@id":"https:\/\/www.procarton.com\/es\/#organization"},"image":{"@id":"http:\/\/www.procarton.com\/es\/young-talent-in-the-limelight\/#primaryimage"},"thumbnailUrl":"https:\/\/www.procarton.com\/wp-content\/uploads\/2021\/02\/logo_yda_web.jpg","keywords":["Events"],"articleSection":["Awards"],"inLanguage":"it-IT","potentialAction":[{"@type":"CommentAction","name":"Comment","target":["http:\/\/www.procarton.com\/es\/young-talent-in-the-limelight\/#respond"]}]},{"@type":"WebPage","@id":"http:\/\/www.procarton.com\/es\/young-talent-in-the-limelight\/","url":"http:\/\/www.procarton.com\/es\/young-talent-in-the-limelight\/","name":"Giovani talenti alla ribalta! - Cartone Pro","isPartOf":{"@id":"https:\/\/www.procarton.com\/es\/#website"},"primaryImageOfPage":{"@id":"http:\/\/www.procarton.com\/es\/young-talent-in-the-limelight\/#primaryimage"},"image":{"@id":"http:\/\/www.procarton.com\/es\/young-talent-in-the-limelight\/#primaryimage"},"thumbnailUrl":"https:\/\/www.procarton.com\/wp-content\/uploads\/2021\/02\/logo_yda_web.jpg","datePublished":"2015-05-21T23:00:00+00:00","dateModified":"2021-11-07T16:01:02+00:00","breadcrumb":{"@id":"http:\/\/www.procarton.com\/es\/young-talent-in-the-limelight\/#breadcrumb"},"inLanguage":"it-IT","potentialAction":[{"@type":"ReadAction","target":["http:\/\/www.procarton.com\/es\/young-talent-in-the-limelight\/"]}]},{"@type":"ImageObject","inLanguage":"it-IT","@id":"http:\/\/www.procarton.com\/es\/young-talent-in-the-limelight\/#primaryimage","url":"https:\/\/www.procarton.com\/wp-content\/uploads\/2021\/02\/logo_yda_web.jpg","contentUrl":"https:\/\/www.procarton.com\/wp-content\/uploads\/2021\/02\/logo_yda_web.jpg","width":600,"height":400},{"@type":"BreadcrumbList","@id":"http:\/\/www.procarton.com\/es\/young-talent-in-the-limelight\/#breadcrumb","itemListElement":[{"@type":"ListItem","position":1,"name":"Home","item":"https:\/\/www.procarton.com\/"},{"@type":"ListItem","position":2,"name":"Young talent in the limelight!"}]},{"@type":"WebSite","@id":"https:\/\/www.procarton.com\/es\/#website","url":"https:\/\/www.procarton.com\/es\/","name":"Pro Carton","description":"","publisher":{"@id":"https:\/\/www.procarton.com\/es\/#organization"},"potentialAction":[{"@type":"SearchAction","target":{"@type":"EntryPoint","urlTemplate":"https:\/\/www.procarton.com\/es\/?s={search_term_string}"},"query-input":{"@type":"PropertyValueSpecification","valueRequired":true,"valueName":"search_term_string"}}],"inLanguage":"it-IT"},{"@type":"Organization","@id":"https:\/\/www.procarton.com\/es\/#organization","name":"ProCarton","url":"https:\/\/www.procarton.com\/es\/","logo":{"@type":"ImageObject","inLanguage":"it-IT","@id":"https:\/\/www.procarton.com\/es\/#\/schema\/logo\/image\/","url":"https:\/\/www.procarton.com\/wp-content\/uploads\/2022\/06\/logo-mit-slogan.jpg","contentUrl":"https:\/\/www.procarton.com\/wp-content\/uploads\/2022\/06\/logo-mit-slogan.jpg","width":422,"height":519,"caption":"ProCarton"},"image":{"@id":"https:\/\/www.procarton.com\/es\/#\/schema\/logo\/image\/"},"sameAs":["https:\/\/www.facebook.com\/procartondesignaward\/","https:\/\/x.com\/pro_carton"]},{"@type":"Person","@id":"https:\/\/www.procarton.com\/es\/#\/schema\/person\/872a075145d2c38578ff4eed7d481251","name":"esterling@admin","sameAs":["https:\/\/www.procarton.com"],"url":"https:\/\/www.procarton.com\/it\/author\/esterlingadmin\/"}]}},"_links":{"self":[{"href":"https:\/\/www.procarton.com\/it\/wp-json\/wp\/v2\/posts\/242125","targetHints":{"allow":["GET"]}}],"collection":[{"href":"https:\/\/www.procarton.com\/it\/wp-json\/wp\/v2\/posts"}],"about":[{"href":"https:\/\/www.procarton.com\/it\/wp-json\/wp\/v2\/types\/post"}],"author":[{"embeddable":true,"href":"https:\/\/www.procarton.com\/it\/wp-json\/wp\/v2\/users\/1"}],"replies":[{"embeddable":true,"href":"https:\/\/www.procarton.com\/it\/wp-json\/wp\/v2\/comments?post=242125"}],"version-history":[{"count":1,"href":"https:\/\/www.procarton.com\/it\/wp-json\/wp\/v2\/posts\/242125\/revisions"}],"predecessor-version":[{"id":266158,"href":"https:\/\/www.procarton.com\/it\/wp-json\/wp\/v2\/posts\/242125\/revisions\/266158"}],"wp:featuredmedia":[{"embeddable":true,"href":"https:\/\/www.procarton.com\/it\/wp-json\/wp\/v2\/media\/242126"}],"wp:attachment":[{"href":"https:\/\/www.procarton.com\/it\/wp-json\/wp\/v2\/media?parent=242125"}],"wp:term":[{"taxonomy":"category","embeddable":true,"href":"https:\/\/www.procarton.com\/it\/wp-json\/wp\/v2\/categories?post=242125"},{"taxonomy":"post_tag","embeddable":true,"href":"https:\/\/www.procarton.com\/it\/wp-json\/wp\/v2\/tags?post=242125"}],"curies":[{"name":"wp","href":"https:\/\/api.w.org\/{rel}","templated":true}]}}