{"id":242096,"date":"2014-11-27T00:00:00","date_gmt":"2014-11-27T00:00:00","guid":{"rendered":"https:\/\/www.procarton.com\/re-imagining-business\/"},"modified":"2021-11-07T16:02:01","modified_gmt":"2021-11-07T16:02:01","slug":"re-imagining-business","status":"publish","type":"post","link":"https:\/\/www.procarton.com\/it\/re-imagining-business\/","title":{"rendered":"Re-immaginare il business"},"content":{"rendered":"<p><strong>\"Non dobbiamo solo migliorare, dobbiamo essere davvero bravi\", ha dichiarato Tim \"Mac\" Macartney al Congresso ECMA Pro Carton: solo il cento per cento di sostenibilit\u00e0 in tutti i settori cambier\u00e0 il futuro dei nostri figli. Ha espresso grande rispetto per i progressi compiuti dall'industria del cartone e del cartoncino in questo senso. Ecco i suoi commenti principali.<\/strong><\/p>\n<p>\"Ho una sfida particolarmente difficile: mi rendo conto che, per molti versi, l'industria del cartone e del cartoncino \u00e8 all'avanguardia. Si occupa di un prodotto e di una creazione in un ambiente che per molti versi si sta spingendo verso il punto in cui potremmo dire che \u00e8 sostenibile\".<\/p>\n<p>\"La maggior parte degli sforzi verso la sostenibilit\u00e0 non produce la situazione di cui abbiamo realmente bisogno, ma semplicemente meno male. Ma meno male non \u00e8 abbastanza. Come possiamo cambiare il modello di business? Come possiamo trovare una via per una vita diversa su questo pianeta, tale da poter condividere tutta la ricchezza e la prosperit\u00e0 nel nostro mondo, insieme alla giustizia sociale e ai diritti umani, senza far collassare il futuro?\"<\/p>\n<p>\"Ho avuto la fortuna di parlare con Paul Polman, CEO di Unilever, e di ascoltare il suo punto di vista. E mentre parlavo con lui ho pensato: \"Sta cominciando a succedere! Quest'uomo crede davvero in queste cose. Per quest'uomo non c'\u00e8 soddisfazione nel creare semplicemente un'operazione commerciale di grande successo. Vuole qualcosa di pi\u00f9. Perch\u00e9 non dovremmo portare le cose che amiamo veramente, che significano tutto per noi, proprio nel cuore del nostro lavoro?\".<\/p>\n<p>\"Le grandi aziende hanno il potere e le connessioni, sono loro che dovrebbero farlo. Ma tutti dicono che. 'Perch\u00e9 io?' E se non ce la fanno, dicono 'stiamo gi\u00e0 facendo molto'. Meno male non \u00e8 abbastanza. C'\u00e8 qualcosa che ci sfugge della sostenibilit\u00e0. Innanzitutto non ha certo a che fare solo con l'ambiente. \u00c8 quello che Charles Eisenstein chiama il mondo pi\u00f9 bello che i nostri cuori sanno essere possibile. \u00c8 quello che io chiamo il mondo del nostro desiderio. Finch\u00e9 la risposta non diventer\u00e0 'S\u00ec, io!', in modi piccoli o enormi, nella mia piccola azienda familiare, in questa grande azienda, ci siederemo come azienda e discuteremo e parleremo di come possiamo essere una forza per il bene e il cambiamento trasformativo in questo mondo\".<\/p>\n<p>\"Perch\u00e9 \u00e8 cos\u00ec importante che le imprese adottino questa linea? \u00c8 cos\u00ec importante perch\u00e9 non c'\u00e8 nessun altro potere su questa terra che abbia le competenze, l'energia, la capacit\u00e0 e il potere che hanno le imprese di trasformare le idee in azione, di far accadere le cose. Un anno o due fa un gruppo di uomini d'affari, tra cui Sir Richard Branson, Kathy Calvin, Arianna Huffington, Mo Ibrahim, Paul Polman, Jochen Zeitz e alcuni altri, si \u00e8 riunito e ha dichiarato il proprio impegno a fare dell'impresa una forza di trasformazione per il bene del nostro mondo: \"La nostra missione \u00e8 catalizzare un modo migliore di fare impresa per il benessere delle persone e del pianeta. La nostra visione del futuro \u00e8 un mondo in cui lo scopo del business \u00e8 quello di essere una forza trainante per i benefici sociali, ambientali ed economici\".<\/p>\n<p>\"Questo \u00e8 l'invito che ci viene rivolto. La cosa pi\u00f9 bella di tutta questa storia della sostenibilit\u00e0 \u00e8 che offre alle aziende una visione. Dice che la nostra azienda non si limita a creare questi cartoni belli, innovativi, ben progettati ed estremamente pratici, la nostra azienda si occupa di cambiare la natura del business su questa terra. La nostra azienda \u00e8 una forza del bene in questo mondo. E se foste in grado di parlare veramente ai vostri collaboratori a questo livello, al punto che essi sappiano che lo pensate davvero e che non \u00e8 negoziabile e che siete in viaggio, scatenereste tutta la buona volont\u00e0 che le persone darebbero se solo si fidassero di voi e riuscissero a vedere la verit\u00e0 di tutto questo\".<\/p>\n<p>\"Perch\u00e9 dovrebbero farlo? Perch\u00e9 nel loro cuore vorrebbero lavorare per aziende che sono in linea con ci\u00f2 che amano: i loro figli, i loro partner, le loro famiglie, le loro comunit\u00e0. Potremmo raggiungere tutti gli obiettivi commerciali che vogliamo, ma alla fine, quando arriver\u00e0 il nostro momento, quando ci allontaneremo e faremo un passo indietro, potremo dire: \"Abbiamo fatto qualcosa di veramente meraviglioso\".<\/p>","protected":false},"excerpt":{"rendered":"<p>\"Non dobbiamo solo migliorare, dobbiamo essere davvero bravi\", ha dichiarato Tim \"Mac\" Macartney all'ECMA Pro Carton Congress: solo il cento per cento di sostenibilit\u00e0 in tutti i settori cambier\u00e0 il futuro.<\/p>","protected":false},"author":1,"featured_media":242097,"comment_status":"open","ping_status":"open","sticky":false,"template":"","format":"standard","meta":{"inline_featured_image":false,"footnotes":""},"categories":[44,52],"tags":[45],"class_list":["post-242096","post","type-post","status-publish","format-standard","has-post-thumbnail","hentry","category-marketing-trends","category-sustainability","tag-experts-it"],"yoast_head":"<!-- This site is optimized with the Yoast SEO plugin v27.4 - https:\/\/yoast.com\/product\/yoast-seo-wordpress\/ -->\n<title>Re-imagining business - Pro Carton<\/title>\n<meta name=\"robots\" content=\"index, follow, max-snippet:-1, max-image-preview:large, max-video-preview:-1\" \/>\n<link rel=\"canonical\" href=\"https:\/\/www.procarton.com\/it\/re-imagining-business\/\" \/>\n<meta property=\"og:locale\" content=\"it_IT\" \/>\n<meta property=\"og:type\" content=\"article\" \/>\n<meta property=\"og:title\" content=\"Re-imagining business - Pro Carton\" \/>\n<meta property=\"og:description\" content=\"&quot;We don&#039;t just have to get better, we need to be really good\u201c, said Tim &quot;Mac\u201c Macartney at the ECMA Pro Carton Congress: only one hundred per cent sustainability in all areas will change the future.\" \/>\n<meta property=\"og:url\" content=\"https:\/\/www.procarton.com\/it\/re-imagining-business\/\" \/>\n<meta property=\"og:site_name\" content=\"Pro Carton\" \/>\n<meta property=\"article:publisher\" content=\"https:\/\/www.facebook.com\/procartondesignaward\/\" \/>\n<meta property=\"article:published_time\" content=\"2014-11-27T00:00:00+00:00\" \/>\n<meta property=\"article:modified_time\" content=\"2021-11-07T16:02:01+00:00\" \/>\n<meta property=\"og:image\" content=\"https:\/\/www.procarton.com\/wp-content\/uploads\/2021\/02\/macartney.jpg\" \/>\n\t<meta property=\"og:image:width\" content=\"1772\" \/>\n\t<meta property=\"og:image:height\" content=\"1181\" \/>\n\t<meta property=\"og:image:type\" content=\"image\/jpeg\" \/>\n<meta name=\"author\" content=\"esterling@admin\" \/>\n<meta name=\"twitter:card\" content=\"summary_large_image\" \/>\n<meta name=\"twitter:creator\" content=\"@pro_carton\" \/>\n<meta name=\"twitter:site\" content=\"@pro_carton\" \/>\n<meta name=\"twitter:label1\" content=\"Scritto da\" \/>\n\t<meta name=\"twitter:data1\" content=\"esterling@admin\" \/>\n\t<meta name=\"twitter:label2\" content=\"Tempo di lettura stimato\" \/>\n\t<meta name=\"twitter:data2\" content=\"4 minuti\" \/>\n<script type=\"application\/ld+json\" class=\"yoast-schema-graph\">{\"@context\":\"https:\\\/\\\/schema.org\",\"@graph\":[{\"@type\":\"Article\",\"@id\":\"https:\\\/\\\/www.procarton.com\\\/es\\\/re-imagining-business\\\/#article\",\"isPartOf\":{\"@id\":\"https:\\\/\\\/www.procarton.com\\\/es\\\/re-imagining-business\\\/\"},\"author\":{\"name\":\"esterling@admin\",\"@id\":\"https:\\\/\\\/www.procarton.com\\\/es\\\/#\\\/schema\\\/person\\\/872a075145d2c38578ff4eed7d481251\"},\"headline\":\"Re-imagining business\",\"datePublished\":\"2014-11-27T00:00:00+00:00\",\"dateModified\":\"2021-11-07T16:02:01+00:00\",\"mainEntityOfPage\":{\"@id\":\"https:\\\/\\\/www.procarton.com\\\/es\\\/re-imagining-business\\\/\"},\"wordCount\":732,\"commentCount\":0,\"publisher\":{\"@id\":\"https:\\\/\\\/www.procarton.com\\\/es\\\/#organization\"},\"image\":{\"@id\":\"https:\\\/\\\/www.procarton.com\\\/es\\\/re-imagining-business\\\/#primaryimage\"},\"thumbnailUrl\":\"https:\\\/\\\/www.procarton.com\\\/wp-content\\\/uploads\\\/2021\\\/02\\\/macartney.jpg\",\"keywords\":[\"Experts\"],\"articleSection\":[\"Marketing Trends\",\"Sustainability\"],\"inLanguage\":\"it-IT\",\"potentialAction\":[{\"@type\":\"CommentAction\",\"name\":\"Comment\",\"target\":[\"https:\\\/\\\/www.procarton.com\\\/es\\\/re-imagining-business\\\/#respond\"]}]},{\"@type\":\"WebPage\",\"@id\":\"https:\\\/\\\/www.procarton.com\\\/es\\\/re-imagining-business\\\/\",\"url\":\"https:\\\/\\\/www.procarton.com\\\/es\\\/re-imagining-business\\\/\",\"name\":\"Re-imagining business - Pro Carton\",\"isPartOf\":{\"@id\":\"https:\\\/\\\/www.procarton.com\\\/es\\\/#website\"},\"primaryImageOfPage\":{\"@id\":\"https:\\\/\\\/www.procarton.com\\\/es\\\/re-imagining-business\\\/#primaryimage\"},\"image\":{\"@id\":\"https:\\\/\\\/www.procarton.com\\\/es\\\/re-imagining-business\\\/#primaryimage\"},\"thumbnailUrl\":\"https:\\\/\\\/www.procarton.com\\\/wp-content\\\/uploads\\\/2021\\\/02\\\/macartney.jpg\",\"datePublished\":\"2014-11-27T00:00:00+00:00\",\"dateModified\":\"2021-11-07T16:02:01+00:00\",\"breadcrumb\":{\"@id\":\"https:\\\/\\\/www.procarton.com\\\/es\\\/re-imagining-business\\\/#breadcrumb\"},\"inLanguage\":\"it-IT\",\"potentialAction\":[{\"@type\":\"ReadAction\",\"target\":[\"https:\\\/\\\/www.procarton.com\\\/es\\\/re-imagining-business\\\/\"]}]},{\"@type\":\"ImageObject\",\"inLanguage\":\"it-IT\",\"@id\":\"https:\\\/\\\/www.procarton.com\\\/es\\\/re-imagining-business\\\/#primaryimage\",\"url\":\"https:\\\/\\\/www.procarton.com\\\/wp-content\\\/uploads\\\/2021\\\/02\\\/macartney.jpg\",\"contentUrl\":\"https:\\\/\\\/www.procarton.com\\\/wp-content\\\/uploads\\\/2021\\\/02\\\/macartney.jpg\",\"width\":1772,\"height\":1181},{\"@type\":\"BreadcrumbList\",\"@id\":\"https:\\\/\\\/www.procarton.com\\\/es\\\/re-imagining-business\\\/#breadcrumb\",\"itemListElement\":[{\"@type\":\"ListItem\",\"position\":1,\"name\":\"Home\",\"item\":\"https:\\\/\\\/www.procarton.com\\\/\"},{\"@type\":\"ListItem\",\"position\":2,\"name\":\"Re-imagining business\"}]},{\"@type\":\"WebSite\",\"@id\":\"https:\\\/\\\/www.procarton.com\\\/es\\\/#website\",\"url\":\"https:\\\/\\\/www.procarton.com\\\/es\\\/\",\"name\":\"Pro Carton\",\"description\":\"\",\"publisher\":{\"@id\":\"https:\\\/\\\/www.procarton.com\\\/es\\\/#organization\"},\"potentialAction\":[{\"@type\":\"SearchAction\",\"target\":{\"@type\":\"EntryPoint\",\"urlTemplate\":\"https:\\\/\\\/www.procarton.com\\\/es\\\/?s={search_term_string}\"},\"query-input\":{\"@type\":\"PropertyValueSpecification\",\"valueRequired\":true,\"valueName\":\"search_term_string\"}}],\"inLanguage\":\"it-IT\"},{\"@type\":\"Organization\",\"@id\":\"https:\\\/\\\/www.procarton.com\\\/es\\\/#organization\",\"name\":\"ProCarton\",\"url\":\"https:\\\/\\\/www.procarton.com\\\/es\\\/\",\"logo\":{\"@type\":\"ImageObject\",\"inLanguage\":\"it-IT\",\"@id\":\"https:\\\/\\\/www.procarton.com\\\/es\\\/#\\\/schema\\\/logo\\\/image\\\/\",\"url\":\"https:\\\/\\\/www.procarton.com\\\/wp-content\\\/uploads\\\/2022\\\/06\\\/logo-mit-slogan.jpg\",\"contentUrl\":\"https:\\\/\\\/www.procarton.com\\\/wp-content\\\/uploads\\\/2022\\\/06\\\/logo-mit-slogan.jpg\",\"width\":422,\"height\":519,\"caption\":\"ProCarton\"},\"image\":{\"@id\":\"https:\\\/\\\/www.procarton.com\\\/es\\\/#\\\/schema\\\/logo\\\/image\\\/\"},\"sameAs\":[\"https:\\\/\\\/www.facebook.com\\\/procartondesignaward\\\/\",\"https:\\\/\\\/x.com\\\/pro_carton\"]},{\"@type\":\"Person\",\"@id\":\"https:\\\/\\\/www.procarton.com\\\/es\\\/#\\\/schema\\\/person\\\/872a075145d2c38578ff4eed7d481251\",\"name\":\"esterling@admin\",\"sameAs\":[\"https:\\\/\\\/www.procarton.com\"],\"url\":\"https:\\\/\\\/www.procarton.com\\\/it\\\/author\\\/esterlingadmin\\\/\"}]}<\/script>\n<!-- \/ Yoast SEO plugin. -->","yoast_head_json":{"title":"Ripensare il business - Pro Carton","robots":{"index":"index","follow":"follow","max-snippet":"max-snippet:-1","max-image-preview":"max-image-preview:large","max-video-preview":"max-video-preview:-1"},"canonical":"https:\/\/www.procarton.com\/it\/re-imagining-business\/","og_locale":"it_IT","og_type":"article","og_title":"Re-imagining business - Pro Carton","og_description":"\"We don't just have to get better, we need to be really good\u201c, said Tim \"Mac\u201c Macartney at the ECMA Pro Carton Congress: only one hundred per cent sustainability in all areas will change the future.","og_url":"https:\/\/www.procarton.com\/it\/re-imagining-business\/","og_site_name":"Pro Carton","article_publisher":"https:\/\/www.facebook.com\/procartondesignaward\/","article_published_time":"2014-11-27T00:00:00+00:00","article_modified_time":"2021-11-07T16:02:01+00:00","og_image":[{"width":1772,"height":1181,"url":"https:\/\/www.procarton.com\/wp-content\/uploads\/2021\/02\/macartney.jpg","type":"image\/jpeg"}],"author":"esterling@admin","twitter_card":"summary_large_image","twitter_creator":"@pro_carton","twitter_site":"@pro_carton","twitter_misc":{"Scritto da":"esterling@admin","Tempo di lettura stimato":"4 minuti"},"schema":{"@context":"https:\/\/schema.org","@graph":[{"@type":"Article","@id":"https:\/\/www.procarton.com\/es\/re-imagining-business\/#article","isPartOf":{"@id":"https:\/\/www.procarton.com\/es\/re-imagining-business\/"},"author":{"name":"esterling@admin","@id":"https:\/\/www.procarton.com\/es\/#\/schema\/person\/872a075145d2c38578ff4eed7d481251"},"headline":"Re-imagining business","datePublished":"2014-11-27T00:00:00+00:00","dateModified":"2021-11-07T16:02:01+00:00","mainEntityOfPage":{"@id":"https:\/\/www.procarton.com\/es\/re-imagining-business\/"},"wordCount":732,"commentCount":0,"publisher":{"@id":"https:\/\/www.procarton.com\/es\/#organization"},"image":{"@id":"https:\/\/www.procarton.com\/es\/re-imagining-business\/#primaryimage"},"thumbnailUrl":"https:\/\/www.procarton.com\/wp-content\/uploads\/2021\/02\/macartney.jpg","keywords":["Experts"],"articleSection":["Marketing Trends","Sustainability"],"inLanguage":"it-IT","potentialAction":[{"@type":"CommentAction","name":"Comment","target":["https:\/\/www.procarton.com\/es\/re-imagining-business\/#respond"]}]},{"@type":"WebPage","@id":"https:\/\/www.procarton.com\/es\/re-imagining-business\/","url":"https:\/\/www.procarton.com\/es\/re-imagining-business\/","name":"Ripensare il business - Pro Carton","isPartOf":{"@id":"https:\/\/www.procarton.com\/es\/#website"},"primaryImageOfPage":{"@id":"https:\/\/www.procarton.com\/es\/re-imagining-business\/#primaryimage"},"image":{"@id":"https:\/\/www.procarton.com\/es\/re-imagining-business\/#primaryimage"},"thumbnailUrl":"https:\/\/www.procarton.com\/wp-content\/uploads\/2021\/02\/macartney.jpg","datePublished":"2014-11-27T00:00:00+00:00","dateModified":"2021-11-07T16:02:01+00:00","breadcrumb":{"@id":"https:\/\/www.procarton.com\/es\/re-imagining-business\/#breadcrumb"},"inLanguage":"it-IT","potentialAction":[{"@type":"ReadAction","target":["https:\/\/www.procarton.com\/es\/re-imagining-business\/"]}]},{"@type":"ImageObject","inLanguage":"it-IT","@id":"https:\/\/www.procarton.com\/es\/re-imagining-business\/#primaryimage","url":"https:\/\/www.procarton.com\/wp-content\/uploads\/2021\/02\/macartney.jpg","contentUrl":"https:\/\/www.procarton.com\/wp-content\/uploads\/2021\/02\/macartney.jpg","width":1772,"height":1181},{"@type":"BreadcrumbList","@id":"https:\/\/www.procarton.com\/es\/re-imagining-business\/#breadcrumb","itemListElement":[{"@type":"ListItem","position":1,"name":"Home","item":"https:\/\/www.procarton.com\/"},{"@type":"ListItem","position":2,"name":"Re-imagining business"}]},{"@type":"WebSite","@id":"https:\/\/www.procarton.com\/es\/#website","url":"https:\/\/www.procarton.com\/es\/","name":"Pro Carton","description":"","publisher":{"@id":"https:\/\/www.procarton.com\/es\/#organization"},"potentialAction":[{"@type":"SearchAction","target":{"@type":"EntryPoint","urlTemplate":"https:\/\/www.procarton.com\/es\/?s={search_term_string}"},"query-input":{"@type":"PropertyValueSpecification","valueRequired":true,"valueName":"search_term_string"}}],"inLanguage":"it-IT"},{"@type":"Organization","@id":"https:\/\/www.procarton.com\/es\/#organization","name":"ProCarton","url":"https:\/\/www.procarton.com\/es\/","logo":{"@type":"ImageObject","inLanguage":"it-IT","@id":"https:\/\/www.procarton.com\/es\/#\/schema\/logo\/image\/","url":"https:\/\/www.procarton.com\/wp-content\/uploads\/2022\/06\/logo-mit-slogan.jpg","contentUrl":"https:\/\/www.procarton.com\/wp-content\/uploads\/2022\/06\/logo-mit-slogan.jpg","width":422,"height":519,"caption":"ProCarton"},"image":{"@id":"https:\/\/www.procarton.com\/es\/#\/schema\/logo\/image\/"},"sameAs":["https:\/\/www.facebook.com\/procartondesignaward\/","https:\/\/x.com\/pro_carton"]},{"@type":"Person","@id":"https:\/\/www.procarton.com\/es\/#\/schema\/person\/872a075145d2c38578ff4eed7d481251","name":"esterling@admin","sameAs":["https:\/\/www.procarton.com"],"url":"https:\/\/www.procarton.com\/it\/author\/esterlingadmin\/"}]}},"_links":{"self":[{"href":"https:\/\/www.procarton.com\/it\/wp-json\/wp\/v2\/posts\/242096","targetHints":{"allow":["GET"]}}],"collection":[{"href":"https:\/\/www.procarton.com\/it\/wp-json\/wp\/v2\/posts"}],"about":[{"href":"https:\/\/www.procarton.com\/it\/wp-json\/wp\/v2\/types\/post"}],"author":[{"embeddable":true,"href":"https:\/\/www.procarton.com\/it\/wp-json\/wp\/v2\/users\/1"}],"replies":[{"embeddable":true,"href":"https:\/\/www.procarton.com\/it\/wp-json\/wp\/v2\/comments?post=242096"}],"version-history":[{"count":1,"href":"https:\/\/www.procarton.com\/it\/wp-json\/wp\/v2\/posts\/242096\/revisions"}],"predecessor-version":[{"id":266167,"href":"https:\/\/www.procarton.com\/it\/wp-json\/wp\/v2\/posts\/242096\/revisions\/266167"}],"wp:featuredmedia":[{"embeddable":true,"href":"https:\/\/www.procarton.com\/it\/wp-json\/wp\/v2\/media\/242097"}],"wp:attachment":[{"href":"https:\/\/www.procarton.com\/it\/wp-json\/wp\/v2\/media?parent=242096"}],"wp:term":[{"taxonomy":"category","embeddable":true,"href":"https:\/\/www.procarton.com\/it\/wp-json\/wp\/v2\/categories?post=242096"},{"taxonomy":"post_tag","embeddable":true,"href":"https:\/\/www.procarton.com\/it\/wp-json\/wp\/v2\/tags?post=242096"}],"curies":[{"name":"wp","href":"https:\/\/api.w.org\/{rel}","templated":true}]}}