{"id":241776,"date":"2012-01-30T00:00:00","date_gmt":"2012-01-30T00:00:00","guid":{"rendered":"https:\/\/www.procarton.com\/last-call-for-entries-5-february-2012-closing-date-international-pro-carton-design-award-2012\/"},"modified":"2021-11-07T16:12:08","modified_gmt":"2021-11-07T16:12:08","slug":"last-call-for-entries-5-february-2012-closing-date-international-pro-carton-design-award-2012","status":"publish","type":"post","link":"https:\/\/www.procarton.com\/it\/last-call-for-entries-5-february-2012-closing-date-international-pro-carton-design-award-2012\/","title":{"rendered":"Ultima chiamata per le iscrizioni: 5. Febbraio 2012 data di chiusura International Pro Carton Design Award 2012"},"content":{"rendered":"<p>L'International Pro Carton Design Award premia nuove idee di design non ancora realizzate nelle applicazioni del cartone ed \u00e8 aperto agli studenti. La partecipazione \u00e8 gratuita. La data di chiusura ufficiale \u00e8 il 5 febbraio 2012 - chi non avesse ancora completato il proprio progetto pu\u00f2 concordare una breve proroga con <a href='mailto:mcewen@procarton.com' target='_blank' rel=\"noopener\">Pro Carton<\/a>.<\/p>\n<p><a href='\/files\/file_manager\/press_0112\/p_0112_lac_e.html ' target='_blank' rel=\"noopener\">Pi\u00f9 ...<\/a><\/p>","protected":false},"excerpt":{"rendered":"<p>L'International Pro Carton Design Award premia nuove idee di design non ancora realizzate nelle applicazioni del cartone ed \u00e8 aperto agli studenti. La partecipazione \u00e8 gratuita. La data di chiusura ufficiale \u00e8 il 5 febbraio 2012 - chi non avesse ancora completato il proprio progetto pu\u00f2 concordare una breve proroga con <a href='mailto:mcewen@procarton.com' target='_blank' rel=\"noopener\">Pro Carton<\/a>.<\/p>\n<p><a href='\/files\/file_manager\/press_0112\/p_0112_lac_e.html ' target='_blank' rel=\"noopener\">Pi\u00f9 ...<\/a><\/p>","protected":false},"author":1,"featured_media":241777,"comment_status":"open","ping_status":"open","sticky":false,"template":"","format":"standard","meta":{"inline_featured_image":false,"footnotes":""},"categories":[42],"tags":[37],"class_list":["post-241776","post","type-post","status-publish","format-standard","has-post-thumbnail","hentry","category-awards","tag-events-fr"],"yoast_head":"<!-- This site is optimized with the Yoast SEO plugin v27.4 - https:\/\/yoast.com\/product\/yoast-seo-wordpress\/ -->\n<title>Last Call for Entries: 5. February 2012 closing date International Pro Carton Design Award 2012 - Pro Carton<\/title>\n<meta name=\"robots\" content=\"index, follow, max-snippet:-1, max-image-preview:large, max-video-preview:-1\" \/>\n<link rel=\"canonical\" href=\"https:\/\/www.procarton.com\/it\/last-call-for-entries-5-february-2012-closing-date-international-pro-carton-design-award-2012\/\" \/>\n<meta property=\"og:locale\" content=\"it_IT\" \/>\n<meta property=\"og:type\" content=\"article\" \/>\n<meta property=\"og:title\" content=\"Last Call for Entries: 5. February 2012 closing date International Pro Carton Design Award 2012 - Pro Carton\" \/>\n<meta property=\"og:description\" content=\"The International Pro Carton Design Award honours new, as yet not realised design ideas in cartonboard applications, and is open to students. Participation is free of charge. The official closing date is 5. February 2012 \u2013 anyone who has not quite completed his\/her project can arrange for a brief time extension with Pro Carton.More ...\" \/>\n<meta property=\"og:url\" content=\"https:\/\/www.procarton.com\/it\/last-call-for-entries-5-february-2012-closing-date-international-pro-carton-design-award-2012\/\" \/>\n<meta property=\"og:site_name\" content=\"Pro Carton\" \/>\n<meta property=\"article:publisher\" content=\"https:\/\/www.facebook.com\/procartondesignaward\/\" \/>\n<meta property=\"article:published_time\" content=\"2012-01-30T00:00:00+00:00\" \/>\n<meta property=\"article:modified_time\" content=\"2021-11-07T16:12:08+00:00\" \/>\n<meta property=\"og:image\" content=\"https:\/\/www.procarton.com\/wp-content\/uploads\/2021\/02\/da_winner_20081.jpg\" \/>\n\t<meta property=\"og:image:width\" content=\"600\" \/>\n\t<meta property=\"og:image:height\" content=\"400\" \/>\n\t<meta property=\"og:image:type\" content=\"image\/jpeg\" \/>\n<meta name=\"author\" content=\"esterling@admin\" \/>\n<meta name=\"twitter:card\" content=\"summary_large_image\" \/>\n<meta name=\"twitter:creator\" content=\"@pro_carton\" \/>\n<meta name=\"twitter:site\" content=\"@pro_carton\" \/>\n<meta name=\"twitter:label1\" content=\"Scritto da\" \/>\n\t<meta name=\"twitter:data1\" content=\"esterling@admin\" \/>\n<script type=\"application\/ld+json\" class=\"yoast-schema-graph\">{\"@context\":\"https:\\\/\\\/schema.org\",\"@graph\":[{\"@type\":\"Article\",\"@id\":\"https:\\\/\\\/www.procarton.com\\\/es\\\/last-call-for-entries-5-february-2012-closing-date-international-pro-carton-design-award-2012\\\/#article\",\"isPartOf\":{\"@id\":\"https:\\\/\\\/www.procarton.com\\\/es\\\/last-call-for-entries-5-february-2012-closing-date-international-pro-carton-design-award-2012\\\/\"},\"author\":{\"name\":\"esterling@admin\",\"@id\":\"https:\\\/\\\/www.procarton.com\\\/es\\\/#\\\/schema\\\/person\\\/872a075145d2c38578ff4eed7d481251\"},\"headline\":\"Last Call for Entries: 5. February 2012 closing date International Pro Carton Design Award 2012\",\"datePublished\":\"2012-01-30T00:00:00+00:00\",\"dateModified\":\"2021-11-07T16:12:08+00:00\",\"mainEntityOfPage\":{\"@id\":\"https:\\\/\\\/www.procarton.com\\\/es\\\/last-call-for-entries-5-february-2012-closing-date-international-pro-carton-design-award-2012\\\/\"},\"wordCount\":65,\"commentCount\":0,\"publisher\":{\"@id\":\"https:\\\/\\\/www.procarton.com\\\/es\\\/#organization\"},\"image\":{\"@id\":\"https:\\\/\\\/www.procarton.com\\\/es\\\/last-call-for-entries-5-february-2012-closing-date-international-pro-carton-design-award-2012\\\/#primaryimage\"},\"thumbnailUrl\":\"https:\\\/\\\/www.procarton.com\\\/wp-content\\\/uploads\\\/2021\\\/02\\\/da_winner_20081.jpg\",\"keywords\":[\"Events\"],\"articleSection\":[\"Awards\"],\"inLanguage\":\"it-IT\",\"potentialAction\":[{\"@type\":\"CommentAction\",\"name\":\"Comment\",\"target\":[\"https:\\\/\\\/www.procarton.com\\\/es\\\/last-call-for-entries-5-february-2012-closing-date-international-pro-carton-design-award-2012\\\/#respond\"]}]},{\"@type\":\"WebPage\",\"@id\":\"https:\\\/\\\/www.procarton.com\\\/es\\\/last-call-for-entries-5-february-2012-closing-date-international-pro-carton-design-award-2012\\\/\",\"url\":\"https:\\\/\\\/www.procarton.com\\\/es\\\/last-call-for-entries-5-february-2012-closing-date-international-pro-carton-design-award-2012\\\/\",\"name\":\"Last Call for Entries: 5. February 2012 closing date International Pro Carton Design Award 2012 - Pro Carton\",\"isPartOf\":{\"@id\":\"https:\\\/\\\/www.procarton.com\\\/es\\\/#website\"},\"primaryImageOfPage\":{\"@id\":\"https:\\\/\\\/www.procarton.com\\\/es\\\/last-call-for-entries-5-february-2012-closing-date-international-pro-carton-design-award-2012\\\/#primaryimage\"},\"image\":{\"@id\":\"https:\\\/\\\/www.procarton.com\\\/es\\\/last-call-for-entries-5-february-2012-closing-date-international-pro-carton-design-award-2012\\\/#primaryimage\"},\"thumbnailUrl\":\"https:\\\/\\\/www.procarton.com\\\/wp-content\\\/uploads\\\/2021\\\/02\\\/da_winner_20081.jpg\",\"datePublished\":\"2012-01-30T00:00:00+00:00\",\"dateModified\":\"2021-11-07T16:12:08+00:00\",\"breadcrumb\":{\"@id\":\"https:\\\/\\\/www.procarton.com\\\/es\\\/last-call-for-entries-5-february-2012-closing-date-international-pro-carton-design-award-2012\\\/#breadcrumb\"},\"inLanguage\":\"it-IT\",\"potentialAction\":[{\"@type\":\"ReadAction\",\"target\":[\"https:\\\/\\\/www.procarton.com\\\/es\\\/last-call-for-entries-5-february-2012-closing-date-international-pro-carton-design-award-2012\\\/\"]}]},{\"@type\":\"ImageObject\",\"inLanguage\":\"it-IT\",\"@id\":\"https:\\\/\\\/www.procarton.com\\\/es\\\/last-call-for-entries-5-february-2012-closing-date-international-pro-carton-design-award-2012\\\/#primaryimage\",\"url\":\"https:\\\/\\\/www.procarton.com\\\/wp-content\\\/uploads\\\/2021\\\/02\\\/da_winner_20081.jpg\",\"contentUrl\":\"https:\\\/\\\/www.procarton.com\\\/wp-content\\\/uploads\\\/2021\\\/02\\\/da_winner_20081.jpg\",\"width\":600,\"height\":400},{\"@type\":\"BreadcrumbList\",\"@id\":\"https:\\\/\\\/www.procarton.com\\\/es\\\/last-call-for-entries-5-february-2012-closing-date-international-pro-carton-design-award-2012\\\/#breadcrumb\",\"itemListElement\":[{\"@type\":\"ListItem\",\"position\":1,\"name\":\"Home\",\"item\":\"https:\\\/\\\/www.procarton.com\\\/\"},{\"@type\":\"ListItem\",\"position\":2,\"name\":\"Last Call for Entries: 5. February 2012 closing date International Pro Carton Design Award 2012\"}]},{\"@type\":\"WebSite\",\"@id\":\"https:\\\/\\\/www.procarton.com\\\/es\\\/#website\",\"url\":\"https:\\\/\\\/www.procarton.com\\\/es\\\/\",\"name\":\"Pro Carton\",\"description\":\"\",\"publisher\":{\"@id\":\"https:\\\/\\\/www.procarton.com\\\/es\\\/#organization\"},\"potentialAction\":[{\"@type\":\"SearchAction\",\"target\":{\"@type\":\"EntryPoint\",\"urlTemplate\":\"https:\\\/\\\/www.procarton.com\\\/es\\\/?s={search_term_string}\"},\"query-input\":{\"@type\":\"PropertyValueSpecification\",\"valueRequired\":true,\"valueName\":\"search_term_string\"}}],\"inLanguage\":\"it-IT\"},{\"@type\":\"Organization\",\"@id\":\"https:\\\/\\\/www.procarton.com\\\/es\\\/#organization\",\"name\":\"ProCarton\",\"url\":\"https:\\\/\\\/www.procarton.com\\\/es\\\/\",\"logo\":{\"@type\":\"ImageObject\",\"inLanguage\":\"it-IT\",\"@id\":\"https:\\\/\\\/www.procarton.com\\\/es\\\/#\\\/schema\\\/logo\\\/image\\\/\",\"url\":\"https:\\\/\\\/www.procarton.com\\\/wp-content\\\/uploads\\\/2022\\\/06\\\/logo-mit-slogan.jpg\",\"contentUrl\":\"https:\\\/\\\/www.procarton.com\\\/wp-content\\\/uploads\\\/2022\\\/06\\\/logo-mit-slogan.jpg\",\"width\":422,\"height\":519,\"caption\":\"ProCarton\"},\"image\":{\"@id\":\"https:\\\/\\\/www.procarton.com\\\/es\\\/#\\\/schema\\\/logo\\\/image\\\/\"},\"sameAs\":[\"https:\\\/\\\/www.facebook.com\\\/procartondesignaward\\\/\",\"https:\\\/\\\/x.com\\\/pro_carton\"]},{\"@type\":\"Person\",\"@id\":\"https:\\\/\\\/www.procarton.com\\\/es\\\/#\\\/schema\\\/person\\\/872a075145d2c38578ff4eed7d481251\",\"name\":\"esterling@admin\",\"sameAs\":[\"https:\\\/\\\/www.procarton.com\"],\"url\":\"https:\\\/\\\/www.procarton.com\\\/it\\\/author\\\/esterlingadmin\\\/\"}]}<\/script>\n<!-- \/ Yoast SEO plugin. -->","yoast_head_json":{"title":"Ultima chiamata per le iscrizioni: 5. Data di chiusura febbraio 2012 International Pro Carton Design Award 2012 - Pro Carton","robots":{"index":"index","follow":"follow","max-snippet":"max-snippet:-1","max-image-preview":"max-image-preview:large","max-video-preview":"max-video-preview:-1"},"canonical":"https:\/\/www.procarton.com\/it\/last-call-for-entries-5-february-2012-closing-date-international-pro-carton-design-award-2012\/","og_locale":"it_IT","og_type":"article","og_title":"Last Call for Entries: 5. February 2012 closing date International Pro Carton Design Award 2012 - Pro Carton","og_description":"The International Pro Carton Design Award honours new, as yet not realised design ideas in cartonboard applications, and is open to students. Participation is free of charge. The official closing date is 5. February 2012 \u2013 anyone who has not quite completed his\/her project can arrange for a brief time extension with Pro Carton.More ...","og_url":"https:\/\/www.procarton.com\/it\/last-call-for-entries-5-february-2012-closing-date-international-pro-carton-design-award-2012\/","og_site_name":"Pro Carton","article_publisher":"https:\/\/www.facebook.com\/procartondesignaward\/","article_published_time":"2012-01-30T00:00:00+00:00","article_modified_time":"2021-11-07T16:12:08+00:00","og_image":[{"width":600,"height":400,"url":"https:\/\/www.procarton.com\/wp-content\/uploads\/2021\/02\/da_winner_20081.jpg","type":"image\/jpeg"}],"author":"esterling@admin","twitter_card":"summary_large_image","twitter_creator":"@pro_carton","twitter_site":"@pro_carton","twitter_misc":{"Scritto da":"esterling@admin"},"schema":{"@context":"https:\/\/schema.org","@graph":[{"@type":"Article","@id":"https:\/\/www.procarton.com\/es\/last-call-for-entries-5-february-2012-closing-date-international-pro-carton-design-award-2012\/#article","isPartOf":{"@id":"https:\/\/www.procarton.com\/es\/last-call-for-entries-5-february-2012-closing-date-international-pro-carton-design-award-2012\/"},"author":{"name":"esterling@admin","@id":"https:\/\/www.procarton.com\/es\/#\/schema\/person\/872a075145d2c38578ff4eed7d481251"},"headline":"Last Call for Entries: 5. February 2012 closing date International Pro Carton Design Award 2012","datePublished":"2012-01-30T00:00:00+00:00","dateModified":"2021-11-07T16:12:08+00:00","mainEntityOfPage":{"@id":"https:\/\/www.procarton.com\/es\/last-call-for-entries-5-february-2012-closing-date-international-pro-carton-design-award-2012\/"},"wordCount":65,"commentCount":0,"publisher":{"@id":"https:\/\/www.procarton.com\/es\/#organization"},"image":{"@id":"https:\/\/www.procarton.com\/es\/last-call-for-entries-5-february-2012-closing-date-international-pro-carton-design-award-2012\/#primaryimage"},"thumbnailUrl":"https:\/\/www.procarton.com\/wp-content\/uploads\/2021\/02\/da_winner_20081.jpg","keywords":["Events"],"articleSection":["Awards"],"inLanguage":"it-IT","potentialAction":[{"@type":"CommentAction","name":"Comment","target":["https:\/\/www.procarton.com\/es\/last-call-for-entries-5-february-2012-closing-date-international-pro-carton-design-award-2012\/#respond"]}]},{"@type":"WebPage","@id":"https:\/\/www.procarton.com\/es\/last-call-for-entries-5-february-2012-closing-date-international-pro-carton-design-award-2012\/","url":"https:\/\/www.procarton.com\/es\/last-call-for-entries-5-february-2012-closing-date-international-pro-carton-design-award-2012\/","name":"Ultima chiamata per le iscrizioni: 5. Data di chiusura febbraio 2012 International Pro Carton Design Award 2012 - Pro Carton","isPartOf":{"@id":"https:\/\/www.procarton.com\/es\/#website"},"primaryImageOfPage":{"@id":"https:\/\/www.procarton.com\/es\/last-call-for-entries-5-february-2012-closing-date-international-pro-carton-design-award-2012\/#primaryimage"},"image":{"@id":"https:\/\/www.procarton.com\/es\/last-call-for-entries-5-february-2012-closing-date-international-pro-carton-design-award-2012\/#primaryimage"},"thumbnailUrl":"https:\/\/www.procarton.com\/wp-content\/uploads\/2021\/02\/da_winner_20081.jpg","datePublished":"2012-01-30T00:00:00+00:00","dateModified":"2021-11-07T16:12:08+00:00","breadcrumb":{"@id":"https:\/\/www.procarton.com\/es\/last-call-for-entries-5-february-2012-closing-date-international-pro-carton-design-award-2012\/#breadcrumb"},"inLanguage":"it-IT","potentialAction":[{"@type":"ReadAction","target":["https:\/\/www.procarton.com\/es\/last-call-for-entries-5-february-2012-closing-date-international-pro-carton-design-award-2012\/"]}]},{"@type":"ImageObject","inLanguage":"it-IT","@id":"https:\/\/www.procarton.com\/es\/last-call-for-entries-5-february-2012-closing-date-international-pro-carton-design-award-2012\/#primaryimage","url":"https:\/\/www.procarton.com\/wp-content\/uploads\/2021\/02\/da_winner_20081.jpg","contentUrl":"https:\/\/www.procarton.com\/wp-content\/uploads\/2021\/02\/da_winner_20081.jpg","width":600,"height":400},{"@type":"BreadcrumbList","@id":"https:\/\/www.procarton.com\/es\/last-call-for-entries-5-february-2012-closing-date-international-pro-carton-design-award-2012\/#breadcrumb","itemListElement":[{"@type":"ListItem","position":1,"name":"Home","item":"https:\/\/www.procarton.com\/"},{"@type":"ListItem","position":2,"name":"Last Call for Entries: 5. February 2012 closing date International Pro Carton Design Award 2012"}]},{"@type":"WebSite","@id":"https:\/\/www.procarton.com\/es\/#website","url":"https:\/\/www.procarton.com\/es\/","name":"Pro Carton","description":"","publisher":{"@id":"https:\/\/www.procarton.com\/es\/#organization"},"potentialAction":[{"@type":"SearchAction","target":{"@type":"EntryPoint","urlTemplate":"https:\/\/www.procarton.com\/es\/?s={search_term_string}"},"query-input":{"@type":"PropertyValueSpecification","valueRequired":true,"valueName":"search_term_string"}}],"inLanguage":"it-IT"},{"@type":"Organization","@id":"https:\/\/www.procarton.com\/es\/#organization","name":"ProCarton","url":"https:\/\/www.procarton.com\/es\/","logo":{"@type":"ImageObject","inLanguage":"it-IT","@id":"https:\/\/www.procarton.com\/es\/#\/schema\/logo\/image\/","url":"https:\/\/www.procarton.com\/wp-content\/uploads\/2022\/06\/logo-mit-slogan.jpg","contentUrl":"https:\/\/www.procarton.com\/wp-content\/uploads\/2022\/06\/logo-mit-slogan.jpg","width":422,"height":519,"caption":"ProCarton"},"image":{"@id":"https:\/\/www.procarton.com\/es\/#\/schema\/logo\/image\/"},"sameAs":["https:\/\/www.facebook.com\/procartondesignaward\/","https:\/\/x.com\/pro_carton"]},{"@type":"Person","@id":"https:\/\/www.procarton.com\/es\/#\/schema\/person\/872a075145d2c38578ff4eed7d481251","name":"esterling@admin","sameAs":["https:\/\/www.procarton.com"],"url":"https:\/\/www.procarton.com\/it\/author\/esterlingadmin\/"}]}},"_links":{"self":[{"href":"https:\/\/www.procarton.com\/it\/wp-json\/wp\/v2\/posts\/241776","targetHints":{"allow":["GET"]}}],"collection":[{"href":"https:\/\/www.procarton.com\/it\/wp-json\/wp\/v2\/posts"}],"about":[{"href":"https:\/\/www.procarton.com\/it\/wp-json\/wp\/v2\/types\/post"}],"author":[{"embeddable":true,"href":"https:\/\/www.procarton.com\/it\/wp-json\/wp\/v2\/users\/1"}],"replies":[{"embeddable":true,"href":"https:\/\/www.procarton.com\/it\/wp-json\/wp\/v2\/comments?post=241776"}],"version-history":[{"count":1,"href":"https:\/\/www.procarton.com\/it\/wp-json\/wp\/v2\/posts\/241776\/revisions"}],"predecessor-version":[{"id":266236,"href":"https:\/\/www.procarton.com\/it\/wp-json\/wp\/v2\/posts\/241776\/revisions\/266236"}],"wp:featuredmedia":[{"embeddable":true,"href":"https:\/\/www.procarton.com\/it\/wp-json\/wp\/v2\/media\/241777"}],"wp:attachment":[{"href":"https:\/\/www.procarton.com\/it\/wp-json\/wp\/v2\/media?parent=241776"}],"wp:term":[{"taxonomy":"category","embeddable":true,"href":"https:\/\/www.procarton.com\/it\/wp-json\/wp\/v2\/categories?post=241776"},{"taxonomy":"post_tag","embeddable":true,"href":"https:\/\/www.procarton.com\/it\/wp-json\/wp\/v2\/tags?post=241776"}],"curies":[{"name":"wp","href":"https:\/\/api.w.org\/{rel}","templated":true}]}}