{"id":307385,"date":"2025-11-27T11:10:36","date_gmt":"2025-11-27T11:10:36","guid":{"rendered":"https:\/\/www.procarton.com\/?p=307385"},"modified":"2025-11-27T11:17:27","modified_gmt":"2025-11-27T11:17:27","slug":"pro-carton-to-attend-fastmarkets-forest-products-europe-conference-2026","status":"publish","type":"post","link":"https:\/\/www.procarton.com\/fr\/pro-carton-to-attend-fastmarkets-forest-products-europe-conference-2026\/","title":{"rendered":"Pro Carton participera \u00e0 la conf\u00e9rence Fastmarkets Forest Products Europe 2026"},"content":{"rendered":"<div class=\"av-animated-generic top-to-bottom flex_column av_three_fourth  flex_column_div av-zero-column-padding first  avia-builder-el-0  el_before_av_one_fourth  avia-builder-el-first\" style='border-radius:0px; '>\n<section class=\"av_textblock_section\"  itemscope=\"itemscope\" itemtype=\"https:\/\/schema.org\/BlogPosting\" itemprop=\"blogPost\" >\n<div class='avia_textblock'   itemprop=\"text\" >\n<p data-start=\"268\" data-end=\"688\">Pro Carton a le plaisir d'annoncer sa participation \u00e0 la conf\u00e9rence Fastmarkets Forest Products Europe 2026, qui aura lieu <strong data-start=\"391\" data-end=\"430\">9-11 mars 2026 \u00e0 Barcelone, Espagne<\/strong>. Cet \u00e9v\u00e9nement rassemble des repr\u00e9sentants de haut niveau de l'ensemble de la cha\u00eene de valeur, notamment des usines, des recycleurs, des fournisseurs, des utilisateurs finaux, des n\u00e9gociants, des d\u00e9cideurs politiques, des investisseurs et des experts en logistique, ce qui en fait l'un des rassemblements industriels les plus influents de l'ann\u00e9e.<\/p>\n<p data-start=\"690\" data-end=\"1078\">Le programme 2026 s'attaquera aux d\u00e9fis les plus pressants du secteur : surcapacit\u00e9 persistante, incertitude r\u00e9glementaire, \u00e9volution des flux commerciaux mondiaux et pression croissante sur la rentabilit\u00e9 et les engagements en mati\u00e8re de durabilit\u00e9. Compte tenu de ces dynamiques qui remod\u00e8lent le secteur, le programme accordera la priorit\u00e9 aux \u00e9l\u00e9ments suivants <strong data-start=\"984\" data-end=\"1077\">l'innovation pratique, les mod\u00e8les de collaboration et les strat\u00e9gies r\u00e9alisables pour une croissance \u00e0 long terme<\/strong>.<\/p>\n<p data-start=\"1080\" data-end=\"1332\">Plus de <strong data-start=\"1090\" data-end=\"1120\">300 d\u00e9cideurs de haut niveau<\/strong> sont attendus. La conf\u00e9rence offre un acc\u00e8s direct aux responsables des march\u00e9s publics, des informations sur les politiques et des pr\u00e9visions de march\u00e9. Elle constitue une plateforme essentielle pour un dialogue strat\u00e9gique et des partenariats tourn\u00e9s vers l'avenir.<\/p>\n<p data-start=\"1334\" data-end=\"1570\">Alors que l'Europe continue de progresser vers une \u00e9conomie de mat\u00e9riaux circulaires et renouvelables, Pro Carton se r\u00e9jouit d'apporter son point de vue et de soutenir les discussions qui fa\u00e7onnent l'avenir de l'industrie du carton et de la bo\u00eete pliante].<\/p>\n<p data-start=\"1334\" data-end=\"1570\"><em>Utiliser le code de r\u00e9duction<\/em><strong><em> PROCARTON15 <\/em><\/strong><em>pour l'achat d'un billet \u00e0 <a href=\"https:\/\/www.fastmarkets.com\/events\/fastmarkets-forest-products-europe-conference\/\">https:\/\/www.fastmarkets.com\/events\/fastmarkets-forest-products-europe-conference\/<\/a><\/em><\/p>\n<\/div>\n<\/section>\n<div  class='avia-button-wrap avia-button-center  avia-builder-el-2  el_after_av_textblock  avia-builder-el-last' ><a href='https:\/\/www.procarton.com\/wp-content\/uploads\/2025\/11\/One-Pager-Forest-Europe_Pro-Carton.pdf'  class='avia-button  avia-color-theme-color   avia-icon_select-no avia-size-small avia-position-center'   ><span class='avia_iconbox_title' >Voir le One-Pager ici<\/span><\/a><\/div>\n<\/div>\n<div class=\"av-animated-generic top-to-bottom flex_column av_one_fourth  flex_column_div av-zero-column-padding   avia-builder-el-3  el_after_av_three_fourth  avia-builder-el-last\" style='border-radius:0px; '>\n<div  class='avia-image-container  av-styling-    avia-builder-el-4  avia-builder-el-no-sibling  avia-align-center'  itemprop=\"image\" itemscope=\"itemscope\" itemtype=\"https:\/\/schema.org\/ImageObject\"  >\n<div class='avia-image-container-inner'>\n<div class='avia-image-overlay-wrap'><img decoding=\"async\" width=\"1200\" height=\"1200\" class='wp-image-307386 avia-img-lazy-loading-not-307386 avia_image' src=\"https:\/\/www.procarton.com\/wp-content\/uploads\/2025\/11\/Fastmarket-2025-logo-2.png\" alt='' title='Logo Fastmarket 2025 2'  itemprop=\"thumbnailUrl\" srcset=\"https:\/\/www.procarton.com\/wp-content\/uploads\/2025\/11\/Fastmarket-2025-logo-2.png 1200w, https:\/\/www.procarton.com\/wp-content\/uploads\/2025\/11\/Fastmarket-2025-logo-2-300x300.png 300w, https:\/\/www.procarton.com\/wp-content\/uploads\/2025\/11\/Fastmarket-2025-logo-2-1030x1030.png 1030w, https:\/\/www.procarton.com\/wp-content\/uploads\/2025\/11\/Fastmarket-2025-logo-2-80x80.png 80w, https:\/\/www.procarton.com\/wp-content\/uploads\/2025\/11\/Fastmarket-2025-logo-2-768x768.png 768w, https:\/\/www.procarton.com\/wp-content\/uploads\/2025\/11\/Fastmarket-2025-logo-2-12x12.png 12w, https:\/\/www.procarton.com\/wp-content\/uploads\/2025\/11\/Fastmarket-2025-logo-2-36x36.png 36w, https:\/\/www.procarton.com\/wp-content\/uploads\/2025\/11\/Fastmarket-2025-logo-2-180x180.png 180w, https:\/\/www.procarton.com\/wp-content\/uploads\/2025\/11\/Fastmarket-2025-logo-2-705x705.png 705w\" sizes=\"(max-width: 1200px) 100vw, 1200px\" \/><\/div>\n<\/div>\n<\/div>\n<\/div>","protected":false},"excerpt":{"rendered":"<p>Rejoignez Pro Carton \u00e0 la conf\u00e9rence Fastmarkets Forest Products Europe 2026 \u00e0 Barcelone, en Espagne, du 9 au 11 mars.<\/p>","protected":false},"author":5916,"featured_media":307386,"comment_status":"closed","ping_status":"open","sticky":false,"template":"","format":"standard","meta":{"inline_featured_image":false,"footnotes":""},"categories":[247,242,66],"tags":[],"class_list":["post-307385","post","type-post","status-publish","format-standard","has-post-thumbnail","hentry","category-members-news","category-procarton","category-latest-member-news"],"yoast_head":"<!-- This site is optimized with the Yoast SEO plugin v27.4 - https:\/\/yoast.com\/product\/yoast-seo-wordpress\/ -->\n<title>Pro Carton to Attend Fastmarkets Forest Products Europe Conference 2026 - Pro Carton<\/title>\n<meta name=\"description\" content=\"Join Pro Carton by atending Fastmarkets Forest Products Europe Conference 2026\" \/>\n<meta name=\"robots\" content=\"index, follow, max-snippet:-1, max-image-preview:large, max-video-preview:-1\" \/>\n<link rel=\"canonical\" href=\"https:\/\/www.procarton.com\/fr\/pro-carton-to-attend-fastmarkets-forest-products-europe-conference-2026\/\" \/>\n<meta property=\"og:locale\" content=\"fr_FR\" \/>\n<meta property=\"og:type\" content=\"article\" \/>\n<meta property=\"og:title\" content=\"Pro Carton to Attend Fastmarkets Forest Products Europe Conference 2026 - Pro Carton\" \/>\n<meta property=\"og:description\" content=\"Join Pro Carton by atending Fastmarkets Forest Products Europe Conference 2026\" \/>\n<meta property=\"og:url\" content=\"https:\/\/www.procarton.com\/fr\/pro-carton-to-attend-fastmarkets-forest-products-europe-conference-2026\/\" \/>\n<meta property=\"og:site_name\" content=\"Pro Carton\" \/>\n<meta property=\"article:publisher\" content=\"https:\/\/www.facebook.com\/procartondesignaward\/\" \/>\n<meta property=\"article:published_time\" content=\"2025-11-27T11:10:36+00:00\" \/>\n<meta property=\"article:modified_time\" content=\"2025-11-27T11:17:27+00:00\" \/>\n<meta property=\"og:image\" content=\"https:\/\/www.procarton.com\/wp-content\/uploads\/2025\/11\/Fastmarket-2025-logo-2.png\" \/>\n\t<meta property=\"og:image:width\" content=\"1200\" \/>\n\t<meta property=\"og:image:height\" content=\"1200\" \/>\n\t<meta property=\"og:image:type\" content=\"image\/png\" \/>\n<meta name=\"author\" content=\"Brendan Khoo\" \/>\n<meta name=\"twitter:card\" content=\"summary_large_image\" \/>\n<meta name=\"twitter:creator\" content=\"@pro_carton\" \/>\n<meta name=\"twitter:site\" content=\"@pro_carton\" \/>\n<meta name=\"twitter:label1\" content=\"\u00c9crit par\" \/>\n\t<meta name=\"twitter:data1\" content=\"Brendan Khoo\" \/>\n\t<meta name=\"twitter:label2\" content=\"Dur\u00e9e de lecture estim\u00e9e\" \/>\n\t<meta name=\"twitter:data2\" content=\"2 minutes\" \/>\n<script type=\"application\/ld+json\" class=\"yoast-schema-graph\">{\"@context\":\"https:\\\/\\\/schema.org\",\"@graph\":[{\"@type\":\"Article\",\"@id\":\"https:\\\/\\\/www.procarton.com\\\/pro-carton-to-attend-fastmarkets-forest-products-europe-conference-2026\\\/#article\",\"isPartOf\":{\"@id\":\"https:\\\/\\\/www.procarton.com\\\/pro-carton-to-attend-fastmarkets-forest-products-europe-conference-2026\\\/\"},\"author\":{\"name\":\"Brendan Khoo\",\"@id\":\"https:\\\/\\\/www.procarton.com\\\/es\\\/#\\\/schema\\\/person\\\/9e9026b3d0c0a861b735a0878608000f\"},\"headline\":\"Pro Carton to Attend Fastmarkets Forest Products Europe Conference 2026\",\"datePublished\":\"2025-11-27T11:10:36+00:00\",\"dateModified\":\"2025-11-27T11:17:27+00:00\",\"mainEntityOfPage\":{\"@id\":\"https:\\\/\\\/www.procarton.com\\\/pro-carton-to-attend-fastmarkets-forest-products-europe-conference-2026\\\/\"},\"wordCount\":679,\"publisher\":{\"@id\":\"https:\\\/\\\/www.procarton.com\\\/es\\\/#organization\"},\"image\":{\"@id\":\"https:\\\/\\\/www.procarton.com\\\/pro-carton-to-attend-fastmarkets-forest-products-europe-conference-2026\\\/#primaryimage\"},\"thumbnailUrl\":\"https:\\\/\\\/www.procarton.com\\\/wp-content\\\/uploads\\\/2025\\\/11\\\/Fastmarket-2025-logo-2.png\",\"articleSection\":[\"Members News\",\"Pro Carton\",\"Pro Carton Member News\"],\"inLanguage\":\"fr-FR\"},{\"@type\":\"WebPage\",\"@id\":\"https:\\\/\\\/www.procarton.com\\\/pro-carton-to-attend-fastmarkets-forest-products-europe-conference-2026\\\/\",\"url\":\"https:\\\/\\\/www.procarton.com\\\/pro-carton-to-attend-fastmarkets-forest-products-europe-conference-2026\\\/\",\"name\":\"Pro Carton to Attend Fastmarkets Forest Products Europe Conference 2026 - Pro Carton\",\"isPartOf\":{\"@id\":\"https:\\\/\\\/www.procarton.com\\\/es\\\/#website\"},\"primaryImageOfPage\":{\"@id\":\"https:\\\/\\\/www.procarton.com\\\/pro-carton-to-attend-fastmarkets-forest-products-europe-conference-2026\\\/#primaryimage\"},\"image\":{\"@id\":\"https:\\\/\\\/www.procarton.com\\\/pro-carton-to-attend-fastmarkets-forest-products-europe-conference-2026\\\/#primaryimage\"},\"thumbnailUrl\":\"https:\\\/\\\/www.procarton.com\\\/wp-content\\\/uploads\\\/2025\\\/11\\\/Fastmarket-2025-logo-2.png\",\"datePublished\":\"2025-11-27T11:10:36+00:00\",\"dateModified\":\"2025-11-27T11:17:27+00:00\",\"description\":\"Join Pro Carton by atending Fastmarkets Forest Products Europe Conference 2026\",\"breadcrumb\":{\"@id\":\"https:\\\/\\\/www.procarton.com\\\/pro-carton-to-attend-fastmarkets-forest-products-europe-conference-2026\\\/#breadcrumb\"},\"inLanguage\":\"fr-FR\",\"potentialAction\":[{\"@type\":\"ReadAction\",\"target\":[\"https:\\\/\\\/www.procarton.com\\\/pro-carton-to-attend-fastmarkets-forest-products-europe-conference-2026\\\/\"]}]},{\"@type\":\"ImageObject\",\"inLanguage\":\"fr-FR\",\"@id\":\"https:\\\/\\\/www.procarton.com\\\/pro-carton-to-attend-fastmarkets-forest-products-europe-conference-2026\\\/#primaryimage\",\"url\":\"https:\\\/\\\/www.procarton.com\\\/wp-content\\\/uploads\\\/2025\\\/11\\\/Fastmarket-2025-logo-2.png\",\"contentUrl\":\"https:\\\/\\\/www.procarton.com\\\/wp-content\\\/uploads\\\/2025\\\/11\\\/Fastmarket-2025-logo-2.png\",\"width\":1200,\"height\":1200},{\"@type\":\"BreadcrumbList\",\"@id\":\"https:\\\/\\\/www.procarton.com\\\/pro-carton-to-attend-fastmarkets-forest-products-europe-conference-2026\\\/#breadcrumb\",\"itemListElement\":[{\"@type\":\"ListItem\",\"position\":1,\"name\":\"Home\",\"item\":\"https:\\\/\\\/www.procarton.com\\\/\"},{\"@type\":\"ListItem\",\"position\":2,\"name\":\"Pro Carton to Attend Fastmarkets Forest Products Europe Conference 2026\"}]},{\"@type\":\"WebSite\",\"@id\":\"https:\\\/\\\/www.procarton.com\\\/es\\\/#website\",\"url\":\"https:\\\/\\\/www.procarton.com\\\/es\\\/\",\"name\":\"Pro Carton\",\"description\":\"\",\"publisher\":{\"@id\":\"https:\\\/\\\/www.procarton.com\\\/es\\\/#organization\"},\"potentialAction\":[{\"@type\":\"SearchAction\",\"target\":{\"@type\":\"EntryPoint\",\"urlTemplate\":\"https:\\\/\\\/www.procarton.com\\\/es\\\/?s={search_term_string}\"},\"query-input\":{\"@type\":\"PropertyValueSpecification\",\"valueRequired\":true,\"valueName\":\"search_term_string\"}}],\"inLanguage\":\"fr-FR\"},{\"@type\":\"Organization\",\"@id\":\"https:\\\/\\\/www.procarton.com\\\/es\\\/#organization\",\"name\":\"ProCarton\",\"url\":\"https:\\\/\\\/www.procarton.com\\\/es\\\/\",\"logo\":{\"@type\":\"ImageObject\",\"inLanguage\":\"fr-FR\",\"@id\":\"https:\\\/\\\/www.procarton.com\\\/es\\\/#\\\/schema\\\/logo\\\/image\\\/\",\"url\":\"https:\\\/\\\/www.procarton.com\\\/wp-content\\\/uploads\\\/2022\\\/06\\\/logo-mit-slogan.jpg\",\"contentUrl\":\"https:\\\/\\\/www.procarton.com\\\/wp-content\\\/uploads\\\/2022\\\/06\\\/logo-mit-slogan.jpg\",\"width\":422,\"height\":519,\"caption\":\"ProCarton\"},\"image\":{\"@id\":\"https:\\\/\\\/www.procarton.com\\\/es\\\/#\\\/schema\\\/logo\\\/image\\\/\"},\"sameAs\":[\"https:\\\/\\\/www.facebook.com\\\/procartondesignaward\\\/\",\"https:\\\/\\\/x.com\\\/pro_carton\"]},{\"@type\":\"Person\",\"@id\":\"https:\\\/\\\/www.procarton.com\\\/es\\\/#\\\/schema\\\/person\\\/9e9026b3d0c0a861b735a0878608000f\",\"name\":\"Brendan Khoo\",\"url\":\"https:\\\/\\\/www.procarton.com\\\/fr\\\/author\\\/khooprocarton-com\\\/\"}]}<\/script>\n<!-- \/ Yoast SEO plugin. -->","yoast_head_json":{"title":"Pro Carton participera \u00e0 la conf\u00e9rence Fastmarkets Forest Products Europe 2026 - Pro Carton","description":"Rejoignez Pro Carton en participant \u00e0 la conf\u00e9rence Fastmarkets Forest Products Europe 2026","robots":{"index":"index","follow":"follow","max-snippet":"max-snippet:-1","max-image-preview":"max-image-preview:large","max-video-preview":"max-video-preview:-1"},"canonical":"https:\/\/www.procarton.com\/fr\/pro-carton-to-attend-fastmarkets-forest-products-europe-conference-2026\/","og_locale":"fr_FR","og_type":"article","og_title":"Pro Carton to Attend Fastmarkets Forest Products Europe Conference 2026 - Pro Carton","og_description":"Join Pro Carton by atending Fastmarkets Forest Products Europe Conference 2026","og_url":"https:\/\/www.procarton.com\/fr\/pro-carton-to-attend-fastmarkets-forest-products-europe-conference-2026\/","og_site_name":"Pro Carton","article_publisher":"https:\/\/www.facebook.com\/procartondesignaward\/","article_published_time":"2025-11-27T11:10:36+00:00","article_modified_time":"2025-11-27T11:17:27+00:00","og_image":[{"width":1200,"height":1200,"url":"https:\/\/www.procarton.com\/wp-content\/uploads\/2025\/11\/Fastmarket-2025-logo-2.png","type":"image\/png"}],"author":"Brendan Khoo","twitter_card":"summary_large_image","twitter_creator":"@pro_carton","twitter_site":"@pro_carton","twitter_misc":{"\u00c9crit par":"Brendan Khoo","Dur\u00e9e de lecture estim\u00e9e":"2 minutes"},"schema":{"@context":"https:\/\/schema.org","@graph":[{"@type":"Article","@id":"https:\/\/www.procarton.com\/pro-carton-to-attend-fastmarkets-forest-products-europe-conference-2026\/#article","isPartOf":{"@id":"https:\/\/www.procarton.com\/pro-carton-to-attend-fastmarkets-forest-products-europe-conference-2026\/"},"author":{"name":"Brendan Khoo","@id":"https:\/\/www.procarton.com\/es\/#\/schema\/person\/9e9026b3d0c0a861b735a0878608000f"},"headline":"Pro Carton to Attend Fastmarkets Forest Products Europe Conference 2026","datePublished":"2025-11-27T11:10:36+00:00","dateModified":"2025-11-27T11:17:27+00:00","mainEntityOfPage":{"@id":"https:\/\/www.procarton.com\/pro-carton-to-attend-fastmarkets-forest-products-europe-conference-2026\/"},"wordCount":679,"publisher":{"@id":"https:\/\/www.procarton.com\/es\/#organization"},"image":{"@id":"https:\/\/www.procarton.com\/pro-carton-to-attend-fastmarkets-forest-products-europe-conference-2026\/#primaryimage"},"thumbnailUrl":"https:\/\/www.procarton.com\/wp-content\/uploads\/2025\/11\/Fastmarket-2025-logo-2.png","articleSection":["Members News","Pro Carton","Pro Carton Member News"],"inLanguage":"fr-FR"},{"@type":"WebPage","@id":"https:\/\/www.procarton.com\/pro-carton-to-attend-fastmarkets-forest-products-europe-conference-2026\/","url":"https:\/\/www.procarton.com\/pro-carton-to-attend-fastmarkets-forest-products-europe-conference-2026\/","name":"Pro Carton participera \u00e0 la conf\u00e9rence Fastmarkets Forest Products Europe 2026 - Pro Carton","isPartOf":{"@id":"https:\/\/www.procarton.com\/es\/#website"},"primaryImageOfPage":{"@id":"https:\/\/www.procarton.com\/pro-carton-to-attend-fastmarkets-forest-products-europe-conference-2026\/#primaryimage"},"image":{"@id":"https:\/\/www.procarton.com\/pro-carton-to-attend-fastmarkets-forest-products-europe-conference-2026\/#primaryimage"},"thumbnailUrl":"https:\/\/www.procarton.com\/wp-content\/uploads\/2025\/11\/Fastmarket-2025-logo-2.png","datePublished":"2025-11-27T11:10:36+00:00","dateModified":"2025-11-27T11:17:27+00:00","description":"Rejoignez Pro Carton en participant \u00e0 la conf\u00e9rence Fastmarkets Forest Products Europe 2026","breadcrumb":{"@id":"https:\/\/www.procarton.com\/pro-carton-to-attend-fastmarkets-forest-products-europe-conference-2026\/#breadcrumb"},"inLanguage":"fr-FR","potentialAction":[{"@type":"ReadAction","target":["https:\/\/www.procarton.com\/pro-carton-to-attend-fastmarkets-forest-products-europe-conference-2026\/"]}]},{"@type":"ImageObject","inLanguage":"fr-FR","@id":"https:\/\/www.procarton.com\/pro-carton-to-attend-fastmarkets-forest-products-europe-conference-2026\/#primaryimage","url":"https:\/\/www.procarton.com\/wp-content\/uploads\/2025\/11\/Fastmarket-2025-logo-2.png","contentUrl":"https:\/\/www.procarton.com\/wp-content\/uploads\/2025\/11\/Fastmarket-2025-logo-2.png","width":1200,"height":1200},{"@type":"BreadcrumbList","@id":"https:\/\/www.procarton.com\/pro-carton-to-attend-fastmarkets-forest-products-europe-conference-2026\/#breadcrumb","itemListElement":[{"@type":"ListItem","position":1,"name":"Home","item":"https:\/\/www.procarton.com\/"},{"@type":"ListItem","position":2,"name":"Pro Carton to Attend Fastmarkets Forest Products Europe Conference 2026"}]},{"@type":"WebSite","@id":"https:\/\/www.procarton.com\/es\/#website","url":"https:\/\/www.procarton.com\/es\/","name":"Pro Carton","description":"","publisher":{"@id":"https:\/\/www.procarton.com\/es\/#organization"},"potentialAction":[{"@type":"SearchAction","target":{"@type":"EntryPoint","urlTemplate":"https:\/\/www.procarton.com\/es\/?s={search_term_string}"},"query-input":{"@type":"PropertyValueSpecification","valueRequired":true,"valueName":"search_term_string"}}],"inLanguage":"fr-FR"},{"@type":"Organization","@id":"https:\/\/www.procarton.com\/es\/#organization","name":"ProCarton","url":"https:\/\/www.procarton.com\/es\/","logo":{"@type":"ImageObject","inLanguage":"fr-FR","@id":"https:\/\/www.procarton.com\/es\/#\/schema\/logo\/image\/","url":"https:\/\/www.procarton.com\/wp-content\/uploads\/2022\/06\/logo-mit-slogan.jpg","contentUrl":"https:\/\/www.procarton.com\/wp-content\/uploads\/2022\/06\/logo-mit-slogan.jpg","width":422,"height":519,"caption":"ProCarton"},"image":{"@id":"https:\/\/www.procarton.com\/es\/#\/schema\/logo\/image\/"},"sameAs":["https:\/\/www.facebook.com\/procartondesignaward\/","https:\/\/x.com\/pro_carton"]},{"@type":"Person","@id":"https:\/\/www.procarton.com\/es\/#\/schema\/person\/9e9026b3d0c0a861b735a0878608000f","name":"Brendan Khoo","url":"https:\/\/www.procarton.com\/fr\/author\/khooprocarton-com\/"}]}},"_links":{"self":[{"href":"https:\/\/www.procarton.com\/fr\/wp-json\/wp\/v2\/posts\/307385","targetHints":{"allow":["GET"]}}],"collection":[{"href":"https:\/\/www.procarton.com\/fr\/wp-json\/wp\/v2\/posts"}],"about":[{"href":"https:\/\/www.procarton.com\/fr\/wp-json\/wp\/v2\/types\/post"}],"author":[{"embeddable":true,"href":"https:\/\/www.procarton.com\/fr\/wp-json\/wp\/v2\/users\/5916"}],"replies":[{"embeddable":true,"href":"https:\/\/www.procarton.com\/fr\/wp-json\/wp\/v2\/comments?post=307385"}],"version-history":[{"count":5,"href":"https:\/\/www.procarton.com\/fr\/wp-json\/wp\/v2\/posts\/307385\/revisions"}],"predecessor-version":[{"id":307392,"href":"https:\/\/www.procarton.com\/fr\/wp-json\/wp\/v2\/posts\/307385\/revisions\/307392"}],"wp:featuredmedia":[{"embeddable":true,"href":"https:\/\/www.procarton.com\/fr\/wp-json\/wp\/v2\/media\/307386"}],"wp:attachment":[{"href":"https:\/\/www.procarton.com\/fr\/wp-json\/wp\/v2\/media?parent=307385"}],"wp:term":[{"taxonomy":"category","embeddable":true,"href":"https:\/\/www.procarton.com\/fr\/wp-json\/wp\/v2\/categories?post=307385"},{"taxonomy":"post_tag","embeddable":true,"href":"https:\/\/www.procarton.com\/fr\/wp-json\/wp\/v2\/tags?post=307385"}],"curies":[{"name":"wp","href":"https:\/\/api.w.org\/{rel}","templated":true}]}}