{"id":294182,"date":"2024-03-06T19:31:16","date_gmt":"2024-03-06T19:31:16","guid":{"rendered":"https:\/\/www.procarton.com\/?p=294182"},"modified":"2024-03-08T19:32:02","modified_gmt":"2024-03-08T19:32:02","slug":"ppwr-update-the-council-and-the-european-parliament-agree-a-compromise-on-the-packaging-and-packaging-waste-regulation","status":"publish","type":"post","link":"https:\/\/www.procarton.com\/fr\/ppwr-update-the-council-and-the-european-parliament-agree-a-compromise-on-the-packaging-and-packaging-waste-regulation\/","title":{"rendered":"PPWR UPDATE - Le Conseil et le Parlement europ\u00e9en sont parvenus \u00e0 un compromis sur le r\u00e8glement relatif aux emballages et aux d\u00e9chets d'emballages"},"content":{"rendered":"<div class=\"av-animated-generic top-to-bottom flex_column av_one_full  flex_column_div av-zero-column-padding first  avia-builder-el-0  el_before_av_hr  avia-builder-el-first\" style='border-radius:0px; '>\n<section class=\"av_textblock_section\"  itemscope=\"itemscope\" itemtype=\"https:\/\/schema.org\/BlogPosting\" itemprop=\"blogPost\" >\n<div class='avia_textblock'   itemprop=\"text\" >\n<p>Lundi soir, le Conseil et le Parlement europ\u00e9en se sont mis d'accord sur un compromis concernant la <strong>R\u00e8glement sur les emballages et les d\u00e9chets d'emballages<\/strong> lors de la derni\u00e8re r\u00e9union du Trilogue politique.<\/p>\n<p>Nous attendons encore de recevoir le texte complet - cela pourrait prendre 3 jours - apr\u00e8s quoi une \u00e9valuation plus d\u00e9taill\u00e9e sera distribu\u00e9e, mais avec les informations que nous avons vues jusqu'\u00e0 pr\u00e9sent, l'accord de compromis est positif pour le carton et les bo\u00eetes pliantes.<\/p>\n<ul>\n<li>La d\u00e9finition des emballages composites inclut un seuil de 5% pour les mat\u00e9riaux non cibl\u00e9s, \u00e0 l'exclusion des \u00e9tiquettes, des vernis, des peintures, des encres, des adh\u00e9sifs et des laques.<\/li>\n<li>Des exemptions de tous les objectifs de r\u00e9utilisation peuvent \u00eatre accord\u00e9es aux op\u00e9rateurs \u00e9conomiques dans les \u00c9tats membres o\u00f9 le taux de recyclage des d\u00e9chets d'emballages d\u00e9passe les objectifs de recyclage obligatoires de 5% et o\u00f9 l'\u00c9tat membre est en bonne voie pour atteindre ses objectifs de pr\u00e9vention des d\u00e9chets.<\/li>\n<li>Les bo\u00eetes en carton sont exempt\u00e9es des objectifs de r\u00e9utilisation pour les emballages de transport ou les emballages de vente utilis\u00e9s pour le transport des produits, tant pour le B2C que pour le B2B, ainsi que pour les emballages group\u00e9s utilis\u00e9s en dehors des emballages de vente, y compris pour le commerce \u00e9lectronique.<\/li>\n<li>Exemptions pour les boissons hautement p\u00e9rissables, le lait et les produits laitiers des objectifs de r\u00e9utilisation pour les boissons alcoolis\u00e9es et non alcoolis\u00e9es.<\/li>\n<li>Les objectifs de r\u00e9utilisation obligatoire pour les plats \u00e0 emporter HORECA sont supprim\u00e9s, bien qu'il existe une obligation pour HORECA de fournir un syst\u00e8me permettant aux consommateurs d'apporter leur propre contenant \u00e0 remplir et de leur offrir la possibilit\u00e9 d'emballer dans un syst\u00e8me de r\u00e9utilisation. (d'ici \u00e0 2030, 10% des produits vendus devront \u00eatre concern\u00e9s).<\/li>\n<li>Les restrictions sur les emballages utilis\u00e9s pour les fruits et l\u00e9gumes frais et pour les aliments et boissons dans le secteur HORECA dine-in ne s'appliquent qu'aux emballages plastiques \u00e0 usage unique.<\/li>\n<li>Pas d'interdiction pour les cartons de dentifrice ou de produits cosm\u00e9tiques.<\/li>\n<li>Les PFAS pr\u00e9sents dans les cartons d'emballage alimentaire seront interdits au-del\u00e0 d'un certain seuil.<\/li>\n<\/ul>\n<p>La proposition de compromis doit encore \u00eatre pleinement approuv\u00e9e par le Conseil et le Parlement (les votes auront lieu respectivement le 25 mars et le 22 avril) et il pourrait encore y avoir des r\u00e9actions n\u00e9gatives de la part d'autres secteurs concern\u00e9s - nous le saurons d'ici la fin du mois d'avril.<\/p>\n<p>Vous trouverez ici le communiqu\u00e9 de presse du Conseil : <a href=\"https:\/\/nsl.consilium.europa.eu\/104100\/Newsletter\/6vch7kalzdk2tlohjtopbkkh3n62b2tbdsdxre4l2icpd5o2s7qhklxzwnenodbakqfu65ipnuis4?culture=nl-NL\" target=\"_blank\" rel=\"noopener\">https:\/\/nsl.consilium.europa.eu\/104100\/Newsletter\/6vch7kalzdk2tlohjtopbkkh3n62b2tbdsdxre4l2icpd5o2s7qhklxzwnenodbakqfu65ipnuis4?culture=nl-NL<\/a><\/p>\n<\/div>\n<\/section>\n<\/div>\n<div   class='hr hr-default   avia-builder-el-2  el_after_av_one_full  el_before_av_one_full'><span class='hr-inner' ><span class='hr-inner-style'><\/span><\/span><\/div>\n<div class=\"av-animated-generic top-to-bottom flex_column av_one_full  flex_column_div av-zero-column-padding first  avia-builder-el-3  el_after_av_hr  avia-builder-el-last\" style='border-radius:0px; '>\n<section class=\"av_textblock_section\"  itemscope=\"itemscope\" itemtype=\"https:\/\/schema.org\/BlogPosting\" itemprop=\"blogPost\" >\n<div class='avia_textblock'   itemprop=\"text\" >\n<p><strong>Nouvelles et informations r\u00e9centes sur le PPWR :<\/strong><\/p>\n<ul>\n<li><a title=\"Lien permanent : Note de suivi des politiques de l&#039;UE - f\u00e9vrier 2024\" href=\"https:\/\/www.procarton.com\/february-2024-policy-monitoring-brief-packaging-and-packaging-waste-ppwr\/\" rel=\"bookmark\">Note de suivi des politiques de l'UE - f\u00e9vrier 2024<\/a> - 14 f\u00e9vrier 2024<\/li>\n<li><a title=\"Lien permanent : N\u00e9gociations interinstitutionnelles sur le PPWR (\u00e0 confirmer)\" href=\"https:\/\/www.procarton.com\/inter-institutional-negotiations-on-ppwr-tbc\/\" rel=\"bookmark\">N\u00e9gociations interinstitutionnelles sur le PPWR (\u00e0 confirmer)<\/a> - 9 janvier 2024<\/li>\n<li><a title=\"Lien permanent : Le Conseil europ\u00e9en adopte une position sur le r\u00e8glement relatif aux emballages et aux d\u00e9chets d&#039;emballages (PPWR)\" href=\"https:\/\/www.procarton.com\/european-council-adopts-position-on-the-packaging-packaging-waste-regulation-ppwr\/\" rel=\"bookmark\">Le Conseil europ\u00e9en adopte une position sur le r\u00e8glement relatif aux emballages et aux d\u00e9chets d'emballages (PPWR)<\/a> - 19 d\u00e9cembre 2023<\/li>\n<li><a href=\"https:\/\/www.procarton.com\/an-initial-interim-assessment-from-pro-carton-director-general-horst-bittermann-on-eu-position-on-packaging-and-packaging-waste-regulation-ppwr\/\" target=\"_blank\" rel=\"noopener\">Horst Bittermann, directeur g\u00e9n\u00e9ral de Pro Carton, dresse un premier bilan provisoire de la position de l'UE sur le r\u00e8glement relatif aux emballages et aux d\u00e9chets d'emballages (PPWR).<\/a> - 1er d\u00e9cembre 2023<\/li>\n<li><a title=\"Lien permanent : PPWR UPDATE : R\u00e9sultat du vote en pl\u00e9ni\u00e8re du Parlement europ\u00e9en - R\u00e9sum\u00e9 pr\u00e9liminaire\" href=\"https:\/\/www.procarton.com\/ppwr-update-result-of-european-parliament-plenary-vote-preliminary-summary\/\" rel=\"bookmark\">PPWR UPDATE : R\u00e9sultat du vote en pl\u00e9ni\u00e8re du Parlement europ\u00e9en - R\u00e9sum\u00e9 pr\u00e9liminaire<\/a> - 23 novembre 2023<\/li>\n<\/ul>\n<\/div>\n<\/section>\n<\/div>","protected":false},"excerpt":{"rendered":"<p>PPWR UPDATE - Le Conseil et le Parlement europ\u00e9en sont parvenus \u00e0 un compromis sur le r\u00e8glement relatif aux emballages et aux d\u00e9chets d'emballages<\/p>","protected":false},"author":1286,"featured_media":243272,"comment_status":"closed","ping_status":"open","sticky":false,"template":"","format":"standard","meta":{"inline_featured_image":false,"footnotes":""},"categories":[228,272,241,247,279,242],"tags":[],"class_list":["post-294182","post","type-post","status-publish","format-standard","has-post-thumbnail","hentry","category-eu-political-news","category-fibre-packaging-europe-fpe","category-legislation","category-members-news","category-packaging-packaging-waste-regulation-ppwr","category-procarton"],"yoast_head":"<!-- This site is optimized with the Yoast SEO plugin v27.4 - https:\/\/yoast.com\/product\/yoast-seo-wordpress\/ -->\n<title>PPWR UPDATE - The Council and the European Parliament agree a compromise on the Packaging and Packaging Waste Regulation - Pro Carton<\/title>\n<meta name=\"description\" content=\"PPWR UPDATE - The Council and the European Parliament agree a compromise on the Packaging and Packaging Waste Regulation\" \/>\n<meta name=\"robots\" content=\"index, follow, max-snippet:-1, max-image-preview:large, max-video-preview:-1\" \/>\n<link rel=\"canonical\" href=\"https:\/\/www.procarton.com\/fr\/ppwr-update-the-council-and-the-european-parliament-agree-a-compromise-on-the-packaging-and-packaging-waste-regulation\/\" \/>\n<meta property=\"og:locale\" content=\"fr_FR\" \/>\n<meta property=\"og:type\" content=\"article\" \/>\n<meta property=\"og:title\" content=\"PPWR UPDATE - The Council and the European Parliament agree a compromise on the Packaging and Packaging Waste Regulation - Pro Carton\" \/>\n<meta property=\"og:description\" content=\"PPWR UPDATE - The Council and the European Parliament agree a compromise on the Packaging and Packaging Waste Regulation\" \/>\n<meta property=\"og:url\" content=\"https:\/\/www.procarton.com\/fr\/ppwr-update-the-council-and-the-european-parliament-agree-a-compromise-on-the-packaging-and-packaging-waste-regulation\/\" \/>\n<meta property=\"og:site_name\" content=\"Pro Carton\" \/>\n<meta property=\"article:publisher\" content=\"https:\/\/www.facebook.com\/procartondesignaward\/\" \/>\n<meta property=\"article:published_time\" content=\"2024-03-06T19:31:16+00:00\" \/>\n<meta property=\"article:modified_time\" content=\"2024-03-08T19:32:02+00:00\" \/>\n<meta property=\"og:image\" content=\"https:\/\/www.procarton.com\/wp-content\/uploads\/2021\/02\/European-Commission-Logo-2020-v1-2-2-1.png\" \/>\n\t<meta property=\"og:image:width\" content=\"620\" \/>\n\t<meta property=\"og:image:height\" content=\"387\" \/>\n\t<meta property=\"og:image:type\" content=\"image\/png\" \/>\n<meta name=\"author\" content=\"ryan@procarton.com\" \/>\n<meta name=\"twitter:card\" content=\"summary_large_image\" \/>\n<meta name=\"twitter:creator\" content=\"@pro_carton\" \/>\n<meta name=\"twitter:site\" content=\"@pro_carton\" \/>\n<meta name=\"twitter:label1\" content=\"\u00c9crit par\" \/>\n\t<meta name=\"twitter:data1\" content=\"ryan@procarton.com\" \/>\n\t<meta name=\"twitter:label2\" content=\"Dur\u00e9e de lecture estim\u00e9e\" \/>\n\t<meta name=\"twitter:data2\" content=\"3 minutes\" \/>\n<script type=\"application\/ld+json\" class=\"yoast-schema-graph\">{\"@context\":\"https:\\\/\\\/schema.org\",\"@graph\":[{\"@type\":\"Article\",\"@id\":\"https:\\\/\\\/www.procarton.com\\\/ppwr-update-the-council-and-the-european-parliament-agree-a-compromise-on-the-packaging-and-packaging-waste-regulation\\\/#article\",\"isPartOf\":{\"@id\":\"https:\\\/\\\/www.procarton.com\\\/ppwr-update-the-council-and-the-european-parliament-agree-a-compromise-on-the-packaging-and-packaging-waste-regulation\\\/\"},\"author\":{\"name\":\"ryan@procarton.com\",\"@id\":\"https:\\\/\\\/www.procarton.com\\\/es\\\/#\\\/schema\\\/person\\\/8f52811f36555e3fbe8aa433fda4f5b5\"},\"headline\":\"PPWR UPDATE &#8211; The Council and the European Parliament agree a compromise on the Packaging and Packaging Waste Regulation\",\"datePublished\":\"2024-03-06T19:31:16+00:00\",\"dateModified\":\"2024-03-08T19:32:02+00:00\",\"mainEntityOfPage\":{\"@id\":\"https:\\\/\\\/www.procarton.com\\\/ppwr-update-the-council-and-the-european-parliament-agree-a-compromise-on-the-packaging-and-packaging-waste-regulation\\\/\"},\"wordCount\":838,\"publisher\":{\"@id\":\"https:\\\/\\\/www.procarton.com\\\/es\\\/#organization\"},\"image\":{\"@id\":\"https:\\\/\\\/www.procarton.com\\\/ppwr-update-the-council-and-the-european-parliament-agree-a-compromise-on-the-packaging-and-packaging-waste-regulation\\\/#primaryimage\"},\"thumbnailUrl\":\"https:\\\/\\\/www.procarton.com\\\/wp-content\\\/uploads\\\/2021\\\/02\\\/European-Commission-Logo-2020-v1-2-2-1.png\",\"articleSection\":[\"EU and Political News\",\"Fibre Packaging Europe (FPE)\",\"Legislation\",\"Members News\",\"Packaging &amp; Packaging Waste Regulation (PPWR)\",\"Pro Carton\"],\"inLanguage\":\"fr-FR\"},{\"@type\":\"WebPage\",\"@id\":\"https:\\\/\\\/www.procarton.com\\\/ppwr-update-the-council-and-the-european-parliament-agree-a-compromise-on-the-packaging-and-packaging-waste-regulation\\\/\",\"url\":\"https:\\\/\\\/www.procarton.com\\\/ppwr-update-the-council-and-the-european-parliament-agree-a-compromise-on-the-packaging-and-packaging-waste-regulation\\\/\",\"name\":\"PPWR UPDATE - The Council and the European Parliament agree a compromise on the Packaging and Packaging Waste Regulation - Pro Carton\",\"isPartOf\":{\"@id\":\"https:\\\/\\\/www.procarton.com\\\/es\\\/#website\"},\"primaryImageOfPage\":{\"@id\":\"https:\\\/\\\/www.procarton.com\\\/ppwr-update-the-council-and-the-european-parliament-agree-a-compromise-on-the-packaging-and-packaging-waste-regulation\\\/#primaryimage\"},\"image\":{\"@id\":\"https:\\\/\\\/www.procarton.com\\\/ppwr-update-the-council-and-the-european-parliament-agree-a-compromise-on-the-packaging-and-packaging-waste-regulation\\\/#primaryimage\"},\"thumbnailUrl\":\"https:\\\/\\\/www.procarton.com\\\/wp-content\\\/uploads\\\/2021\\\/02\\\/European-Commission-Logo-2020-v1-2-2-1.png\",\"datePublished\":\"2024-03-06T19:31:16+00:00\",\"dateModified\":\"2024-03-08T19:32:02+00:00\",\"description\":\"PPWR UPDATE - The Council and the European Parliament agree a compromise on the Packaging and Packaging Waste Regulation\",\"breadcrumb\":{\"@id\":\"https:\\\/\\\/www.procarton.com\\\/ppwr-update-the-council-and-the-european-parliament-agree-a-compromise-on-the-packaging-and-packaging-waste-regulation\\\/#breadcrumb\"},\"inLanguage\":\"fr-FR\",\"potentialAction\":[{\"@type\":\"ReadAction\",\"target\":[\"https:\\\/\\\/www.procarton.com\\\/ppwr-update-the-council-and-the-european-parliament-agree-a-compromise-on-the-packaging-and-packaging-waste-regulation\\\/\"]}]},{\"@type\":\"ImageObject\",\"inLanguage\":\"fr-FR\",\"@id\":\"https:\\\/\\\/www.procarton.com\\\/ppwr-update-the-council-and-the-european-parliament-agree-a-compromise-on-the-packaging-and-packaging-waste-regulation\\\/#primaryimage\",\"url\":\"https:\\\/\\\/www.procarton.com\\\/wp-content\\\/uploads\\\/2021\\\/02\\\/European-Commission-Logo-2020-v1-2-2-1.png\",\"contentUrl\":\"https:\\\/\\\/www.procarton.com\\\/wp-content\\\/uploads\\\/2021\\\/02\\\/European-Commission-Logo-2020-v1-2-2-1.png\",\"width\":620,\"height\":387},{\"@type\":\"BreadcrumbList\",\"@id\":\"https:\\\/\\\/www.procarton.com\\\/ppwr-update-the-council-and-the-european-parliament-agree-a-compromise-on-the-packaging-and-packaging-waste-regulation\\\/#breadcrumb\",\"itemListElement\":[{\"@type\":\"ListItem\",\"position\":1,\"name\":\"Home\",\"item\":\"https:\\\/\\\/www.procarton.com\\\/\"},{\"@type\":\"ListItem\",\"position\":2,\"name\":\"PPWR UPDATE &#8211; The Council and the European Parliament agree a compromise on the Packaging and Packaging Waste Regulation\"}]},{\"@type\":\"WebSite\",\"@id\":\"https:\\\/\\\/www.procarton.com\\\/es\\\/#website\",\"url\":\"https:\\\/\\\/www.procarton.com\\\/es\\\/\",\"name\":\"Pro Carton\",\"description\":\"\",\"publisher\":{\"@id\":\"https:\\\/\\\/www.procarton.com\\\/es\\\/#organization\"},\"potentialAction\":[{\"@type\":\"SearchAction\",\"target\":{\"@type\":\"EntryPoint\",\"urlTemplate\":\"https:\\\/\\\/www.procarton.com\\\/es\\\/?s={search_term_string}\"},\"query-input\":{\"@type\":\"PropertyValueSpecification\",\"valueRequired\":true,\"valueName\":\"search_term_string\"}}],\"inLanguage\":\"fr-FR\"},{\"@type\":\"Organization\",\"@id\":\"https:\\\/\\\/www.procarton.com\\\/es\\\/#organization\",\"name\":\"ProCarton\",\"url\":\"https:\\\/\\\/www.procarton.com\\\/es\\\/\",\"logo\":{\"@type\":\"ImageObject\",\"inLanguage\":\"fr-FR\",\"@id\":\"https:\\\/\\\/www.procarton.com\\\/es\\\/#\\\/schema\\\/logo\\\/image\\\/\",\"url\":\"https:\\\/\\\/www.procarton.com\\\/wp-content\\\/uploads\\\/2022\\\/06\\\/logo-mit-slogan.jpg\",\"contentUrl\":\"https:\\\/\\\/www.procarton.com\\\/wp-content\\\/uploads\\\/2022\\\/06\\\/logo-mit-slogan.jpg\",\"width\":422,\"height\":519,\"caption\":\"ProCarton\"},\"image\":{\"@id\":\"https:\\\/\\\/www.procarton.com\\\/es\\\/#\\\/schema\\\/logo\\\/image\\\/\"},\"sameAs\":[\"https:\\\/\\\/www.facebook.com\\\/procartondesignaward\\\/\",\"https:\\\/\\\/x.com\\\/pro_carton\"]},{\"@type\":\"Person\",\"@id\":\"https:\\\/\\\/www.procarton.com\\\/es\\\/#\\\/schema\\\/person\\\/8f52811f36555e3fbe8aa433fda4f5b5\",\"name\":\"ryan@procarton.com\",\"url\":\"https:\\\/\\\/www.procarton.com\\\/fr\\\/author\\\/pro-carton-3\\\/\"}]}<\/script>\n<!-- \/ Yoast SEO plugin. -->","yoast_head_json":{"title":"PPWR UPDATE - Le Conseil et le Parlement europ\u00e9en sont parvenus \u00e0 un compromis sur le r\u00e8glement relatif aux emballages et aux d\u00e9chets d'emballages - Pro Carton","description":"PPWR UPDATE - Le Conseil et le Parlement europ\u00e9en sont parvenus \u00e0 un compromis sur le r\u00e8glement relatif aux emballages et aux d\u00e9chets d'emballages","robots":{"index":"index","follow":"follow","max-snippet":"max-snippet:-1","max-image-preview":"max-image-preview:large","max-video-preview":"max-video-preview:-1"},"canonical":"https:\/\/www.procarton.com\/fr\/ppwr-update-the-council-and-the-european-parliament-agree-a-compromise-on-the-packaging-and-packaging-waste-regulation\/","og_locale":"fr_FR","og_type":"article","og_title":"PPWR UPDATE - The Council and the European Parliament agree a compromise on the Packaging and Packaging Waste Regulation - Pro Carton","og_description":"PPWR UPDATE - The Council and the European Parliament agree a compromise on the Packaging and Packaging Waste Regulation","og_url":"https:\/\/www.procarton.com\/fr\/ppwr-update-the-council-and-the-european-parliament-agree-a-compromise-on-the-packaging-and-packaging-waste-regulation\/","og_site_name":"Pro Carton","article_publisher":"https:\/\/www.facebook.com\/procartondesignaward\/","article_published_time":"2024-03-06T19:31:16+00:00","article_modified_time":"2024-03-08T19:32:02+00:00","og_image":[{"width":620,"height":387,"url":"https:\/\/www.procarton.com\/wp-content\/uploads\/2021\/02\/European-Commission-Logo-2020-v1-2-2-1.png","type":"image\/png"}],"author":"ryan@procarton.com","twitter_card":"summary_large_image","twitter_creator":"@pro_carton","twitter_site":"@pro_carton","twitter_misc":{"\u00c9crit par":"ryan@procarton.com","Dur\u00e9e de lecture estim\u00e9e":"3 minutes"},"schema":{"@context":"https:\/\/schema.org","@graph":[{"@type":"Article","@id":"https:\/\/www.procarton.com\/ppwr-update-the-council-and-the-european-parliament-agree-a-compromise-on-the-packaging-and-packaging-waste-regulation\/#article","isPartOf":{"@id":"https:\/\/www.procarton.com\/ppwr-update-the-council-and-the-european-parliament-agree-a-compromise-on-the-packaging-and-packaging-waste-regulation\/"},"author":{"name":"ryan@procarton.com","@id":"https:\/\/www.procarton.com\/es\/#\/schema\/person\/8f52811f36555e3fbe8aa433fda4f5b5"},"headline":"PPWR UPDATE &#8211; The Council and the European Parliament agree a compromise on the Packaging and Packaging Waste Regulation","datePublished":"2024-03-06T19:31:16+00:00","dateModified":"2024-03-08T19:32:02+00:00","mainEntityOfPage":{"@id":"https:\/\/www.procarton.com\/ppwr-update-the-council-and-the-european-parliament-agree-a-compromise-on-the-packaging-and-packaging-waste-regulation\/"},"wordCount":838,"publisher":{"@id":"https:\/\/www.procarton.com\/es\/#organization"},"image":{"@id":"https:\/\/www.procarton.com\/ppwr-update-the-council-and-the-european-parliament-agree-a-compromise-on-the-packaging-and-packaging-waste-regulation\/#primaryimage"},"thumbnailUrl":"https:\/\/www.procarton.com\/wp-content\/uploads\/2021\/02\/European-Commission-Logo-2020-v1-2-2-1.png","articleSection":["EU and Political News","Fibre Packaging Europe (FPE)","Legislation","Members News","Packaging &amp; Packaging Waste Regulation (PPWR)","Pro Carton"],"inLanguage":"fr-FR"},{"@type":"WebPage","@id":"https:\/\/www.procarton.com\/ppwr-update-the-council-and-the-european-parliament-agree-a-compromise-on-the-packaging-and-packaging-waste-regulation\/","url":"https:\/\/www.procarton.com\/ppwr-update-the-council-and-the-european-parliament-agree-a-compromise-on-the-packaging-and-packaging-waste-regulation\/","name":"PPWR UPDATE - Le Conseil et le Parlement europ\u00e9en sont parvenus \u00e0 un compromis sur le r\u00e8glement relatif aux emballages et aux d\u00e9chets d'emballages - Pro Carton","isPartOf":{"@id":"https:\/\/www.procarton.com\/es\/#website"},"primaryImageOfPage":{"@id":"https:\/\/www.procarton.com\/ppwr-update-the-council-and-the-european-parliament-agree-a-compromise-on-the-packaging-and-packaging-waste-regulation\/#primaryimage"},"image":{"@id":"https:\/\/www.procarton.com\/ppwr-update-the-council-and-the-european-parliament-agree-a-compromise-on-the-packaging-and-packaging-waste-regulation\/#primaryimage"},"thumbnailUrl":"https:\/\/www.procarton.com\/wp-content\/uploads\/2021\/02\/European-Commission-Logo-2020-v1-2-2-1.png","datePublished":"2024-03-06T19:31:16+00:00","dateModified":"2024-03-08T19:32:02+00:00","description":"PPWR UPDATE - Le Conseil et le Parlement europ\u00e9en sont parvenus \u00e0 un compromis sur le r\u00e8glement relatif aux emballages et aux d\u00e9chets d'emballages","breadcrumb":{"@id":"https:\/\/www.procarton.com\/ppwr-update-the-council-and-the-european-parliament-agree-a-compromise-on-the-packaging-and-packaging-waste-regulation\/#breadcrumb"},"inLanguage":"fr-FR","potentialAction":[{"@type":"ReadAction","target":["https:\/\/www.procarton.com\/ppwr-update-the-council-and-the-european-parliament-agree-a-compromise-on-the-packaging-and-packaging-waste-regulation\/"]}]},{"@type":"ImageObject","inLanguage":"fr-FR","@id":"https:\/\/www.procarton.com\/ppwr-update-the-council-and-the-european-parliament-agree-a-compromise-on-the-packaging-and-packaging-waste-regulation\/#primaryimage","url":"https:\/\/www.procarton.com\/wp-content\/uploads\/2021\/02\/European-Commission-Logo-2020-v1-2-2-1.png","contentUrl":"https:\/\/www.procarton.com\/wp-content\/uploads\/2021\/02\/European-Commission-Logo-2020-v1-2-2-1.png","width":620,"height":387},{"@type":"BreadcrumbList","@id":"https:\/\/www.procarton.com\/ppwr-update-the-council-and-the-european-parliament-agree-a-compromise-on-the-packaging-and-packaging-waste-regulation\/#breadcrumb","itemListElement":[{"@type":"ListItem","position":1,"name":"Home","item":"https:\/\/www.procarton.com\/"},{"@type":"ListItem","position":2,"name":"PPWR UPDATE &#8211; The Council and the European Parliament agree a compromise on the Packaging and Packaging Waste Regulation"}]},{"@type":"WebSite","@id":"https:\/\/www.procarton.com\/es\/#website","url":"https:\/\/www.procarton.com\/es\/","name":"Pro Carton","description":"","publisher":{"@id":"https:\/\/www.procarton.com\/es\/#organization"},"potentialAction":[{"@type":"SearchAction","target":{"@type":"EntryPoint","urlTemplate":"https:\/\/www.procarton.com\/es\/?s={search_term_string}"},"query-input":{"@type":"PropertyValueSpecification","valueRequired":true,"valueName":"search_term_string"}}],"inLanguage":"fr-FR"},{"@type":"Organization","@id":"https:\/\/www.procarton.com\/es\/#organization","name":"ProCarton","url":"https:\/\/www.procarton.com\/es\/","logo":{"@type":"ImageObject","inLanguage":"fr-FR","@id":"https:\/\/www.procarton.com\/es\/#\/schema\/logo\/image\/","url":"https:\/\/www.procarton.com\/wp-content\/uploads\/2022\/06\/logo-mit-slogan.jpg","contentUrl":"https:\/\/www.procarton.com\/wp-content\/uploads\/2022\/06\/logo-mit-slogan.jpg","width":422,"height":519,"caption":"ProCarton"},"image":{"@id":"https:\/\/www.procarton.com\/es\/#\/schema\/logo\/image\/"},"sameAs":["https:\/\/www.facebook.com\/procartondesignaward\/","https:\/\/x.com\/pro_carton"]},{"@type":"Person","@id":"https:\/\/www.procarton.com\/es\/#\/schema\/person\/8f52811f36555e3fbe8aa433fda4f5b5","name":"ryan@procarton.com","url":"https:\/\/www.procarton.com\/fr\/author\/pro-carton-3\/"}]}},"_links":{"self":[{"href":"https:\/\/www.procarton.com\/fr\/wp-json\/wp\/v2\/posts\/294182","targetHints":{"allow":["GET"]}}],"collection":[{"href":"https:\/\/www.procarton.com\/fr\/wp-json\/wp\/v2\/posts"}],"about":[{"href":"https:\/\/www.procarton.com\/fr\/wp-json\/wp\/v2\/types\/post"}],"author":[{"embeddable":true,"href":"https:\/\/www.procarton.com\/fr\/wp-json\/wp\/v2\/users\/1286"}],"replies":[{"embeddable":true,"href":"https:\/\/www.procarton.com\/fr\/wp-json\/wp\/v2\/comments?post=294182"}],"version-history":[{"count":3,"href":"https:\/\/www.procarton.com\/fr\/wp-json\/wp\/v2\/posts\/294182\/revisions"}],"predecessor-version":[{"id":294185,"href":"https:\/\/www.procarton.com\/fr\/wp-json\/wp\/v2\/posts\/294182\/revisions\/294185"}],"wp:featuredmedia":[{"embeddable":true,"href":"https:\/\/www.procarton.com\/fr\/wp-json\/wp\/v2\/media\/243272"}],"wp:attachment":[{"href":"https:\/\/www.procarton.com\/fr\/wp-json\/wp\/v2\/media?parent=294182"}],"wp:term":[{"taxonomy":"category","embeddable":true,"href":"https:\/\/www.procarton.com\/fr\/wp-json\/wp\/v2\/categories?post=294182"},{"taxonomy":"post_tag","embeddable":true,"href":"https:\/\/www.procarton.com\/fr\/wp-json\/wp\/v2\/tags?post=294182"}],"curies":[{"name":"wp","href":"https:\/\/api.w.org\/{rel}","templated":true}]}}