{"id":294072,"date":"2024-02-14T15:04:08","date_gmt":"2024-02-14T15:04:08","guid":{"rendered":"https:\/\/www.procarton.com\/?p=294072"},"modified":"2024-02-16T15:08:07","modified_gmt":"2024-02-16T15:08:07","slug":"update-on-eu-deforestation-regulation-eudr-pro-carton-member-webinar-invitation","status":"publish","type":"post","link":"https:\/\/www.procarton.com\/fr\/update-on-eu-deforestation-regulation-eudr-pro-carton-member-webinar-invitation\/","title":{"rendered":"Mise \u00e0 jour sur le r\u00e8glement de l'UE sur la d\u00e9forestation (EUDR) - Invitation \u00e0 un webinaire pour les membres de Pro Carton"},"content":{"rendered":"<div class=\"av-animated-generic top-to-bottom flex_column av_one_full  flex_column_div av-zero-column-padding first  avia-builder-el-0  avia-builder-el-no-sibling\" style='border-radius:0px; '>\n<section class=\"av_textblock_section\"  itemscope=\"itemscope\" itemtype=\"https:\/\/schema.org\/BlogPosting\" itemprop=\"blogPost\" >\n<div class='avia_textblock'   itemprop=\"text\" >\n<p>Membres de Pro Carton,<\/p>\n<p>Le r\u00e8glement europ\u00e9en sur la d\u00e9forestation (EUDR) est entr\u00e9 en vigueur en juin 2023 et inclura tr\u00e8s probablement votre entreprise dans son champ d'application.<\/p>\n<p>Tout op\u00e9rateur ou n\u00e9gociant qui met des produits \u00e0 base de bois (y compris le carton et les bo\u00eetes pliantes) sur le march\u00e9 de l'UE, ou qui exporte \u00e0 partir de celui-ci, doit \u00eatre en mesure de prouver que les produits ne proviennent pas de terres r\u00e9cemment d\u00e9bois\u00e9es ou n'ont pas contribu\u00e9 \u00e0 la d\u00e9gradation des for\u00eats. Une d\u00e9claration de diligence raisonnable obligatoire doit \u00eatre t\u00e9l\u00e9charg\u00e9e sur un syst\u00e8me d'information de l'UE d'ici le 30 d\u00e9cembre 2024, afin d'inclure la g\u00e9olocalisation des terres o\u00f9 le bois utilis\u00e9 pour vos produits est cultiv\u00e9. L'UE a encore un important travail de pr\u00e9paration \u00e0 faire pour ce r\u00e8glement - par exemple, le syst\u00e8me d'information de l'UE n'est pas encore op\u00e9rationnel tandis que 13 \u00c9tats membres n'ont pas encore \u00e9t\u00e9 d\u00e9clar\u00e9s comme autorit\u00e9s comp\u00e9tentes. Pour en savoir plus sur ce r\u00e8glement, cliquez ici : <a href=\"https:\/\/environment.ec.europa.eu\/topics\/forests\/deforestation\/regulation-deforestation-free-products_en\">https:\/\/environment.ec.europa.eu\/topics\/forests\/deforestation\/regulation-deforestation-free-products_en<\/a><\/p>\n<p><strong>La Conf\u00e9d\u00e9ration des industries papeti\u00e8res organise un webinaire sur le RDUE le 6 mars 2024 de 10h00 \u00e0 12h00 CET.\u00a0 <\/strong>Ce webinaire explorera les derni\u00e8res mises \u00e0 jour de l'EUDR et apportera des \u00e9claircissements sur les \u00e9l\u00e9ments cl\u00e9s du nouveau cadre.  Pro Carton vous recommande de pr\u00e9parer votre organisation \u00e0 ce r\u00e8glement - le webinaire du Cepi (Cepinar) sera une source d'information utile.  Vous pouvez vous inscrire en cliquant sur le bouton ci-dessous :<\/p>\n<\/div>\n<\/section>\n<div  class='avia-button-wrap avia-button-center  avia-builder-el-2  el_after_av_textblock  avia-builder-el-last' ><a href='https:\/\/docs.google.com\/forms\/d\/e\/1FAIpQLSe1yArs90MbKO1F72oqfBuEDFMzBLvccPwePwQkMsEWBFLB8A\/viewform?pli=1' class='avia-button  avia-color-theme-color   avia-icon_select-no avia-size-small avia-position-center' target=\"_blank\" rel=\"noopener noreferrer\"><span class='avia_iconbox_title' >Inscrivez-vous pour assister \u00e0 \"Update on EUDR Implementation Cepinar\" (Mise \u00e0 jour sur la mise en \u0153uvre de l'EUDR)<\/span><\/a><\/div>\n<\/div>","protected":false},"excerpt":{"rendered":"<p>Le Cepi invite les membres de Pro Carton \u00e0 s'inscrire \u00e0 son webinaire sur la r\u00e9glementation europ\u00e9enne en mati\u00e8re de d\u00e9forestation (EUDR) le 6 mars 2024.<\/p>","protected":false},"author":1286,"featured_media":294074,"comment_status":"closed","ping_status":"open","sticky":false,"template":"","format":"standard","meta":{"inline_featured_image":false,"footnotes":""},"categories":[228,241,247],"tags":[],"class_list":["post-294072","post","type-post","status-publish","format-standard","has-post-thumbnail","hentry","category-eu-political-news","category-legislation","category-members-news"],"yoast_head":"<!-- This site is optimized with the Yoast SEO plugin v27.5 - https:\/\/yoast.com\/product\/yoast-seo-wordpress\/ -->\n<title>Update on EU Deforestation Regulation (EUDR) - Pro Carton Member Webinar Invitation - Pro Carton<\/title>\n<meta name=\"description\" content=\"Pro Carton Members can register now for the Confederation of Paper Industries (Cepi) webinar update on EU Deforestation Regulation (EUDR)\" \/>\n<meta name=\"robots\" content=\"index, follow, max-snippet:-1, max-image-preview:large, max-video-preview:-1\" \/>\n<link rel=\"canonical\" href=\"https:\/\/www.procarton.com\/fr\/update-on-eu-deforestation-regulation-eudr-pro-carton-member-webinar-invitation\/\" \/>\n<meta property=\"og:locale\" content=\"fr_FR\" \/>\n<meta property=\"og:type\" content=\"article\" \/>\n<meta property=\"og:title\" content=\"Update on EU Deforestation Regulation (EUDR) - Pro Carton Member Webinar Invitation - Pro Carton\" \/>\n<meta property=\"og:description\" content=\"Pro Carton Members can register now for the Confederation of Paper Industries (Cepi) webinar update on EU Deforestation Regulation (EUDR)\" \/>\n<meta property=\"og:url\" content=\"https:\/\/www.procarton.com\/fr\/update-on-eu-deforestation-regulation-eudr-pro-carton-member-webinar-invitation\/\" \/>\n<meta property=\"og:site_name\" content=\"Pro Carton\" \/>\n<meta property=\"article:publisher\" content=\"https:\/\/www.facebook.com\/procartondesignaward\/\" \/>\n<meta property=\"article:published_time\" content=\"2024-02-14T15:04:08+00:00\" \/>\n<meta property=\"article:modified_time\" content=\"2024-02-16T15:08:07+00:00\" \/>\n<meta property=\"og:image\" content=\"https:\/\/www.procarton.com\/wp-content\/uploads\/2024\/02\/6-March-2024-Cepinar.png\" \/>\n\t<meta property=\"og:image:width\" content=\"824\" \/>\n\t<meta property=\"og:image:height\" content=\"200\" \/>\n\t<meta property=\"og:image:type\" content=\"image\/png\" \/>\n<meta name=\"author\" content=\"ryan@procarton.com\" \/>\n<meta name=\"twitter:card\" content=\"summary_large_image\" \/>\n<meta name=\"twitter:creator\" content=\"@pro_carton\" \/>\n<meta name=\"twitter:site\" content=\"@pro_carton\" \/>\n<meta name=\"twitter:label1\" content=\"\u00c9crit par\" \/>\n\t<meta name=\"twitter:data1\" content=\"ryan@procarton.com\" \/>\n\t<meta name=\"twitter:label2\" content=\"Dur\u00e9e de lecture estim\u00e9e\" \/>\n\t<meta name=\"twitter:data2\" content=\"2 minutes\" \/>\n<script type=\"application\/ld+json\" class=\"yoast-schema-graph\">{\"@context\":\"https:\\\/\\\/schema.org\",\"@graph\":[{\"@type\":\"Article\",\"@id\":\"https:\\\/\\\/www.procarton.com\\\/update-on-eu-deforestation-regulation-eudr-pro-carton-member-webinar-invitation\\\/#article\",\"isPartOf\":{\"@id\":\"https:\\\/\\\/www.procarton.com\\\/update-on-eu-deforestation-regulation-eudr-pro-carton-member-webinar-invitation\\\/\"},\"author\":{\"name\":\"ryan@procarton.com\",\"@id\":\"https:\\\/\\\/www.procarton.com\\\/es\\\/#\\\/schema\\\/person\\\/8f52811f36555e3fbe8aa433fda4f5b5\"},\"headline\":\"Update on EU Deforestation Regulation (EUDR) &#8211; Pro Carton Member Webinar Invitation\",\"datePublished\":\"2024-02-14T15:04:08+00:00\",\"dateModified\":\"2024-02-16T15:08:07+00:00\",\"mainEntityOfPage\":{\"@id\":\"https:\\\/\\\/www.procarton.com\\\/update-on-eu-deforestation-regulation-eudr-pro-carton-member-webinar-invitation\\\/\"},\"wordCount\":500,\"publisher\":{\"@id\":\"https:\\\/\\\/www.procarton.com\\\/es\\\/#organization\"},\"image\":{\"@id\":\"https:\\\/\\\/www.procarton.com\\\/update-on-eu-deforestation-regulation-eudr-pro-carton-member-webinar-invitation\\\/#primaryimage\"},\"thumbnailUrl\":\"https:\\\/\\\/www.procarton.com\\\/wp-content\\\/uploads\\\/2024\\\/02\\\/6-March-2024-Cepinar.png\",\"articleSection\":[\"EU and Political News\",\"Legislation\",\"Members News\"],\"inLanguage\":\"fr-FR\"},{\"@type\":\"WebPage\",\"@id\":\"https:\\\/\\\/www.procarton.com\\\/update-on-eu-deforestation-regulation-eudr-pro-carton-member-webinar-invitation\\\/\",\"url\":\"https:\\\/\\\/www.procarton.com\\\/update-on-eu-deforestation-regulation-eudr-pro-carton-member-webinar-invitation\\\/\",\"name\":\"Update on EU Deforestation Regulation (EUDR) - Pro Carton Member Webinar Invitation - Pro Carton\",\"isPartOf\":{\"@id\":\"https:\\\/\\\/www.procarton.com\\\/es\\\/#website\"},\"primaryImageOfPage\":{\"@id\":\"https:\\\/\\\/www.procarton.com\\\/update-on-eu-deforestation-regulation-eudr-pro-carton-member-webinar-invitation\\\/#primaryimage\"},\"image\":{\"@id\":\"https:\\\/\\\/www.procarton.com\\\/update-on-eu-deforestation-regulation-eudr-pro-carton-member-webinar-invitation\\\/#primaryimage\"},\"thumbnailUrl\":\"https:\\\/\\\/www.procarton.com\\\/wp-content\\\/uploads\\\/2024\\\/02\\\/6-March-2024-Cepinar.png\",\"datePublished\":\"2024-02-14T15:04:08+00:00\",\"dateModified\":\"2024-02-16T15:08:07+00:00\",\"description\":\"Pro Carton Members can register now for the Confederation of Paper Industries (Cepi) webinar update on EU Deforestation Regulation (EUDR)\",\"breadcrumb\":{\"@id\":\"https:\\\/\\\/www.procarton.com\\\/update-on-eu-deforestation-regulation-eudr-pro-carton-member-webinar-invitation\\\/#breadcrumb\"},\"inLanguage\":\"fr-FR\",\"potentialAction\":[{\"@type\":\"ReadAction\",\"target\":[\"https:\\\/\\\/www.procarton.com\\\/update-on-eu-deforestation-regulation-eudr-pro-carton-member-webinar-invitation\\\/\"]}]},{\"@type\":\"ImageObject\",\"inLanguage\":\"fr-FR\",\"@id\":\"https:\\\/\\\/www.procarton.com\\\/update-on-eu-deforestation-regulation-eudr-pro-carton-member-webinar-invitation\\\/#primaryimage\",\"url\":\"https:\\\/\\\/www.procarton.com\\\/wp-content\\\/uploads\\\/2024\\\/02\\\/6-March-2024-Cepinar.png\",\"contentUrl\":\"https:\\\/\\\/www.procarton.com\\\/wp-content\\\/uploads\\\/2024\\\/02\\\/6-March-2024-Cepinar.png\",\"width\":824,\"height\":200},{\"@type\":\"BreadcrumbList\",\"@id\":\"https:\\\/\\\/www.procarton.com\\\/update-on-eu-deforestation-regulation-eudr-pro-carton-member-webinar-invitation\\\/#breadcrumb\",\"itemListElement\":[{\"@type\":\"ListItem\",\"position\":1,\"name\":\"Home\",\"item\":\"https:\\\/\\\/www.procarton.com\\\/\"},{\"@type\":\"ListItem\",\"position\":2,\"name\":\"Update on EU Deforestation Regulation (EUDR) &#8211; Pro Carton Member Webinar Invitation\"}]},{\"@type\":\"WebSite\",\"@id\":\"https:\\\/\\\/www.procarton.com\\\/es\\\/#website\",\"url\":\"https:\\\/\\\/www.procarton.com\\\/es\\\/\",\"name\":\"Pro Carton\",\"description\":\"\",\"publisher\":{\"@id\":\"https:\\\/\\\/www.procarton.com\\\/es\\\/#organization\"},\"potentialAction\":[{\"@type\":\"SearchAction\",\"target\":{\"@type\":\"EntryPoint\",\"urlTemplate\":\"https:\\\/\\\/www.procarton.com\\\/es\\\/?s={search_term_string}\"},\"query-input\":{\"@type\":\"PropertyValueSpecification\",\"valueRequired\":true,\"valueName\":\"search_term_string\"}}],\"inLanguage\":\"fr-FR\"},{\"@type\":\"Organization\",\"@id\":\"https:\\\/\\\/www.procarton.com\\\/es\\\/#organization\",\"name\":\"ProCarton\",\"url\":\"https:\\\/\\\/www.procarton.com\\\/es\\\/\",\"logo\":{\"@type\":\"ImageObject\",\"inLanguage\":\"fr-FR\",\"@id\":\"https:\\\/\\\/www.procarton.com\\\/es\\\/#\\\/schema\\\/logo\\\/image\\\/\",\"url\":\"https:\\\/\\\/www.procarton.com\\\/wp-content\\\/uploads\\\/2022\\\/06\\\/logo-mit-slogan.jpg\",\"contentUrl\":\"https:\\\/\\\/www.procarton.com\\\/wp-content\\\/uploads\\\/2022\\\/06\\\/logo-mit-slogan.jpg\",\"width\":422,\"height\":519,\"caption\":\"ProCarton\"},\"image\":{\"@id\":\"https:\\\/\\\/www.procarton.com\\\/es\\\/#\\\/schema\\\/logo\\\/image\\\/\"},\"sameAs\":[\"https:\\\/\\\/www.facebook.com\\\/procartondesignaward\\\/\",\"https:\\\/\\\/x.com\\\/pro_carton\"]},{\"@type\":\"Person\",\"@id\":\"https:\\\/\\\/www.procarton.com\\\/es\\\/#\\\/schema\\\/person\\\/8f52811f36555e3fbe8aa433fda4f5b5\",\"name\":\"ryan@procarton.com\",\"url\":\"https:\\\/\\\/www.procarton.com\\\/fr\\\/author\\\/pro-carton-3\\\/\"}]}<\/script>\n<!-- \/ Yoast SEO plugin. -->","yoast_head_json":{"title":"Mise \u00e0 jour sur le r\u00e8glement de l'UE sur la d\u00e9forestation (EUDR) - Invitation \u00e0 un webinaire pour les membres de Pro Carton - Pro Carton","description":"Les membres de Pro Carton peuvent s'inscrire d\u00e8s maintenant au webinaire de la Conf\u00e9d\u00e9ration des industries papeti\u00e8res (Cepi) sur la r\u00e9glementation europ\u00e9enne en mati\u00e8re de d\u00e9forestation (EUDR).","robots":{"index":"index","follow":"follow","max-snippet":"max-snippet:-1","max-image-preview":"max-image-preview:large","max-video-preview":"max-video-preview:-1"},"canonical":"https:\/\/www.procarton.com\/fr\/update-on-eu-deforestation-regulation-eudr-pro-carton-member-webinar-invitation\/","og_locale":"fr_FR","og_type":"article","og_title":"Update on EU Deforestation Regulation (EUDR) - Pro Carton Member Webinar Invitation - Pro Carton","og_description":"Pro Carton Members can register now for the Confederation of Paper Industries (Cepi) webinar update on EU Deforestation Regulation (EUDR)","og_url":"https:\/\/www.procarton.com\/fr\/update-on-eu-deforestation-regulation-eudr-pro-carton-member-webinar-invitation\/","og_site_name":"Pro Carton","article_publisher":"https:\/\/www.facebook.com\/procartondesignaward\/","article_published_time":"2024-02-14T15:04:08+00:00","article_modified_time":"2024-02-16T15:08:07+00:00","og_image":[{"width":824,"height":200,"url":"https:\/\/www.procarton.com\/wp-content\/uploads\/2024\/02\/6-March-2024-Cepinar.png","type":"image\/png"}],"author":"ryan@procarton.com","twitter_card":"summary_large_image","twitter_creator":"@pro_carton","twitter_site":"@pro_carton","twitter_misc":{"\u00c9crit par":"ryan@procarton.com","Dur\u00e9e de lecture estim\u00e9e":"2 minutes"},"schema":{"@context":"https:\/\/schema.org","@graph":[{"@type":"Article","@id":"https:\/\/www.procarton.com\/update-on-eu-deforestation-regulation-eudr-pro-carton-member-webinar-invitation\/#article","isPartOf":{"@id":"https:\/\/www.procarton.com\/update-on-eu-deforestation-regulation-eudr-pro-carton-member-webinar-invitation\/"},"author":{"name":"ryan@procarton.com","@id":"https:\/\/www.procarton.com\/es\/#\/schema\/person\/8f52811f36555e3fbe8aa433fda4f5b5"},"headline":"Update on EU Deforestation Regulation (EUDR) &#8211; Pro Carton Member Webinar Invitation","datePublished":"2024-02-14T15:04:08+00:00","dateModified":"2024-02-16T15:08:07+00:00","mainEntityOfPage":{"@id":"https:\/\/www.procarton.com\/update-on-eu-deforestation-regulation-eudr-pro-carton-member-webinar-invitation\/"},"wordCount":500,"publisher":{"@id":"https:\/\/www.procarton.com\/es\/#organization"},"image":{"@id":"https:\/\/www.procarton.com\/update-on-eu-deforestation-regulation-eudr-pro-carton-member-webinar-invitation\/#primaryimage"},"thumbnailUrl":"https:\/\/www.procarton.com\/wp-content\/uploads\/2024\/02\/6-March-2024-Cepinar.png","articleSection":["EU and Political News","Legislation","Members News"],"inLanguage":"fr-FR"},{"@type":"WebPage","@id":"https:\/\/www.procarton.com\/update-on-eu-deforestation-regulation-eudr-pro-carton-member-webinar-invitation\/","url":"https:\/\/www.procarton.com\/update-on-eu-deforestation-regulation-eudr-pro-carton-member-webinar-invitation\/","name":"Mise \u00e0 jour sur le r\u00e8glement de l'UE sur la d\u00e9forestation (EUDR) - Invitation \u00e0 un webinaire pour les membres de Pro Carton - Pro Carton","isPartOf":{"@id":"https:\/\/www.procarton.com\/es\/#website"},"primaryImageOfPage":{"@id":"https:\/\/www.procarton.com\/update-on-eu-deforestation-regulation-eudr-pro-carton-member-webinar-invitation\/#primaryimage"},"image":{"@id":"https:\/\/www.procarton.com\/update-on-eu-deforestation-regulation-eudr-pro-carton-member-webinar-invitation\/#primaryimage"},"thumbnailUrl":"https:\/\/www.procarton.com\/wp-content\/uploads\/2024\/02\/6-March-2024-Cepinar.png","datePublished":"2024-02-14T15:04:08+00:00","dateModified":"2024-02-16T15:08:07+00:00","description":"Les membres de Pro Carton peuvent s'inscrire d\u00e8s maintenant au webinaire de la Conf\u00e9d\u00e9ration des industries papeti\u00e8res (Cepi) sur la r\u00e9glementation europ\u00e9enne en mati\u00e8re de d\u00e9forestation (EUDR).","breadcrumb":{"@id":"https:\/\/www.procarton.com\/update-on-eu-deforestation-regulation-eudr-pro-carton-member-webinar-invitation\/#breadcrumb"},"inLanguage":"fr-FR","potentialAction":[{"@type":"ReadAction","target":["https:\/\/www.procarton.com\/update-on-eu-deforestation-regulation-eudr-pro-carton-member-webinar-invitation\/"]}]},{"@type":"ImageObject","inLanguage":"fr-FR","@id":"https:\/\/www.procarton.com\/update-on-eu-deforestation-regulation-eudr-pro-carton-member-webinar-invitation\/#primaryimage","url":"https:\/\/www.procarton.com\/wp-content\/uploads\/2024\/02\/6-March-2024-Cepinar.png","contentUrl":"https:\/\/www.procarton.com\/wp-content\/uploads\/2024\/02\/6-March-2024-Cepinar.png","width":824,"height":200},{"@type":"BreadcrumbList","@id":"https:\/\/www.procarton.com\/update-on-eu-deforestation-regulation-eudr-pro-carton-member-webinar-invitation\/#breadcrumb","itemListElement":[{"@type":"ListItem","position":1,"name":"Home","item":"https:\/\/www.procarton.com\/"},{"@type":"ListItem","position":2,"name":"Update on EU Deforestation Regulation (EUDR) &#8211; Pro Carton Member Webinar Invitation"}]},{"@type":"WebSite","@id":"https:\/\/www.procarton.com\/es\/#website","url":"https:\/\/www.procarton.com\/es\/","name":"Pro Carton","description":"","publisher":{"@id":"https:\/\/www.procarton.com\/es\/#organization"},"potentialAction":[{"@type":"SearchAction","target":{"@type":"EntryPoint","urlTemplate":"https:\/\/www.procarton.com\/es\/?s={search_term_string}"},"query-input":{"@type":"PropertyValueSpecification","valueRequired":true,"valueName":"search_term_string"}}],"inLanguage":"fr-FR"},{"@type":"Organization","@id":"https:\/\/www.procarton.com\/es\/#organization","name":"ProCarton","url":"https:\/\/www.procarton.com\/es\/","logo":{"@type":"ImageObject","inLanguage":"fr-FR","@id":"https:\/\/www.procarton.com\/es\/#\/schema\/logo\/image\/","url":"https:\/\/www.procarton.com\/wp-content\/uploads\/2022\/06\/logo-mit-slogan.jpg","contentUrl":"https:\/\/www.procarton.com\/wp-content\/uploads\/2022\/06\/logo-mit-slogan.jpg","width":422,"height":519,"caption":"ProCarton"},"image":{"@id":"https:\/\/www.procarton.com\/es\/#\/schema\/logo\/image\/"},"sameAs":["https:\/\/www.facebook.com\/procartondesignaward\/","https:\/\/x.com\/pro_carton"]},{"@type":"Person","@id":"https:\/\/www.procarton.com\/es\/#\/schema\/person\/8f52811f36555e3fbe8aa433fda4f5b5","name":"ryan@procarton.com","url":"https:\/\/www.procarton.com\/fr\/author\/pro-carton-3\/"}]}},"_links":{"self":[{"href":"https:\/\/www.procarton.com\/fr\/wp-json\/wp\/v2\/posts\/294072","targetHints":{"allow":["GET"]}}],"collection":[{"href":"https:\/\/www.procarton.com\/fr\/wp-json\/wp\/v2\/posts"}],"about":[{"href":"https:\/\/www.procarton.com\/fr\/wp-json\/wp\/v2\/types\/post"}],"author":[{"embeddable":true,"href":"https:\/\/www.procarton.com\/fr\/wp-json\/wp\/v2\/users\/1286"}],"replies":[{"embeddable":true,"href":"https:\/\/www.procarton.com\/fr\/wp-json\/wp\/v2\/comments?post=294072"}],"version-history":[{"count":3,"href":"https:\/\/www.procarton.com\/fr\/wp-json\/wp\/v2\/posts\/294072\/revisions"}],"predecessor-version":[{"id":294077,"href":"https:\/\/www.procarton.com\/fr\/wp-json\/wp\/v2\/posts\/294072\/revisions\/294077"}],"wp:featuredmedia":[{"embeddable":true,"href":"https:\/\/www.procarton.com\/fr\/wp-json\/wp\/v2\/media\/294074"}],"wp:attachment":[{"href":"https:\/\/www.procarton.com\/fr\/wp-json\/wp\/v2\/media?parent=294072"}],"wp:term":[{"taxonomy":"category","embeddable":true,"href":"https:\/\/www.procarton.com\/fr\/wp-json\/wp\/v2\/categories?post=294072"},{"taxonomy":"post_tag","embeddable":true,"href":"https:\/\/www.procarton.com\/fr\/wp-json\/wp\/v2\/tags?post=294072"}],"curies":[{"name":"wp","href":"https:\/\/api.w.org\/{rel}","templated":true}]}}