{"id":293714,"date":"2024-01-09T13:48:45","date_gmt":"2024-01-09T13:48:45","guid":{"rendered":"https:\/\/www.procarton.com\/?p=293714"},"modified":"2024-02-14T12:35:30","modified_gmt":"2024-02-14T12:35:30","slug":"inter-institutional-negotiations-on-ppwr-tbc","status":"publish","type":"post","link":"https:\/\/www.procarton.com\/fr\/inter-institutional-negotiations-on-ppwr-tbc\/","title":{"rendered":"N\u00e9gociations interinstitutionnelles sur le PPWR (\u00e0 confirmer)"},"content":{"rendered":"<div class=\"av-animated-generic top-to-bottom flex_column av_one_full  flex_column_div av-zero-column-padding first  avia-builder-el-0  el_before_av_hr  avia-builder-el-first\" style='border-radius:0px; '>\n<div   class='hr hr-default   avia-builder-el-1  el_before_av_textblock  avia-builder-el-first'><span class='hr-inner' ><span class='hr-inner-style'><\/span><\/span><\/div>\n<section class=\"av_textblock_section\"  itemscope=\"itemscope\" itemtype=\"https:\/\/schema.org\/BlogPosting\" itemprop=\"blogPost\" >\n<div class='avia_textblock'   itemprop=\"text\" >\n<table width=\"949\">\n<tbody>\n<tr>\n<td width=\"277\"><strong>Trilogues techniques<\/strong><\/td>\n<td width=\"380\">Mercredi 10 janvier AM<\/p>\n<p><span style=\"font-family: inherit;\">Vendredi, 12 janvier PM<\/span><\/p>\n<p>Mardi, 16 janvier PM<\/p>\n<p>Mercredi, 17 janvier PM<\/p>\n<p>Lundi, 22 janvier PM<\/p>\n<p>Mercredi, 24 janvier PM<\/p>\n<p>Lundi 29 janvier AM<\/p>\n<p>Mercredi 31 janvier AM<\/p>\n<p>Vendredi 2 f\u00e9vrier AM<\/p>\n<p>Mardi, 13 f\u00e9vrier AM<\/p>\n<p>Jeudi, 15 f\u00e9vrier PM<\/p>\n<p>Lundi, 19 f\u00e9vrier PM<\/p>\n<p>Mercredi, 21 f\u00e9vrier AM<\/p>\n<p>Jeudi 22 f\u00e9vrier AM<\/p>\n<p>Lundi, 26 f\u00e9vrier PM<\/p>\n<p>Mardi, 27 f\u00e9vrier PM<\/td>\n<td width=\"292\"><\/td>\n<\/tr>\n<tr>\n<td width=\"277\"><strong>Trilogues politiques<\/strong><\/td>\n<td colspan=\"2\" width=\"672\">Lundi, 5 f\u00e9vrier PM<\/p>\n<p>Lundi, 4 mars PM<\/td>\n<\/tr>\n<\/tbody>\n<\/table>\n<\/div>\n<\/section>\n<\/div>\n<div   class='hr hr-default   avia-builder-el-3  el_after_av_one_full  el_before_av_one_full'><span class='hr-inner' ><span class='hr-inner-style'><\/span><\/span><\/div>\n<div class=\"av-animated-generic top-to-bottom flex_column av_one_full  flex_column_div av-zero-column-padding first  avia-builder-el-4  el_after_av_hr  avia-builder-el-last\" style='border-radius:0px; '>\n<section class=\"av_textblock_section\"  itemscope=\"itemscope\" itemtype=\"https:\/\/schema.org\/BlogPosting\" itemprop=\"blogPost\" >\n<div class='avia_textblock'   itemprop=\"text\" >\n<p><strong>Nouvelles et informations r\u00e9centes sur le PPWR :<\/strong><\/p>\n<ul>\n<li class=\"main-title entry-title\"><a title=\"Lien permanent : Le Conseil europ\u00e9en adopte une position sur le r\u00e8glement relatif aux emballages et aux d\u00e9chets d&#039;emballages (PPWR)\" href=\"https:\/\/www.procarton.com\/european-council-adopts-position-on-the-packaging-packaging-waste-regulation-ppwr\/\" rel=\"bookmark\">Le Conseil europ\u00e9en adopte une position sur le r\u00e8glement relatif aux emballages et aux d\u00e9chets d'emballages (PPWR)<\/a> - 19 d\u00e9cembre 2023<\/li>\n<li><a href=\"https:\/\/www.procarton.com\/an-initial-interim-assessment-from-pro-carton-director-general-horst-bittermann-on-eu-position-on-packaging-and-packaging-waste-regulation-ppwr\/\" target=\"_blank\" rel=\"noopener\">Horst Bittermann, directeur g\u00e9n\u00e9ral de Pro Carton, dresse un premier bilan provisoire de la position de l'UE sur le r\u00e8glement relatif aux emballages et aux d\u00e9chets d'emballages (PPWR).<\/a> - 1er d\u00e9cembre 2023<\/li>\n<li><a title=\"Lien permanent : PPWR UPDATE : R\u00e9sultat du vote en pl\u00e9ni\u00e8re du Parlement europ\u00e9en - R\u00e9sum\u00e9 pr\u00e9liminaire\" href=\"https:\/\/www.procarton.com\/ppwr-update-result-of-european-parliament-plenary-vote-preliminary-summary\/\" rel=\"bookmark\">PPWR UPDATE : R\u00e9sultat du vote en pl\u00e9ni\u00e8re du Parlement europ\u00e9en - R\u00e9sum\u00e9 pr\u00e9liminaire<\/a> - 23 novembre 2023<\/li>\n<li><a href=\"https:\/\/www.procarton.com\/joint-industry-statement-and-proposed-amendments-to-the-packaging-and-packaging-waste-regulation-ppwr\/\">D\u00e9claration conjointe de l'industrie et proposition de modification du r\u00e8glement relatif aux emballages et aux d\u00e9chets d'emballages (PPWR)<\/a> - 8 novembre 2023<\/li>\n<li><a title=\"Lien permanent : EU Policy Brief newsflash : Vote ENVI sur le r\u00e8glement relatif aux emballages et aux d\u00e9chets d&#039;emballages\" href=\"https:\/\/www.procarton.com\/eu-policy-brief-newsflash-envi-vote-on-the-packaging-and-packaging-waste-regulation\/\" rel=\"bookmark\">EU Policy Brief newsflash : Vote ENVI sur le r\u00e8glement relatif aux emballages et aux d\u00e9chets d'emballages<\/a> - 24 octobre 2023<\/li>\n<\/ul>\n<\/div>\n<\/section>\n<\/div>","protected":false},"excerpt":{"rendered":"<p>R\u00e8glement sur les emballages et les d\u00e9chets d'emballages (PPWR) Trilogues pr\u00e9vus pour 2024<\/p>","protected":false},"author":1286,"featured_media":243272,"comment_status":"closed","ping_status":"open","sticky":false,"template":"","format":"standard","meta":{"inline_featured_image":false,"footnotes":""},"categories":[228,272,241,247,279,242],"tags":[],"class_list":["post-293714","post","type-post","status-publish","format-standard","has-post-thumbnail","hentry","category-eu-political-news","category-fibre-packaging-europe-fpe","category-legislation","category-members-news","category-packaging-packaging-waste-regulation-ppwr","category-procarton"],"yoast_head":"<!-- This site is optimized with the Yoast SEO plugin v27.4 - https:\/\/yoast.com\/product\/yoast-seo-wordpress\/ -->\n<title>Inter-institutional negotiations on PPWR (TBC) - Pro Carton<\/title>\n<meta name=\"description\" content=\"Packaging &amp; Packaging Waste Regulation (PPWR) Trilogues schedule for 2024\" \/>\n<meta name=\"robots\" content=\"index, follow, max-snippet:-1, max-image-preview:large, max-video-preview:-1\" \/>\n<link rel=\"canonical\" href=\"https:\/\/www.procarton.com\/fr\/inter-institutional-negotiations-on-ppwr-tbc\/\" \/>\n<meta property=\"og:locale\" content=\"fr_FR\" \/>\n<meta property=\"og:type\" content=\"article\" \/>\n<meta property=\"og:title\" content=\"Inter-institutional negotiations on PPWR (TBC) - Pro Carton\" \/>\n<meta property=\"og:description\" content=\"Packaging &amp; Packaging Waste Regulation (PPWR) Trilogues schedule for 2024\" \/>\n<meta property=\"og:url\" content=\"https:\/\/www.procarton.com\/fr\/inter-institutional-negotiations-on-ppwr-tbc\/\" \/>\n<meta property=\"og:site_name\" content=\"Pro Carton\" \/>\n<meta property=\"article:publisher\" content=\"https:\/\/www.facebook.com\/procartondesignaward\/\" \/>\n<meta property=\"article:published_time\" content=\"2024-01-09T13:48:45+00:00\" \/>\n<meta property=\"article:modified_time\" content=\"2024-02-14T12:35:30+00:00\" \/>\n<meta property=\"og:image\" content=\"https:\/\/www.procarton.com\/wp-content\/uploads\/2021\/02\/European-Commission-Logo-2020-v1-2-2-1.png\" \/>\n\t<meta property=\"og:image:width\" content=\"620\" \/>\n\t<meta property=\"og:image:height\" content=\"387\" \/>\n\t<meta property=\"og:image:type\" content=\"image\/png\" \/>\n<meta name=\"author\" content=\"ryan@procarton.com\" \/>\n<meta name=\"twitter:card\" content=\"summary_large_image\" \/>\n<meta name=\"twitter:creator\" content=\"@pro_carton\" \/>\n<meta name=\"twitter:site\" content=\"@pro_carton\" \/>\n<meta name=\"twitter:label1\" content=\"\u00c9crit par\" \/>\n\t<meta name=\"twitter:data1\" content=\"ryan@procarton.com\" \/>\n\t<meta name=\"twitter:label2\" content=\"Dur\u00e9e de lecture estim\u00e9e\" \/>\n\t<meta name=\"twitter:data2\" content=\"2 minutes\" \/>\n<script type=\"application\/ld+json\" class=\"yoast-schema-graph\">{\"@context\":\"https:\\\/\\\/schema.org\",\"@graph\":[{\"@type\":\"Article\",\"@id\":\"https:\\\/\\\/www.procarton.com\\\/inter-institutional-negotiations-on-ppwr-tbc\\\/#article\",\"isPartOf\":{\"@id\":\"https:\\\/\\\/www.procarton.com\\\/inter-institutional-negotiations-on-ppwr-tbc\\\/\"},\"author\":{\"name\":\"ryan@procarton.com\",\"@id\":\"https:\\\/\\\/www.procarton.com\\\/es\\\/#\\\/schema\\\/person\\\/8f52811f36555e3fbe8aa433fda4f5b5\"},\"headline\":\"Inter-institutional negotiations on PPWR (TBC)\",\"datePublished\":\"2024-01-09T13:48:45+00:00\",\"dateModified\":\"2024-02-14T12:35:30+00:00\",\"mainEntityOfPage\":{\"@id\":\"https:\\\/\\\/www.procarton.com\\\/inter-institutional-negotiations-on-ppwr-tbc\\\/\"},\"wordCount\":619,\"publisher\":{\"@id\":\"https:\\\/\\\/www.procarton.com\\\/es\\\/#organization\"},\"image\":{\"@id\":\"https:\\\/\\\/www.procarton.com\\\/inter-institutional-negotiations-on-ppwr-tbc\\\/#primaryimage\"},\"thumbnailUrl\":\"https:\\\/\\\/www.procarton.com\\\/wp-content\\\/uploads\\\/2021\\\/02\\\/European-Commission-Logo-2020-v1-2-2-1.png\",\"articleSection\":[\"EU and Political News\",\"Fibre Packaging Europe (FPE)\",\"Legislation\",\"Members News\",\"Packaging &amp; Packaging Waste Regulation (PPWR)\",\"Pro Carton\"],\"inLanguage\":\"fr-FR\"},{\"@type\":\"WebPage\",\"@id\":\"https:\\\/\\\/www.procarton.com\\\/inter-institutional-negotiations-on-ppwr-tbc\\\/\",\"url\":\"https:\\\/\\\/www.procarton.com\\\/inter-institutional-negotiations-on-ppwr-tbc\\\/\",\"name\":\"Inter-institutional negotiations on PPWR (TBC) - Pro Carton\",\"isPartOf\":{\"@id\":\"https:\\\/\\\/www.procarton.com\\\/es\\\/#website\"},\"primaryImageOfPage\":{\"@id\":\"https:\\\/\\\/www.procarton.com\\\/inter-institutional-negotiations-on-ppwr-tbc\\\/#primaryimage\"},\"image\":{\"@id\":\"https:\\\/\\\/www.procarton.com\\\/inter-institutional-negotiations-on-ppwr-tbc\\\/#primaryimage\"},\"thumbnailUrl\":\"https:\\\/\\\/www.procarton.com\\\/wp-content\\\/uploads\\\/2021\\\/02\\\/European-Commission-Logo-2020-v1-2-2-1.png\",\"datePublished\":\"2024-01-09T13:48:45+00:00\",\"dateModified\":\"2024-02-14T12:35:30+00:00\",\"description\":\"Packaging & Packaging Waste Regulation (PPWR) Trilogues schedule for 2024\",\"breadcrumb\":{\"@id\":\"https:\\\/\\\/www.procarton.com\\\/inter-institutional-negotiations-on-ppwr-tbc\\\/#breadcrumb\"},\"inLanguage\":\"fr-FR\",\"potentialAction\":[{\"@type\":\"ReadAction\",\"target\":[\"https:\\\/\\\/www.procarton.com\\\/inter-institutional-negotiations-on-ppwr-tbc\\\/\"]}]},{\"@type\":\"ImageObject\",\"inLanguage\":\"fr-FR\",\"@id\":\"https:\\\/\\\/www.procarton.com\\\/inter-institutional-negotiations-on-ppwr-tbc\\\/#primaryimage\",\"url\":\"https:\\\/\\\/www.procarton.com\\\/wp-content\\\/uploads\\\/2021\\\/02\\\/European-Commission-Logo-2020-v1-2-2-1.png\",\"contentUrl\":\"https:\\\/\\\/www.procarton.com\\\/wp-content\\\/uploads\\\/2021\\\/02\\\/European-Commission-Logo-2020-v1-2-2-1.png\",\"width\":620,\"height\":387},{\"@type\":\"BreadcrumbList\",\"@id\":\"https:\\\/\\\/www.procarton.com\\\/inter-institutional-negotiations-on-ppwr-tbc\\\/#breadcrumb\",\"itemListElement\":[{\"@type\":\"ListItem\",\"position\":1,\"name\":\"Home\",\"item\":\"https:\\\/\\\/www.procarton.com\\\/\"},{\"@type\":\"ListItem\",\"position\":2,\"name\":\"Inter-institutional negotiations on PPWR (TBC)\"}]},{\"@type\":\"WebSite\",\"@id\":\"https:\\\/\\\/www.procarton.com\\\/es\\\/#website\",\"url\":\"https:\\\/\\\/www.procarton.com\\\/es\\\/\",\"name\":\"Pro Carton\",\"description\":\"\",\"publisher\":{\"@id\":\"https:\\\/\\\/www.procarton.com\\\/es\\\/#organization\"},\"potentialAction\":[{\"@type\":\"SearchAction\",\"target\":{\"@type\":\"EntryPoint\",\"urlTemplate\":\"https:\\\/\\\/www.procarton.com\\\/es\\\/?s={search_term_string}\"},\"query-input\":{\"@type\":\"PropertyValueSpecification\",\"valueRequired\":true,\"valueName\":\"search_term_string\"}}],\"inLanguage\":\"fr-FR\"},{\"@type\":\"Organization\",\"@id\":\"https:\\\/\\\/www.procarton.com\\\/es\\\/#organization\",\"name\":\"ProCarton\",\"url\":\"https:\\\/\\\/www.procarton.com\\\/es\\\/\",\"logo\":{\"@type\":\"ImageObject\",\"inLanguage\":\"fr-FR\",\"@id\":\"https:\\\/\\\/www.procarton.com\\\/es\\\/#\\\/schema\\\/logo\\\/image\\\/\",\"url\":\"https:\\\/\\\/www.procarton.com\\\/wp-content\\\/uploads\\\/2022\\\/06\\\/logo-mit-slogan.jpg\",\"contentUrl\":\"https:\\\/\\\/www.procarton.com\\\/wp-content\\\/uploads\\\/2022\\\/06\\\/logo-mit-slogan.jpg\",\"width\":422,\"height\":519,\"caption\":\"ProCarton\"},\"image\":{\"@id\":\"https:\\\/\\\/www.procarton.com\\\/es\\\/#\\\/schema\\\/logo\\\/image\\\/\"},\"sameAs\":[\"https:\\\/\\\/www.facebook.com\\\/procartondesignaward\\\/\",\"https:\\\/\\\/x.com\\\/pro_carton\"]},{\"@type\":\"Person\",\"@id\":\"https:\\\/\\\/www.procarton.com\\\/es\\\/#\\\/schema\\\/person\\\/8f52811f36555e3fbe8aa433fda4f5b5\",\"name\":\"ryan@procarton.com\",\"url\":\"https:\\\/\\\/www.procarton.com\\\/fr\\\/author\\\/pro-carton-3\\\/\"}]}<\/script>\n<!-- \/ Yoast SEO plugin. -->","yoast_head_json":{"title":"N\u00e9gociations interinstitutionnelles sur le PPWR (TBC) - Pro Carton","description":"R\u00e8glement sur les emballages et les d\u00e9chets d'emballages (PPWR) Trilogues pr\u00e9vus pour 2024","robots":{"index":"index","follow":"follow","max-snippet":"max-snippet:-1","max-image-preview":"max-image-preview:large","max-video-preview":"max-video-preview:-1"},"canonical":"https:\/\/www.procarton.com\/fr\/inter-institutional-negotiations-on-ppwr-tbc\/","og_locale":"fr_FR","og_type":"article","og_title":"Inter-institutional negotiations on PPWR (TBC) - Pro Carton","og_description":"Packaging & Packaging Waste Regulation (PPWR) Trilogues schedule for 2024","og_url":"https:\/\/www.procarton.com\/fr\/inter-institutional-negotiations-on-ppwr-tbc\/","og_site_name":"Pro Carton","article_publisher":"https:\/\/www.facebook.com\/procartondesignaward\/","article_published_time":"2024-01-09T13:48:45+00:00","article_modified_time":"2024-02-14T12:35:30+00:00","og_image":[{"width":620,"height":387,"url":"https:\/\/www.procarton.com\/wp-content\/uploads\/2021\/02\/European-Commission-Logo-2020-v1-2-2-1.png","type":"image\/png"}],"author":"ryan@procarton.com","twitter_card":"summary_large_image","twitter_creator":"@pro_carton","twitter_site":"@pro_carton","twitter_misc":{"\u00c9crit par":"ryan@procarton.com","Dur\u00e9e de lecture estim\u00e9e":"2 minutes"},"schema":{"@context":"https:\/\/schema.org","@graph":[{"@type":"Article","@id":"https:\/\/www.procarton.com\/inter-institutional-negotiations-on-ppwr-tbc\/#article","isPartOf":{"@id":"https:\/\/www.procarton.com\/inter-institutional-negotiations-on-ppwr-tbc\/"},"author":{"name":"ryan@procarton.com","@id":"https:\/\/www.procarton.com\/es\/#\/schema\/person\/8f52811f36555e3fbe8aa433fda4f5b5"},"headline":"Inter-institutional negotiations on PPWR (TBC)","datePublished":"2024-01-09T13:48:45+00:00","dateModified":"2024-02-14T12:35:30+00:00","mainEntityOfPage":{"@id":"https:\/\/www.procarton.com\/inter-institutional-negotiations-on-ppwr-tbc\/"},"wordCount":619,"publisher":{"@id":"https:\/\/www.procarton.com\/es\/#organization"},"image":{"@id":"https:\/\/www.procarton.com\/inter-institutional-negotiations-on-ppwr-tbc\/#primaryimage"},"thumbnailUrl":"https:\/\/www.procarton.com\/wp-content\/uploads\/2021\/02\/European-Commission-Logo-2020-v1-2-2-1.png","articleSection":["EU and Political News","Fibre Packaging Europe (FPE)","Legislation","Members News","Packaging &amp; Packaging Waste Regulation (PPWR)","Pro Carton"],"inLanguage":"fr-FR"},{"@type":"WebPage","@id":"https:\/\/www.procarton.com\/inter-institutional-negotiations-on-ppwr-tbc\/","url":"https:\/\/www.procarton.com\/inter-institutional-negotiations-on-ppwr-tbc\/","name":"N\u00e9gociations interinstitutionnelles sur le PPWR (TBC) - Pro Carton","isPartOf":{"@id":"https:\/\/www.procarton.com\/es\/#website"},"primaryImageOfPage":{"@id":"https:\/\/www.procarton.com\/inter-institutional-negotiations-on-ppwr-tbc\/#primaryimage"},"image":{"@id":"https:\/\/www.procarton.com\/inter-institutional-negotiations-on-ppwr-tbc\/#primaryimage"},"thumbnailUrl":"https:\/\/www.procarton.com\/wp-content\/uploads\/2021\/02\/European-Commission-Logo-2020-v1-2-2-1.png","datePublished":"2024-01-09T13:48:45+00:00","dateModified":"2024-02-14T12:35:30+00:00","description":"R\u00e8glement sur les emballages et les d\u00e9chets d'emballages (PPWR) Trilogues pr\u00e9vus pour 2024","breadcrumb":{"@id":"https:\/\/www.procarton.com\/inter-institutional-negotiations-on-ppwr-tbc\/#breadcrumb"},"inLanguage":"fr-FR","potentialAction":[{"@type":"ReadAction","target":["https:\/\/www.procarton.com\/inter-institutional-negotiations-on-ppwr-tbc\/"]}]},{"@type":"ImageObject","inLanguage":"fr-FR","@id":"https:\/\/www.procarton.com\/inter-institutional-negotiations-on-ppwr-tbc\/#primaryimage","url":"https:\/\/www.procarton.com\/wp-content\/uploads\/2021\/02\/European-Commission-Logo-2020-v1-2-2-1.png","contentUrl":"https:\/\/www.procarton.com\/wp-content\/uploads\/2021\/02\/European-Commission-Logo-2020-v1-2-2-1.png","width":620,"height":387},{"@type":"BreadcrumbList","@id":"https:\/\/www.procarton.com\/inter-institutional-negotiations-on-ppwr-tbc\/#breadcrumb","itemListElement":[{"@type":"ListItem","position":1,"name":"Home","item":"https:\/\/www.procarton.com\/"},{"@type":"ListItem","position":2,"name":"Inter-institutional negotiations on PPWR (TBC)"}]},{"@type":"WebSite","@id":"https:\/\/www.procarton.com\/es\/#website","url":"https:\/\/www.procarton.com\/es\/","name":"Pro Carton","description":"","publisher":{"@id":"https:\/\/www.procarton.com\/es\/#organization"},"potentialAction":[{"@type":"SearchAction","target":{"@type":"EntryPoint","urlTemplate":"https:\/\/www.procarton.com\/es\/?s={search_term_string}"},"query-input":{"@type":"PropertyValueSpecification","valueRequired":true,"valueName":"search_term_string"}}],"inLanguage":"fr-FR"},{"@type":"Organization","@id":"https:\/\/www.procarton.com\/es\/#organization","name":"ProCarton","url":"https:\/\/www.procarton.com\/es\/","logo":{"@type":"ImageObject","inLanguage":"fr-FR","@id":"https:\/\/www.procarton.com\/es\/#\/schema\/logo\/image\/","url":"https:\/\/www.procarton.com\/wp-content\/uploads\/2022\/06\/logo-mit-slogan.jpg","contentUrl":"https:\/\/www.procarton.com\/wp-content\/uploads\/2022\/06\/logo-mit-slogan.jpg","width":422,"height":519,"caption":"ProCarton"},"image":{"@id":"https:\/\/www.procarton.com\/es\/#\/schema\/logo\/image\/"},"sameAs":["https:\/\/www.facebook.com\/procartondesignaward\/","https:\/\/x.com\/pro_carton"]},{"@type":"Person","@id":"https:\/\/www.procarton.com\/es\/#\/schema\/person\/8f52811f36555e3fbe8aa433fda4f5b5","name":"ryan@procarton.com","url":"https:\/\/www.procarton.com\/fr\/author\/pro-carton-3\/"}]}},"_links":{"self":[{"href":"https:\/\/www.procarton.com\/fr\/wp-json\/wp\/v2\/posts\/293714","targetHints":{"allow":["GET"]}}],"collection":[{"href":"https:\/\/www.procarton.com\/fr\/wp-json\/wp\/v2\/posts"}],"about":[{"href":"https:\/\/www.procarton.com\/fr\/wp-json\/wp\/v2\/types\/post"}],"author":[{"embeddable":true,"href":"https:\/\/www.procarton.com\/fr\/wp-json\/wp\/v2\/users\/1286"}],"replies":[{"embeddable":true,"href":"https:\/\/www.procarton.com\/fr\/wp-json\/wp\/v2\/comments?post=293714"}],"version-history":[{"count":2,"href":"https:\/\/www.procarton.com\/fr\/wp-json\/wp\/v2\/posts\/293714\/revisions"}],"predecessor-version":[{"id":293716,"href":"https:\/\/www.procarton.com\/fr\/wp-json\/wp\/v2\/posts\/293714\/revisions\/293716"}],"wp:featuredmedia":[{"embeddable":true,"href":"https:\/\/www.procarton.com\/fr\/wp-json\/wp\/v2\/media\/243272"}],"wp:attachment":[{"href":"https:\/\/www.procarton.com\/fr\/wp-json\/wp\/v2\/media?parent=293714"}],"wp:term":[{"taxonomy":"category","embeddable":true,"href":"https:\/\/www.procarton.com\/fr\/wp-json\/wp\/v2\/categories?post=293714"},{"taxonomy":"post_tag","embeddable":true,"href":"https:\/\/www.procarton.com\/fr\/wp-json\/wp\/v2\/tags?post=293714"}],"curies":[{"name":"wp","href":"https:\/\/api.w.org\/{rel}","templated":true}]}}