{"id":293430,"date":"2023-12-05T10:38:46","date_gmt":"2023-12-05T10:38:46","guid":{"rendered":"https:\/\/www.procarton.com\/?p=293430"},"modified":"2023-12-13T10:59:00","modified_gmt":"2023-12-13T10:59:00","slug":"industry-talent-spotlight-leonie-vetter-pioneering-sustainable-cartonboard-packaging-at-faller-packaging","status":"publish","type":"post","link":"https:\/\/www.procarton.com\/fr\/industry-talent-spotlight-leonie-vetter-pioneering-sustainable-cartonboard-packaging-at-faller-packaging\/","title":{"rendered":"Pleins feux sur les talents de l'industrie : Leonie Vetter, pionni\u00e8re de l'emballage durable en carton chez Faller Packaging"},"content":{"rendered":"<div class=\"av-animated-generic top-to-bottom flex_column av_two_third  flex_column_div av-zero-column-padding first  avia-builder-el-0  el_before_av_one_third  avia-builder-el-first\" style='border-radius:0px; '>\n<section class=\"av_textblock_section\"  itemscope=\"itemscope\" itemtype=\"https:\/\/schema.org\/BlogPosting\" itemprop=\"blogPost\" >\n<div class='avia_textblock'   itemprop=\"text\" >\n<p><strong>Dans le paysage en constante \u00e9volution de l'emballage, o\u00f9 chaque pli et chaque plis influencent la fa\u00e7on dont les produits sont pr\u00e9sent\u00e9s et per\u00e7us, l'industrie du carton et du carton plat repr\u00e9sente une force cruciale. Dans ce domaine dynamique, l'innovation s'harmonise avec la durabilit\u00e9, et des personnes remarquables laissent une empreinte ind\u00e9l\u00e9bile.<\/strong><\/p>\n<\/div>\n<\/section>\n<div  style='height:50px' class='hr hr-invisible   avia-builder-el-2  el_after_av_textblock  el_before_av_textblock'><span class='hr-inner' ><span class='hr-inner-style'><\/span><\/span><\/div>\n<section class=\"av_textblock_section\"  itemscope=\"itemscope\" itemtype=\"https:\/\/schema.org\/BlogPosting\" itemprop=\"blogPost\" >\n<div class='avia_textblock'   itemprop=\"text\" >\n<p><strong>Rencontrez Leonie Vetter, une force motrice dans ce domaine, qui est le porte-flambeau de la durabilit\u00e9 chez Faller Packaging. Le parcours de Leonie dans l'industrie de l'emballage n'est pas seulement une source d'inspiration, c'est aussi un t\u00e9moignage de la richesse des opportunit\u00e9s qui se pr\u00e9sentent dans notre industrie en constante \u00e9volution. <\/strong><\/p>\n<\/div>\n<\/section>\n<\/div>\n<div class=\"av-animated-generic top-to-bottom flex_column av_one_third  flex_column_div av-zero-column-padding   avia-builder-el-4  el_after_av_two_third  el_before_av_one_full\" style='border-radius:0px; '>\n<div  class='avia-image-container  av-styling-    avia-builder-el-5  el_before_av_textblock  avia-builder-el-first  avia-align-center'  itemprop=\"image\" itemscope=\"itemscope\" itemtype=\"https:\/\/schema.org\/ImageObject\"  >\n<div class='avia-image-container-inner'>\n<div class='avia-image-overlay-wrap'><img decoding=\"async\" width=\"300\" height=\"157\" class='wp-image-293434 avia-img-lazy-loading-not-293434 avia_image' src=\"https:\/\/www.procarton.com\/wp-content\/uploads\/2023\/12\/FINAL_Pro-Carton-Member-Job-Profiling_Faller-Packaging-300x157.gif\" alt='Leonie Vetter, chef d&#039;\u00e9quipe, services de pr\u00e9-emballage chez Faller Packaging, parle de sa carri\u00e8re dans l&#039;industrie du carton et de la bo\u00eete pliante.' title='FINAL_Pro Carton Member Job Profiling_Faller Packaging'  itemprop=\"thumbnailUrl\" srcset=\"https:\/\/www.procarton.com\/wp-content\/uploads\/2023\/12\/FINAL_Pro-Carton-Member-Job-Profiling_Faller-Packaging-300x157.gif 300w, https:\/\/www.procarton.com\/wp-content\/uploads\/2023\/12\/FINAL_Pro-Carton-Member-Job-Profiling_Faller-Packaging-1030x539.gif 1030w, https:\/\/www.procarton.com\/wp-content\/uploads\/2023\/12\/FINAL_Pro-Carton-Member-Job-Profiling_Faller-Packaging-768x402.gif 768w, https:\/\/www.procarton.com\/wp-content\/uploads\/2023\/12\/FINAL_Pro-Carton-Member-Job-Profiling_Faller-Packaging-18x9.gif 18w, https:\/\/www.procarton.com\/wp-content\/uploads\/2023\/12\/FINAL_Pro-Carton-Member-Job-Profiling_Faller-Packaging-710x375.gif 710w, https:\/\/www.procarton.com\/wp-content\/uploads\/2023\/12\/FINAL_Pro-Carton-Member-Job-Profiling_Faller-Packaging-705x369.gif 705w\" sizes=\"(max-width: 300px) 100vw, 300px\" \/><\/div>\n<\/div>\n<\/div>\n<section class=\"av_textblock_section\"  itemscope=\"itemscope\" itemtype=\"https:\/\/schema.org\/BlogPosting\" itemprop=\"blogPost\" >\n<div class='avia_textblock'   itemprop=\"text\" >\n<p style=\"text-align: center;\">Leonie Vetter est le porte-flambeau de la durabilit\u00e9 chez Faller Packaging.<\/p>\n<\/div>\n<\/section>\n<\/div>\n<div class=\"av-animated-generic top-to-bottom flex_column av_one_full  flex_column_div av-zero-column-padding first  avia-builder-el-7  el_after_av_one_third  avia-builder-el-last  column-top-margin\" style='border-radius:0px; '>\n<section class=\"av_textblock_section\"  itemscope=\"itemscope\" itemtype=\"https:\/\/schema.org\/BlogPosting\" itemprop=\"blogPost\" >\n<div class='avia_textblock'   itemprop=\"text\" >\n<p><strong>Q : Leonie, pourriez-vous vous pr\u00e9senter et nous parler de votre r\u00f4le actuel dans l'industrie du carton ? Qu'est-ce qui a suscit\u00e9 votre int\u00e9r\u00eat pour ce domaine et vous a conduit \u00e0 votre carri\u00e8re actuelle ?<\/strong><\/p>\n<p>R : Je m'appelle Leonie Vetter, j'ai 30 ans et je suis actuellement chef d'\u00e9quipe au sein du service de pr\u00e9emballage (PPS) de Faller Packaging. Ma fascination pour l'emballage, tant en termes de construction que de conception, s'est manifest\u00e9e lors d'un stage de deux semaines chez Faller Packaging en 2012. Cette exp\u00e9rience m'a incit\u00e9 \u00e0 poursuivre des \u00e9tudes en technologie de l'emballage, en me concentrant sur les fibres et le d\u00e9veloppement pendant mes \u00e9tudes.  Apr\u00e8s avoir termin\u00e9 mon m\u00e9moire de ma\u00eetrise chez Faller Packaging, j'ai \u00e9t\u00e9 engag\u00e9e comme assistante du directeur du site, o\u00f9 j'ai jou\u00e9 un r\u00f4le crucial dans la mise en place du PPS. Diriger l'\u00e9quipe PPS au cours des trois derni\u00e8res ann\u00e9es a \u00e9t\u00e9 un d\u00e9fi stimulant pour travailler sur des solutions d'emballage complexes.<\/p>\n<p><strong>Q : Pouvez-vous partager avec nous quelques \u00e9tapes et exp\u00e9riences cl\u00e9s qui ont jou\u00e9 un r\u00f4le important dans l'\u00e9volution de votre carri\u00e8re dans l'industrie du carton et du carton plat ?<\/strong><\/p>\n<p>R : Mon parcours scolaire comprend une licence en technologie de l'emballage et un master en gestion du d\u00e9veloppement de l'emballage. Les connaissances acquises dans diverses entreprises au cours de mes \u00e9tudes m'ont permis d'avoir une vision globale de l'industrie. L'\u00e9tablissement du secteur PPS chez Faller Packaging a constitu\u00e9 une \u00e9tape d\u00e9cisive, impliquant l'adoption de l'automatisation et l'int\u00e9gration dans l'entreprise. Le fait d'assumer la responsabilit\u00e9 du nouveau d\u00e9partement a marqu\u00e9 un tournant important, en g\u00e9rant les op\u00e9rations quotidiennes, en d\u00e9pannant et en encourageant le d\u00e9veloppement de l'\u00e9quipe.<\/p>\n<p><strong>Q : Y a-t-il des projets ou des initiatives r\u00e9cents que vous trouvez particuli\u00e8rement int\u00e9ressants ou novateurs ?<\/strong><\/p>\n<p>R : Notre travail sur les solutions d'emballage durables pour les clients pharmaceutiques a \u00e9t\u00e9 un point fort.  Nous rempla\u00e7ons les inserts en plastique par des inserts en carton, ce qui am\u00e9liore la s\u00e9curit\u00e9 de produits tels que les seringues et les flacons. Les projets d'automatisation ont \u00e9t\u00e9 au centre de nos pr\u00e9occupations, avec le d\u00e9veloppement de processus pour notre travail avec des cobots, ou robots collaboratifs, et des \u00e9quipements d'emballage enti\u00e8rement automatis\u00e9s. En comblant le foss\u00e9 entre les lignes de production manuelles et automatis\u00e9es, nous sommes en mesure de fournir des services efficaces l\u00e0 o\u00f9 les lignes enti\u00e8rement automatis\u00e9es ne conviennent pas.<\/p>\n<p><strong>Q : \u00c0 quoi ressemble une journ\u00e9e ou une semaine type dans vos fonctions actuelles ?<\/strong><\/p>\n<p>R : Il n'y a pas vraiment de journ\u00e9e ou de semaine type, et c'est ce qui rend ce travail si passionnant. Cependant, certaines de mes activit\u00e9s quotidiennes comprennent le contr\u00f4le des commandes, le d\u00e9pannage des machines, le post-calcul des commandes avec des optimisations si n\u00e9cessaire, ainsi que la gestion et le d\u00e9veloppement de mon \u00e9quipe, ce qui inclut les discussions, la formation et la r\u00e9solution des probl\u00e8mes. Chez PPS, chaque produit est comme un petit projet, et je participe au soutien et \u00e0 l'introduction de solutions innovantes.<\/p>\n<p><strong>Q : Quelles sont les tendances ou les \u00e9volutions du secteur qui vous enthousiasment le plus et comment influencent-elles votre travail ?<\/strong><\/p>\n<p>R : Je suis particuli\u00e8rement enthousiasm\u00e9 par les nouvelles solutions d'emballage utilisant le papier et le carton pour remplacer les plastiques. Ces tendances nous poussent \u00e0 d\u00e9velopper des alternatives innovantes et respectueuses de l'environnement aux mat\u00e9riaux d'emballage traditionnels. R\u00e9cemment, notre d\u00e9partement R&amp;D a cr\u00e9\u00e9 un design unique qui a remport\u00e9 le European Carton Excellence Award (ECEA) en 2022 pour Faller Packaging. Cette conception comprend un plateau \u00e0 base de fibres qui peut \u00eatre st\u00e9rilis\u00e9 par rayonnement gamma et utilis\u00e9 dans les salles d'op\u00e9ration. Ce n'est qu'un exemple des possibilit\u00e9s innovantes de remplacement du plastique par des solutions d'emballage \u00e0 base de fibres. Ces tendances nous poussent \u00e0 rechercher des solutions d'emballage plus durables et plus respectueuses de l'environnement.<\/p>\n<p><strong>Q : Quels conseils donneriez-vous aux personnes qui envisagent de faire carri\u00e8re dans l'industrie du carton ?<\/strong><\/p>\n<p>R : J'encourage toute personne int\u00e9ress\u00e9e \u00e0 se familiariser avec l'industrie, \u00e0 l'essayer et \u00e0 acqu\u00e9rir une exp\u00e9rience pratique. L'industrie du carton offre un large \u00e9ventail d'activit\u00e9s, r\u00e9pondant \u00e0 des int\u00e9r\u00eats vari\u00e9s, allant de r\u00f4les techniques \u00e0 des postes de direction. C'est un secteur dynamique o\u00f9 chacun peut trouver son compte.<\/p>\n<p><strong>Q : Enfin, qu'est-ce qui vous rend fier de travailler dans l'industrie du carton ?<\/strong><\/p>\n<p>R : Il est essentiel de comprendre l'origine des produits que nous utilisons pour prendre des d\u00e9cisions \u00e9clair\u00e9es et r\u00e9duire l'impact n\u00e9gatif sur les ressources limit\u00e9es de notre plan\u00e8te. Cette prise de conscience me rend fi\u00e8re de faire partie d'une industrie qui \u00e9labore des solutions durables et innovantes pour relever les d\u00e9fis de l'emballage.<\/p>\n<\/div>\n<\/section>\n<section class=\"av_textblock_section\"  itemscope=\"itemscope\" itemtype=\"https:\/\/schema.org\/BlogPosting\" itemprop=\"blogPost\" >\n<div class='avia_textblock'   itemprop=\"text\" >\n<p><strong>Le parcours de Leonie Vetter dans l'industrie du carton chez Faller Packaging t\u00e9moigne du dynamisme et de l'impact des fonctions dans ce domaine. Alors que Leonie continue de fa\u00e7onner l'avenir de l'emballage chez Faller Packaging, son exp\u00e9rience est une source d'inspiration pour ceux qui envisagent de faire carri\u00e8re dans l'industrie du carton, soulignant les opportunit\u00e9s passionnantes et le potentiel d'impact positif sur l'environnement dans ce domaine en pleine \u00e9volution.<\/strong><\/p>\n<\/div>\n<\/section>\n<section class=\"av_textblock_section\"  itemscope=\"itemscope\" itemtype=\"https:\/\/schema.org\/BlogPosting\" itemprop=\"blogPost\" >\n<div class='avia_textblock'   itemprop=\"text\" >\n<p><span style=\"text-decoration: underline;\"><strong>S\u00e9rie sur les talents de l'industrie :<\/strong><\/span><\/p>\n<ul>\n<li class=\"main-title entry-title\"><a title=\"Lien permanent : Les talents de l&#039;industrie : Entretien avec Thomas Braun, responsable de la conception assist\u00e9e par ordinateur chez VG Nicolaus\" href=\"https:\/\/www.procarton.com\/industry-talent-spotlight-interview-with-thomas-braun-head-of-computer-aided-design-at-vg-nicolaus\/\" rel=\"bookmark\">Pleins feux sur les talents de l'industrie : Entretien avec Thomas Braun, responsable de la conception assist\u00e9e par ordinateur chez VG Nicolaus<\/a><\/li>\n<li><a title=\"Lien permanent : Pleins feux sur les talents de l&#039;industrie : Leonie Vetter, pionni\u00e8re de l&#039;emballage durable en carton chez Faller Packaging\" href=\"https:\/\/www.procarton.com\/industry-talent-spotlight-leonie-vetter-pioneering-sustainable-cartonboard-packaging-at-faller-packaging\/\" rel=\"bookmark\">Pleins feux sur les talents de l'industrie : Leonie Vetter, pionni\u00e8re de l'emballage durable en carton chez Faller Packaging<\/a><\/li>\n<li><a title=\"Lien permanent : Pleins feux sur les talents de l&#039;industrie : Elisabeth Salajka - Une carri\u00e8re dans l&#039;industrie du carton et de la bo\u00eete pliante\" href=\"https:\/\/www.procarton.com\/industry-talent-spotlight-elisabeth-salajka-a-career-in-the-cartonboard-and-folding-carton-industry\/\" rel=\"bookmark\">Pleins feux sur les talents de l'industrie : Elisabeth Salajka - Une carri\u00e8re dans l'industrie du carton et de la bo\u00eete pliante<\/a><\/li>\n<li>\u00a0<a title=\"Lien permanent : Pleins feux sur les talents de l&#039;industrie : Gunilla Nykopp - Une carri\u00e8re dans l&#039;industrie du carton et de la bo\u00eete pliante\" href=\"https:\/\/www.procarton.com\/industry-talent-spotlight-gunilla-nykopp-a-career-in-the-cartonboard-and-folding-carton-industry\/\" rel=\"bookmark\">Pleins feux sur les talents de l'industrie : Gunilla Nykopp - Une carri\u00e8re dans l'industrie du carton et de la bo\u00eete pliante<\/a><\/li>\n<\/ul>\n<\/div>\n<\/section>\n<div  class='av-social-sharing-box av-social-sharing-box-buttons   avia-builder-el-11  el_after_av_textblock  avia-builder-el-last  av-social-sharing-box-color-bg av-social-sharing-box-fullwidth'>\n<div class=\"av-share-box\">\n<h5 class='av-share-link-description av-no-toc'>Partager cet article<\/h5>\n<ul class=\"av-share-box-list noLightbox\">\n<li class='av-share-link av-social-link-facebook' ><a target=\"_blank\" aria-label=\"Partager sur Facebook\" href='https:\/\/www.facebook.com\/sharer.php?u=https:\/\/www.procarton.com\/fr\/industry-talent-spotlight-leonie-vetter-pioneering-sustainable-cartonboard-packaging-at-faller-packaging\/&#038;t=Industry%20Talent%20Spotlight%3A%20Leonie%20Vetter%2C%20Pioneering%20Sustainable%20Cartonboard%20Packaging%20at%20Faller%20Packaging' aria-hidden='false' data-av_icon='\ue8f3' data-av_iconfont='entypo-fontello' title='' data-avia-related-tooltip='Partager sur Facebook' rel=\"noopener\"><span class='avia_hidden_link_text'>Partager sur Facebook<\/span><\/a><\/li>\n<li class='av-share-link av-social-link-twitter' ><a target=\"_blank\" aria-label=\"Partager sur Twitter\" href='https:\/\/twitter.com\/share?text=Industry%20Talent%20Spotlight%3A%20Leonie%20Vetter%2C%20Pioneering%20Sustainable%20Cartonboard%20Packaging%20at%20Faller%20Packaging&#038;url=https:\/\/www.procarton.com\/fr\/?p=293430' aria-hidden='false' data-av_icon='\ue8f1' data-av_iconfont='entypo-fontello' title='' data-avia-related-tooltip='Partager sur Twitter' rel=\"noopener\"><span class='avia_hidden_link_text'>Partager sur Twitter<\/span><\/a><\/li>\n<li class='av-share-link av-social-link-linkedin' ><a target=\"_blank\" aria-label=\"Partager sur LinkedIn\" href='https:\/\/linkedin.com\/shareArticle?mini=true&#038;title=Industry%20Talent%20Spotlight%3A%20Leonie%20Vetter%2C%20Pioneering%20Sustainable%20Cartonboard%20Packaging%20at%20Faller%20Packaging&#038;url=https:\/\/www.procarton.com\/fr\/industry-talent-spotlight-leonie-vetter-pioneering-sustainable-cartonboard-packaging-at-faller-packaging\/' aria-hidden='false' data-av_icon='\ue8fc' data-av_iconfont='entypo-fontello' title='' data-avia-related-tooltip='Partager sur LinkedIn' rel=\"noopener\"><span class='avia_hidden_link_text'>Partager sur LinkedIn<\/span><\/a><\/li>\n<li class='av-share-link av-social-link-instagram' ><a target=\"_blank\" aria-label=\"Lien vers Instagram\" href='https:\/\/www.instagram.com\/procartoneurope\/' aria-hidden='false' data-av_icon='\uf16d' data-av_iconfont='entypo-fontello' title='' data-avia-related-tooltip='Link to Instagram' rel=\"noopener\"><span class='avia_hidden_link_text'>Lien vers Instagram<\/span><\/a><\/li>\n<li class='av-share-link av-social-link-youtube' ><a target=\"_blank\" aria-label=\"Lien vers Youtube\" href='https:\/\/www.youtube.com\/channel\/UCmqyst3XEMrix-Thz-niBkw' aria-hidden='false' data-av_icon='\uf16a' data-av_iconfont='entypo-fontello' title='' data-avia-related-tooltip='Link to Youtube' rel=\"noopener\"><span class='avia_hidden_link_text'>Lien vers Youtube<\/span><\/a><\/li>\n<\/ul>\n<\/div>\n<\/div>\n<\/div>","protected":false},"excerpt":{"rendered":"<p>Ce Pro Carton Industry Talent Spotlight se concentre sur Leonie Vetter, pionni\u00e8re de l'emballage durable en carton chez Faller Packaging.<\/p>","protected":false},"author":1286,"featured_media":293431,"comment_status":"closed","ping_status":"open","sticky":false,"template":"","format":"standard","meta":{"inline_featured_image":false,"footnotes":""},"categories":[278,242],"tags":[],"class_list":["post-293430","post","type-post","status-publish","format-standard","has-post-thumbnail","hentry","category-industry-talent","category-procarton"],"yoast_head":"<!-- This site is optimized with the Yoast SEO plugin v27.4 - https:\/\/yoast.com\/product\/yoast-seo-wordpress\/ -->\n<title>Industry Talent Spotlight: Leonie Vetter, Pioneering Sustainable Cartonboard Packaging at Faller Packaging - Pro Carton<\/title>\n<meta name=\"description\" content=\"This Pro Carton Industry Talent Spotlight focusses on Leonie Vetter who is pioneering sustainable Cartonboard Packaging at Faller Packaging\" \/>\n<meta name=\"robots\" content=\"index, follow, max-snippet:-1, max-image-preview:large, max-video-preview:-1\" \/>\n<link rel=\"canonical\" href=\"https:\/\/www.procarton.com\/fr\/industry-talent-spotlight-leonie-vetter-pioneering-sustainable-cartonboard-packaging-at-faller-packaging\/\" \/>\n<meta property=\"og:locale\" content=\"fr_FR\" \/>\n<meta property=\"og:type\" content=\"article\" \/>\n<meta property=\"og:title\" content=\"Industry Talent Spotlight: Leonie Vetter, Pioneering Sustainable Cartonboard Packaging at Faller Packaging - Pro Carton\" \/>\n<meta property=\"og:description\" content=\"This Pro Carton Industry Talent Spotlight focusses on Leonie Vetter who is pioneering sustainable Cartonboard Packaging at Faller Packaging\" \/>\n<meta property=\"og:url\" content=\"https:\/\/www.procarton.com\/fr\/industry-talent-spotlight-leonie-vetter-pioneering-sustainable-cartonboard-packaging-at-faller-packaging\/\" \/>\n<meta property=\"og:site_name\" content=\"Pro Carton\" \/>\n<meta property=\"article:publisher\" content=\"https:\/\/www.facebook.com\/procartondesignaward\/\" \/>\n<meta property=\"article:published_time\" content=\"2023-12-05T10:38:46+00:00\" \/>\n<meta property=\"article:modified_time\" content=\"2023-12-13T10:59:00+00:00\" \/>\n<meta property=\"og:image\" content=\"https:\/\/www.procarton.com\/wp-content\/uploads\/2023\/12\/Leonie-headshot-scaled.jpg\" \/>\n\t<meta property=\"og:image:width\" content=\"2560\" \/>\n\t<meta property=\"og:image:height\" content=\"1708\" \/>\n\t<meta property=\"og:image:type\" content=\"image\/jpeg\" \/>\n<meta name=\"author\" content=\"ryan@procarton.com\" \/>\n<meta name=\"twitter:card\" content=\"summary_large_image\" \/>\n<meta name=\"twitter:creator\" content=\"@pro_carton\" \/>\n<meta name=\"twitter:site\" content=\"@pro_carton\" \/>\n<meta name=\"twitter:label1\" content=\"\u00c9crit par\" \/>\n\t<meta name=\"twitter:data1\" content=\"ryan@procarton.com\" \/>\n\t<meta name=\"twitter:label2\" content=\"Dur\u00e9e de lecture estim\u00e9e\" \/>\n\t<meta name=\"twitter:data2\" content=\"6 minutes\" \/>\n<script type=\"application\/ld+json\" class=\"yoast-schema-graph\">{\"@context\":\"https:\\\/\\\/schema.org\",\"@graph\":[{\"@type\":\"Article\",\"@id\":\"https:\\\/\\\/www.procarton.com\\\/industry-talent-spotlight-leonie-vetter-pioneering-sustainable-cartonboard-packaging-at-faller-packaging\\\/#article\",\"isPartOf\":{\"@id\":\"https:\\\/\\\/www.procarton.com\\\/industry-talent-spotlight-leonie-vetter-pioneering-sustainable-cartonboard-packaging-at-faller-packaging\\\/\"},\"author\":{\"name\":\"ryan@procarton.com\",\"@id\":\"https:\\\/\\\/www.procarton.com\\\/es\\\/#\\\/schema\\\/person\\\/8f52811f36555e3fbe8aa433fda4f5b5\"},\"headline\":\"Industry Talent Spotlight: Leonie Vetter, Pioneering Sustainable Cartonboard Packaging at Faller Packaging\",\"datePublished\":\"2023-12-05T10:38:46+00:00\",\"dateModified\":\"2023-12-13T10:59:00+00:00\",\"mainEntityOfPage\":{\"@id\":\"https:\\\/\\\/www.procarton.com\\\/industry-talent-spotlight-leonie-vetter-pioneering-sustainable-cartonboard-packaging-at-faller-packaging\\\/\"},\"wordCount\":1798,\"publisher\":{\"@id\":\"https:\\\/\\\/www.procarton.com\\\/es\\\/#organization\"},\"image\":{\"@id\":\"https:\\\/\\\/www.procarton.com\\\/industry-talent-spotlight-leonie-vetter-pioneering-sustainable-cartonboard-packaging-at-faller-packaging\\\/#primaryimage\"},\"thumbnailUrl\":\"https:\\\/\\\/www.procarton.com\\\/wp-content\\\/uploads\\\/2023\\\/12\\\/Leonie-headshot-scaled.jpg\",\"articleSection\":[\"Industry Talent\",\"Pro Carton\"],\"inLanguage\":\"fr-FR\"},{\"@type\":\"WebPage\",\"@id\":\"https:\\\/\\\/www.procarton.com\\\/industry-talent-spotlight-leonie-vetter-pioneering-sustainable-cartonboard-packaging-at-faller-packaging\\\/\",\"url\":\"https:\\\/\\\/www.procarton.com\\\/industry-talent-spotlight-leonie-vetter-pioneering-sustainable-cartonboard-packaging-at-faller-packaging\\\/\",\"name\":\"Industry Talent Spotlight: Leonie Vetter, Pioneering Sustainable Cartonboard Packaging at Faller Packaging - Pro Carton\",\"isPartOf\":{\"@id\":\"https:\\\/\\\/www.procarton.com\\\/es\\\/#website\"},\"primaryImageOfPage\":{\"@id\":\"https:\\\/\\\/www.procarton.com\\\/industry-talent-spotlight-leonie-vetter-pioneering-sustainable-cartonboard-packaging-at-faller-packaging\\\/#primaryimage\"},\"image\":{\"@id\":\"https:\\\/\\\/www.procarton.com\\\/industry-talent-spotlight-leonie-vetter-pioneering-sustainable-cartonboard-packaging-at-faller-packaging\\\/#primaryimage\"},\"thumbnailUrl\":\"https:\\\/\\\/www.procarton.com\\\/wp-content\\\/uploads\\\/2023\\\/12\\\/Leonie-headshot-scaled.jpg\",\"datePublished\":\"2023-12-05T10:38:46+00:00\",\"dateModified\":\"2023-12-13T10:59:00+00:00\",\"description\":\"This Pro Carton Industry Talent Spotlight focusses on Leonie Vetter who is pioneering sustainable Cartonboard Packaging at Faller Packaging\",\"breadcrumb\":{\"@id\":\"https:\\\/\\\/www.procarton.com\\\/industry-talent-spotlight-leonie-vetter-pioneering-sustainable-cartonboard-packaging-at-faller-packaging\\\/#breadcrumb\"},\"inLanguage\":\"fr-FR\",\"potentialAction\":[{\"@type\":\"ReadAction\",\"target\":[\"https:\\\/\\\/www.procarton.com\\\/industry-talent-spotlight-leonie-vetter-pioneering-sustainable-cartonboard-packaging-at-faller-packaging\\\/\"]}]},{\"@type\":\"ImageObject\",\"inLanguage\":\"fr-FR\",\"@id\":\"https:\\\/\\\/www.procarton.com\\\/industry-talent-spotlight-leonie-vetter-pioneering-sustainable-cartonboard-packaging-at-faller-packaging\\\/#primaryimage\",\"url\":\"https:\\\/\\\/www.procarton.com\\\/wp-content\\\/uploads\\\/2023\\\/12\\\/Leonie-headshot-scaled.jpg\",\"contentUrl\":\"https:\\\/\\\/www.procarton.com\\\/wp-content\\\/uploads\\\/2023\\\/12\\\/Leonie-headshot-scaled.jpg\",\"width\":2560,\"height\":1708,\"caption\":\"Faller Packaging - Employee Portraits\"},{\"@type\":\"BreadcrumbList\",\"@id\":\"https:\\\/\\\/www.procarton.com\\\/industry-talent-spotlight-leonie-vetter-pioneering-sustainable-cartonboard-packaging-at-faller-packaging\\\/#breadcrumb\",\"itemListElement\":[{\"@type\":\"ListItem\",\"position\":1,\"name\":\"Home\",\"item\":\"https:\\\/\\\/www.procarton.com\\\/\"},{\"@type\":\"ListItem\",\"position\":2,\"name\":\"Industry Talent Spotlight: Leonie Vetter, Pioneering Sustainable Cartonboard Packaging at Faller Packaging\"}]},{\"@type\":\"WebSite\",\"@id\":\"https:\\\/\\\/www.procarton.com\\\/es\\\/#website\",\"url\":\"https:\\\/\\\/www.procarton.com\\\/es\\\/\",\"name\":\"Pro Carton\",\"description\":\"\",\"publisher\":{\"@id\":\"https:\\\/\\\/www.procarton.com\\\/es\\\/#organization\"},\"potentialAction\":[{\"@type\":\"SearchAction\",\"target\":{\"@type\":\"EntryPoint\",\"urlTemplate\":\"https:\\\/\\\/www.procarton.com\\\/es\\\/?s={search_term_string}\"},\"query-input\":{\"@type\":\"PropertyValueSpecification\",\"valueRequired\":true,\"valueName\":\"search_term_string\"}}],\"inLanguage\":\"fr-FR\"},{\"@type\":\"Organization\",\"@id\":\"https:\\\/\\\/www.procarton.com\\\/es\\\/#organization\",\"name\":\"ProCarton\",\"url\":\"https:\\\/\\\/www.procarton.com\\\/es\\\/\",\"logo\":{\"@type\":\"ImageObject\",\"inLanguage\":\"fr-FR\",\"@id\":\"https:\\\/\\\/www.procarton.com\\\/es\\\/#\\\/schema\\\/logo\\\/image\\\/\",\"url\":\"https:\\\/\\\/www.procarton.com\\\/wp-content\\\/uploads\\\/2022\\\/06\\\/logo-mit-slogan.jpg\",\"contentUrl\":\"https:\\\/\\\/www.procarton.com\\\/wp-content\\\/uploads\\\/2022\\\/06\\\/logo-mit-slogan.jpg\",\"width\":422,\"height\":519,\"caption\":\"ProCarton\"},\"image\":{\"@id\":\"https:\\\/\\\/www.procarton.com\\\/es\\\/#\\\/schema\\\/logo\\\/image\\\/\"},\"sameAs\":[\"https:\\\/\\\/www.facebook.com\\\/procartondesignaward\\\/\",\"https:\\\/\\\/x.com\\\/pro_carton\"]},{\"@type\":\"Person\",\"@id\":\"https:\\\/\\\/www.procarton.com\\\/es\\\/#\\\/schema\\\/person\\\/8f52811f36555e3fbe8aa433fda4f5b5\",\"name\":\"ryan@procarton.com\",\"url\":\"https:\\\/\\\/www.procarton.com\\\/fr\\\/author\\\/pro-carton-3\\\/\"}]}<\/script>\n<!-- \/ Yoast SEO plugin. -->","yoast_head_json":{"title":"Pleins feux sur les talents de l'industrie : Leonie Vetter, pionni\u00e8re de l'emballage durable en carton chez Faller Packaging - Pro Carton","description":"Ce Pro Carton Industry Talent Spotlight se concentre sur Leonie Vetter, pionni\u00e8re de l'emballage durable en carton chez Faller Packaging.","robots":{"index":"index","follow":"follow","max-snippet":"max-snippet:-1","max-image-preview":"max-image-preview:large","max-video-preview":"max-video-preview:-1"},"canonical":"https:\/\/www.procarton.com\/fr\/industry-talent-spotlight-leonie-vetter-pioneering-sustainable-cartonboard-packaging-at-faller-packaging\/","og_locale":"fr_FR","og_type":"article","og_title":"Industry Talent Spotlight: Leonie Vetter, Pioneering Sustainable Cartonboard Packaging at Faller Packaging - Pro Carton","og_description":"This Pro Carton Industry Talent Spotlight focusses on Leonie Vetter who is pioneering sustainable Cartonboard Packaging at Faller Packaging","og_url":"https:\/\/www.procarton.com\/fr\/industry-talent-spotlight-leonie-vetter-pioneering-sustainable-cartonboard-packaging-at-faller-packaging\/","og_site_name":"Pro Carton","article_publisher":"https:\/\/www.facebook.com\/procartondesignaward\/","article_published_time":"2023-12-05T10:38:46+00:00","article_modified_time":"2023-12-13T10:59:00+00:00","og_image":[{"width":2560,"height":1708,"url":"https:\/\/www.procarton.com\/wp-content\/uploads\/2023\/12\/Leonie-headshot-scaled.jpg","type":"image\/jpeg"}],"author":"ryan@procarton.com","twitter_card":"summary_large_image","twitter_creator":"@pro_carton","twitter_site":"@pro_carton","twitter_misc":{"\u00c9crit par":"ryan@procarton.com","Dur\u00e9e de lecture estim\u00e9e":"6 minutes"},"schema":{"@context":"https:\/\/schema.org","@graph":[{"@type":"Article","@id":"https:\/\/www.procarton.com\/industry-talent-spotlight-leonie-vetter-pioneering-sustainable-cartonboard-packaging-at-faller-packaging\/#article","isPartOf":{"@id":"https:\/\/www.procarton.com\/industry-talent-spotlight-leonie-vetter-pioneering-sustainable-cartonboard-packaging-at-faller-packaging\/"},"author":{"name":"ryan@procarton.com","@id":"https:\/\/www.procarton.com\/es\/#\/schema\/person\/8f52811f36555e3fbe8aa433fda4f5b5"},"headline":"Industry Talent Spotlight: Leonie Vetter, Pioneering Sustainable Cartonboard Packaging at Faller Packaging","datePublished":"2023-12-05T10:38:46+00:00","dateModified":"2023-12-13T10:59:00+00:00","mainEntityOfPage":{"@id":"https:\/\/www.procarton.com\/industry-talent-spotlight-leonie-vetter-pioneering-sustainable-cartonboard-packaging-at-faller-packaging\/"},"wordCount":1798,"publisher":{"@id":"https:\/\/www.procarton.com\/es\/#organization"},"image":{"@id":"https:\/\/www.procarton.com\/industry-talent-spotlight-leonie-vetter-pioneering-sustainable-cartonboard-packaging-at-faller-packaging\/#primaryimage"},"thumbnailUrl":"https:\/\/www.procarton.com\/wp-content\/uploads\/2023\/12\/Leonie-headshot-scaled.jpg","articleSection":["Industry Talent","Pro Carton"],"inLanguage":"fr-FR"},{"@type":"WebPage","@id":"https:\/\/www.procarton.com\/industry-talent-spotlight-leonie-vetter-pioneering-sustainable-cartonboard-packaging-at-faller-packaging\/","url":"https:\/\/www.procarton.com\/industry-talent-spotlight-leonie-vetter-pioneering-sustainable-cartonboard-packaging-at-faller-packaging\/","name":"Pleins feux sur les talents de l'industrie : Leonie Vetter, pionni\u00e8re de l'emballage durable en carton chez Faller Packaging - Pro Carton","isPartOf":{"@id":"https:\/\/www.procarton.com\/es\/#website"},"primaryImageOfPage":{"@id":"https:\/\/www.procarton.com\/industry-talent-spotlight-leonie-vetter-pioneering-sustainable-cartonboard-packaging-at-faller-packaging\/#primaryimage"},"image":{"@id":"https:\/\/www.procarton.com\/industry-talent-spotlight-leonie-vetter-pioneering-sustainable-cartonboard-packaging-at-faller-packaging\/#primaryimage"},"thumbnailUrl":"https:\/\/www.procarton.com\/wp-content\/uploads\/2023\/12\/Leonie-headshot-scaled.jpg","datePublished":"2023-12-05T10:38:46+00:00","dateModified":"2023-12-13T10:59:00+00:00","description":"Ce Pro Carton Industry Talent Spotlight se concentre sur Leonie Vetter, pionni\u00e8re de l'emballage durable en carton chez Faller Packaging.","breadcrumb":{"@id":"https:\/\/www.procarton.com\/industry-talent-spotlight-leonie-vetter-pioneering-sustainable-cartonboard-packaging-at-faller-packaging\/#breadcrumb"},"inLanguage":"fr-FR","potentialAction":[{"@type":"ReadAction","target":["https:\/\/www.procarton.com\/industry-talent-spotlight-leonie-vetter-pioneering-sustainable-cartonboard-packaging-at-faller-packaging\/"]}]},{"@type":"ImageObject","inLanguage":"fr-FR","@id":"https:\/\/www.procarton.com\/industry-talent-spotlight-leonie-vetter-pioneering-sustainable-cartonboard-packaging-at-faller-packaging\/#primaryimage","url":"https:\/\/www.procarton.com\/wp-content\/uploads\/2023\/12\/Leonie-headshot-scaled.jpg","contentUrl":"https:\/\/www.procarton.com\/wp-content\/uploads\/2023\/12\/Leonie-headshot-scaled.jpg","width":2560,"height":1708,"caption":"Faller Packaging - Employee Portraits"},{"@type":"BreadcrumbList","@id":"https:\/\/www.procarton.com\/industry-talent-spotlight-leonie-vetter-pioneering-sustainable-cartonboard-packaging-at-faller-packaging\/#breadcrumb","itemListElement":[{"@type":"ListItem","position":1,"name":"Home","item":"https:\/\/www.procarton.com\/"},{"@type":"ListItem","position":2,"name":"Industry Talent Spotlight: Leonie Vetter, Pioneering Sustainable Cartonboard Packaging at Faller Packaging"}]},{"@type":"WebSite","@id":"https:\/\/www.procarton.com\/es\/#website","url":"https:\/\/www.procarton.com\/es\/","name":"Pro Carton","description":"","publisher":{"@id":"https:\/\/www.procarton.com\/es\/#organization"},"potentialAction":[{"@type":"SearchAction","target":{"@type":"EntryPoint","urlTemplate":"https:\/\/www.procarton.com\/es\/?s={search_term_string}"},"query-input":{"@type":"PropertyValueSpecification","valueRequired":true,"valueName":"search_term_string"}}],"inLanguage":"fr-FR"},{"@type":"Organization","@id":"https:\/\/www.procarton.com\/es\/#organization","name":"ProCarton","url":"https:\/\/www.procarton.com\/es\/","logo":{"@type":"ImageObject","inLanguage":"fr-FR","@id":"https:\/\/www.procarton.com\/es\/#\/schema\/logo\/image\/","url":"https:\/\/www.procarton.com\/wp-content\/uploads\/2022\/06\/logo-mit-slogan.jpg","contentUrl":"https:\/\/www.procarton.com\/wp-content\/uploads\/2022\/06\/logo-mit-slogan.jpg","width":422,"height":519,"caption":"ProCarton"},"image":{"@id":"https:\/\/www.procarton.com\/es\/#\/schema\/logo\/image\/"},"sameAs":["https:\/\/www.facebook.com\/procartondesignaward\/","https:\/\/x.com\/pro_carton"]},{"@type":"Person","@id":"https:\/\/www.procarton.com\/es\/#\/schema\/person\/8f52811f36555e3fbe8aa433fda4f5b5","name":"ryan@procarton.com","url":"https:\/\/www.procarton.com\/fr\/author\/pro-carton-3\/"}]}},"_links":{"self":[{"href":"https:\/\/www.procarton.com\/fr\/wp-json\/wp\/v2\/posts\/293430","targetHints":{"allow":["GET"]}}],"collection":[{"href":"https:\/\/www.procarton.com\/fr\/wp-json\/wp\/v2\/posts"}],"about":[{"href":"https:\/\/www.procarton.com\/fr\/wp-json\/wp\/v2\/types\/post"}],"author":[{"embeddable":true,"href":"https:\/\/www.procarton.com\/fr\/wp-json\/wp\/v2\/users\/1286"}],"replies":[{"embeddable":true,"href":"https:\/\/www.procarton.com\/fr\/wp-json\/wp\/v2\/comments?post=293430"}],"version-history":[{"count":6,"href":"https:\/\/www.procarton.com\/fr\/wp-json\/wp\/v2\/posts\/293430\/revisions"}],"predecessor-version":[{"id":295113,"href":"https:\/\/www.procarton.com\/fr\/wp-json\/wp\/v2\/posts\/293430\/revisions\/295113"}],"wp:featuredmedia":[{"embeddable":true,"href":"https:\/\/www.procarton.com\/fr\/wp-json\/wp\/v2\/media\/293431"}],"wp:attachment":[{"href":"https:\/\/www.procarton.com\/fr\/wp-json\/wp\/v2\/media?parent=293430"}],"wp:term":[{"taxonomy":"category","embeddable":true,"href":"https:\/\/www.procarton.com\/fr\/wp-json\/wp\/v2\/categories?post=293430"},{"taxonomy":"post_tag","embeddable":true,"href":"https:\/\/www.procarton.com\/fr\/wp-json\/wp\/v2\/tags?post=293430"}],"curies":[{"name":"wp","href":"https:\/\/api.w.org\/{rel}","templated":true}]}}