{"id":293286,"date":"2023-12-08T10:10:13","date_gmt":"2023-12-08T10:10:13","guid":{"rendered":"https:\/\/www.procarton.com\/?p=293286"},"modified":"2023-12-18T16:25:54","modified_gmt":"2023-12-18T16:25:54","slug":"a-reflection-on-working-with-students-on-pcyda-and-pcsva-awards-by-winfried-muehling","status":"publish","type":"post","link":"https:\/\/www.procarton.com\/fr\/a-reflection-on-working-with-students-on-pcyda-and-pcsva-awards-by-winfried-muehling\/","title":{"rendered":"Une r\u00e9flexion sur le travail avec les \u00e9tudiants sur PCYDA et PCSVA Awards, par Winfried Muehling"},"content":{"rendered":"<div class=\"av-animated-generic top-to-bottom flex_column av_one_fifth  flex_column_div av-zero-column-padding first  avia-builder-el-0  el_before_av_one_fifth  avia-builder-el-first\" style='border-radius:0px; '>\n<div  class='avia-image-container  av-styling-    avia-builder-el-1  el_before_av_image  avia-builder-el-first  avia-align-center'  itemprop=\"image\" itemscope=\"itemscope\" itemtype=\"https:\/\/schema.org\/ImageObject\"  >\n<div class='avia-image-container-inner'>\n<div class='avia-image-overlay-wrap'><img decoding=\"async\" width=\"300\" height=\"169\" class='wp-image-279597 avia-img-lazy-loading-not-279597 avia_image' src=\"https:\/\/www.procarton.com\/wp-content\/uploads\/2022\/06\/Pro-Carton-Young-Designers-Award-Logo_clean-300x169.png\" alt='' title='Pro Carton Jeunes Designers Award Logo_clean'  itemprop=\"thumbnailUrl\" srcset=\"https:\/\/www.procarton.com\/wp-content\/uploads\/2022\/06\/Pro-Carton-Young-Designers-Award-Logo_clean-300x169.png 300w, https:\/\/www.procarton.com\/wp-content\/uploads\/2022\/06\/Pro-Carton-Young-Designers-Award-Logo_clean-1030x580.png 1030w, https:\/\/www.procarton.com\/wp-content\/uploads\/2022\/06\/Pro-Carton-Young-Designers-Award-Logo_clean-768x432.png 768w, https:\/\/www.procarton.com\/wp-content\/uploads\/2022\/06\/Pro-Carton-Young-Designers-Award-Logo_clean-1536x865.png 1536w, https:\/\/www.procarton.com\/wp-content\/uploads\/2022\/06\/Pro-Carton-Young-Designers-Award-Logo_clean-18x10.png 18w, https:\/\/www.procarton.com\/wp-content\/uploads\/2022\/06\/Pro-Carton-Young-Designers-Award-Logo_clean-1500x844.png 1500w, https:\/\/www.procarton.com\/wp-content\/uploads\/2022\/06\/Pro-Carton-Young-Designers-Award-Logo_clean-705x397.png 705w, https:\/\/www.procarton.com\/wp-content\/uploads\/2022\/06\/Pro-Carton-Young-Designers-Award-Logo_clean.png 1659w\" sizes=\"(max-width: 300px) 100vw, 300px\" \/><\/div>\n<\/div>\n<\/div>\n<div  class='avia-image-container  av-styling-    avia-builder-el-2  el_after_av_image  avia-builder-el-last  avia-align-center'  itemprop=\"image\" itemscope=\"itemscope\" itemtype=\"https:\/\/schema.org\/ImageObject\"  >\n<div class='avia-image-container-inner'>\n<div class='avia-image-overlay-wrap'><img decoding=\"async\" width=\"300\" height=\"169\" class='wp-image-273720 avia-img-lazy-loading-not-273720 avia_image' src=\"https:\/\/www.procarton.com\/wp-content\/uploads\/2022\/01\/Pro-Carton-Student-Video-Award-Logo_clean-1-300x169.png\" alt='Pro Carton Student Video Award' title='Pro Carton \u00c9tudiant Vid\u00e9o Award Logo_clean'  itemprop=\"thumbnailUrl\" srcset=\"https:\/\/www.procarton.com\/wp-content\/uploads\/2022\/01\/Pro-Carton-Student-Video-Award-Logo_clean-1-300x169.png 300w, https:\/\/www.procarton.com\/wp-content\/uploads\/2022\/01\/Pro-Carton-Student-Video-Award-Logo_clean-1-1030x580.png 1030w, https:\/\/www.procarton.com\/wp-content\/uploads\/2022\/01\/Pro-Carton-Student-Video-Award-Logo_clean-1-768x433.png 768w, https:\/\/www.procarton.com\/wp-content\/uploads\/2022\/01\/Pro-Carton-Student-Video-Award-Logo_clean-1-1536x865.png 1536w, https:\/\/www.procarton.com\/wp-content\/uploads\/2022\/01\/Pro-Carton-Student-Video-Award-Logo_clean-1-18x10.png 18w, https:\/\/www.procarton.com\/wp-content\/uploads\/2022\/01\/Pro-Carton-Student-Video-Award-Logo_clean-1-1500x845.png 1500w, https:\/\/www.procarton.com\/wp-content\/uploads\/2022\/01\/Pro-Carton-Student-Video-Award-Logo_clean-1-705x397.png 705w, https:\/\/www.procarton.com\/wp-content\/uploads\/2022\/01\/Pro-Carton-Student-Video-Award-Logo_clean-1.png 1658w\" sizes=\"(max-width: 300px) 100vw, 300px\" \/><\/div>\n<\/div>\n<\/div>\n<\/div>\n<div class=\"av-animated-generic top-to-bottom flex_column av_one_fifth  flex_column_div av-zero-column-padding   avia-builder-el-3  el_after_av_one_fifth  el_before_av_three_fifth\" style='border-radius:0px; '><\/div>\n<div class=\"av-animated-generic top-to-bottom flex_column av_three_fifth  flex_column_div av-zero-column-padding   avia-builder-el-4  el_after_av_one_fifth  el_before_av_hr\" style='border-radius:0px; '>\n<section class=\"av_textblock_section\"  itemscope=\"itemscope\" itemtype=\"https:\/\/schema.org\/BlogPosting\" itemprop=\"blogPost\" >\n<div class='avia_textblock'   itemprop=\"text\" >\n<p>\"La veille de la c\u00e9r\u00e9monie de remise des prix, tous les \u00e9tudiants et les enseignants se retrouvent dans un pub proche de l'h\u00f4tel pour boire un verre et manger un morceau. Cette ann\u00e9e, nous sommes all\u00e9s dans un petit pub sympathique situ\u00e9 \u00e0 un kilom\u00e8tre de l'h\u00f4tel \u00e0 S\u00e9ville, en Espagne.<\/p>\n<p>Pour moi, l'interaction avec les jeunes designers et cin\u00e9astes est l'une des parties les plus excitantes de la remise des prix. C'est un peu comme un rendez-vous \u00e0 l'aveugle. C'est passionnant \u00e0 tous points de vue.<\/p>\n<p>Je rencontrerai la plupart des \u00e9tudiants pour la premi\u00e8re fois. Je peux maintenant mettre un visage sur les noms que j'ai lus dans les articles du Awards.<\/p>\n<\/div>\n<\/section>\n<section class=\"av_textblock_section\"  itemscope=\"itemscope\" itemtype=\"https:\/\/schema.org\/BlogPosting\" itemprop=\"blogPost\" >\n<div class='avia_textblock'   itemprop=\"text\" >\n<p style=\"text-align: left;\">Maintenant, je peux voir qui se cache derri\u00e8re Sandkit, Tapout et Pop Cap.  Maintenant, je peux reconna\u00eetre la voix des \"Pros de Carton\" et de \"M\u00e9tamorphose\".  Dans la plupart des cas, le visage derri\u00e8re la voix est diff\u00e9rent de ce que je pensais.  C'est passionnant.  Chaque ann\u00e9e \u00e0 nouveau.<\/p>\n<\/div>\n<\/section>\n<\/div>\n<div   class='hr hr-default   avia-builder-el-7  el_after_av_three_fifth  el_before_av_one_fifth'><span class='hr-inner' ><span class='hr-inner-style'><\/span><\/span><\/div>\n<div class=\"av-animated-generic top-to-bottom flex_column av_one_fifth  flex_column_div av-zero-column-padding first  avia-builder-el-8  el_after_av_hr  el_before_av_one_fifth\" style='border-radius:0px; '>\n<section class=\"av_textblock_section\"  itemscope=\"itemscope\" itemtype=\"https:\/\/schema.org\/BlogPosting\" itemprop=\"blogPost\" >\n<div class='avia_textblock'   itemprop=\"text\" >\n<h4 class=\"main-title entry-title\" style=\"text-align: center;\"><a title=\"Lien permanent : SandKit\" href=\"https:\/\/www.procarton.com\/the_awards\/sandkit\/\" target=\"_blank\" rel=\"bookmark noopener\">Kit de sable<\/a><\/h4>\n<h1 class=\"main-title entry-title\" style=\"text-align: center;\"><\/h1>\n<\/div>\n<\/section>\n<div  class='avia-image-container  av-styling-    avia-builder-el-10  el_after_av_textblock  avia-builder-el-last  avia-align-center'  itemprop=\"image\" itemscope=\"itemscope\" itemtype=\"https:\/\/schema.org\/ImageObject\"  >\n<div class='avia-image-container-inner'>\n<div class='avia-image-overlay-wrap'><img decoding=\"async\" width=\"180\" height=\"180\" class='wp-image-292516 avia-img-lazy-loading-not-292516 avia_image' src=\"https:\/\/www.procarton.com\/wp-content\/uploads\/2023\/10\/2023-PCYDA-SandKit-Transparent-180x180.png\" alt='' title='2023 PCYDA SandKit Transparent'  itemprop=\"thumbnailUrl\" srcset=\"https:\/\/www.procarton.com\/wp-content\/uploads\/2023\/10\/2023-PCYDA-SandKit-Transparent-180x180.png 180w, https:\/\/www.procarton.com\/wp-content\/uploads\/2023\/10\/2023-PCYDA-SandKit-Transparent-80x80.png 80w, https:\/\/www.procarton.com\/wp-content\/uploads\/2023\/10\/2023-PCYDA-SandKit-Transparent-36x36.png 36w\" sizes=\"(max-width: 180px) 100vw, 180px\" \/><\/div>\n<\/div>\n<\/div>\n<\/div>\n<div class=\"av-animated-generic top-to-bottom flex_column av_one_fifth  flex_column_div av-zero-column-padding   avia-builder-el-11  el_after_av_one_fifth  el_before_av_one_fifth\" style='border-radius:0px; '>\n<section class=\"av_textblock_section\"  itemscope=\"itemscope\" itemtype=\"https:\/\/schema.org\/BlogPosting\" itemprop=\"blogPost\" >\n<div class='avia_textblock'   itemprop=\"text\" >\n<h4 class=\"main-title entry-title\" style=\"text-align: center;\"><a title=\"Lien permanent : TapOut\" href=\"https:\/\/www.procarton.com\/the_awards\/tapout\/\" target=\"_blank\" rel=\"bookmark noopener\">TapOut<\/a><\/h4>\n<\/div>\n<\/section>\n<div  class='avia-image-container  av-styling-    avia-builder-el-13  el_after_av_textblock  avia-builder-el-last  avia-align-center'  itemprop=\"image\" itemscope=\"itemscope\" itemtype=\"https:\/\/schema.org\/ImageObject\"  >\n<div class='avia-image-container-inner'>\n<div class='avia-image-overlay-wrap'><img decoding=\"async\" width=\"180\" height=\"180\" class='wp-image-292082 avia-img-lazy-loading-not-292082 avia_image' src=\"https:\/\/www.procarton.com\/wp-content\/uploads\/2023\/09\/2023-PCYDA-TapOut-Transparent-v2-180x180.jpg\" alt='' title='2023 PCYDA TapOut Transparent v2'  itemprop=\"thumbnailUrl\" srcset=\"https:\/\/www.procarton.com\/wp-content\/uploads\/2023\/09\/2023-PCYDA-TapOut-Transparent-v2-180x180.jpg 180w, https:\/\/www.procarton.com\/wp-content\/uploads\/2023\/09\/2023-PCYDA-TapOut-Transparent-v2-80x80.jpg 80w, https:\/\/www.procarton.com\/wp-content\/uploads\/2023\/09\/2023-PCYDA-TapOut-Transparent-v2-36x36.jpg 36w\" sizes=\"(max-width: 180px) 100vw, 180px\" \/><\/div>\n<\/div>\n<\/div>\n<\/div>\n<div class=\"av-animated-generic top-to-bottom flex_column av_one_fifth  flex_column_div av-zero-column-padding   avia-builder-el-14  el_after_av_one_fifth  el_before_av_one_fifth\" style='border-radius:0px; '>\n<section class=\"av_textblock_section\"  itemscope=\"itemscope\" itemtype=\"https:\/\/schema.org\/BlogPosting\" itemprop=\"blogPost\" >\n<div class='avia_textblock'   itemprop=\"text\" >\n<h4 class=\"main-title entry-title\" style=\"text-align: center;\"><a title=\"Lien permanent : PopCap\" href=\"https:\/\/www.procarton.com\/the_awards\/popcap\/\" target=\"_blank\" rel=\"bookmark noopener\">PopCap<\/a><\/h4>\n<\/div>\n<\/section>\n<div  class='avia-image-container  av-styling-    avia-builder-el-16  el_after_av_textblock  avia-builder-el-last  avia-align-center'  itemprop=\"image\" itemscope=\"itemscope\" itemtype=\"https:\/\/schema.org\/ImageObject\"  >\n<div class='avia-image-container-inner'>\n<div class='avia-image-overlay-wrap'><img decoding=\"async\" width=\"180\" height=\"180\" class='wp-image-292515 avia-img-lazy-loading-not-292515 avia_image' src=\"https:\/\/www.procarton.com\/wp-content\/uploads\/2023\/10\/2023-PCYDA-Pop-Cap-Transparent-180x180.png\" alt='' title='2023 PCYDA Pop Cap Transparent'  itemprop=\"thumbnailUrl\" srcset=\"https:\/\/www.procarton.com\/wp-content\/uploads\/2023\/10\/2023-PCYDA-Pop-Cap-Transparent-180x180.png 180w, https:\/\/www.procarton.com\/wp-content\/uploads\/2023\/10\/2023-PCYDA-Pop-Cap-Transparent-80x80.png 80w, https:\/\/www.procarton.com\/wp-content\/uploads\/2023\/10\/2023-PCYDA-Pop-Cap-Transparent-36x36.png 36w\" sizes=\"(max-width: 180px) 100vw, 180px\" \/><\/div>\n<\/div>\n<\/div>\n<\/div>\n<div class=\"av-animated-generic top-to-bottom flex_column av_one_fifth  flex_column_div av-zero-column-padding   avia-builder-el-17  el_after_av_one_fifth  el_before_av_one_fifth\" style='border-radius:0px; '>\n<section class=\"av_textblock_section\"  itemscope=\"itemscope\" itemtype=\"https:\/\/schema.org\/BlogPosting\" itemprop=\"blogPost\" >\n<div class='avia_textblock'   itemprop=\"text\" >\n<h4 class=\"main-title entry-title\" style=\"text-align: center;\"><a title=\"Lien permanent : PopCap\" href=\"https:\/\/www.procarton.com\/awards\/pro-carton-student-video-award\/2023-2\/winners\/\" target=\"_blank\" rel=\"bookmark noopener\">The PROs of Carton<\/a><\/h4>\n<\/div>\n<\/section>\n<div  class='avia-image-container  av-styling-    avia-builder-el-19  el_after_av_textblock  avia-builder-el-last  avia-align-center'  itemprop=\"image\" itemscope=\"itemscope\" itemtype=\"https:\/\/schema.org\/ImageObject\"  >\n<div class='avia-image-container-inner'>\n<div class='avia-image-overlay-wrap'><img decoding=\"async\" width=\"180\" height=\"180\" class='wp-image-292030 avia-img-lazy-loading-not-292030 avia_image' src=\"https:\/\/www.procarton.com\/wp-content\/uploads\/2023\/09\/women-s-hand-holding-iphone-6s-in-landscape-position-ios-screenshot-builder-1340a-2-180x180.png\" alt='' title='2023 PCSVA Les PRO du gagnant du carton'  itemprop=\"thumbnailUrl\" srcset=\"https:\/\/www.procarton.com\/wp-content\/uploads\/2023\/09\/women-s-hand-holding-iphone-6s-in-landscape-position-ios-screenshot-builder-1340a-2-180x180.png 180w, https:\/\/www.procarton.com\/wp-content\/uploads\/2023\/09\/women-s-hand-holding-iphone-6s-in-landscape-position-ios-screenshot-builder-1340a-2-80x80.png 80w, https:\/\/www.procarton.com\/wp-content\/uploads\/2023\/09\/women-s-hand-holding-iphone-6s-in-landscape-position-ios-screenshot-builder-1340a-2-36x36.png 36w\" sizes=\"(max-width: 180px) 100vw, 180px\" \/><\/div>\n<\/div>\n<\/div>\n<\/div>\n<div class=\"av-animated-generic top-to-bottom flex_column av_one_fifth  flex_column_div av-zero-column-padding   avia-builder-el-20  el_after_av_one_fifth  el_before_av_one_full\" style='border-radius:0px; '>\n<section class=\"av_textblock_section\"  itemscope=\"itemscope\" itemtype=\"https:\/\/schema.org\/BlogPosting\" itemprop=\"blogPost\" >\n<div class='avia_textblock'   itemprop=\"text\" >\n<h4 class=\"main-title entry-title\" style=\"text-align: center;\"><a title=\"Lien permanent : PopCap\" href=\"https:\/\/www.procarton.com\/awards\/pro-carton-student-video-award\/2023-2\/winners\/\" target=\"_blank\" rel=\"bookmark noopener\">\"M\u00e9tamorphose<\/a><\/h4>\n<\/div>\n<\/section>\n<div  class='avia-image-container  av-styling-    avia-builder-el-22  el_after_av_textblock  avia-builder-el-last  avia-align-center'  itemprop=\"image\" itemscope=\"itemscope\" itemtype=\"https:\/\/schema.org\/ImageObject\"  >\n<div class='avia-image-container-inner'>\n<div class='avia-image-overlay-wrap'><img decoding=\"async\" width=\"180\" height=\"180\" class='wp-image-292032 avia-img-lazy-loading-not-292032 avia_image' src=\"https:\/\/www.procarton.com\/wp-content\/uploads\/2023\/09\/female-hand-holding-a-black-iphone-x-mockup-in-landscape-position-against-transparent-backdrop-a14157-1-180x180.png\" alt='' title='2023 PCSVA M\u00e9tamorphose : Une histoire de carton Gagnant'  itemprop=\"thumbnailUrl\" srcset=\"https:\/\/www.procarton.com\/wp-content\/uploads\/2023\/09\/female-hand-holding-a-black-iphone-x-mockup-in-landscape-position-against-transparent-backdrop-a14157-1-180x180.png 180w, https:\/\/www.procarton.com\/wp-content\/uploads\/2023\/09\/female-hand-holding-a-black-iphone-x-mockup-in-landscape-position-against-transparent-backdrop-a14157-1-80x80.png 80w, https:\/\/www.procarton.com\/wp-content\/uploads\/2023\/09\/female-hand-holding-a-black-iphone-x-mockup-in-landscape-position-against-transparent-backdrop-a14157-1-36x36.png 36w\" sizes=\"(max-width: 180px) 100vw, 180px\" \/><\/div>\n<\/div>\n<\/div>\n<\/div>\n<div class=\"av-animated-generic top-to-bottom flex_column av_one_full  flex_column_div av-zero-column-padding avia-link-column av-column-link first  avia-builder-el-23  el_after_av_one_fifth  el_before_av_hr  column-top-margin\" style='border-radius:0px; ' data-link-column-url=\"https:\/\/www.procarton.com\/awards\/pro-carton-young-designers-award\/pro-carton-young-designers-award-2023\/winners\/\"  data-link-column-target=\"_blank\" ><a class=\"av-screen-reader-only\" href=\"https:\/\/www.procarton.com\/awards\/pro-carton-young-designers-award\/pro-carton-young-designers-award-2023\/winners\/\" target=\"_blank\" rel=\"noopener\">Suivre un lien ajout\u00e9 manuellement<\/a><\/p>\n<section class=\"av_textblock_section\"  itemscope=\"itemscope\" itemtype=\"https:\/\/schema.org\/BlogPosting\" itemprop=\"blogPost\" >\n<div class='avia_textblock'   itemprop=\"text\" >\n<h6 style=\"text-align: center;\">D\u00e9couvrez tous les laur\u00e9ats du concours 2023 de <a href=\"https:\/\/www.procarton.com\/awards\/pro-carton-young-designers-award\/pro-carton-young-designers-award-2023\/winners\/\" target=\"_blank\" rel=\"noopener\">Pro Carton Jeunes Designers Award (PCYDA)<\/a> et <a href=\"https:\/\/www.procarton.com\/awards\/pro-carton-student-video-award\/2023-2\/winners\/\" target=\"_blank\" rel=\"noopener\">Vid\u00e9o pour \u00e9tudiants Pro Carton Award (PCSVA)<\/a><\/h6>\n<\/div>\n<\/section>\n<\/div>\n<div   class='hr hr-default   avia-builder-el-25  el_after_av_one_full  el_before_av_one_full'><span class='hr-inner' ><span class='hr-inner-style'><\/span><\/span><\/div>\n<div class=\"av-animated-generic top-to-bottom flex_column av_one_full  flex_column_div av-zero-column-padding first  avia-builder-el-26  el_after_av_hr  el_before_av_hr\" style='border-radius:0px; '>\n<section class=\"av_textblock_section\"  itemscope=\"itemscope\" itemtype=\"https:\/\/schema.org\/BlogPosting\" itemprop=\"blogPost\" >\n<div class='avia_textblock'   itemprop=\"text\" >\n<p>Les \u00e9tudiants racontent l'histoire de la pi\u00e8ce sur laquelle ils ont travaill\u00e9 et partagent leur enthousiasme \u00e0 l'id\u00e9e d'\u00eatre parmi les finalistes. Nous discuterons des questions sur ce qu'ils peuvent attendre de la grande soir\u00e9e, qui n'aura lieu que dans 24 heures.<\/p>\n<p>Nous avons con\u00e7u les invitations de mani\u00e8re \u00e0 ce qu'il y ait un gagnant final et un finaliste pour les diff\u00e9rentes cat\u00e9gories. Le concours restera donc passionnant jusqu'\u00e0 l'annonce des gagnants.<\/p>\n<\/div>\n<\/section>\n<section class=\"av_textblock_section\"  itemscope=\"itemscope\" itemtype=\"https:\/\/schema.org\/BlogPosting\" itemprop=\"blogPost\" >\n<div class='avia_textblock'   itemprop=\"text\" >\n<p>Cela me rappelle l'\u00e9poque o\u00f9, en tant qu'\u00e9tudiant, j'entrais en contact avec \"l'industrie\" pour la premi\u00e8re fois. Il y a une certaine nervosit\u00e9 et tout le spectre de la timidit\u00e9 et de la confiance en soi d\u00e9monstrative. Vivre la diversit\u00e9, c'est ce que je ressens tout au long de la soir\u00e9e. Cette ann\u00e9e encore, des \u00e9tudiants de toute l'Europe \u00e9taient repr\u00e9sent\u00e9s : Allemagne, Norv\u00e8ge, Autriche, Royaume-Uni, Espagne : autant de perspectives et d'origines diff\u00e9rentes.<\/p>\n<p>Nous finissons g\u00e9n\u00e9ralement au bar de l'h\u00f4tel tard dans la soir\u00e9e pour dissiper l'incertitude du lendemain.<\/p>\n<p>Dans la plupart des cas, le visage derri\u00e8re la voix est diff\u00e9rent de ce que je pensais.  C'est passionnant.  Chaque ann\u00e9e \u00e0 nouveau.<\/p>\n<\/div>\n<\/section>\n<div  class='avia-gallery  avia-gallery-1 avia_lazyload avia-gallery-animate avia_animate_when_visible  avia-builder-el-29  el_after_av_textblock  avia-builder-el-last'  itemprop=\"image\" itemscope=\"itemscope\" itemtype=\"https:\/\/schema.org\/ImageObject\" >\n<div class='avia-gallery-thumb'> <a href=\"https:\/\/www.procarton.com\/wp-content\/uploads\/2023\/11\/OMA_5203-1030x687.jpg\" data-srcset=\"https:\/\/www.procarton.com\/wp-content\/uploads\/2023\/11\/OMA_5203-1030x687.jpg 1030w, https:\/\/www.procarton.com\/wp-content\/uploads\/2023\/11\/OMA_5203-300x200.jpg 300w, https:\/\/www.procarton.com\/wp-content\/uploads\/2023\/11\/OMA_5203-768x512.jpg 768w, https:\/\/www.procarton.com\/wp-content\/uploads\/2023\/11\/OMA_5203-1536x1024.jpg 1536w, https:\/\/www.procarton.com\/wp-content\/uploads\/2023\/11\/OMA_5203-2048x1365.jpg 2048w, https:\/\/www.procarton.com\/wp-content\/uploads\/2023\/11\/OMA_5203-18x12.jpg 18w, https:\/\/www.procarton.com\/wp-content\/uploads\/2023\/11\/OMA_5203-1500x1000.jpg 1500w, https:\/\/www.procarton.com\/wp-content\/uploads\/2023\/11\/OMA_5203-705x470.jpg 705w\" data-sizes=\"(max-width: 1030px) 100vw, 1030px\" data-rel='gallery-1' data-prev-img='https:\/\/www.procarton.com\/wp-content\/uploads\/2023\/11\/OMA_5203-495x400.jpg' class='first_thumb aviaopeninbrowser aviablank noLightbox' data-onclick='1' title='OMA_5203'  itemprop=\"thumbnailUrl\"  ><img decoding=\"async\" class=\"wp-image-293290 avia-img-lazy-loading-not-293290\"   src=\"https:\/\/www.procarton.com\/wp-content\/uploads\/2023\/11\/OMA_5203-495x400.jpg\" width=\"495\" height=\"400\"  title='OMA_5203' alt='' srcset=\"https:\/\/www.procarton.com\/wp-content\/uploads\/2023\/11\/OMA_5203-495x400.jpg 495w, https:\/\/www.procarton.com\/wp-content\/uploads\/2023\/11\/OMA_5203-845x684.jpg 845w\" sizes=\"(max-width: 495px) 100vw, 495px\" \/><\/a> <a href=\"https:\/\/www.procarton.com\/wp-content\/uploads\/2023\/09\/PCSVA-2023-Awards-Gala-8-1030x687.jpg\" data-srcset=\"https:\/\/www.procarton.com\/wp-content\/uploads\/2023\/09\/PCSVA-2023-Awards-Gala-8-1030x687.jpg 1030w, https:\/\/www.procarton.com\/wp-content\/uploads\/2023\/09\/PCSVA-2023-Awards-Gala-8-300x200.jpg 300w, https:\/\/www.procarton.com\/wp-content\/uploads\/2023\/09\/PCSVA-2023-Awards-Gala-8-768x512.jpg 768w, https:\/\/www.procarton.com\/wp-content\/uploads\/2023\/09\/PCSVA-2023-Awards-Gala-8-1536x1024.jpg 1536w, https:\/\/www.procarton.com\/wp-content\/uploads\/2023\/09\/PCSVA-2023-Awards-Gala-8-2048x1365.jpg 2048w, https:\/\/www.procarton.com\/wp-content\/uploads\/2023\/09\/PCSVA-2023-Awards-Gala-8-18x12.jpg 18w, https:\/\/www.procarton.com\/wp-content\/uploads\/2023\/09\/PCSVA-2023-Awards-Gala-8-1500x1000.jpg 1500w, https:\/\/www.procarton.com\/wp-content\/uploads\/2023\/09\/PCSVA-2023-Awards-Gala-8-705x470.jpg 705w\" data-sizes=\"(max-width: 1030px) 100vw, 1030px\" data-rel='gallery-1' data-prev-img='https:\/\/www.procarton.com\/wp-content\/uploads\/2023\/09\/PCSVA-2023-Awards-Gala-8-495x400.jpg' class='aviaopeninbrowser aviablank noLightbox' data-onclick='2' title='PCSVA 2023 Awards Gala (8)'  itemprop=\"thumbnailUrl\"  ><img decoding=\"async\" class=\"wp-image-292126 avia-img-lazy-loading-not-292126\"   src=\"https:\/\/www.procarton.com\/wp-content\/uploads\/2023\/09\/PCSVA-2023-Awards-Gala-8-495x400.jpg\" width=\"495\" height=\"400\"  title='PCSVA 2023 Awards Gala (8)' alt='' srcset=\"https:\/\/www.procarton.com\/wp-content\/uploads\/2023\/09\/PCSVA-2023-Awards-Gala-8-495x400.jpg 495w, https:\/\/www.procarton.com\/wp-content\/uploads\/2023\/09\/PCSVA-2023-Awards-Gala-8-845x684.jpg 845w\" sizes=\"(max-width: 495px) 100vw, 495px\" \/><\/a> <a href=\"https:\/\/www.procarton.com\/wp-content\/uploads\/2023\/11\/OMA_5247-1030x687.jpg\" data-srcset=\"https:\/\/www.procarton.com\/wp-content\/uploads\/2023\/11\/OMA_5247-1030x687.jpg 1030w, https:\/\/www.procarton.com\/wp-content\/uploads\/2023\/11\/OMA_5247-300x200.jpg 300w, https:\/\/www.procarton.com\/wp-content\/uploads\/2023\/11\/OMA_5247-768x512.jpg 768w, https:\/\/www.procarton.com\/wp-content\/uploads\/2023\/11\/OMA_5247-1536x1024.jpg 1536w, https:\/\/www.procarton.com\/wp-content\/uploads\/2023\/11\/OMA_5247-2048x1365.jpg 2048w, https:\/\/www.procarton.com\/wp-content\/uploads\/2023\/11\/OMA_5247-18x12.jpg 18w, https:\/\/www.procarton.com\/wp-content\/uploads\/2023\/11\/OMA_5247-1500x1000.jpg 1500w, https:\/\/www.procarton.com\/wp-content\/uploads\/2023\/11\/OMA_5247-705x470.jpg 705w\" data-sizes=\"(max-width: 1030px) 100vw, 1030px\" data-rel='gallery-1' data-prev-img='https:\/\/www.procarton.com\/wp-content\/uploads\/2023\/11\/OMA_5247-495x400.jpg' class='aviaopeninbrowser aviablank noLightbox' data-onclick='3' title='OMA_5247'  itemprop=\"thumbnailUrl\"  ><img decoding=\"async\" class=\"wp-image-293291 avia-img-lazy-loading-not-293291\"   src=\"https:\/\/www.procarton.com\/wp-content\/uploads\/2023\/11\/OMA_5247-495x400.jpg\" width=\"495\" height=\"400\"  title='OMA_5247' alt='' srcset=\"https:\/\/www.procarton.com\/wp-content\/uploads\/2023\/11\/OMA_5247-495x400.jpg 495w, https:\/\/www.procarton.com\/wp-content\/uploads\/2023\/11\/OMA_5247-845x684.jpg 845w\" sizes=\"(max-width: 495px) 100vw, 495px\" \/><\/a> <a href=\"https:\/\/www.procarton.com\/wp-content\/uploads\/2023\/09\/PCSVA-2023-Awards-Gala-7-1030x687.jpg\" data-srcset=\"https:\/\/www.procarton.com\/wp-content\/uploads\/2023\/09\/PCSVA-2023-Awards-Gala-7-1030x687.jpg 1030w, https:\/\/www.procarton.com\/wp-content\/uploads\/2023\/09\/PCSVA-2023-Awards-Gala-7-300x200.jpg 300w, https:\/\/www.procarton.com\/wp-content\/uploads\/2023\/09\/PCSVA-2023-Awards-Gala-7-768x512.jpg 768w, https:\/\/www.procarton.com\/wp-content\/uploads\/2023\/09\/PCSVA-2023-Awards-Gala-7-1536x1024.jpg 1536w, https:\/\/www.procarton.com\/wp-content\/uploads\/2023\/09\/PCSVA-2023-Awards-Gala-7-2048x1365.jpg 2048w, https:\/\/www.procarton.com\/wp-content\/uploads\/2023\/09\/PCSVA-2023-Awards-Gala-7-18x12.jpg 18w, https:\/\/www.procarton.com\/wp-content\/uploads\/2023\/09\/PCSVA-2023-Awards-Gala-7-1500x1000.jpg 1500w, https:\/\/www.procarton.com\/wp-content\/uploads\/2023\/09\/PCSVA-2023-Awards-Gala-7-705x470.jpg 705w\" data-sizes=\"(max-width: 1030px) 100vw, 1030px\" data-rel='gallery-1' data-prev-img='https:\/\/www.procarton.com\/wp-content\/uploads\/2023\/09\/PCSVA-2023-Awards-Gala-7-495x400.jpg' class='aviaopeninbrowser aviablank noLightbox' data-onclick='4' title='PCSVA 2023 Awards Gala (7)'  itemprop=\"thumbnailUrl\"  ><img decoding=\"async\" class=\"wp-image-292125 avia-img-lazy-loading-not-292125\"   src=\"https:\/\/www.procarton.com\/wp-content\/uploads\/2023\/09\/PCSVA-2023-Awards-Gala-7-495x400.jpg\" width=\"495\" height=\"400\"  title='PCSVA 2023 Awards Gala (7)' alt='' srcset=\"https:\/\/www.procarton.com\/wp-content\/uploads\/2023\/09\/PCSVA-2023-Awards-Gala-7-495x400.jpg 495w, https:\/\/www.procarton.com\/wp-content\/uploads\/2023\/09\/PCSVA-2023-Awards-Gala-7-845x684.jpg 845w\" sizes=\"(max-width: 495px) 100vw, 495px\" \/><\/a> <a href=\"https:\/\/www.procarton.com\/wp-content\/uploads\/2023\/11\/OMA_5278-687x1030.jpg\" data-srcset=\"https:\/\/www.procarton.com\/wp-content\/uploads\/2023\/11\/OMA_5278-687x1030.jpg 687w, https:\/\/www.procarton.com\/wp-content\/uploads\/2023\/11\/OMA_5278-200x300.jpg 200w, https:\/\/www.procarton.com\/wp-content\/uploads\/2023\/11\/OMA_5278-768x1152.jpg 768w, https:\/\/www.procarton.com\/wp-content\/uploads\/2023\/11\/OMA_5278-1024x1536.jpg 1024w, https:\/\/www.procarton.com\/wp-content\/uploads\/2023\/11\/OMA_5278-1365x2048.jpg 1365w, https:\/\/www.procarton.com\/wp-content\/uploads\/2023\/11\/OMA_5278-8x12.jpg 8w, https:\/\/www.procarton.com\/wp-content\/uploads\/2023\/11\/OMA_5278-1000x1500.jpg 1000w, https:\/\/www.procarton.com\/wp-content\/uploads\/2023\/11\/OMA_5278-470x705.jpg 470w, https:\/\/www.procarton.com\/wp-content\/uploads\/2023\/11\/OMA_5278-scaled.jpg 1706w\" data-sizes=\"(max-width: 687px) 100vw, 687px\" data-rel='gallery-1' data-prev-img='https:\/\/www.procarton.com\/wp-content\/uploads\/2023\/11\/OMA_5278-495x400.jpg' class='aviaopeninbrowser aviablank noLightbox' data-onclick='5' title='OMA_5278'  itemprop=\"thumbnailUrl\"  ><img decoding=\"async\" class=\"wp-image-293292 avia-img-lazy-loading-not-293292\"   src=\"https:\/\/www.procarton.com\/wp-content\/uploads\/2023\/11\/OMA_5278-495x400.jpg\" width=\"495\" height=\"400\"  title='OMA_5278' alt='' srcset=\"https:\/\/www.procarton.com\/wp-content\/uploads\/2023\/11\/OMA_5278-495x400.jpg 495w, https:\/\/www.procarton.com\/wp-content\/uploads\/2023\/11\/OMA_5278-845x684.jpg 845w\" sizes=\"(max-width: 495px) 100vw, 495px\" \/><\/a> <a href=\"https:\/\/www.procarton.com\/wp-content\/uploads\/2023\/09\/PCSVA-2023-Awards-Gala-6-1030x687.jpg\" data-srcset=\"https:\/\/www.procarton.com\/wp-content\/uploads\/2023\/09\/PCSVA-2023-Awards-Gala-6-1030x687.jpg 1030w, https:\/\/www.procarton.com\/wp-content\/uploads\/2023\/09\/PCSVA-2023-Awards-Gala-6-300x200.jpg 300w, https:\/\/www.procarton.com\/wp-content\/uploads\/2023\/09\/PCSVA-2023-Awards-Gala-6-768x512.jpg 768w, https:\/\/www.procarton.com\/wp-content\/uploads\/2023\/09\/PCSVA-2023-Awards-Gala-6-1536x1024.jpg 1536w, https:\/\/www.procarton.com\/wp-content\/uploads\/2023\/09\/PCSVA-2023-Awards-Gala-6-2048x1365.jpg 2048w, https:\/\/www.procarton.com\/wp-content\/uploads\/2023\/09\/PCSVA-2023-Awards-Gala-6-18x12.jpg 18w, https:\/\/www.procarton.com\/wp-content\/uploads\/2023\/09\/PCSVA-2023-Awards-Gala-6-1500x1000.jpg 1500w, https:\/\/www.procarton.com\/wp-content\/uploads\/2023\/09\/PCSVA-2023-Awards-Gala-6-705x470.jpg 705w\" data-sizes=\"(max-width: 1030px) 100vw, 1030px\" data-rel='gallery-1' data-prev-img='https:\/\/www.procarton.com\/wp-content\/uploads\/2023\/09\/PCSVA-2023-Awards-Gala-6-495x400.jpg' class='first_thumb aviaopeninbrowser aviablank noLightbox' data-onclick='6' title='PCSVA 2023 Awards Gala (6)'  itemprop=\"thumbnailUrl\"  ><img decoding=\"async\" class=\"wp-image-292124 avia-img-lazy-loading-not-292124\"   src=\"https:\/\/www.procarton.com\/wp-content\/uploads\/2023\/09\/PCSVA-2023-Awards-Gala-6-495x400.jpg\" width=\"495\" height=\"400\"  title='PCSVA 2023 Awards Gala (6)' alt='' srcset=\"https:\/\/www.procarton.com\/wp-content\/uploads\/2023\/09\/PCSVA-2023-Awards-Gala-6-495x400.jpg 495w, https:\/\/www.procarton.com\/wp-content\/uploads\/2023\/09\/PCSVA-2023-Awards-Gala-6-845x684.jpg 845w\" sizes=\"(max-width: 495px) 100vw, 495px\" \/><\/a> <a href=\"https:\/\/www.procarton.com\/wp-content\/uploads\/2023\/11\/OMA_5295-1030x687.jpg\" data-srcset=\"https:\/\/www.procarton.com\/wp-content\/uploads\/2023\/11\/OMA_5295-1030x687.jpg 1030w, https:\/\/www.procarton.com\/wp-content\/uploads\/2023\/11\/OMA_5295-300x200.jpg 300w, https:\/\/www.procarton.com\/wp-content\/uploads\/2023\/11\/OMA_5295-768x512.jpg 768w, https:\/\/www.procarton.com\/wp-content\/uploads\/2023\/11\/OMA_5295-1536x1024.jpg 1536w, https:\/\/www.procarton.com\/wp-content\/uploads\/2023\/11\/OMA_5295-2048x1365.jpg 2048w, https:\/\/www.procarton.com\/wp-content\/uploads\/2023\/11\/OMA_5295-18x12.jpg 18w, https:\/\/www.procarton.com\/wp-content\/uploads\/2023\/11\/OMA_5295-1500x1000.jpg 1500w, https:\/\/www.procarton.com\/wp-content\/uploads\/2023\/11\/OMA_5295-705x470.jpg 705w\" data-sizes=\"(max-width: 1030px) 100vw, 1030px\" data-rel='gallery-1' data-prev-img='https:\/\/www.procarton.com\/wp-content\/uploads\/2023\/11\/OMA_5295-495x400.jpg' class='aviaopeninbrowser aviablank noLightbox' data-onclick='7' title='OMA_5295'  itemprop=\"thumbnailUrl\"  ><img decoding=\"async\" class=\"wp-image-293293 avia-img-lazy-loading-not-293293\"   src=\"https:\/\/www.procarton.com\/wp-content\/uploads\/2023\/11\/OMA_5295-495x400.jpg\" width=\"495\" height=\"400\"  title='OMA_5295' alt='' srcset=\"https:\/\/www.procarton.com\/wp-content\/uploads\/2023\/11\/OMA_5295-495x400.jpg 495w, https:\/\/www.procarton.com\/wp-content\/uploads\/2023\/11\/OMA_5295-845x684.jpg 845w\" sizes=\"(max-width: 495px) 100vw, 495px\" \/><\/a> <a href=\"https:\/\/www.procarton.com\/wp-content\/uploads\/2023\/11\/OMA_5358-1030x527.jpg\" data-srcset=\"https:\/\/www.procarton.com\/wp-content\/uploads\/2023\/11\/OMA_5358-1030x527.jpg 1030w, https:\/\/www.procarton.com\/wp-content\/uploads\/2023\/11\/OMA_5358-300x153.jpg 300w, https:\/\/www.procarton.com\/wp-content\/uploads\/2023\/11\/OMA_5358-768x393.jpg 768w, https:\/\/www.procarton.com\/wp-content\/uploads\/2023\/11\/OMA_5358-1536x786.jpg 1536w, https:\/\/www.procarton.com\/wp-content\/uploads\/2023\/11\/OMA_5358-2048x1047.jpg 2048w, https:\/\/www.procarton.com\/wp-content\/uploads\/2023\/11\/OMA_5358-18x9.jpg 18w, https:\/\/www.procarton.com\/wp-content\/uploads\/2023\/11\/OMA_5358-1500x767.jpg 1500w, https:\/\/www.procarton.com\/wp-content\/uploads\/2023\/11\/OMA_5358-705x361.jpg 705w\" data-sizes=\"(max-width: 1030px) 100vw, 1030px\" data-rel='gallery-1' data-prev-img='https:\/\/www.procarton.com\/wp-content\/uploads\/2023\/11\/OMA_5358-495x400.jpg' class='aviaopeninbrowser aviablank noLightbox' data-onclick='8' title='OMA_5358'  itemprop=\"thumbnailUrl\"  ><img decoding=\"async\" class=\"wp-image-293294 avia-img-lazy-loading-not-293294\"   src=\"https:\/\/www.procarton.com\/wp-content\/uploads\/2023\/11\/OMA_5358-495x400.jpg\" width=\"495\" height=\"400\"  title='OMA_5358' alt='' srcset=\"https:\/\/www.procarton.com\/wp-content\/uploads\/2023\/11\/OMA_5358-495x400.jpg 495w, https:\/\/www.procarton.com\/wp-content\/uploads\/2023\/11\/OMA_5358-845x684.jpg 845w\" sizes=\"(max-width: 495px) 100vw, 495px\" \/><\/a><\/div>\n<\/div>\n<\/div>\n<div   class='hr hr-default   avia-builder-el-30  el_after_av_one_full  el_before_av_one_third'><span class='hr-inner' ><span class='hr-inner-style'><\/span><\/span><\/div>\n<div class=\"av-animated-generic top-to-bottom flex_column av_one_third  flex_column_div av-zero-column-padding first  avia-builder-el-31  el_after_av_hr  el_before_av_two_third\" style='border-radius:0px; '>\n<div  class='avia-video avia-video-16-9   av-lazyload-immediate  av-lazyload-video-embed'   itemprop=\"video\" itemtype=\"https:\/\/schema.org\/VideoObject\"  data-original_url='https:\/\/www.youtube.com\/watch?v=pl-H3-KhZ_I&amp;t=3s' ><script type='text\/html' class='av-video-tmpl'><\/p>\n<div class='avia-iframe-wrap'><iframe loading=\"lazy\" title=\"2023 Award Highlights | European Carton Excellence Award\" width=\"1500\" height=\"844\" src=\"https:\/\/www.youtube.com\/embed\/pl-H3-KhZ_I?start=3&feature=oembed&autoplay=0&loop=0&controls=1&mute=0\" frameborder=\"0\" allow=\"accelerometer; autoplay; clipboard-write; encrypted-media; gyroscope; picture-in-picture; web-share\" allowfullscreen><\/iframe><\/div>\n<p><\/script><\/p>\n<div class='av-click-to-play-overlay'>\n<div class=\"avia_playpause_icon\"><\/div>\n<\/div>\n<\/div>\n<\/div>\n<div class=\"av-animated-generic top-to-bottom flex_column av_two_third  flex_column_div av-zero-column-padding   avia-builder-el-33  el_after_av_one_third  el_before_av_hr\" style='border-radius:0px; '>\n<section class=\"av_textblock_section\"  itemscope=\"itemscope\" itemtype=\"https:\/\/schema.org\/BlogPosting\" itemprop=\"blogPost\" >\n<div class='avia_textblock'   itemprop=\"text\" >\n<p>Le soir de la c\u00e9r\u00e9monie de remise des prix, c'est une autre histoire. Les \u00e9l\u00e8ves et les enseignants arrivent sur le lieu de la c\u00e9r\u00e9monie. Ils sont parfaitement habill\u00e9s pour r\u00e9ussir. Ils sont fiers d'\u00eatre enfin arriv\u00e9s au soir, pr\u00eats \u00e0 faire la f\u00eate, mais aussi un peu inquiets car ils savent qu'ils ne finiront pas tous aux premi\u00e8res places.<\/p>\n<p>Nous annon\u00e7ons les gagnants des diff\u00e9rentes cat\u00e9gories. Nous choisissons les morceaux de musique qui porteront les laur\u00e9ats sur sc\u00e8ne.  Ils oublieront la musique, ils se souviendront des 20 m\u00e8tres interminables qu'il leur a fallu pour monter sur sc\u00e8ne et entrer sous les feux de la rampe. C'est un moment de soulagement et de vrai bonheur lorsqu'ils re\u00e7oivent leurs troph\u00e9es et leurs certificats.<\/p>\n<p>Les finalistes sont tr\u00e8s d\u00e9\u00e7us, mais certains ont un v\u00e9ritable esprit combatif et tenteront \u00e0 nouveau leur chance l'ann\u00e9e prochaine. Au final, tout le monde est gagnant lors de la c\u00e9r\u00e9monie de remise des prix. On mange, on boit, on prend des photos et, bien s\u00fbr, on fait des interviews dans le coin des champions.<\/p>\n<p>Le lendemain, de retour \u00e0 l'h\u00f4tel du congr\u00e8s, nous avons r\u00e9uni les \u00e9tudiants avec des convertis de leurs pays d'origine respectifs pour la premi\u00e8re fois cette ann\u00e9e. Ils ont pr\u00e9sent\u00e9 leurs projets \u00e0 d'\u00e9minents repr\u00e9sentants de notre industrie. C'\u00e9tait le premier effort organis\u00e9 de notre part. Nous continuerons \u00e0 am\u00e9liorer ce processus. C'est l'exp\u00e9rience d'apprentissage ultime.<\/p>\n<\/div>\n<\/section>\n<\/div>\n<div   class='hr hr-default   avia-builder-el-35  el_after_av_two_third  el_before_av_one_full'><span class='hr-inner' ><span class='hr-inner-style'><\/span><\/span><\/div>\n<div class=\"av-animated-generic top-to-bottom flex_column av_one_full  flex_column_div av-zero-column-padding first  avia-builder-el-36  el_after_av_hr  el_before_av_two_fifth\" style='border-radius:0px; '>\n<section class=\"av_textblock_section\"  itemscope=\"itemscope\" itemtype=\"https:\/\/schema.org\/BlogPosting\" itemprop=\"blogPost\" >\n<div class='avia_textblock'   itemprop=\"text\" >\n<p>Je vais maintenant vous confier un secret. Dans le courant de la semaine, l'un des \u00e9tudiants assistera \u00e0 une pr\u00e9sentation que nous ferons lors d'un salon professionnel. Dans sa mallette, il aura un nouveau CV que nous avons \u00e9labor\u00e9 au cours des derni\u00e8res semaines. Il le partagera avec certains de nos membres lors du salon. Une partie importante de son CV sera son projet gagnant pour le PCYDA.<\/p>\n<p>C'est ce que nous voulons r\u00e9aliser avec le Awards \u00e9tudiant : une plateforme de rencontres et d'interactions entre les \u00e9tudiants et notre industrie. Nous voulons ainsi faire passer le Awards \u00e9tudiant au niveau sup\u00e9rieur : une exp\u00e9rience d'apprentissage pratique et un forum pour apprendre \u00e0 se conna\u00eetre. C'est probablement la plus grande valeur que nous pouvons offrir.<\/p>\n<p>Un grand merci aux \u00e9tudiants d\u00e9vou\u00e9s et professionnels et un grand merci aux enseignants et aux professeurs pour leurs conseils et leur leadership. Vivre l'excellence.<\/p>\n<\/div>\n<\/section>\n<\/div>\n<div class=\"av-animated-generic top-to-bottom flex_column av_two_fifth  flex_column_div av-zero-column-padding first  avia-builder-el-38  el_after_av_one_full  el_before_av_one_fifth  column-top-margin\" style='border-radius:0px; '>\n<section class=\"av_textblock_section\"  itemscope=\"itemscope\" itemtype=\"https:\/\/schema.org\/BlogPosting\" itemprop=\"blogPost\" >\n<div class='avia_textblock'   itemprop=\"text\" >\n<h6>Les inscriptions au concours Pro Carton Student Awards pour 2024 sont d\u00e9sormais ouvertes :<\/h6>\n<\/div>\n<\/section>\n<\/div>\n<div class=\"av-animated-generic top-to-bottom flex_column av_one_fifth  flex_column_div av-zero-column-padding   avia-builder-el-40  el_after_av_two_fifth  el_before_av_one_fifth  column-top-margin\" style='border-radius:0px; '><\/div>\n<div class=\"av-animated-generic top-to-bottom flex_column av_one_fifth  flex_column_div av-zero-column-padding   avia-builder-el-41  el_after_av_one_fifth  el_before_av_one_fifth  column-top-margin\" style='border-radius:0px; '>\n<div  class='avia-image-container  av-styling-    avia-builder-el-42  avia-builder-el-no-sibling  avia-align-center'  itemprop=\"image\" itemscope=\"itemscope\" itemtype=\"https:\/\/schema.org\/ImageObject\"  >\n<div class='avia-image-container-inner'>\n<div class='avia-image-overlay-wrap'><a href=\"https:\/\/www.procarton.com\/awards\/pro-carton-young-designers-award\/\" class='avia_image' target=\"_blank\" rel=\"noopener noreferrer\"><img decoding=\"async\" width=\"300\" height=\"171\" class='wp-image-292403 avia-img-lazy-loading-not-292403 avia_image' src=\"https:\/\/www.procarton.com\/wp-content\/uploads\/2023\/10\/Award-logos_PCYDA-2024-300x171.png\" alt='' title='Award logos_PCYDA 2024'  itemprop=\"thumbnailUrl\" srcset=\"https:\/\/www.procarton.com\/wp-content\/uploads\/2023\/10\/Award-logos_PCYDA-2024-300x171.png 300w, https:\/\/www.procarton.com\/wp-content\/uploads\/2023\/10\/Award-logos_PCYDA-2024-768x437.png 768w, https:\/\/www.procarton.com\/wp-content\/uploads\/2023\/10\/Award-logos_PCYDA-2024-18x10.png 18w, https:\/\/www.procarton.com\/wp-content\/uploads\/2023\/10\/Award-logos_PCYDA-2024-705x401.png 705w, https:\/\/www.procarton.com\/wp-content\/uploads\/2023\/10\/Award-logos_PCYDA-2024.png 1004w\" sizes=\"(max-width: 300px) 100vw, 300px\" \/><\/a><\/div>\n<\/div>\n<\/div>\n<\/div>\n<div class=\"av-animated-generic top-to-bottom flex_column av_one_fifth  flex_column_div av-zero-column-padding   avia-builder-el-43  el_after_av_one_fifth  avia-builder-el-last  column-top-margin\" style='border-radius:0px; '>\n<div  class='avia-image-container  av-styling-    avia-builder-el-44  avia-builder-el-no-sibling  avia-align-center'  itemprop=\"image\" itemscope=\"itemscope\" itemtype=\"https:\/\/schema.org\/ImageObject\"  >\n<div class='avia-image-container-inner'>\n<div class='avia-image-overlay-wrap'><a href=\"https:\/\/www.procarton.com\/awards\/pro-carton-student-video-award\/\" class='avia_image' target=\"_blank\" rel=\"noopener noreferrer\"><img decoding=\"async\" width=\"300\" height=\"171\" class='wp-image-292401 avia-img-lazy-loading-not-292401 avia_image' src=\"https:\/\/www.procarton.com\/wp-content\/uploads\/2023\/10\/Award-logo_PCSVA-2024-300x171.png\" alt='' title='Award logo_PCSVA 2024'  itemprop=\"thumbnailUrl\" srcset=\"https:\/\/www.procarton.com\/wp-content\/uploads\/2023\/10\/Award-logo_PCSVA-2024-300x171.png 300w, https:\/\/www.procarton.com\/wp-content\/uploads\/2023\/10\/Award-logo_PCSVA-2024-768x437.png 768w, https:\/\/www.procarton.com\/wp-content\/uploads\/2023\/10\/Award-logo_PCSVA-2024-18x10.png 18w, https:\/\/www.procarton.com\/wp-content\/uploads\/2023\/10\/Award-logo_PCSVA-2024-705x401.png 705w, https:\/\/www.procarton.com\/wp-content\/uploads\/2023\/10\/Award-logo_PCSVA-2024.png 1003w\" sizes=\"(max-width: 300px) 100vw, 300px\" \/><\/a><\/div>\n<\/div>\n<\/div>\n<\/div>","protected":false},"excerpt":{"rendered":"<p>Une r\u00e9flexion sur le travail avec les \u00e9tudiants sur PCYDA et PCSVA Awards, par Winfried Muehling<\/p>","protected":false},"author":1286,"featured_media":292743,"comment_status":"closed","ping_status":"open","sticky":false,"template":"","format":"standard","meta":{"inline_featured_image":false,"footnotes":""},"categories":[42,242],"tags":[],"class_list":["post-293286","post","type-post","status-publish","format-standard","has-post-thumbnail","hentry","category-awards","category-procarton"],"yoast_head":"<!-- This site is optimized with the Yoast SEO plugin v27.4 - https:\/\/yoast.com\/product\/yoast-seo-wordpress\/ -->\n<title>A reflection on working with students on PCYDA and PCSVA Awards, by Winfried Muehling - Pro Carton<\/title>\n<meta name=\"description\" content=\"A reflection on working with students on PCYDA and PCSVA Awards, by Winfried Muehling, Director of Marketing &amp; Communications\" \/>\n<meta name=\"robots\" content=\"index, follow, max-snippet:-1, max-image-preview:large, max-video-preview:-1\" \/>\n<link rel=\"canonical\" href=\"https:\/\/www.procarton.com\/fr\/a-reflection-on-working-with-students-on-pcyda-and-pcsva-awards-by-winfried-muehling\/\" \/>\n<meta property=\"og:locale\" content=\"fr_FR\" \/>\n<meta property=\"og:type\" content=\"article\" \/>\n<meta property=\"og:title\" content=\"A reflection on working with students on PCYDA and PCSVA Awards, by Winfried Muehling - Pro Carton\" \/>\n<meta property=\"og:description\" content=\"A reflection on working with students on PCYDA and PCSVA Awards, by Winfried Muehling, Director of Marketing &amp; Communications\" \/>\n<meta property=\"og:url\" content=\"https:\/\/www.procarton.com\/fr\/a-reflection-on-working-with-students-on-pcyda-and-pcsva-awards-by-winfried-muehling\/\" \/>\n<meta property=\"og:site_name\" content=\"Pro Carton\" \/>\n<meta property=\"article:publisher\" content=\"https:\/\/www.facebook.com\/procartondesignaward\/\" \/>\n<meta property=\"article:published_time\" content=\"2023-12-08T10:10:13+00:00\" \/>\n<meta property=\"article:modified_time\" content=\"2023-12-18T16:25:54+00:00\" \/>\n<meta property=\"og:image\" content=\"https:\/\/www.procarton.com\/wp-content\/uploads\/2023\/10\/PCYDA-Winners-in-Turkey.jpeg\" \/>\n\t<meta property=\"og:image:width\" content=\"1280\" \/>\n\t<meta property=\"og:image:height\" content=\"895\" \/>\n\t<meta property=\"og:image:type\" content=\"image\/jpeg\" \/>\n<meta name=\"author\" content=\"ryan@procarton.com\" \/>\n<meta name=\"twitter:card\" content=\"summary_large_image\" \/>\n<meta name=\"twitter:creator\" content=\"@pro_carton\" \/>\n<meta name=\"twitter:site\" content=\"@pro_carton\" \/>\n<meta name=\"twitter:label1\" content=\"\u00c9crit par\" \/>\n\t<meta name=\"twitter:data1\" content=\"ryan@procarton.com\" \/>\n\t<meta name=\"twitter:label2\" content=\"Dur\u00e9e de lecture estim\u00e9e\" \/>\n\t<meta name=\"twitter:data2\" content=\"9 minutes\" \/>\n<script type=\"application\/ld+json\" class=\"yoast-schema-graph\">{\"@context\":\"https:\\\/\\\/schema.org\",\"@graph\":[{\"@type\":\"Article\",\"@id\":\"https:\\\/\\\/www.procarton.com\\\/a-reflection-on-working-with-students-on-pcyda-and-pcsva-awards-by-winfried-muehling\\\/#article\",\"isPartOf\":{\"@id\":\"https:\\\/\\\/www.procarton.com\\\/a-reflection-on-working-with-students-on-pcyda-and-pcsva-awards-by-winfried-muehling\\\/\"},\"author\":{\"name\":\"ryan@procarton.com\",\"@id\":\"https:\\\/\\\/www.procarton.com\\\/es\\\/#\\\/schema\\\/person\\\/8f52811f36555e3fbe8aa433fda4f5b5\"},\"headline\":\"A reflection on working with students on PCYDA and PCSVA Awards, by Winfried Muehling\",\"datePublished\":\"2023-12-08T10:10:13+00:00\",\"dateModified\":\"2023-12-18T16:25:54+00:00\",\"mainEntityOfPage\":{\"@id\":\"https:\\\/\\\/www.procarton.com\\\/a-reflection-on-working-with-students-on-pcyda-and-pcsva-awards-by-winfried-muehling\\\/\"},\"wordCount\":4642,\"publisher\":{\"@id\":\"https:\\\/\\\/www.procarton.com\\\/es\\\/#organization\"},\"image\":{\"@id\":\"https:\\\/\\\/www.procarton.com\\\/a-reflection-on-working-with-students-on-pcyda-and-pcsva-awards-by-winfried-muehling\\\/#primaryimage\"},\"thumbnailUrl\":\"https:\\\/\\\/www.procarton.com\\\/wp-content\\\/uploads\\\/2023\\\/10\\\/PCYDA-Winners-in-Turkey.jpeg\",\"articleSection\":[\"Awards\",\"Pro Carton\"],\"inLanguage\":\"fr-FR\"},{\"@type\":\"WebPage\",\"@id\":\"https:\\\/\\\/www.procarton.com\\\/a-reflection-on-working-with-students-on-pcyda-and-pcsva-awards-by-winfried-muehling\\\/\",\"url\":\"https:\\\/\\\/www.procarton.com\\\/a-reflection-on-working-with-students-on-pcyda-and-pcsva-awards-by-winfried-muehling\\\/\",\"name\":\"A reflection on working with students on PCYDA and PCSVA Awards, by Winfried Muehling - Pro Carton\",\"isPartOf\":{\"@id\":\"https:\\\/\\\/www.procarton.com\\\/es\\\/#website\"},\"primaryImageOfPage\":{\"@id\":\"https:\\\/\\\/www.procarton.com\\\/a-reflection-on-working-with-students-on-pcyda-and-pcsva-awards-by-winfried-muehling\\\/#primaryimage\"},\"image\":{\"@id\":\"https:\\\/\\\/www.procarton.com\\\/a-reflection-on-working-with-students-on-pcyda-and-pcsva-awards-by-winfried-muehling\\\/#primaryimage\"},\"thumbnailUrl\":\"https:\\\/\\\/www.procarton.com\\\/wp-content\\\/uploads\\\/2023\\\/10\\\/PCYDA-Winners-in-Turkey.jpeg\",\"datePublished\":\"2023-12-08T10:10:13+00:00\",\"dateModified\":\"2023-12-18T16:25:54+00:00\",\"description\":\"A reflection on working with students on PCYDA and PCSVA Awards, by Winfried Muehling, Director of Marketing & Communications\",\"breadcrumb\":{\"@id\":\"https:\\\/\\\/www.procarton.com\\\/a-reflection-on-working-with-students-on-pcyda-and-pcsva-awards-by-winfried-muehling\\\/#breadcrumb\"},\"inLanguage\":\"fr-FR\",\"potentialAction\":[{\"@type\":\"ReadAction\",\"target\":[\"https:\\\/\\\/www.procarton.com\\\/a-reflection-on-working-with-students-on-pcyda-and-pcsva-awards-by-winfried-muehling\\\/\"]}]},{\"@type\":\"ImageObject\",\"inLanguage\":\"fr-FR\",\"@id\":\"https:\\\/\\\/www.procarton.com\\\/a-reflection-on-working-with-students-on-pcyda-and-pcsva-awards-by-winfried-muehling\\\/#primaryimage\",\"url\":\"https:\\\/\\\/www.procarton.com\\\/wp-content\\\/uploads\\\/2023\\\/10\\\/PCYDA-Winners-in-Turkey.jpeg\",\"contentUrl\":\"https:\\\/\\\/www.procarton.com\\\/wp-content\\\/uploads\\\/2023\\\/10\\\/PCYDA-Winners-in-Turkey.jpeg\",\"width\":1280,\"height\":895},{\"@type\":\"BreadcrumbList\",\"@id\":\"https:\\\/\\\/www.procarton.com\\\/a-reflection-on-working-with-students-on-pcyda-and-pcsva-awards-by-winfried-muehling\\\/#breadcrumb\",\"itemListElement\":[{\"@type\":\"ListItem\",\"position\":1,\"name\":\"Home\",\"item\":\"https:\\\/\\\/www.procarton.com\\\/\"},{\"@type\":\"ListItem\",\"position\":2,\"name\":\"A reflection on working with students on PCYDA and PCSVA Awards, by Winfried Muehling\"}]},{\"@type\":\"WebSite\",\"@id\":\"https:\\\/\\\/www.procarton.com\\\/es\\\/#website\",\"url\":\"https:\\\/\\\/www.procarton.com\\\/es\\\/\",\"name\":\"Pro Carton\",\"description\":\"\",\"publisher\":{\"@id\":\"https:\\\/\\\/www.procarton.com\\\/es\\\/#organization\"},\"potentialAction\":[{\"@type\":\"SearchAction\",\"target\":{\"@type\":\"EntryPoint\",\"urlTemplate\":\"https:\\\/\\\/www.procarton.com\\\/es\\\/?s={search_term_string}\"},\"query-input\":{\"@type\":\"PropertyValueSpecification\",\"valueRequired\":true,\"valueName\":\"search_term_string\"}}],\"inLanguage\":\"fr-FR\"},{\"@type\":\"Organization\",\"@id\":\"https:\\\/\\\/www.procarton.com\\\/es\\\/#organization\",\"name\":\"ProCarton\",\"url\":\"https:\\\/\\\/www.procarton.com\\\/es\\\/\",\"logo\":{\"@type\":\"ImageObject\",\"inLanguage\":\"fr-FR\",\"@id\":\"https:\\\/\\\/www.procarton.com\\\/es\\\/#\\\/schema\\\/logo\\\/image\\\/\",\"url\":\"https:\\\/\\\/www.procarton.com\\\/wp-content\\\/uploads\\\/2022\\\/06\\\/logo-mit-slogan.jpg\",\"contentUrl\":\"https:\\\/\\\/www.procarton.com\\\/wp-content\\\/uploads\\\/2022\\\/06\\\/logo-mit-slogan.jpg\",\"width\":422,\"height\":519,\"caption\":\"ProCarton\"},\"image\":{\"@id\":\"https:\\\/\\\/www.procarton.com\\\/es\\\/#\\\/schema\\\/logo\\\/image\\\/\"},\"sameAs\":[\"https:\\\/\\\/www.facebook.com\\\/procartondesignaward\\\/\",\"https:\\\/\\\/x.com\\\/pro_carton\"]},{\"@type\":\"Person\",\"@id\":\"https:\\\/\\\/www.procarton.com\\\/es\\\/#\\\/schema\\\/person\\\/8f52811f36555e3fbe8aa433fda4f5b5\",\"name\":\"ryan@procarton.com\",\"url\":\"https:\\\/\\\/www.procarton.com\\\/fr\\\/author\\\/pro-carton-3\\\/\"}]}<\/script>\n<!-- \/ Yoast SEO plugin. -->","yoast_head_json":{"title":"Une r\u00e9flexion sur le travail avec les \u00e9tudiants sur PCYDA et PCSVA Awards, par Winfried Muehling - Pro Carton","description":"R\u00e9flexion sur le travail avec les \u00e9tudiants dans le cadre du PCYDA et du PCSVA Awards, par Winfried Muehling, directeur du marketing et de la communication","robots":{"index":"index","follow":"follow","max-snippet":"max-snippet:-1","max-image-preview":"max-image-preview:large","max-video-preview":"max-video-preview:-1"},"canonical":"https:\/\/www.procarton.com\/fr\/a-reflection-on-working-with-students-on-pcyda-and-pcsva-awards-by-winfried-muehling\/","og_locale":"fr_FR","og_type":"article","og_title":"A reflection on working with students on PCYDA and PCSVA Awards, by Winfried Muehling - Pro Carton","og_description":"A reflection on working with students on PCYDA and PCSVA Awards, by Winfried Muehling, Director of Marketing & Communications","og_url":"https:\/\/www.procarton.com\/fr\/a-reflection-on-working-with-students-on-pcyda-and-pcsva-awards-by-winfried-muehling\/","og_site_name":"Pro Carton","article_publisher":"https:\/\/www.facebook.com\/procartondesignaward\/","article_published_time":"2023-12-08T10:10:13+00:00","article_modified_time":"2023-12-18T16:25:54+00:00","og_image":[{"width":1280,"height":895,"url":"https:\/\/www.procarton.com\/wp-content\/uploads\/2023\/10\/PCYDA-Winners-in-Turkey.jpeg","type":"image\/jpeg"}],"author":"ryan@procarton.com","twitter_card":"summary_large_image","twitter_creator":"@pro_carton","twitter_site":"@pro_carton","twitter_misc":{"\u00c9crit par":"ryan@procarton.com","Dur\u00e9e de lecture estim\u00e9e":"9 minutes"},"schema":{"@context":"https:\/\/schema.org","@graph":[{"@type":"Article","@id":"https:\/\/www.procarton.com\/a-reflection-on-working-with-students-on-pcyda-and-pcsva-awards-by-winfried-muehling\/#article","isPartOf":{"@id":"https:\/\/www.procarton.com\/a-reflection-on-working-with-students-on-pcyda-and-pcsva-awards-by-winfried-muehling\/"},"author":{"name":"ryan@procarton.com","@id":"https:\/\/www.procarton.com\/es\/#\/schema\/person\/8f52811f36555e3fbe8aa433fda4f5b5"},"headline":"A reflection on working with students on PCYDA and PCSVA Awards, by Winfried Muehling","datePublished":"2023-12-08T10:10:13+00:00","dateModified":"2023-12-18T16:25:54+00:00","mainEntityOfPage":{"@id":"https:\/\/www.procarton.com\/a-reflection-on-working-with-students-on-pcyda-and-pcsva-awards-by-winfried-muehling\/"},"wordCount":4642,"publisher":{"@id":"https:\/\/www.procarton.com\/es\/#organization"},"image":{"@id":"https:\/\/www.procarton.com\/a-reflection-on-working-with-students-on-pcyda-and-pcsva-awards-by-winfried-muehling\/#primaryimage"},"thumbnailUrl":"https:\/\/www.procarton.com\/wp-content\/uploads\/2023\/10\/PCYDA-Winners-in-Turkey.jpeg","articleSection":["Awards","Pro Carton"],"inLanguage":"fr-FR"},{"@type":"WebPage","@id":"https:\/\/www.procarton.com\/a-reflection-on-working-with-students-on-pcyda-and-pcsva-awards-by-winfried-muehling\/","url":"https:\/\/www.procarton.com\/a-reflection-on-working-with-students-on-pcyda-and-pcsva-awards-by-winfried-muehling\/","name":"Une r\u00e9flexion sur le travail avec les \u00e9tudiants sur PCYDA et PCSVA Awards, par Winfried Muehling - Pro Carton","isPartOf":{"@id":"https:\/\/www.procarton.com\/es\/#website"},"primaryImageOfPage":{"@id":"https:\/\/www.procarton.com\/a-reflection-on-working-with-students-on-pcyda-and-pcsva-awards-by-winfried-muehling\/#primaryimage"},"image":{"@id":"https:\/\/www.procarton.com\/a-reflection-on-working-with-students-on-pcyda-and-pcsva-awards-by-winfried-muehling\/#primaryimage"},"thumbnailUrl":"https:\/\/www.procarton.com\/wp-content\/uploads\/2023\/10\/PCYDA-Winners-in-Turkey.jpeg","datePublished":"2023-12-08T10:10:13+00:00","dateModified":"2023-12-18T16:25:54+00:00","description":"R\u00e9flexion sur le travail avec les \u00e9tudiants dans le cadre du PCYDA et du PCSVA Awards, par Winfried Muehling, directeur du marketing et de la communication","breadcrumb":{"@id":"https:\/\/www.procarton.com\/a-reflection-on-working-with-students-on-pcyda-and-pcsva-awards-by-winfried-muehling\/#breadcrumb"},"inLanguage":"fr-FR","potentialAction":[{"@type":"ReadAction","target":["https:\/\/www.procarton.com\/a-reflection-on-working-with-students-on-pcyda-and-pcsva-awards-by-winfried-muehling\/"]}]},{"@type":"ImageObject","inLanguage":"fr-FR","@id":"https:\/\/www.procarton.com\/a-reflection-on-working-with-students-on-pcyda-and-pcsva-awards-by-winfried-muehling\/#primaryimage","url":"https:\/\/www.procarton.com\/wp-content\/uploads\/2023\/10\/PCYDA-Winners-in-Turkey.jpeg","contentUrl":"https:\/\/www.procarton.com\/wp-content\/uploads\/2023\/10\/PCYDA-Winners-in-Turkey.jpeg","width":1280,"height":895},{"@type":"BreadcrumbList","@id":"https:\/\/www.procarton.com\/a-reflection-on-working-with-students-on-pcyda-and-pcsva-awards-by-winfried-muehling\/#breadcrumb","itemListElement":[{"@type":"ListItem","position":1,"name":"Home","item":"https:\/\/www.procarton.com\/"},{"@type":"ListItem","position":2,"name":"A reflection on working with students on PCYDA and PCSVA Awards, by Winfried Muehling"}]},{"@type":"WebSite","@id":"https:\/\/www.procarton.com\/es\/#website","url":"https:\/\/www.procarton.com\/es\/","name":"Pro Carton","description":"","publisher":{"@id":"https:\/\/www.procarton.com\/es\/#organization"},"potentialAction":[{"@type":"SearchAction","target":{"@type":"EntryPoint","urlTemplate":"https:\/\/www.procarton.com\/es\/?s={search_term_string}"},"query-input":{"@type":"PropertyValueSpecification","valueRequired":true,"valueName":"search_term_string"}}],"inLanguage":"fr-FR"},{"@type":"Organization","@id":"https:\/\/www.procarton.com\/es\/#organization","name":"ProCarton","url":"https:\/\/www.procarton.com\/es\/","logo":{"@type":"ImageObject","inLanguage":"fr-FR","@id":"https:\/\/www.procarton.com\/es\/#\/schema\/logo\/image\/","url":"https:\/\/www.procarton.com\/wp-content\/uploads\/2022\/06\/logo-mit-slogan.jpg","contentUrl":"https:\/\/www.procarton.com\/wp-content\/uploads\/2022\/06\/logo-mit-slogan.jpg","width":422,"height":519,"caption":"ProCarton"},"image":{"@id":"https:\/\/www.procarton.com\/es\/#\/schema\/logo\/image\/"},"sameAs":["https:\/\/www.facebook.com\/procartondesignaward\/","https:\/\/x.com\/pro_carton"]},{"@type":"Person","@id":"https:\/\/www.procarton.com\/es\/#\/schema\/person\/8f52811f36555e3fbe8aa433fda4f5b5","name":"ryan@procarton.com","url":"https:\/\/www.procarton.com\/fr\/author\/pro-carton-3\/"}]}},"_links":{"self":[{"href":"https:\/\/www.procarton.com\/fr\/wp-json\/wp\/v2\/posts\/293286","targetHints":{"allow":["GET"]}}],"collection":[{"href":"https:\/\/www.procarton.com\/fr\/wp-json\/wp\/v2\/posts"}],"about":[{"href":"https:\/\/www.procarton.com\/fr\/wp-json\/wp\/v2\/types\/post"}],"author":[{"embeddable":true,"href":"https:\/\/www.procarton.com\/fr\/wp-json\/wp\/v2\/users\/1286"}],"replies":[{"embeddable":true,"href":"https:\/\/www.procarton.com\/fr\/wp-json\/wp\/v2\/comments?post=293286"}],"version-history":[{"count":29,"href":"https:\/\/www.procarton.com\/fr\/wp-json\/wp\/v2\/posts\/293286\/revisions"}],"predecessor-version":[{"id":293562,"href":"https:\/\/www.procarton.com\/fr\/wp-json\/wp\/v2\/posts\/293286\/revisions\/293562"}],"wp:featuredmedia":[{"embeddable":true,"href":"https:\/\/www.procarton.com\/fr\/wp-json\/wp\/v2\/media\/292743"}],"wp:attachment":[{"href":"https:\/\/www.procarton.com\/fr\/wp-json\/wp\/v2\/media?parent=293286"}],"wp:term":[{"taxonomy":"category","embeddable":true,"href":"https:\/\/www.procarton.com\/fr\/wp-json\/wp\/v2\/categories?post=293286"},{"taxonomy":"post_tag","embeddable":true,"href":"https:\/\/www.procarton.com\/fr\/wp-json\/wp\/v2\/tags?post=293286"}],"curies":[{"name":"wp","href":"https:\/\/api.w.org\/{rel}","templated":true}]}}