{"id":292266,"date":"2023-09-28T14:06:27","date_gmt":"2023-09-28T13:06:27","guid":{"rendered":"https:\/\/www.procarton.com\/?p=292266"},"modified":"2023-09-29T15:16:33","modified_gmt":"2023-09-29T14:16:33","slug":"mcdonalds-pushes-back-at-eu-reusable-packaging-mandate","status":"publish","type":"post","link":"https:\/\/www.procarton.com\/fr\/mcdonalds-pushes-back-at-eu-reusable-packaging-mandate\/","title":{"rendered":"McDonald's s'oppose \u00e0 l'obligation d'utiliser des emballages r\u00e9utilisables impos\u00e9e par l'UE"},"content":{"rendered":"<div class=\"av-animated-generic top-to-bottom flex_column av_one_full  flex_column_div av-zero-column-padding first  avia-builder-el-0  avia-builder-el-no-sibling\" style='border-radius:0px; '>\n<section class=\"av_textblock_section\"  itemscope=\"itemscope\" itemtype=\"https:\/\/schema.org\/BlogPosting\" itemprop=\"blogPost\" >\n<div class='avia_textblock'   itemprop=\"text\" >\n<h3 style=\"text-align: center;\"><strong>La plus grande entreprise de restauration rapide au monde estime que le plastique r\u00e9utilisable nuit \u00e0 ses efforts en mati\u00e8re de d\u00e9veloppement durable et favorise le vol.<\/strong><\/h3>\n<\/div>\n<\/section>\n<section class=\"av_textblock_section\"  itemscope=\"itemscope\" itemtype=\"https:\/\/schema.org\/BlogPosting\" itemprop=\"blogPost\" >\n<div class='avia_textblock'   itemprop=\"text\" >\n<p class=\"Sean\">Les entreprises de restauration rapide, McDonald's en t\u00eate, rechignent \u00e0 accepter les exigences de l'UE en mati\u00e8re de r\u00e9utilisation, estimant qu'elles freinent leurs efforts en mati\u00e8re de d\u00e9veloppement durable.\u00a0<a href=\"https:\/\/www.bloomberg.com\/news\/articles\/2023-09-28\/mcdonald-s-resists-eu-push-to-mandate-reusable-packaging#xj4y7vzkg\">Bloomberg News.<\/a><\/p>\n<p class=\"Sean\">McDonald's a exprim\u00e9 ses r\u00e9serves \u00e0 l'\u00e9gard de la proposition de l'UE, affirmant qu'elle repr\u00e9sente une rupture notable avec les efforts qu'elle d\u00e9ploie depuis longtemps pour r\u00e9duire l'impact environnemental du plastique dans ses restaurants.<\/p>\n<p class=\"Sean\">Actuellement, la quasi-totalit\u00e9 - 94% - des emballages de la soci\u00e9t\u00e9 en Europe sont \u00e0 base de fibres, principalement de fibres de bois. Le plastique est encore utilis\u00e9 dans les rev\u00eatements des gobelets chauds et froids, mais McDonald's est en train de mettre au point un gobelet sans plastique.<\/p>\n<p class=\"Sean\">Lors d'une r\u00e9cente interview, Jon Banner, responsable mondial de l'impact de McDonald's, a d\u00e9clar\u00e9 que l'entreprise avait effectivement supprim\u00e9 le plastique de ses \u00e9tablissements. S'ils devaient se conformer pleinement aux mandats de l'UE, il a reconnu que l'accent mis par l'UE sur la r\u00e9utilisation les obligerait \u00e0 r\u00e9introduire le plastique dans leurs restaurants, dans le but principal de garantir une r\u00e9utilisation r\u00e9p\u00e9t\u00e9e et durable.<\/p>\n<p class=\"Sean\">\"Nous avons pratiquement \u00e9limin\u00e9 le plastique de nos restaurants\", a d\u00e9clar\u00e9 M. Banner. \"Maintenant, en raison de la r\u00e9utilisation, nous allons devoir r\u00e9introduire le plastique dans nos restaurants avec l'objectif de le r\u00e9utiliser, le r\u00e9utiliser et le r\u00e9utiliser\".<\/p>\n<p class=\"Sean\">Les recherches de McDonald's sugg\u00e8rent que les gobelets doivent \u00eatre r\u00e9utilis\u00e9s 50 \u00e0 100 fois pour qu'ils soient pr\u00e9f\u00e9rables, d'un point de vue environnemental, aux produits \u00e0 usage unique. \"Nous sommes loin du compte dans la r\u00e9alit\u00e9\", a d\u00e9clar\u00e9 M. Banner.<\/p>\n<p class=\"Sean\">La plus grande cha\u00eene de restauration rapide au monde a exp\u00e9riment\u00e9 l'offre de gobelets r\u00e9utilisables dans plusieurs pays d'Europe, d'apr\u00e8s\u00a0<a href=\"https:\/\/www.bloomberg.com\/news\/articles\/2023-09-28\/mcdonald-s-resists-eu-push-to-mandate-reusable-packaging#xj4y7vzkg\">Bloomberg<\/a>et affirme que nombre d'entre eux disparaissent purement et simplement. C'est le cas en Allemagne, o\u00f9 les clients qui choisissent des mat\u00e9riaux r\u00e9utilisables paient une caution de 2 euros ($2,10), mais o\u00f9 seulement 40% de gobelets retournent dans les restaurants.<\/p>\n<\/div>\n<\/section>\n<\/div>","protected":false},"excerpt":{"rendered":"<p>McDonalds, la plus grande entreprise de restauration rapide au monde, estime que le plastique r\u00e9utilisable nuit \u00e0 ses efforts en mati\u00e8re de d\u00e9veloppement durable et favorise le vol.<\/p>","protected":false},"author":1286,"featured_media":292267,"comment_status":"closed","ping_status":"open","sticky":false,"template":"","format":"standard","meta":{"inline_featured_image":false,"footnotes":""},"categories":[79,228,241,52],"tags":[],"class_list":["post-292266","post","type-post","status-publish","format-standard","has-post-thumbnail","hentry","category-brands-markets","category-eu-political-news","category-legislation","category-sustainability"],"yoast_head":"<!-- This site is optimized with the Yoast SEO plugin v27.4 - https:\/\/yoast.com\/product\/yoast-seo-wordpress\/ -->\n<title>McDonald&#039;s Pushes Back at EU Reusable Packaging Mandate - Pro Carton<\/title>\n<meta name=\"description\" content=\"The world&#039;s largest fast food company, McDonalds, feels reusable plastic is setting back its sustainable efforts and promoting theft.\" \/>\n<meta name=\"robots\" content=\"index, follow, max-snippet:-1, max-image-preview:large, max-video-preview:-1\" \/>\n<link rel=\"canonical\" href=\"https:\/\/www.procarton.com\/fr\/mcdonalds-pushes-back-at-eu-reusable-packaging-mandate\/\" \/>\n<meta property=\"og:locale\" content=\"fr_FR\" \/>\n<meta property=\"og:type\" content=\"article\" \/>\n<meta property=\"og:title\" content=\"McDonald&#039;s Pushes Back at EU Reusable Packaging Mandate - Pro Carton\" \/>\n<meta property=\"og:description\" content=\"The world&#039;s largest fast food company, McDonalds, feels reusable plastic is setting back its sustainable efforts and promoting theft.\" \/>\n<meta property=\"og:url\" content=\"https:\/\/www.procarton.com\/fr\/mcdonalds-pushes-back-at-eu-reusable-packaging-mandate\/\" \/>\n<meta property=\"og:site_name\" content=\"Pro Carton\" \/>\n<meta property=\"article:publisher\" content=\"https:\/\/www.facebook.com\/procartondesignaward\/\" \/>\n<meta property=\"article:published_time\" content=\"2023-09-28T13:06:27+00:00\" \/>\n<meta property=\"article:modified_time\" content=\"2023-09-29T14:16:33+00:00\" \/>\n<meta property=\"og:image\" content=\"https:\/\/www.procarton.com\/wp-content\/uploads\/2023\/09\/mcdonalds-logo.jpg\" \/>\n\t<meta property=\"og:image:width\" content=\"1200\" \/>\n\t<meta property=\"og:image:height\" content=\"800\" \/>\n\t<meta property=\"og:image:type\" content=\"image\/jpeg\" \/>\n<meta name=\"author\" content=\"ryan@procarton.com\" \/>\n<meta name=\"twitter:card\" content=\"summary_large_image\" \/>\n<meta name=\"twitter:creator\" content=\"@pro_carton\" \/>\n<meta name=\"twitter:site\" content=\"@pro_carton\" \/>\n<meta name=\"twitter:label1\" content=\"\u00c9crit par\" \/>\n\t<meta name=\"twitter:data1\" content=\"ryan@procarton.com\" \/>\n\t<meta name=\"twitter:label2\" content=\"Dur\u00e9e de lecture estim\u00e9e\" \/>\n\t<meta name=\"twitter:data2\" content=\"2 minutes\" \/>\n<script type=\"application\/ld+json\" class=\"yoast-schema-graph\">{\"@context\":\"https:\\\/\\\/schema.org\",\"@graph\":[{\"@type\":\"Article\",\"@id\":\"https:\\\/\\\/www.procarton.com\\\/mcdonalds-pushes-back-at-eu-reusable-packaging-mandate\\\/#article\",\"isPartOf\":{\"@id\":\"https:\\\/\\\/www.procarton.com\\\/mcdonalds-pushes-back-at-eu-reusable-packaging-mandate\\\/\"},\"author\":{\"name\":\"ryan@procarton.com\",\"@id\":\"https:\\\/\\\/www.procarton.com\\\/es\\\/#\\\/schema\\\/person\\\/8f52811f36555e3fbe8aa433fda4f5b5\"},\"headline\":\"McDonald&#8217;s Pushes Back at EU Reusable Packaging Mandate\",\"datePublished\":\"2023-09-28T13:06:27+00:00\",\"dateModified\":\"2023-09-29T14:16:33+00:00\",\"mainEntityOfPage\":{\"@id\":\"https:\\\/\\\/www.procarton.com\\\/mcdonalds-pushes-back-at-eu-reusable-packaging-mandate\\\/\"},\"wordCount\":504,\"publisher\":{\"@id\":\"https:\\\/\\\/www.procarton.com\\\/es\\\/#organization\"},\"image\":{\"@id\":\"https:\\\/\\\/www.procarton.com\\\/mcdonalds-pushes-back-at-eu-reusable-packaging-mandate\\\/#primaryimage\"},\"thumbnailUrl\":\"https:\\\/\\\/www.procarton.com\\\/wp-content\\\/uploads\\\/2023\\\/09\\\/mcdonalds-logo.jpg\",\"articleSection\":[\"Brands &amp; Markets\",\"EU and Political News\",\"Legislation\",\"Sustainability\"],\"inLanguage\":\"fr-FR\"},{\"@type\":\"WebPage\",\"@id\":\"https:\\\/\\\/www.procarton.com\\\/mcdonalds-pushes-back-at-eu-reusable-packaging-mandate\\\/\",\"url\":\"https:\\\/\\\/www.procarton.com\\\/mcdonalds-pushes-back-at-eu-reusable-packaging-mandate\\\/\",\"name\":\"McDonald's Pushes Back at EU Reusable Packaging Mandate - Pro Carton\",\"isPartOf\":{\"@id\":\"https:\\\/\\\/www.procarton.com\\\/es\\\/#website\"},\"primaryImageOfPage\":{\"@id\":\"https:\\\/\\\/www.procarton.com\\\/mcdonalds-pushes-back-at-eu-reusable-packaging-mandate\\\/#primaryimage\"},\"image\":{\"@id\":\"https:\\\/\\\/www.procarton.com\\\/mcdonalds-pushes-back-at-eu-reusable-packaging-mandate\\\/#primaryimage\"},\"thumbnailUrl\":\"https:\\\/\\\/www.procarton.com\\\/wp-content\\\/uploads\\\/2023\\\/09\\\/mcdonalds-logo.jpg\",\"datePublished\":\"2023-09-28T13:06:27+00:00\",\"dateModified\":\"2023-09-29T14:16:33+00:00\",\"description\":\"The world's largest fast food company, McDonalds, feels reusable plastic is setting back its sustainable efforts and promoting theft.\",\"breadcrumb\":{\"@id\":\"https:\\\/\\\/www.procarton.com\\\/mcdonalds-pushes-back-at-eu-reusable-packaging-mandate\\\/#breadcrumb\"},\"inLanguage\":\"fr-FR\",\"potentialAction\":[{\"@type\":\"ReadAction\",\"target\":[\"https:\\\/\\\/www.procarton.com\\\/mcdonalds-pushes-back-at-eu-reusable-packaging-mandate\\\/\"]}]},{\"@type\":\"ImageObject\",\"inLanguage\":\"fr-FR\",\"@id\":\"https:\\\/\\\/www.procarton.com\\\/mcdonalds-pushes-back-at-eu-reusable-packaging-mandate\\\/#primaryimage\",\"url\":\"https:\\\/\\\/www.procarton.com\\\/wp-content\\\/uploads\\\/2023\\\/09\\\/mcdonalds-logo.jpg\",\"contentUrl\":\"https:\\\/\\\/www.procarton.com\\\/wp-content\\\/uploads\\\/2023\\\/09\\\/mcdonalds-logo.jpg\",\"width\":1200,\"height\":800},{\"@type\":\"BreadcrumbList\",\"@id\":\"https:\\\/\\\/www.procarton.com\\\/mcdonalds-pushes-back-at-eu-reusable-packaging-mandate\\\/#breadcrumb\",\"itemListElement\":[{\"@type\":\"ListItem\",\"position\":1,\"name\":\"Home\",\"item\":\"https:\\\/\\\/www.procarton.com\\\/\"},{\"@type\":\"ListItem\",\"position\":2,\"name\":\"McDonald&#8217;s Pushes Back at EU Reusable Packaging Mandate\"}]},{\"@type\":\"WebSite\",\"@id\":\"https:\\\/\\\/www.procarton.com\\\/es\\\/#website\",\"url\":\"https:\\\/\\\/www.procarton.com\\\/es\\\/\",\"name\":\"Pro Carton\",\"description\":\"\",\"publisher\":{\"@id\":\"https:\\\/\\\/www.procarton.com\\\/es\\\/#organization\"},\"potentialAction\":[{\"@type\":\"SearchAction\",\"target\":{\"@type\":\"EntryPoint\",\"urlTemplate\":\"https:\\\/\\\/www.procarton.com\\\/es\\\/?s={search_term_string}\"},\"query-input\":{\"@type\":\"PropertyValueSpecification\",\"valueRequired\":true,\"valueName\":\"search_term_string\"}}],\"inLanguage\":\"fr-FR\"},{\"@type\":\"Organization\",\"@id\":\"https:\\\/\\\/www.procarton.com\\\/es\\\/#organization\",\"name\":\"ProCarton\",\"url\":\"https:\\\/\\\/www.procarton.com\\\/es\\\/\",\"logo\":{\"@type\":\"ImageObject\",\"inLanguage\":\"fr-FR\",\"@id\":\"https:\\\/\\\/www.procarton.com\\\/es\\\/#\\\/schema\\\/logo\\\/image\\\/\",\"url\":\"https:\\\/\\\/www.procarton.com\\\/wp-content\\\/uploads\\\/2022\\\/06\\\/logo-mit-slogan.jpg\",\"contentUrl\":\"https:\\\/\\\/www.procarton.com\\\/wp-content\\\/uploads\\\/2022\\\/06\\\/logo-mit-slogan.jpg\",\"width\":422,\"height\":519,\"caption\":\"ProCarton\"},\"image\":{\"@id\":\"https:\\\/\\\/www.procarton.com\\\/es\\\/#\\\/schema\\\/logo\\\/image\\\/\"},\"sameAs\":[\"https:\\\/\\\/www.facebook.com\\\/procartondesignaward\\\/\",\"https:\\\/\\\/x.com\\\/pro_carton\"]},{\"@type\":\"Person\",\"@id\":\"https:\\\/\\\/www.procarton.com\\\/es\\\/#\\\/schema\\\/person\\\/8f52811f36555e3fbe8aa433fda4f5b5\",\"name\":\"ryan@procarton.com\",\"url\":\"https:\\\/\\\/www.procarton.com\\\/fr\\\/author\\\/pro-carton-3\\\/\"}]}<\/script>\n<!-- \/ Yoast SEO plugin. -->","yoast_head_json":{"title":"McDonald's s'oppose \u00e0 l'obligation d'utiliser des emballages r\u00e9utilisables impos\u00e9e par l'UE - Pro Carton","description":"McDonalds, la plus grande entreprise de restauration rapide au monde, estime que le plastique r\u00e9utilisable nuit \u00e0 ses efforts en mati\u00e8re de d\u00e9veloppement durable et favorise le vol.","robots":{"index":"index","follow":"follow","max-snippet":"max-snippet:-1","max-image-preview":"max-image-preview:large","max-video-preview":"max-video-preview:-1"},"canonical":"https:\/\/www.procarton.com\/fr\/mcdonalds-pushes-back-at-eu-reusable-packaging-mandate\/","og_locale":"fr_FR","og_type":"article","og_title":"McDonald's Pushes Back at EU Reusable Packaging Mandate - Pro Carton","og_description":"The world's largest fast food company, McDonalds, feels reusable plastic is setting back its sustainable efforts and promoting theft.","og_url":"https:\/\/www.procarton.com\/fr\/mcdonalds-pushes-back-at-eu-reusable-packaging-mandate\/","og_site_name":"Pro Carton","article_publisher":"https:\/\/www.facebook.com\/procartondesignaward\/","article_published_time":"2023-09-28T13:06:27+00:00","article_modified_time":"2023-09-29T14:16:33+00:00","og_image":[{"width":1200,"height":800,"url":"https:\/\/www.procarton.com\/wp-content\/uploads\/2023\/09\/mcdonalds-logo.jpg","type":"image\/jpeg"}],"author":"ryan@procarton.com","twitter_card":"summary_large_image","twitter_creator":"@pro_carton","twitter_site":"@pro_carton","twitter_misc":{"\u00c9crit par":"ryan@procarton.com","Dur\u00e9e de lecture estim\u00e9e":"2 minutes"},"schema":{"@context":"https:\/\/schema.org","@graph":[{"@type":"Article","@id":"https:\/\/www.procarton.com\/mcdonalds-pushes-back-at-eu-reusable-packaging-mandate\/#article","isPartOf":{"@id":"https:\/\/www.procarton.com\/mcdonalds-pushes-back-at-eu-reusable-packaging-mandate\/"},"author":{"name":"ryan@procarton.com","@id":"https:\/\/www.procarton.com\/es\/#\/schema\/person\/8f52811f36555e3fbe8aa433fda4f5b5"},"headline":"McDonald&#8217;s Pushes Back at EU Reusable Packaging Mandate","datePublished":"2023-09-28T13:06:27+00:00","dateModified":"2023-09-29T14:16:33+00:00","mainEntityOfPage":{"@id":"https:\/\/www.procarton.com\/mcdonalds-pushes-back-at-eu-reusable-packaging-mandate\/"},"wordCount":504,"publisher":{"@id":"https:\/\/www.procarton.com\/es\/#organization"},"image":{"@id":"https:\/\/www.procarton.com\/mcdonalds-pushes-back-at-eu-reusable-packaging-mandate\/#primaryimage"},"thumbnailUrl":"https:\/\/www.procarton.com\/wp-content\/uploads\/2023\/09\/mcdonalds-logo.jpg","articleSection":["Brands &amp; Markets","EU and Political News","Legislation","Sustainability"],"inLanguage":"fr-FR"},{"@type":"WebPage","@id":"https:\/\/www.procarton.com\/mcdonalds-pushes-back-at-eu-reusable-packaging-mandate\/","url":"https:\/\/www.procarton.com\/mcdonalds-pushes-back-at-eu-reusable-packaging-mandate\/","name":"McDonald's s'oppose \u00e0 l'obligation d'utiliser des emballages r\u00e9utilisables impos\u00e9e par l'UE - Pro Carton","isPartOf":{"@id":"https:\/\/www.procarton.com\/es\/#website"},"primaryImageOfPage":{"@id":"https:\/\/www.procarton.com\/mcdonalds-pushes-back-at-eu-reusable-packaging-mandate\/#primaryimage"},"image":{"@id":"https:\/\/www.procarton.com\/mcdonalds-pushes-back-at-eu-reusable-packaging-mandate\/#primaryimage"},"thumbnailUrl":"https:\/\/www.procarton.com\/wp-content\/uploads\/2023\/09\/mcdonalds-logo.jpg","datePublished":"2023-09-28T13:06:27+00:00","dateModified":"2023-09-29T14:16:33+00:00","description":"McDonalds, la plus grande entreprise de restauration rapide au monde, estime que le plastique r\u00e9utilisable nuit \u00e0 ses efforts en mati\u00e8re de d\u00e9veloppement durable et favorise le vol.","breadcrumb":{"@id":"https:\/\/www.procarton.com\/mcdonalds-pushes-back-at-eu-reusable-packaging-mandate\/#breadcrumb"},"inLanguage":"fr-FR","potentialAction":[{"@type":"ReadAction","target":["https:\/\/www.procarton.com\/mcdonalds-pushes-back-at-eu-reusable-packaging-mandate\/"]}]},{"@type":"ImageObject","inLanguage":"fr-FR","@id":"https:\/\/www.procarton.com\/mcdonalds-pushes-back-at-eu-reusable-packaging-mandate\/#primaryimage","url":"https:\/\/www.procarton.com\/wp-content\/uploads\/2023\/09\/mcdonalds-logo.jpg","contentUrl":"https:\/\/www.procarton.com\/wp-content\/uploads\/2023\/09\/mcdonalds-logo.jpg","width":1200,"height":800},{"@type":"BreadcrumbList","@id":"https:\/\/www.procarton.com\/mcdonalds-pushes-back-at-eu-reusable-packaging-mandate\/#breadcrumb","itemListElement":[{"@type":"ListItem","position":1,"name":"Home","item":"https:\/\/www.procarton.com\/"},{"@type":"ListItem","position":2,"name":"McDonald&#8217;s Pushes Back at EU Reusable Packaging Mandate"}]},{"@type":"WebSite","@id":"https:\/\/www.procarton.com\/es\/#website","url":"https:\/\/www.procarton.com\/es\/","name":"Pro Carton","description":"","publisher":{"@id":"https:\/\/www.procarton.com\/es\/#organization"},"potentialAction":[{"@type":"SearchAction","target":{"@type":"EntryPoint","urlTemplate":"https:\/\/www.procarton.com\/es\/?s={search_term_string}"},"query-input":{"@type":"PropertyValueSpecification","valueRequired":true,"valueName":"search_term_string"}}],"inLanguage":"fr-FR"},{"@type":"Organization","@id":"https:\/\/www.procarton.com\/es\/#organization","name":"ProCarton","url":"https:\/\/www.procarton.com\/es\/","logo":{"@type":"ImageObject","inLanguage":"fr-FR","@id":"https:\/\/www.procarton.com\/es\/#\/schema\/logo\/image\/","url":"https:\/\/www.procarton.com\/wp-content\/uploads\/2022\/06\/logo-mit-slogan.jpg","contentUrl":"https:\/\/www.procarton.com\/wp-content\/uploads\/2022\/06\/logo-mit-slogan.jpg","width":422,"height":519,"caption":"ProCarton"},"image":{"@id":"https:\/\/www.procarton.com\/es\/#\/schema\/logo\/image\/"},"sameAs":["https:\/\/www.facebook.com\/procartondesignaward\/","https:\/\/x.com\/pro_carton"]},{"@type":"Person","@id":"https:\/\/www.procarton.com\/es\/#\/schema\/person\/8f52811f36555e3fbe8aa433fda4f5b5","name":"ryan@procarton.com","url":"https:\/\/www.procarton.com\/fr\/author\/pro-carton-3\/"}]}},"_links":{"self":[{"href":"https:\/\/www.procarton.com\/fr\/wp-json\/wp\/v2\/posts\/292266","targetHints":{"allow":["GET"]}}],"collection":[{"href":"https:\/\/www.procarton.com\/fr\/wp-json\/wp\/v2\/posts"}],"about":[{"href":"https:\/\/www.procarton.com\/fr\/wp-json\/wp\/v2\/types\/post"}],"author":[{"embeddable":true,"href":"https:\/\/www.procarton.com\/fr\/wp-json\/wp\/v2\/users\/1286"}],"replies":[{"embeddable":true,"href":"https:\/\/www.procarton.com\/fr\/wp-json\/wp\/v2\/comments?post=292266"}],"version-history":[{"count":5,"href":"https:\/\/www.procarton.com\/fr\/wp-json\/wp\/v2\/posts\/292266\/revisions"}],"predecessor-version":[{"id":292270,"href":"https:\/\/www.procarton.com\/fr\/wp-json\/wp\/v2\/posts\/292266\/revisions\/292270"}],"wp:featuredmedia":[{"embeddable":true,"href":"https:\/\/www.procarton.com\/fr\/wp-json\/wp\/v2\/media\/292267"}],"wp:attachment":[{"href":"https:\/\/www.procarton.com\/fr\/wp-json\/wp\/v2\/media?parent=292266"}],"wp:term":[{"taxonomy":"category","embeddable":true,"href":"https:\/\/www.procarton.com\/fr\/wp-json\/wp\/v2\/categories?post=292266"},{"taxonomy":"post_tag","embeddable":true,"href":"https:\/\/www.procarton.com\/fr\/wp-json\/wp\/v2\/tags?post=292266"}],"curies":[{"name":"wp","href":"https:\/\/api.w.org\/{rel}","templated":true}]}}