{"id":289099,"date":"2023-07-14T19:49:20","date_gmt":"2023-07-14T18:49:20","guid":{"rendered":"https:\/\/www.procarton.com\/?p=289099"},"modified":"2023-11-24T16:04:50","modified_gmt":"2023-11-24T16:04:50","slug":"what-is-the-latest-situation-with-packaging-and-packaging-waste-regulation-ppwr","status":"publish","type":"post","link":"https:\/\/www.procarton.com\/fr\/what-is-the-latest-situation-with-packaging-and-packaging-waste-regulation-ppwr\/","title":{"rendered":"O\u00f9 en est la r\u00e9glementation sur les emballages et les d\u00e9chets d'emballages (PPWR) ?"},"content":{"rendered":"<div class=\"av-animated-generic top-to-bottom flex_column av_one_full  flex_column_div av-zero-column-padding first  avia-builder-el-0  el_before_av_one_full  avia-builder-el-first\" style='border-radius:0px; '>\n<section class=\"av_textblock_section\"  itemscope=\"itemscope\" itemtype=\"https:\/\/schema.org\/BlogPosting\" itemprop=\"blogPost\" >\n<div class='avia_textblock'   itemprop=\"text\" >\n<h3><strong>Quelle est la situation actuelle du PPWR ?<\/strong><\/h3>\n<p>Le r\u00e8glement sur les emballages et les d\u00e9chets d'emballages suit son cours au sein des diff\u00e9rents comit\u00e9s du Parlement europ\u00e9en et du Conseil des ministres.  Au Parlement, les d\u00e9put\u00e9s ont d\u00e9pos\u00e9 2741 amendements au rapport ENVI sur le r\u00e8glement relatif aux emballages et aux d\u00e9chets d'emballages.  Ces amendements doivent \u00eatre d\u00e9battus et, le cas \u00e9ch\u00e9ant, des amendements de compromis doivent \u00eatre d\u00e9pos\u00e9s... et les avis ou rapports des commissions doivent \u00eatre adopt\u00e9s.<\/p>\n<p><strong><u>Quelles sont les prochaines \u00e9tapes ?<\/u><\/strong><\/p>\n<p>Les comit\u00e9s concern\u00e9s doivent adopter formellement leurs avis ou rapports aux dates suivantes :<\/p>\n<ul>\n<li>Adoption du projet d'avis (IMCO) : 18 juillet 2023<\/li>\n<li>Adoption du projet d'avis (ITRE) : 19 juillet 2023<\/li>\n<li>Adoption du projet d'avis (AGRI) : 30 ao\u00fbt 2023<\/li>\n<li>Adoption du projet de rapport (ENVI) : 20 septembre 2023<\/li>\n<\/ul>\n<p>Le vote indicatif en pl\u00e9ni\u00e8re au Parlement europ\u00e9en est pr\u00e9vu pour le 2 octobre 2023.  Parall\u00e8lement, le Conseil des ministres m\u00e8ne \u00e9galement des discussions, tant au niveau technique que politique, en vue d'\u00e9tablir sa position interne. Une fois que le Conseil et le Parlement europ\u00e9en auront finalis\u00e9 leurs positions sur la proposition, des n\u00e9gociations informelles (trilogues) devraient d\u00e9buter en vue de parvenir \u00e0 un accord.  Les \u00e9lections du Parlement europ\u00e9en ayant \u00e9t\u00e9 confirm\u00e9es pour juin 2024, la Commission s'attachera \u00e0 faire passer le PPWR dans le cadre de son mandat actuel.<\/p>\n<\/div>\n<\/section>\n<section class=\"av_textblock_section\"  itemscope=\"itemscope\" itemtype=\"https:\/\/schema.org\/BlogPosting\" itemprop=\"blogPost\" >\n<div class='avia_textblock'   itemprop=\"text\" >\n<p><strong><u>\u00c9valuation personnelle : Mike Turner, directeur g\u00e9n\u00e9ral, <a href=\"https:\/\/www.ecma.org\/\" target=\"_blank\" rel=\"noopener\">ECMA<\/a><\/u><\/strong><\/p>\n<blockquote>\n<p>Je suis satisfaite que nos pr\u00e9occupations soient prises en compte, notamment le d\u00e9bat sur les emballages \u00e0 usage unique et les emballages r\u00e9utilisables, mais je reste prudente car les organisations non gouvernementales (ONG) le reconnaissent et font pression sur le Parlement europ\u00e9en et le Conseil des ministres pour qu'ils soutiennent des mesures ambitieuses de pr\u00e9vention des d\u00e9chets et de r\u00e9utilisation, comme le montre une lettre ouverte commune r\u00e9cemment envoy\u00e9e par 80 ONG et des entreprises europ\u00e9ennes de r\u00e9utilisation.<\/p>\n<\/blockquote>\n<\/div>\n<\/section>\n<\/div>\n<div class=\"av-animated-generic top-to-bottom flex_column av_one_full  flex_column_div av-zero-column-padding first  avia-builder-el-3  el_after_av_one_full  avia-builder-el-last  column-top-margin\" style='border-radius:0px; '>\n<section class=\"av_textblock_section\"  itemscope=\"itemscope\" itemtype=\"https:\/\/schema.org\/BlogPosting\" itemprop=\"blogPost\" >\n<div class='avia_textblock'   itemprop=\"text\" >\n<h4>Nouvelles et informations r\u00e9centes sur le PPWR :<\/h4>\n<ul>\n<li class=\"main-title entry-title\"><a title=\"Lien permanent : Commission AGRI Amendements au r\u00e8glement sur les emballages et les d\u00e9chets d&#039;emballages (PPWR)\" href=\"https:\/\/www.procarton.com\/agri-committee-packaging-packaging-waste-regulation-ppwr-amendments\/\" rel=\"bookmark\">Commission AGRI Amendements au r\u00e8glement sur les emballages et les d\u00e9chets d'emballages (PPWR) - 15 mai 2023<\/a><\/li>\n<li><a title=\"Lien permanent : Plus de 120 associations industrielles appellent \u00e0 la sauvegarde de la base juridique du march\u00e9 int\u00e9rieur du r\u00e8glement sur les emballages et les d\u00e9chets d&#039;emballages (PPWR)\" href=\"https:\/\/www.procarton.com\/over-120-industry-associations-call-for-safeguarding-the-internal-market-legal-basis-of-the-packaging-and-packaging-waste-regulation-ppwr\/\" rel=\"bookmark\">Plus de 120 associations industrielles appellent \u00e0 la sauvegarde de la base juridique du march\u00e9 int\u00e9rieur du r\u00e8glement sur les emballages et les d\u00e9chets d'emballages (PPWR)<\/a> - 17 avril 2023<\/li>\n<li><a href=\"https:\/\/www.procarton.com\/wp-content\/uploads\/2023\/04\/2023-06.04-Impact-Assessment-reuse-targets-PPWR-FINAL.pdf\" target=\"_blank\" rel=\"noopener\">\u00c9valuation de l'impact des objectifs de r\u00e9utilisation du PPWR Infographie<\/a> - 6 avril 2023<\/li>\n<li><a href=\"https:\/\/www.procarton.com\/ppwr-will-increase-plastic-packaging-waste-by-up-to-1500-for-takeaway-finds-mcdonalds-study\/\" target=\"_blank\" rel=\"noopener\">Selon une \u00e9tude de McDonald's, le PPWR augmentera les d\u00e9chets d'emballages plastiques de \"jusqu'\u00e0 1500%\" pour les plats \u00e0 emporter.<\/a> - 13 mars 2023<\/li>\n<\/ul>\n<\/div>\n<\/section>\n<\/div>","protected":false},"excerpt":{"rendered":"<p>Commentaires sur la situation actuelle du PPWR alors qu'il navigue \u00e0 travers les diff\u00e9rentes commissions du Parlement europ\u00e9en.<\/p>","protected":false},"author":1286,"featured_media":243272,"comment_status":"closed","ping_status":"open","sticky":false,"template":"","format":"standard","meta":{"inline_featured_image":false,"footnotes":""},"categories":[79,228,241,279,242],"tags":[],"class_list":["post-289099","post","type-post","status-publish","format-standard","has-post-thumbnail","hentry","category-brands-markets","category-eu-political-news","category-legislation","category-packaging-packaging-waste-regulation-ppwr","category-procarton"],"yoast_head":"<!-- This site is optimized with the Yoast SEO plugin v27.4 - https:\/\/yoast.com\/product\/yoast-seo-wordpress\/ -->\n<title>What is the latest situation with Packaging and Packaging Waste Regulation (PPWR)? - Pro Carton<\/title>\n<meta name=\"description\" content=\"Comments on the current situation with PPWR as it navigates its way through the various Committees in the European Parliament.\" \/>\n<meta name=\"robots\" content=\"index, follow, max-snippet:-1, max-image-preview:large, max-video-preview:-1\" \/>\n<link rel=\"canonical\" href=\"https:\/\/www.procarton.com\/fr\/what-is-the-latest-situation-with-packaging-and-packaging-waste-regulation-ppwr\/\" \/>\n<meta property=\"og:locale\" content=\"fr_FR\" \/>\n<meta property=\"og:type\" content=\"article\" \/>\n<meta property=\"og:title\" content=\"What is the latest situation with Packaging and Packaging Waste Regulation (PPWR)? - Pro Carton\" \/>\n<meta property=\"og:description\" content=\"Comments on the current situation with PPWR as it navigates its way through the various Committees in the European Parliament.\" \/>\n<meta property=\"og:url\" content=\"https:\/\/www.procarton.com\/fr\/what-is-the-latest-situation-with-packaging-and-packaging-waste-regulation-ppwr\/\" \/>\n<meta property=\"og:site_name\" content=\"Pro Carton\" \/>\n<meta property=\"article:publisher\" content=\"https:\/\/www.facebook.com\/procartondesignaward\/\" \/>\n<meta property=\"article:published_time\" content=\"2023-07-14T18:49:20+00:00\" \/>\n<meta property=\"article:modified_time\" content=\"2023-11-24T16:04:50+00:00\" \/>\n<meta property=\"og:image\" content=\"https:\/\/www.procarton.com\/wp-content\/uploads\/2021\/02\/European-Commission-Logo-2020-v1-2-2-1.png\" \/>\n\t<meta property=\"og:image:width\" content=\"620\" \/>\n\t<meta property=\"og:image:height\" content=\"387\" \/>\n\t<meta property=\"og:image:type\" content=\"image\/png\" \/>\n<meta name=\"author\" content=\"ryan@procarton.com\" \/>\n<meta name=\"twitter:card\" content=\"summary_large_image\" \/>\n<meta name=\"twitter:creator\" content=\"@pro_carton\" \/>\n<meta name=\"twitter:site\" content=\"@pro_carton\" \/>\n<meta name=\"twitter:label1\" content=\"\u00c9crit par\" \/>\n\t<meta name=\"twitter:data1\" content=\"ryan@procarton.com\" \/>\n\t<meta name=\"twitter:label2\" content=\"Dur\u00e9e de lecture estim\u00e9e\" \/>\n\t<meta name=\"twitter:data2\" content=\"2 minutes\" \/>\n<script type=\"application\/ld+json\" class=\"yoast-schema-graph\">{\"@context\":\"https:\\\/\\\/schema.org\",\"@graph\":[{\"@type\":\"Article\",\"@id\":\"https:\\\/\\\/www.procarton.com\\\/what-is-the-latest-situation-with-packaging-and-packaging-waste-regulation-ppwr\\\/#article\",\"isPartOf\":{\"@id\":\"https:\\\/\\\/www.procarton.com\\\/what-is-the-latest-situation-with-packaging-and-packaging-waste-regulation-ppwr\\\/\"},\"author\":{\"name\":\"ryan@procarton.com\",\"@id\":\"https:\\\/\\\/www.procarton.com\\\/es\\\/#\\\/schema\\\/person\\\/8f52811f36555e3fbe8aa433fda4f5b5\"},\"headline\":\"What is the latest situation with Packaging and Packaging Waste Regulation (PPWR)?\",\"datePublished\":\"2023-07-14T18:49:20+00:00\",\"dateModified\":\"2023-11-24T16:04:50+00:00\",\"mainEntityOfPage\":{\"@id\":\"https:\\\/\\\/www.procarton.com\\\/what-is-the-latest-situation-with-packaging-and-packaging-waste-regulation-ppwr\\\/\"},\"wordCount\":718,\"publisher\":{\"@id\":\"https:\\\/\\\/www.procarton.com\\\/es\\\/#organization\"},\"image\":{\"@id\":\"https:\\\/\\\/www.procarton.com\\\/what-is-the-latest-situation-with-packaging-and-packaging-waste-regulation-ppwr\\\/#primaryimage\"},\"thumbnailUrl\":\"https:\\\/\\\/www.procarton.com\\\/wp-content\\\/uploads\\\/2021\\\/02\\\/European-Commission-Logo-2020-v1-2-2-1.png\",\"articleSection\":[\"Brands &amp; Markets\",\"EU and Political News\",\"Legislation\",\"Packaging &amp; Packaging Waste Regulation (PPWR)\",\"Pro Carton\"],\"inLanguage\":\"fr-FR\"},{\"@type\":\"WebPage\",\"@id\":\"https:\\\/\\\/www.procarton.com\\\/what-is-the-latest-situation-with-packaging-and-packaging-waste-regulation-ppwr\\\/\",\"url\":\"https:\\\/\\\/www.procarton.com\\\/what-is-the-latest-situation-with-packaging-and-packaging-waste-regulation-ppwr\\\/\",\"name\":\"What is the latest situation with Packaging and Packaging Waste Regulation (PPWR)? - Pro Carton\",\"isPartOf\":{\"@id\":\"https:\\\/\\\/www.procarton.com\\\/es\\\/#website\"},\"primaryImageOfPage\":{\"@id\":\"https:\\\/\\\/www.procarton.com\\\/what-is-the-latest-situation-with-packaging-and-packaging-waste-regulation-ppwr\\\/#primaryimage\"},\"image\":{\"@id\":\"https:\\\/\\\/www.procarton.com\\\/what-is-the-latest-situation-with-packaging-and-packaging-waste-regulation-ppwr\\\/#primaryimage\"},\"thumbnailUrl\":\"https:\\\/\\\/www.procarton.com\\\/wp-content\\\/uploads\\\/2021\\\/02\\\/European-Commission-Logo-2020-v1-2-2-1.png\",\"datePublished\":\"2023-07-14T18:49:20+00:00\",\"dateModified\":\"2023-11-24T16:04:50+00:00\",\"description\":\"Comments on the current situation with PPWR as it navigates its way through the various Committees in the European Parliament.\",\"breadcrumb\":{\"@id\":\"https:\\\/\\\/www.procarton.com\\\/what-is-the-latest-situation-with-packaging-and-packaging-waste-regulation-ppwr\\\/#breadcrumb\"},\"inLanguage\":\"fr-FR\",\"potentialAction\":[{\"@type\":\"ReadAction\",\"target\":[\"https:\\\/\\\/www.procarton.com\\\/what-is-the-latest-situation-with-packaging-and-packaging-waste-regulation-ppwr\\\/\"]}]},{\"@type\":\"ImageObject\",\"inLanguage\":\"fr-FR\",\"@id\":\"https:\\\/\\\/www.procarton.com\\\/what-is-the-latest-situation-with-packaging-and-packaging-waste-regulation-ppwr\\\/#primaryimage\",\"url\":\"https:\\\/\\\/www.procarton.com\\\/wp-content\\\/uploads\\\/2021\\\/02\\\/European-Commission-Logo-2020-v1-2-2-1.png\",\"contentUrl\":\"https:\\\/\\\/www.procarton.com\\\/wp-content\\\/uploads\\\/2021\\\/02\\\/European-Commission-Logo-2020-v1-2-2-1.png\",\"width\":620,\"height\":387},{\"@type\":\"BreadcrumbList\",\"@id\":\"https:\\\/\\\/www.procarton.com\\\/what-is-the-latest-situation-with-packaging-and-packaging-waste-regulation-ppwr\\\/#breadcrumb\",\"itemListElement\":[{\"@type\":\"ListItem\",\"position\":1,\"name\":\"Home\",\"item\":\"https:\\\/\\\/www.procarton.com\\\/\"},{\"@type\":\"ListItem\",\"position\":2,\"name\":\"What is the latest situation with Packaging and Packaging Waste Regulation (PPWR)?\"}]},{\"@type\":\"WebSite\",\"@id\":\"https:\\\/\\\/www.procarton.com\\\/es\\\/#website\",\"url\":\"https:\\\/\\\/www.procarton.com\\\/es\\\/\",\"name\":\"Pro Carton\",\"description\":\"\",\"publisher\":{\"@id\":\"https:\\\/\\\/www.procarton.com\\\/es\\\/#organization\"},\"potentialAction\":[{\"@type\":\"SearchAction\",\"target\":{\"@type\":\"EntryPoint\",\"urlTemplate\":\"https:\\\/\\\/www.procarton.com\\\/es\\\/?s={search_term_string}\"},\"query-input\":{\"@type\":\"PropertyValueSpecification\",\"valueRequired\":true,\"valueName\":\"search_term_string\"}}],\"inLanguage\":\"fr-FR\"},{\"@type\":\"Organization\",\"@id\":\"https:\\\/\\\/www.procarton.com\\\/es\\\/#organization\",\"name\":\"ProCarton\",\"url\":\"https:\\\/\\\/www.procarton.com\\\/es\\\/\",\"logo\":{\"@type\":\"ImageObject\",\"inLanguage\":\"fr-FR\",\"@id\":\"https:\\\/\\\/www.procarton.com\\\/es\\\/#\\\/schema\\\/logo\\\/image\\\/\",\"url\":\"https:\\\/\\\/www.procarton.com\\\/wp-content\\\/uploads\\\/2022\\\/06\\\/logo-mit-slogan.jpg\",\"contentUrl\":\"https:\\\/\\\/www.procarton.com\\\/wp-content\\\/uploads\\\/2022\\\/06\\\/logo-mit-slogan.jpg\",\"width\":422,\"height\":519,\"caption\":\"ProCarton\"},\"image\":{\"@id\":\"https:\\\/\\\/www.procarton.com\\\/es\\\/#\\\/schema\\\/logo\\\/image\\\/\"},\"sameAs\":[\"https:\\\/\\\/www.facebook.com\\\/procartondesignaward\\\/\",\"https:\\\/\\\/x.com\\\/pro_carton\"]},{\"@type\":\"Person\",\"@id\":\"https:\\\/\\\/www.procarton.com\\\/es\\\/#\\\/schema\\\/person\\\/8f52811f36555e3fbe8aa433fda4f5b5\",\"name\":\"ryan@procarton.com\",\"url\":\"https:\\\/\\\/www.procarton.com\\\/fr\\\/author\\\/pro-carton-3\\\/\"}]}<\/script>\n<!-- \/ Yoast SEO plugin. -->","yoast_head_json":{"title":"O\u00f9 en est la r\u00e9glementation sur les emballages et les d\u00e9chets d'emballages (PPWR) ? - Pro Carton","description":"Commentaires sur la situation actuelle du PPWR alors qu'il navigue \u00e0 travers les diff\u00e9rentes commissions du Parlement europ\u00e9en.","robots":{"index":"index","follow":"follow","max-snippet":"max-snippet:-1","max-image-preview":"max-image-preview:large","max-video-preview":"max-video-preview:-1"},"canonical":"https:\/\/www.procarton.com\/fr\/what-is-the-latest-situation-with-packaging-and-packaging-waste-regulation-ppwr\/","og_locale":"fr_FR","og_type":"article","og_title":"What is the latest situation with Packaging and Packaging Waste Regulation (PPWR)? - Pro Carton","og_description":"Comments on the current situation with PPWR as it navigates its way through the various Committees in the European Parliament.","og_url":"https:\/\/www.procarton.com\/fr\/what-is-the-latest-situation-with-packaging-and-packaging-waste-regulation-ppwr\/","og_site_name":"Pro Carton","article_publisher":"https:\/\/www.facebook.com\/procartondesignaward\/","article_published_time":"2023-07-14T18:49:20+00:00","article_modified_time":"2023-11-24T16:04:50+00:00","og_image":[{"width":620,"height":387,"url":"https:\/\/www.procarton.com\/wp-content\/uploads\/2021\/02\/European-Commission-Logo-2020-v1-2-2-1.png","type":"image\/png"}],"author":"ryan@procarton.com","twitter_card":"summary_large_image","twitter_creator":"@pro_carton","twitter_site":"@pro_carton","twitter_misc":{"\u00c9crit par":"ryan@procarton.com","Dur\u00e9e de lecture estim\u00e9e":"2 minutes"},"schema":{"@context":"https:\/\/schema.org","@graph":[{"@type":"Article","@id":"https:\/\/www.procarton.com\/what-is-the-latest-situation-with-packaging-and-packaging-waste-regulation-ppwr\/#article","isPartOf":{"@id":"https:\/\/www.procarton.com\/what-is-the-latest-situation-with-packaging-and-packaging-waste-regulation-ppwr\/"},"author":{"name":"ryan@procarton.com","@id":"https:\/\/www.procarton.com\/es\/#\/schema\/person\/8f52811f36555e3fbe8aa433fda4f5b5"},"headline":"What is the latest situation with Packaging and Packaging Waste Regulation (PPWR)?","datePublished":"2023-07-14T18:49:20+00:00","dateModified":"2023-11-24T16:04:50+00:00","mainEntityOfPage":{"@id":"https:\/\/www.procarton.com\/what-is-the-latest-situation-with-packaging-and-packaging-waste-regulation-ppwr\/"},"wordCount":718,"publisher":{"@id":"https:\/\/www.procarton.com\/es\/#organization"},"image":{"@id":"https:\/\/www.procarton.com\/what-is-the-latest-situation-with-packaging-and-packaging-waste-regulation-ppwr\/#primaryimage"},"thumbnailUrl":"https:\/\/www.procarton.com\/wp-content\/uploads\/2021\/02\/European-Commission-Logo-2020-v1-2-2-1.png","articleSection":["Brands &amp; Markets","EU and Political News","Legislation","Packaging &amp; Packaging Waste Regulation (PPWR)","Pro Carton"],"inLanguage":"fr-FR"},{"@type":"WebPage","@id":"https:\/\/www.procarton.com\/what-is-the-latest-situation-with-packaging-and-packaging-waste-regulation-ppwr\/","url":"https:\/\/www.procarton.com\/what-is-the-latest-situation-with-packaging-and-packaging-waste-regulation-ppwr\/","name":"O\u00f9 en est la r\u00e9glementation sur les emballages et les d\u00e9chets d'emballages (PPWR) ? - Pro Carton","isPartOf":{"@id":"https:\/\/www.procarton.com\/es\/#website"},"primaryImageOfPage":{"@id":"https:\/\/www.procarton.com\/what-is-the-latest-situation-with-packaging-and-packaging-waste-regulation-ppwr\/#primaryimage"},"image":{"@id":"https:\/\/www.procarton.com\/what-is-the-latest-situation-with-packaging-and-packaging-waste-regulation-ppwr\/#primaryimage"},"thumbnailUrl":"https:\/\/www.procarton.com\/wp-content\/uploads\/2021\/02\/European-Commission-Logo-2020-v1-2-2-1.png","datePublished":"2023-07-14T18:49:20+00:00","dateModified":"2023-11-24T16:04:50+00:00","description":"Commentaires sur la situation actuelle du PPWR alors qu'il navigue \u00e0 travers les diff\u00e9rentes commissions du Parlement europ\u00e9en.","breadcrumb":{"@id":"https:\/\/www.procarton.com\/what-is-the-latest-situation-with-packaging-and-packaging-waste-regulation-ppwr\/#breadcrumb"},"inLanguage":"fr-FR","potentialAction":[{"@type":"ReadAction","target":["https:\/\/www.procarton.com\/what-is-the-latest-situation-with-packaging-and-packaging-waste-regulation-ppwr\/"]}]},{"@type":"ImageObject","inLanguage":"fr-FR","@id":"https:\/\/www.procarton.com\/what-is-the-latest-situation-with-packaging-and-packaging-waste-regulation-ppwr\/#primaryimage","url":"https:\/\/www.procarton.com\/wp-content\/uploads\/2021\/02\/European-Commission-Logo-2020-v1-2-2-1.png","contentUrl":"https:\/\/www.procarton.com\/wp-content\/uploads\/2021\/02\/European-Commission-Logo-2020-v1-2-2-1.png","width":620,"height":387},{"@type":"BreadcrumbList","@id":"https:\/\/www.procarton.com\/what-is-the-latest-situation-with-packaging-and-packaging-waste-regulation-ppwr\/#breadcrumb","itemListElement":[{"@type":"ListItem","position":1,"name":"Home","item":"https:\/\/www.procarton.com\/"},{"@type":"ListItem","position":2,"name":"What is the latest situation with Packaging and Packaging Waste Regulation (PPWR)?"}]},{"@type":"WebSite","@id":"https:\/\/www.procarton.com\/es\/#website","url":"https:\/\/www.procarton.com\/es\/","name":"Pro Carton","description":"","publisher":{"@id":"https:\/\/www.procarton.com\/es\/#organization"},"potentialAction":[{"@type":"SearchAction","target":{"@type":"EntryPoint","urlTemplate":"https:\/\/www.procarton.com\/es\/?s={search_term_string}"},"query-input":{"@type":"PropertyValueSpecification","valueRequired":true,"valueName":"search_term_string"}}],"inLanguage":"fr-FR"},{"@type":"Organization","@id":"https:\/\/www.procarton.com\/es\/#organization","name":"ProCarton","url":"https:\/\/www.procarton.com\/es\/","logo":{"@type":"ImageObject","inLanguage":"fr-FR","@id":"https:\/\/www.procarton.com\/es\/#\/schema\/logo\/image\/","url":"https:\/\/www.procarton.com\/wp-content\/uploads\/2022\/06\/logo-mit-slogan.jpg","contentUrl":"https:\/\/www.procarton.com\/wp-content\/uploads\/2022\/06\/logo-mit-slogan.jpg","width":422,"height":519,"caption":"ProCarton"},"image":{"@id":"https:\/\/www.procarton.com\/es\/#\/schema\/logo\/image\/"},"sameAs":["https:\/\/www.facebook.com\/procartondesignaward\/","https:\/\/x.com\/pro_carton"]},{"@type":"Person","@id":"https:\/\/www.procarton.com\/es\/#\/schema\/person\/8f52811f36555e3fbe8aa433fda4f5b5","name":"ryan@procarton.com","url":"https:\/\/www.procarton.com\/fr\/author\/pro-carton-3\/"}]}},"_links":{"self":[{"href":"https:\/\/www.procarton.com\/fr\/wp-json\/wp\/v2\/posts\/289099","targetHints":{"allow":["GET"]}}],"collection":[{"href":"https:\/\/www.procarton.com\/fr\/wp-json\/wp\/v2\/posts"}],"about":[{"href":"https:\/\/www.procarton.com\/fr\/wp-json\/wp\/v2\/types\/post"}],"author":[{"embeddable":true,"href":"https:\/\/www.procarton.com\/fr\/wp-json\/wp\/v2\/users\/1286"}],"replies":[{"embeddable":true,"href":"https:\/\/www.procarton.com\/fr\/wp-json\/wp\/v2\/comments?post=289099"}],"version-history":[{"count":8,"href":"https:\/\/www.procarton.com\/fr\/wp-json\/wp\/v2\/posts\/289099\/revisions"}],"predecessor-version":[{"id":291137,"href":"https:\/\/www.procarton.com\/fr\/wp-json\/wp\/v2\/posts\/289099\/revisions\/291137"}],"wp:featuredmedia":[{"embeddable":true,"href":"https:\/\/www.procarton.com\/fr\/wp-json\/wp\/v2\/media\/243272"}],"wp:attachment":[{"href":"https:\/\/www.procarton.com\/fr\/wp-json\/wp\/v2\/media?parent=289099"}],"wp:term":[{"taxonomy":"category","embeddable":true,"href":"https:\/\/www.procarton.com\/fr\/wp-json\/wp\/v2\/categories?post=289099"},{"taxonomy":"post_tag","embeddable":true,"href":"https:\/\/www.procarton.com\/fr\/wp-json\/wp\/v2\/tags?post=289099"}],"curies":[{"name":"wp","href":"https:\/\/api.w.org\/{rel}","templated":true}]}}