{"id":286138,"date":"2023-04-12T16:51:12","date_gmt":"2023-04-12T15:51:12","guid":{"rendered":"https:\/\/www.procarton.com\/?p=286138"},"modified":"2023-04-18T18:14:33","modified_gmt":"2023-04-18T17:14:33","slug":"work-streams-are-in-full-flow-at-pro-carton-the-european-association-of-carton-and-cartonboard-manufacturers","status":"publish","type":"post","link":"https:\/\/www.procarton.com\/fr\/work-streams-are-in-full-flow-at-pro-carton-the-european-association-of-carton-and-cartonboard-manufacturers\/","title":{"rendered":"Les flux de travail sont en plein essor \u00e0 Pro Carton, l'association europ\u00e9enne des fabricants de cartons et de cartonnages."},"content":{"rendered":"<div class=\"av-animated-generic top-to-bottom flex_column av_three_fourth  flex_column_div av-zero-column-padding first  avia-builder-el-0  el_before_av_one_fourth  avia-builder-el-first\" style='border-radius:0px; '>\n<section class=\"av_textblock_section\"  itemscope=\"itemscope\" itemtype=\"https:\/\/schema.org\/BlogPosting\" itemprop=\"blogPost\" >\n<div class='avia_textblock'   itemprop=\"text\" >\n<p>Cela fait maintenant trois mois que nous avons annonc\u00e9 que nous mettions davantage l'accent sur l'alignement et l'engagement des membres entre Pro Carton, CEPI Cartonboard et les membres de l'ECMA.  Depuis lors, une \u00e9quipe de base a travaill\u00e9 d'arrache-pied pour mettre en place les axes de travail visant \u00e0 accro\u00eetre la port\u00e9e des messages de Pro Carton, \u00e0 rassembler les experts membres et \u00e0 aider l'industrie \u00e0 faire face aux d\u00e9fis l\u00e9gislatifs en tant qu'entit\u00e9 unie.<\/p>\n<p>Les groupes de travail ont d\u00e9j\u00e0 tenu leurs r\u00e9unions de lancement et sont en pleine activit\u00e9 :<\/p>\n<ul>\n<li><strong>Affaires publiques et plaidoyer<\/strong>Le projet est dirig\u00e9 par Mike Turner, directeur g\u00e9n\u00e9ral de l'ECMA. <em>et <\/em><\/li>\n<li><strong>Marketing et relations publiques<\/strong> dirig\u00e9 par Winfried Muehling, directeur du marketing et de la communication chez Pro Carton.<\/li>\n<\/ul>\n<p>Le site <strong>Volet Affaires publiques et plaidoyer<\/strong> se compose d'un juste \u00e9quilibre de 10 membres issus des usines et des entreprises de transformation, qui se concentrent sur les activit\u00e9s d'affaires publiques, sur l'\u00e9volution de la l\u00e9gislation industrielle et sur la d\u00e9fense des int\u00e9r\u00eats de l'industrie.  En recherchant activement des alliances et des coalitions industrielles, nous encourageons notre industrie \u00e0 relever les d\u00e9fis l\u00e9gislatifs d'une seule voix, en particulier \u00e0 Bruxelles.  Les alliances et coalitions sectorielles pour la d\u00e9fense des int\u00e9r\u00eats sont les suivantes<\/p>\n<ul>\n<li><strong><a href=\"http:\/\/www.fibre-packaging.eu\/\" target=\"_blank\" rel=\"noopener\">Fibre Packaging Europe<\/a><\/strong> est une coalition informelle de sept associations professionnelles des secteurs europ\u00e9ens de la sylviculture, de la p\u00e2te \u00e0 papier, du papier, du carton, de la production et du recyclage.<\/li>\n<li><strong><a href=\"https:\/\/www.cepi.org\/wp-content\/uploads\/2023\/03\/CircularChoices_EU_Bioeconomy_SHORT.pdf\">Choix circulaires<\/a><\/strong> est une coalition intersectorielle plus large de produits et de solutions d'origine biologique qui contribuent \u00e0 la r\u00e9silience de l'Europe et permettent la transition vers une bio\u00e9conomie circulaire.<\/li>\n<\/ul>\n<\/div>\n<\/section>\n<\/div>\n<div class=\"av-animated-generic top-to-bottom flex_column av_one_fourth  flex_column_div av-zero-column-padding   avia-builder-el-2  el_after_av_three_fourth  el_before_av_one_half\" style='border-radius:0px; '>\n<div  class='avia-image-container  av-styling-    avia-builder-el-3  el_before_av_textblock  avia-builder-el-first  avia-align-center'  itemprop=\"image\" itemscope=\"itemscope\" itemtype=\"https:\/\/schema.org\/ImageObject\"  >\n<div class='avia-image-container-inner'>\n<div class='avia-image-overlay-wrap'><img decoding=\"async\" width=\"241\" height=\"300\" class='wp-image-272707 avia-img-lazy-loading-not-272707 avia_image' src=\"https:\/\/www.procarton.com\/wp-content\/uploads\/2022\/01\/horst-bittermann1-241x300.jpg\" alt='' title='horst-bittermann1'  itemprop=\"thumbnailUrl\" srcset=\"https:\/\/www.procarton.com\/wp-content\/uploads\/2022\/01\/horst-bittermann1-241x300.jpg 241w, https:\/\/www.procarton.com\/wp-content\/uploads\/2022\/01\/horst-bittermann1-10x12.jpg 10w, https:\/\/www.procarton.com\/wp-content\/uploads\/2022\/01\/horst-bittermann1-567x705.jpg 567w, https:\/\/www.procarton.com\/wp-content\/uploads\/2022\/01\/horst-bittermann1.jpg 659w\" sizes=\"(max-width: 241px) 100vw, 241px\" \/><\/div>\n<\/div>\n<\/div>\n<section class=\"av_textblock_section\"  itemscope=\"itemscope\" itemtype=\"https:\/\/schema.org\/BlogPosting\" itemprop=\"blogPost\" >\n<div class='avia_textblock'   itemprop=\"text\" >\n<p><em><strong>Horst Bittermann,<\/strong> <strong>Directeur g\u00e9n\u00e9ral de Pro Carton<\/strong><\/em><\/p>\n<\/div>\n<\/section>\n<\/div>\n<div class=\"av-animated-generic top-to-bottom flex_column av_one_half  flex_column_div av-zero-column-padding first  avia-builder-el-5  el_after_av_one_fourth  el_before_av_one_half  column-top-margin\" style='border-radius:0px; '>\n<div  class='avia-image-container  av-styling-    avia-builder-el-6  avia-builder-el-no-sibling  avia-align-center'  itemprop=\"image\" itemscope=\"itemscope\" itemtype=\"https:\/\/schema.org\/ImageObject\"  >\n<div class='avia-image-container-inner'>\n<div class='avia-image-overlay-wrap'><a href=\"http:\/\/www.fibre-packaging.eu\/\" class='avia_image' target=\"_blank\" rel=\"noopener noreferrer\"><img decoding=\"async\" width=\"300\" height=\"157\" class='wp-image-283302 avia-img-lazy-loading-not-283302 avia_image' src=\"https:\/\/www.procarton.com\/wp-content\/uploads\/2022\/11\/Fibre-Packaging-Europe-Members-November-2022-300x157.png\" alt='' title='Fibre Packaging Europe Members November 2022'  itemprop=\"thumbnailUrl\" srcset=\"https:\/\/www.procarton.com\/wp-content\/uploads\/2022\/11\/Fibre-Packaging-Europe-Members-November-2022-300x157.png 300w, https:\/\/www.procarton.com\/wp-content\/uploads\/2022\/11\/Fibre-Packaging-Europe-Members-November-2022-768x401.png 768w, https:\/\/www.procarton.com\/wp-content\/uploads\/2022\/11\/Fibre-Packaging-Europe-Members-November-2022-18x9.png 18w, https:\/\/www.procarton.com\/wp-content\/uploads\/2022\/11\/Fibre-Packaging-Europe-Members-November-2022-710x375.png 710w, https:\/\/www.procarton.com\/wp-content\/uploads\/2022\/11\/Fibre-Packaging-Europe-Members-November-2022-705x368.png 705w, https:\/\/www.procarton.com\/wp-content\/uploads\/2022\/11\/Fibre-Packaging-Europe-Members-November-2022.png 973w\" sizes=\"(max-width: 300px) 100vw, 300px\" \/><\/a><\/div>\n<\/div>\n<\/div>\n<\/div>\n<div class=\"av-animated-generic top-to-bottom flex_column av_one_half  flex_column_div av-zero-column-padding   avia-builder-el-7  el_after_av_one_half  el_before_av_one_full  column-top-margin\" style='border-radius:0px; '>\n<div  class='avia-image-container  av-styling-    avia-builder-el-8  avia-builder-el-no-sibling  avia-align-center'  itemprop=\"image\" itemscope=\"itemscope\" itemtype=\"https:\/\/schema.org\/ImageObject\"  >\n<div class='avia-image-container-inner'>\n<div class='avia-image-overlay-wrap'><a href=\"https:\/\/www.cepi.org\/wp-content\/uploads\/2023\/03\/CircularChoices_EU_Bioeconomy_SHORT.pdf\" class='avia_image' target=\"_blank\" rel=\"noopener noreferrer\"><img decoding=\"async\" width=\"300\" height=\"300\" class='wp-image-285819 avia-img-lazy-loading-not-285819 avia_image' src=\"https:\/\/www.procarton.com\/wp-content\/uploads\/2023\/03\/Cepi-Circular-Choices-300x300.png\" alt='' title='Choix circulaires du Cepi'  itemprop=\"thumbnailUrl\" srcset=\"https:\/\/www.procarton.com\/wp-content\/uploads\/2023\/03\/Cepi-Circular-Choices-300x300.png 300w, https:\/\/www.procarton.com\/wp-content\/uploads\/2023\/03\/Cepi-Circular-Choices-1030x1030.png 1030w, https:\/\/www.procarton.com\/wp-content\/uploads\/2023\/03\/Cepi-Circular-Choices-80x80.png 80w, https:\/\/www.procarton.com\/wp-content\/uploads\/2023\/03\/Cepi-Circular-Choices-768x768.png 768w, https:\/\/www.procarton.com\/wp-content\/uploads\/2023\/03\/Cepi-Circular-Choices-1536x1536.png 1536w, https:\/\/www.procarton.com\/wp-content\/uploads\/2023\/03\/Cepi-Circular-Choices-2048x2048.png 2048w, https:\/\/www.procarton.com\/wp-content\/uploads\/2023\/03\/Cepi-Circular-Choices-12x12.png 12w, https:\/\/www.procarton.com\/wp-content\/uploads\/2023\/03\/Cepi-Circular-Choices-36x36.png 36w, https:\/\/www.procarton.com\/wp-content\/uploads\/2023\/03\/Cepi-Circular-Choices-180x180.png 180w, https:\/\/www.procarton.com\/wp-content\/uploads\/2023\/03\/Cepi-Circular-Choices-1500x1500.png 1500w, https:\/\/www.procarton.com\/wp-content\/uploads\/2023\/03\/Cepi-Circular-Choices-705x705.png 705w\" sizes=\"(max-width: 300px) 100vw, 300px\" \/><\/a><\/div>\n<\/div>\n<\/div>\n<\/div>\n<div class=\"av-animated-generic top-to-bottom flex_column av_one_full  flex_column_div av-zero-column-padding first  avia-builder-el-9  el_after_av_one_half  el_before_av_one_half  column-top-margin\" style='border-radius:0px; '>\n<section class=\"av_textblock_section\"  itemscope=\"itemscope\" itemtype=\"https:\/\/schema.org\/BlogPosting\" itemprop=\"blogPost\" >\n<div class='avia_textblock'   itemprop=\"text\" >\n<p>Le site <strong><u>Fili\u00e8re marketing et relations publiques<\/u><\/strong> se concentre sur les activit\u00e9s de relations publiques de Pro Carton avec un groupe de travail actif compos\u00e9 de 9 membres issus des usines de carton et de l'industrie de la transformation du carton.  Ce groupe de travail se concentre sur l'augmentation de la port\u00e9e de nos messages, en particulier sur les m\u00e9dias sociaux, sur les avantages et les fonctionnalit\u00e9s des cartons et du carton plat en tant que mat\u00e9riau d'emballage renouvelable, recyclable et comp\u00e9titif.  Ce groupe travaille en \u00e9troite collaboration avec tous nos membres afin d'accro\u00eetre leur engagement, d'harmoniser les messages et de p\u00e9n\u00e9trer conjointement les march\u00e9s concern\u00e9s.  La mission est facilit\u00e9e par des alliances \u00e9troites avec des initiatives de l'industrie :<\/p>\n<ul>\n<li><strong><a href=\"https:\/\/www.procarton.com\/activities\/greensource\/\">#GreenSource<\/a><\/strong> est une initiative europ\u00e9enne visant \u00e0 expliquer comment les industries des fibres foresti\u00e8res font de l'objectif de neutralit\u00e9 climatique pour 2050 une r\u00e9alit\u00e9.<\/li>\n<li><strong><a href=\"https:\/\/www.procarton.com\/activities\/4evergreen\/\">4evergreen<\/a><\/strong> est une alliance interindustrielle qui souhaite contribuer \u00e0 une soci\u00e9t\u00e9 climatiquement neutre en perfectionnant la circularit\u00e9 et la durabilit\u00e9 des emballages \u00e0 base de fibres.  L'objectif est d'atteindre un taux de recyclage de 90% pour les emballages \u00e0 base de fibres d'ici 2030.<\/li>\n<\/ul>\n<\/div>\n<\/section>\n<\/div>\n<div class=\"av-animated-generic top-to-bottom flex_column av_one_half  flex_column_div av-zero-column-padding first  avia-builder-el-11  el_after_av_one_full  el_before_av_one_half  column-top-margin\" style='border-radius:0px; '>\n<div  class='avia-image-container  av-styling-    avia-builder-el-12  avia-builder-el-no-sibling  avia-align-center'  itemprop=\"image\" itemscope=\"itemscope\" itemtype=\"https:\/\/schema.org\/ImageObject\"  >\n<div class='avia-image-container-inner'>\n<div class='avia-image-overlay-wrap'><a href=\"https:\/\/www.procarton.com\/activities\/greensource\/\" class='avia_image' target=\"_blank\" rel=\"noopener noreferrer\"><img decoding=\"async\" width=\"300\" height=\"139\" class='wp-image-286144 avia-img-lazy-loading-not-286144 avia_image' src=\"https:\/\/www.procarton.com\/wp-content\/uploads\/2023\/04\/Logo-cropped-300x139.png\" alt='' title='Logo cropped'  itemprop=\"thumbnailUrl\" srcset=\"https:\/\/www.procarton.com\/wp-content\/uploads\/2023\/04\/Logo-cropped-300x139.png 300w, https:\/\/www.procarton.com\/wp-content\/uploads\/2023\/04\/Logo-cropped-18x8.png 18w, https:\/\/www.procarton.com\/wp-content\/uploads\/2023\/04\/Logo-cropped.png 396w\" sizes=\"(max-width: 300px) 100vw, 300px\" \/><\/a><\/div>\n<\/div>\n<\/div>\n<\/div>\n<div class=\"av-animated-generic top-to-bottom flex_column av_one_half  flex_column_div av-zero-column-padding   avia-builder-el-13  el_after_av_one_half  el_before_av_one_full  column-top-margin\" style='border-radius:0px; '>\n<div  class='avia-image-container  av-styling-    avia-builder-el-14  avia-builder-el-no-sibling  avia-align-center'  itemprop=\"image\" itemscope=\"itemscope\" itemtype=\"https:\/\/schema.org\/ImageObject\"  >\n<div class='avia-image-container-inner'>\n<div class='avia-image-overlay-wrap'><a href=\"https:\/\/www.procarton.com\/activities\/4evergreen\/\" class='avia_image' target=\"_blank\" rel=\"noopener noreferrer\"><img decoding=\"async\" width=\"300\" height=\"120\" class='wp-image-281868 avia-img-lazy-loading-not-281868 avia_image' src=\"https:\/\/www.procarton.com\/wp-content\/uploads\/2022\/09\/4Evergreen-2022-logo-300x120.png\" alt='' title='4 Logo Evergreen 2022'  itemprop=\"thumbnailUrl\" srcset=\"https:\/\/www.procarton.com\/wp-content\/uploads\/2022\/09\/4Evergreen-2022-logo-300x120.png 300w, https:\/\/www.procarton.com\/wp-content\/uploads\/2022\/09\/4Evergreen-2022-logo-1030x412.png 1030w, https:\/\/www.procarton.com\/wp-content\/uploads\/2022\/09\/4Evergreen-2022-logo-768x307.png 768w, https:\/\/www.procarton.com\/wp-content\/uploads\/2022\/09\/4Evergreen-2022-logo-18x7.png 18w, https:\/\/www.procarton.com\/wp-content\/uploads\/2022\/09\/4Evergreen-2022-logo-705x282.png 705w, https:\/\/www.procarton.com\/wp-content\/uploads\/2022\/09\/4Evergreen-2022-logo.png 1042w\" sizes=\"(max-width: 300px) 100vw, 300px\" \/><\/a><\/div>\n<\/div>\n<\/div>\n<\/div>\n<div class=\"av-animated-generic top-to-bottom flex_column av_one_full  flex_column_div av-zero-column-padding first  avia-builder-el-15  el_after_av_one_half  avia-builder-el-last  column-top-margin\" style='border-radius:0px; '>\n<section class=\"av_textblock_section\"  itemscope=\"itemscope\" itemtype=\"https:\/\/schema.org\/BlogPosting\" itemprop=\"blogPost\" >\n<div class='avia_textblock'   itemprop=\"text\" >\n<p>Vous pouvez suivre les progr\u00e8s des groupes de travail et les mises \u00e0 jour du nouveau mod\u00e8le d'association sur le site web de Pro Carton. <a href=\"https:\/\/www.procarton.com\/news\/\" target=\"_blank\" rel=\"noopener\">Page d'actualit\u00e9s<\/a>.<\/p>\n<h5>Pour toute question sp\u00e9cifique, veuillez contacter <em><a href=\"mailto:muehling@procarton.com\" target=\"_blank\" rel=\"noopener\"><strong>Horst Bittermann,<\/strong> <strong>Directeur g\u00e9n\u00e9ral de Pro Carton<\/strong><\/a><\/em><\/h5>\n<\/div>\n<\/section>\n<\/div>","protected":false},"excerpt":{"rendered":"<p>Horst Bittermann, directeur g\u00e9n\u00e9ral de Pro Carton, pr\u00e9sente un bref r\u00e9sum\u00e9 de notre industrie en 2022 et quelques pr\u00e9visions pour 2023.<\/p>","protected":false},"author":1286,"featured_media":270435,"comment_status":"closed","ping_status":"open","sticky":false,"template":"","format":"standard","meta":{"inline_featured_image":false,"footnotes":""},"categories":[270,272,271,241,242,52],"tags":[],"class_list":["post-286138","post","type-post","status-publish","format-standard","has-post-thumbnail","hentry","category-4evergreen","category-fibre-packaging-europe-fpe","category-greensource","category-legislation","category-procarton","category-sustainability"],"yoast_head":"<!-- This site is optimized with the Yoast SEO plugin v27.4 - https:\/\/yoast.com\/product\/yoast-seo-wordpress\/ -->\n<title>Work Streams are in Full Flow at Pro Carton, the European Association of Carton and Cartonboard manufacturers. - Pro Carton<\/title>\n<meta name=\"robots\" content=\"index, follow, max-snippet:-1, max-image-preview:large, max-video-preview:-1\" \/>\n<link rel=\"canonical\" href=\"https:\/\/www.procarton.com\/fr\/work-streams-are-in-full-flow-at-pro-carton-the-european-association-of-carton-and-cartonboard-manufacturers\/\" \/>\n<meta property=\"og:locale\" content=\"fr_FR\" \/>\n<meta property=\"og:type\" content=\"article\" \/>\n<meta property=\"og:title\" content=\"Work Streams are in Full Flow at Pro Carton, the European Association of Carton and Cartonboard manufacturers. - Pro Carton\" \/>\n<meta property=\"og:description\" content=\"Horst Bittermann, Director General of Pro Carton, offers a brief summary for our industry in 2022 and some predictions looking forward to 2023.\" \/>\n<meta property=\"og:url\" content=\"https:\/\/www.procarton.com\/fr\/work-streams-are-in-full-flow-at-pro-carton-the-european-association-of-carton-and-cartonboard-manufacturers\/\" \/>\n<meta property=\"og:site_name\" content=\"Pro Carton\" \/>\n<meta property=\"article:publisher\" content=\"https:\/\/www.facebook.com\/procartondesignaward\/\" \/>\n<meta property=\"article:published_time\" content=\"2023-04-12T15:51:12+00:00\" \/>\n<meta property=\"article:modified_time\" content=\"2023-04-18T17:14:33+00:00\" \/>\n<meta property=\"og:image\" content=\"https:\/\/www.procarton.com\/wp-content\/uploads\/2021\/12\/Pro-Carton-member-of.jpg\" \/>\n\t<meta property=\"og:image:width\" content=\"1305\" \/>\n\t<meta property=\"og:image:height\" content=\"686\" \/>\n\t<meta property=\"og:image:type\" content=\"image\/jpeg\" \/>\n<meta name=\"author\" content=\"ryan@procarton.com\" \/>\n<meta name=\"twitter:card\" content=\"summary_large_image\" \/>\n<meta name=\"twitter:creator\" content=\"@pro_carton\" \/>\n<meta name=\"twitter:site\" content=\"@pro_carton\" \/>\n<meta name=\"twitter:label1\" content=\"\u00c9crit par\" \/>\n\t<meta name=\"twitter:data1\" content=\"ryan@procarton.com\" \/>\n\t<meta name=\"twitter:label2\" content=\"Dur\u00e9e de lecture estim\u00e9e\" \/>\n\t<meta name=\"twitter:data2\" content=\"3 minutes\" \/>\n<script type=\"application\/ld+json\" class=\"yoast-schema-graph\">{\"@context\":\"https:\\\/\\\/schema.org\",\"@graph\":[{\"@type\":\"Article\",\"@id\":\"https:\\\/\\\/www.procarton.com\\\/work-streams-are-in-full-flow-at-pro-carton-the-european-association-of-carton-and-cartonboard-manufacturers\\\/#article\",\"isPartOf\":{\"@id\":\"https:\\\/\\\/www.procarton.com\\\/work-streams-are-in-full-flow-at-pro-carton-the-european-association-of-carton-and-cartonboard-manufacturers\\\/\"},\"author\":{\"name\":\"ryan@procarton.com\",\"@id\":\"https:\\\/\\\/www.procarton.com\\\/es\\\/#\\\/schema\\\/person\\\/8f52811f36555e3fbe8aa433fda4f5b5\"},\"headline\":\"Work Streams are in Full Flow at Pro Carton, the European Association of Carton and Cartonboard manufacturers.\",\"datePublished\":\"2023-04-12T15:51:12+00:00\",\"dateModified\":\"2023-04-18T17:14:33+00:00\",\"mainEntityOfPage\":{\"@id\":\"https:\\\/\\\/www.procarton.com\\\/work-streams-are-in-full-flow-at-pro-carton-the-european-association-of-carton-and-cartonboard-manufacturers\\\/\"},\"wordCount\":2101,\"publisher\":{\"@id\":\"https:\\\/\\\/www.procarton.com\\\/es\\\/#organization\"},\"image\":{\"@id\":\"https:\\\/\\\/www.procarton.com\\\/work-streams-are-in-full-flow-at-pro-carton-the-european-association-of-carton-and-cartonboard-manufacturers\\\/#primaryimage\"},\"thumbnailUrl\":\"https:\\\/\\\/www.procarton.com\\\/wp-content\\\/uploads\\\/2021\\\/12\\\/Pro-Carton-member-of.jpg\",\"articleSection\":[\"4evergreen\",\"Fibre Packaging Europe (FPE)\",\"Greensource\",\"Legislation\",\"Pro Carton\",\"Sustainability\"],\"inLanguage\":\"fr-FR\"},{\"@type\":\"WebPage\",\"@id\":\"https:\\\/\\\/www.procarton.com\\\/work-streams-are-in-full-flow-at-pro-carton-the-european-association-of-carton-and-cartonboard-manufacturers\\\/\",\"url\":\"https:\\\/\\\/www.procarton.com\\\/work-streams-are-in-full-flow-at-pro-carton-the-european-association-of-carton-and-cartonboard-manufacturers\\\/\",\"name\":\"Work Streams are in Full Flow at Pro Carton, the European Association of Carton and Cartonboard manufacturers. - Pro Carton\",\"isPartOf\":{\"@id\":\"https:\\\/\\\/www.procarton.com\\\/es\\\/#website\"},\"primaryImageOfPage\":{\"@id\":\"https:\\\/\\\/www.procarton.com\\\/work-streams-are-in-full-flow-at-pro-carton-the-european-association-of-carton-and-cartonboard-manufacturers\\\/#primaryimage\"},\"image\":{\"@id\":\"https:\\\/\\\/www.procarton.com\\\/work-streams-are-in-full-flow-at-pro-carton-the-european-association-of-carton-and-cartonboard-manufacturers\\\/#primaryimage\"},\"thumbnailUrl\":\"https:\\\/\\\/www.procarton.com\\\/wp-content\\\/uploads\\\/2021\\\/12\\\/Pro-Carton-member-of.jpg\",\"datePublished\":\"2023-04-12T15:51:12+00:00\",\"dateModified\":\"2023-04-18T17:14:33+00:00\",\"breadcrumb\":{\"@id\":\"https:\\\/\\\/www.procarton.com\\\/work-streams-are-in-full-flow-at-pro-carton-the-european-association-of-carton-and-cartonboard-manufacturers\\\/#breadcrumb\"},\"inLanguage\":\"fr-FR\",\"potentialAction\":[{\"@type\":\"ReadAction\",\"target\":[\"https:\\\/\\\/www.procarton.com\\\/work-streams-are-in-full-flow-at-pro-carton-the-european-association-of-carton-and-cartonboard-manufacturers\\\/\"]}]},{\"@type\":\"ImageObject\",\"inLanguage\":\"fr-FR\",\"@id\":\"https:\\\/\\\/www.procarton.com\\\/work-streams-are-in-full-flow-at-pro-carton-the-european-association-of-carton-and-cartonboard-manufacturers\\\/#primaryimage\",\"url\":\"https:\\\/\\\/www.procarton.com\\\/wp-content\\\/uploads\\\/2021\\\/12\\\/Pro-Carton-member-of.jpg\",\"contentUrl\":\"https:\\\/\\\/www.procarton.com\\\/wp-content\\\/uploads\\\/2021\\\/12\\\/Pro-Carton-member-of.jpg\",\"width\":1305,\"height\":686},{\"@type\":\"BreadcrumbList\",\"@id\":\"https:\\\/\\\/www.procarton.com\\\/work-streams-are-in-full-flow-at-pro-carton-the-european-association-of-carton-and-cartonboard-manufacturers\\\/#breadcrumb\",\"itemListElement\":[{\"@type\":\"ListItem\",\"position\":1,\"name\":\"Home\",\"item\":\"https:\\\/\\\/www.procarton.com\\\/\"},{\"@type\":\"ListItem\",\"position\":2,\"name\":\"Work Streams are in Full Flow at Pro Carton, the European Association of Carton and Cartonboard manufacturers.\"}]},{\"@type\":\"WebSite\",\"@id\":\"https:\\\/\\\/www.procarton.com\\\/es\\\/#website\",\"url\":\"https:\\\/\\\/www.procarton.com\\\/es\\\/\",\"name\":\"Pro Carton\",\"description\":\"\",\"publisher\":{\"@id\":\"https:\\\/\\\/www.procarton.com\\\/es\\\/#organization\"},\"potentialAction\":[{\"@type\":\"SearchAction\",\"target\":{\"@type\":\"EntryPoint\",\"urlTemplate\":\"https:\\\/\\\/www.procarton.com\\\/es\\\/?s={search_term_string}\"},\"query-input\":{\"@type\":\"PropertyValueSpecification\",\"valueRequired\":true,\"valueName\":\"search_term_string\"}}],\"inLanguage\":\"fr-FR\"},{\"@type\":\"Organization\",\"@id\":\"https:\\\/\\\/www.procarton.com\\\/es\\\/#organization\",\"name\":\"ProCarton\",\"url\":\"https:\\\/\\\/www.procarton.com\\\/es\\\/\",\"logo\":{\"@type\":\"ImageObject\",\"inLanguage\":\"fr-FR\",\"@id\":\"https:\\\/\\\/www.procarton.com\\\/es\\\/#\\\/schema\\\/logo\\\/image\\\/\",\"url\":\"https:\\\/\\\/www.procarton.com\\\/wp-content\\\/uploads\\\/2022\\\/06\\\/logo-mit-slogan.jpg\",\"contentUrl\":\"https:\\\/\\\/www.procarton.com\\\/wp-content\\\/uploads\\\/2022\\\/06\\\/logo-mit-slogan.jpg\",\"width\":422,\"height\":519,\"caption\":\"ProCarton\"},\"image\":{\"@id\":\"https:\\\/\\\/www.procarton.com\\\/es\\\/#\\\/schema\\\/logo\\\/image\\\/\"},\"sameAs\":[\"https:\\\/\\\/www.facebook.com\\\/procartondesignaward\\\/\",\"https:\\\/\\\/x.com\\\/pro_carton\"]},{\"@type\":\"Person\",\"@id\":\"https:\\\/\\\/www.procarton.com\\\/es\\\/#\\\/schema\\\/person\\\/8f52811f36555e3fbe8aa433fda4f5b5\",\"name\":\"ryan@procarton.com\",\"url\":\"https:\\\/\\\/www.procarton.com\\\/fr\\\/author\\\/pro-carton-3\\\/\"}]}<\/script>\n<!-- \/ Yoast SEO plugin. -->","yoast_head_json":{"title":"Les flux de travail sont en plein essor \u00e0 Pro Carton, l'association europ\u00e9enne des fabricants de cartons et de cartonnages. - Pro Carton","robots":{"index":"index","follow":"follow","max-snippet":"max-snippet:-1","max-image-preview":"max-image-preview:large","max-video-preview":"max-video-preview:-1"},"canonical":"https:\/\/www.procarton.com\/fr\/work-streams-are-in-full-flow-at-pro-carton-the-european-association-of-carton-and-cartonboard-manufacturers\/","og_locale":"fr_FR","og_type":"article","og_title":"Work Streams are in Full Flow at Pro Carton, the European Association of Carton and Cartonboard manufacturers. - Pro Carton","og_description":"Horst Bittermann, Director General of Pro Carton, offers a brief summary for our industry in 2022 and some predictions looking forward to 2023.","og_url":"https:\/\/www.procarton.com\/fr\/work-streams-are-in-full-flow-at-pro-carton-the-european-association-of-carton-and-cartonboard-manufacturers\/","og_site_name":"Pro Carton","article_publisher":"https:\/\/www.facebook.com\/procartondesignaward\/","article_published_time":"2023-04-12T15:51:12+00:00","article_modified_time":"2023-04-18T17:14:33+00:00","og_image":[{"width":1305,"height":686,"url":"https:\/\/www.procarton.com\/wp-content\/uploads\/2021\/12\/Pro-Carton-member-of.jpg","type":"image\/jpeg"}],"author":"ryan@procarton.com","twitter_card":"summary_large_image","twitter_creator":"@pro_carton","twitter_site":"@pro_carton","twitter_misc":{"\u00c9crit par":"ryan@procarton.com","Dur\u00e9e de lecture estim\u00e9e":"3 minutes"},"schema":{"@context":"https:\/\/schema.org","@graph":[{"@type":"Article","@id":"https:\/\/www.procarton.com\/work-streams-are-in-full-flow-at-pro-carton-the-european-association-of-carton-and-cartonboard-manufacturers\/#article","isPartOf":{"@id":"https:\/\/www.procarton.com\/work-streams-are-in-full-flow-at-pro-carton-the-european-association-of-carton-and-cartonboard-manufacturers\/"},"author":{"name":"ryan@procarton.com","@id":"https:\/\/www.procarton.com\/es\/#\/schema\/person\/8f52811f36555e3fbe8aa433fda4f5b5"},"headline":"Work Streams are in Full Flow at Pro Carton, the European Association of Carton and Cartonboard manufacturers.","datePublished":"2023-04-12T15:51:12+00:00","dateModified":"2023-04-18T17:14:33+00:00","mainEntityOfPage":{"@id":"https:\/\/www.procarton.com\/work-streams-are-in-full-flow-at-pro-carton-the-european-association-of-carton-and-cartonboard-manufacturers\/"},"wordCount":2101,"publisher":{"@id":"https:\/\/www.procarton.com\/es\/#organization"},"image":{"@id":"https:\/\/www.procarton.com\/work-streams-are-in-full-flow-at-pro-carton-the-european-association-of-carton-and-cartonboard-manufacturers\/#primaryimage"},"thumbnailUrl":"https:\/\/www.procarton.com\/wp-content\/uploads\/2021\/12\/Pro-Carton-member-of.jpg","articleSection":["4evergreen","Fibre Packaging Europe (FPE)","Greensource","Legislation","Pro Carton","Sustainability"],"inLanguage":"fr-FR"},{"@type":"WebPage","@id":"https:\/\/www.procarton.com\/work-streams-are-in-full-flow-at-pro-carton-the-european-association-of-carton-and-cartonboard-manufacturers\/","url":"https:\/\/www.procarton.com\/work-streams-are-in-full-flow-at-pro-carton-the-european-association-of-carton-and-cartonboard-manufacturers\/","name":"Les flux de travail sont en plein essor \u00e0 Pro Carton, l'association europ\u00e9enne des fabricants de cartons et de cartonnages. - Pro Carton","isPartOf":{"@id":"https:\/\/www.procarton.com\/es\/#website"},"primaryImageOfPage":{"@id":"https:\/\/www.procarton.com\/work-streams-are-in-full-flow-at-pro-carton-the-european-association-of-carton-and-cartonboard-manufacturers\/#primaryimage"},"image":{"@id":"https:\/\/www.procarton.com\/work-streams-are-in-full-flow-at-pro-carton-the-european-association-of-carton-and-cartonboard-manufacturers\/#primaryimage"},"thumbnailUrl":"https:\/\/www.procarton.com\/wp-content\/uploads\/2021\/12\/Pro-Carton-member-of.jpg","datePublished":"2023-04-12T15:51:12+00:00","dateModified":"2023-04-18T17:14:33+00:00","breadcrumb":{"@id":"https:\/\/www.procarton.com\/work-streams-are-in-full-flow-at-pro-carton-the-european-association-of-carton-and-cartonboard-manufacturers\/#breadcrumb"},"inLanguage":"fr-FR","potentialAction":[{"@type":"ReadAction","target":["https:\/\/www.procarton.com\/work-streams-are-in-full-flow-at-pro-carton-the-european-association-of-carton-and-cartonboard-manufacturers\/"]}]},{"@type":"ImageObject","inLanguage":"fr-FR","@id":"https:\/\/www.procarton.com\/work-streams-are-in-full-flow-at-pro-carton-the-european-association-of-carton-and-cartonboard-manufacturers\/#primaryimage","url":"https:\/\/www.procarton.com\/wp-content\/uploads\/2021\/12\/Pro-Carton-member-of.jpg","contentUrl":"https:\/\/www.procarton.com\/wp-content\/uploads\/2021\/12\/Pro-Carton-member-of.jpg","width":1305,"height":686},{"@type":"BreadcrumbList","@id":"https:\/\/www.procarton.com\/work-streams-are-in-full-flow-at-pro-carton-the-european-association-of-carton-and-cartonboard-manufacturers\/#breadcrumb","itemListElement":[{"@type":"ListItem","position":1,"name":"Home","item":"https:\/\/www.procarton.com\/"},{"@type":"ListItem","position":2,"name":"Work Streams are in Full Flow at Pro Carton, the European Association of Carton and Cartonboard manufacturers."}]},{"@type":"WebSite","@id":"https:\/\/www.procarton.com\/es\/#website","url":"https:\/\/www.procarton.com\/es\/","name":"Pro Carton","description":"","publisher":{"@id":"https:\/\/www.procarton.com\/es\/#organization"},"potentialAction":[{"@type":"SearchAction","target":{"@type":"EntryPoint","urlTemplate":"https:\/\/www.procarton.com\/es\/?s={search_term_string}"},"query-input":{"@type":"PropertyValueSpecification","valueRequired":true,"valueName":"search_term_string"}}],"inLanguage":"fr-FR"},{"@type":"Organization","@id":"https:\/\/www.procarton.com\/es\/#organization","name":"ProCarton","url":"https:\/\/www.procarton.com\/es\/","logo":{"@type":"ImageObject","inLanguage":"fr-FR","@id":"https:\/\/www.procarton.com\/es\/#\/schema\/logo\/image\/","url":"https:\/\/www.procarton.com\/wp-content\/uploads\/2022\/06\/logo-mit-slogan.jpg","contentUrl":"https:\/\/www.procarton.com\/wp-content\/uploads\/2022\/06\/logo-mit-slogan.jpg","width":422,"height":519,"caption":"ProCarton"},"image":{"@id":"https:\/\/www.procarton.com\/es\/#\/schema\/logo\/image\/"},"sameAs":["https:\/\/www.facebook.com\/procartondesignaward\/","https:\/\/x.com\/pro_carton"]},{"@type":"Person","@id":"https:\/\/www.procarton.com\/es\/#\/schema\/person\/8f52811f36555e3fbe8aa433fda4f5b5","name":"ryan@procarton.com","url":"https:\/\/www.procarton.com\/fr\/author\/pro-carton-3\/"}]}},"_links":{"self":[{"href":"https:\/\/www.procarton.com\/fr\/wp-json\/wp\/v2\/posts\/286138","targetHints":{"allow":["GET"]}}],"collection":[{"href":"https:\/\/www.procarton.com\/fr\/wp-json\/wp\/v2\/posts"}],"about":[{"href":"https:\/\/www.procarton.com\/fr\/wp-json\/wp\/v2\/types\/post"}],"author":[{"embeddable":true,"href":"https:\/\/www.procarton.com\/fr\/wp-json\/wp\/v2\/users\/1286"}],"replies":[{"embeddable":true,"href":"https:\/\/www.procarton.com\/fr\/wp-json\/wp\/v2\/comments?post=286138"}],"version-history":[{"count":9,"href":"https:\/\/www.procarton.com\/fr\/wp-json\/wp\/v2\/posts\/286138\/revisions"}],"predecessor-version":[{"id":293135,"href":"https:\/\/www.procarton.com\/fr\/wp-json\/wp\/v2\/posts\/286138\/revisions\/293135"}],"wp:featuredmedia":[{"embeddable":true,"href":"https:\/\/www.procarton.com\/fr\/wp-json\/wp\/v2\/media\/270435"}],"wp:attachment":[{"href":"https:\/\/www.procarton.com\/fr\/wp-json\/wp\/v2\/media?parent=286138"}],"wp:term":[{"taxonomy":"category","embeddable":true,"href":"https:\/\/www.procarton.com\/fr\/wp-json\/wp\/v2\/categories?post=286138"},{"taxonomy":"post_tag","embeddable":true,"href":"https:\/\/www.procarton.com\/fr\/wp-json\/wp\/v2\/tags?post=286138"}],"curies":[{"name":"wp","href":"https:\/\/api.w.org\/{rel}","templated":true}]}}