{"id":285968,"date":"2023-03-17T16:18:01","date_gmt":"2023-03-17T16:18:01","guid":{"rendered":"https:\/\/www.procarton.com\/?p=285968"},"modified":"2023-04-03T17:53:28","modified_gmt":"2023-04-03T16:53:28","slug":"the-european-carton-excellence-award-2023-now-open-for-entries","status":"publish","type":"post","link":"https:\/\/www.procarton.com\/fr\/the-european-carton-excellence-award-2023-now-open-for-entries\/","title":{"rendered":"Le European Carton Excellence Award 2023 est d\u00e9sormais ouvert aux inscriptions"},"content":{"rendered":"<div class=\"av-animated-generic top-to-bottom flex_column av_one_full  flex_column_div av-zero-column-padding first  avia-builder-el-0  el_before_av_one_third  avia-builder-el-first\" style='border-radius:0px; '>\n<div  class='avia-image-container  av-styling-    avia-builder-el-1  el_before_av_textblock  avia-builder-el-first  avia-align-center'  itemprop=\"image\" itemscope=\"itemscope\" itemtype=\"https:\/\/schema.org\/ImageObject\"  >\n<div class='avia-image-container-inner'>\n<div class='avia-image-overlay-wrap'><a href=\"https:\/\/www.procarton.com\/awards\/european-carton-excellence-award\/\" class='avia_image' ><img decoding=\"async\" width=\"1200\" height=\"403\" class='wp-image-285977 avia-img-lazy-loading-not-285977 avia_image' src=\"https:\/\/www.procarton.com\/wp-content\/uploads\/2023\/03\/2023-entries-now-open.jpg\" alt='' title='Les inscriptions pour 2023 sont ouvertes'  itemprop=\"thumbnailUrl\" srcset=\"https:\/\/www.procarton.com\/wp-content\/uploads\/2023\/03\/2023-entries-now-open.jpg 1200w, https:\/\/www.procarton.com\/wp-content\/uploads\/2023\/03\/2023-entries-now-open-300x101.jpg 300w, https:\/\/www.procarton.com\/wp-content\/uploads\/2023\/03\/2023-entries-now-open-1030x346.jpg 1030w, https:\/\/www.procarton.com\/wp-content\/uploads\/2023\/03\/2023-entries-now-open-768x258.jpg 768w, https:\/\/www.procarton.com\/wp-content\/uploads\/2023\/03\/2023-entries-now-open-18x6.jpg 18w, https:\/\/www.procarton.com\/wp-content\/uploads\/2023\/03\/2023-entries-now-open-705x237.jpg 705w\" sizes=\"(max-width: 1200px) 100vw, 1200px\" \/><\/a><\/div>\n<\/div>\n<\/div>\n<section class=\"av_textblock_section\"  itemscope=\"itemscope\" itemtype=\"https:\/\/schema.org\/BlogPosting\" itemprop=\"blogPost\" >\n<div class='avia_textblock'   itemprop=\"text\" >\n<p><strong>Nous sommes ravis d'annoncer que le programme de cette ann\u00e9e, le <a href=\"https:\/\/www.procarton.com\/awards\/european-carton-excellence-award\/\" target=\"_blank\" rel=\"noopener\">European Carton Excellence Award<\/a> est d\u00e9sormais ouvert aux candidatures.<\/strong><\/p>\n<p>Cette ann\u00e9e, le prix - la plus prestigieuse r\u00e9compense de l'industrie du carton et du carton plat - et le gala officiel de remise des prix se d\u00e9rouleront le <strong>Jeudi 21 septembre 2023 \u00e0 S\u00e9ville, Espagne<\/strong>. Cet \u00e9v\u00e9nement vous donnera l'occasion de pr\u00e9senter vos cr\u00e9ations incroyables \u00e0 certains des d\u00e9taillants et propri\u00e9taires de marques les plus renomm\u00e9s au monde.<\/p>\n<p>En incluant les cat\u00e9gories suivantes, le <a href=\"https:\/\/www.procarton.com\/awards\/european-carton-excellence-award\/\" target=\"_blank\" rel=\"noopener\">European Carton Excellence Award<\/a> attire plus de 100 candidatures d'agences de design, de convertisseurs et de moulins, tous en lice pour \u00eatre couronn\u00e9s les meilleurs dans ce qu'ils font :<\/p>\n<ul>\n<li><strong>Emballage g\u00e9n\u00e9ral - Fibre vierge<\/strong><\/li>\n<li><strong>Emballage g\u00e9n\u00e9ral - Fibre recycl\u00e9e<\/strong><\/li>\n<li><strong>Emballages pour aliments et boissons - Virgin Fibre<\/strong><\/li>\n<li><strong>Emballages pour aliments et boissons - Fibre recycl\u00e9e<\/strong><\/li>\n<li><strong>Plus le d\u00e9veloppement durable Award, l'innovation Award et le vote du public Award<\/strong><\/li>\n<\/ul>\n<p>Depuis le lancement du prix en 1997, la c\u00e9r\u00e9monie est devenue incontournable et constitue l'endroit id\u00e9al pour se rencontrer et se saluer, ce qui vous donne l'occasion de nouer des contacts et de faire la f\u00eate avec le secteur.<\/p>\n<p>Tous les prix sont d\u00e9cern\u00e9s par un jury ind\u00e9pendant.\u00a0<a href=\"https:\/\/www.procarton.com\/awards\/european-carton-excellence-award\/2023-2\/judges\/\" target=\"_blank\" rel=\"noopener\">jury d'experts<\/a>.<\/p>\n<p>Ne manquez pas cette fantastique opportunit\u00e9. Toutes les candidatures doivent \u00eatre soumises avant le <strong>26 mai 2023 - aucune prolongation de d\u00e9lai ne sera propos\u00e9e<\/strong>.<\/p>\n<p>Pour votre prochaine pr\u00e9sentation client, nous avons \u00e9galement pr\u00e9par\u00e9 une pr\u00e9sentation Powerpoint que vous pouvez utiliser pour vos r\u00e9visions de plan de compte - vous pouvez la t\u00e9l\u00e9charger.\u00a0<a href=\"https:\/\/www.procarton.com\/wp-content\/uploads\/2023\/02\/ECEA-2023-Awards-Presentation.pptx\" target=\"_blank\" rel=\"noopener\">ici<\/a>.<\/p>\n<\/div>\n<\/section>\n<\/div>\n<div class=\"av-animated-generic top-to-bottom flex_column av_one_third  flex_column_div av-zero-column-padding first  avia-builder-el-3  el_after_av_one_full  el_before_av_one_third  column-top-margin\" style='border-radius:0px; '>\n<div  class='avia-image-container  av-styling-    avia-builder-el-4  avia-builder-el-no-sibling  avia-align-center'  itemprop=\"image\" itemscope=\"itemscope\" itemtype=\"https:\/\/schema.org\/ImageObject\"  >\n<div class='avia-image-container-inner'>\n<div class='avia-image-overlay-wrap'><img decoding=\"async\" width=\"2500\" height=\"1663\" class='wp-image-285974 avia-img-lazy-loading-not-285974 avia_image' src=\"https:\/\/www.procarton.com\/wp-content\/uploads\/2023\/04\/Winners-ECEA-2022.jpeg\" alt='' title='Gagnants ECEA 2022'  itemprop=\"thumbnailUrl\" srcset=\"https:\/\/www.procarton.com\/wp-content\/uploads\/2023\/04\/Winners-ECEA-2022.jpeg 2500w, https:\/\/www.procarton.com\/wp-content\/uploads\/2023\/04\/Winners-ECEA-2022-300x200.jpeg 300w, https:\/\/www.procarton.com\/wp-content\/uploads\/2023\/04\/Winners-ECEA-2022-1030x685.jpeg 1030w, https:\/\/www.procarton.com\/wp-content\/uploads\/2023\/04\/Winners-ECEA-2022-768x511.jpeg 768w, https:\/\/www.procarton.com\/wp-content\/uploads\/2023\/04\/Winners-ECEA-2022-1536x1022.jpeg 1536w, https:\/\/www.procarton.com\/wp-content\/uploads\/2023\/04\/Winners-ECEA-2022-2048x1362.jpeg 2048w, https:\/\/www.procarton.com\/wp-content\/uploads\/2023\/04\/Winners-ECEA-2022-18x12.jpeg 18w, https:\/\/www.procarton.com\/wp-content\/uploads\/2023\/04\/Winners-ECEA-2022-1500x998.jpeg 1500w, https:\/\/www.procarton.com\/wp-content\/uploads\/2023\/04\/Winners-ECEA-2022-705x469.jpeg 705w\" sizes=\"(max-width: 2500px) 100vw, 2500px\" \/><\/div>\n<\/div>\n<\/div>\n<\/div>\n<div class=\"av-animated-generic top-to-bottom flex_column av_one_third  flex_column_div av-zero-column-padding   avia-builder-el-5  el_after_av_one_third  el_before_av_one_third  column-top-margin\" style='border-radius:0px; '>\n<div  style='height:100px' class='hr hr-invisible   avia-builder-el-6  el_before_av_button  avia-builder-el-first'><span class='hr-inner' ><span class='hr-inner-style'><\/span><\/span><\/div>\n<div  class='avia-button-wrap avia-button-center  avia-builder-el-7  el_after_av_hr  avia-builder-el-last' ><a href='https:\/\/www.procarton.com\/wp-content\/uploads\/2023\/02\/ECEA-2023-Awards-Presentation.pdf' class='avia-button  avia-color-theme-color   avia-icon_select-no avia-size-small avia-position-center' target=\"_blank\" rel=\"noopener noreferrer\"><span class='avia_iconbox_title' >Cliquez ici pour en savoir plus sur le Award 2023<\/span><\/a><\/div>\n<\/div>\n<div class=\"av-animated-generic top-to-bottom flex_column av_one_third  flex_column_div av-zero-column-padding   avia-builder-el-8  el_after_av_one_third  el_before_av_hr  column-top-margin\" style='border-radius:0px; '>\n<div  class='avia-image-container  av-styling-    avia-builder-el-9  avia-builder-el-no-sibling  avia-align-center'  itemprop=\"image\" itemscope=\"itemscope\" itemtype=\"https:\/\/schema.org\/ImageObject\"  >\n<div class='avia-image-container-inner'>\n<div class='avia-image-overlay-wrap'><img decoding=\"async\" width=\"2500\" height=\"1663\" class='wp-image-285972 avia-img-lazy-loading-not-285972 avia_image' src=\"https:\/\/www.procarton.com\/wp-content\/uploads\/2023\/04\/Awards-Ceremony-ECEA-2022.jpeg\" alt='' title='Awards C\u00e9r\u00e9monie ECEA 2022'  itemprop=\"thumbnailUrl\" srcset=\"https:\/\/www.procarton.com\/wp-content\/uploads\/2023\/04\/Awards-Ceremony-ECEA-2022.jpeg 2500w, https:\/\/www.procarton.com\/wp-content\/uploads\/2023\/04\/Awards-Ceremony-ECEA-2022-300x200.jpeg 300w, https:\/\/www.procarton.com\/wp-content\/uploads\/2023\/04\/Awards-Ceremony-ECEA-2022-1030x685.jpeg 1030w, https:\/\/www.procarton.com\/wp-content\/uploads\/2023\/04\/Awards-Ceremony-ECEA-2022-768x511.jpeg 768w, https:\/\/www.procarton.com\/wp-content\/uploads\/2023\/04\/Awards-Ceremony-ECEA-2022-1536x1022.jpeg 1536w, https:\/\/www.procarton.com\/wp-content\/uploads\/2023\/04\/Awards-Ceremony-ECEA-2022-2048x1362.jpeg 2048w, https:\/\/www.procarton.com\/wp-content\/uploads\/2023\/04\/Awards-Ceremony-ECEA-2022-18x12.jpeg 18w, https:\/\/www.procarton.com\/wp-content\/uploads\/2023\/04\/Awards-Ceremony-ECEA-2022-1500x998.jpeg 1500w, https:\/\/www.procarton.com\/wp-content\/uploads\/2023\/04\/Awards-Ceremony-ECEA-2022-705x469.jpeg 705w\" sizes=\"(max-width: 2500px) 100vw, 2500px\" \/><\/div>\n<\/div>\n<\/div>\n<\/div>\n<div  style='height:100px' class='hr hr-invisible   avia-builder-el-10  el_after_av_one_third  el_before_av_one_half'><span class='hr-inner' ><span class='hr-inner-style'><\/span><\/span><\/div>\n<div class=\"av-animated-generic top-to-bottom flex_column av_one_half  flex_column_div av-zero-column-padding first  avia-builder-el-11  el_after_av_hr  el_before_av_one_half\" style='border-radius:0px; '>\n<section class=\"av_textblock_section\"  itemscope=\"itemscope\" itemtype=\"https:\/\/schema.org\/BlogPosting\" itemprop=\"blogPost\" >\n<div class='avia_textblock'   itemprop=\"text\" >\n<p>Ne manquez pas cette fantastique opportunit\u00e9 qui s'accompagne d'un ensemble de prix inestimables :<\/p>\n<ul>\n<li>Une personne tr\u00e8s m\u00e9diatis\u00e9e\u00a0<strong>Prix de l'industrie<\/strong>un troph\u00e9e et un certificat \u00e0 afficher fi\u00e8rement sur votre lieu de travail<\/li>\n<li>Couverture m\u00e9diatique touchant un public de plus de\u00a0<strong>7 millions d'euros<\/strong>\u00a0dans plus de 20 pays<\/li>\n<li>Couverture des m\u00e9dias sociaux et du site web pour un public de\u00a0<strong>plus de 150 000<\/strong><\/li>\n<li><strong>Endossement\u00a0<\/strong>par un jury d'experts de l'industrie<\/li>\n<\/ul>\n<\/div>\n<\/section>\n<\/div>\n<div class=\"av-animated-generic top-to-bottom flex_column av_one_half  flex_column_div av-zero-column-padding   avia-builder-el-13  el_after_av_one_half  el_before_av_image\" style='border-radius:0px; '>\n<section class=\"av_textblock_section\"  itemscope=\"itemscope\" itemtype=\"https:\/\/schema.org\/BlogPosting\" itemprop=\"blogPost\" >\n<div class='avia_textblock'   itemprop=\"text\" >\n<h3 style=\"text-align: center;\">DATE LIMITE D'INSCRIPTION 26 MAI 2023*<\/h3>\n<p style=\"text-align: center;\"><strong> Vous avez une question ou besoin d'aide pour votre inscription ?<\/strong><\/p>\n<p style=\"text-align: center;\">Contactez Danielle Wolstencroft ou Olivia Evans d\u00e8s aujourd'hui.<\/p>\n<p style=\"text-align: center;\"><a href=\"mailto:europeancartonexcellenceaward@procarton.com\" target=\"_blank\" rel=\"noopener\">europeancartonexcellenceaward@procarton.com<\/a><\/p>\n<p style=\"text-align: center;\">+44 (0)20 7240 2444<\/p>\n<p style=\"text-align: center;\"><em><strong>* Aucune extension ne sera propos\u00e9e<\/strong><\/em><\/p>\n<\/div>\n<\/section>\n<\/div>\n<div  class='avia-image-container  av-styling-    avia-builder-el-15  el_after_av_one_half  el_before_av_one_third  avia-align-center'  itemprop=\"image\" itemscope=\"itemscope\" itemtype=\"https:\/\/schema.org\/ImageObject\"  >\n<div class='avia-image-container-inner'>\n<div class='avia-image-overlay-wrap'><img decoding=\"async\" width=\"1920\" height=\"1080\" class='wp-image-285045 avia-img-lazy-loading-not-285045 avia_image' src=\"https:\/\/www.procarton.com\/wp-content\/uploads\/2023\/02\/ECEA-Why-Enter-2023-image.jpg\" alt='' title='ECEA Why Enter 2023 image'  itemprop=\"thumbnailUrl\" srcset=\"https:\/\/www.procarton.com\/wp-content\/uploads\/2023\/02\/ECEA-Why-Enter-2023-image.jpg 1920w, https:\/\/www.procarton.com\/wp-content\/uploads\/2023\/02\/ECEA-Why-Enter-2023-image-300x169.jpg 300w, https:\/\/www.procarton.com\/wp-content\/uploads\/2023\/02\/ECEA-Why-Enter-2023-image-1030x579.jpg 1030w, https:\/\/www.procarton.com\/wp-content\/uploads\/2023\/02\/ECEA-Why-Enter-2023-image-768x432.jpg 768w, https:\/\/www.procarton.com\/wp-content\/uploads\/2023\/02\/ECEA-Why-Enter-2023-image-1536x864.jpg 1536w, https:\/\/www.procarton.com\/wp-content\/uploads\/2023\/02\/ECEA-Why-Enter-2023-image-18x10.jpg 18w, https:\/\/www.procarton.com\/wp-content\/uploads\/2023\/02\/ECEA-Why-Enter-2023-image-1500x844.jpg 1500w, https:\/\/www.procarton.com\/wp-content\/uploads\/2023\/02\/ECEA-Why-Enter-2023-image-705x397.jpg 705w\" sizes=\"(max-width: 1920px) 100vw, 1920px\" \/><\/div>\n<\/div>\n<\/div>\n<div class=\"av-animated-generic top-to-bottom flex_column av_one_third  flex_column_div av-zero-column-padding first  avia-builder-el-16  el_after_av_image  el_before_av_one_third\" style='border-radius:0px; '>\n<div  class='avia-image-container  av-styling-    avia-builder-el-17  avia-builder-el-no-sibling  avia-align-center'  itemprop=\"image\" itemscope=\"itemscope\" itemtype=\"https:\/\/schema.org\/ImageObject\"  >\n<div class='avia-image-container-inner'>\n<div class='avia-image-overlay-wrap'><img decoding=\"async\" width=\"1669\" height=\"939\" class='wp-image-285973 avia-img-lazy-loading-not-285973 avia_image' src=\"https:\/\/www.procarton.com\/wp-content\/uploads\/2023\/04\/Winners-ECEA-2022-2.jpeg\" alt='' title='Gagnants ECEA 2022 2'  itemprop=\"thumbnailUrl\" srcset=\"https:\/\/www.procarton.com\/wp-content\/uploads\/2023\/04\/Winners-ECEA-2022-2.jpeg 1669w, https:\/\/www.procarton.com\/wp-content\/uploads\/2023\/04\/Winners-ECEA-2022-2-300x169.jpeg 300w, https:\/\/www.procarton.com\/wp-content\/uploads\/2023\/04\/Winners-ECEA-2022-2-1030x579.jpeg 1030w, https:\/\/www.procarton.com\/wp-content\/uploads\/2023\/04\/Winners-ECEA-2022-2-768x432.jpeg 768w, https:\/\/www.procarton.com\/wp-content\/uploads\/2023\/04\/Winners-ECEA-2022-2-1536x864.jpeg 1536w, https:\/\/www.procarton.com\/wp-content\/uploads\/2023\/04\/Winners-ECEA-2022-2-18x10.jpeg 18w, https:\/\/www.procarton.com\/wp-content\/uploads\/2023\/04\/Winners-ECEA-2022-2-1500x844.jpeg 1500w, https:\/\/www.procarton.com\/wp-content\/uploads\/2023\/04\/Winners-ECEA-2022-2-705x397.jpeg 705w\" sizes=\"(max-width: 1669px) 100vw, 1669px\" \/><\/div>\n<\/div>\n<\/div>\n<\/div>\n<div class=\"av-animated-generic top-to-bottom flex_column av_one_third  flex_column_div av-zero-column-padding   avia-builder-el-18  el_after_av_one_third  el_before_av_one_third\" style='border-radius:0px; '>\n<div  style='height:100px' class='hr hr-invisible   avia-builder-el-19  el_before_av_button  avia-builder-el-first'><span class='hr-inner' ><span class='hr-inner-style'><\/span><\/span><\/div>\n<div  class='avia-button-wrap avia-button-center  avia-builder-el-20  el_after_av_hr  avia-builder-el-last' ><a href='https:\/\/www.procarton.com\/awards\/european-carton-excellence-award\/2023-2\/enter\/'  class='avia-button  avia-color-theme-color   avia-icon_select-no avia-size-small avia-position-center'   ><span class='avia_iconbox_title' >Entrez le Awards aujourd'hui<\/span><\/a><\/div>\n<\/div>\n<div class=\"av-animated-generic top-to-bottom flex_column av_one_third  flex_column_div av-zero-column-padding   avia-builder-el-21  el_after_av_one_third  avia-builder-el-last\" style='border-radius:0px; '>\n<div  class='avia-image-container  av-styling-    avia-builder-el-22  avia-builder-el-no-sibling  avia-align-center'  itemprop=\"image\" itemscope=\"itemscope\" itemtype=\"https:\/\/schema.org\/ImageObject\"  >\n<div class='avia-image-container-inner'>\n<div class='avia-image-overlay-wrap'><img decoding=\"async\" width=\"2500\" height=\"1406\" class='wp-image-285975 avia-img-lazy-loading-not-285975 avia_image' src=\"https:\/\/www.procarton.com\/wp-content\/uploads\/2023\/04\/Winners-Trophies-ECEA-2022.jpeg\" alt='' title='Troph\u00e9es des vainqueurs ECEA 2022'  itemprop=\"thumbnailUrl\" srcset=\"https:\/\/www.procarton.com\/wp-content\/uploads\/2023\/04\/Winners-Trophies-ECEA-2022.jpeg 2500w, https:\/\/www.procarton.com\/wp-content\/uploads\/2023\/04\/Winners-Trophies-ECEA-2022-300x169.jpeg 300w, https:\/\/www.procarton.com\/wp-content\/uploads\/2023\/04\/Winners-Trophies-ECEA-2022-1030x579.jpeg 1030w, https:\/\/www.procarton.com\/wp-content\/uploads\/2023\/04\/Winners-Trophies-ECEA-2022-768x432.jpeg 768w, https:\/\/www.procarton.com\/wp-content\/uploads\/2023\/04\/Winners-Trophies-ECEA-2022-1536x864.jpeg 1536w, https:\/\/www.procarton.com\/wp-content\/uploads\/2023\/04\/Winners-Trophies-ECEA-2022-2048x1152.jpeg 2048w, https:\/\/www.procarton.com\/wp-content\/uploads\/2023\/04\/Winners-Trophies-ECEA-2022-18x10.jpeg 18w, https:\/\/www.procarton.com\/wp-content\/uploads\/2023\/04\/Winners-Trophies-ECEA-2022-1500x844.jpeg 1500w, https:\/\/www.procarton.com\/wp-content\/uploads\/2023\/04\/Winners-Trophies-ECEA-2022-705x396.jpeg 705w\" sizes=\"(max-width: 2500px) 100vw, 2500px\" \/><\/div>\n<\/div>\n<\/div>\n<\/div>","protected":false},"excerpt":{"rendered":"<p>Le European Carton Excellence Award 2023 est ouvert aux inscriptions<\/p>","protected":false},"author":1286,"featured_media":284600,"comment_status":"closed","ping_status":"open","sticky":false,"template":"","format":"standard","meta":{"inline_featured_image":false,"footnotes":""},"categories":[42,242],"tags":[],"class_list":["post-285968","post","type-post","status-publish","format-standard","has-post-thumbnail","hentry","category-awards","category-procarton"],"yoast_head":"<!-- This site is optimized with the Yoast SEO plugin v27.4 - https:\/\/yoast.com\/product\/yoast-seo-wordpress\/ -->\n<title>The European Carton Excellence Award 2023 Now Open For Entries - Pro Carton<\/title>\n<meta name=\"description\" content=\"The European Carton Excellence Award challenges partners to showcase their most innovative cartonboard packaging designs.\" \/>\n<meta name=\"robots\" content=\"index, follow, max-snippet:-1, max-image-preview:large, max-video-preview:-1\" \/>\n<link rel=\"canonical\" href=\"https:\/\/www.procarton.com\/fr\/the-european-carton-excellence-award-2023-now-open-for-entries\/\" \/>\n<meta property=\"og:locale\" content=\"fr_FR\" \/>\n<meta property=\"og:type\" content=\"article\" \/>\n<meta property=\"og:title\" content=\"The European Carton Excellence Award 2023 Now Open For Entries - Pro Carton\" \/>\n<meta property=\"og:description\" content=\"The European Carton Excellence Award challenges partners to showcase their most innovative cartonboard packaging designs.\" \/>\n<meta property=\"og:url\" content=\"https:\/\/www.procarton.com\/fr\/the-european-carton-excellence-award-2023-now-open-for-entries\/\" \/>\n<meta property=\"og:site_name\" content=\"Pro Carton\" \/>\n<meta property=\"article:publisher\" content=\"https:\/\/www.facebook.com\/procartondesignaward\/\" \/>\n<meta property=\"article:published_time\" content=\"2023-03-17T16:18:01+00:00\" \/>\n<meta property=\"article:modified_time\" content=\"2023-04-03T16:53:28+00:00\" \/>\n<meta property=\"og:image\" content=\"https:\/\/www.procarton.com\/wp-content\/uploads\/2023\/02\/ECEA-Logo_RGB_2023.jpg\" \/>\n\t<meta property=\"og:image:width\" content=\"1656\" \/>\n\t<meta property=\"og:image:height\" content=\"934\" \/>\n\t<meta property=\"og:image:type\" content=\"image\/jpeg\" \/>\n<meta name=\"author\" content=\"ryan@procarton.com\" \/>\n<meta name=\"twitter:card\" content=\"summary_large_image\" \/>\n<meta name=\"twitter:creator\" content=\"@pro_carton\" \/>\n<meta name=\"twitter:site\" content=\"@pro_carton\" \/>\n<meta name=\"twitter:label1\" content=\"\u00c9crit par\" \/>\n\t<meta name=\"twitter:data1\" content=\"ryan@procarton.com\" \/>\n\t<meta name=\"twitter:label2\" content=\"Dur\u00e9e de lecture estim\u00e9e\" \/>\n\t<meta name=\"twitter:data2\" content=\"2 minutes\" \/>\n<script type=\"application\/ld+json\" class=\"yoast-schema-graph\">{\"@context\":\"https:\\\/\\\/schema.org\",\"@graph\":[{\"@type\":\"Article\",\"@id\":\"https:\\\/\\\/www.procarton.com\\\/the-european-carton-excellence-award-2023-now-open-for-entries\\\/#article\",\"isPartOf\":{\"@id\":\"https:\\\/\\\/www.procarton.com\\\/the-european-carton-excellence-award-2023-now-open-for-entries\\\/\"},\"author\":{\"name\":\"ryan@procarton.com\",\"@id\":\"https:\\\/\\\/www.procarton.com\\\/es\\\/#\\\/schema\\\/person\\\/8f52811f36555e3fbe8aa433fda4f5b5\"},\"headline\":\"The European Carton Excellence Award 2023 Now Open For Entries\",\"datePublished\":\"2023-03-17T16:18:01+00:00\",\"dateModified\":\"2023-04-03T16:53:28+00:00\",\"mainEntityOfPage\":{\"@id\":\"https:\\\/\\\/www.procarton.com\\\/the-european-carton-excellence-award-2023-now-open-for-entries\\\/\"},\"wordCount\":2540,\"publisher\":{\"@id\":\"https:\\\/\\\/www.procarton.com\\\/es\\\/#organization\"},\"image\":{\"@id\":\"https:\\\/\\\/www.procarton.com\\\/the-european-carton-excellence-award-2023-now-open-for-entries\\\/#primaryimage\"},\"thumbnailUrl\":\"https:\\\/\\\/www.procarton.com\\\/wp-content\\\/uploads\\\/2023\\\/02\\\/ECEA-Logo_RGB_2023.jpg\",\"articleSection\":[\"Awards\",\"Pro Carton\"],\"inLanguage\":\"fr-FR\"},{\"@type\":\"WebPage\",\"@id\":\"https:\\\/\\\/www.procarton.com\\\/the-european-carton-excellence-award-2023-now-open-for-entries\\\/\",\"url\":\"https:\\\/\\\/www.procarton.com\\\/the-european-carton-excellence-award-2023-now-open-for-entries\\\/\",\"name\":\"The European Carton Excellence Award 2023 Now Open For Entries - Pro Carton\",\"isPartOf\":{\"@id\":\"https:\\\/\\\/www.procarton.com\\\/es\\\/#website\"},\"primaryImageOfPage\":{\"@id\":\"https:\\\/\\\/www.procarton.com\\\/the-european-carton-excellence-award-2023-now-open-for-entries\\\/#primaryimage\"},\"image\":{\"@id\":\"https:\\\/\\\/www.procarton.com\\\/the-european-carton-excellence-award-2023-now-open-for-entries\\\/#primaryimage\"},\"thumbnailUrl\":\"https:\\\/\\\/www.procarton.com\\\/wp-content\\\/uploads\\\/2023\\\/02\\\/ECEA-Logo_RGB_2023.jpg\",\"datePublished\":\"2023-03-17T16:18:01+00:00\",\"dateModified\":\"2023-04-03T16:53:28+00:00\",\"description\":\"The European Carton Excellence Award challenges partners to showcase their most innovative cartonboard packaging designs.\",\"breadcrumb\":{\"@id\":\"https:\\\/\\\/www.procarton.com\\\/the-european-carton-excellence-award-2023-now-open-for-entries\\\/#breadcrumb\"},\"inLanguage\":\"fr-FR\",\"potentialAction\":[{\"@type\":\"ReadAction\",\"target\":[\"https:\\\/\\\/www.procarton.com\\\/the-european-carton-excellence-award-2023-now-open-for-entries\\\/\"]}]},{\"@type\":\"ImageObject\",\"inLanguage\":\"fr-FR\",\"@id\":\"https:\\\/\\\/www.procarton.com\\\/the-european-carton-excellence-award-2023-now-open-for-entries\\\/#primaryimage\",\"url\":\"https:\\\/\\\/www.procarton.com\\\/wp-content\\\/uploads\\\/2023\\\/02\\\/ECEA-Logo_RGB_2023.jpg\",\"contentUrl\":\"https:\\\/\\\/www.procarton.com\\\/wp-content\\\/uploads\\\/2023\\\/02\\\/ECEA-Logo_RGB_2023.jpg\",\"width\":1656,\"height\":934,\"caption\":\"European Carton Excellence Award (ECEA) 2023 Logo RGB\"},{\"@type\":\"BreadcrumbList\",\"@id\":\"https:\\\/\\\/www.procarton.com\\\/the-european-carton-excellence-award-2023-now-open-for-entries\\\/#breadcrumb\",\"itemListElement\":[{\"@type\":\"ListItem\",\"position\":1,\"name\":\"Home\",\"item\":\"https:\\\/\\\/www.procarton.com\\\/\"},{\"@type\":\"ListItem\",\"position\":2,\"name\":\"The European Carton Excellence Award 2023 Now Open For Entries\"}]},{\"@type\":\"WebSite\",\"@id\":\"https:\\\/\\\/www.procarton.com\\\/es\\\/#website\",\"url\":\"https:\\\/\\\/www.procarton.com\\\/es\\\/\",\"name\":\"Pro Carton\",\"description\":\"\",\"publisher\":{\"@id\":\"https:\\\/\\\/www.procarton.com\\\/es\\\/#organization\"},\"potentialAction\":[{\"@type\":\"SearchAction\",\"target\":{\"@type\":\"EntryPoint\",\"urlTemplate\":\"https:\\\/\\\/www.procarton.com\\\/es\\\/?s={search_term_string}\"},\"query-input\":{\"@type\":\"PropertyValueSpecification\",\"valueRequired\":true,\"valueName\":\"search_term_string\"}}],\"inLanguage\":\"fr-FR\"},{\"@type\":\"Organization\",\"@id\":\"https:\\\/\\\/www.procarton.com\\\/es\\\/#organization\",\"name\":\"ProCarton\",\"url\":\"https:\\\/\\\/www.procarton.com\\\/es\\\/\",\"logo\":{\"@type\":\"ImageObject\",\"inLanguage\":\"fr-FR\",\"@id\":\"https:\\\/\\\/www.procarton.com\\\/es\\\/#\\\/schema\\\/logo\\\/image\\\/\",\"url\":\"https:\\\/\\\/www.procarton.com\\\/wp-content\\\/uploads\\\/2022\\\/06\\\/logo-mit-slogan.jpg\",\"contentUrl\":\"https:\\\/\\\/www.procarton.com\\\/wp-content\\\/uploads\\\/2022\\\/06\\\/logo-mit-slogan.jpg\",\"width\":422,\"height\":519,\"caption\":\"ProCarton\"},\"image\":{\"@id\":\"https:\\\/\\\/www.procarton.com\\\/es\\\/#\\\/schema\\\/logo\\\/image\\\/\"},\"sameAs\":[\"https:\\\/\\\/www.facebook.com\\\/procartondesignaward\\\/\",\"https:\\\/\\\/x.com\\\/pro_carton\"]},{\"@type\":\"Person\",\"@id\":\"https:\\\/\\\/www.procarton.com\\\/es\\\/#\\\/schema\\\/person\\\/8f52811f36555e3fbe8aa433fda4f5b5\",\"name\":\"ryan@procarton.com\",\"url\":\"https:\\\/\\\/www.procarton.com\\\/fr\\\/author\\\/pro-carton-3\\\/\"}]}<\/script>\n<!-- \/ Yoast SEO plugin. -->","yoast_head_json":{"title":"Le European Carton Excellence Award 2023 est d\u00e9sormais ouvert aux inscriptions - Pro Carton","description":"Le European Carton Excellence Award met les partenaires au d\u00e9fi de pr\u00e9senter leurs conceptions d'emballages en carton les plus innovantes.","robots":{"index":"index","follow":"follow","max-snippet":"max-snippet:-1","max-image-preview":"max-image-preview:large","max-video-preview":"max-video-preview:-1"},"canonical":"https:\/\/www.procarton.com\/fr\/the-european-carton-excellence-award-2023-now-open-for-entries\/","og_locale":"fr_FR","og_type":"article","og_title":"The European Carton Excellence Award 2023 Now Open For Entries - Pro Carton","og_description":"The European Carton Excellence Award challenges partners to showcase their most innovative cartonboard packaging designs.","og_url":"https:\/\/www.procarton.com\/fr\/the-european-carton-excellence-award-2023-now-open-for-entries\/","og_site_name":"Pro Carton","article_publisher":"https:\/\/www.facebook.com\/procartondesignaward\/","article_published_time":"2023-03-17T16:18:01+00:00","article_modified_time":"2023-04-03T16:53:28+00:00","og_image":[{"width":1656,"height":934,"url":"https:\/\/www.procarton.com\/wp-content\/uploads\/2023\/02\/ECEA-Logo_RGB_2023.jpg","type":"image\/jpeg"}],"author":"ryan@procarton.com","twitter_card":"summary_large_image","twitter_creator":"@pro_carton","twitter_site":"@pro_carton","twitter_misc":{"\u00c9crit par":"ryan@procarton.com","Dur\u00e9e de lecture estim\u00e9e":"2 minutes"},"schema":{"@context":"https:\/\/schema.org","@graph":[{"@type":"Article","@id":"https:\/\/www.procarton.com\/the-european-carton-excellence-award-2023-now-open-for-entries\/#article","isPartOf":{"@id":"https:\/\/www.procarton.com\/the-european-carton-excellence-award-2023-now-open-for-entries\/"},"author":{"name":"ryan@procarton.com","@id":"https:\/\/www.procarton.com\/es\/#\/schema\/person\/8f52811f36555e3fbe8aa433fda4f5b5"},"headline":"The European Carton Excellence Award 2023 Now Open For Entries","datePublished":"2023-03-17T16:18:01+00:00","dateModified":"2023-04-03T16:53:28+00:00","mainEntityOfPage":{"@id":"https:\/\/www.procarton.com\/the-european-carton-excellence-award-2023-now-open-for-entries\/"},"wordCount":2540,"publisher":{"@id":"https:\/\/www.procarton.com\/es\/#organization"},"image":{"@id":"https:\/\/www.procarton.com\/the-european-carton-excellence-award-2023-now-open-for-entries\/#primaryimage"},"thumbnailUrl":"https:\/\/www.procarton.com\/wp-content\/uploads\/2023\/02\/ECEA-Logo_RGB_2023.jpg","articleSection":["Awards","Pro Carton"],"inLanguage":"fr-FR"},{"@type":"WebPage","@id":"https:\/\/www.procarton.com\/the-european-carton-excellence-award-2023-now-open-for-entries\/","url":"https:\/\/www.procarton.com\/the-european-carton-excellence-award-2023-now-open-for-entries\/","name":"Le European Carton Excellence Award 2023 est d\u00e9sormais ouvert aux inscriptions - Pro Carton","isPartOf":{"@id":"https:\/\/www.procarton.com\/es\/#website"},"primaryImageOfPage":{"@id":"https:\/\/www.procarton.com\/the-european-carton-excellence-award-2023-now-open-for-entries\/#primaryimage"},"image":{"@id":"https:\/\/www.procarton.com\/the-european-carton-excellence-award-2023-now-open-for-entries\/#primaryimage"},"thumbnailUrl":"https:\/\/www.procarton.com\/wp-content\/uploads\/2023\/02\/ECEA-Logo_RGB_2023.jpg","datePublished":"2023-03-17T16:18:01+00:00","dateModified":"2023-04-03T16:53:28+00:00","description":"Le European Carton Excellence Award met les partenaires au d\u00e9fi de pr\u00e9senter leurs conceptions d'emballages en carton les plus innovantes.","breadcrumb":{"@id":"https:\/\/www.procarton.com\/the-european-carton-excellence-award-2023-now-open-for-entries\/#breadcrumb"},"inLanguage":"fr-FR","potentialAction":[{"@type":"ReadAction","target":["https:\/\/www.procarton.com\/the-european-carton-excellence-award-2023-now-open-for-entries\/"]}]},{"@type":"ImageObject","inLanguage":"fr-FR","@id":"https:\/\/www.procarton.com\/the-european-carton-excellence-award-2023-now-open-for-entries\/#primaryimage","url":"https:\/\/www.procarton.com\/wp-content\/uploads\/2023\/02\/ECEA-Logo_RGB_2023.jpg","contentUrl":"https:\/\/www.procarton.com\/wp-content\/uploads\/2023\/02\/ECEA-Logo_RGB_2023.jpg","width":1656,"height":934,"caption":"European Carton Excellence Award (ECEA) 2023 Logo RGB"},{"@type":"BreadcrumbList","@id":"https:\/\/www.procarton.com\/the-european-carton-excellence-award-2023-now-open-for-entries\/#breadcrumb","itemListElement":[{"@type":"ListItem","position":1,"name":"Home","item":"https:\/\/www.procarton.com\/"},{"@type":"ListItem","position":2,"name":"The European Carton Excellence Award 2023 Now Open For Entries"}]},{"@type":"WebSite","@id":"https:\/\/www.procarton.com\/es\/#website","url":"https:\/\/www.procarton.com\/es\/","name":"Pro Carton","description":"","publisher":{"@id":"https:\/\/www.procarton.com\/es\/#organization"},"potentialAction":[{"@type":"SearchAction","target":{"@type":"EntryPoint","urlTemplate":"https:\/\/www.procarton.com\/es\/?s={search_term_string}"},"query-input":{"@type":"PropertyValueSpecification","valueRequired":true,"valueName":"search_term_string"}}],"inLanguage":"fr-FR"},{"@type":"Organization","@id":"https:\/\/www.procarton.com\/es\/#organization","name":"ProCarton","url":"https:\/\/www.procarton.com\/es\/","logo":{"@type":"ImageObject","inLanguage":"fr-FR","@id":"https:\/\/www.procarton.com\/es\/#\/schema\/logo\/image\/","url":"https:\/\/www.procarton.com\/wp-content\/uploads\/2022\/06\/logo-mit-slogan.jpg","contentUrl":"https:\/\/www.procarton.com\/wp-content\/uploads\/2022\/06\/logo-mit-slogan.jpg","width":422,"height":519,"caption":"ProCarton"},"image":{"@id":"https:\/\/www.procarton.com\/es\/#\/schema\/logo\/image\/"},"sameAs":["https:\/\/www.facebook.com\/procartondesignaward\/","https:\/\/x.com\/pro_carton"]},{"@type":"Person","@id":"https:\/\/www.procarton.com\/es\/#\/schema\/person\/8f52811f36555e3fbe8aa433fda4f5b5","name":"ryan@procarton.com","url":"https:\/\/www.procarton.com\/fr\/author\/pro-carton-3\/"}]}},"_links":{"self":[{"href":"https:\/\/www.procarton.com\/fr\/wp-json\/wp\/v2\/posts\/285968","targetHints":{"allow":["GET"]}}],"collection":[{"href":"https:\/\/www.procarton.com\/fr\/wp-json\/wp\/v2\/posts"}],"about":[{"href":"https:\/\/www.procarton.com\/fr\/wp-json\/wp\/v2\/types\/post"}],"author":[{"embeddable":true,"href":"https:\/\/www.procarton.com\/fr\/wp-json\/wp\/v2\/users\/1286"}],"replies":[{"embeddable":true,"href":"https:\/\/www.procarton.com\/fr\/wp-json\/wp\/v2\/comments?post=285968"}],"version-history":[{"count":11,"href":"https:\/\/www.procarton.com\/fr\/wp-json\/wp\/v2\/posts\/285968\/revisions"}],"predecessor-version":[{"id":285982,"href":"https:\/\/www.procarton.com\/fr\/wp-json\/wp\/v2\/posts\/285968\/revisions\/285982"}],"wp:featuredmedia":[{"embeddable":true,"href":"https:\/\/www.procarton.com\/fr\/wp-json\/wp\/v2\/media\/284600"}],"wp:attachment":[{"href":"https:\/\/www.procarton.com\/fr\/wp-json\/wp\/v2\/media?parent=285968"}],"wp:term":[{"taxonomy":"category","embeddable":true,"href":"https:\/\/www.procarton.com\/fr\/wp-json\/wp\/v2\/categories?post=285968"},{"taxonomy":"post_tag","embeddable":true,"href":"https:\/\/www.procarton.com\/fr\/wp-json\/wp\/v2\/tags?post=285968"}],"curies":[{"name":"wp","href":"https:\/\/api.w.org\/{rel}","templated":true}]}}