{"id":282705,"date":"2022-10-25T16:06:37","date_gmt":"2022-10-25T15:06:37","guid":{"rendered":"https:\/\/www.procarton.com\/?p=282705"},"modified":"2022-10-28T14:28:45","modified_gmt":"2022-10-28T13:28:45","slug":"pro-carton-will-present-at-free-from-functional-health-ingredients-expo-amsterdam","status":"publish","type":"post","link":"https:\/\/www.procarton.com\/fr\/pro-carton-will-present-at-free-from-functional-health-ingredients-expo-amsterdam\/","title":{"rendered":"Pro Carton sera pr\u00e9sent au salon Free From Functional &amp; Health Ingredients Expo - Amsterdam"},"content":{"rendered":"<div class=\"av-animated-generic top-to-bottom flex_column av_three_fourth  flex_column_div av-zero-column-padding first  avia-builder-el-0  el_before_av_one_fourth  avia-builder-el-first\" style='border-radius:0px; '>\n<section class=\"av_textblock_section\"  itemscope=\"itemscope\" itemtype=\"https:\/\/schema.org\/BlogPosting\" itemprop=\"blogPost\" >\n<div class='avia_textblock'   itemprop=\"text\" >\n<h5>Free From Functional &amp; Health Ingredients Expo - Le salon professionnel B2B de l'alimentation et des ingr\u00e9dients le plus recherch\u00e9<\/h5>\n<div class=\"xdj266r x11i5rnm xat24cr x1mh8g0r x1vvkbs x126k92a\">\n<div dir=\"auto\">Rejoignez-nous le mois prochain \u00e0 Amsterdam pour le Free From Functional &amp; Health Ingredient Expo, o\u00f9 nous animerons une session sur les th\u00e8mes suivants <strong>\"Repenser l'emballage : une \u00e9tude de consommation\".<\/strong><\/div>\n<div dir=\"auto\"><\/div>\n<\/div>\n<div class=\"x11i5rnm xat24cr x1mh8g0r x1vvkbs xtlvy1s x126k92a\">\n<div dir=\"auto\">Animant la discussion, Winfried Muehling, directeur du marketing et de la communication de Pro Carton, r\u00e9v\u00e9lera les derniers r\u00e9sultats de notre \u00e9tude europ\u00e9enne sur la perception des emballages par les consommateurs, ainsi que les nombreux avantages du carton et son r\u00f4le dans l'\u00e9conomie circulaire.<\/div>\n<div dir=\"auto\"><\/div>\n<\/div>\n<div class=\"x11i5rnm xat24cr x1mh8g0r x1vvkbs xtlvy1s x126k92a\">\n<div dir=\"auto\">Ne manquez pas cette occasion, rejoignez-nous \u00e0 Amsterdam pour en savoir plus !<\/div>\n<\/div>\n<p>Vous pouvez <a href=\"https:\/\/registration.gesevent.com\/survey\/1oxg8tmtklmfd\" target=\"_blank\" rel=\"noopener\">ENREGISTRER<\/a> pour participer \u00e0 l'\u00e9v\u00e9nement, qui est GRATUIT pour les d\u00e9l\u00e9gu\u00e9s pr\u00e9inscrits avant le 15 novembre.  L'\u00e9v\u00e9nement aura lieu les 22 et 23 novembre \u00e0 <a href=\"https:\/\/www.rai.nl\/en\/calendar\/free-from-functional\/\" target=\"_blank\" rel=\"noopener\">RAI Amsterdam<\/a>.<\/p>\n<\/div>\n<\/section>\n<\/div>\n<div class=\"av-animated-generic top-to-bottom flex_column av_one_fourth  flex_column_div av-zero-column-padding   avia-builder-el-2  el_after_av_three_fourth  el_before_av_one_fourth\" style='border-radius:0px; '>\n<div  class='avia-image-container  av-styling-    avia-builder-el-3  el_before_av_image  avia-builder-el-first  avia-align-center'  itemprop=\"image\" itemscope=\"itemscope\" itemtype=\"https:\/\/schema.org\/ImageObject\"  >\n<div class='avia-image-container-inner'>\n<div class='avia-image-overlay-wrap'><a href=\"https:\/\/amsterdam.freefromfoodexpo.com\/home\/\" class='avia_image' target=\"_blank\" rel=\"noopener noreferrer\"><img decoding=\"async\" width=\"300\" height=\"54\" class='wp-image-282707 avia-img-lazy-loading-not-282707 avia_image' src=\"https:\/\/www.procarton.com\/wp-content\/uploads\/2022\/10\/Free-From-Functional-Event-Amsterdam-November-2022-300x54.jpg\" alt='' title='Free From Functional Event Amsterdam novembre 2022'  itemprop=\"thumbnailUrl\" srcset=\"https:\/\/www.procarton.com\/wp-content\/uploads\/2022\/10\/Free-From-Functional-Event-Amsterdam-November-2022-300x54.jpg 300w, https:\/\/www.procarton.com\/wp-content\/uploads\/2022\/10\/Free-From-Functional-Event-Amsterdam-November-2022-1030x186.jpg 1030w, https:\/\/www.procarton.com\/wp-content\/uploads\/2022\/10\/Free-From-Functional-Event-Amsterdam-November-2022-768x138.jpg 768w, https:\/\/www.procarton.com\/wp-content\/uploads\/2022\/10\/Free-From-Functional-Event-Amsterdam-November-2022-1536x277.jpg 1536w, https:\/\/www.procarton.com\/wp-content\/uploads\/2022\/10\/Free-From-Functional-Event-Amsterdam-November-2022-2048x369.jpg 2048w, https:\/\/www.procarton.com\/wp-content\/uploads\/2022\/10\/Free-From-Functional-Event-Amsterdam-November-2022-18x3.jpg 18w, https:\/\/www.procarton.com\/wp-content\/uploads\/2022\/10\/Free-From-Functional-Event-Amsterdam-November-2022-1500x270.jpg 1500w, https:\/\/www.procarton.com\/wp-content\/uploads\/2022\/10\/Free-From-Functional-Event-Amsterdam-November-2022-705x127.jpg 705w\" sizes=\"(max-width: 300px) 100vw, 300px\" \/><\/a><\/div>\n<\/div>\n<\/div>\n<div  class='avia-image-container  av-styling-    avia-builder-el-4  el_after_av_image  avia-builder-el-last  avia-align-center'  itemprop=\"image\" itemscope=\"itemscope\" itemtype=\"https:\/\/schema.org\/ImageObject\"  >\n<div class='avia-image-container-inner'>\n<div class='avia-image-overlay-wrap'><a href=\"https:\/\/amsterdam.freefromfoodexpo.com\/conference-program\/\" class='avia_image' target=\"_blank\" rel=\"noopener noreferrer\"><img decoding=\"async\" width=\"300\" height=\"108\" class='wp-image-282708 avia-img-lazy-loading-not-282708 avia_image' src=\"https:\/\/www.procarton.com\/wp-content\/uploads\/2022\/10\/Free-From-Event-opening-times-and-venue-v1-300x108.png\" alt='' title='Heures d&#039;ouverture et lieu de l&#039;\u00e9v\u00e9nement Free From v1'  itemprop=\"thumbnailUrl\" srcset=\"https:\/\/www.procarton.com\/wp-content\/uploads\/2022\/10\/Free-From-Event-opening-times-and-venue-v1-300x108.png 300w, https:\/\/www.procarton.com\/wp-content\/uploads\/2022\/10\/Free-From-Event-opening-times-and-venue-v1-18x6.png 18w, https:\/\/www.procarton.com\/wp-content\/uploads\/2022\/10\/Free-From-Event-opening-times-and-venue-v1.png 599w\" sizes=\"(max-width: 300px) 100vw, 300px\" \/><\/a><\/div>\n<\/div>\n<\/div>\n<\/div>\n<div class=\"av-animated-generic top-to-bottom flex_column av_one_fourth  flex_column_div av-zero-column-padding first  avia-builder-el-5  el_after_av_one_fourth  el_before_av_three_fourth  column-top-margin\" style='border-radius:0px; '>\n<div  class='avia-image-container  av-styling-    avia-builder-el-6  avia-builder-el-no-sibling  avia-align-center'  itemprop=\"image\" itemscope=\"itemscope\" itemtype=\"https:\/\/schema.org\/ImageObject\"  >\n<div class='avia-image-container-inner'>\n<div class='avia-image-overlay-wrap'><a href=\"https:\/\/amsterdam.freefromfoodexpo.com\/home\/\" class='avia_image' target=\"_blank\" rel=\"noopener noreferrer\"><img decoding=\"async\" width=\"239\" height=\"300\" class='wp-image-282709 avia-img-lazy-loading-not-282709 avia_image' src=\"https:\/\/www.procarton.com\/wp-content\/uploads\/2022\/10\/freefrom-image-239x300.jpg\" alt='' title='image libre'  itemprop=\"thumbnailUrl\" srcset=\"https:\/\/www.procarton.com\/wp-content\/uploads\/2022\/10\/freefrom-image-239x300.jpg 239w, https:\/\/www.procarton.com\/wp-content\/uploads\/2022\/10\/freefrom-image-10x12.jpg 10w, https:\/\/www.procarton.com\/wp-content\/uploads\/2022\/10\/freefrom-image.jpg 307w\" sizes=\"(max-width: 239px) 100vw, 239px\" \/><\/a><\/div>\n<\/div>\n<\/div>\n<\/div>\n<div class=\"av-animated-generic top-to-bottom flex_column av_three_fourth  flex_column_div av-zero-column-padding   avia-builder-el-7  el_after_av_one_fourth  avia-builder-el-last  column-top-margin\" style='border-radius:0px; '>\n<section class=\"av_textblock_section\"  itemscope=\"itemscope\" itemtype=\"https:\/\/schema.org\/BlogPosting\" itemprop=\"blogPost\" >\n<div class='avia_textblock'   itemprop=\"text\" >\n<h2>Libre de<\/h2>\n<p>Le secteur des produits sans gluten est en pleine expansion. Les aliments sans produits laitiers, sans gluten et sans produits animaux sont de plus en plus courants et facilement disponibles dans les rayons des supermarch\u00e9s et dans le secteur de la restauration. Non seulement la vari\u00e9t\u00e9 et la gamme de produits, mais aussi la demande ont augment\u00e9. De plus en plus de consommateurs choisissent des produits sans gluten.<\/p>\n<p>Cette 8e \u00e9dition annuelle du principal salon professionnel europ\u00e9en du Free From est le meilleur endroit pour d\u00e9couvrir toutes les derni\u00e8res \u00e9volutions du Free From. Au fil des ans, des centaines de producteurs, de propri\u00e9taires de marques, de chercheurs, de professionnels de l'alimentation, d'acheteurs, de di\u00e9t\u00e9ticiens, de boulangers et bien d'autres ont rejoint la communaut\u00e9 Free From.<\/p>\n<p>L'exposition Free From ne se limite pas aux produits Free From, c'est aussi une occasion de nouer des contacts et d'acqu\u00e9rir des connaissances. Le programme est rempli de professionnels qui partagent leurs derni\u00e8res id\u00e9es sur les tendances, les analyses de march\u00e9, les meilleures et les pires pratiques et bien plus encore.<\/p>\n<\/div>\n<\/section>\n<\/div>","protected":false},"excerpt":{"rendered":"<p>Pro Carton est ravi de participer aux deux journ\u00e9es du salon Free From Functional &amp; Health Ingredients Expo - Amsterdam.<\/p>","protected":false},"author":1286,"featured_media":282707,"comment_status":"closed","ping_status":"open","sticky":false,"template":"","format":"standard","meta":{"inline_featured_image":false,"footnotes":""},"categories":[79,241,44,77,242,52],"tags":[],"class_list":["post-282705","post","type-post","status-publish","format-standard","has-post-thumbnail","hentry","category-brands-markets","category-legislation","category-marketing-trends","category-national-activities","category-procarton","category-sustainability"],"yoast_head":"<!-- This site is optimized with the Yoast SEO plugin v27.4 - https:\/\/yoast.com\/product\/yoast-seo-wordpress\/ -->\n<title>Pro Carton will present at Free From Functional &amp; Health Ingredients Expo - Amsterdam - Pro Carton<\/title>\n<meta name=\"robots\" content=\"index, follow, max-snippet:-1, max-image-preview:large, max-video-preview:-1\" \/>\n<link rel=\"canonical\" href=\"https:\/\/www.procarton.com\/fr\/pro-carton-will-present-at-free-from-functional-health-ingredients-expo-amsterdam\/\" \/>\n<meta property=\"og:locale\" content=\"fr_FR\" \/>\n<meta property=\"og:type\" content=\"article\" \/>\n<meta property=\"og:title\" content=\"Pro Carton will present at Free From Functional &amp; Health Ingredients Expo - Amsterdam - Pro Carton\" \/>\n<meta property=\"og:description\" content=\"Pro Carton is delighted to be presenting on both days at Free From Functional &amp; Health Ingredients Expo - Amsterdam\" \/>\n<meta property=\"og:url\" content=\"https:\/\/www.procarton.com\/fr\/pro-carton-will-present-at-free-from-functional-health-ingredients-expo-amsterdam\/\" \/>\n<meta property=\"og:site_name\" content=\"Pro Carton\" \/>\n<meta property=\"article:publisher\" content=\"https:\/\/www.facebook.com\/procartondesignaward\/\" \/>\n<meta property=\"article:published_time\" content=\"2022-10-25T15:06:37+00:00\" \/>\n<meta property=\"article:modified_time\" content=\"2022-10-28T13:28:45+00:00\" \/>\n<meta property=\"og:image\" content=\"https:\/\/www.procarton.com\/wp-content\/uploads\/2022\/10\/Free-From-Functional-Event-Amsterdam-November-2022-scaled.jpg\" \/>\n\t<meta property=\"og:image:width\" content=\"2560\" \/>\n\t<meta property=\"og:image:height\" content=\"461\" \/>\n\t<meta property=\"og:image:type\" content=\"image\/jpeg\" \/>\n<meta name=\"author\" content=\"ryan@procarton.com\" \/>\n<meta name=\"twitter:card\" content=\"summary_large_image\" \/>\n<meta name=\"twitter:creator\" content=\"@pro_carton\" \/>\n<meta name=\"twitter:site\" content=\"@pro_carton\" \/>\n<meta name=\"twitter:label1\" content=\"\u00c9crit par\" \/>\n\t<meta name=\"twitter:data1\" content=\"ryan@procarton.com\" \/>\n\t<meta name=\"twitter:label2\" content=\"Dur\u00e9e de lecture estim\u00e9e\" \/>\n\t<meta name=\"twitter:data2\" content=\"3 minutes\" \/>\n<script type=\"application\/ld+json\" class=\"yoast-schema-graph\">{\"@context\":\"https:\\\/\\\/schema.org\",\"@graph\":[{\"@type\":\"Article\",\"@id\":\"https:\\\/\\\/www.procarton.com\\\/pro-carton-will-present-at-free-from-functional-health-ingredients-expo-amsterdam\\\/#article\",\"isPartOf\":{\"@id\":\"https:\\\/\\\/www.procarton.com\\\/pro-carton-will-present-at-free-from-functional-health-ingredients-expo-amsterdam\\\/\"},\"author\":{\"name\":\"ryan@procarton.com\",\"@id\":\"https:\\\/\\\/www.procarton.com\\\/es\\\/#\\\/schema\\\/person\\\/8f52811f36555e3fbe8aa433fda4f5b5\"},\"headline\":\"Pro Carton will present at Free From Functional &#038; Health Ingredients Expo &#8211; Amsterdam\",\"datePublished\":\"2022-10-25T15:06:37+00:00\",\"dateModified\":\"2022-10-28T13:28:45+00:00\",\"mainEntityOfPage\":{\"@id\":\"https:\\\/\\\/www.procarton.com\\\/pro-carton-will-present-at-free-from-functional-health-ingredients-expo-amsterdam\\\/\"},\"wordCount\":1160,\"publisher\":{\"@id\":\"https:\\\/\\\/www.procarton.com\\\/es\\\/#organization\"},\"image\":{\"@id\":\"https:\\\/\\\/www.procarton.com\\\/pro-carton-will-present-at-free-from-functional-health-ingredients-expo-amsterdam\\\/#primaryimage\"},\"thumbnailUrl\":\"https:\\\/\\\/www.procarton.com\\\/wp-content\\\/uploads\\\/2022\\\/10\\\/Free-From-Functional-Event-Amsterdam-November-2022-scaled.jpg\",\"articleSection\":[\"Brands &amp; Markets\",\"Legislation\",\"Marketing Trends\",\"National Activities\",\"Pro Carton\",\"Sustainability\"],\"inLanguage\":\"fr-FR\"},{\"@type\":\"WebPage\",\"@id\":\"https:\\\/\\\/www.procarton.com\\\/pro-carton-will-present-at-free-from-functional-health-ingredients-expo-amsterdam\\\/\",\"url\":\"https:\\\/\\\/www.procarton.com\\\/pro-carton-will-present-at-free-from-functional-health-ingredients-expo-amsterdam\\\/\",\"name\":\"Pro Carton will present at Free From Functional & Health Ingredients Expo - Amsterdam - Pro Carton\",\"isPartOf\":{\"@id\":\"https:\\\/\\\/www.procarton.com\\\/es\\\/#website\"},\"primaryImageOfPage\":{\"@id\":\"https:\\\/\\\/www.procarton.com\\\/pro-carton-will-present-at-free-from-functional-health-ingredients-expo-amsterdam\\\/#primaryimage\"},\"image\":{\"@id\":\"https:\\\/\\\/www.procarton.com\\\/pro-carton-will-present-at-free-from-functional-health-ingredients-expo-amsterdam\\\/#primaryimage\"},\"thumbnailUrl\":\"https:\\\/\\\/www.procarton.com\\\/wp-content\\\/uploads\\\/2022\\\/10\\\/Free-From-Functional-Event-Amsterdam-November-2022-scaled.jpg\",\"datePublished\":\"2022-10-25T15:06:37+00:00\",\"dateModified\":\"2022-10-28T13:28:45+00:00\",\"breadcrumb\":{\"@id\":\"https:\\\/\\\/www.procarton.com\\\/pro-carton-will-present-at-free-from-functional-health-ingredients-expo-amsterdam\\\/#breadcrumb\"},\"inLanguage\":\"fr-FR\",\"potentialAction\":[{\"@type\":\"ReadAction\",\"target\":[\"https:\\\/\\\/www.procarton.com\\\/pro-carton-will-present-at-free-from-functional-health-ingredients-expo-amsterdam\\\/\"]}]},{\"@type\":\"ImageObject\",\"inLanguage\":\"fr-FR\",\"@id\":\"https:\\\/\\\/www.procarton.com\\\/pro-carton-will-present-at-free-from-functional-health-ingredients-expo-amsterdam\\\/#primaryimage\",\"url\":\"https:\\\/\\\/www.procarton.com\\\/wp-content\\\/uploads\\\/2022\\\/10\\\/Free-From-Functional-Event-Amsterdam-November-2022-scaled.jpg\",\"contentUrl\":\"https:\\\/\\\/www.procarton.com\\\/wp-content\\\/uploads\\\/2022\\\/10\\\/Free-From-Functional-Event-Amsterdam-November-2022-scaled.jpg\",\"width\":2560,\"height\":461},{\"@type\":\"BreadcrumbList\",\"@id\":\"https:\\\/\\\/www.procarton.com\\\/pro-carton-will-present-at-free-from-functional-health-ingredients-expo-amsterdam\\\/#breadcrumb\",\"itemListElement\":[{\"@type\":\"ListItem\",\"position\":1,\"name\":\"Home\",\"item\":\"https:\\\/\\\/www.procarton.com\\\/\"},{\"@type\":\"ListItem\",\"position\":2,\"name\":\"Pro Carton will present at Free From Functional &#038; Health Ingredients Expo &#8211; Amsterdam\"}]},{\"@type\":\"WebSite\",\"@id\":\"https:\\\/\\\/www.procarton.com\\\/es\\\/#website\",\"url\":\"https:\\\/\\\/www.procarton.com\\\/es\\\/\",\"name\":\"Pro Carton\",\"description\":\"\",\"publisher\":{\"@id\":\"https:\\\/\\\/www.procarton.com\\\/es\\\/#organization\"},\"potentialAction\":[{\"@type\":\"SearchAction\",\"target\":{\"@type\":\"EntryPoint\",\"urlTemplate\":\"https:\\\/\\\/www.procarton.com\\\/es\\\/?s={search_term_string}\"},\"query-input\":{\"@type\":\"PropertyValueSpecification\",\"valueRequired\":true,\"valueName\":\"search_term_string\"}}],\"inLanguage\":\"fr-FR\"},{\"@type\":\"Organization\",\"@id\":\"https:\\\/\\\/www.procarton.com\\\/es\\\/#organization\",\"name\":\"ProCarton\",\"url\":\"https:\\\/\\\/www.procarton.com\\\/es\\\/\",\"logo\":{\"@type\":\"ImageObject\",\"inLanguage\":\"fr-FR\",\"@id\":\"https:\\\/\\\/www.procarton.com\\\/es\\\/#\\\/schema\\\/logo\\\/image\\\/\",\"url\":\"https:\\\/\\\/www.procarton.com\\\/wp-content\\\/uploads\\\/2022\\\/06\\\/logo-mit-slogan.jpg\",\"contentUrl\":\"https:\\\/\\\/www.procarton.com\\\/wp-content\\\/uploads\\\/2022\\\/06\\\/logo-mit-slogan.jpg\",\"width\":422,\"height\":519,\"caption\":\"ProCarton\"},\"image\":{\"@id\":\"https:\\\/\\\/www.procarton.com\\\/es\\\/#\\\/schema\\\/logo\\\/image\\\/\"},\"sameAs\":[\"https:\\\/\\\/www.facebook.com\\\/procartondesignaward\\\/\",\"https:\\\/\\\/x.com\\\/pro_carton\"]},{\"@type\":\"Person\",\"@id\":\"https:\\\/\\\/www.procarton.com\\\/es\\\/#\\\/schema\\\/person\\\/8f52811f36555e3fbe8aa433fda4f5b5\",\"name\":\"ryan@procarton.com\",\"url\":\"https:\\\/\\\/www.procarton.com\\\/fr\\\/author\\\/pro-carton-3\\\/\"}]}<\/script>\n<!-- \/ Yoast SEO plugin. -->","yoast_head_json":{"title":"Pro Carton sera pr\u00e9sent au salon Free From Functional &amp; Health Ingredients Expo - Amsterdam - Pro Carton","robots":{"index":"index","follow":"follow","max-snippet":"max-snippet:-1","max-image-preview":"max-image-preview:large","max-video-preview":"max-video-preview:-1"},"canonical":"https:\/\/www.procarton.com\/fr\/pro-carton-will-present-at-free-from-functional-health-ingredients-expo-amsterdam\/","og_locale":"fr_FR","og_type":"article","og_title":"Pro Carton will present at Free From Functional & Health Ingredients Expo - Amsterdam - Pro Carton","og_description":"Pro Carton is delighted to be presenting on both days at Free From Functional & Health Ingredients Expo - Amsterdam","og_url":"https:\/\/www.procarton.com\/fr\/pro-carton-will-present-at-free-from-functional-health-ingredients-expo-amsterdam\/","og_site_name":"Pro Carton","article_publisher":"https:\/\/www.facebook.com\/procartondesignaward\/","article_published_time":"2022-10-25T15:06:37+00:00","article_modified_time":"2022-10-28T13:28:45+00:00","og_image":[{"width":2560,"height":461,"url":"https:\/\/www.procarton.com\/wp-content\/uploads\/2022\/10\/Free-From-Functional-Event-Amsterdam-November-2022-scaled.jpg","type":"image\/jpeg"}],"author":"ryan@procarton.com","twitter_card":"summary_large_image","twitter_creator":"@pro_carton","twitter_site":"@pro_carton","twitter_misc":{"\u00c9crit par":"ryan@procarton.com","Dur\u00e9e de lecture estim\u00e9e":"3 minutes"},"schema":{"@context":"https:\/\/schema.org","@graph":[{"@type":"Article","@id":"https:\/\/www.procarton.com\/pro-carton-will-present-at-free-from-functional-health-ingredients-expo-amsterdam\/#article","isPartOf":{"@id":"https:\/\/www.procarton.com\/pro-carton-will-present-at-free-from-functional-health-ingredients-expo-amsterdam\/"},"author":{"name":"ryan@procarton.com","@id":"https:\/\/www.procarton.com\/es\/#\/schema\/person\/8f52811f36555e3fbe8aa433fda4f5b5"},"headline":"Pro Carton will present at Free From Functional &#038; Health Ingredients Expo &#8211; Amsterdam","datePublished":"2022-10-25T15:06:37+00:00","dateModified":"2022-10-28T13:28:45+00:00","mainEntityOfPage":{"@id":"https:\/\/www.procarton.com\/pro-carton-will-present-at-free-from-functional-health-ingredients-expo-amsterdam\/"},"wordCount":1160,"publisher":{"@id":"https:\/\/www.procarton.com\/es\/#organization"},"image":{"@id":"https:\/\/www.procarton.com\/pro-carton-will-present-at-free-from-functional-health-ingredients-expo-amsterdam\/#primaryimage"},"thumbnailUrl":"https:\/\/www.procarton.com\/wp-content\/uploads\/2022\/10\/Free-From-Functional-Event-Amsterdam-November-2022-scaled.jpg","articleSection":["Brands &amp; Markets","Legislation","Marketing Trends","National Activities","Pro Carton","Sustainability"],"inLanguage":"fr-FR"},{"@type":"WebPage","@id":"https:\/\/www.procarton.com\/pro-carton-will-present-at-free-from-functional-health-ingredients-expo-amsterdam\/","url":"https:\/\/www.procarton.com\/pro-carton-will-present-at-free-from-functional-health-ingredients-expo-amsterdam\/","name":"Pro Carton sera pr\u00e9sent au salon Free From Functional &amp; Health Ingredients Expo - Amsterdam - Pro Carton","isPartOf":{"@id":"https:\/\/www.procarton.com\/es\/#website"},"primaryImageOfPage":{"@id":"https:\/\/www.procarton.com\/pro-carton-will-present-at-free-from-functional-health-ingredients-expo-amsterdam\/#primaryimage"},"image":{"@id":"https:\/\/www.procarton.com\/pro-carton-will-present-at-free-from-functional-health-ingredients-expo-amsterdam\/#primaryimage"},"thumbnailUrl":"https:\/\/www.procarton.com\/wp-content\/uploads\/2022\/10\/Free-From-Functional-Event-Amsterdam-November-2022-scaled.jpg","datePublished":"2022-10-25T15:06:37+00:00","dateModified":"2022-10-28T13:28:45+00:00","breadcrumb":{"@id":"https:\/\/www.procarton.com\/pro-carton-will-present-at-free-from-functional-health-ingredients-expo-amsterdam\/#breadcrumb"},"inLanguage":"fr-FR","potentialAction":[{"@type":"ReadAction","target":["https:\/\/www.procarton.com\/pro-carton-will-present-at-free-from-functional-health-ingredients-expo-amsterdam\/"]}]},{"@type":"ImageObject","inLanguage":"fr-FR","@id":"https:\/\/www.procarton.com\/pro-carton-will-present-at-free-from-functional-health-ingredients-expo-amsterdam\/#primaryimage","url":"https:\/\/www.procarton.com\/wp-content\/uploads\/2022\/10\/Free-From-Functional-Event-Amsterdam-November-2022-scaled.jpg","contentUrl":"https:\/\/www.procarton.com\/wp-content\/uploads\/2022\/10\/Free-From-Functional-Event-Amsterdam-November-2022-scaled.jpg","width":2560,"height":461},{"@type":"BreadcrumbList","@id":"https:\/\/www.procarton.com\/pro-carton-will-present-at-free-from-functional-health-ingredients-expo-amsterdam\/#breadcrumb","itemListElement":[{"@type":"ListItem","position":1,"name":"Home","item":"https:\/\/www.procarton.com\/"},{"@type":"ListItem","position":2,"name":"Pro Carton will present at Free From Functional &#038; Health Ingredients Expo &#8211; Amsterdam"}]},{"@type":"WebSite","@id":"https:\/\/www.procarton.com\/es\/#website","url":"https:\/\/www.procarton.com\/es\/","name":"Pro Carton","description":"","publisher":{"@id":"https:\/\/www.procarton.com\/es\/#organization"},"potentialAction":[{"@type":"SearchAction","target":{"@type":"EntryPoint","urlTemplate":"https:\/\/www.procarton.com\/es\/?s={search_term_string}"},"query-input":{"@type":"PropertyValueSpecification","valueRequired":true,"valueName":"search_term_string"}}],"inLanguage":"fr-FR"},{"@type":"Organization","@id":"https:\/\/www.procarton.com\/es\/#organization","name":"ProCarton","url":"https:\/\/www.procarton.com\/es\/","logo":{"@type":"ImageObject","inLanguage":"fr-FR","@id":"https:\/\/www.procarton.com\/es\/#\/schema\/logo\/image\/","url":"https:\/\/www.procarton.com\/wp-content\/uploads\/2022\/06\/logo-mit-slogan.jpg","contentUrl":"https:\/\/www.procarton.com\/wp-content\/uploads\/2022\/06\/logo-mit-slogan.jpg","width":422,"height":519,"caption":"ProCarton"},"image":{"@id":"https:\/\/www.procarton.com\/es\/#\/schema\/logo\/image\/"},"sameAs":["https:\/\/www.facebook.com\/procartondesignaward\/","https:\/\/x.com\/pro_carton"]},{"@type":"Person","@id":"https:\/\/www.procarton.com\/es\/#\/schema\/person\/8f52811f36555e3fbe8aa433fda4f5b5","name":"ryan@procarton.com","url":"https:\/\/www.procarton.com\/fr\/author\/pro-carton-3\/"}]}},"_links":{"self":[{"href":"https:\/\/www.procarton.com\/fr\/wp-json\/wp\/v2\/posts\/282705","targetHints":{"allow":["GET"]}}],"collection":[{"href":"https:\/\/www.procarton.com\/fr\/wp-json\/wp\/v2\/posts"}],"about":[{"href":"https:\/\/www.procarton.com\/fr\/wp-json\/wp\/v2\/types\/post"}],"author":[{"embeddable":true,"href":"https:\/\/www.procarton.com\/fr\/wp-json\/wp\/v2\/users\/1286"}],"replies":[{"embeddable":true,"href":"https:\/\/www.procarton.com\/fr\/wp-json\/wp\/v2\/comments?post=282705"}],"version-history":[{"count":3,"href":"https:\/\/www.procarton.com\/fr\/wp-json\/wp\/v2\/posts\/282705\/revisions"}],"predecessor-version":[{"id":282711,"href":"https:\/\/www.procarton.com\/fr\/wp-json\/wp\/v2\/posts\/282705\/revisions\/282711"}],"wp:featuredmedia":[{"embeddable":true,"href":"https:\/\/www.procarton.com\/fr\/wp-json\/wp\/v2\/media\/282707"}],"wp:attachment":[{"href":"https:\/\/www.procarton.com\/fr\/wp-json\/wp\/v2\/media?parent=282705"}],"wp:term":[{"taxonomy":"category","embeddable":true,"href":"https:\/\/www.procarton.com\/fr\/wp-json\/wp\/v2\/categories?post=282705"},{"taxonomy":"post_tag","embeddable":true,"href":"https:\/\/www.procarton.com\/fr\/wp-json\/wp\/v2\/tags?post=282705"}],"curies":[{"name":"wp","href":"https:\/\/api.w.org\/{rel}","templated":true}]}}