{"id":280652,"date":"2022-08-04T11:11:17","date_gmt":"2022-08-04T10:11:17","guid":{"rendered":"https:\/\/www.procarton.com\/?p=280652"},"modified":"2022-08-22T16:34:54","modified_gmt":"2022-08-22T15:34:54","slug":"voting-opens-for-european-carton-excellence-award-and-pro-cartons-young-designer-award","status":"publish","type":"post","link":"https:\/\/www.procarton.com\/fr\/voting-opens-for-european-carton-excellence-award-and-pro-cartons-young-designer-award\/","title":{"rendered":"Ouverture des votes pour l'European Carton Excellence Award et les Young Designers Award de Pro Carton"},"content":{"rendered":"<div class=\"av-animated-generic top-to-bottom flex_column av_one_full  flex_column_div av-zero-column-padding first  avia-builder-el-0  el_before_av_two_fifth  avia-builder-el-first\" style='border-radius:0px; '>\n<section class=\"av_textblock_section\"  itemscope=\"itemscope\" itemtype=\"https:\/\/schema.org\/BlogPosting\" itemprop=\"blogPost\" >\n<div class='avia_textblock'   itemprop=\"text\" >\n<h3 style=\"text-align: center;\">Pro Carton invite les membres du public \u00e0 voter et \u00e0 participer \u00e0 la s\u00e9lection des laur\u00e9ats des Public Awards dans le cadre du concours 2022. <a href=\"https:\/\/www.procarton.com\/awards\/european-carton-excellence-award\/2022-2\/\" target=\"_blank\" rel=\"noopener\">European Carton Excellence Award<\/a> (ECEA) et <a href=\"https:\/\/www.procarton.com\/awards\/pro-carton-young-designers-award\/2022-2\/\" target=\"_blank\" rel=\"noopener\">Pro Carton Young Designers Award<\/a> (PCYDA).<\/h3>\n<\/div>\n<\/section>\n<\/div>\n<div class=\"av-animated-generic top-to-bottom flex_column av_two_fifth  flex_column_div av-zero-column-padding first  avia-builder-el-2  el_after_av_one_full  el_before_av_three_fifth  column-top-margin\" style='border-radius:0px; '>\n<div  style='height:50px' class='hr hr-invisible   avia-builder-el-3  el_before_av_image  avia-builder-el-first'><span class='hr-inner' ><span class='hr-inner-style'><\/span><\/span><\/div>\n<div  class='avia-image-container  av-styling-    avia-builder-el-4  el_after_av_hr  avia-builder-el-last  avia-align-center'  itemprop=\"image\" itemscope=\"itemscope\" itemtype=\"https:\/\/schema.org\/ImageObject\"  >\n<div class='avia-image-container-inner'>\n<div class='avia-image-overlay-wrap'><a href=\"https:\/\/www.procarton.com\/awards\/\" class='avia_image' target=\"_blank\" rel=\"noopener noreferrer\"><img decoding=\"async\" width=\"1030\" height=\"687\" class='wp-image-279527 avia-img-lazy-loading-not-279527 avia_image' src=\"https:\/\/www.procarton.com\/wp-content\/uploads\/2022\/06\/Pro-Carton-Awards-2022-1030x687.png\" alt='' title='Pro Carton Awards 2022'  itemprop=\"thumbnailUrl\" srcset=\"https:\/\/www.procarton.com\/wp-content\/uploads\/2022\/06\/Pro-Carton-Awards-2022-1030x687.png 1030w, https:\/\/www.procarton.com\/wp-content\/uploads\/2022\/06\/Pro-Carton-Awards-2022-300x200.png 300w, https:\/\/www.procarton.com\/wp-content\/uploads\/2022\/06\/Pro-Carton-Awards-2022-768x512.png 768w, https:\/\/www.procarton.com\/wp-content\/uploads\/2022\/06\/Pro-Carton-Awards-2022-18x12.png 18w, https:\/\/www.procarton.com\/wp-content\/uploads\/2022\/06\/Pro-Carton-Awards-2022-705x470.png 705w, https:\/\/www.procarton.com\/wp-content\/uploads\/2022\/06\/Pro-Carton-Awards-2022.png 1200w\" sizes=\"(max-width: 1030px) 100vw, 1030px\" \/><\/a><\/div>\n<\/div>\n<\/div>\n<\/div>\n<div class=\"av-animated-generic top-to-bottom flex_column av_three_fifth  flex_column_div av-zero-column-padding   avia-builder-el-5  el_after_av_two_fifth  el_before_av_three_fifth  column-top-margin\" style='border-radius:0px; '>\n<section class=\"av_textblock_section\"  itemscope=\"itemscope\" itemtype=\"https:\/\/schema.org\/BlogPosting\" itemprop=\"blogPost\" >\n<div class='avia_textblock'   itemprop=\"text\" >\n<h5>Votez pour vos concepts d'emballage pr\u00e9f\u00e9r\u00e9s<\/h5>\n<p><a href=\"https:\/\/www.procarton.com\/awards\/european-carton-excellence-award\/2022-2\/public-vote\/\" target=\"_blank\" rel=\"noopener\">Le vote du public est maintenant ouvert<\/a> pour le prix European Carton Excellence Award (ECEA). Premier concours de conception d'emballages durables sur le continent, ce prix r\u00e9compense le travail cr\u00e9atif et l'expertise industrielle des fabricants et transformateurs de carton.<\/p>\n<p>WestRock a remport\u00e9 le Award public l'an dernier avec son <a href=\"https:\/\/www.procarton.com\/the_awards\/smarties-giant-hexatube\/\" target=\"_blank\" rel=\"noopener\">Hexatube g\u00e9ant Smarties<\/a>. Le design est enti\u00e8rement r\u00e9alis\u00e9 en carton, rempla\u00e7ant le bouchon en plastique et le joint r\u00e9tractable en plastique de l'emballage pr\u00e9c\u00e9dent des Smarties afin de pr\u00e9server l'environnement de plus de 100 tonnes de plastique par an. L'emballage est l'un des plus difficiles \u00e0 produire techniquement pour WestRock, en raison des niveaux \u00e9lev\u00e9s de pr\u00e9cision de la d\u00e9coupe et du rainurage, qui garantissent que le produit peut \u00eatre rempli r\u00e9guli\u00e8rement \u00e0 grande vitesse dans l'usine et que sa fonction d'inviolabilit\u00e9 n'est pas entrav\u00e9e.<\/p>\n<p>Les candidatures s\u00e9lectionn\u00e9es pour le vote du public cette ann\u00e9e repr\u00e9sentent le meilleur de l'industrie europ\u00e9enne de la bo\u00eete pliante. La liste des finalistes comprend 24 solutions qui couvrent un large \u00e9ventail d'applications. Les juges ont \u00e9t\u00e9 stup\u00e9faits par la qualit\u00e9 et la fonctionnalit\u00e9 des projets soumis cette ann\u00e9e par certaines des usines de carton, des transformateurs et des concepteurs les plus connus de l'industrie. Les finalistes ont non seulement retenu l'attention des juges pour leur approche innovante de la conception d'emballages, mais aussi pour leur capacit\u00e9 \u00e0 transmettre au consommateur l'importance des concepts d'emballages \u00e9cologiques et durables.<\/p>\n<\/div>\n<\/section>\n<\/div>\n<div class=\"av-animated-generic top-to-bottom flex_column av_three_fifth  flex_column_div av-zero-column-padding first  avia-builder-el-7  el_after_av_three_fifth  el_before_av_two_fifth\" style='border-radius:0px; '>\n<section class=\"av_textblock_section\"  itemscope=\"itemscope\" itemtype=\"https:\/\/schema.org\/BlogPosting\" itemprop=\"blogPost\" >\n<div class='avia_textblock'   itemprop=\"text\" >\n<h5>S\u00e9lectionnez les jeunes designers gagnants de cette ann\u00e9e<\/h5>\n<p><a href=\"https:\/\/www.procarton.com\/awards\/pro-carton-young-designers-award\/2022-2\/public-voting\/\" target=\"_blank\" rel=\"noopener\">Le vote est \u00e9galement ouvert<\/a> pour le principal concours annuel europ\u00e9en de jeunes talents en mati\u00e8re de conception d'emballages, Pro Carton's Young Designers Award (PCYDA), qui invite les \u00e9tudiants \u00e0 concevoir et \u00e0 cr\u00e9er des concepts cr\u00e9atifs pour le carton dans quatre cat\u00e9gories : Alimentation et boissons, Tous les autres, Id\u00e9es cr\u00e9atives pour le carton et Durabilit\u00e9.<\/p>\n<p>Cette ann\u00e9e, le PCYDA a re\u00e7u plus de 830 candidatures provenant de plus de 100 universit\u00e9s et \u00e9tablissements d'enseignement sup\u00e9rieur de toute l'Europe, battant ainsi le record de 2021. Les juges ont \u00e9t\u00e9 tr\u00e8s impressionn\u00e9s par la cr\u00e9ativit\u00e9 et l'innovation des candidatures, ainsi que par la pr\u00e9sentation professionnelle des vid\u00e9os soumises pour accompagner chaque projet. Les 25 meilleurs projets sont maintenant ouverts au public, qui peut choisir son favori sur le site Web de Pro Carton. <a href=\"https:\/\/www.procarton.com\/awards\/pro-carton-young-designers-award\/2022-2\/public-voting\/\" target=\"_blank\" rel=\"noopener\">ici<\/a>.<\/p>\n<p>Le vote pour le European Carton Excellence Awards et le Pro Carton Young Designers Award est d\u00e9sormais ouvert sur le site Web de Pro Carton. Pour les deux prix, les membres du public peuvent voter une fois par inscription, avec trois votes disponibles au total. Le vote se termine le vendredi 26 ao\u00fbt. Les gagnants seront annonc\u00e9s lors d'une <a href=\"https:\/\/www.procarton.com\/ecma-congress-2022-join-the-folding-carton-event-of-the-year\/\" target=\"_blank\" rel=\"noopener\">Gala Awards le 15 septembre \u00e0 Cracovie, Pologne<\/a>.<\/p>\n<p>Commentant la qualit\u00e9 des candidatures de cette ann\u00e9e, <strong>Winfried Muehling, directeur g\u00e9n\u00e9ral de Pro Carton<\/strong> a dit :<\/p>\n<p><em> \"J'ai \u00e9t\u00e9 vraiment impressionn\u00e9 par la qualit\u00e9 des candidatures pour le European Carton Excellence Award et le Pro Carton Young Designers Award ! De nombreuses candidatures ont obtenu des scores \u00e9lev\u00e9s dans tous les crit\u00e8res de s\u00e9lection, de l'apparence \u00e0 la cr\u00e9ativit\u00e9 en passant par la protection et l'authenticit\u00e9. Nous aimerions que le grand public nous aide \u00e0 d\u00e9signer le gagnant du vote du public en s\u00e9lectionnant son favori et nous avons h\u00e2te d'annoncer les gagnants en septembre prochain !\"<\/em><\/p>\n<\/div>\n<\/section>\n<\/div>\n<div class=\"av-animated-generic top-to-bottom flex_column av_two_fifth  flex_column_div av-zero-column-padding   avia-builder-el-9  el_after_av_three_fifth  avia-builder-el-last\" style='border-radius:0px; '>\n<div  style='height:50px' class='hr hr-invisible   avia-builder-el-10  el_before_av_image  avia-builder-el-first'><span class='hr-inner' ><span class='hr-inner-style'><\/span><\/span><\/div>\n<div  class='avia-image-container  av-styling-    avia-builder-el-11  el_after_av_hr  avia-builder-el-last  avia-align-center'  itemprop=\"image\" itemscope=\"itemscope\" itemtype=\"https:\/\/schema.org\/ImageObject\"  >\n<div class='avia-image-container-inner'>\n<div class='avia-image-overlay-wrap'><a href=\"https:\/\/www.procarton.com\/awards\/pro-carton-young-designers-award\/2022-2\/public-voting\/\" class='avia_image' target=\"_blank\" rel=\"noopener noreferrer\"><img decoding=\"async\" width=\"264\" height=\"300\" class='wp-image-280653 avia-img-lazy-loading-not-280653 avia_image' src=\"https:\/\/www.procarton.com\/wp-content\/uploads\/2022\/08\/August-2022-voting-open-on-PCYDA-264x300.png\" alt='' title='Ao\u00fbt 2022 : ouverture du vote sur PCYDA'  itemprop=\"thumbnailUrl\" srcset=\"https:\/\/www.procarton.com\/wp-content\/uploads\/2022\/08\/August-2022-voting-open-on-PCYDA-264x300.png 264w, https:\/\/www.procarton.com\/wp-content\/uploads\/2022\/08\/August-2022-voting-open-on-PCYDA-11x12.png 11w, https:\/\/www.procarton.com\/wp-content\/uploads\/2022\/08\/August-2022-voting-open-on-PCYDA-620x705.png 620w, https:\/\/www.procarton.com\/wp-content\/uploads\/2022\/08\/August-2022-voting-open-on-PCYDA.png 678w\" sizes=\"(max-width: 264px) 100vw, 264px\" \/><\/a><\/div>\n<\/div>\n<\/div>\n<\/div>","protected":false},"excerpt":{"rendered":"<p>Le vote du public est d\u00e9sormais ouvert pour le concours European Carton Excellence Public Award (ECEA), et le concours Pro Carton Young Designers Award (PCYDA).   Les membres du public peuvent voter pour ces deux concours de conception d'emballages durables, dont les laur\u00e9ats seront annonc\u00e9s en septembre.<\/p>","protected":false},"author":1286,"featured_media":0,"comment_status":"closed","ping_status":"open","sticky":false,"template":"","format":"standard","meta":{"inline_featured_image":false,"footnotes":""},"categories":[42,242],"tags":[],"class_list":["post-280652","post","type-post","status-publish","format-standard","hentry","category-awards","category-procarton"],"yoast_head":"<!-- This site is optimized with the Yoast SEO plugin v27.4 - https:\/\/yoast.com\/product\/yoast-seo-wordpress\/ -->\n<title>Voting opens for European Carton Excellence Award and Pro Carton\u2019s Young Designers Award - Pro Carton<\/title>\n<meta name=\"robots\" content=\"index, follow, max-snippet:-1, max-image-preview:large, max-video-preview:-1\" \/>\n<link rel=\"canonical\" href=\"https:\/\/www.procarton.com\/fr\/voting-opens-for-european-carton-excellence-award-and-pro-cartons-young-designer-award\/\" \/>\n<meta property=\"og:locale\" content=\"fr_FR\" \/>\n<meta property=\"og:type\" content=\"article\" \/>\n<meta property=\"og:title\" content=\"Voting opens for European Carton Excellence Award and Pro Carton\u2019s Young Designers Award - Pro Carton\" \/>\n<meta property=\"og:description\" content=\"Public voting is now open for the European Carton Excellence Public Award (ECEA), and the Pro Carton Young Designers Award (PCYDA).  Members of the public can vote in the two sustainable packaging design competitions, where the winning entrants will be announced in September.\" \/>\n<meta property=\"og:url\" content=\"https:\/\/www.procarton.com\/fr\/voting-opens-for-european-carton-excellence-award-and-pro-cartons-young-designer-award\/\" \/>\n<meta property=\"og:site_name\" content=\"Pro Carton\" \/>\n<meta property=\"article:publisher\" content=\"https:\/\/www.facebook.com\/procartondesignaward\/\" \/>\n<meta property=\"article:published_time\" content=\"2022-08-04T10:11:17+00:00\" \/>\n<meta property=\"article:modified_time\" content=\"2022-08-22T15:34:54+00:00\" \/>\n<meta property=\"og:image\" content=\"https:\/\/www.procarton.com\/wp-content\/uploads\/2022\/06\/Pro-Carton-Awards-2022.png\" \/>\n\t<meta property=\"og:image:width\" content=\"1200\" \/>\n\t<meta property=\"og:image:height\" content=\"800\" \/>\n\t<meta property=\"og:image:type\" content=\"image\/png\" \/>\n<meta name=\"author\" content=\"ryan@procarton.com\" \/>\n<meta name=\"twitter:card\" content=\"summary_large_image\" \/>\n<meta name=\"twitter:creator\" content=\"@pro_carton\" \/>\n<meta name=\"twitter:site\" content=\"@pro_carton\" \/>\n<meta name=\"twitter:label1\" content=\"\u00c9crit par\" \/>\n\t<meta name=\"twitter:data1\" content=\"ryan@procarton.com\" \/>\n\t<meta name=\"twitter:label2\" content=\"Dur\u00e9e de lecture estim\u00e9e\" \/>\n\t<meta name=\"twitter:data2\" content=\"4 minutes\" \/>\n<script type=\"application\/ld+json\" class=\"yoast-schema-graph\">{\"@context\":\"https:\\\/\\\/schema.org\",\"@graph\":[{\"@type\":\"Article\",\"@id\":\"https:\\\/\\\/www.procarton.com\\\/voting-opens-for-european-carton-excellence-award-and-pro-cartons-young-designer-award\\\/#article\",\"isPartOf\":{\"@id\":\"https:\\\/\\\/www.procarton.com\\\/voting-opens-for-european-carton-excellence-award-and-pro-cartons-young-designer-award\\\/\"},\"author\":{\"name\":\"ryan@procarton.com\",\"@id\":\"https:\\\/\\\/www.procarton.com\\\/es\\\/#\\\/schema\\\/person\\\/8f52811f36555e3fbe8aa433fda4f5b5\"},\"headline\":\"Voting opens for European Carton Excellence Award and Pro Carton\u2019s Young Designers Award\",\"datePublished\":\"2022-08-04T10:11:17+00:00\",\"dateModified\":\"2022-08-22T15:34:54+00:00\",\"mainEntityOfPage\":{\"@id\":\"https:\\\/\\\/www.procarton.com\\\/voting-opens-for-european-carton-excellence-award-and-pro-cartons-young-designer-award\\\/\"},\"wordCount\":1614,\"publisher\":{\"@id\":\"https:\\\/\\\/www.procarton.com\\\/es\\\/#organization\"},\"articleSection\":[\"Awards\",\"Pro Carton\"],\"inLanguage\":\"fr-FR\"},{\"@type\":\"WebPage\",\"@id\":\"https:\\\/\\\/www.procarton.com\\\/voting-opens-for-european-carton-excellence-award-and-pro-cartons-young-designer-award\\\/\",\"url\":\"https:\\\/\\\/www.procarton.com\\\/voting-opens-for-european-carton-excellence-award-and-pro-cartons-young-designer-award\\\/\",\"name\":\"Voting opens for European Carton Excellence Award and Pro Carton\u2019s Young Designers Award - Pro Carton\",\"isPartOf\":{\"@id\":\"https:\\\/\\\/www.procarton.com\\\/es\\\/#website\"},\"datePublished\":\"2022-08-04T10:11:17+00:00\",\"dateModified\":\"2022-08-22T15:34:54+00:00\",\"breadcrumb\":{\"@id\":\"https:\\\/\\\/www.procarton.com\\\/voting-opens-for-european-carton-excellence-award-and-pro-cartons-young-designer-award\\\/#breadcrumb\"},\"inLanguage\":\"fr-FR\",\"potentialAction\":[{\"@type\":\"ReadAction\",\"target\":[\"https:\\\/\\\/www.procarton.com\\\/voting-opens-for-european-carton-excellence-award-and-pro-cartons-young-designer-award\\\/\"]}]},{\"@type\":\"BreadcrumbList\",\"@id\":\"https:\\\/\\\/www.procarton.com\\\/voting-opens-for-european-carton-excellence-award-and-pro-cartons-young-designer-award\\\/#breadcrumb\",\"itemListElement\":[{\"@type\":\"ListItem\",\"position\":1,\"name\":\"Home\",\"item\":\"https:\\\/\\\/www.procarton.com\\\/\"},{\"@type\":\"ListItem\",\"position\":2,\"name\":\"Voting opens for European Carton Excellence Award and Pro Carton\u2019s Young Designers Award\"}]},{\"@type\":\"WebSite\",\"@id\":\"https:\\\/\\\/www.procarton.com\\\/es\\\/#website\",\"url\":\"https:\\\/\\\/www.procarton.com\\\/es\\\/\",\"name\":\"Pro Carton\",\"description\":\"\",\"publisher\":{\"@id\":\"https:\\\/\\\/www.procarton.com\\\/es\\\/#organization\"},\"potentialAction\":[{\"@type\":\"SearchAction\",\"target\":{\"@type\":\"EntryPoint\",\"urlTemplate\":\"https:\\\/\\\/www.procarton.com\\\/es\\\/?s={search_term_string}\"},\"query-input\":{\"@type\":\"PropertyValueSpecification\",\"valueRequired\":true,\"valueName\":\"search_term_string\"}}],\"inLanguage\":\"fr-FR\"},{\"@type\":\"Organization\",\"@id\":\"https:\\\/\\\/www.procarton.com\\\/es\\\/#organization\",\"name\":\"ProCarton\",\"url\":\"https:\\\/\\\/www.procarton.com\\\/es\\\/\",\"logo\":{\"@type\":\"ImageObject\",\"inLanguage\":\"fr-FR\",\"@id\":\"https:\\\/\\\/www.procarton.com\\\/es\\\/#\\\/schema\\\/logo\\\/image\\\/\",\"url\":\"https:\\\/\\\/www.procarton.com\\\/wp-content\\\/uploads\\\/2022\\\/06\\\/logo-mit-slogan.jpg\",\"contentUrl\":\"https:\\\/\\\/www.procarton.com\\\/wp-content\\\/uploads\\\/2022\\\/06\\\/logo-mit-slogan.jpg\",\"width\":422,\"height\":519,\"caption\":\"ProCarton\"},\"image\":{\"@id\":\"https:\\\/\\\/www.procarton.com\\\/es\\\/#\\\/schema\\\/logo\\\/image\\\/\"},\"sameAs\":[\"https:\\\/\\\/www.facebook.com\\\/procartondesignaward\\\/\",\"https:\\\/\\\/x.com\\\/pro_carton\"]},{\"@type\":\"Person\",\"@id\":\"https:\\\/\\\/www.procarton.com\\\/es\\\/#\\\/schema\\\/person\\\/8f52811f36555e3fbe8aa433fda4f5b5\",\"name\":\"ryan@procarton.com\",\"url\":\"https:\\\/\\\/www.procarton.com\\\/fr\\\/author\\\/pro-carton-3\\\/\"}]}<\/script>\n<!-- \/ Yoast SEO plugin. -->","yoast_head_json":{"title":"Ouverture des votes pour l'Excellence europ\u00e9enne en mati\u00e8re de cartons Award et les Jeunes concepteurs de Pro Carton Award - Pro Carton","robots":{"index":"index","follow":"follow","max-snippet":"max-snippet:-1","max-image-preview":"max-image-preview:large","max-video-preview":"max-video-preview:-1"},"canonical":"https:\/\/www.procarton.com\/fr\/voting-opens-for-european-carton-excellence-award-and-pro-cartons-young-designer-award\/","og_locale":"fr_FR","og_type":"article","og_title":"Voting opens for European Carton Excellence Award and Pro Carton\u2019s Young Designers Award - Pro Carton","og_description":"Public voting is now open for the European Carton Excellence Public Award (ECEA), and the Pro Carton Young Designers Award (PCYDA).  Members of the public can vote in the two sustainable packaging design competitions, where the winning entrants will be announced in September.","og_url":"https:\/\/www.procarton.com\/fr\/voting-opens-for-european-carton-excellence-award-and-pro-cartons-young-designer-award\/","og_site_name":"Pro Carton","article_publisher":"https:\/\/www.facebook.com\/procartondesignaward\/","article_published_time":"2022-08-04T10:11:17+00:00","article_modified_time":"2022-08-22T15:34:54+00:00","og_image":[{"width":1200,"height":800,"url":"https:\/\/www.procarton.com\/wp-content\/uploads\/2022\/06\/Pro-Carton-Awards-2022.png","type":"image\/png"}],"author":"ryan@procarton.com","twitter_card":"summary_large_image","twitter_creator":"@pro_carton","twitter_site":"@pro_carton","twitter_misc":{"\u00c9crit par":"ryan@procarton.com","Dur\u00e9e de lecture estim\u00e9e":"4 minutes"},"schema":{"@context":"https:\/\/schema.org","@graph":[{"@type":"Article","@id":"https:\/\/www.procarton.com\/voting-opens-for-european-carton-excellence-award-and-pro-cartons-young-designer-award\/#article","isPartOf":{"@id":"https:\/\/www.procarton.com\/voting-opens-for-european-carton-excellence-award-and-pro-cartons-young-designer-award\/"},"author":{"name":"ryan@procarton.com","@id":"https:\/\/www.procarton.com\/es\/#\/schema\/person\/8f52811f36555e3fbe8aa433fda4f5b5"},"headline":"Voting opens for European Carton Excellence Award and Pro Carton\u2019s Young Designers Award","datePublished":"2022-08-04T10:11:17+00:00","dateModified":"2022-08-22T15:34:54+00:00","mainEntityOfPage":{"@id":"https:\/\/www.procarton.com\/voting-opens-for-european-carton-excellence-award-and-pro-cartons-young-designer-award\/"},"wordCount":1614,"publisher":{"@id":"https:\/\/www.procarton.com\/es\/#organization"},"articleSection":["Awards","Pro Carton"],"inLanguage":"fr-FR"},{"@type":"WebPage","@id":"https:\/\/www.procarton.com\/voting-opens-for-european-carton-excellence-award-and-pro-cartons-young-designer-award\/","url":"https:\/\/www.procarton.com\/voting-opens-for-european-carton-excellence-award-and-pro-cartons-young-designer-award\/","name":"Ouverture des votes pour l'Excellence europ\u00e9enne en mati\u00e8re de cartons Award et les Jeunes concepteurs de Pro Carton Award - Pro Carton","isPartOf":{"@id":"https:\/\/www.procarton.com\/es\/#website"},"datePublished":"2022-08-04T10:11:17+00:00","dateModified":"2022-08-22T15:34:54+00:00","breadcrumb":{"@id":"https:\/\/www.procarton.com\/voting-opens-for-european-carton-excellence-award-and-pro-cartons-young-designer-award\/#breadcrumb"},"inLanguage":"fr-FR","potentialAction":[{"@type":"ReadAction","target":["https:\/\/www.procarton.com\/voting-opens-for-european-carton-excellence-award-and-pro-cartons-young-designer-award\/"]}]},{"@type":"BreadcrumbList","@id":"https:\/\/www.procarton.com\/voting-opens-for-european-carton-excellence-award-and-pro-cartons-young-designer-award\/#breadcrumb","itemListElement":[{"@type":"ListItem","position":1,"name":"Home","item":"https:\/\/www.procarton.com\/"},{"@type":"ListItem","position":2,"name":"Voting opens for European Carton Excellence Award and Pro Carton\u2019s Young Designers Award"}]},{"@type":"WebSite","@id":"https:\/\/www.procarton.com\/es\/#website","url":"https:\/\/www.procarton.com\/es\/","name":"Pro Carton","description":"","publisher":{"@id":"https:\/\/www.procarton.com\/es\/#organization"},"potentialAction":[{"@type":"SearchAction","target":{"@type":"EntryPoint","urlTemplate":"https:\/\/www.procarton.com\/es\/?s={search_term_string}"},"query-input":{"@type":"PropertyValueSpecification","valueRequired":true,"valueName":"search_term_string"}}],"inLanguage":"fr-FR"},{"@type":"Organization","@id":"https:\/\/www.procarton.com\/es\/#organization","name":"ProCarton","url":"https:\/\/www.procarton.com\/es\/","logo":{"@type":"ImageObject","inLanguage":"fr-FR","@id":"https:\/\/www.procarton.com\/es\/#\/schema\/logo\/image\/","url":"https:\/\/www.procarton.com\/wp-content\/uploads\/2022\/06\/logo-mit-slogan.jpg","contentUrl":"https:\/\/www.procarton.com\/wp-content\/uploads\/2022\/06\/logo-mit-slogan.jpg","width":422,"height":519,"caption":"ProCarton"},"image":{"@id":"https:\/\/www.procarton.com\/es\/#\/schema\/logo\/image\/"},"sameAs":["https:\/\/www.facebook.com\/procartondesignaward\/","https:\/\/x.com\/pro_carton"]},{"@type":"Person","@id":"https:\/\/www.procarton.com\/es\/#\/schema\/person\/8f52811f36555e3fbe8aa433fda4f5b5","name":"ryan@procarton.com","url":"https:\/\/www.procarton.com\/fr\/author\/pro-carton-3\/"}]}},"_links":{"self":[{"href":"https:\/\/www.procarton.com\/fr\/wp-json\/wp\/v2\/posts\/280652","targetHints":{"allow":["GET"]}}],"collection":[{"href":"https:\/\/www.procarton.com\/fr\/wp-json\/wp\/v2\/posts"}],"about":[{"href":"https:\/\/www.procarton.com\/fr\/wp-json\/wp\/v2\/types\/post"}],"author":[{"embeddable":true,"href":"https:\/\/www.procarton.com\/fr\/wp-json\/wp\/v2\/users\/1286"}],"replies":[{"embeddable":true,"href":"https:\/\/www.procarton.com\/fr\/wp-json\/wp\/v2\/comments?post=280652"}],"version-history":[{"count":6,"href":"https:\/\/www.procarton.com\/fr\/wp-json\/wp\/v2\/posts\/280652\/revisions"}],"predecessor-version":[{"id":280800,"href":"https:\/\/www.procarton.com\/fr\/wp-json\/wp\/v2\/posts\/280652\/revisions\/280800"}],"wp:attachment":[{"href":"https:\/\/www.procarton.com\/fr\/wp-json\/wp\/v2\/media?parent=280652"}],"wp:term":[{"taxonomy":"category","embeddable":true,"href":"https:\/\/www.procarton.com\/fr\/wp-json\/wp\/v2\/categories?post=280652"},{"taxonomy":"post_tag","embeddable":true,"href":"https:\/\/www.procarton.com\/fr\/wp-json\/wp\/v2\/tags?post=280652"}],"curies":[{"name":"wp","href":"https:\/\/api.w.org\/{rel}","templated":true}]}}