{"id":279552,"date":"2022-06-28T17:18:51","date_gmt":"2022-06-28T16:18:51","guid":{"rendered":"https:\/\/www.procarton.com\/?p=279552"},"modified":"2022-06-29T18:03:57","modified_gmt":"2022-06-29T17:03:57","slug":"preisverleihung-carton-austria-award-2021","status":"publish","type":"post","link":"https:\/\/www.procarton.com\/fr\/preisverleihung-carton-austria-award-2021\/","title":{"rendered":"V\u00e9rification de l'\u00e9tat des cartons Autriche Award 2021"},"content":{"rendered":"<div class=\"av-animated-generic top-to-bottom flex_column av_four_fifth  flex_column_div av-zero-column-padding first  avia-builder-el-0  el_before_av_two_fifth  avia-builder-el-first\" style='border-radius:0px; '>\n<section class=\"av_textblock_section\"  itemscope=\"itemscope\" itemtype=\"https:\/\/schema.org\/BlogPosting\" itemprop=\"blogPost\" >\n<div class='avia_textblock'   itemprop=\"text\" >\n<p>Pro Carton, PROPAK Austria et CASH das Handelsmagazin haben vierter erfolgreicher Kooperation haben die besten \u00f6sterreichischen Verpackungsl\u00f6sungen aus dem Jahr 2021 mit dem Carton Austria Award ausgezeichnet. En fin de compte, la prime, qui a \u00e9t\u00e9 vers\u00e9e au cours de l'ann\u00e9e pr\u00e9c\u00e9dente en raison de la pand\u00e9mie, a pu \u00eatre supprim\u00e9e dans un d\u00e9lai raisonnable.<\/p>\n<p>Faites-vous plaisir en regardant les pr\u00e9pos\u00e9s et en visionnant de nombreuses photos et vid\u00e9os. Nous vous souhaitons bonne chance pour la c\u00e9r\u00e9monie de remise des prix !<\/p>\n<\/div>\n<\/section>\n<div   class='hr hr-default   avia-builder-el-2  el_after_av_textblock  el_before_av_textblock'><span class='hr-inner' ><span class='hr-inner-style'><\/span><\/span><\/div>\n<section class=\"av_textblock_section\"  itemscope=\"itemscope\" itemtype=\"https:\/\/schema.org\/BlogPosting\" itemprop=\"blogPost\" >\n<div class='avia_textblock'   itemprop=\"text\" >\n<p>Vous trouverez tous les communiqu\u00e9s de presse, photos et vid\u00e9os \u00e0 t\u00e9l\u00e9charger. <a href=\"https:\/\/drive.google.com\/drive\/folders\/1p6eKubwHqyKELBt0c49hw7GeY4XyAsuf?usp=sharing\" target=\"_blank\" rel=\"noopener\">hier<\/a>.<\/p>\n<\/div>\n<\/section>\n<div   class='hr hr-default   avia-builder-el-4  el_after_av_textblock  el_before_av_image'><span class='hr-inner' ><span class='hr-inner-style'><\/span><\/span><\/div>\n<div  class='avia-image-container  av-styling-no-styling    avia-builder-el-5  el_after_av_hr  el_before_av_textblock  avia-align-center'  itemprop=\"image\" itemscope=\"itemscope\" itemtype=\"https:\/\/schema.org\/ImageObject\"  >\n<div class='avia-image-container-inner'>\n<div class='avia-image-overlay-wrap'><img decoding=\"async\" width=\"1130\" height=\"380\" class='wp-image-279534 avia-img-lazy-loading-not-279534 avia_image' src=\"https:\/\/www.procarton.com\/wp-content\/uploads\/2022\/06\/cc501f7c-aa73-6d1f-8e95-2b22276a7d4d.png\" alt='' title='cc501f7c-aa73-6d1f-8e95-2b22276a7d4d'  itemprop=\"thumbnailUrl\" srcset=\"https:\/\/www.procarton.com\/wp-content\/uploads\/2022\/06\/cc501f7c-aa73-6d1f-8e95-2b22276a7d4d.png 1130w, https:\/\/www.procarton.com\/wp-content\/uploads\/2022\/06\/cc501f7c-aa73-6d1f-8e95-2b22276a7d4d-300x101.png 300w, https:\/\/www.procarton.com\/wp-content\/uploads\/2022\/06\/cc501f7c-aa73-6d1f-8e95-2b22276a7d4d-1030x346.png 1030w, https:\/\/www.procarton.com\/wp-content\/uploads\/2022\/06\/cc501f7c-aa73-6d1f-8e95-2b22276a7d4d-768x258.png 768w, https:\/\/www.procarton.com\/wp-content\/uploads\/2022\/06\/cc501f7c-aa73-6d1f-8e95-2b22276a7d4d-18x6.png 18w, https:\/\/www.procarton.com\/wp-content\/uploads\/2022\/06\/cc501f7c-aa73-6d1f-8e95-2b22276a7d4d-705x237.png 705w\" sizes=\"(max-width: 1130px) 100vw, 1130px\" \/><\/div>\n<\/div>\n<\/div>\n<section class=\"av_textblock_section\"  itemscope=\"itemscope\" itemtype=\"https:\/\/schema.org\/BlogPosting\" itemprop=\"blogPost\" >\n<div class='avia_textblock'   itemprop=\"text\" >\n<h1>Endlich nachgeholt :<br \/>\ndie Verleihung des Carton Austria Award 2021<\/h1>\n<p><strong>In festlichem Rahmen wurden am 30. Mai les Preistr\u00e4ger*innen des Carton Austria Award 2021 geehrt. Le concours est un projet commun de PROPAK Austria, CASH Handelsmagazin et Pro Carton. Les meilleures solutions d'emballage en carton d'Autriche sont sur la table, et vous pouvez les voir ! Beide Preistr\u00e4ger*innen stammen diesmal aus dem Hause Cardbox Packaging Wolfsberg.<\/strong><\/p>\n<p>La d\u00e9cision du jury a \u00e9t\u00e9 prise \u00e0 la suite de la pand\u00e9mie et peut \u00eatre prise \u00e0 la fin du concours. Deux prix ont \u00e9t\u00e9 d\u00e9cern\u00e9s : un prix du jury et un autre du public. Le jury est compos\u00e9 des r\u00e9dactrices*innen du magazine CASH Handelsmagazins. Les prix et les troph\u00e9es sont attribu\u00e9s par Horst Bittermann, pr\u00e9sident de Pro Carton, Martin Widermann, directeur g\u00e9n\u00e9ral de PROPAK Autriche, et Claudia St\u00fcckler de CASH.<\/p>\n<\/div>\n<\/section>\n<\/div>\n<div class=\"av-animated-generic top-to-bottom flex_column av_two_fifth  flex_column_div av-zero-column-padding first  avia-builder-el-7  el_after_av_four_fifth  el_before_av_two_fifth\" style='border-radius:0px; '>\n<div  class='avia-image-container  av-styling-    avia-builder-el-8  el_before_av_textblock  avia-builder-el-first  avia-align-center'  itemprop=\"image\" itemscope=\"itemscope\" itemtype=\"https:\/\/schema.org\/ImageObject\"  >\n<div class='avia-image-container-inner'>\n<div class='avia-image-overlay-wrap'><img decoding=\"async\" class='wp-image-279529 avia-img-lazy-loading-not-279529 avia_image' src=\"https:\/\/www.procarton.com\/wp-content\/uploads\/2022\/06\/d133f5eb-3f9c-5c97-c2e4-929fd2aa765f-scaled.jpeg\" alt='' title='Widermann_Carton Austria und Young Designers Awards 2021'  itemprop=\"thumbnailUrl\"  \/><\/div>\n<\/div>\n<\/div>\n<section class=\"av_textblock_section\"  itemscope=\"itemscope\" itemtype=\"https:\/\/schema.org\/BlogPosting\" itemprop=\"blogPost\" >\n<div class='avia_textblock'   itemprop=\"text\" >\n<p>Martin Widermann begr\u00fc\u00dft die G\u00e4ste im Namen von PROPAK Austria.<\/p>\n<\/div>\n<\/section>\n<\/div>\n<div class=\"av-animated-generic top-to-bottom flex_column av_two_fifth  flex_column_div av-zero-column-padding   avia-builder-el-10  el_after_av_two_fifth  el_before_av_four_fifth\" style='border-radius:0px; '>\n<div  class='avia-image-container  av-styling-    avia-builder-el-11  el_before_av_textblock  avia-builder-el-first  avia-align-center'  itemprop=\"image\" itemscope=\"itemscope\" itemtype=\"https:\/\/schema.org\/ImageObject\"  >\n<div class='avia-image-container-inner'>\n<div class='avia-image-overlay-wrap'><img decoding=\"async\" class='wp-image-279530 avia-img-lazy-loading-not-279530 avia_image' src=\"https:\/\/www.procarton.com\/wp-content\/uploads\/2022\/06\/487f9c41-036d-6121-73f5-90b66dd56483-scaled.jpeg\" alt='' title='Carton Austria et Young Designers Awards 2021'  itemprop=\"thumbnailUrl\"  \/><\/div>\n<\/div>\n<\/div>\n<section class=\"av_textblock_section\"  itemscope=\"itemscope\" itemtype=\"https:\/\/schema.org\/BlogPosting\" itemprop=\"blogPost\" >\n<div class='avia_textblock'   itemprop=\"text\" >\n<p>Horst Bittermann (Pro Carton) se r\u00e9jouit de l'\u00e9volution positive de l'industrie du carton et du papier.<\/p>\n<\/div>\n<\/section>\n<\/div>\n<div class=\"av-animated-generic top-to-bottom flex_column av_four_fifth  flex_column_div av-zero-column-padding first  avia-builder-el-13  el_after_av_two_fifth  el_before_av_four_fifth\" style='border-radius:0px; '>\n<section class=\"av_textblock_section\"  itemscope=\"itemscope\" itemtype=\"https:\/\/schema.org\/BlogPosting\" itemprop=\"blogPost\" >\n<div class='avia_textblock'   itemprop=\"text\" >\n<p>Le jury a d\u00e9cern\u00e9 son prix \u00e0 \"Gloot\", un syst\u00e8me simple mais tr\u00e8s efficace pour l'analyse de la viande de volaille. Cette m\u00e9thode simple et efficace pour obtenir une cuisson parfaite des aliments pour animaux a \u00e9t\u00e9 mise au point par Thomas Schiefer, le sp\u00e9cialiste du marquage, qui a \u00e9galement particip\u00e9 \u00e0 l'\u00e9laboration du Award, en collaboration avec Rene Buchart de Cardbox Packaging. Le carton provient de BillerudKorsn\u00e4s.<\/p>\n<p>Le barbecue peut \u00eatre plac\u00e9, avec quelques petites mains, dans un four, sur lequel le gril traditionnel de la cuisine traditionnelle est pos\u00e9 de fa\u00e7on inoffensive. En moins d'un jour de f\u00eate, le barbecue est pr\u00eat ! Dazu Preistr\u00e4ger Thomas Schiefer : \"Dans ma r\u00e9gion, il n'y a pas d'atelier traditionnel de fabrication d'aliments pour animaux. Die regionalen K\u00f6hler stellen hochwertige Grillkohle her. L'emballage est un atout pour ce produit haut de gamme - pour une exp\u00e9rience de grillade g\u00e9niale et originale\". Le jury n'\u00e9tait pas d'accord : \"Une id\u00e9e particuli\u00e8rement \u00e9l\u00e9gante et impressionnante pour faire de l'emballage un \u00e9l\u00e9ment du produit\".<\/p>\n<\/div>\n<\/section>\n<div  class='avia-image-container  av-styling-    avia-builder-el-15  el_after_av_textblock  el_before_av_textblock  avia-align-center'  itemprop=\"image\" itemscope=\"itemscope\" itemtype=\"https:\/\/schema.org\/ImageObject\"  >\n<div class='avia-image-container-inner'>\n<div class='avia-image-overlay-wrap'><img decoding=\"async\" class='wp-image-279531 avia-img-lazy-loading-not-279531 avia_image' src=\"https:\/\/www.procarton.com\/wp-content\/uploads\/2022\/06\/49c9ad4a-f1a3-c174-e0b5-37eacc94339d-scaled.jpeg\" alt='' title='Carton Austria et Young Designers Awards 2021'  itemprop=\"thumbnailUrl\"  \/><\/div>\n<\/div>\n<\/div>\n<section class=\"av_textblock_section\"  itemscope=\"itemscope\" itemtype=\"https:\/\/schema.org\/BlogPosting\" itemprop=\"blogPost\" >\n<div class='avia_textblock'   itemprop=\"text\" >\n<p>Horst Bittermann (Pro Carton), Ren\u00e9 Buchart (Cardbox Packaging), Claudia St\u00fcckler (CASH), Thomas Schiefer (Gloot), Martin Widermann (PROPAK Austria).<\/p>\n<\/div>\n<\/section>\n<\/div>\n<div class=\"av-animated-generic top-to-bottom flex_column av_four_fifth  flex_column_div av-zero-column-padding first  avia-builder-el-17  el_after_av_four_fifth  el_before_av_hr\" style='border-radius:0px; '>\n<section class=\"av_textblock_section\"  itemscope=\"itemscope\" itemtype=\"https:\/\/schema.org\/BlogPosting\" itemprop=\"blogPost\" >\n<div class='avia_textblock'   itemprop=\"text\" >\n<p>Le prix de la publicit\u00e9 a \u00e9t\u00e9 d\u00e9cern\u00e9 \u00e0 \"Smart One\" de Playbrush, l'emballage d'une pelote d'\u00e9pingles \u00e0 cheveux intelligente et exclusive, fabriqu\u00e9e par Cardbox Packaging Wolfsberg, \u00e0 partir de carton de Mets\u00e4 Board. Pour ces produits tr\u00e8s sp\u00e9ciaux, un emballage exklusif et perfectionn\u00e9 a \u00e9t\u00e9 con\u00e7u, qui allie la stabilit\u00e9 n\u00e9cessaire \u00e0 un design agr\u00e9able et fonctionnel, et qui met en valeur le produit Spitzen. Outre Rene Buchart, Bettina Tschoner-Fuchs de Mets\u00e4 Board, Nini Gregori et Moritz Hoyos de Playbrush ont particip\u00e9 \u00e0 l'inauguration du Awards : L'ensemble de la cha\u00eene d'approvisionnement s'est montr\u00e9 tr\u00e8s enthousiaste \u00e0 l'id\u00e9e d'obtenir le prix.<\/p>\n<\/div>\n<\/section>\n<div  class='avia-image-container  av-styling-    avia-builder-el-19  el_after_av_textblock  el_before_av_textblock  avia-align-center'  itemprop=\"image\" itemscope=\"itemscope\" itemtype=\"https:\/\/schema.org\/ImageObject\"  >\n<div class='avia-image-container-inner'>\n<div class='avia-image-overlay-wrap'><img decoding=\"async\" class='wp-image-279532 avia-img-lazy-loading-not-279532 avia_image' src=\"https:\/\/www.procarton.com\/wp-content\/uploads\/2022\/06\/dded592e-37e8-b1bf-aff5-4fa375cf948c-scaled.jpeg\" alt='' title='Carton Austria et Young Designers Awards 2021'  itemprop=\"thumbnailUrl\"  \/><\/div>\n<\/div>\n<\/div>\n<section class=\"av_textblock_section\"  itemscope=\"itemscope\" itemtype=\"https:\/\/schema.org\/BlogPosting\" itemprop=\"blogPost\" >\n<div class='avia_textblock'   itemprop=\"text\" >\n<p>Rene Buchart (Cardbox Packaging Wolfsberg), Horst Bittermann (Pro Carton), Bettina Tschoner-Fuchs (Mets\u00e4 Board), Nini Gregori und Moritz Hoyos (Playbrush), Martin Widermann (PROPAK Austria).<\/p>\n<\/div>\n<\/section>\n<div  class='avia-image-container  av-styling-    avia-builder-el-21  el_after_av_textblock  el_before_av_textblock  avia-align-center'  itemprop=\"image\" itemscope=\"itemscope\" itemtype=\"https:\/\/schema.org\/ImageObject\"  >\n<div class='avia-image-container-inner'>\n<div class='avia-image-overlay-wrap'><img decoding=\"async\" class='wp-image-279533 avia-img-lazy-loading-not-279533 avia_image' src=\"https:\/\/www.procarton.com\/wp-content\/uploads\/2022\/06\/a2065dc9-f29e-dd6f-a0e7-4199fc7d45ff-scaled.jpeg\" alt='' title='Carton Austria et Young Designers Awards 2021'  itemprop=\"thumbnailUrl\"  \/><\/div>\n<\/div>\n<\/div>\n<section class=\"av_textblock_section\"  itemscope=\"itemscope\" itemtype=\"https:\/\/schema.org\/BlogPosting\" itemprop=\"blogPost\" >\n<div class='avia_textblock'   itemprop=\"text\" >\n<p>Die Preisverleihung fand am 30. Mai 2022 im Wiener Lusthaus statt.<\/p>\n<\/div>\n<\/section>\n<section class=\"av_textblock_section\"  itemscope=\"itemscope\" itemtype=\"https:\/\/schema.org\/BlogPosting\" itemprop=\"blogPost\" >\n<div class='avia_textblock'   itemprop=\"text\" >\n<p><em>Depuis la cr\u00e9ation du CAA, l'Autriche est le pays qui a obtenu les plus grandes distinctions dans le cadre de l'European Carton Excellence Award - et ce sera encore le cas cette ann\u00e9e. La d\u00e9cision pour 2022 a d\u00e9j\u00e0 \u00e9t\u00e9 prise et de nombreux projets remarquables et impressionnants sont en cours d'\u00e9laboration : Le vote public commencera fin juillet 2022. Alle Brancheninsider und Leser von CASH Handelsmagazin, aberch alle Konsumenten sind herzlich eingeladen, mitzustimmen !<\/em><\/p>\n<\/div>\n<\/section>\n<div  class='avia-video avia-video-16-9   av-lazyload-immediate  av-lazyload-video-embed'   itemprop=\"video\" itemtype=\"https:\/\/schema.org\/VideoObject\"  data-original_url='https:\/\/www.youtube.com\/watch?v=N1N4DOdaFXM' ><script type='text\/html' class='av-video-tmpl'><\/p>\n<div class='avia-iframe-wrap'><iframe loading=\"lazy\" title=\"Carton Austria Award 2021 mit Voiceover\" width=\"1500\" height=\"844\" src=\"https:\/\/www.youtube.com\/embed\/N1N4DOdaFXM?feature=oembed&autoplay=0&loop=0&controls=1&mute=0\" frameborder=\"0\" allow=\"accelerometer; autoplay; clipboard-write; encrypted-media; gyroscope; picture-in-picture\" allowfullscreen><\/iframe><\/div>\n<p><\/script><\/p>\n<div class='av-click-to-play-overlay'>\n<div class=\"avia_playpause_icon\"><\/div>\n<\/div>\n<\/div>\n<section class=\"av_textblock_section\"  itemscope=\"itemscope\" itemtype=\"https:\/\/schema.org\/BlogPosting\" itemprop=\"blogPost\" >\n<div class='avia_textblock'   itemprop=\"text\" >\n<p><em>Photos et vid\u00e9os : www.propak.at<\/em><\/p>\n<p>Et ne pas les oublier : Le 4 octobre 2022. Oktober 2022, findet der PROPAK Austria Pro Carton Marketing Event 2022 statt - mit der Preisverleihung zum Carton Austria Award 2022.<\/p>\n<\/div>\n<\/section>\n<\/div>\n<div   class='hr hr-default   avia-builder-el-26  el_after_av_four_fifth  el_before_av_four_fifth'><span class='hr-inner' ><span class='hr-inner-style'><\/span><\/span><\/div>\n<div class=\"av-animated-generic top-to-bottom flex_column av_four_fifth  flex_column_div av-zero-column-padding first  avia-builder-el-27  el_after_av_hr  avia-builder-el-last\" style='border-radius:0px; '>\n<div  class='avia-image-container  av-styling-    avia-builder-el-28  el_before_av_textblock  avia-builder-el-first  avia-align-center'  itemprop=\"image\" itemscope=\"itemscope\" itemtype=\"https:\/\/schema.org\/ImageObject\"  >\n<div class='avia-image-container-inner'>\n<div class='avia-image-overlay-wrap'><img decoding=\"async\" width=\"2560\" height=\"1707\" class='wp-image-279558 avia-img-lazy-loading-not-279558 avia_image' src=\"https:\/\/www.procarton.com\/wp-content\/uploads\/2022\/06\/KT_20220530_075-scaled.jpg\" alt='' title='Carton Austria et Young Designers Awards 2021'  itemprop=\"thumbnailUrl\" srcset=\"https:\/\/www.procarton.com\/wp-content\/uploads\/2022\/06\/KT_20220530_075-scaled.jpg 2560w, https:\/\/www.procarton.com\/wp-content\/uploads\/2022\/06\/KT_20220530_075-300x200.jpg 300w, https:\/\/www.procarton.com\/wp-content\/uploads\/2022\/06\/KT_20220530_075-1030x687.jpg 1030w, https:\/\/www.procarton.com\/wp-content\/uploads\/2022\/06\/KT_20220530_075-768x512.jpg 768w, https:\/\/www.procarton.com\/wp-content\/uploads\/2022\/06\/KT_20220530_075-1536x1024.jpg 1536w, https:\/\/www.procarton.com\/wp-content\/uploads\/2022\/06\/KT_20220530_075-2048x1365.jpg 2048w, https:\/\/www.procarton.com\/wp-content\/uploads\/2022\/06\/KT_20220530_075-18x12.jpg 18w, https:\/\/www.procarton.com\/wp-content\/uploads\/2022\/06\/KT_20220530_075-1500x1000.jpg 1500w, https:\/\/www.procarton.com\/wp-content\/uploads\/2022\/06\/KT_20220530_075-705x470.jpg 705w\" sizes=\"(max-width: 2560px) 100vw, 2560px\" \/><\/div>\n<\/div>\n<\/div>\n<section class=\"av_textblock_section\"  itemscope=\"itemscope\" itemtype=\"https:\/\/schema.org\/BlogPosting\" itemprop=\"blogPost\" >\n<div class='avia_textblock'   itemprop=\"text\" >\n<p>Toutes les Preistr\u00e4ger*innen zusammen. Les jeunes designers d'origine autrichienne continueront \u00e0 cr\u00e9er leurs mod\u00e8les \u00e0 l'avenir. <a href=\"https:\/\/www.procarton.com\/preisverleihungen-pro-carton-propak-austria-young-designers-award-2021\/\">Hier geht es zu dem Artikel \u00fcber die Verleihung des 2021 Pro Carton PROPAK Austria Award.<\/a><\/p>\n<\/div>\n<\/section>\n<\/div>","protected":false},"excerpt":{"rendered":"<p>Die Preisverleihung des Carton Austria Award 2021 wurde in einem w\u00fcrdigen Rahmen nachgeholt.<\/p>","protected":false},"author":868,"featured_media":279572,"comment_status":"closed","ping_status":"open","sticky":false,"template":"","format":"standard","meta":{"inline_featured_image":false,"footnotes":""},"categories":[77],"tags":[],"class_list":["post-279552","post","type-post","status-publish","format-standard","has-post-thumbnail","hentry","category-national-activities"],"yoast_head":"<!-- This site is optimized with the Yoast SEO plugin v27.4 - https:\/\/yoast.com\/product\/yoast-seo-wordpress\/ -->\n<title>Preisverleihung des Carton Austria Award 2021 - Pro Carton<\/title>\n<meta name=\"robots\" content=\"index, follow, max-snippet:-1, max-image-preview:large, max-video-preview:-1\" \/>\n<link rel=\"canonical\" href=\"https:\/\/www.procarton.com\/fr\/preisverleihung-carton-austria-award-2021\/\" \/>\n<meta property=\"og:locale\" content=\"fr_FR\" \/>\n<meta property=\"og:type\" content=\"article\" \/>\n<meta property=\"og:title\" content=\"Preisverleihung des Carton Austria Award 2021 - Pro Carton\" \/>\n<meta property=\"og:description\" content=\"Die Preisverleihung des Carton Austria Award 2021 wurde in einem w\u00fcrdigen Rahmen nachgeholt.\" \/>\n<meta property=\"og:url\" content=\"https:\/\/www.procarton.com\/fr\/preisverleihung-carton-austria-award-2021\/\" \/>\n<meta property=\"og:site_name\" content=\"Pro Carton\" \/>\n<meta property=\"article:publisher\" content=\"https:\/\/www.facebook.com\/procartondesignaward\/\" \/>\n<meta property=\"article:published_time\" content=\"2022-06-28T16:18:51+00:00\" \/>\n<meta property=\"article:modified_time\" content=\"2022-06-29T17:03:57+00:00\" \/>\n<meta property=\"og:image\" content=\"https:\/\/www.procarton.com\/wp-content\/uploads\/2022\/06\/1.png\" \/>\n\t<meta property=\"og:image:width\" content=\"705\" \/>\n\t<meta property=\"og:image:height\" content=\"536\" \/>\n\t<meta property=\"og:image:type\" content=\"image\/png\" \/>\n<meta name=\"author\" content=\"helena@procarton.com\" \/>\n<meta name=\"twitter:card\" content=\"summary_large_image\" \/>\n<meta name=\"twitter:creator\" content=\"@esterling@admin\" \/>\n<meta name=\"twitter:site\" content=\"@pro_carton\" \/>\n<meta name=\"twitter:label1\" content=\"\u00c9crit par\" \/>\n\t<meta name=\"twitter:data1\" content=\"helena@procarton.com\" \/>\n\t<meta name=\"twitter:label2\" content=\"Dur\u00e9e de lecture estim\u00e9e\" \/>\n\t<meta name=\"twitter:data2\" content=\"14 minutes\" \/>\n<script type=\"application\/ld+json\" class=\"yoast-schema-graph\">{\"@context\":\"https:\\\/\\\/schema.org\",\"@graph\":[{\"@type\":\"Article\",\"@id\":\"https:\\\/\\\/www.procarton.com\\\/preisverleihung-carton-austria-award-2021\\\/#article\",\"isPartOf\":{\"@id\":\"https:\\\/\\\/www.procarton.com\\\/preisverleihung-carton-austria-award-2021\\\/\"},\"author\":{\"name\":\"helena@procarton.com\",\"@id\":\"https:\\\/\\\/www.procarton.com\\\/es\\\/#\\\/schema\\\/person\\\/014a36d75fad19a59d7d127e6af9ad99\"},\"headline\":\"Preisverleihung des Carton Austria Award 2021\",\"datePublished\":\"2022-06-28T16:18:51+00:00\",\"dateModified\":\"2022-06-29T17:03:57+00:00\",\"mainEntityOfPage\":{\"@id\":\"https:\\\/\\\/www.procarton.com\\\/preisverleihung-carton-austria-award-2021\\\/\"},\"wordCount\":2859,\"publisher\":{\"@id\":\"https:\\\/\\\/www.procarton.com\\\/es\\\/#organization\"},\"image\":{\"@id\":\"https:\\\/\\\/www.procarton.com\\\/preisverleihung-carton-austria-award-2021\\\/#primaryimage\"},\"thumbnailUrl\":\"https:\\\/\\\/www.procarton.com\\\/wp-content\\\/uploads\\\/2022\\\/06\\\/1.png\",\"articleSection\":[\"National Activities\"],\"inLanguage\":\"fr-FR\"},{\"@type\":\"WebPage\",\"@id\":\"https:\\\/\\\/www.procarton.com\\\/preisverleihung-carton-austria-award-2021\\\/\",\"url\":\"https:\\\/\\\/www.procarton.com\\\/preisverleihung-carton-austria-award-2021\\\/\",\"name\":\"Preisverleihung des Carton Austria Award 2021 - Pro Carton\",\"isPartOf\":{\"@id\":\"https:\\\/\\\/www.procarton.com\\\/es\\\/#website\"},\"primaryImageOfPage\":{\"@id\":\"https:\\\/\\\/www.procarton.com\\\/preisverleihung-carton-austria-award-2021\\\/#primaryimage\"},\"image\":{\"@id\":\"https:\\\/\\\/www.procarton.com\\\/preisverleihung-carton-austria-award-2021\\\/#primaryimage\"},\"thumbnailUrl\":\"https:\\\/\\\/www.procarton.com\\\/wp-content\\\/uploads\\\/2022\\\/06\\\/1.png\",\"datePublished\":\"2022-06-28T16:18:51+00:00\",\"dateModified\":\"2022-06-29T17:03:57+00:00\",\"breadcrumb\":{\"@id\":\"https:\\\/\\\/www.procarton.com\\\/preisverleihung-carton-austria-award-2021\\\/#breadcrumb\"},\"inLanguage\":\"fr-FR\",\"potentialAction\":[{\"@type\":\"ReadAction\",\"target\":[\"https:\\\/\\\/www.procarton.com\\\/preisverleihung-carton-austria-award-2021\\\/\"]}]},{\"@type\":\"ImageObject\",\"inLanguage\":\"fr-FR\",\"@id\":\"https:\\\/\\\/www.procarton.com\\\/preisverleihung-carton-austria-award-2021\\\/#primaryimage\",\"url\":\"https:\\\/\\\/www.procarton.com\\\/wp-content\\\/uploads\\\/2022\\\/06\\\/1.png\",\"contentUrl\":\"https:\\\/\\\/www.procarton.com\\\/wp-content\\\/uploads\\\/2022\\\/06\\\/1.png\",\"width\":705,\"height\":536},{\"@type\":\"BreadcrumbList\",\"@id\":\"https:\\\/\\\/www.procarton.com\\\/preisverleihung-carton-austria-award-2021\\\/#breadcrumb\",\"itemListElement\":[{\"@type\":\"ListItem\",\"position\":1,\"name\":\"Home\",\"item\":\"https:\\\/\\\/www.procarton.com\\\/\"},{\"@type\":\"ListItem\",\"position\":2,\"name\":\"Preisverleihung des Carton Austria Award 2021\"}]},{\"@type\":\"WebSite\",\"@id\":\"https:\\\/\\\/www.procarton.com\\\/es\\\/#website\",\"url\":\"https:\\\/\\\/www.procarton.com\\\/es\\\/\",\"name\":\"Pro Carton\",\"description\":\"\",\"publisher\":{\"@id\":\"https:\\\/\\\/www.procarton.com\\\/es\\\/#organization\"},\"potentialAction\":[{\"@type\":\"SearchAction\",\"target\":{\"@type\":\"EntryPoint\",\"urlTemplate\":\"https:\\\/\\\/www.procarton.com\\\/es\\\/?s={search_term_string}\"},\"query-input\":{\"@type\":\"PropertyValueSpecification\",\"valueRequired\":true,\"valueName\":\"search_term_string\"}}],\"inLanguage\":\"fr-FR\"},{\"@type\":\"Organization\",\"@id\":\"https:\\\/\\\/www.procarton.com\\\/es\\\/#organization\",\"name\":\"ProCarton\",\"url\":\"https:\\\/\\\/www.procarton.com\\\/es\\\/\",\"logo\":{\"@type\":\"ImageObject\",\"inLanguage\":\"fr-FR\",\"@id\":\"https:\\\/\\\/www.procarton.com\\\/es\\\/#\\\/schema\\\/logo\\\/image\\\/\",\"url\":\"https:\\\/\\\/www.procarton.com\\\/wp-content\\\/uploads\\\/2022\\\/06\\\/logo-mit-slogan.jpg\",\"contentUrl\":\"https:\\\/\\\/www.procarton.com\\\/wp-content\\\/uploads\\\/2022\\\/06\\\/logo-mit-slogan.jpg\",\"width\":422,\"height\":519,\"caption\":\"ProCarton\"},\"image\":{\"@id\":\"https:\\\/\\\/www.procarton.com\\\/es\\\/#\\\/schema\\\/logo\\\/image\\\/\"},\"sameAs\":[\"https:\\\/\\\/www.facebook.com\\\/procartondesignaward\\\/\",\"https:\\\/\\\/x.com\\\/pro_carton\"]},{\"@type\":\"Person\",\"@id\":\"https:\\\/\\\/www.procarton.com\\\/es\\\/#\\\/schema\\\/person\\\/014a36d75fad19a59d7d127e6af9ad99\",\"name\":\"helena@procarton.com\",\"sameAs\":[\"https:\\\/\\\/x.com\\\/esterling@admin\"],\"url\":\"https:\\\/\\\/www.procarton.com\\\/fr\\\/author\\\/helenaprocarton-com\\\/\"}]}<\/script>\n<!-- \/ Yoast SEO plugin. -->","yoast_head_json":{"title":"Preisverleihung des Carton Austria Award 2021 - Pro Carton","robots":{"index":"index","follow":"follow","max-snippet":"max-snippet:-1","max-image-preview":"max-image-preview:large","max-video-preview":"max-video-preview:-1"},"canonical":"https:\/\/www.procarton.com\/fr\/preisverleihung-carton-austria-award-2021\/","og_locale":"fr_FR","og_type":"article","og_title":"Preisverleihung des Carton Austria Award 2021 - Pro Carton","og_description":"Die Preisverleihung des Carton Austria Award 2021 wurde in einem w\u00fcrdigen Rahmen nachgeholt.","og_url":"https:\/\/www.procarton.com\/fr\/preisverleihung-carton-austria-award-2021\/","og_site_name":"Pro Carton","article_publisher":"https:\/\/www.facebook.com\/procartondesignaward\/","article_published_time":"2022-06-28T16:18:51+00:00","article_modified_time":"2022-06-29T17:03:57+00:00","og_image":[{"width":705,"height":536,"url":"https:\/\/www.procarton.com\/wp-content\/uploads\/2022\/06\/1.png","type":"image\/png"}],"author":"helena@procarton.com","twitter_card":"summary_large_image","twitter_creator":"@esterling@admin","twitter_site":"@pro_carton","twitter_misc":{"\u00c9crit par":"helena@procarton.com","Dur\u00e9e de lecture estim\u00e9e":"14 minutes"},"schema":{"@context":"https:\/\/schema.org","@graph":[{"@type":"Article","@id":"https:\/\/www.procarton.com\/preisverleihung-carton-austria-award-2021\/#article","isPartOf":{"@id":"https:\/\/www.procarton.com\/preisverleihung-carton-austria-award-2021\/"},"author":{"name":"helena@procarton.com","@id":"https:\/\/www.procarton.com\/es\/#\/schema\/person\/014a36d75fad19a59d7d127e6af9ad99"},"headline":"Preisverleihung des Carton Austria Award 2021","datePublished":"2022-06-28T16:18:51+00:00","dateModified":"2022-06-29T17:03:57+00:00","mainEntityOfPage":{"@id":"https:\/\/www.procarton.com\/preisverleihung-carton-austria-award-2021\/"},"wordCount":2859,"publisher":{"@id":"https:\/\/www.procarton.com\/es\/#organization"},"image":{"@id":"https:\/\/www.procarton.com\/preisverleihung-carton-austria-award-2021\/#primaryimage"},"thumbnailUrl":"https:\/\/www.procarton.com\/wp-content\/uploads\/2022\/06\/1.png","articleSection":["National Activities"],"inLanguage":"fr-FR"},{"@type":"WebPage","@id":"https:\/\/www.procarton.com\/preisverleihung-carton-austria-award-2021\/","url":"https:\/\/www.procarton.com\/preisverleihung-carton-austria-award-2021\/","name":"Preisverleihung des Carton Austria Award 2021 - Pro Carton","isPartOf":{"@id":"https:\/\/www.procarton.com\/es\/#website"},"primaryImageOfPage":{"@id":"https:\/\/www.procarton.com\/preisverleihung-carton-austria-award-2021\/#primaryimage"},"image":{"@id":"https:\/\/www.procarton.com\/preisverleihung-carton-austria-award-2021\/#primaryimage"},"thumbnailUrl":"https:\/\/www.procarton.com\/wp-content\/uploads\/2022\/06\/1.png","datePublished":"2022-06-28T16:18:51+00:00","dateModified":"2022-06-29T17:03:57+00:00","breadcrumb":{"@id":"https:\/\/www.procarton.com\/preisverleihung-carton-austria-award-2021\/#breadcrumb"},"inLanguage":"fr-FR","potentialAction":[{"@type":"ReadAction","target":["https:\/\/www.procarton.com\/preisverleihung-carton-austria-award-2021\/"]}]},{"@type":"ImageObject","inLanguage":"fr-FR","@id":"https:\/\/www.procarton.com\/preisverleihung-carton-austria-award-2021\/#primaryimage","url":"https:\/\/www.procarton.com\/wp-content\/uploads\/2022\/06\/1.png","contentUrl":"https:\/\/www.procarton.com\/wp-content\/uploads\/2022\/06\/1.png","width":705,"height":536},{"@type":"BreadcrumbList","@id":"https:\/\/www.procarton.com\/preisverleihung-carton-austria-award-2021\/#breadcrumb","itemListElement":[{"@type":"ListItem","position":1,"name":"Home","item":"https:\/\/www.procarton.com\/"},{"@type":"ListItem","position":2,"name":"Preisverleihung des Carton Austria Award 2021"}]},{"@type":"WebSite","@id":"https:\/\/www.procarton.com\/es\/#website","url":"https:\/\/www.procarton.com\/es\/","name":"Pro Carton","description":"","publisher":{"@id":"https:\/\/www.procarton.com\/es\/#organization"},"potentialAction":[{"@type":"SearchAction","target":{"@type":"EntryPoint","urlTemplate":"https:\/\/www.procarton.com\/es\/?s={search_term_string}"},"query-input":{"@type":"PropertyValueSpecification","valueRequired":true,"valueName":"search_term_string"}}],"inLanguage":"fr-FR"},{"@type":"Organization","@id":"https:\/\/www.procarton.com\/es\/#organization","name":"ProCarton","url":"https:\/\/www.procarton.com\/es\/","logo":{"@type":"ImageObject","inLanguage":"fr-FR","@id":"https:\/\/www.procarton.com\/es\/#\/schema\/logo\/image\/","url":"https:\/\/www.procarton.com\/wp-content\/uploads\/2022\/06\/logo-mit-slogan.jpg","contentUrl":"https:\/\/www.procarton.com\/wp-content\/uploads\/2022\/06\/logo-mit-slogan.jpg","width":422,"height":519,"caption":"ProCarton"},"image":{"@id":"https:\/\/www.procarton.com\/es\/#\/schema\/logo\/image\/"},"sameAs":["https:\/\/www.facebook.com\/procartondesignaward\/","https:\/\/x.com\/pro_carton"]},{"@type":"Person","@id":"https:\/\/www.procarton.com\/es\/#\/schema\/person\/014a36d75fad19a59d7d127e6af9ad99","name":"helena@procarton.com","sameAs":["https:\/\/x.com\/esterling@admin"],"url":"https:\/\/www.procarton.com\/fr\/author\/helenaprocarton-com\/"}]}},"_links":{"self":[{"href":"https:\/\/www.procarton.com\/fr\/wp-json\/wp\/v2\/posts\/279552","targetHints":{"allow":["GET"]}}],"collection":[{"href":"https:\/\/www.procarton.com\/fr\/wp-json\/wp\/v2\/posts"}],"about":[{"href":"https:\/\/www.procarton.com\/fr\/wp-json\/wp\/v2\/types\/post"}],"author":[{"embeddable":true,"href":"https:\/\/www.procarton.com\/fr\/wp-json\/wp\/v2\/users\/868"}],"replies":[{"embeddable":true,"href":"https:\/\/www.procarton.com\/fr\/wp-json\/wp\/v2\/comments?post=279552"}],"version-history":[{"count":8,"href":"https:\/\/www.procarton.com\/fr\/wp-json\/wp\/v2\/posts\/279552\/revisions"}],"predecessor-version":[{"id":279651,"href":"https:\/\/www.procarton.com\/fr\/wp-json\/wp\/v2\/posts\/279552\/revisions\/279651"}],"wp:featuredmedia":[{"embeddable":true,"href":"https:\/\/www.procarton.com\/fr\/wp-json\/wp\/v2\/media\/279572"}],"wp:attachment":[{"href":"https:\/\/www.procarton.com\/fr\/wp-json\/wp\/v2\/media?parent=279552"}],"wp:term":[{"taxonomy":"category","embeddable":true,"href":"https:\/\/www.procarton.com\/fr\/wp-json\/wp\/v2\/categories?post=279552"},{"taxonomy":"post_tag","embeddable":true,"href":"https:\/\/www.procarton.com\/fr\/wp-json\/wp\/v2\/tags?post=279552"}],"curies":[{"name":"wp","href":"https:\/\/api.w.org\/{rel}","templated":true}]}}