{"id":279201,"date":"2022-06-23T08:15:09","date_gmt":"2022-06-23T07:15:09","guid":{"rendered":"https:\/\/www.procarton.com\/?p=279201"},"modified":"2023-09-07T19:13:00","modified_gmt":"2023-09-07T18:13:00","slug":"awards-2022","status":"publish","type":"post","link":"https:\/\/www.procarton.com\/fr\/awards-2022\/","title":{"rendered":"Le carton Pro 2022 Awards - L'\u00e9t\u00e9 va \u00eatre chaud."},"content":{"rendered":"<div class=\"av-animated-generic top-to-bottom flex_column av_three_fifth  flex_column_div av-zero-column-padding first  avia-builder-el-0  el_before_av_two_fifth  avia-builder-el-first\" style='border-radius:0px; '>\n<section class=\"av_textblock_section\"  itemscope=\"itemscope\" itemtype=\"https:\/\/schema.org\/BlogPosting\" itemprop=\"blogPost\" >\n<div class='avia_textblock'   itemprop=\"text\" >\n<p><strong>Les trois prix de Pro Carton - l'Excellence europ\u00e9enne Award (conjointement avec l'ECMA), le Pro Carton Young Designers Award et le Pro Carton Student Video Award - proposeront une fois de plus des solutions fascinantes pour les consommateurs et l'environnement. Les pr\u00e9paratifs pour le vote du public sont en cours. Les premi\u00e8res sessions du jury sont en cours. Vous pouvez vous attendre \u00e0 une foule d'id\u00e9es passionnantes !<\/strong><\/p>\n<p>Au cours des prochaines semaines, le concours ira de mieux en mieux. Depuis les dates limites de cl\u00f4ture du concours European Carton Excellence Award et du concours Pro Carton Young Designers Award, les jurys ont \u00e9valu\u00e9 pr\u00e8s de mille id\u00e9es. Et \u00e0 l'heure o\u00f9 vous lisez ces lignes, les d\u00e9cisions finales concernant les finalistes et les laur\u00e9ats sont en train d'\u00eatre prises. Ce processus est et reste passionnant : pour les participants, les enseignants, les partenaires de la cha\u00eene d'approvisionnement, en fait pour toute personne int\u00e9ress\u00e9e par le design et l'emballage.<\/p>\n<p>Le vote du public commencera \u00e9galement sous peu : d'abord pour le Pro Carton Young Designers Award, puis pour le European Excellence Award et enfin - pour la premi\u00e8re fois ! - pour le Pro Carton Student Video Award, qui se termine le 26 juin. Tous les votes se termineront le vendredi 26 ao\u00fbt 2022.<\/p>\n<p><strong>Excellence europ\u00e9enne Award - de nouvelles impulsions pour l'\u00e9conomie circulaire<\/strong><\/p>\n<p>La date limite de d\u00e9p\u00f4t des candidatures \u00e9tait fix\u00e9e au 3 juin. Le jury se r\u00e9unit maintenant et aura sans doute fort \u00e0 faire pour s\u00e9lectionner les meilleures solutions. Cette ann\u00e9e, des concepts tr\u00e8s int\u00e9ressants ont \u00e9t\u00e9 soumis, notamment sur le th\u00e8me de la durabilit\u00e9. Cet aspect domine une grande partie des solutions pr\u00e9sent\u00e9es et souligne ainsi le r\u00f4le important de l'industrie du carton et du carton plat dans la pr\u00e9servation d'un environnement digne d'\u00eatre v\u00e9cu.<\/p>\n<p>Le jury est compos\u00e9 du pr\u00e9sident Satkar Gidda, consultant en marques du Royaume-Uni et de la Pologne, de Susanne Lippitsch, concepteur d'emballages de premier plan chez SL Design, et de Sanjeev Das, directeur mondial de l'emballage dans la division alimentation et glaces chez Unilever.<\/p>\n<p>Tout le monde a \u00e9t\u00e9 impressionn\u00e9 par la diversit\u00e9 des candidatures de cette ann\u00e9e. Bien entendu, il sera particuli\u00e8rement int\u00e9ressant de voir qui recevra cette ann\u00e9e la coupe du \"Carton of the Year\", rejoignant ainsi notre <a href=\"https:\/\/www.procarton.com\/awards\/european-carton-excellence-award\/2021-2\/hall-of-fame\/\">Temple de la renomm\u00e9e<\/a>! Mais d'abord vient le vote du public, qui commence \u00e0 la fin du mois de juillet.<\/p>\n<p><strong>Pro Carton Young Designers Award #pcyda - les inscriptions atteignent un niveau record<\/strong><\/p>\n<p>Le jury du concours Pro Carton Young Designers Award a \u00e9t\u00e9 compl\u00e8tement submerg\u00e9 : avec plus de 800 candidatures, le nombre de participants \u00e9tait une fois de plus nettement sup\u00e9rieur \u00e0 celui de l'ann\u00e9e record pr\u00e9c\u00e9dente, 2021. Plus de 100 universit\u00e9s et \u00e9coles sup\u00e9rieures ont particip\u00e9 - et de plus en plus s'impliquent activement. Pro Carton a pu soutenir plus de la moiti\u00e9 d'entre elles en fournissant des feuilles de carton.<\/p>\n<p>Le jury doit relever un d\u00e9fi incroyable cette ann\u00e9e. Outre le pr\u00e9sident Satkar Gidda, consultant en marques de Grande-Bretagne et de Pologne, il comprend Roland Rex, membre du conseil d'administration du groupe WEIG, responsable de l'orientation client et du d\u00e9veloppement commercial, et Sanjeev Das, directeur mondial de l'emballage dans la division alimentation et glaces d'Unilever.<\/p>\n<p>Chaque proposition a \u00e9t\u00e9 minutieusement examin\u00e9e au format num\u00e9rique et une liste des 100 meilleures a \u00e9t\u00e9 invit\u00e9e \u00e0 envoyer ses dessins \u00e0 La Haye pour la phase finale du jugement. Pour l'heure, le jury s\u00e9lectionne les gagnants ainsi qu'une liste de pr\u00e9s\u00e9lection pour le vote du public, qui d\u00e9butera \u00e0 la mi-juillet.<\/p>\n<p>En plus des principaux prix europ\u00e9ens, le jury a \u00e9t\u00e9 charg\u00e9 de s\u00e9lectionner les laur\u00e9ats de neuf prix nationaux : Allemagne, Autriche, Belgique, Espagne, France, Italie, Pays-Bas, Royaume-Uni et Turquie.<\/p>\n<p><strong>Pro Carton Student Video Award - des histoires fascinantes<\/strong><\/p>\n<p>La soumission pour la vid\u00e9o Award est toujours en cours ; la date limite de soumission est le 26 juin 2022. Pro Carton est en contact \u00e9troit avec de nombreuses universit\u00e9s \u00e0 travers l'Europe, et nous attendons avec impatience les finales. Pour la premi\u00e8re fois, le public votera \u00e9galement pour ce Award. Le jury commencera la s\u00e9lection imm\u00e9diatement apr\u00e8s la date de cl\u00f4ture et le vote du public d\u00e9butera au d\u00e9but du mois d'ao\u00fbt.<\/p>\n<p>Le jury comprend le r\u00e9alisateur et producteur de films Bady Minck, l'expert international en publicit\u00e9 et en design Simon Bolton, et Winfried Muehling, directeur g\u00e9n\u00e9ral de Pro Carton et expert de l'industrie mondiale de l'emballage et des produits de grande consommation. Ils se r\u00e9uniront en juillet afin de s\u00e9lectionner les meilleurs films pour le vote du public : attendez-vous \u00e0 des superproductions !<\/p>\n<p><strong>Le retour du Gala festif Award - enfin !<\/strong><\/p>\n<p>En septembre de cette ann\u00e9e, les choses seront particuli\u00e8rement excitantes pour tous les participants ainsi que pour toutes les personnes int\u00e9ress\u00e9es par le design durable. Notre c\u00e9r\u00e9monie de remise des prix se d\u00e9roulera traditionnellement lors du d\u00eener festif Award, le soir du 15 septembre 2022 \u00e0 Cracovie (Pologne). Comme de coutume, les gagnants des trois Awards seront annonc\u00e9s sur le site Web de Pro Carton \u00e0 minuit.<\/p>\n<p><strong>Votez, votez, votez !<\/strong><\/p>\n<p><em>\u00c0 partir de la mi-juillet, le vote du public pour les trois Awards sera successivement ouvert ! Les experts du secteur et les consommateurs sont invit\u00e9s \u00e0 voter pour leurs favoris personnels. Vous \u00eates invit\u00e9s \u00e0 convaincre vos amis et coll\u00e8gues de partager, d'aimer et de voter pour vos favoris. <\/em><\/p>\n<p><em>Restez dans l'action ! <a href=\"https:\/\/www.procarton.com\/register-to-pro-carton-e-news\/\">Ici <\/a>vous pouvez vous inscrire \u00e0 la newsletter de Pro Carton. Tous les destinataires seront inform\u00e9s personnellement d\u00e8s l'ouverture du vote public. Appr\u00e9ciez les concepts brillants des entreprises leaders de l'industrie du carton, les cr\u00e9ations de jeunes designers et les films inspirants sur le th\u00e8me du carton et des cartons.<\/em><em><br \/>\n<\/em><\/p>\n<\/div>\n<\/section>\n<\/div>\n<div class=\"av-animated-generic top-to-bottom flex_column av_two_fifth  flex_column_div av-zero-column-padding   avia-builder-el-2  el_after_av_three_fifth  avia-builder-el-last\" style='border-radius:0px; '>\n<div  class='avia-image-container  av-styling-    avia-builder-el-3  avia-builder-el-no-sibling  avia-align-center'  itemprop=\"image\" itemscope=\"itemscope\" itemtype=\"https:\/\/schema.org\/ImageObject\"  >\n<div class='avia-image-container-inner'>\n<div class='avia-image-overlay-wrap'><img decoding=\"async\" width=\"1030\" height=\"687\" class='wp-image-279527 avia-img-lazy-loading-not-279527 avia_image' src=\"https:\/\/www.procarton.com\/wp-content\/uploads\/2022\/06\/Pro-Carton-Awards-2022-1030x687.png\" alt='' title='Pro Carton Awards 2022'  itemprop=\"thumbnailUrl\" srcset=\"https:\/\/www.procarton.com\/wp-content\/uploads\/2022\/06\/Pro-Carton-Awards-2022-1030x687.png 1030w, https:\/\/www.procarton.com\/wp-content\/uploads\/2022\/06\/Pro-Carton-Awards-2022-300x200.png 300w, https:\/\/www.procarton.com\/wp-content\/uploads\/2022\/06\/Pro-Carton-Awards-2022-768x512.png 768w, https:\/\/www.procarton.com\/wp-content\/uploads\/2022\/06\/Pro-Carton-Awards-2022-18x12.png 18w, https:\/\/www.procarton.com\/wp-content\/uploads\/2022\/06\/Pro-Carton-Awards-2022-705x470.png 705w, https:\/\/www.procarton.com\/wp-content\/uploads\/2022\/06\/Pro-Carton-Awards-2022.png 1200w\" sizes=\"(max-width: 1030px) 100vw, 1030px\" \/><\/div>\n<\/div>\n<\/div>\n<\/div>","protected":false},"excerpt":{"rendered":"<p>Les trois prix d\u00e9cern\u00e9s \u00e0 Pro Carton offrent une fois de plus des solutions fascinantes pour les consommateurs et l'environnement.<\/p>","protected":false},"author":763,"featured_media":0,"comment_status":"closed","ping_status":"open","sticky":false,"template":"","format":"standard","meta":{"inline_featured_image":false,"footnotes":""},"categories":[42],"tags":[],"class_list":["post-279201","post","type-post","status-publish","format-standard","hentry","category-awards"],"yoast_head":"<!-- This site is optimized with the Yoast SEO plugin v27.4 - https:\/\/yoast.com\/product\/yoast-seo-wordpress\/ -->\n<title>The 2022 Pro Carton Awards - it\u2019s going to be a hot summer - Pro Carton<\/title>\n<meta name=\"robots\" content=\"index, follow, max-snippet:-1, max-image-preview:large, max-video-preview:-1\" \/>\n<link rel=\"canonical\" href=\"https:\/\/www.procarton.com\/fr\/awards-2022\/\" \/>\n<meta property=\"og:locale\" content=\"fr_FR\" \/>\n<meta property=\"og:type\" content=\"article\" \/>\n<meta property=\"og:title\" content=\"The 2022 Pro Carton Awards - it\u2019s going to be a hot summer - Pro Carton\" \/>\n<meta property=\"og:description\" content=\"Pro Carton&#039;s three awards will once again be offering fascinating solutions for consumers and the environment.\" \/>\n<meta property=\"og:url\" content=\"https:\/\/www.procarton.com\/fr\/awards-2022\/\" \/>\n<meta property=\"og:site_name\" content=\"Pro Carton\" \/>\n<meta property=\"article:publisher\" content=\"https:\/\/www.facebook.com\/procartondesignaward\/\" \/>\n<meta property=\"article:published_time\" content=\"2022-06-23T07:15:09+00:00\" \/>\n<meta property=\"article:modified_time\" content=\"2023-09-07T18:13:00+00:00\" \/>\n<meta name=\"author\" content=\"Mediendesign\" \/>\n<meta name=\"twitter:card\" content=\"summary_large_image\" \/>\n<meta name=\"twitter:creator\" content=\"@pro_carton\" \/>\n<meta name=\"twitter:site\" content=\"@pro_carton\" \/>\n<meta name=\"twitter:label1\" content=\"\u00c9crit par\" \/>\n\t<meta name=\"twitter:data1\" content=\"Mediendesign\" \/>\n\t<meta name=\"twitter:label2\" content=\"Dur\u00e9e de lecture estim\u00e9e\" \/>\n\t<meta name=\"twitter:data2\" content=\"5 minutes\" \/>\n<script type=\"application\/ld+json\" class=\"yoast-schema-graph\">{\"@context\":\"https:\\\/\\\/schema.org\",\"@graph\":[{\"@type\":\"Article\",\"@id\":\"https:\\\/\\\/www.procarton.com\\\/awards-2022\\\/#article\",\"isPartOf\":{\"@id\":\"https:\\\/\\\/www.procarton.com\\\/awards-2022\\\/\"},\"author\":{\"name\":\"Mediendesign\",\"@id\":\"https:\\\/\\\/www.procarton.com\\\/es\\\/#\\\/schema\\\/person\\\/7c77a27683cd0ddceb1071c518193dc2\"},\"headline\":\"The 2022 Pro Carton Awards &#8211; it\u2019s going to be a hot summer\",\"datePublished\":\"2022-06-23T07:15:09+00:00\",\"dateModified\":\"2023-09-07T18:13:00+00:00\",\"mainEntityOfPage\":{\"@id\":\"https:\\\/\\\/www.procarton.com\\\/awards-2022\\\/\"},\"wordCount\":1258,\"publisher\":{\"@id\":\"https:\\\/\\\/www.procarton.com\\\/es\\\/#organization\"},\"articleSection\":[\"Awards\"],\"inLanguage\":\"fr-FR\"},{\"@type\":\"WebPage\",\"@id\":\"https:\\\/\\\/www.procarton.com\\\/awards-2022\\\/\",\"url\":\"https:\\\/\\\/www.procarton.com\\\/awards-2022\\\/\",\"name\":\"The 2022 Pro Carton Awards - it\u2019s going to be a hot summer - Pro Carton\",\"isPartOf\":{\"@id\":\"https:\\\/\\\/www.procarton.com\\\/es\\\/#website\"},\"datePublished\":\"2022-06-23T07:15:09+00:00\",\"dateModified\":\"2023-09-07T18:13:00+00:00\",\"breadcrumb\":{\"@id\":\"https:\\\/\\\/www.procarton.com\\\/awards-2022\\\/#breadcrumb\"},\"inLanguage\":\"fr-FR\",\"potentialAction\":[{\"@type\":\"ReadAction\",\"target\":[\"https:\\\/\\\/www.procarton.com\\\/awards-2022\\\/\"]}]},{\"@type\":\"BreadcrumbList\",\"@id\":\"https:\\\/\\\/www.procarton.com\\\/awards-2022\\\/#breadcrumb\",\"itemListElement\":[{\"@type\":\"ListItem\",\"position\":1,\"name\":\"Home\",\"item\":\"https:\\\/\\\/www.procarton.com\\\/\"},{\"@type\":\"ListItem\",\"position\":2,\"name\":\"The 2022 Pro Carton Awards &#8211; it\u2019s going to be a hot summer\"}]},{\"@type\":\"WebSite\",\"@id\":\"https:\\\/\\\/www.procarton.com\\\/es\\\/#website\",\"url\":\"https:\\\/\\\/www.procarton.com\\\/es\\\/\",\"name\":\"Pro Carton\",\"description\":\"\",\"publisher\":{\"@id\":\"https:\\\/\\\/www.procarton.com\\\/es\\\/#organization\"},\"potentialAction\":[{\"@type\":\"SearchAction\",\"target\":{\"@type\":\"EntryPoint\",\"urlTemplate\":\"https:\\\/\\\/www.procarton.com\\\/es\\\/?s={search_term_string}\"},\"query-input\":{\"@type\":\"PropertyValueSpecification\",\"valueRequired\":true,\"valueName\":\"search_term_string\"}}],\"inLanguage\":\"fr-FR\"},{\"@type\":\"Organization\",\"@id\":\"https:\\\/\\\/www.procarton.com\\\/es\\\/#organization\",\"name\":\"ProCarton\",\"url\":\"https:\\\/\\\/www.procarton.com\\\/es\\\/\",\"logo\":{\"@type\":\"ImageObject\",\"inLanguage\":\"fr-FR\",\"@id\":\"https:\\\/\\\/www.procarton.com\\\/es\\\/#\\\/schema\\\/logo\\\/image\\\/\",\"url\":\"https:\\\/\\\/www.procarton.com\\\/wp-content\\\/uploads\\\/2022\\\/06\\\/logo-mit-slogan.jpg\",\"contentUrl\":\"https:\\\/\\\/www.procarton.com\\\/wp-content\\\/uploads\\\/2022\\\/06\\\/logo-mit-slogan.jpg\",\"width\":422,\"height\":519,\"caption\":\"ProCarton\"},\"image\":{\"@id\":\"https:\\\/\\\/www.procarton.com\\\/es\\\/#\\\/schema\\\/logo\\\/image\\\/\"},\"sameAs\":[\"https:\\\/\\\/www.facebook.com\\\/procartondesignaward\\\/\",\"https:\\\/\\\/x.com\\\/pro_carton\"]},{\"@type\":\"Person\",\"@id\":\"https:\\\/\\\/www.procarton.com\\\/es\\\/#\\\/schema\\\/person\\\/7c77a27683cd0ddceb1071c518193dc2\",\"name\":\"Mediendesign\",\"url\":\"https:\\\/\\\/www.procarton.com\\\/fr\\\/author\\\/mediendesign\\\/\"}]}<\/script>\n<!-- \/ Yoast SEO plugin. -->","yoast_head_json":{"title":"Le Pro Carton 2022 Awards - L'\u00e9t\u00e9 va \u00eatre chaud - Pro Carton","robots":{"index":"index","follow":"follow","max-snippet":"max-snippet:-1","max-image-preview":"max-image-preview:large","max-video-preview":"max-video-preview:-1"},"canonical":"https:\/\/www.procarton.com\/fr\/awards-2022\/","og_locale":"fr_FR","og_type":"article","og_title":"The 2022 Pro Carton Awards - it\u2019s going to be a hot summer - Pro Carton","og_description":"Pro Carton's three awards will once again be offering fascinating solutions for consumers and the environment.","og_url":"https:\/\/www.procarton.com\/fr\/awards-2022\/","og_site_name":"Pro Carton","article_publisher":"https:\/\/www.facebook.com\/procartondesignaward\/","article_published_time":"2022-06-23T07:15:09+00:00","article_modified_time":"2023-09-07T18:13:00+00:00","author":"Mediendesign","twitter_card":"summary_large_image","twitter_creator":"@pro_carton","twitter_site":"@pro_carton","twitter_misc":{"\u00c9crit par":"Mediendesign","Dur\u00e9e de lecture estim\u00e9e":"5 minutes"},"schema":{"@context":"https:\/\/schema.org","@graph":[{"@type":"Article","@id":"https:\/\/www.procarton.com\/awards-2022\/#article","isPartOf":{"@id":"https:\/\/www.procarton.com\/awards-2022\/"},"author":{"name":"Mediendesign","@id":"https:\/\/www.procarton.com\/es\/#\/schema\/person\/7c77a27683cd0ddceb1071c518193dc2"},"headline":"The 2022 Pro Carton Awards &#8211; it\u2019s going to be a hot summer","datePublished":"2022-06-23T07:15:09+00:00","dateModified":"2023-09-07T18:13:00+00:00","mainEntityOfPage":{"@id":"https:\/\/www.procarton.com\/awards-2022\/"},"wordCount":1258,"publisher":{"@id":"https:\/\/www.procarton.com\/es\/#organization"},"articleSection":["Awards"],"inLanguage":"fr-FR"},{"@type":"WebPage","@id":"https:\/\/www.procarton.com\/awards-2022\/","url":"https:\/\/www.procarton.com\/awards-2022\/","name":"Le Pro Carton 2022 Awards - L'\u00e9t\u00e9 va \u00eatre chaud - Pro Carton","isPartOf":{"@id":"https:\/\/www.procarton.com\/es\/#website"},"datePublished":"2022-06-23T07:15:09+00:00","dateModified":"2023-09-07T18:13:00+00:00","breadcrumb":{"@id":"https:\/\/www.procarton.com\/awards-2022\/#breadcrumb"},"inLanguage":"fr-FR","potentialAction":[{"@type":"ReadAction","target":["https:\/\/www.procarton.com\/awards-2022\/"]}]},{"@type":"BreadcrumbList","@id":"https:\/\/www.procarton.com\/awards-2022\/#breadcrumb","itemListElement":[{"@type":"ListItem","position":1,"name":"Home","item":"https:\/\/www.procarton.com\/"},{"@type":"ListItem","position":2,"name":"The 2022 Pro Carton Awards &#8211; it\u2019s going to be a hot summer"}]},{"@type":"WebSite","@id":"https:\/\/www.procarton.com\/es\/#website","url":"https:\/\/www.procarton.com\/es\/","name":"Pro Carton","description":"","publisher":{"@id":"https:\/\/www.procarton.com\/es\/#organization"},"potentialAction":[{"@type":"SearchAction","target":{"@type":"EntryPoint","urlTemplate":"https:\/\/www.procarton.com\/es\/?s={search_term_string}"},"query-input":{"@type":"PropertyValueSpecification","valueRequired":true,"valueName":"search_term_string"}}],"inLanguage":"fr-FR"},{"@type":"Organization","@id":"https:\/\/www.procarton.com\/es\/#organization","name":"ProCarton","url":"https:\/\/www.procarton.com\/es\/","logo":{"@type":"ImageObject","inLanguage":"fr-FR","@id":"https:\/\/www.procarton.com\/es\/#\/schema\/logo\/image\/","url":"https:\/\/www.procarton.com\/wp-content\/uploads\/2022\/06\/logo-mit-slogan.jpg","contentUrl":"https:\/\/www.procarton.com\/wp-content\/uploads\/2022\/06\/logo-mit-slogan.jpg","width":422,"height":519,"caption":"ProCarton"},"image":{"@id":"https:\/\/www.procarton.com\/es\/#\/schema\/logo\/image\/"},"sameAs":["https:\/\/www.facebook.com\/procartondesignaward\/","https:\/\/x.com\/pro_carton"]},{"@type":"Person","@id":"https:\/\/www.procarton.com\/es\/#\/schema\/person\/7c77a27683cd0ddceb1071c518193dc2","name":"Mediendesign","url":"https:\/\/www.procarton.com\/fr\/author\/mediendesign\/"}]}},"_links":{"self":[{"href":"https:\/\/www.procarton.com\/fr\/wp-json\/wp\/v2\/posts\/279201","targetHints":{"allow":["GET"]}}],"collection":[{"href":"https:\/\/www.procarton.com\/fr\/wp-json\/wp\/v2\/posts"}],"about":[{"href":"https:\/\/www.procarton.com\/fr\/wp-json\/wp\/v2\/types\/post"}],"author":[{"embeddable":true,"href":"https:\/\/www.procarton.com\/fr\/wp-json\/wp\/v2\/users\/763"}],"replies":[{"embeddable":true,"href":"https:\/\/www.procarton.com\/fr\/wp-json\/wp\/v2\/comments?post=279201"}],"version-history":[{"count":12,"href":"https:\/\/www.procarton.com\/fr\/wp-json\/wp\/v2\/posts\/279201\/revisions"}],"predecessor-version":[{"id":279727,"href":"https:\/\/www.procarton.com\/fr\/wp-json\/wp\/v2\/posts\/279201\/revisions\/279727"}],"wp:attachment":[{"href":"https:\/\/www.procarton.com\/fr\/wp-json\/wp\/v2\/media?parent=279201"}],"wp:term":[{"taxonomy":"category","embeddable":true,"href":"https:\/\/www.procarton.com\/fr\/wp-json\/wp\/v2\/categories?post=279201"},{"taxonomy":"post_tag","embeddable":true,"href":"https:\/\/www.procarton.com\/fr\/wp-json\/wp\/v2\/tags?post=279201"}],"curies":[{"name":"wp","href":"https:\/\/api.w.org\/{rel}","templated":true}]}}