{"id":279189,"date":"2022-06-23T07:47:19","date_gmt":"2022-06-23T06:47:19","guid":{"rendered":"https:\/\/www.procarton.com\/?p=279189"},"modified":"2022-08-09T11:09:59","modified_gmt":"2022-08-09T10:09:59","slug":"ticcit-experiencing-circular-economy","status":"publish","type":"post","link":"https:\/\/www.procarton.com\/fr\/ticcit-experiencing-circular-economy\/","title":{"rendered":"TICCIT - L'exp\u00e9rience de l'\u00e9conomie circulaire !"},"content":{"rendered":"<div class=\"av-animated-generic top-to-bottom flex_column av_three_fifth  flex_column_div av-zero-column-padding first  avia-builder-el-0  el_before_av_two_fifth  avia-builder-el-first\" style='border-radius:0px; '>\n<section class=\"av_textblock_section\"  itemscope=\"itemscope\" itemtype=\"https:\/\/schema.org\/BlogPosting\" itemprop=\"blogPost\" >\n<div class='avia_textblock'   itemprop=\"text\" >\n<p><a href=\"..\/activities\/ticcit\/\">TICCIT<\/a> (Trees Into Cartons, Cartons Into Trees) est le programme d'\u00e9ducation scolaire de Pro Carton destin\u00e9 principalement aux enfants \u00e2g\u00e9s de 8 \u00e0 11 ans.  TICCIT consiste \u00e0 enseigner aux \u00e9coliers des notions sur les arbres, le papier, les cartons et le recyclage.  Les enfants sont aid\u00e9s \u00e0 planter un jeune arbre \u00e0 l'int\u00e9rieur d'un carton, qu'ils plantent ensuite dans le sol. <a href=\"..\/activities\/ticcit\/\">TICCIT\u00a0<\/a>enseigne aux enfants l'\u00e9conomie circulaire sans m\u00eame qu'ils le sachent !  C'est une activit\u00e9 tr\u00e8s amusante qui contribue \u00e0 sensibiliser la prochaine g\u00e9n\u00e9ration aux avantages des cartons et \u00e0 l'importance du recyclage.  Le programme TICCIT ne prend peut-\u00eatre que quelques heures \u00e0 l'\u00e9cole, mais l'impact \u00e9ducatif d\u00e9coulant de la plantation d'un jeune arbre et de sa transformation en arbre durera toute une vie et sur plusieurs g\u00e9n\u00e9rations !<\/p>\n<p><strong><u>Comment TICCIT peut-il b\u00e9n\u00e9ficier \u00e0 mon entreprise ?<\/u><\/strong> Pourquoi les entreprises devraient-elles s'impliquer dans le <a href=\"..\/activities\/ticcit\/\">TICCIT<\/a> programme ? Voici quelques-unes des raisons :<\/p>\n<ul>\n<li><strong>Il enseigne aux enfants l'importance du recyclage, la durabilit\u00e9 des emballages en papier et le respect de l'environnement.<\/strong><\/li>\n<li><strong>Elle promeut les avantages des cartons et du carton et soutient la r\u00e9putation de notre industrie.<\/strong><\/li>\n<li><strong>Elle renforce la position et la r\u00e9putation d'une entreprise au sein de la communaut\u00e9 locale et cr\u00e9e une communaut\u00e9 en mettant en relation les enfants, les familles, les enseignants et les entreprises.<\/strong><\/li>\n<li><strong>Les enfants l'adorent et s'en souviennent, car cela change de leur routine habituelle... et ils ont l'occasion de planter un vrai petit arbre !<\/strong><\/li>\n<li><strong>Vous faites la diff\u00e9rence en plantant plus d'arbres - la capture et le stockage naturels du carbone !<\/strong><\/li>\n<li><strong>Le programme est peu co\u00fbteux et peut augmenter l'engagement des employ\u00e9s - tout le monde l'appr\u00e9cie !<\/strong><\/li>\n<li><strong>TICCIT offre des opportunit\u00e9s de relations publiques (les m\u00e9dias locaux adorent ce genre de choses - n'oubliez pas de prendre des photos).<\/strong><\/li>\n<\/ul>\n<p>Les r\u00e9actions des entreprises qui ont particip\u00e9 \u00e0 TICCIT ont \u00e9t\u00e9 tr\u00e8s positives. Le personnel qui a fait les pr\u00e9sentations a trouv\u00e9 le programme tr\u00e8s gratifiant et simple \u00e0 organiser et \u00e0 g\u00e9rer.  TICCIT est un programme extr\u00eamement utile pour tous les acteurs de l'industrie du carton, car il nous permet de mettre en avant nos r\u00e9f\u00e9rences environnementales et de transmettre aux enfants des connaissances, des comp\u00e9tences et des valeurs qu'ils pourront appliquer dans leur vie future. TICCIT a frapp\u00e9 l'imagination de nombreuses personnes impliqu\u00e9es dans notre industrie.<\/p>\n<p><strong><u>Comment fonctionne TICCIT ?<\/u><\/strong><\/p>\n<p><a href=\"..\/activities\/ticcit\/\">TICCIT<\/a> n'est pas un programme d'auto-apprentissage. Le succ\u00e8s de TICCIT repose sur l'implication des entreprises et leur partenariat avec les \u00e9coles locales.  Pro Carton contribue \u00e0 faciliter la participation en produisant des ressources TICCIT GRATUITES disponibles en huit langues. Toutes les informations dont vous avez besoin se trouvent sur le site <a href=\"..\/activities\/ticcit\/\">Site web de Pro Carton<\/a>. Mais par o\u00f9 commencer ?<\/p>\n<p>La premi\u00e8re \u00e9tape que nous recommandons est de nommer un ambassadeur TICCIT, une personne qui peut coordonner l'activit\u00e9 au sein de l'entreprise. Son travail consiste \u00e0 encourager les employ\u00e9s \u00e0 contacter les \u00e9coles locales et \u00e0 s'arranger pour aller dans l'\u00e9cole et faire une pr\u00e9sentation de TICCIT.  Une fois qu'il a \u00e9t\u00e9 convenu avec l'\u00e9cole de faire la pr\u00e9sentation, l'ambassadeur devra commander le nombre appropri\u00e9 de jeunes arbres pour que chaque enfant en ram\u00e8ne un \u00e0 la maison (dans un carton, bien s\u00fbr).<\/p>\n<p>Tout le mat\u00e9riel de soutien, y compris une pr\u00e9sentation et les notes de l'orateur, est disponible. <a href=\"..\/activities\/ticcit\/\">sur le site de Pro Carton<\/a> (en allemand, anglais, fran\u00e7ais, italien, espagnol, n\u00e9erlandais, polonais et turc). Une explication compl\u00e8te sur la mani\u00e8re de lancer votre campagne TICCIT est incluse dans le Guide du programme TICCIT avec les autres documents du programme TICCIT. <a href=\"..\/activities\/ticcit\/\">Ressources TICCIT<\/a>.  Vous pouvez \u00e9galement consulter une vaste galerie d'images des entreprises qui ont d\u00e9j\u00e0 mis en \u0153uvre le programme TICCIT dans les \u00e9coles. <a href=\"..\/activities\/ticcit\/ticcit-in-action\/\">voir TICCIT en action<\/a>.<\/p>\n<p>Les mois \u00e0 venir constituent la p\u00e9riode de planification id\u00e9ale, car les plantations se font de pr\u00e9f\u00e9rence pendant le trimestre scolaire d'automne. Si vous n'\u00eates pas encore impliqu\u00e9 dans TICCIT, prenez le temps d'en savoir plus et de vous impliquer.  Pour de plus amples informations sur TICCIT, veuillez consulter le site Web suivant <a href=\"..\/activities\/ticcit\/\">Site web de Pro Carton\u00a0<\/a>ou contactez Katie Ryan.  Faites-nous savoir quand vous visitez une \u00e9cole et comment vous vous en sortez, et envoyez-nous des photos !<\/p>\n<\/div>\n<\/section>\n<\/div>\n<div class=\"av-animated-generic top-to-bottom flex_column av_two_fifth  flex_column_div av-zero-column-padding   avia-builder-el-2  el_after_av_three_fifth  avia-builder-el-last\" style='border-radius:0px; '>\n<div  class='avia-image-container  av-styling-    avia-builder-el-3  el_before_av_image  avia-builder-el-first  avia-align-center'  itemprop=\"image\" itemscope=\"itemscope\" itemtype=\"https:\/\/schema.org\/ImageObject\"  >\n<div class='avia-image-container-inner'>\n<div class='avia-image-overlay-wrap'><img decoding=\"async\" width=\"300\" height=\"225\" class='wp-image-279195 avia-img-lazy-loading-not-279195 avia_image' src=\"https:\/\/www.procarton.com\/wp-content\/uploads\/2022\/06\/Bild3-300x225.jpg\" alt='' title='Bild3'  itemprop=\"thumbnailUrl\" srcset=\"https:\/\/www.procarton.com\/wp-content\/uploads\/2022\/06\/Bild3-300x225.jpg 300w, https:\/\/www.procarton.com\/wp-content\/uploads\/2022\/06\/Bild3-16x12.jpg 16w, https:\/\/www.procarton.com\/wp-content\/uploads\/2022\/06\/Bild3.jpg 595w\" sizes=\"(max-width: 300px) 100vw, 300px\" \/><\/div>\n<\/div>\n<\/div>\n<div  class='avia-image-container  av-styling-    avia-builder-el-4  el_after_av_image  el_before_av_image  avia-align-center'  itemprop=\"image\" itemscope=\"itemscope\" itemtype=\"https:\/\/schema.org\/ImageObject\"  >\n<div class='avia-image-container-inner'>\n<div class='avia-image-overlay-wrap'><img decoding=\"async\" width=\"300\" height=\"200\" class='wp-image-279193 avia-img-lazy-loading-not-279193 avia_image' src=\"https:\/\/www.procarton.com\/wp-content\/uploads\/2022\/06\/Bild1-300x200.jpg\" alt='' title='Bild1'  itemprop=\"thumbnailUrl\" srcset=\"https:\/\/www.procarton.com\/wp-content\/uploads\/2022\/06\/Bild1-300x200.jpg 300w, https:\/\/www.procarton.com\/wp-content\/uploads\/2022\/06\/Bild1-1030x687.jpg 1030w, https:\/\/www.procarton.com\/wp-content\/uploads\/2022\/06\/Bild1-768x512.jpg 768w, https:\/\/www.procarton.com\/wp-content\/uploads\/2022\/06\/Bild1-18x12.jpg 18w, https:\/\/www.procarton.com\/wp-content\/uploads\/2022\/06\/Bild1-705x470.jpg 705w, https:\/\/www.procarton.com\/wp-content\/uploads\/2022\/06\/Bild1.jpg 1280w\" sizes=\"(max-width: 300px) 100vw, 300px\" \/><\/div>\n<\/div>\n<\/div>\n<div  class='avia-image-container  av-styling-    avia-builder-el-5  el_after_av_image  el_before_av_image  avia-align-center'  itemprop=\"image\" itemscope=\"itemscope\" itemtype=\"https:\/\/schema.org\/ImageObject\"  >\n<div class='avia-image-container-inner'>\n<div class='avia-image-overlay-wrap'><img decoding=\"async\" width=\"156\" height=\"300\" class='wp-image-279194 avia-img-lazy-loading-not-279194 avia_image' src=\"https:\/\/www.procarton.com\/wp-content\/uploads\/2022\/06\/Bild2-156x300.jpg\" alt='' title='Bild2'  itemprop=\"thumbnailUrl\" srcset=\"https:\/\/www.procarton.com\/wp-content\/uploads\/2022\/06\/Bild2-156x300.jpg 156w, https:\/\/www.procarton.com\/wp-content\/uploads\/2022\/06\/Bild2-6x12.jpg 6w, https:\/\/www.procarton.com\/wp-content\/uploads\/2022\/06\/Bild2-368x705.jpg 368w, https:\/\/www.procarton.com\/wp-content\/uploads\/2022\/06\/Bild2.jpg 534w\" sizes=\"(max-width: 156px) 100vw, 156px\" \/><\/div>\n<\/div>\n<\/div>\n<div  class='avia-image-container  av-styling-    avia-builder-el-6  el_after_av_image  avia-builder-el-last  avia-align-center'  itemprop=\"image\" itemscope=\"itemscope\" itemtype=\"https:\/\/schema.org\/ImageObject\"  >\n<div class='avia-image-container-inner'>\n<div class='avia-image-overlay-wrap'><img decoding=\"async\" width=\"300\" height=\"300\" class='wp-image-279196 avia-img-lazy-loading-not-279196 avia_image' src=\"https:\/\/www.procarton.com\/wp-content\/uploads\/2022\/06\/Bild4-300x300.jpg\" alt='' title='Bild4'  itemprop=\"thumbnailUrl\" srcset=\"https:\/\/www.procarton.com\/wp-content\/uploads\/2022\/06\/Bild4-300x300.jpg 300w, https:\/\/www.procarton.com\/wp-content\/uploads\/2022\/06\/Bild4-80x80.jpg 80w, https:\/\/www.procarton.com\/wp-content\/uploads\/2022\/06\/Bild4-12x12.jpg 12w, https:\/\/www.procarton.com\/wp-content\/uploads\/2022\/06\/Bild4-36x36.jpg 36w, https:\/\/www.procarton.com\/wp-content\/uploads\/2022\/06\/Bild4-180x180.jpg 180w, https:\/\/www.procarton.com\/wp-content\/uploads\/2022\/06\/Bild4.jpg 492w\" sizes=\"(max-width: 300px) 100vw, 300px\" \/><\/div>\n<\/div>\n<\/div>\n<\/div>","protected":false},"excerpt":{"rendered":"<p>TICCIT (Trees Into Cartons, Cartons Into Trees) est le programme d'\u00e9ducation scolaire de Pro Carton, destin\u00e9 principalement aux enfants \u00e2g\u00e9s de 8 \u00e0 11 ans.\u00a0<\/p>","protected":false},"author":763,"featured_media":279195,"comment_status":"closed","ping_status":"open","sticky":false,"template":"","format":"standard","meta":{"inline_featured_image":false,"footnotes":""},"categories":[242,93],"tags":[],"class_list":["post-279189","post","type-post","status-publish","format-standard","has-post-thumbnail","hentry","category-procarton","category-ticcit"],"yoast_head":"<!-- This site is optimized with the Yoast SEO plugin v27.4 - https:\/\/yoast.com\/product\/yoast-seo-wordpress\/ -->\n<title>TICCIT \u2013 Experiencing Circular Economy! - Pro Carton<\/title>\n<meta name=\"robots\" content=\"index, follow, max-snippet:-1, max-image-preview:large, max-video-preview:-1\" \/>\n<link rel=\"canonical\" href=\"https:\/\/www.procarton.com\/fr\/ticcit-experiencing-circular-economy\/\" \/>\n<meta property=\"og:locale\" content=\"fr_FR\" \/>\n<meta property=\"og:type\" content=\"article\" \/>\n<meta property=\"og:title\" content=\"TICCIT \u2013 Experiencing Circular Economy! - Pro Carton\" \/>\n<meta property=\"og:description\" content=\"TICCIT (Trees Into Cartons, Cartons Into Trees) is Pro Carton\u2019s schools\u2019 education programme aimed mainly at children aged between 8-11 years.\u00a0\" \/>\n<meta property=\"og:url\" content=\"https:\/\/www.procarton.com\/fr\/ticcit-experiencing-circular-economy\/\" \/>\n<meta property=\"og:site_name\" content=\"Pro Carton\" \/>\n<meta property=\"article:publisher\" content=\"https:\/\/www.facebook.com\/procartondesignaward\/\" \/>\n<meta property=\"article:published_time\" content=\"2022-06-23T06:47:19+00:00\" \/>\n<meta property=\"article:modified_time\" content=\"2022-08-09T10:09:59+00:00\" \/>\n<meta property=\"og:image\" content=\"https:\/\/www.procarton.com\/wp-content\/uploads\/2022\/06\/Bild3.jpg\" \/>\n\t<meta property=\"og:image:width\" content=\"595\" \/>\n\t<meta property=\"og:image:height\" content=\"446\" \/>\n\t<meta property=\"og:image:type\" content=\"image\/jpeg\" \/>\n<meta name=\"author\" content=\"Mediendesign\" \/>\n<meta name=\"twitter:card\" content=\"summary_large_image\" \/>\n<meta name=\"twitter:creator\" content=\"@pro_carton\" \/>\n<meta name=\"twitter:site\" content=\"@pro_carton\" \/>\n<meta name=\"twitter:label1\" content=\"\u00c9crit par\" \/>\n\t<meta name=\"twitter:data1\" content=\"Mediendesign\" \/>\n\t<meta name=\"twitter:label2\" content=\"Dur\u00e9e de lecture estim\u00e9e\" \/>\n\t<meta name=\"twitter:data2\" content=\"7 minutes\" \/>\n<script type=\"application\/ld+json\" class=\"yoast-schema-graph\">{\"@context\":\"https:\\\/\\\/schema.org\",\"@graph\":[{\"@type\":\"Article\",\"@id\":\"https:\\\/\\\/www.procarton.com\\\/ticcit-experiencing-circular-economy\\\/#article\",\"isPartOf\":{\"@id\":\"https:\\\/\\\/www.procarton.com\\\/ticcit-experiencing-circular-economy\\\/\"},\"author\":{\"name\":\"Mediendesign\",\"@id\":\"https:\\\/\\\/www.procarton.com\\\/es\\\/#\\\/schema\\\/person\\\/7c77a27683cd0ddceb1071c518193dc2\"},\"headline\":\"TICCIT \u2013 Experiencing Circular Economy!\",\"datePublished\":\"2022-06-23T06:47:19+00:00\",\"dateModified\":\"2022-08-09T10:09:59+00:00\",\"mainEntityOfPage\":{\"@id\":\"https:\\\/\\\/www.procarton.com\\\/ticcit-experiencing-circular-economy\\\/\"},\"wordCount\":1308,\"publisher\":{\"@id\":\"https:\\\/\\\/www.procarton.com\\\/es\\\/#organization\"},\"image\":{\"@id\":\"https:\\\/\\\/www.procarton.com\\\/ticcit-experiencing-circular-economy\\\/#primaryimage\"},\"thumbnailUrl\":\"https:\\\/\\\/www.procarton.com\\\/wp-content\\\/uploads\\\/2022\\\/06\\\/Bild3.jpg\",\"articleSection\":[\"Pro Carton\",\"TICCIT\"],\"inLanguage\":\"fr-FR\"},{\"@type\":\"WebPage\",\"@id\":\"https:\\\/\\\/www.procarton.com\\\/ticcit-experiencing-circular-economy\\\/\",\"url\":\"https:\\\/\\\/www.procarton.com\\\/ticcit-experiencing-circular-economy\\\/\",\"name\":\"TICCIT \u2013 Experiencing Circular Economy! - Pro Carton\",\"isPartOf\":{\"@id\":\"https:\\\/\\\/www.procarton.com\\\/es\\\/#website\"},\"primaryImageOfPage\":{\"@id\":\"https:\\\/\\\/www.procarton.com\\\/ticcit-experiencing-circular-economy\\\/#primaryimage\"},\"image\":{\"@id\":\"https:\\\/\\\/www.procarton.com\\\/ticcit-experiencing-circular-economy\\\/#primaryimage\"},\"thumbnailUrl\":\"https:\\\/\\\/www.procarton.com\\\/wp-content\\\/uploads\\\/2022\\\/06\\\/Bild3.jpg\",\"datePublished\":\"2022-06-23T06:47:19+00:00\",\"dateModified\":\"2022-08-09T10:09:59+00:00\",\"breadcrumb\":{\"@id\":\"https:\\\/\\\/www.procarton.com\\\/ticcit-experiencing-circular-economy\\\/#breadcrumb\"},\"inLanguage\":\"fr-FR\",\"potentialAction\":[{\"@type\":\"ReadAction\",\"target\":[\"https:\\\/\\\/www.procarton.com\\\/ticcit-experiencing-circular-economy\\\/\"]}]},{\"@type\":\"ImageObject\",\"inLanguage\":\"fr-FR\",\"@id\":\"https:\\\/\\\/www.procarton.com\\\/ticcit-experiencing-circular-economy\\\/#primaryimage\",\"url\":\"https:\\\/\\\/www.procarton.com\\\/wp-content\\\/uploads\\\/2022\\\/06\\\/Bild3.jpg\",\"contentUrl\":\"https:\\\/\\\/www.procarton.com\\\/wp-content\\\/uploads\\\/2022\\\/06\\\/Bild3.jpg\",\"width\":595,\"height\":446},{\"@type\":\"BreadcrumbList\",\"@id\":\"https:\\\/\\\/www.procarton.com\\\/ticcit-experiencing-circular-economy\\\/#breadcrumb\",\"itemListElement\":[{\"@type\":\"ListItem\",\"position\":1,\"name\":\"Home\",\"item\":\"https:\\\/\\\/www.procarton.com\\\/\"},{\"@type\":\"ListItem\",\"position\":2,\"name\":\"TICCIT \u2013 Experiencing Circular Economy!\"}]},{\"@type\":\"WebSite\",\"@id\":\"https:\\\/\\\/www.procarton.com\\\/es\\\/#website\",\"url\":\"https:\\\/\\\/www.procarton.com\\\/es\\\/\",\"name\":\"Pro Carton\",\"description\":\"\",\"publisher\":{\"@id\":\"https:\\\/\\\/www.procarton.com\\\/es\\\/#organization\"},\"potentialAction\":[{\"@type\":\"SearchAction\",\"target\":{\"@type\":\"EntryPoint\",\"urlTemplate\":\"https:\\\/\\\/www.procarton.com\\\/es\\\/?s={search_term_string}\"},\"query-input\":{\"@type\":\"PropertyValueSpecification\",\"valueRequired\":true,\"valueName\":\"search_term_string\"}}],\"inLanguage\":\"fr-FR\"},{\"@type\":\"Organization\",\"@id\":\"https:\\\/\\\/www.procarton.com\\\/es\\\/#organization\",\"name\":\"ProCarton\",\"url\":\"https:\\\/\\\/www.procarton.com\\\/es\\\/\",\"logo\":{\"@type\":\"ImageObject\",\"inLanguage\":\"fr-FR\",\"@id\":\"https:\\\/\\\/www.procarton.com\\\/es\\\/#\\\/schema\\\/logo\\\/image\\\/\",\"url\":\"https:\\\/\\\/www.procarton.com\\\/wp-content\\\/uploads\\\/2022\\\/06\\\/logo-mit-slogan.jpg\",\"contentUrl\":\"https:\\\/\\\/www.procarton.com\\\/wp-content\\\/uploads\\\/2022\\\/06\\\/logo-mit-slogan.jpg\",\"width\":422,\"height\":519,\"caption\":\"ProCarton\"},\"image\":{\"@id\":\"https:\\\/\\\/www.procarton.com\\\/es\\\/#\\\/schema\\\/logo\\\/image\\\/\"},\"sameAs\":[\"https:\\\/\\\/www.facebook.com\\\/procartondesignaward\\\/\",\"https:\\\/\\\/x.com\\\/pro_carton\"]},{\"@type\":\"Person\",\"@id\":\"https:\\\/\\\/www.procarton.com\\\/es\\\/#\\\/schema\\\/person\\\/7c77a27683cd0ddceb1071c518193dc2\",\"name\":\"Mediendesign\",\"url\":\"https:\\\/\\\/www.procarton.com\\\/fr\\\/author\\\/mediendesign\\\/\"}]}<\/script>\n<!-- \/ Yoast SEO plugin. -->","yoast_head_json":{"title":"TICCIT - L'exp\u00e9rience de l'\u00e9conomie circulaire ! - Pro Carton","robots":{"index":"index","follow":"follow","max-snippet":"max-snippet:-1","max-image-preview":"max-image-preview:large","max-video-preview":"max-video-preview:-1"},"canonical":"https:\/\/www.procarton.com\/fr\/ticcit-experiencing-circular-economy\/","og_locale":"fr_FR","og_type":"article","og_title":"TICCIT \u2013 Experiencing Circular Economy! - Pro Carton","og_description":"TICCIT (Trees Into Cartons, Cartons Into Trees) is Pro Carton\u2019s schools\u2019 education programme aimed mainly at children aged between 8-11 years.\u00a0","og_url":"https:\/\/www.procarton.com\/fr\/ticcit-experiencing-circular-economy\/","og_site_name":"Pro Carton","article_publisher":"https:\/\/www.facebook.com\/procartondesignaward\/","article_published_time":"2022-06-23T06:47:19+00:00","article_modified_time":"2022-08-09T10:09:59+00:00","og_image":[{"width":595,"height":446,"url":"https:\/\/www.procarton.com\/wp-content\/uploads\/2022\/06\/Bild3.jpg","type":"image\/jpeg"}],"author":"Mediendesign","twitter_card":"summary_large_image","twitter_creator":"@pro_carton","twitter_site":"@pro_carton","twitter_misc":{"\u00c9crit par":"Mediendesign","Dur\u00e9e de lecture estim\u00e9e":"7 minutes"},"schema":{"@context":"https:\/\/schema.org","@graph":[{"@type":"Article","@id":"https:\/\/www.procarton.com\/ticcit-experiencing-circular-economy\/#article","isPartOf":{"@id":"https:\/\/www.procarton.com\/ticcit-experiencing-circular-economy\/"},"author":{"name":"Mediendesign","@id":"https:\/\/www.procarton.com\/es\/#\/schema\/person\/7c77a27683cd0ddceb1071c518193dc2"},"headline":"TICCIT \u2013 Experiencing Circular Economy!","datePublished":"2022-06-23T06:47:19+00:00","dateModified":"2022-08-09T10:09:59+00:00","mainEntityOfPage":{"@id":"https:\/\/www.procarton.com\/ticcit-experiencing-circular-economy\/"},"wordCount":1308,"publisher":{"@id":"https:\/\/www.procarton.com\/es\/#organization"},"image":{"@id":"https:\/\/www.procarton.com\/ticcit-experiencing-circular-economy\/#primaryimage"},"thumbnailUrl":"https:\/\/www.procarton.com\/wp-content\/uploads\/2022\/06\/Bild3.jpg","articleSection":["Pro Carton","TICCIT"],"inLanguage":"fr-FR"},{"@type":"WebPage","@id":"https:\/\/www.procarton.com\/ticcit-experiencing-circular-economy\/","url":"https:\/\/www.procarton.com\/ticcit-experiencing-circular-economy\/","name":"TICCIT - L'exp\u00e9rience de l'\u00e9conomie circulaire ! - Pro Carton","isPartOf":{"@id":"https:\/\/www.procarton.com\/es\/#website"},"primaryImageOfPage":{"@id":"https:\/\/www.procarton.com\/ticcit-experiencing-circular-economy\/#primaryimage"},"image":{"@id":"https:\/\/www.procarton.com\/ticcit-experiencing-circular-economy\/#primaryimage"},"thumbnailUrl":"https:\/\/www.procarton.com\/wp-content\/uploads\/2022\/06\/Bild3.jpg","datePublished":"2022-06-23T06:47:19+00:00","dateModified":"2022-08-09T10:09:59+00:00","breadcrumb":{"@id":"https:\/\/www.procarton.com\/ticcit-experiencing-circular-economy\/#breadcrumb"},"inLanguage":"fr-FR","potentialAction":[{"@type":"ReadAction","target":["https:\/\/www.procarton.com\/ticcit-experiencing-circular-economy\/"]}]},{"@type":"ImageObject","inLanguage":"fr-FR","@id":"https:\/\/www.procarton.com\/ticcit-experiencing-circular-economy\/#primaryimage","url":"https:\/\/www.procarton.com\/wp-content\/uploads\/2022\/06\/Bild3.jpg","contentUrl":"https:\/\/www.procarton.com\/wp-content\/uploads\/2022\/06\/Bild3.jpg","width":595,"height":446},{"@type":"BreadcrumbList","@id":"https:\/\/www.procarton.com\/ticcit-experiencing-circular-economy\/#breadcrumb","itemListElement":[{"@type":"ListItem","position":1,"name":"Home","item":"https:\/\/www.procarton.com\/"},{"@type":"ListItem","position":2,"name":"TICCIT \u2013 Experiencing Circular Economy!"}]},{"@type":"WebSite","@id":"https:\/\/www.procarton.com\/es\/#website","url":"https:\/\/www.procarton.com\/es\/","name":"Pro Carton","description":"","publisher":{"@id":"https:\/\/www.procarton.com\/es\/#organization"},"potentialAction":[{"@type":"SearchAction","target":{"@type":"EntryPoint","urlTemplate":"https:\/\/www.procarton.com\/es\/?s={search_term_string}"},"query-input":{"@type":"PropertyValueSpecification","valueRequired":true,"valueName":"search_term_string"}}],"inLanguage":"fr-FR"},{"@type":"Organization","@id":"https:\/\/www.procarton.com\/es\/#organization","name":"ProCarton","url":"https:\/\/www.procarton.com\/es\/","logo":{"@type":"ImageObject","inLanguage":"fr-FR","@id":"https:\/\/www.procarton.com\/es\/#\/schema\/logo\/image\/","url":"https:\/\/www.procarton.com\/wp-content\/uploads\/2022\/06\/logo-mit-slogan.jpg","contentUrl":"https:\/\/www.procarton.com\/wp-content\/uploads\/2022\/06\/logo-mit-slogan.jpg","width":422,"height":519,"caption":"ProCarton"},"image":{"@id":"https:\/\/www.procarton.com\/es\/#\/schema\/logo\/image\/"},"sameAs":["https:\/\/www.facebook.com\/procartondesignaward\/","https:\/\/x.com\/pro_carton"]},{"@type":"Person","@id":"https:\/\/www.procarton.com\/es\/#\/schema\/person\/7c77a27683cd0ddceb1071c518193dc2","name":"Mediendesign","url":"https:\/\/www.procarton.com\/fr\/author\/mediendesign\/"}]}},"_links":{"self":[{"href":"https:\/\/www.procarton.com\/fr\/wp-json\/wp\/v2\/posts\/279189","targetHints":{"allow":["GET"]}}],"collection":[{"href":"https:\/\/www.procarton.com\/fr\/wp-json\/wp\/v2\/posts"}],"about":[{"href":"https:\/\/www.procarton.com\/fr\/wp-json\/wp\/v2\/types\/post"}],"author":[{"embeddable":true,"href":"https:\/\/www.procarton.com\/fr\/wp-json\/wp\/v2\/users\/763"}],"replies":[{"embeddable":true,"href":"https:\/\/www.procarton.com\/fr\/wp-json\/wp\/v2\/comments?post=279189"}],"version-history":[{"count":9,"href":"https:\/\/www.procarton.com\/fr\/wp-json\/wp\/v2\/posts\/279189\/revisions"}],"predecessor-version":[{"id":280677,"href":"https:\/\/www.procarton.com\/fr\/wp-json\/wp\/v2\/posts\/279189\/revisions\/280677"}],"wp:featuredmedia":[{"embeddable":true,"href":"https:\/\/www.procarton.com\/fr\/wp-json\/wp\/v2\/media\/279195"}],"wp:attachment":[{"href":"https:\/\/www.procarton.com\/fr\/wp-json\/wp\/v2\/media?parent=279189"}],"wp:term":[{"taxonomy":"category","embeddable":true,"href":"https:\/\/www.procarton.com\/fr\/wp-json\/wp\/v2\/categories?post=279189"},{"taxonomy":"post_tag","embeddable":true,"href":"https:\/\/www.procarton.com\/fr\/wp-json\/wp\/v2\/tags?post=279189"}],"curies":[{"name":"wp","href":"https:\/\/api.w.org\/{rel}","templated":true}]}}