{"id":276949,"date":"2022-04-14T18:00:41","date_gmt":"2022-04-14T17:00:41","guid":{"rendered":"https:\/\/www.procarton.com\/?p=276949"},"modified":"2022-05-11T13:31:44","modified_gmt":"2022-05-11T12:31:44","slug":"this-easter-its-time-for-new-beginnings","status":"publish","type":"post","link":"https:\/\/www.procarton.com\/fr\/this-easter-its-time-for-new-beginnings\/","title":{"rendered":"En cette p\u00e9riode de P\u00e2ques, l'heure est aux nouveaux d\u00e9parts."},"content":{"rendered":"<div class=\"av-animated-generic top-to-bottom flex_column av_one_full  flex_column_div av-zero-column-padding first  avia-builder-el-0  el_before_av_two_third  avia-builder-el-first\" style='border-radius:0px; '>\n<section class=\"av_textblock_section\"  itemscope=\"itemscope\" itemtype=\"https:\/\/schema.org\/BlogPosting\" itemprop=\"blogPost\" >\n<div class='avia_textblock'   itemprop=\"text\" >\n<p><strong><em>Winfried M\u00fchling, directeur g\u00e9n\u00e9ral, Pro Carton<\/em><\/strong><\/p>\n<p>P\u00e2ques est le temps des nouveaux d\u00e9parts, une f\u00eate pa\u00efenne qui c\u00e9l\u00e8bre la fertilit\u00e9 et la nouvelle vie, caract\u00e9ris\u00e9e par des \u0153ufs magnifiquement d\u00e9cor\u00e9s. Le concept de nouveau d\u00e9part a une signification particuli\u00e8re pour P\u00e2ques 2022, en particulier.  Deux ans se sont \u00e9coul\u00e9s depuis le d\u00e9but de la pand\u00e9mie et, bien que nous nous soyons habitu\u00e9s \u00e0 vivre avec le COVID, tout le monde aspire \u00e0 passer \u00e0 la nouvelle normalit\u00e9.  Cependant, d'autres \u00e9v\u00e9nements survenus ces derni\u00e8res semaines au c\u0153ur de l'Europe ont \u00e9branl\u00e9 notre confiance dans le monde. P\u00e2ques 2022 appelle \u00e0 de nouveaux d\u00e9parts \u00e0 bien des \u00e9gards.<\/p>\n<p>Pour les consommateurs, le don d'\u0153ufs en chocolat \u00e0 P\u00e2ques est banal et constitue une tradition depuis le d\u00e9but du 19e si\u00e8cle. Cependant, avec la prise de conscience croissante de la quantit\u00e9 d\u00e9vastatrice de d\u00e9chets d'emballage g\u00e9n\u00e9r\u00e9s chaque ann\u00e9e, les consommateurs sont confront\u00e9s \u00e0 un choix difficile qui menace d'affecter cette tradition favorite.<\/p>\n<p>De nos jours, les consommateurs ne sont plus seulement influenc\u00e9s par les produits qu'ils ach\u00e8tent, mais aussi par le choix de l'emballage utilis\u00e9, la fa\u00e7on dont il est produit de mani\u00e8re durable et ses qualit\u00e9s en fin de vie.  Heureusement, la plupart des marques et des d\u00e9taillants ont pris ce probl\u00e8me \u00e0 bras-le-corps et, en collaboration avec les fabricants et les transformateurs, ont fait d'\u00e9normes progr\u00e8s en transf\u00e9rant leurs emballages vers une alternative plus \u00e9cologique, le carton.<\/p>\n<p>Cette tendance a \u00e9t\u00e9 renforc\u00e9e par la position de plusieurs des principaux d\u00e9taillants de supermarch\u00e9s.  Nous constatons qu'un nombre croissant de d\u00e9taillants exigent de leurs fournisseurs des produits plus durables.  Au Royaume-Uni, par exemple, Co-op et Aldi ont adopt\u00e9 une position ferme sur la question des emballages plastiques, en les supprimant des gammes de produits et des zones telles que les fen\u00eatres et les rev\u00eatements int\u00e9rieurs, tandis que d'autres, comme Waitrose, ont d\u00e9cr\u00e9t\u00e9 qu'ils allaient r\u00e9duire de moiti\u00e9 le plastique \u00e0 usage unique dans leurs gammes de produits de marque propre.  Ces mesures t\u00e9moignent d'une compr\u00e9hension claire des avantages et des opportunit\u00e9s en mati\u00e8re de durabilit\u00e9 qui peuvent d\u00e9couler de l'utilisation d'emballages en carton et de leur compatibilit\u00e9 avec la pens\u00e9e de l'\u00e9conomie circulaire.<\/p>\n<p>En tant que mat\u00e9riau d'emballage renouvelable d'origine biologique, le carton est un moteur naturel de l'\u00e9conomie circulaire, dont le renouvellement est au c\u0153ur.  Toutefois, son attrait pour les marques et les d\u00e9taillants ne se limite pas \u00e0 ses avantages environnementaux ; c'est \u00e9galement un support d'emballage extr\u00eamement efficace.  Il contribue \u00e0 r\u00e9duire les d\u00e9chets en prot\u00e9geant le produit tout au long de son cycle de vie, du transport au consommateur.  C'est \u00e9galement le substrat d'emballage id\u00e9al pour le marketing car il offre des surfaces lisses pour l'impression et permet l'application d'une grande vari\u00e9t\u00e9 de finitions textur\u00e9es.  Cela permet aux produits de se d\u00e9marquer sur le lieu de vente.<\/p>\n<p>En outre, l'\u00e9quilibre entre l'approvisionnement en mati\u00e8res premi\u00e8res et l'abondance de mat\u00e9riaux r\u00e9cup\u00e9r\u00e9s contribue \u00e0 r\u00e9duire l'impact de la production de carton.  Les nouvelles fibres utilis\u00e9es pour la production de carton en Europe proviennent de for\u00eats locales g\u00e9r\u00e9es durablement.  Ces fibres de bois offrent une source renouvelable de mat\u00e9riaux d'emballage biosourc\u00e9s qui constituent une alternative naturelle aux produits d'origine fossile.  Ainsi, qu'il s'agisse d'un emballage primaire en contact direct avec les aliments ou d'un emballage secondaire, les cartons constitueront toujours la solution id\u00e9ale.  Meilleure pour le consommateur et pour l'environnement.<\/p>\n<\/div>\n<\/section>\n<\/div>\n<div class=\"av-animated-generic top-to-bottom flex_column av_two_third  flex_column_div av-zero-column-padding first  avia-builder-el-2  el_after_av_one_full  el_before_av_one_third  column-top-margin\" style='border-radius:0px; '>\n<section class=\"av_textblock_section\"  itemscope=\"itemscope\" itemtype=\"https:\/\/schema.org\/BlogPosting\" itemprop=\"blogPost\" >\n<div class='avia_textblock'   itemprop=\"text\" >\n<p><strong>Les consommateurs choisissent les cartons <\/strong><\/p>\n<p>Nos propres recherches ont montr\u00e9 que les consommateurs ont une forte pr\u00e9f\u00e9rence pour les emballages \u00e0 faible impact environnemental.  Quatre consommateurs sur cinq en Europe (81%) ont affirm\u00e9 que, s'ils avaient le choix, ils pr\u00e9f\u00e9reraient les emballages en carton ou en carton au plastique.<\/p>\n<p>Les avantages du carton sont clairs.  Il est renouvelable, recyclable et biod\u00e9gradable. Des \u00e9tudes ont montr\u00e9 que les fibres utilis\u00e9es dans la production du carton peuvent \u00eatre recycl\u00e9es jusqu'\u00e0 25 fois, voire plus.  Les emballages \u00e0 base de papier sont d\u00e9j\u00e0 les plus recycl\u00e9s en Europe, et avec les discussions entourant la possibilit\u00e9 de s\u00e9parer la collecte du papier des autres mat\u00e9riaux recyclables, cela garantirait une meilleure qualit\u00e9 des mati\u00e8res premi\u00e8res secondaires.  Cette question est d\u00e9battue dans le cadre des discussions sur l'\u00e9conomie circulaire par les \u00c9tats membres de l'UE, ce qui pourrait offrir davantage d'opportunit\u00e9s pour \u00e9tablir un programme plus large d'efficacit\u00e9 des ressources.<\/p>\n<\/div>\n<\/section>\n<\/div>\n<div class=\"av-animated-generic top-to-bottom flex_column av_one_third  flex_column_div av-zero-column-padding   avia-builder-el-4  el_after_av_two_third  el_before_av_one_full  column-top-margin\" style='border-radius:0px; '>\n<div  class='avia-image-container  av-styling-    avia-builder-el-5  avia-builder-el-no-sibling  avia-align-center'  itemprop=\"image\" itemscope=\"itemscope\" itemtype=\"https:\/\/schema.org\/ImageObject\"  >\n<div class='avia-image-container-inner'>\n<div class='avia-image-overlay-wrap'><img decoding=\"async\" width=\"300\" height=\"200\" class='wp-image-276950 avia-img-lazy-loading-not-276950 avia_image' src=\"https:\/\/www.procarton.com\/wp-content\/uploads\/2022\/04\/ECEA-Easter-2016-300x200.jpg\" alt='' title='ECEA-P\u00e2ques-2016'  itemprop=\"thumbnailUrl\" srcset=\"https:\/\/www.procarton.com\/wp-content\/uploads\/2022\/04\/ECEA-Easter-2016-300x200.jpg 300w, https:\/\/www.procarton.com\/wp-content\/uploads\/2022\/04\/ECEA-Easter-2016-1030x686.jpg 1030w, https:\/\/www.procarton.com\/wp-content\/uploads\/2022\/04\/ECEA-Easter-2016-768x512.jpg 768w, https:\/\/www.procarton.com\/wp-content\/uploads\/2022\/04\/ECEA-Easter-2016-1536x1024.jpg 1536w, https:\/\/www.procarton.com\/wp-content\/uploads\/2022\/04\/ECEA-Easter-2016-18x12.jpg 18w, https:\/\/www.procarton.com\/wp-content\/uploads\/2022\/04\/ECEA-Easter-2016-1500x1000.jpg 1500w, https:\/\/www.procarton.com\/wp-content\/uploads\/2022\/04\/ECEA-Easter-2016-705x470.jpg 705w, https:\/\/www.procarton.com\/wp-content\/uploads\/2022\/04\/ECEA-Easter-2016.jpg 2048w\" sizes=\"(max-width: 300px) 100vw, 300px\" \/><\/div>\n<\/div>\n<\/div>\n<\/div>\n<div class=\"av-animated-generic top-to-bottom flex_column av_one_full  flex_column_div av-zero-column-padding first  avia-builder-el-6  el_after_av_one_third  avia-builder-el-last  column-top-margin\" style='border-radius:0px; '>\n<section class=\"av_textblock_section\"  itemscope=\"itemscope\" itemtype=\"https:\/\/schema.org\/BlogPosting\" itemprop=\"blogPost\" >\n<div class='avia_textblock'   itemprop=\"text\" >\n<p>Aujourd'hui, les rayons des supermarch\u00e9s regorgent de produits emball\u00e9s dans du carton.  Les emballages prot\u00e8gent non seulement les produits, mais servent \u00e9galement de v\u00e9ritables agents de vente dans les rayons. Color\u00e9s et cr\u00e9atifs dans leur conception, pratiques et fonctionnels dans leur utilisation.  La nature innovante des designs est telle que l'exp\u00e9rience du d\u00e9ballage peut parfois \u00eatre aussi excitante que le produit lui-m\u00eame.  La confiance des consommateurs dans le fait qu'un carton peut \u00eatre facilement recycl\u00e9 dans les syst\u00e8mes de collecte fiables est tout aussi importante.<\/p>\n<p>Par cons\u00e9quent, le carton offre aux propri\u00e9taires de marques, aux d\u00e9taillants et aux consommateurs une solution durable.  Un produit bas\u00e9 sur des ressources renouvelables, qui est produit de mani\u00e8re durable, avec un impact minimal sur l'environnement.  Chaque carton collect\u00e9 et recycl\u00e9 marque le d\u00e9but d'un nouvel emballage, ce qui le rend v\u00e9ritablement circulaire.  Les cartons incarnent la circularit\u00e9 - le vrai sens de P\u00e2ques.<\/p>\n<\/div>\n<\/section>\n<\/div>","protected":false},"excerpt":{"rendered":"<p>Deux ans apr\u00e8s le d\u00e9but de la pand\u00e9mie de Covid, tout le monde aspire \u00e0 passer \u00e0 une nouvelle normalit\u00e9.  C'est l'heure des nouveaux d\u00e9parts !<\/p>","protected":false},"author":1286,"featured_media":276950,"comment_status":"closed","ping_status":"open","sticky":false,"template":"","format":"standard","meta":{"inline_featured_image":false,"footnotes":""},"categories":[79,241,77,242,52],"tags":[],"class_list":["post-276949","post","type-post","status-publish","format-standard","has-post-thumbnail","hentry","category-brands-markets","category-legislation","category-national-activities","category-procarton","category-sustainability"],"yoast_head":"<!-- This site is optimized with the Yoast SEO plugin v27.4 - https:\/\/yoast.com\/product\/yoast-seo-wordpress\/ -->\n<title>This Easter, it\u2019s time for new beginnings. - Pro Carton<\/title>\n<meta name=\"robots\" content=\"index, follow, max-snippet:-1, max-image-preview:large, max-video-preview:-1\" \/>\n<link rel=\"canonical\" href=\"https:\/\/www.procarton.com\/fr\/this-easter-its-time-for-new-beginnings\/\" \/>\n<meta property=\"og:locale\" content=\"fr_FR\" \/>\n<meta property=\"og:type\" content=\"article\" \/>\n<meta property=\"og:title\" content=\"This Easter, it\u2019s time for new beginnings. - Pro Carton\" \/>\n<meta property=\"og:description\" content=\"Two years since the start of the Covid pandemic, everyone is longing to move on to a new normal. Time for new beginnings!\" \/>\n<meta property=\"og:url\" content=\"https:\/\/www.procarton.com\/fr\/this-easter-its-time-for-new-beginnings\/\" \/>\n<meta property=\"og:site_name\" content=\"Pro Carton\" \/>\n<meta property=\"article:publisher\" content=\"https:\/\/www.facebook.com\/procartondesignaward\/\" \/>\n<meta property=\"article:published_time\" content=\"2022-04-14T17:00:41+00:00\" \/>\n<meta property=\"article:modified_time\" content=\"2022-05-11T12:31:44+00:00\" \/>\n<meta property=\"og:image\" content=\"https:\/\/www.procarton.com\/wp-content\/uploads\/2022\/04\/ECEA-Easter-2016.jpg\" \/>\n\t<meta property=\"og:image:width\" content=\"2048\" \/>\n\t<meta property=\"og:image:height\" content=\"1365\" \/>\n\t<meta property=\"og:image:type\" content=\"image\/jpeg\" \/>\n<meta name=\"author\" content=\"ryan@procarton.com\" \/>\n<meta name=\"twitter:card\" content=\"summary_large_image\" \/>\n<meta name=\"twitter:creator\" content=\"@pro_carton\" \/>\n<meta name=\"twitter:site\" content=\"@pro_carton\" \/>\n<meta name=\"twitter:label1\" content=\"\u00c9crit par\" \/>\n\t<meta name=\"twitter:data1\" content=\"ryan@procarton.com\" \/>\n\t<meta name=\"twitter:label2\" content=\"Dur\u00e9e de lecture estim\u00e9e\" \/>\n\t<meta name=\"twitter:data2\" content=\"7 minutes\" \/>\n<script type=\"application\/ld+json\" class=\"yoast-schema-graph\">{\"@context\":\"https:\\\/\\\/schema.org\",\"@graph\":[{\"@type\":\"Article\",\"@id\":\"https:\\\/\\\/www.procarton.com\\\/this-easter-its-time-for-new-beginnings\\\/#article\",\"isPartOf\":{\"@id\":\"https:\\\/\\\/www.procarton.com\\\/this-easter-its-time-for-new-beginnings\\\/\"},\"author\":{\"name\":\"ryan@procarton.com\",\"@id\":\"https:\\\/\\\/www.procarton.com\\\/es\\\/#\\\/schema\\\/person\\\/8f52811f36555e3fbe8aa433fda4f5b5\"},\"headline\":\"This Easter, it\u2019s time for new beginnings.\",\"datePublished\":\"2022-04-14T17:00:41+00:00\",\"dateModified\":\"2022-05-11T12:31:44+00:00\",\"mainEntityOfPage\":{\"@id\":\"https:\\\/\\\/www.procarton.com\\\/this-easter-its-time-for-new-beginnings\\\/\"},\"wordCount\":1494,\"publisher\":{\"@id\":\"https:\\\/\\\/www.procarton.com\\\/es\\\/#organization\"},\"image\":{\"@id\":\"https:\\\/\\\/www.procarton.com\\\/this-easter-its-time-for-new-beginnings\\\/#primaryimage\"},\"thumbnailUrl\":\"https:\\\/\\\/www.procarton.com\\\/wp-content\\\/uploads\\\/2022\\\/04\\\/ECEA-Easter-2016.jpg\",\"articleSection\":[\"Brands &amp; Markets\",\"Legislation\",\"National Activities\",\"Pro Carton\",\"Sustainability\"],\"inLanguage\":\"fr-FR\"},{\"@type\":\"WebPage\",\"@id\":\"https:\\\/\\\/www.procarton.com\\\/this-easter-its-time-for-new-beginnings\\\/\",\"url\":\"https:\\\/\\\/www.procarton.com\\\/this-easter-its-time-for-new-beginnings\\\/\",\"name\":\"This Easter, it\u2019s time for new beginnings. - Pro Carton\",\"isPartOf\":{\"@id\":\"https:\\\/\\\/www.procarton.com\\\/es\\\/#website\"},\"primaryImageOfPage\":{\"@id\":\"https:\\\/\\\/www.procarton.com\\\/this-easter-its-time-for-new-beginnings\\\/#primaryimage\"},\"image\":{\"@id\":\"https:\\\/\\\/www.procarton.com\\\/this-easter-its-time-for-new-beginnings\\\/#primaryimage\"},\"thumbnailUrl\":\"https:\\\/\\\/www.procarton.com\\\/wp-content\\\/uploads\\\/2022\\\/04\\\/ECEA-Easter-2016.jpg\",\"datePublished\":\"2022-04-14T17:00:41+00:00\",\"dateModified\":\"2022-05-11T12:31:44+00:00\",\"breadcrumb\":{\"@id\":\"https:\\\/\\\/www.procarton.com\\\/this-easter-its-time-for-new-beginnings\\\/#breadcrumb\"},\"inLanguage\":\"fr-FR\",\"potentialAction\":[{\"@type\":\"ReadAction\",\"target\":[\"https:\\\/\\\/www.procarton.com\\\/this-easter-its-time-for-new-beginnings\\\/\"]}]},{\"@type\":\"ImageObject\",\"inLanguage\":\"fr-FR\",\"@id\":\"https:\\\/\\\/www.procarton.com\\\/this-easter-its-time-for-new-beginnings\\\/#primaryimage\",\"url\":\"https:\\\/\\\/www.procarton.com\\\/wp-content\\\/uploads\\\/2022\\\/04\\\/ECEA-Easter-2016.jpg\",\"contentUrl\":\"https:\\\/\\\/www.procarton.com\\\/wp-content\\\/uploads\\\/2022\\\/04\\\/ECEA-Easter-2016.jpg\",\"width\":2048,\"height\":1365},{\"@type\":\"BreadcrumbList\",\"@id\":\"https:\\\/\\\/www.procarton.com\\\/this-easter-its-time-for-new-beginnings\\\/#breadcrumb\",\"itemListElement\":[{\"@type\":\"ListItem\",\"position\":1,\"name\":\"Home\",\"item\":\"https:\\\/\\\/www.procarton.com\\\/\"},{\"@type\":\"ListItem\",\"position\":2,\"name\":\"This Easter, it\u2019s time for new beginnings.\"}]},{\"@type\":\"WebSite\",\"@id\":\"https:\\\/\\\/www.procarton.com\\\/es\\\/#website\",\"url\":\"https:\\\/\\\/www.procarton.com\\\/es\\\/\",\"name\":\"Pro Carton\",\"description\":\"\",\"publisher\":{\"@id\":\"https:\\\/\\\/www.procarton.com\\\/es\\\/#organization\"},\"potentialAction\":[{\"@type\":\"SearchAction\",\"target\":{\"@type\":\"EntryPoint\",\"urlTemplate\":\"https:\\\/\\\/www.procarton.com\\\/es\\\/?s={search_term_string}\"},\"query-input\":{\"@type\":\"PropertyValueSpecification\",\"valueRequired\":true,\"valueName\":\"search_term_string\"}}],\"inLanguage\":\"fr-FR\"},{\"@type\":\"Organization\",\"@id\":\"https:\\\/\\\/www.procarton.com\\\/es\\\/#organization\",\"name\":\"ProCarton\",\"url\":\"https:\\\/\\\/www.procarton.com\\\/es\\\/\",\"logo\":{\"@type\":\"ImageObject\",\"inLanguage\":\"fr-FR\",\"@id\":\"https:\\\/\\\/www.procarton.com\\\/es\\\/#\\\/schema\\\/logo\\\/image\\\/\",\"url\":\"https:\\\/\\\/www.procarton.com\\\/wp-content\\\/uploads\\\/2022\\\/06\\\/logo-mit-slogan.jpg\",\"contentUrl\":\"https:\\\/\\\/www.procarton.com\\\/wp-content\\\/uploads\\\/2022\\\/06\\\/logo-mit-slogan.jpg\",\"width\":422,\"height\":519,\"caption\":\"ProCarton\"},\"image\":{\"@id\":\"https:\\\/\\\/www.procarton.com\\\/es\\\/#\\\/schema\\\/logo\\\/image\\\/\"},\"sameAs\":[\"https:\\\/\\\/www.facebook.com\\\/procartondesignaward\\\/\",\"https:\\\/\\\/x.com\\\/pro_carton\"]},{\"@type\":\"Person\",\"@id\":\"https:\\\/\\\/www.procarton.com\\\/es\\\/#\\\/schema\\\/person\\\/8f52811f36555e3fbe8aa433fda4f5b5\",\"name\":\"ryan@procarton.com\",\"url\":\"https:\\\/\\\/www.procarton.com\\\/fr\\\/author\\\/pro-carton-3\\\/\"}]}<\/script>\n<!-- \/ Yoast SEO plugin. -->","yoast_head_json":{"title":"A P\u00e2ques, c'est l'heure des nouveaux d\u00e9parts. - Pro Carton","robots":{"index":"index","follow":"follow","max-snippet":"max-snippet:-1","max-image-preview":"max-image-preview:large","max-video-preview":"max-video-preview:-1"},"canonical":"https:\/\/www.procarton.com\/fr\/this-easter-its-time-for-new-beginnings\/","og_locale":"fr_FR","og_type":"article","og_title":"This Easter, it\u2019s time for new beginnings. - Pro Carton","og_description":"Two years since the start of the Covid pandemic, everyone is longing to move on to a new normal. Time for new beginnings!","og_url":"https:\/\/www.procarton.com\/fr\/this-easter-its-time-for-new-beginnings\/","og_site_name":"Pro Carton","article_publisher":"https:\/\/www.facebook.com\/procartondesignaward\/","article_published_time":"2022-04-14T17:00:41+00:00","article_modified_time":"2022-05-11T12:31:44+00:00","og_image":[{"width":2048,"height":1365,"url":"https:\/\/www.procarton.com\/wp-content\/uploads\/2022\/04\/ECEA-Easter-2016.jpg","type":"image\/jpeg"}],"author":"ryan@procarton.com","twitter_card":"summary_large_image","twitter_creator":"@pro_carton","twitter_site":"@pro_carton","twitter_misc":{"\u00c9crit par":"ryan@procarton.com","Dur\u00e9e de lecture estim\u00e9e":"7 minutes"},"schema":{"@context":"https:\/\/schema.org","@graph":[{"@type":"Article","@id":"https:\/\/www.procarton.com\/this-easter-its-time-for-new-beginnings\/#article","isPartOf":{"@id":"https:\/\/www.procarton.com\/this-easter-its-time-for-new-beginnings\/"},"author":{"name":"ryan@procarton.com","@id":"https:\/\/www.procarton.com\/es\/#\/schema\/person\/8f52811f36555e3fbe8aa433fda4f5b5"},"headline":"This Easter, it\u2019s time for new beginnings.","datePublished":"2022-04-14T17:00:41+00:00","dateModified":"2022-05-11T12:31:44+00:00","mainEntityOfPage":{"@id":"https:\/\/www.procarton.com\/this-easter-its-time-for-new-beginnings\/"},"wordCount":1494,"publisher":{"@id":"https:\/\/www.procarton.com\/es\/#organization"},"image":{"@id":"https:\/\/www.procarton.com\/this-easter-its-time-for-new-beginnings\/#primaryimage"},"thumbnailUrl":"https:\/\/www.procarton.com\/wp-content\/uploads\/2022\/04\/ECEA-Easter-2016.jpg","articleSection":["Brands &amp; Markets","Legislation","National Activities","Pro Carton","Sustainability"],"inLanguage":"fr-FR"},{"@type":"WebPage","@id":"https:\/\/www.procarton.com\/this-easter-its-time-for-new-beginnings\/","url":"https:\/\/www.procarton.com\/this-easter-its-time-for-new-beginnings\/","name":"A P\u00e2ques, c'est l'heure des nouveaux d\u00e9parts. - Pro Carton","isPartOf":{"@id":"https:\/\/www.procarton.com\/es\/#website"},"primaryImageOfPage":{"@id":"https:\/\/www.procarton.com\/this-easter-its-time-for-new-beginnings\/#primaryimage"},"image":{"@id":"https:\/\/www.procarton.com\/this-easter-its-time-for-new-beginnings\/#primaryimage"},"thumbnailUrl":"https:\/\/www.procarton.com\/wp-content\/uploads\/2022\/04\/ECEA-Easter-2016.jpg","datePublished":"2022-04-14T17:00:41+00:00","dateModified":"2022-05-11T12:31:44+00:00","breadcrumb":{"@id":"https:\/\/www.procarton.com\/this-easter-its-time-for-new-beginnings\/#breadcrumb"},"inLanguage":"fr-FR","potentialAction":[{"@type":"ReadAction","target":["https:\/\/www.procarton.com\/this-easter-its-time-for-new-beginnings\/"]}]},{"@type":"ImageObject","inLanguage":"fr-FR","@id":"https:\/\/www.procarton.com\/this-easter-its-time-for-new-beginnings\/#primaryimage","url":"https:\/\/www.procarton.com\/wp-content\/uploads\/2022\/04\/ECEA-Easter-2016.jpg","contentUrl":"https:\/\/www.procarton.com\/wp-content\/uploads\/2022\/04\/ECEA-Easter-2016.jpg","width":2048,"height":1365},{"@type":"BreadcrumbList","@id":"https:\/\/www.procarton.com\/this-easter-its-time-for-new-beginnings\/#breadcrumb","itemListElement":[{"@type":"ListItem","position":1,"name":"Home","item":"https:\/\/www.procarton.com\/"},{"@type":"ListItem","position":2,"name":"This Easter, it\u2019s time for new beginnings."}]},{"@type":"WebSite","@id":"https:\/\/www.procarton.com\/es\/#website","url":"https:\/\/www.procarton.com\/es\/","name":"Pro Carton","description":"","publisher":{"@id":"https:\/\/www.procarton.com\/es\/#organization"},"potentialAction":[{"@type":"SearchAction","target":{"@type":"EntryPoint","urlTemplate":"https:\/\/www.procarton.com\/es\/?s={search_term_string}"},"query-input":{"@type":"PropertyValueSpecification","valueRequired":true,"valueName":"search_term_string"}}],"inLanguage":"fr-FR"},{"@type":"Organization","@id":"https:\/\/www.procarton.com\/es\/#organization","name":"ProCarton","url":"https:\/\/www.procarton.com\/es\/","logo":{"@type":"ImageObject","inLanguage":"fr-FR","@id":"https:\/\/www.procarton.com\/es\/#\/schema\/logo\/image\/","url":"https:\/\/www.procarton.com\/wp-content\/uploads\/2022\/06\/logo-mit-slogan.jpg","contentUrl":"https:\/\/www.procarton.com\/wp-content\/uploads\/2022\/06\/logo-mit-slogan.jpg","width":422,"height":519,"caption":"ProCarton"},"image":{"@id":"https:\/\/www.procarton.com\/es\/#\/schema\/logo\/image\/"},"sameAs":["https:\/\/www.facebook.com\/procartondesignaward\/","https:\/\/x.com\/pro_carton"]},{"@type":"Person","@id":"https:\/\/www.procarton.com\/es\/#\/schema\/person\/8f52811f36555e3fbe8aa433fda4f5b5","name":"ryan@procarton.com","url":"https:\/\/www.procarton.com\/fr\/author\/pro-carton-3\/"}]}},"_links":{"self":[{"href":"https:\/\/www.procarton.com\/fr\/wp-json\/wp\/v2\/posts\/276949","targetHints":{"allow":["GET"]}}],"collection":[{"href":"https:\/\/www.procarton.com\/fr\/wp-json\/wp\/v2\/posts"}],"about":[{"href":"https:\/\/www.procarton.com\/fr\/wp-json\/wp\/v2\/types\/post"}],"author":[{"embeddable":true,"href":"https:\/\/www.procarton.com\/fr\/wp-json\/wp\/v2\/users\/1286"}],"replies":[{"embeddable":true,"href":"https:\/\/www.procarton.com\/fr\/wp-json\/wp\/v2\/comments?post=276949"}],"version-history":[{"count":9,"href":"https:\/\/www.procarton.com\/fr\/wp-json\/wp\/v2\/posts\/276949\/revisions"}],"predecessor-version":[{"id":277647,"href":"https:\/\/www.procarton.com\/fr\/wp-json\/wp\/v2\/posts\/276949\/revisions\/277647"}],"wp:featuredmedia":[{"embeddable":true,"href":"https:\/\/www.procarton.com\/fr\/wp-json\/wp\/v2\/media\/276950"}],"wp:attachment":[{"href":"https:\/\/www.procarton.com\/fr\/wp-json\/wp\/v2\/media?parent=276949"}],"wp:term":[{"taxonomy":"category","embeddable":true,"href":"https:\/\/www.procarton.com\/fr\/wp-json\/wp\/v2\/categories?post=276949"},{"taxonomy":"post_tag","embeddable":true,"href":"https:\/\/www.procarton.com\/fr\/wp-json\/wp\/v2\/tags?post=276949"}],"curies":[{"name":"wp","href":"https:\/\/api.w.org\/{rel}","templated":true}]}}