{"id":275942,"date":"2022-03-25T15:12:50","date_gmt":"2022-03-25T15:12:50","guid":{"rendered":"https:\/\/www.procarton.com\/?p=275942"},"modified":"2022-03-31T07:54:22","modified_gmt":"2022-03-31T06:54:22","slug":"cepi-letter-to-mrs-ursula-van-der-leyen-re-devastating-impact-of-unbearably-high-energy-prices-on-european-pulp-and-paper-industry","status":"publish","type":"post","link":"https:\/\/www.procarton.com\/fr\/cepi-letter-to-mrs-ursula-van-der-leyen-re-devastating-impact-of-unbearably-high-energy-prices-on-european-pulp-and-paper-industry\/","title":{"rendered":"Lettre du C\u00e9pi \u00e0 Mme Ursula Van der Leyen concernant l'impact d\u00e9vastateur de la hausse insupportable des prix de l'\u00e9nergie sur l'industrie europ\u00e9enne de la p\u00e2te et du papier."},"content":{"rendered":"<div class=\"av-animated-generic top-to-bottom flex_column av_two_third  flex_column_div av-zero-column-padding first  avia-builder-el-0  el_before_av_one_third  avia-builder-el-first\" style='border-radius:0px; '>\n<section class=\"av_textblock_section\"  itemscope=\"itemscope\" itemtype=\"https:\/\/schema.org\/BlogPosting\" itemprop=\"blogPost\" >\n<div class='avia_textblock'   itemprop=\"text\" >\n<p><strong>Bruxelles, le 23 mars 2022<\/strong><\/p>\n<p>Cher Pr\u00e9sident,<\/p>\n<p><strong>Re : L'impact d\u00e9vastateur de la hausse insupportable des prix de l'\u00e9nergie sur les activit\u00e9s de l'industrie europ\u00e9enne de la p\u00e2te et du papier<\/strong><\/p>\n<p>Nous vous \u00e9crivons au nom de la Cepi, la Conf\u00e9d\u00e9ration des industries papeti\u00e8res europ\u00e9ennes, pour vous faire part de notre profonde inqui\u00e9tude quant \u00e0 l'impact d\u00e9vastateur et durable des prix de l'\u00e9nergie, dont la hausse est sans pr\u00e9c\u00e9dent, sur la capacit\u00e9 de notre industrie \u00e0 poursuivre ses activit\u00e9s en Europe et \u00e0 rester comp\u00e9titive sur un march\u00e9 mondial. Nous demandons instamment \u00e0 la Commission europ\u00e9enne de prot\u00e9ger efficacement l'industrie contre de graves p\u00e9nuries d'\u00e9nergie. Dans le contexte d'une situation radicalement diff\u00e9rente, la Commission europ\u00e9enne devrait \u00e9galement r\u00e9examiner ses propositions pour un cadre politique favorable \u00e0 une \u00e9nergie abordable et \u00e0 des co\u00fbts du carbone supportables.<\/p>\n<p>................<\/p>\n<\/div>\n<\/section>\n<\/div>\n<div class=\"av-animated-generic top-to-bottom flex_column av_one_third  flex_column_div av-zero-column-padding avia-link-column av-column-link   avia-builder-el-2  el_after_av_two_third  avia-builder-el-last\" style='border-radius:0px; ' data-link-column-url=\"https:\/\/www.procarton.com\/wp-content\/uploads\/2022\/03\/220323-Cepi-Letter-to-Mrs-Ursula-van-der-Leyen.pdf\"  data-link-column-target=\"_blank\" ><a class=\"av-screen-reader-only\" href=\"https:\/\/www.procarton.com\/wp-content\/uploads\/2022\/03\/220323-Cepi-Letter-to-Mrs-Ursula-van-der-Leyen.pdf\" target=\"_blank\" rel=\"noopener\">Suivre un lien ajout\u00e9 manuellement<\/a><\/p>\n<div  class='avia-image-container  av-styling-    avia-builder-el-3  el_before_av_textblock  avia-builder-el-first  avia-align-center'  itemprop=\"image\" itemscope=\"itemscope\" itemtype=\"https:\/\/schema.org\/ImageObject\"  >\n<div class='avia-image-container-inner'>\n<div class='avia-image-overlay-wrap'><img decoding=\"async\" width=\"300\" height=\"185\" class='wp-image-275945 avia-img-lazy-loading-not-275945 avia_image' src=\"https:\/\/www.procarton.com\/wp-content\/uploads\/2022\/03\/Cepi-letter-to-Ursula--300x185.png\" alt='' title='Lettre de C\u00e9pi \u00e0 Ursula'  itemprop=\"thumbnailUrl\" srcset=\"https:\/\/www.procarton.com\/wp-content\/uploads\/2022\/03\/Cepi-letter-to-Ursula--300x185.png 300w, https:\/\/www.procarton.com\/wp-content\/uploads\/2022\/03\/Cepi-letter-to-Ursula--768x474.png 768w, https:\/\/www.procarton.com\/wp-content\/uploads\/2022\/03\/Cepi-letter-to-Ursula--18x12.png 18w, https:\/\/www.procarton.com\/wp-content\/uploads\/2022\/03\/Cepi-letter-to-Ursula--705x435.png 705w, https:\/\/www.procarton.com\/wp-content\/uploads\/2022\/03\/Cepi-letter-to-Ursula-.png 779w\" sizes=\"(max-width: 300px) 100vw, 300px\" \/><\/div>\n<\/div>\n<\/div>\n<section class=\"av_textblock_section\"  itemscope=\"itemscope\" itemtype=\"https:\/\/schema.org\/BlogPosting\" itemprop=\"blogPost\" >\n<div class='avia_textblock'   itemprop=\"text\" >\n<p style=\"text-align: center;\"><em><strong>Cliquez pour lire la lettre compl\u00e8te.<\/strong><\/em><\/p>\n<\/div>\n<\/section>\n<\/div>","protected":false},"excerpt":{"rendered":"<p>Le C\u00e9pi \u00e9crit \u00e0 Mme Ursula Van der Leyen, pr\u00e9sidente de la Commission europ\u00e9enne, au sujet de l'impact d\u00e9vastateur des prix insupportables de l'\u00e9nergie sur l'industrie europ\u00e9enne de la p\u00e2te et du papier.<\/p>","protected":false},"author":1286,"featured_media":259829,"comment_status":"closed","ping_status":"open","sticky":false,"template":"","format":"standard","meta":{"inline_featured_image":false,"footnotes":""},"categories":[79,228,241,247,77,242,52],"tags":[],"class_list":["post-275942","post","type-post","status-publish","format-standard","has-post-thumbnail","hentry","category-brands-markets","category-eu-political-news","category-legislation","category-members-news","category-national-activities","category-procarton","category-sustainability"],"yoast_head":"<!-- This site is optimized with the Yoast SEO plugin v27.4 - https:\/\/yoast.com\/product\/yoast-seo-wordpress\/ -->\n<title>Cepi Letter to Mrs Ursula Van der Leyen re: Devastating impact of unbearably high energy prices on European pulp and paper industry - Pro Carton<\/title>\n<meta name=\"robots\" content=\"index, follow, max-snippet:-1, max-image-preview:large, max-video-preview:-1\" \/>\n<link rel=\"canonical\" href=\"https:\/\/www.procarton.com\/fr\/cepi-letter-to-mrs-ursula-van-der-leyen-re-devastating-impact-of-unbearably-high-energy-prices-on-european-pulp-and-paper-industry\/\" \/>\n<meta property=\"og:locale\" content=\"fr_FR\" \/>\n<meta property=\"og:type\" content=\"article\" \/>\n<meta property=\"og:title\" content=\"Cepi Letter to Mrs Ursula Van der Leyen re: Devastating impact of unbearably high energy prices on European pulp and paper industry - Pro Carton\" \/>\n<meta property=\"og:description\" content=\"Cepi writes to Mrs Ursula Van der Leyen, President, European Commission re: Devastating impact of unbearably high energy prices on European pulp and paper industry\" \/>\n<meta property=\"og:url\" content=\"https:\/\/www.procarton.com\/fr\/cepi-letter-to-mrs-ursula-van-der-leyen-re-devastating-impact-of-unbearably-high-energy-prices-on-european-pulp-and-paper-industry\/\" \/>\n<meta property=\"og:site_name\" content=\"Pro Carton\" \/>\n<meta property=\"article:publisher\" content=\"https:\/\/www.facebook.com\/procartondesignaward\/\" \/>\n<meta property=\"article:published_time\" content=\"2022-03-25T15:12:50+00:00\" \/>\n<meta property=\"article:modified_time\" content=\"2022-03-31T06:54:22+00:00\" \/>\n<meta property=\"og:image\" content=\"https:\/\/www.procarton.com\/wp-content\/uploads\/2021\/03\/CEPI-Logo-2.png\" \/>\n\t<meta property=\"og:image:width\" content=\"344\" \/>\n\t<meta property=\"og:image:height\" content=\"148\" \/>\n\t<meta property=\"og:image:type\" content=\"image\/png\" \/>\n<meta name=\"author\" content=\"ryan@procarton.com\" \/>\n<meta name=\"twitter:card\" content=\"summary_large_image\" \/>\n<meta name=\"twitter:creator\" content=\"@pro_carton\" \/>\n<meta name=\"twitter:site\" content=\"@pro_carton\" \/>\n<meta name=\"twitter:label1\" content=\"\u00c9crit par\" \/>\n\t<meta name=\"twitter:data1\" content=\"ryan@procarton.com\" \/>\n\t<meta name=\"twitter:label2\" content=\"Dur\u00e9e de lecture estim\u00e9e\" \/>\n\t<meta name=\"twitter:data2\" content=\"3 minutes\" \/>\n<script type=\"application\/ld+json\" class=\"yoast-schema-graph\">{\"@context\":\"https:\\\/\\\/schema.org\",\"@graph\":[{\"@type\":\"Article\",\"@id\":\"https:\\\/\\\/www.procarton.com\\\/cepi-letter-to-mrs-ursula-van-der-leyen-re-devastating-impact-of-unbearably-high-energy-prices-on-european-pulp-and-paper-industry\\\/#article\",\"isPartOf\":{\"@id\":\"https:\\\/\\\/www.procarton.com\\\/cepi-letter-to-mrs-ursula-van-der-leyen-re-devastating-impact-of-unbearably-high-energy-prices-on-european-pulp-and-paper-industry\\\/\"},\"author\":{\"name\":\"ryan@procarton.com\",\"@id\":\"https:\\\/\\\/www.procarton.com\\\/es\\\/#\\\/schema\\\/person\\\/8f52811f36555e3fbe8aa433fda4f5b5\"},\"headline\":\"Cepi Letter to Mrs Ursula Van der Leyen re: Devastating impact of unbearably high energy prices on European pulp and paper industry\",\"datePublished\":\"2022-03-25T15:12:50+00:00\",\"dateModified\":\"2022-03-31T06:54:22+00:00\",\"mainEntityOfPage\":{\"@id\":\"https:\\\/\\\/www.procarton.com\\\/cepi-letter-to-mrs-ursula-van-der-leyen-re-devastating-impact-of-unbearably-high-energy-prices-on-european-pulp-and-paper-industry\\\/\"},\"wordCount\":579,\"publisher\":{\"@id\":\"https:\\\/\\\/www.procarton.com\\\/es\\\/#organization\"},\"image\":{\"@id\":\"https:\\\/\\\/www.procarton.com\\\/cepi-letter-to-mrs-ursula-van-der-leyen-re-devastating-impact-of-unbearably-high-energy-prices-on-european-pulp-and-paper-industry\\\/#primaryimage\"},\"thumbnailUrl\":\"https:\\\/\\\/www.procarton.com\\\/wp-content\\\/uploads\\\/2021\\\/03\\\/CEPI-Logo-2.png\",\"articleSection\":[\"Brands &amp; Markets\",\"EU and Political News\",\"Legislation\",\"Members News\",\"National Activities\",\"Pro Carton\",\"Sustainability\"],\"inLanguage\":\"fr-FR\"},{\"@type\":\"WebPage\",\"@id\":\"https:\\\/\\\/www.procarton.com\\\/cepi-letter-to-mrs-ursula-van-der-leyen-re-devastating-impact-of-unbearably-high-energy-prices-on-european-pulp-and-paper-industry\\\/\",\"url\":\"https:\\\/\\\/www.procarton.com\\\/cepi-letter-to-mrs-ursula-van-der-leyen-re-devastating-impact-of-unbearably-high-energy-prices-on-european-pulp-and-paper-industry\\\/\",\"name\":\"Cepi Letter to Mrs Ursula Van der Leyen re: Devastating impact of unbearably high energy prices on European pulp and paper industry - Pro Carton\",\"isPartOf\":{\"@id\":\"https:\\\/\\\/www.procarton.com\\\/es\\\/#website\"},\"primaryImageOfPage\":{\"@id\":\"https:\\\/\\\/www.procarton.com\\\/cepi-letter-to-mrs-ursula-van-der-leyen-re-devastating-impact-of-unbearably-high-energy-prices-on-european-pulp-and-paper-industry\\\/#primaryimage\"},\"image\":{\"@id\":\"https:\\\/\\\/www.procarton.com\\\/cepi-letter-to-mrs-ursula-van-der-leyen-re-devastating-impact-of-unbearably-high-energy-prices-on-european-pulp-and-paper-industry\\\/#primaryimage\"},\"thumbnailUrl\":\"https:\\\/\\\/www.procarton.com\\\/wp-content\\\/uploads\\\/2021\\\/03\\\/CEPI-Logo-2.png\",\"datePublished\":\"2022-03-25T15:12:50+00:00\",\"dateModified\":\"2022-03-31T06:54:22+00:00\",\"breadcrumb\":{\"@id\":\"https:\\\/\\\/www.procarton.com\\\/cepi-letter-to-mrs-ursula-van-der-leyen-re-devastating-impact-of-unbearably-high-energy-prices-on-european-pulp-and-paper-industry\\\/#breadcrumb\"},\"inLanguage\":\"fr-FR\",\"potentialAction\":[{\"@type\":\"ReadAction\",\"target\":[\"https:\\\/\\\/www.procarton.com\\\/cepi-letter-to-mrs-ursula-van-der-leyen-re-devastating-impact-of-unbearably-high-energy-prices-on-european-pulp-and-paper-industry\\\/\"]}]},{\"@type\":\"ImageObject\",\"inLanguage\":\"fr-FR\",\"@id\":\"https:\\\/\\\/www.procarton.com\\\/cepi-letter-to-mrs-ursula-van-der-leyen-re-devastating-impact-of-unbearably-high-energy-prices-on-european-pulp-and-paper-industry\\\/#primaryimage\",\"url\":\"https:\\\/\\\/www.procarton.com\\\/wp-content\\\/uploads\\\/2021\\\/03\\\/CEPI-Logo-2.png\",\"contentUrl\":\"https:\\\/\\\/www.procarton.com\\\/wp-content\\\/uploads\\\/2021\\\/03\\\/CEPI-Logo-2.png\",\"width\":344,\"height\":148},{\"@type\":\"BreadcrumbList\",\"@id\":\"https:\\\/\\\/www.procarton.com\\\/cepi-letter-to-mrs-ursula-van-der-leyen-re-devastating-impact-of-unbearably-high-energy-prices-on-european-pulp-and-paper-industry\\\/#breadcrumb\",\"itemListElement\":[{\"@type\":\"ListItem\",\"position\":1,\"name\":\"Home\",\"item\":\"https:\\\/\\\/www.procarton.com\\\/\"},{\"@type\":\"ListItem\",\"position\":2,\"name\":\"Cepi Letter to Mrs Ursula Van der Leyen re: Devastating impact of unbearably high energy prices on European pulp and paper industry\"}]},{\"@type\":\"WebSite\",\"@id\":\"https:\\\/\\\/www.procarton.com\\\/es\\\/#website\",\"url\":\"https:\\\/\\\/www.procarton.com\\\/es\\\/\",\"name\":\"Pro Carton\",\"description\":\"\",\"publisher\":{\"@id\":\"https:\\\/\\\/www.procarton.com\\\/es\\\/#organization\"},\"potentialAction\":[{\"@type\":\"SearchAction\",\"target\":{\"@type\":\"EntryPoint\",\"urlTemplate\":\"https:\\\/\\\/www.procarton.com\\\/es\\\/?s={search_term_string}\"},\"query-input\":{\"@type\":\"PropertyValueSpecification\",\"valueRequired\":true,\"valueName\":\"search_term_string\"}}],\"inLanguage\":\"fr-FR\"},{\"@type\":\"Organization\",\"@id\":\"https:\\\/\\\/www.procarton.com\\\/es\\\/#organization\",\"name\":\"ProCarton\",\"url\":\"https:\\\/\\\/www.procarton.com\\\/es\\\/\",\"logo\":{\"@type\":\"ImageObject\",\"inLanguage\":\"fr-FR\",\"@id\":\"https:\\\/\\\/www.procarton.com\\\/es\\\/#\\\/schema\\\/logo\\\/image\\\/\",\"url\":\"https:\\\/\\\/www.procarton.com\\\/wp-content\\\/uploads\\\/2022\\\/06\\\/logo-mit-slogan.jpg\",\"contentUrl\":\"https:\\\/\\\/www.procarton.com\\\/wp-content\\\/uploads\\\/2022\\\/06\\\/logo-mit-slogan.jpg\",\"width\":422,\"height\":519,\"caption\":\"ProCarton\"},\"image\":{\"@id\":\"https:\\\/\\\/www.procarton.com\\\/es\\\/#\\\/schema\\\/logo\\\/image\\\/\"},\"sameAs\":[\"https:\\\/\\\/www.facebook.com\\\/procartondesignaward\\\/\",\"https:\\\/\\\/x.com\\\/pro_carton\"]},{\"@type\":\"Person\",\"@id\":\"https:\\\/\\\/www.procarton.com\\\/es\\\/#\\\/schema\\\/person\\\/8f52811f36555e3fbe8aa433fda4f5b5\",\"name\":\"ryan@procarton.com\",\"url\":\"https:\\\/\\\/www.procarton.com\\\/fr\\\/author\\\/pro-carton-3\\\/\"}]}<\/script>\n<!-- \/ Yoast SEO plugin. -->","yoast_head_json":{"title":"Lettre du Cepi \u00e0 Mme Ursula Van der Leyen concernant l'impact d\u00e9vastateur de la hausse insoutenable des prix de l'\u00e9nergie sur l'industrie europ\u00e9enne de la p\u00e2te et du papier - Pro Carton","robots":{"index":"index","follow":"follow","max-snippet":"max-snippet:-1","max-image-preview":"max-image-preview:large","max-video-preview":"max-video-preview:-1"},"canonical":"https:\/\/www.procarton.com\/fr\/cepi-letter-to-mrs-ursula-van-der-leyen-re-devastating-impact-of-unbearably-high-energy-prices-on-european-pulp-and-paper-industry\/","og_locale":"fr_FR","og_type":"article","og_title":"Cepi Letter to Mrs Ursula Van der Leyen re: Devastating impact of unbearably high energy prices on European pulp and paper industry - Pro Carton","og_description":"Cepi writes to Mrs Ursula Van der Leyen, President, European Commission re: Devastating impact of unbearably high energy prices on European pulp and paper industry","og_url":"https:\/\/www.procarton.com\/fr\/cepi-letter-to-mrs-ursula-van-der-leyen-re-devastating-impact-of-unbearably-high-energy-prices-on-european-pulp-and-paper-industry\/","og_site_name":"Pro Carton","article_publisher":"https:\/\/www.facebook.com\/procartondesignaward\/","article_published_time":"2022-03-25T15:12:50+00:00","article_modified_time":"2022-03-31T06:54:22+00:00","og_image":[{"width":344,"height":148,"url":"https:\/\/www.procarton.com\/wp-content\/uploads\/2021\/03\/CEPI-Logo-2.png","type":"image\/png"}],"author":"ryan@procarton.com","twitter_card":"summary_large_image","twitter_creator":"@pro_carton","twitter_site":"@pro_carton","twitter_misc":{"\u00c9crit par":"ryan@procarton.com","Dur\u00e9e de lecture estim\u00e9e":"3 minutes"},"schema":{"@context":"https:\/\/schema.org","@graph":[{"@type":"Article","@id":"https:\/\/www.procarton.com\/cepi-letter-to-mrs-ursula-van-der-leyen-re-devastating-impact-of-unbearably-high-energy-prices-on-european-pulp-and-paper-industry\/#article","isPartOf":{"@id":"https:\/\/www.procarton.com\/cepi-letter-to-mrs-ursula-van-der-leyen-re-devastating-impact-of-unbearably-high-energy-prices-on-european-pulp-and-paper-industry\/"},"author":{"name":"ryan@procarton.com","@id":"https:\/\/www.procarton.com\/es\/#\/schema\/person\/8f52811f36555e3fbe8aa433fda4f5b5"},"headline":"Cepi Letter to Mrs Ursula Van der Leyen re: Devastating impact of unbearably high energy prices on European pulp and paper industry","datePublished":"2022-03-25T15:12:50+00:00","dateModified":"2022-03-31T06:54:22+00:00","mainEntityOfPage":{"@id":"https:\/\/www.procarton.com\/cepi-letter-to-mrs-ursula-van-der-leyen-re-devastating-impact-of-unbearably-high-energy-prices-on-european-pulp-and-paper-industry\/"},"wordCount":579,"publisher":{"@id":"https:\/\/www.procarton.com\/es\/#organization"},"image":{"@id":"https:\/\/www.procarton.com\/cepi-letter-to-mrs-ursula-van-der-leyen-re-devastating-impact-of-unbearably-high-energy-prices-on-european-pulp-and-paper-industry\/#primaryimage"},"thumbnailUrl":"https:\/\/www.procarton.com\/wp-content\/uploads\/2021\/03\/CEPI-Logo-2.png","articleSection":["Brands &amp; Markets","EU and Political News","Legislation","Members News","National Activities","Pro Carton","Sustainability"],"inLanguage":"fr-FR"},{"@type":"WebPage","@id":"https:\/\/www.procarton.com\/cepi-letter-to-mrs-ursula-van-der-leyen-re-devastating-impact-of-unbearably-high-energy-prices-on-european-pulp-and-paper-industry\/","url":"https:\/\/www.procarton.com\/cepi-letter-to-mrs-ursula-van-der-leyen-re-devastating-impact-of-unbearably-high-energy-prices-on-european-pulp-and-paper-industry\/","name":"Lettre du Cepi \u00e0 Mme Ursula Van der Leyen concernant l'impact d\u00e9vastateur de la hausse insoutenable des prix de l'\u00e9nergie sur l'industrie europ\u00e9enne de la p\u00e2te et du papier - Pro Carton","isPartOf":{"@id":"https:\/\/www.procarton.com\/es\/#website"},"primaryImageOfPage":{"@id":"https:\/\/www.procarton.com\/cepi-letter-to-mrs-ursula-van-der-leyen-re-devastating-impact-of-unbearably-high-energy-prices-on-european-pulp-and-paper-industry\/#primaryimage"},"image":{"@id":"https:\/\/www.procarton.com\/cepi-letter-to-mrs-ursula-van-der-leyen-re-devastating-impact-of-unbearably-high-energy-prices-on-european-pulp-and-paper-industry\/#primaryimage"},"thumbnailUrl":"https:\/\/www.procarton.com\/wp-content\/uploads\/2021\/03\/CEPI-Logo-2.png","datePublished":"2022-03-25T15:12:50+00:00","dateModified":"2022-03-31T06:54:22+00:00","breadcrumb":{"@id":"https:\/\/www.procarton.com\/cepi-letter-to-mrs-ursula-van-der-leyen-re-devastating-impact-of-unbearably-high-energy-prices-on-european-pulp-and-paper-industry\/#breadcrumb"},"inLanguage":"fr-FR","potentialAction":[{"@type":"ReadAction","target":["https:\/\/www.procarton.com\/cepi-letter-to-mrs-ursula-van-der-leyen-re-devastating-impact-of-unbearably-high-energy-prices-on-european-pulp-and-paper-industry\/"]}]},{"@type":"ImageObject","inLanguage":"fr-FR","@id":"https:\/\/www.procarton.com\/cepi-letter-to-mrs-ursula-van-der-leyen-re-devastating-impact-of-unbearably-high-energy-prices-on-european-pulp-and-paper-industry\/#primaryimage","url":"https:\/\/www.procarton.com\/wp-content\/uploads\/2021\/03\/CEPI-Logo-2.png","contentUrl":"https:\/\/www.procarton.com\/wp-content\/uploads\/2021\/03\/CEPI-Logo-2.png","width":344,"height":148},{"@type":"BreadcrumbList","@id":"https:\/\/www.procarton.com\/cepi-letter-to-mrs-ursula-van-der-leyen-re-devastating-impact-of-unbearably-high-energy-prices-on-european-pulp-and-paper-industry\/#breadcrumb","itemListElement":[{"@type":"ListItem","position":1,"name":"Home","item":"https:\/\/www.procarton.com\/"},{"@type":"ListItem","position":2,"name":"Cepi Letter to Mrs Ursula Van der Leyen re: Devastating impact of unbearably high energy prices on European pulp and paper industry"}]},{"@type":"WebSite","@id":"https:\/\/www.procarton.com\/es\/#website","url":"https:\/\/www.procarton.com\/es\/","name":"Pro Carton","description":"","publisher":{"@id":"https:\/\/www.procarton.com\/es\/#organization"},"potentialAction":[{"@type":"SearchAction","target":{"@type":"EntryPoint","urlTemplate":"https:\/\/www.procarton.com\/es\/?s={search_term_string}"},"query-input":{"@type":"PropertyValueSpecification","valueRequired":true,"valueName":"search_term_string"}}],"inLanguage":"fr-FR"},{"@type":"Organization","@id":"https:\/\/www.procarton.com\/es\/#organization","name":"ProCarton","url":"https:\/\/www.procarton.com\/es\/","logo":{"@type":"ImageObject","inLanguage":"fr-FR","@id":"https:\/\/www.procarton.com\/es\/#\/schema\/logo\/image\/","url":"https:\/\/www.procarton.com\/wp-content\/uploads\/2022\/06\/logo-mit-slogan.jpg","contentUrl":"https:\/\/www.procarton.com\/wp-content\/uploads\/2022\/06\/logo-mit-slogan.jpg","width":422,"height":519,"caption":"ProCarton"},"image":{"@id":"https:\/\/www.procarton.com\/es\/#\/schema\/logo\/image\/"},"sameAs":["https:\/\/www.facebook.com\/procartondesignaward\/","https:\/\/x.com\/pro_carton"]},{"@type":"Person","@id":"https:\/\/www.procarton.com\/es\/#\/schema\/person\/8f52811f36555e3fbe8aa433fda4f5b5","name":"ryan@procarton.com","url":"https:\/\/www.procarton.com\/fr\/author\/pro-carton-3\/"}]}},"_links":{"self":[{"href":"https:\/\/www.procarton.com\/fr\/wp-json\/wp\/v2\/posts\/275942","targetHints":{"allow":["GET"]}}],"collection":[{"href":"https:\/\/www.procarton.com\/fr\/wp-json\/wp\/v2\/posts"}],"about":[{"href":"https:\/\/www.procarton.com\/fr\/wp-json\/wp\/v2\/types\/post"}],"author":[{"embeddable":true,"href":"https:\/\/www.procarton.com\/fr\/wp-json\/wp\/v2\/users\/1286"}],"replies":[{"embeddable":true,"href":"https:\/\/www.procarton.com\/fr\/wp-json\/wp\/v2\/comments?post=275942"}],"version-history":[{"count":4,"href":"https:\/\/www.procarton.com\/fr\/wp-json\/wp\/v2\/posts\/275942\/revisions"}],"predecessor-version":[{"id":276596,"href":"https:\/\/www.procarton.com\/fr\/wp-json\/wp\/v2\/posts\/275942\/revisions\/276596"}],"wp:featuredmedia":[{"embeddable":true,"href":"https:\/\/www.procarton.com\/fr\/wp-json\/wp\/v2\/media\/259829"}],"wp:attachment":[{"href":"https:\/\/www.procarton.com\/fr\/wp-json\/wp\/v2\/media?parent=275942"}],"wp:term":[{"taxonomy":"category","embeddable":true,"href":"https:\/\/www.procarton.com\/fr\/wp-json\/wp\/v2\/categories?post=275942"},{"taxonomy":"post_tag","embeddable":true,"href":"https:\/\/www.procarton.com\/fr\/wp-json\/wp\/v2\/tags?post=275942"}],"curies":[{"name":"wp","href":"https:\/\/api.w.org\/{rel}","templated":true}]}}