{"id":267121,"date":"2021-07-28T17:22:16","date_gmt":"2021-07-28T16:22:16","guid":{"rendered":"https:\/\/www.procarton.com\/?p=267121"},"modified":"2021-11-22T10:48:03","modified_gmt":"2021-11-22T10:48:03","slug":"consumer-perceptions-report-data-tables","status":"publish","type":"post","link":"https:\/\/www.procarton.com\/fr\/consumer-perceptions-report-data-tables\/","title":{"rendered":"Rapport sur les perceptions des consommateurs - tableaux de donn\u00e9es"},"content":{"rendered":"<p>Le deuxi\u00e8me rapport sur les perceptions des consommateurs, qui mettait en lumi\u00e8re les attitudes des consommateurs \u00e0 l'\u00e9gard des questions environnementales et des emballages, abordait certaines des diff\u00e9rences entre les personnes interrog\u00e9es dans les diff\u00e9rents pays, mais in\u00e9vitablement, avec un rapport de cette nature (assez court pour \u00eatre lu mais assez long pour \u00eatre int\u00e9ressant), il s'agit autant de savoir ce que l'on laisse de c\u00f4t\u00e9 que ce que l'on introduit.  Nous avons maintenant mis \u00e0 disposition le <a href=\"\/wp-content\/uploads\/2021\/07\/Pro-Carton-Adults-survey-tables.xlsx\" target=\"_blank\" rel=\"noopener noreferrer\"><u>tableaux de donn\u00e9es brutes<\/u><\/a> pour que les membres puissent l'utiliser.  Si vous le souhaitez, vous pouvez maintenant interroger les donn\u00e9es pour examiner les donn\u00e9es sp\u00e9cifiques \u00e0 un pays ou bien par groupe d'\u00e2ge ou par sexe.<\/p>","protected":false},"excerpt":{"rendered":"<p>Nous avons maintenant mis \u00e0 la disposition des membres les tableaux de donn\u00e9es brutes du deuxi\u00e8me rapport sur les perceptions des consommateurs.<\/p>","protected":false},"author":1,"featured_media":265503,"comment_status":"closed","ping_status":"open","sticky":false,"template":"","format":"standard","meta":{"inline_featured_image":false,"footnotes":""},"categories":[247],"tags":[],"class_list":["post-267121","post","type-post","status-publish","format-standard","has-post-thumbnail","hentry","category-members-news"],"yoast_head":"<!-- This site is optimized with the Yoast SEO plugin v27.5 - https:\/\/yoast.com\/product\/yoast-seo-wordpress\/ -->\n<title>Consumer Perceptions report \u2013 data tables - Pro Carton<\/title>\n<meta name=\"robots\" content=\"index, follow, max-snippet:-1, max-image-preview:large, max-video-preview:-1\" \/>\n<link rel=\"canonical\" href=\"https:\/\/www.procarton.com\/fr\/consumer-perceptions-report-data-tables\/\" \/>\n<meta property=\"og:locale\" content=\"fr_FR\" \/>\n<meta property=\"og:type\" content=\"article\" \/>\n<meta property=\"og:title\" content=\"Consumer Perceptions report \u2013 data tables - Pro Carton\" \/>\n<meta property=\"og:description\" content=\"We have now made available the raw data tables from the Second Consumer Perceptions report for members to use.\" \/>\n<meta property=\"og:url\" content=\"https:\/\/www.procarton.com\/fr\/consumer-perceptions-report-data-tables\/\" \/>\n<meta property=\"og:site_name\" content=\"Pro Carton\" \/>\n<meta property=\"article:publisher\" content=\"https:\/\/www.facebook.com\/procartondesignaward\/\" \/>\n<meta property=\"article:published_time\" content=\"2021-07-28T16:22:16+00:00\" \/>\n<meta property=\"article:modified_time\" content=\"2021-11-22T10:48:03+00:00\" \/>\n<meta property=\"og:image\" content=\"https:\/\/www.procarton.com\/wp-content\/uploads\/2021\/06\/2nd-consumer-study-cut-down.png\" \/>\n\t<meta property=\"og:image:width\" content=\"1\" \/>\n\t<meta property=\"og:image:height\" content=\"1\" \/>\n\t<meta property=\"og:image:type\" content=\"image\/png\" \/>\n<meta name=\"author\" content=\"esterling@admin\" \/>\n<meta name=\"twitter:card\" content=\"summary_large_image\" \/>\n<meta name=\"twitter:creator\" content=\"@pro_carton\" \/>\n<meta name=\"twitter:site\" content=\"@pro_carton\" \/>\n<meta name=\"twitter:label1\" content=\"\u00c9crit par\" \/>\n\t<meta name=\"twitter:data1\" content=\"esterling@admin\" \/>\n<script type=\"application\/ld+json\" class=\"yoast-schema-graph\">{\"@context\":\"https:\\\/\\\/schema.org\",\"@graph\":[{\"@type\":\"Article\",\"@id\":\"https:\\\/\\\/www.procarton.com\\\/es\\\/consumer-perceptions-report-data-tables\\\/#article\",\"isPartOf\":{\"@id\":\"https:\\\/\\\/www.procarton.com\\\/es\\\/consumer-perceptions-report-data-tables\\\/\"},\"author\":{\"name\":\"esterling@admin\",\"@id\":\"https:\\\/\\\/www.procarton.com\\\/es\\\/#\\\/schema\\\/person\\\/872a075145d2c38578ff4eed7d481251\"},\"headline\":\"Consumer Perceptions report \u2013 data tables\",\"datePublished\":\"2021-07-28T16:22:16+00:00\",\"dateModified\":\"2021-11-22T10:48:03+00:00\",\"mainEntityOfPage\":{\"@id\":\"https:\\\/\\\/www.procarton.com\\\/es\\\/consumer-perceptions-report-data-tables\\\/\"},\"wordCount\":102,\"publisher\":{\"@id\":\"https:\\\/\\\/www.procarton.com\\\/es\\\/#organization\"},\"image\":{\"@id\":\"https:\\\/\\\/www.procarton.com\\\/es\\\/consumer-perceptions-report-data-tables\\\/#primaryimage\"},\"thumbnailUrl\":\"https:\\\/\\\/www.procarton.com\\\/wp-content\\\/uploads\\\/2021\\\/06\\\/2nd-consumer-study-cut-down.png\",\"articleSection\":[\"Members News\"],\"inLanguage\":\"fr-FR\"},{\"@type\":\"WebPage\",\"@id\":\"https:\\\/\\\/www.procarton.com\\\/es\\\/consumer-perceptions-report-data-tables\\\/\",\"url\":\"https:\\\/\\\/www.procarton.com\\\/es\\\/consumer-perceptions-report-data-tables\\\/\",\"name\":\"Consumer Perceptions report \u2013 data tables - Pro Carton\",\"isPartOf\":{\"@id\":\"https:\\\/\\\/www.procarton.com\\\/es\\\/#website\"},\"primaryImageOfPage\":{\"@id\":\"https:\\\/\\\/www.procarton.com\\\/es\\\/consumer-perceptions-report-data-tables\\\/#primaryimage\"},\"image\":{\"@id\":\"https:\\\/\\\/www.procarton.com\\\/es\\\/consumer-perceptions-report-data-tables\\\/#primaryimage\"},\"thumbnailUrl\":\"https:\\\/\\\/www.procarton.com\\\/wp-content\\\/uploads\\\/2021\\\/06\\\/2nd-consumer-study-cut-down.png\",\"datePublished\":\"2021-07-28T16:22:16+00:00\",\"dateModified\":\"2021-11-22T10:48:03+00:00\",\"breadcrumb\":{\"@id\":\"https:\\\/\\\/www.procarton.com\\\/es\\\/consumer-perceptions-report-data-tables\\\/#breadcrumb\"},\"inLanguage\":\"fr-FR\",\"potentialAction\":[{\"@type\":\"ReadAction\",\"target\":[\"https:\\\/\\\/www.procarton.com\\\/es\\\/consumer-perceptions-report-data-tables\\\/\"]}]},{\"@type\":\"ImageObject\",\"inLanguage\":\"fr-FR\",\"@id\":\"https:\\\/\\\/www.procarton.com\\\/es\\\/consumer-perceptions-report-data-tables\\\/#primaryimage\",\"url\":\"https:\\\/\\\/www.procarton.com\\\/wp-content\\\/uploads\\\/2021\\\/06\\\/2nd-consumer-study-cut-down.png\",\"contentUrl\":\"https:\\\/\\\/www.procarton.com\\\/wp-content\\\/uploads\\\/2021\\\/06\\\/2nd-consumer-study-cut-down.png\"},{\"@type\":\"BreadcrumbList\",\"@id\":\"https:\\\/\\\/www.procarton.com\\\/es\\\/consumer-perceptions-report-data-tables\\\/#breadcrumb\",\"itemListElement\":[{\"@type\":\"ListItem\",\"position\":1,\"name\":\"Home\",\"item\":\"https:\\\/\\\/www.procarton.com\\\/\"},{\"@type\":\"ListItem\",\"position\":2,\"name\":\"Consumer Perceptions report \u2013 data tables\"}]},{\"@type\":\"WebSite\",\"@id\":\"https:\\\/\\\/www.procarton.com\\\/es\\\/#website\",\"url\":\"https:\\\/\\\/www.procarton.com\\\/es\\\/\",\"name\":\"Pro Carton\",\"description\":\"\",\"publisher\":{\"@id\":\"https:\\\/\\\/www.procarton.com\\\/es\\\/#organization\"},\"potentialAction\":[{\"@type\":\"SearchAction\",\"target\":{\"@type\":\"EntryPoint\",\"urlTemplate\":\"https:\\\/\\\/www.procarton.com\\\/es\\\/?s={search_term_string}\"},\"query-input\":{\"@type\":\"PropertyValueSpecification\",\"valueRequired\":true,\"valueName\":\"search_term_string\"}}],\"inLanguage\":\"fr-FR\"},{\"@type\":\"Organization\",\"@id\":\"https:\\\/\\\/www.procarton.com\\\/es\\\/#organization\",\"name\":\"ProCarton\",\"url\":\"https:\\\/\\\/www.procarton.com\\\/es\\\/\",\"logo\":{\"@type\":\"ImageObject\",\"inLanguage\":\"fr-FR\",\"@id\":\"https:\\\/\\\/www.procarton.com\\\/es\\\/#\\\/schema\\\/logo\\\/image\\\/\",\"url\":\"https:\\\/\\\/www.procarton.com\\\/wp-content\\\/uploads\\\/2022\\\/06\\\/logo-mit-slogan.jpg\",\"contentUrl\":\"https:\\\/\\\/www.procarton.com\\\/wp-content\\\/uploads\\\/2022\\\/06\\\/logo-mit-slogan.jpg\",\"width\":422,\"height\":519,\"caption\":\"ProCarton\"},\"image\":{\"@id\":\"https:\\\/\\\/www.procarton.com\\\/es\\\/#\\\/schema\\\/logo\\\/image\\\/\"},\"sameAs\":[\"https:\\\/\\\/www.facebook.com\\\/procartondesignaward\\\/\",\"https:\\\/\\\/x.com\\\/pro_carton\"]},{\"@type\":\"Person\",\"@id\":\"https:\\\/\\\/www.procarton.com\\\/es\\\/#\\\/schema\\\/person\\\/872a075145d2c38578ff4eed7d481251\",\"name\":\"esterling@admin\",\"sameAs\":[\"https:\\\/\\\/www.procarton.com\"],\"url\":\"https:\\\/\\\/www.procarton.com\\\/fr\\\/author\\\/esterlingadmin\\\/\"}]}<\/script>\n<!-- \/ Yoast SEO plugin. -->","yoast_head_json":{"title":"Rapport sur les perceptions des consommateurs - tableaux de donn\u00e9es - Pro Carton","robots":{"index":"index","follow":"follow","max-snippet":"max-snippet:-1","max-image-preview":"max-image-preview:large","max-video-preview":"max-video-preview:-1"},"canonical":"https:\/\/www.procarton.com\/fr\/consumer-perceptions-report-data-tables\/","og_locale":"fr_FR","og_type":"article","og_title":"Consumer Perceptions report \u2013 data tables - Pro Carton","og_description":"We have now made available the raw data tables from the Second Consumer Perceptions report for members to use.","og_url":"https:\/\/www.procarton.com\/fr\/consumer-perceptions-report-data-tables\/","og_site_name":"Pro Carton","article_publisher":"https:\/\/www.facebook.com\/procartondesignaward\/","article_published_time":"2021-07-28T16:22:16+00:00","article_modified_time":"2021-11-22T10:48:03+00:00","og_image":[{"url":"https:\/\/www.procarton.com\/wp-content\/uploads\/2021\/06\/2nd-consumer-study-cut-down.png","width":1,"height":1,"type":"image\/png"}],"author":"esterling@admin","twitter_card":"summary_large_image","twitter_creator":"@pro_carton","twitter_site":"@pro_carton","twitter_misc":{"\u00c9crit par":"esterling@admin"},"schema":{"@context":"https:\/\/schema.org","@graph":[{"@type":"Article","@id":"https:\/\/www.procarton.com\/es\/consumer-perceptions-report-data-tables\/#article","isPartOf":{"@id":"https:\/\/www.procarton.com\/es\/consumer-perceptions-report-data-tables\/"},"author":{"name":"esterling@admin","@id":"https:\/\/www.procarton.com\/es\/#\/schema\/person\/872a075145d2c38578ff4eed7d481251"},"headline":"Consumer Perceptions report \u2013 data tables","datePublished":"2021-07-28T16:22:16+00:00","dateModified":"2021-11-22T10:48:03+00:00","mainEntityOfPage":{"@id":"https:\/\/www.procarton.com\/es\/consumer-perceptions-report-data-tables\/"},"wordCount":102,"publisher":{"@id":"https:\/\/www.procarton.com\/es\/#organization"},"image":{"@id":"https:\/\/www.procarton.com\/es\/consumer-perceptions-report-data-tables\/#primaryimage"},"thumbnailUrl":"https:\/\/www.procarton.com\/wp-content\/uploads\/2021\/06\/2nd-consumer-study-cut-down.png","articleSection":["Members News"],"inLanguage":"fr-FR"},{"@type":"WebPage","@id":"https:\/\/www.procarton.com\/es\/consumer-perceptions-report-data-tables\/","url":"https:\/\/www.procarton.com\/es\/consumer-perceptions-report-data-tables\/","name":"Rapport sur les perceptions des consommateurs - tableaux de donn\u00e9es - Pro Carton","isPartOf":{"@id":"https:\/\/www.procarton.com\/es\/#website"},"primaryImageOfPage":{"@id":"https:\/\/www.procarton.com\/es\/consumer-perceptions-report-data-tables\/#primaryimage"},"image":{"@id":"https:\/\/www.procarton.com\/es\/consumer-perceptions-report-data-tables\/#primaryimage"},"thumbnailUrl":"https:\/\/www.procarton.com\/wp-content\/uploads\/2021\/06\/2nd-consumer-study-cut-down.png","datePublished":"2021-07-28T16:22:16+00:00","dateModified":"2021-11-22T10:48:03+00:00","breadcrumb":{"@id":"https:\/\/www.procarton.com\/es\/consumer-perceptions-report-data-tables\/#breadcrumb"},"inLanguage":"fr-FR","potentialAction":[{"@type":"ReadAction","target":["https:\/\/www.procarton.com\/es\/consumer-perceptions-report-data-tables\/"]}]},{"@type":"ImageObject","inLanguage":"fr-FR","@id":"https:\/\/www.procarton.com\/es\/consumer-perceptions-report-data-tables\/#primaryimage","url":"https:\/\/www.procarton.com\/wp-content\/uploads\/2021\/06\/2nd-consumer-study-cut-down.png","contentUrl":"https:\/\/www.procarton.com\/wp-content\/uploads\/2021\/06\/2nd-consumer-study-cut-down.png"},{"@type":"BreadcrumbList","@id":"https:\/\/www.procarton.com\/es\/consumer-perceptions-report-data-tables\/#breadcrumb","itemListElement":[{"@type":"ListItem","position":1,"name":"Home","item":"https:\/\/www.procarton.com\/"},{"@type":"ListItem","position":2,"name":"Consumer Perceptions report \u2013 data tables"}]},{"@type":"WebSite","@id":"https:\/\/www.procarton.com\/es\/#website","url":"https:\/\/www.procarton.com\/es\/","name":"Pro Carton","description":"","publisher":{"@id":"https:\/\/www.procarton.com\/es\/#organization"},"potentialAction":[{"@type":"SearchAction","target":{"@type":"EntryPoint","urlTemplate":"https:\/\/www.procarton.com\/es\/?s={search_term_string}"},"query-input":{"@type":"PropertyValueSpecification","valueRequired":true,"valueName":"search_term_string"}}],"inLanguage":"fr-FR"},{"@type":"Organization","@id":"https:\/\/www.procarton.com\/es\/#organization","name":"ProCarton","url":"https:\/\/www.procarton.com\/es\/","logo":{"@type":"ImageObject","inLanguage":"fr-FR","@id":"https:\/\/www.procarton.com\/es\/#\/schema\/logo\/image\/","url":"https:\/\/www.procarton.com\/wp-content\/uploads\/2022\/06\/logo-mit-slogan.jpg","contentUrl":"https:\/\/www.procarton.com\/wp-content\/uploads\/2022\/06\/logo-mit-slogan.jpg","width":422,"height":519,"caption":"ProCarton"},"image":{"@id":"https:\/\/www.procarton.com\/es\/#\/schema\/logo\/image\/"},"sameAs":["https:\/\/www.facebook.com\/procartondesignaward\/","https:\/\/x.com\/pro_carton"]},{"@type":"Person","@id":"https:\/\/www.procarton.com\/es\/#\/schema\/person\/872a075145d2c38578ff4eed7d481251","name":"esterling@admin","sameAs":["https:\/\/www.procarton.com"],"url":"https:\/\/www.procarton.com\/fr\/author\/esterlingadmin\/"}]}},"_links":{"self":[{"href":"https:\/\/www.procarton.com\/fr\/wp-json\/wp\/v2\/posts\/267121","targetHints":{"allow":["GET"]}}],"collection":[{"href":"https:\/\/www.procarton.com\/fr\/wp-json\/wp\/v2\/posts"}],"about":[{"href":"https:\/\/www.procarton.com\/fr\/wp-json\/wp\/v2\/types\/post"}],"author":[{"embeddable":true,"href":"https:\/\/www.procarton.com\/fr\/wp-json\/wp\/v2\/users\/1"}],"replies":[{"embeddable":true,"href":"https:\/\/www.procarton.com\/fr\/wp-json\/wp\/v2\/comments?post=267121"}],"version-history":[{"count":3,"href":"https:\/\/www.procarton.com\/fr\/wp-json\/wp\/v2\/posts\/267121\/revisions"}],"predecessor-version":[{"id":267123,"href":"https:\/\/www.procarton.com\/fr\/wp-json\/wp\/v2\/posts\/267121\/revisions\/267123"}],"wp:featuredmedia":[{"embeddable":true,"href":"https:\/\/www.procarton.com\/fr\/wp-json\/wp\/v2\/media\/265503"}],"wp:attachment":[{"href":"https:\/\/www.procarton.com\/fr\/wp-json\/wp\/v2\/media?parent=267121"}],"wp:term":[{"taxonomy":"category","embeddable":true,"href":"https:\/\/www.procarton.com\/fr\/wp-json\/wp\/v2\/categories?post=267121"},{"taxonomy":"post_tag","embeddable":true,"href":"https:\/\/www.procarton.com\/fr\/wp-json\/wp\/v2\/tags?post=267121"}],"curies":[{"name":"wp","href":"https:\/\/api.w.org\/{rel}","templated":true}]}}