{"id":265351,"date":"2021-09-05T10:53:37","date_gmt":"2021-09-05T09:53:37","guid":{"rendered":"https:\/\/www.procarton.com\/?p=246902"},"modified":"2021-11-08T12:18:22","modified_gmt":"2021-11-08T12:18:22","slug":"award-winning-ticcit-all-set-to-bloom-and-regrow-2","status":"publish","type":"post","link":"https:\/\/www.procarton.com\/fr\/award-winning-ticcit-all-set-to-bloom-and-regrow-2\/","title":{"rendered":"TICCIT PRIM\u00c9, PR\u00caT \u00c0 FLEURIR ET \u00c0 REPOUSSER !"},"content":{"rendered":"<p><strong>Le programme TICCIT (Trees Into Cartons Cartons Into Trees) apprend aux enfants que les arbres sont une culture durable, tout comme les fruits et les l\u00e9gumes. TICCIT met en \u00e9vidence les nombreuses utilisations des arbres et des emballages en papier, et souligne l'importance du recyclage.\u00a0<\/strong><\/p>\n<p>Les \u00e9coles et les \u00e9tablissements d'enseignement sont \u00e0 nouveau ouverts dans toute l'Europe. Vos ressources TICCIT subissent donc une mise \u00e0 jour accrocheuse, ce qui en fait le moment id\u00e9al pour renouer avec votre communaut\u00e9 locale et la prochaine g\u00e9n\u00e9ration gr\u00e2ce au programme TICCIT !<\/p>\n<p>Alors, pourquoi mon entreprise devrait-elle s'impliquer dans TICCIT ? Voici quelques-unes des raisons :<\/p>\n<ul>\n<li><strong>Il enseigne et inspire<\/strong><strong>\u00a0<\/strong>la prochaine g\u00e9n\u00e9ration sur l'importance du recyclage et la durabilit\u00e9 des emballages \u00e0 base de papier.<\/li>\n<li><strong>Il cr\u00e9e une communaut\u00e9<\/strong><strong>\u00a0<\/strong>en mettant en relation les enfants, les familles, les enseignants et les entreprises.<\/li>\n<li><strong>Elle soutient la r\u00e9putation de notre industrie.<\/strong><\/li>\n<li><strong>Vous faites la diff\u00e9rence<\/strong><strong>\u00a0<\/strong>en plantant davantage d'arbres.<\/li>\n<li><strong>Elle est peu co\u00fbteuse et peut accro\u00eetre l'engagement des employ\u00e9s.<\/strong><strong>\u00a0- <\/strong>tout le monde l'appr\u00e9cie !<\/li>\n<li><strong>Il peut m\u00eame se d\u00e9rouler \u00e0 l'ext\u00e9rieur<\/strong><strong>!<\/strong><\/li>\n<\/ul>\n<p>Des ressources TICCIT GRATUITES sont \u00e0 votre disposition en huit langues - allemand, anglais, fran\u00e7ais, italien, n\u00e9erlandais, polonais, espagnol et turc. Vous pouvez consulter ici une vaste galerie d'images provenant d'entreprises qui ont d\u00e9j\u00e0 mis en \u0153uvre le programme TICCIT dans des \u00e9coles : <a href=\"https:\/\/www.procarton.com\/sustainability\/ticcit\/ticcit-in-action-2\/\">https:\/\/www.procarton.com\/sustainability\/ticcit\/ticcit-in-action-2\/<\/a><\/p>\n<p>&nbsp;<\/p>\n<p>Voici quelques citations tir\u00e9es de visites d'\u00e9coles :<\/p>\n<p>\"<strong>Les enfants ont ador\u00e9 se salir les mains et planter les jeunes arbres dans les bo\u00eetes avec leurs doigts. Toute cette exp\u00e9rience a \u00e9t\u00e9 tr\u00e8s positive pour eux.\"<\/strong><\/p>\n<p><strong>\"Les enfants ont vraiment aim\u00e9 avoir la chance d'apprendre tout ce qui concerne les arbres, leur croissance et leur d\u00e9veloppement. Ils ont aim\u00e9 apprendre comment le papier vient des arbres et ont \u00e9t\u00e9 \u00e9tonn\u00e9s de voir comment les arbres peuvent produire des bo\u00eetes en carton ! Ils \u00e9taient si fiers de leurs arbres et c'\u00e9tait agr\u00e9able de les voir tous si excit\u00e9s \u00e0 l'id\u00e9e de montrer leurs arbres \u00e0 leurs familles.\"<\/strong><\/p>\n<p><strong>\"Je ne les ai jamais vus aussi engag\u00e9s dans quelque chose ! Une exp\u00e9rience d'apprentissage formidable pour tous les participants.\"<\/strong><\/p>\n<p>&nbsp;<\/p>\n<p>Les r\u00e9actions des entreprises qui organisent TICCIT ont \u00e9galement \u00e9t\u00e9 tr\u00e8s positives. Le personnel qui a fait les pr\u00e9sentations a trouv\u00e9 l'exp\u00e9rience tr\u00e8s enrichissante et simple \u00e0 organiser et \u00e0 g\u00e9rer.<\/p>\n<p>TICCIT a certainement capt\u00e9 l'imagination de nombreuses personnes impliqu\u00e9es dans le secteur et prendra une nouvelle fois son \u00e9lan en 2021 avec un rafra\u00eechissement complet de tous les supports TICCIT. C'est le moment id\u00e9al pour PLANIFIER, alors si vous n'\u00eates pas encore impliqu\u00e9, faites-le - la plantation est id\u00e9ale au cours du trimestre d'automne. C'est bon pour votre entreprise, votre personnel, votre communaut\u00e9 et la plan\u00e8te !<\/p>\n<p><strong><em>Le programme TICCIT ne prend que quelques heures \u00e0 l'\u00e9cole, mais son impact peut durer toute une vie !<br \/>\n<\/em><\/strong><\/p>\n<p><em>Pour plus d'informations sur TICCIT et pour vous impliquer,\u00a0<\/em><a href=\"https:\/\/www.procarton.com\/sustainability\/ticcit\/\"><em>veuillez cliquer ici<\/em><\/a><em> ou contactez Katie Ryan \u00e0 <\/em><a href=\"mailto:ticcit@procarton.com\"><em>ticcit@procarton.com<\/em><\/a><em>.<\/em><\/p>\n<p>Pro Carton a eu l'honneur de remporter le prix EPRC 2019 de l'information et de l'\u00e9ducation pour TICCIT.<\/p>","protected":false},"excerpt":{"rendered":"<p>Le programme TICCIT (Trees Into Cartons Cartons Into Trees) apprend aux enfants que les arbres sont une culture durable, tout comme les fruits et les l\u00e9gumes.  TICCIT met en \u00e9vidence les nombreuses utilisations des arbres et des emballages en papier, et souligne l'importance du recyclage.\u00a0<\/p>","protected":false},"author":1,"featured_media":265533,"comment_status":"closed","ping_status":"closed","sticky":false,"template":"","format":"standard","meta":{"inline_featured_image":false,"footnotes":""},"categories":[52,93],"tags":[],"class_list":["post-265351","post","type-post","status-publish","format-standard","has-post-thumbnail","hentry","category-sustainability","category-ticcit"],"yoast_head":"<!-- This site is optimized with the Yoast SEO plugin v27.4 - https:\/\/yoast.com\/product\/yoast-seo-wordpress\/ -->\n<title>AWARD-WINNING TICCIT ALL SET TO BLOOM AND REGROW! - Pro Carton<\/title>\n<meta name=\"robots\" content=\"index, follow, max-snippet:-1, max-image-preview:large, max-video-preview:-1\" \/>\n<link rel=\"canonical\" href=\"https:\/\/www.procarton.com\/fr\/award-winning-ticcit-all-set-to-bloom-and-regrow-2\/\" \/>\n<meta property=\"og:locale\" content=\"fr_FR\" \/>\n<meta property=\"og:type\" content=\"article\" \/>\n<meta property=\"og:title\" content=\"AWARD-WINNING TICCIT ALL SET TO BLOOM AND REGROW! - Pro Carton\" \/>\n<meta property=\"og:description\" content=\"The TICCIT program (Trees Into Cartons Cartons Into Trees) teaches children that trees are a sustainable crop, just like fruit and vegetables.\u00a0 TICCIT highlights the many uses for trees and paper-based packaging, and it underscores the importance of recycling.\u00a0\" \/>\n<meta property=\"og:url\" content=\"https:\/\/www.procarton.com\/fr\/award-winning-ticcit-all-set-to-bloom-and-regrow-2\/\" \/>\n<meta property=\"og:site_name\" content=\"Pro Carton\" \/>\n<meta property=\"article:publisher\" content=\"https:\/\/www.facebook.com\/procartondesignaward\/\" \/>\n<meta property=\"article:published_time\" content=\"2021-09-05T09:53:37+00:00\" \/>\n<meta property=\"article:modified_time\" content=\"2021-11-08T12:18:22+00:00\" \/>\n<meta property=\"og:image\" content=\"https:\/\/www.procarton.com\/wp-content\/uploads\/2021\/09\/TICCIT-Logo-600.jpg\" \/>\n\t<meta property=\"og:image:width\" content=\"1\" \/>\n\t<meta property=\"og:image:height\" content=\"1\" \/>\n\t<meta property=\"og:image:type\" content=\"image\/jpeg\" \/>\n<meta name=\"author\" content=\"esterling@admin\" \/>\n<meta name=\"twitter:card\" content=\"summary_large_image\" \/>\n<meta name=\"twitter:creator\" content=\"@pro_carton\" \/>\n<meta name=\"twitter:site\" content=\"@pro_carton\" \/>\n<meta name=\"twitter:label1\" content=\"\u00c9crit par\" \/>\n\t<meta name=\"twitter:data1\" content=\"esterling@admin\" \/>\n\t<meta name=\"twitter:label2\" content=\"Dur\u00e9e de lecture estim\u00e9e\" \/>\n\t<meta name=\"twitter:data2\" content=\"2 minutes\" \/>\n<script type=\"application\/ld+json\" class=\"yoast-schema-graph\">{\"@context\":\"https:\\\/\\\/schema.org\",\"@graph\":[{\"@type\":\"Article\",\"@id\":\"https:\\\/\\\/www.procarton.com\\\/es\\\/award-winning-ticcit-all-set-to-bloom-and-regrow-2\\\/#article\",\"isPartOf\":{\"@id\":\"https:\\\/\\\/www.procarton.com\\\/es\\\/award-winning-ticcit-all-set-to-bloom-and-regrow-2\\\/\"},\"author\":{\"name\":\"esterling@admin\",\"@id\":\"https:\\\/\\\/www.procarton.com\\\/es\\\/#\\\/schema\\\/person\\\/872a075145d2c38578ff4eed7d481251\"},\"headline\":\"AWARD-WINNING TICCIT ALL SET TO BLOOM AND REGROW!\",\"datePublished\":\"2021-09-05T09:53:37+00:00\",\"dateModified\":\"2021-11-08T12:18:22+00:00\",\"mainEntityOfPage\":{\"@id\":\"https:\\\/\\\/www.procarton.com\\\/es\\\/award-winning-ticcit-all-set-to-bloom-and-regrow-2\\\/\"},\"wordCount\":470,\"publisher\":{\"@id\":\"https:\\\/\\\/www.procarton.com\\\/es\\\/#organization\"},\"image\":{\"@id\":\"https:\\\/\\\/www.procarton.com\\\/es\\\/award-winning-ticcit-all-set-to-bloom-and-regrow-2\\\/#primaryimage\"},\"thumbnailUrl\":\"https:\\\/\\\/www.procarton.com\\\/wp-content\\\/uploads\\\/2021\\\/09\\\/TICCIT-Logo-600.jpg\",\"articleSection\":[\"Sustainability\",\"TICCIT\"],\"inLanguage\":\"fr-FR\"},{\"@type\":\"WebPage\",\"@id\":\"https:\\\/\\\/www.procarton.com\\\/es\\\/award-winning-ticcit-all-set-to-bloom-and-regrow-2\\\/\",\"url\":\"https:\\\/\\\/www.procarton.com\\\/es\\\/award-winning-ticcit-all-set-to-bloom-and-regrow-2\\\/\",\"name\":\"AWARD-WINNING TICCIT ALL SET TO BLOOM AND REGROW! - Pro Carton\",\"isPartOf\":{\"@id\":\"https:\\\/\\\/www.procarton.com\\\/es\\\/#website\"},\"primaryImageOfPage\":{\"@id\":\"https:\\\/\\\/www.procarton.com\\\/es\\\/award-winning-ticcit-all-set-to-bloom-and-regrow-2\\\/#primaryimage\"},\"image\":{\"@id\":\"https:\\\/\\\/www.procarton.com\\\/es\\\/award-winning-ticcit-all-set-to-bloom-and-regrow-2\\\/#primaryimage\"},\"thumbnailUrl\":\"https:\\\/\\\/www.procarton.com\\\/wp-content\\\/uploads\\\/2021\\\/09\\\/TICCIT-Logo-600.jpg\",\"datePublished\":\"2021-09-05T09:53:37+00:00\",\"dateModified\":\"2021-11-08T12:18:22+00:00\",\"breadcrumb\":{\"@id\":\"https:\\\/\\\/www.procarton.com\\\/es\\\/award-winning-ticcit-all-set-to-bloom-and-regrow-2\\\/#breadcrumb\"},\"inLanguage\":\"fr-FR\",\"potentialAction\":[{\"@type\":\"ReadAction\",\"target\":[\"https:\\\/\\\/www.procarton.com\\\/es\\\/award-winning-ticcit-all-set-to-bloom-and-regrow-2\\\/\"]}]},{\"@type\":\"ImageObject\",\"inLanguage\":\"fr-FR\",\"@id\":\"https:\\\/\\\/www.procarton.com\\\/es\\\/award-winning-ticcit-all-set-to-bloom-and-regrow-2\\\/#primaryimage\",\"url\":\"https:\\\/\\\/www.procarton.com\\\/wp-content\\\/uploads\\\/2021\\\/09\\\/TICCIT-Logo-600.jpg\",\"contentUrl\":\"https:\\\/\\\/www.procarton.com\\\/wp-content\\\/uploads\\\/2021\\\/09\\\/TICCIT-Logo-600.jpg\"},{\"@type\":\"BreadcrumbList\",\"@id\":\"https:\\\/\\\/www.procarton.com\\\/es\\\/award-winning-ticcit-all-set-to-bloom-and-regrow-2\\\/#breadcrumb\",\"itemListElement\":[{\"@type\":\"ListItem\",\"position\":1,\"name\":\"Home\",\"item\":\"https:\\\/\\\/www.procarton.com\\\/\"},{\"@type\":\"ListItem\",\"position\":2,\"name\":\"AWARD-WINNING TICCIT ALL SET TO BLOOM AND REGROW!\"}]},{\"@type\":\"WebSite\",\"@id\":\"https:\\\/\\\/www.procarton.com\\\/es\\\/#website\",\"url\":\"https:\\\/\\\/www.procarton.com\\\/es\\\/\",\"name\":\"Pro Carton\",\"description\":\"\",\"publisher\":{\"@id\":\"https:\\\/\\\/www.procarton.com\\\/es\\\/#organization\"},\"potentialAction\":[{\"@type\":\"SearchAction\",\"target\":{\"@type\":\"EntryPoint\",\"urlTemplate\":\"https:\\\/\\\/www.procarton.com\\\/es\\\/?s={search_term_string}\"},\"query-input\":{\"@type\":\"PropertyValueSpecification\",\"valueRequired\":true,\"valueName\":\"search_term_string\"}}],\"inLanguage\":\"fr-FR\"},{\"@type\":\"Organization\",\"@id\":\"https:\\\/\\\/www.procarton.com\\\/es\\\/#organization\",\"name\":\"ProCarton\",\"url\":\"https:\\\/\\\/www.procarton.com\\\/es\\\/\",\"logo\":{\"@type\":\"ImageObject\",\"inLanguage\":\"fr-FR\",\"@id\":\"https:\\\/\\\/www.procarton.com\\\/es\\\/#\\\/schema\\\/logo\\\/image\\\/\",\"url\":\"https:\\\/\\\/www.procarton.com\\\/wp-content\\\/uploads\\\/2022\\\/06\\\/logo-mit-slogan.jpg\",\"contentUrl\":\"https:\\\/\\\/www.procarton.com\\\/wp-content\\\/uploads\\\/2022\\\/06\\\/logo-mit-slogan.jpg\",\"width\":422,\"height\":519,\"caption\":\"ProCarton\"},\"image\":{\"@id\":\"https:\\\/\\\/www.procarton.com\\\/es\\\/#\\\/schema\\\/logo\\\/image\\\/\"},\"sameAs\":[\"https:\\\/\\\/www.facebook.com\\\/procartondesignaward\\\/\",\"https:\\\/\\\/x.com\\\/pro_carton\"]},{\"@type\":\"Person\",\"@id\":\"https:\\\/\\\/www.procarton.com\\\/es\\\/#\\\/schema\\\/person\\\/872a075145d2c38578ff4eed7d481251\",\"name\":\"esterling@admin\",\"sameAs\":[\"https:\\\/\\\/www.procarton.com\"],\"url\":\"https:\\\/\\\/www.procarton.com\\\/fr\\\/author\\\/esterlingadmin\\\/\"}]}<\/script>\n<!-- \/ Yoast SEO plugin. -->","yoast_head_json":{"title":"TICCIT PRIM\u00c9, PR\u00caT \u00c0 FLEURIR ET \u00c0 REPOUSSER ! - Carton Pro","robots":{"index":"index","follow":"follow","max-snippet":"max-snippet:-1","max-image-preview":"max-image-preview:large","max-video-preview":"max-video-preview:-1"},"canonical":"https:\/\/www.procarton.com\/fr\/award-winning-ticcit-all-set-to-bloom-and-regrow-2\/","og_locale":"fr_FR","og_type":"article","og_title":"AWARD-WINNING TICCIT ALL SET TO BLOOM AND REGROW! - Pro Carton","og_description":"The TICCIT program (Trees Into Cartons Cartons Into Trees) teaches children that trees are a sustainable crop, just like fruit and vegetables.\u00a0 TICCIT highlights the many uses for trees and paper-based packaging, and it underscores the importance of recycling.\u00a0","og_url":"https:\/\/www.procarton.com\/fr\/award-winning-ticcit-all-set-to-bloom-and-regrow-2\/","og_site_name":"Pro Carton","article_publisher":"https:\/\/www.facebook.com\/procartondesignaward\/","article_published_time":"2021-09-05T09:53:37+00:00","article_modified_time":"2021-11-08T12:18:22+00:00","og_image":[{"url":"https:\/\/www.procarton.com\/wp-content\/uploads\/2021\/09\/TICCIT-Logo-600.jpg","width":1,"height":1,"type":"image\/jpeg"}],"author":"esterling@admin","twitter_card":"summary_large_image","twitter_creator":"@pro_carton","twitter_site":"@pro_carton","twitter_misc":{"\u00c9crit par":"esterling@admin","Dur\u00e9e de lecture estim\u00e9e":"2 minutes"},"schema":{"@context":"https:\/\/schema.org","@graph":[{"@type":"Article","@id":"https:\/\/www.procarton.com\/es\/award-winning-ticcit-all-set-to-bloom-and-regrow-2\/#article","isPartOf":{"@id":"https:\/\/www.procarton.com\/es\/award-winning-ticcit-all-set-to-bloom-and-regrow-2\/"},"author":{"name":"esterling@admin","@id":"https:\/\/www.procarton.com\/es\/#\/schema\/person\/872a075145d2c38578ff4eed7d481251"},"headline":"AWARD-WINNING TICCIT ALL SET TO BLOOM AND REGROW!","datePublished":"2021-09-05T09:53:37+00:00","dateModified":"2021-11-08T12:18:22+00:00","mainEntityOfPage":{"@id":"https:\/\/www.procarton.com\/es\/award-winning-ticcit-all-set-to-bloom-and-regrow-2\/"},"wordCount":470,"publisher":{"@id":"https:\/\/www.procarton.com\/es\/#organization"},"image":{"@id":"https:\/\/www.procarton.com\/es\/award-winning-ticcit-all-set-to-bloom-and-regrow-2\/#primaryimage"},"thumbnailUrl":"https:\/\/www.procarton.com\/wp-content\/uploads\/2021\/09\/TICCIT-Logo-600.jpg","articleSection":["Sustainability","TICCIT"],"inLanguage":"fr-FR"},{"@type":"WebPage","@id":"https:\/\/www.procarton.com\/es\/award-winning-ticcit-all-set-to-bloom-and-regrow-2\/","url":"https:\/\/www.procarton.com\/es\/award-winning-ticcit-all-set-to-bloom-and-regrow-2\/","name":"TICCIT PRIM\u00c9, PR\u00caT \u00c0 FLEURIR ET \u00c0 REPOUSSER ! - Carton Pro","isPartOf":{"@id":"https:\/\/www.procarton.com\/es\/#website"},"primaryImageOfPage":{"@id":"https:\/\/www.procarton.com\/es\/award-winning-ticcit-all-set-to-bloom-and-regrow-2\/#primaryimage"},"image":{"@id":"https:\/\/www.procarton.com\/es\/award-winning-ticcit-all-set-to-bloom-and-regrow-2\/#primaryimage"},"thumbnailUrl":"https:\/\/www.procarton.com\/wp-content\/uploads\/2021\/09\/TICCIT-Logo-600.jpg","datePublished":"2021-09-05T09:53:37+00:00","dateModified":"2021-11-08T12:18:22+00:00","breadcrumb":{"@id":"https:\/\/www.procarton.com\/es\/award-winning-ticcit-all-set-to-bloom-and-regrow-2\/#breadcrumb"},"inLanguage":"fr-FR","potentialAction":[{"@type":"ReadAction","target":["https:\/\/www.procarton.com\/es\/award-winning-ticcit-all-set-to-bloom-and-regrow-2\/"]}]},{"@type":"ImageObject","inLanguage":"fr-FR","@id":"https:\/\/www.procarton.com\/es\/award-winning-ticcit-all-set-to-bloom-and-regrow-2\/#primaryimage","url":"https:\/\/www.procarton.com\/wp-content\/uploads\/2021\/09\/TICCIT-Logo-600.jpg","contentUrl":"https:\/\/www.procarton.com\/wp-content\/uploads\/2021\/09\/TICCIT-Logo-600.jpg"},{"@type":"BreadcrumbList","@id":"https:\/\/www.procarton.com\/es\/award-winning-ticcit-all-set-to-bloom-and-regrow-2\/#breadcrumb","itemListElement":[{"@type":"ListItem","position":1,"name":"Home","item":"https:\/\/www.procarton.com\/"},{"@type":"ListItem","position":2,"name":"AWARD-WINNING TICCIT ALL SET TO BLOOM AND REGROW!"}]},{"@type":"WebSite","@id":"https:\/\/www.procarton.com\/es\/#website","url":"https:\/\/www.procarton.com\/es\/","name":"Pro Carton","description":"","publisher":{"@id":"https:\/\/www.procarton.com\/es\/#organization"},"potentialAction":[{"@type":"SearchAction","target":{"@type":"EntryPoint","urlTemplate":"https:\/\/www.procarton.com\/es\/?s={search_term_string}"},"query-input":{"@type":"PropertyValueSpecification","valueRequired":true,"valueName":"search_term_string"}}],"inLanguage":"fr-FR"},{"@type":"Organization","@id":"https:\/\/www.procarton.com\/es\/#organization","name":"ProCarton","url":"https:\/\/www.procarton.com\/es\/","logo":{"@type":"ImageObject","inLanguage":"fr-FR","@id":"https:\/\/www.procarton.com\/es\/#\/schema\/logo\/image\/","url":"https:\/\/www.procarton.com\/wp-content\/uploads\/2022\/06\/logo-mit-slogan.jpg","contentUrl":"https:\/\/www.procarton.com\/wp-content\/uploads\/2022\/06\/logo-mit-slogan.jpg","width":422,"height":519,"caption":"ProCarton"},"image":{"@id":"https:\/\/www.procarton.com\/es\/#\/schema\/logo\/image\/"},"sameAs":["https:\/\/www.facebook.com\/procartondesignaward\/","https:\/\/x.com\/pro_carton"]},{"@type":"Person","@id":"https:\/\/www.procarton.com\/es\/#\/schema\/person\/872a075145d2c38578ff4eed7d481251","name":"esterling@admin","sameAs":["https:\/\/www.procarton.com"],"url":"https:\/\/www.procarton.com\/fr\/author\/esterlingadmin\/"}]}},"_links":{"self":[{"href":"https:\/\/www.procarton.com\/fr\/wp-json\/wp\/v2\/posts\/265351","targetHints":{"allow":["GET"]}}],"collection":[{"href":"https:\/\/www.procarton.com\/fr\/wp-json\/wp\/v2\/posts"}],"about":[{"href":"https:\/\/www.procarton.com\/fr\/wp-json\/wp\/v2\/types\/post"}],"author":[{"embeddable":true,"href":"https:\/\/www.procarton.com\/fr\/wp-json\/wp\/v2\/users\/1"}],"replies":[{"embeddable":true,"href":"https:\/\/www.procarton.com\/fr\/wp-json\/wp\/v2\/comments?post=265351"}],"version-history":[{"count":1,"href":"https:\/\/www.procarton.com\/fr\/wp-json\/wp\/v2\/posts\/265351\/revisions"}],"predecessor-version":[{"id":266604,"href":"https:\/\/www.procarton.com\/fr\/wp-json\/wp\/v2\/posts\/265351\/revisions\/266604"}],"wp:featuredmedia":[{"embeddable":true,"href":"https:\/\/www.procarton.com\/fr\/wp-json\/wp\/v2\/media\/265533"}],"wp:attachment":[{"href":"https:\/\/www.procarton.com\/fr\/wp-json\/wp\/v2\/media?parent=265351"}],"wp:term":[{"taxonomy":"category","embeddable":true,"href":"https:\/\/www.procarton.com\/fr\/wp-json\/wp\/v2\/categories?post=265351"},{"taxonomy":"post_tag","embeddable":true,"href":"https:\/\/www.procarton.com\/fr\/wp-json\/wp\/v2\/tags?post=265351"}],"curies":[{"name":"wp","href":"https:\/\/api.w.org\/{rel}","templated":true}]}}