{"id":243563,"date":"2020-12-16T00:00:00","date_gmt":"2020-12-16T00:00:00","guid":{"rendered":"https:\/\/www.procarton.com\/merry-christmas\/"},"modified":"2021-11-05T17:36:19","modified_gmt":"2021-11-05T17:36:19","slug":"merry-christmas","status":"publish","type":"post","link":"https:\/\/www.procarton.com\/fr\/merry-christmas\/","title":{"rendered":"Joyeux No\u00ebl !"},"content":{"rendered":"<p><strong>Chers lecteurs,<\/strong><br \/>\n<strong>Quelle ann\u00e9e, et avant tout, je vous souhaite \u00e0 tous un tr\u00e8s joyeux No\u00ebl !<\/strong><\/p>\n<p><strong>C'est aussi un moment de r\u00e9flexion et j'aimerais \u00e0 nouveau remercier personnellement tous les acteurs de l'industrie du carton et du carton plat pour la conscience et la diligence dont ils ont fait preuve en assurant l'approvisionnement essentiel des industries cl\u00e9s pendant la pand\u00e9mie. Nos coll\u00e8gues et employ\u00e9s ne re\u00e7oivent parfois pas tout le cr\u00e9dit ou les \u00e9loges qu'ils m\u00e9ritent, mais soyez assur\u00e9s que vous \u00eates tous vraiment appr\u00e9ci\u00e9s.<\/strong><\/p>\n<p>J'aimerais \u00e9galement remercier tous les membres du groupe directeur pour leur soutien continu et leur contribution inestimable pendant mon mandat de pr\u00e9sident honoraire.<\/p>\n<p>L'industrie a fait preuve d'une grande r\u00e9silience au cours des neuf derniers mois et notre produit est \u00e9galement r\u00e9silient. Il est pertinent pour le syst\u00e8me et durable. Plus que jamais, nous avons besoin de produits et d'emballages qui n'\u00e9puisent pas les ressources de la plan\u00e8te et ne nuisent pas \u00e0 l'environnement en fin de vie. Il est agr\u00e9able de constater qu'un grand nombre de marques et de d\u00e9taillants choisissent le carton comme mat\u00e9riau d'emballage, ce qui a entra\u00een\u00e9 une croissance du march\u00e9 malgr\u00e9 l'impact de l'affaiblissement des secteurs de la restauration rapide et du luxe.<\/p>\n<p>La Commission europ\u00e9enne poursuit son projet de \"Green Deal\" et son objectif de passer \u00e0 une \u00e9conomie plus circulaire correspond bien au n\u00f4tre. L'\u00e9laboration d'une l\u00e9gislation \u00e0 l'\u00e9chelle europ\u00e9enne est une t\u00e2che complexe qui prend du temps et qui n\u00e9cessite les conseils de sp\u00e9cialistes, car on ne peut pas s'attendre \u00e0 ce que les politiciens soient des experts en produits. L'importance d'organisations telles que le Cepi, 4evergreen, CITPA et nos associations pour repr\u00e9senter les int\u00e9r\u00eats de notre industrie et faire pression sur les d\u00e9cideurs politiques, afin de s'assurer que la politique de l'UE tienne pleinement compte de notre position, la position de l'emballage circulaire vert, n'a jamais \u00e9t\u00e9 aussi vitale. En fin de compte, je suis s\u00fbr que la Commission soutiendra fermement notre industrie et lui sera b\u00e9n\u00e9fique.<\/p>\n<p>L'avant Corona ne sera pas l'apr\u00e8s Corona. Il y a des moments historiques o\u00f9 l'avenir change de direction. Ces moments sont maintenant. Gr\u00e2ce \u00e0 Corona, nous allons adapter notre attitude envers la vie, dans le sens de notre existence en tant qu'\u00eatres vivants au milieu d'autres formes de vie. Les efforts en faveur d'une \u00e9conomie circulaire et les activit\u00e9s de lutte contre le changement climatique n'ont pas \u00e9t\u00e9 stopp\u00e9s, ils vont m\u00eame s'acc\u00e9l\u00e9rer et le secteur de l'emballage \u00e0 base de fibres poss\u00e8de les atouts pour en sortir gagnant.<\/p>\n<p>Profitez des vacances de No\u00ebl avec vos proches et passez une ann\u00e9e 2021 saine, prosp\u00e8re et heureuse.<\/p>\n<p><em>Horst Bittermann<\/em><br \/>\n<em>Pr\u00e9sident Pro Carton<\/em><\/p>","protected":false},"excerpt":{"rendered":"<p>Avant toute chose, permettez-moi de vous souhaiter \u00e0 tous un tr\u00e8s joyeux No\u00ebl ! C'est aussi un moment de r\u00e9flexion et j'aimerais \u00e0 nouveau adresser mes remerciements personnels \u00e0 tous les acteurs de l'industrie du carton et du carton plat.<\/p>","protected":false},"author":1,"featured_media":243564,"comment_status":"open","ping_status":"open","sticky":false,"template":"","format":"standard","meta":{"inline_featured_image":false,"footnotes":""},"categories":[242],"tags":[45],"class_list":["post-243563","post","type-post","status-publish","format-standard","has-post-thumbnail","hentry","category-procarton","tag-experts-it"],"yoast_head":"<!-- This site is optimized with the Yoast SEO plugin v27.4 - https:\/\/yoast.com\/product\/yoast-seo-wordpress\/ -->\n<title>Merry Christmas! - Pro Carton<\/title>\n<meta name=\"robots\" content=\"index, follow, max-snippet:-1, max-image-preview:large, max-video-preview:-1\" \/>\n<link rel=\"canonical\" href=\"https:\/\/www.procarton.com\/fr\/merry-christmas\/\" \/>\n<meta property=\"og:locale\" content=\"fr_FR\" \/>\n<meta property=\"og:type\" content=\"article\" \/>\n<meta property=\"og:title\" content=\"Merry Christmas! - Pro Carton\" \/>\n<meta property=\"og:description\" content=\"First and foremost may I wish you all a very Merry Christmas! It\u2019s also a time to reflect and I\u2019d again like to pass on my personal thanks to everybody within the carton and cartonboard industry.\" \/>\n<meta property=\"og:url\" content=\"https:\/\/www.procarton.com\/fr\/merry-christmas\/\" \/>\n<meta property=\"og:site_name\" content=\"Pro Carton\" \/>\n<meta property=\"article:publisher\" content=\"https:\/\/www.facebook.com\/procartondesignaward\/\" \/>\n<meta property=\"article:published_time\" content=\"2020-12-16T00:00:00+00:00\" \/>\n<meta property=\"article:modified_time\" content=\"2021-11-05T17:36:19+00:00\" \/>\n<meta property=\"og:image\" content=\"https:\/\/www.procarton.com\/wp-content\/uploads\/2021\/02\/bittermann_18-600-1.jpg\" \/>\n\t<meta property=\"og:image:width\" content=\"600\" \/>\n\t<meta property=\"og:image:height\" content=\"400\" \/>\n\t<meta property=\"og:image:type\" content=\"image\/jpeg\" \/>\n<meta name=\"author\" content=\"esterling@admin\" \/>\n<meta name=\"twitter:card\" content=\"summary_large_image\" \/>\n<meta name=\"twitter:creator\" content=\"@pro_carton\" \/>\n<meta name=\"twitter:site\" content=\"@pro_carton\" \/>\n<meta name=\"twitter:label1\" content=\"\u00c9crit par\" \/>\n\t<meta name=\"twitter:data1\" content=\"esterling@admin\" \/>\n\t<meta name=\"twitter:label2\" content=\"Dur\u00e9e de lecture estim\u00e9e\" \/>\n\t<meta name=\"twitter:data2\" content=\"2 minutes\" \/>\n<script type=\"application\/ld+json\" class=\"yoast-schema-graph\">{\"@context\":\"https:\\\/\\\/schema.org\",\"@graph\":[{\"@type\":\"Article\",\"@id\":\"https:\\\/\\\/www.procarton.com\\\/es\\\/merry-christmas\\\/#article\",\"isPartOf\":{\"@id\":\"https:\\\/\\\/www.procarton.com\\\/es\\\/merry-christmas\\\/\"},\"author\":{\"name\":\"esterling@admin\",\"@id\":\"https:\\\/\\\/www.procarton.com\\\/es\\\/#\\\/schema\\\/person\\\/872a075145d2c38578ff4eed7d481251\"},\"headline\":\"Merry Christmas!\",\"datePublished\":\"2020-12-16T00:00:00+00:00\",\"dateModified\":\"2021-11-05T17:36:19+00:00\",\"mainEntityOfPage\":{\"@id\":\"https:\\\/\\\/www.procarton.com\\\/es\\\/merry-christmas\\\/\"},\"wordCount\":420,\"commentCount\":0,\"publisher\":{\"@id\":\"https:\\\/\\\/www.procarton.com\\\/es\\\/#organization\"},\"image\":{\"@id\":\"https:\\\/\\\/www.procarton.com\\\/es\\\/merry-christmas\\\/#primaryimage\"},\"thumbnailUrl\":\"https:\\\/\\\/www.procarton.com\\\/wp-content\\\/uploads\\\/2021\\\/02\\\/bittermann_18-600-1.jpg\",\"keywords\":[\"Experts\"],\"articleSection\":[\"Pro Carton\"],\"inLanguage\":\"fr-FR\",\"potentialAction\":[{\"@type\":\"CommentAction\",\"name\":\"Comment\",\"target\":[\"https:\\\/\\\/www.procarton.com\\\/es\\\/merry-christmas\\\/#respond\"]}]},{\"@type\":\"WebPage\",\"@id\":\"https:\\\/\\\/www.procarton.com\\\/es\\\/merry-christmas\\\/\",\"url\":\"https:\\\/\\\/www.procarton.com\\\/es\\\/merry-christmas\\\/\",\"name\":\"Merry Christmas! - Pro Carton\",\"isPartOf\":{\"@id\":\"https:\\\/\\\/www.procarton.com\\\/es\\\/#website\"},\"primaryImageOfPage\":{\"@id\":\"https:\\\/\\\/www.procarton.com\\\/es\\\/merry-christmas\\\/#primaryimage\"},\"image\":{\"@id\":\"https:\\\/\\\/www.procarton.com\\\/es\\\/merry-christmas\\\/#primaryimage\"},\"thumbnailUrl\":\"https:\\\/\\\/www.procarton.com\\\/wp-content\\\/uploads\\\/2021\\\/02\\\/bittermann_18-600-1.jpg\",\"datePublished\":\"2020-12-16T00:00:00+00:00\",\"dateModified\":\"2021-11-05T17:36:19+00:00\",\"breadcrumb\":{\"@id\":\"https:\\\/\\\/www.procarton.com\\\/es\\\/merry-christmas\\\/#breadcrumb\"},\"inLanguage\":\"fr-FR\",\"potentialAction\":[{\"@type\":\"ReadAction\",\"target\":[\"https:\\\/\\\/www.procarton.com\\\/es\\\/merry-christmas\\\/\"]}]},{\"@type\":\"ImageObject\",\"inLanguage\":\"fr-FR\",\"@id\":\"https:\\\/\\\/www.procarton.com\\\/es\\\/merry-christmas\\\/#primaryimage\",\"url\":\"https:\\\/\\\/www.procarton.com\\\/wp-content\\\/uploads\\\/2021\\\/02\\\/bittermann_18-600-1.jpg\",\"contentUrl\":\"https:\\\/\\\/www.procarton.com\\\/wp-content\\\/uploads\\\/2021\\\/02\\\/bittermann_18-600-1.jpg\",\"width\":600,\"height\":400},{\"@type\":\"BreadcrumbList\",\"@id\":\"https:\\\/\\\/www.procarton.com\\\/es\\\/merry-christmas\\\/#breadcrumb\",\"itemListElement\":[{\"@type\":\"ListItem\",\"position\":1,\"name\":\"Home\",\"item\":\"https:\\\/\\\/www.procarton.com\\\/\"},{\"@type\":\"ListItem\",\"position\":2,\"name\":\"Merry Christmas!\"}]},{\"@type\":\"WebSite\",\"@id\":\"https:\\\/\\\/www.procarton.com\\\/es\\\/#website\",\"url\":\"https:\\\/\\\/www.procarton.com\\\/es\\\/\",\"name\":\"Pro Carton\",\"description\":\"\",\"publisher\":{\"@id\":\"https:\\\/\\\/www.procarton.com\\\/es\\\/#organization\"},\"potentialAction\":[{\"@type\":\"SearchAction\",\"target\":{\"@type\":\"EntryPoint\",\"urlTemplate\":\"https:\\\/\\\/www.procarton.com\\\/es\\\/?s={search_term_string}\"},\"query-input\":{\"@type\":\"PropertyValueSpecification\",\"valueRequired\":true,\"valueName\":\"search_term_string\"}}],\"inLanguage\":\"fr-FR\"},{\"@type\":\"Organization\",\"@id\":\"https:\\\/\\\/www.procarton.com\\\/es\\\/#organization\",\"name\":\"ProCarton\",\"url\":\"https:\\\/\\\/www.procarton.com\\\/es\\\/\",\"logo\":{\"@type\":\"ImageObject\",\"inLanguage\":\"fr-FR\",\"@id\":\"https:\\\/\\\/www.procarton.com\\\/es\\\/#\\\/schema\\\/logo\\\/image\\\/\",\"url\":\"https:\\\/\\\/www.procarton.com\\\/wp-content\\\/uploads\\\/2022\\\/06\\\/logo-mit-slogan.jpg\",\"contentUrl\":\"https:\\\/\\\/www.procarton.com\\\/wp-content\\\/uploads\\\/2022\\\/06\\\/logo-mit-slogan.jpg\",\"width\":422,\"height\":519,\"caption\":\"ProCarton\"},\"image\":{\"@id\":\"https:\\\/\\\/www.procarton.com\\\/es\\\/#\\\/schema\\\/logo\\\/image\\\/\"},\"sameAs\":[\"https:\\\/\\\/www.facebook.com\\\/procartondesignaward\\\/\",\"https:\\\/\\\/x.com\\\/pro_carton\"]},{\"@type\":\"Person\",\"@id\":\"https:\\\/\\\/www.procarton.com\\\/es\\\/#\\\/schema\\\/person\\\/872a075145d2c38578ff4eed7d481251\",\"name\":\"esterling@admin\",\"sameAs\":[\"https:\\\/\\\/www.procarton.com\"],\"url\":\"https:\\\/\\\/www.procarton.com\\\/fr\\\/author\\\/esterlingadmin\\\/\"}]}<\/script>\n<!-- \/ Yoast SEO plugin. -->","yoast_head_json":{"title":"Joyeux No\u00ebl ! - Pro Carton","robots":{"index":"index","follow":"follow","max-snippet":"max-snippet:-1","max-image-preview":"max-image-preview:large","max-video-preview":"max-video-preview:-1"},"canonical":"https:\/\/www.procarton.com\/fr\/merry-christmas\/","og_locale":"fr_FR","og_type":"article","og_title":"Merry Christmas! - Pro Carton","og_description":"First and foremost may I wish you all a very Merry Christmas! It\u2019s also a time to reflect and I\u2019d again like to pass on my personal thanks to everybody within the carton and cartonboard industry.","og_url":"https:\/\/www.procarton.com\/fr\/merry-christmas\/","og_site_name":"Pro Carton","article_publisher":"https:\/\/www.facebook.com\/procartondesignaward\/","article_published_time":"2020-12-16T00:00:00+00:00","article_modified_time":"2021-11-05T17:36:19+00:00","og_image":[{"width":600,"height":400,"url":"https:\/\/www.procarton.com\/wp-content\/uploads\/2021\/02\/bittermann_18-600-1.jpg","type":"image\/jpeg"}],"author":"esterling@admin","twitter_card":"summary_large_image","twitter_creator":"@pro_carton","twitter_site":"@pro_carton","twitter_misc":{"\u00c9crit par":"esterling@admin","Dur\u00e9e de lecture estim\u00e9e":"2 minutes"},"schema":{"@context":"https:\/\/schema.org","@graph":[{"@type":"Article","@id":"https:\/\/www.procarton.com\/es\/merry-christmas\/#article","isPartOf":{"@id":"https:\/\/www.procarton.com\/es\/merry-christmas\/"},"author":{"name":"esterling@admin","@id":"https:\/\/www.procarton.com\/es\/#\/schema\/person\/872a075145d2c38578ff4eed7d481251"},"headline":"Merry Christmas!","datePublished":"2020-12-16T00:00:00+00:00","dateModified":"2021-11-05T17:36:19+00:00","mainEntityOfPage":{"@id":"https:\/\/www.procarton.com\/es\/merry-christmas\/"},"wordCount":420,"commentCount":0,"publisher":{"@id":"https:\/\/www.procarton.com\/es\/#organization"},"image":{"@id":"https:\/\/www.procarton.com\/es\/merry-christmas\/#primaryimage"},"thumbnailUrl":"https:\/\/www.procarton.com\/wp-content\/uploads\/2021\/02\/bittermann_18-600-1.jpg","keywords":["Experts"],"articleSection":["Pro Carton"],"inLanguage":"fr-FR","potentialAction":[{"@type":"CommentAction","name":"Comment","target":["https:\/\/www.procarton.com\/es\/merry-christmas\/#respond"]}]},{"@type":"WebPage","@id":"https:\/\/www.procarton.com\/es\/merry-christmas\/","url":"https:\/\/www.procarton.com\/es\/merry-christmas\/","name":"Joyeux No\u00ebl ! - Pro Carton","isPartOf":{"@id":"https:\/\/www.procarton.com\/es\/#website"},"primaryImageOfPage":{"@id":"https:\/\/www.procarton.com\/es\/merry-christmas\/#primaryimage"},"image":{"@id":"https:\/\/www.procarton.com\/es\/merry-christmas\/#primaryimage"},"thumbnailUrl":"https:\/\/www.procarton.com\/wp-content\/uploads\/2021\/02\/bittermann_18-600-1.jpg","datePublished":"2020-12-16T00:00:00+00:00","dateModified":"2021-11-05T17:36:19+00:00","breadcrumb":{"@id":"https:\/\/www.procarton.com\/es\/merry-christmas\/#breadcrumb"},"inLanguage":"fr-FR","potentialAction":[{"@type":"ReadAction","target":["https:\/\/www.procarton.com\/es\/merry-christmas\/"]}]},{"@type":"ImageObject","inLanguage":"fr-FR","@id":"https:\/\/www.procarton.com\/es\/merry-christmas\/#primaryimage","url":"https:\/\/www.procarton.com\/wp-content\/uploads\/2021\/02\/bittermann_18-600-1.jpg","contentUrl":"https:\/\/www.procarton.com\/wp-content\/uploads\/2021\/02\/bittermann_18-600-1.jpg","width":600,"height":400},{"@type":"BreadcrumbList","@id":"https:\/\/www.procarton.com\/es\/merry-christmas\/#breadcrumb","itemListElement":[{"@type":"ListItem","position":1,"name":"Home","item":"https:\/\/www.procarton.com\/"},{"@type":"ListItem","position":2,"name":"Merry Christmas!"}]},{"@type":"WebSite","@id":"https:\/\/www.procarton.com\/es\/#website","url":"https:\/\/www.procarton.com\/es\/","name":"Pro Carton","description":"","publisher":{"@id":"https:\/\/www.procarton.com\/es\/#organization"},"potentialAction":[{"@type":"SearchAction","target":{"@type":"EntryPoint","urlTemplate":"https:\/\/www.procarton.com\/es\/?s={search_term_string}"},"query-input":{"@type":"PropertyValueSpecification","valueRequired":true,"valueName":"search_term_string"}}],"inLanguage":"fr-FR"},{"@type":"Organization","@id":"https:\/\/www.procarton.com\/es\/#organization","name":"ProCarton","url":"https:\/\/www.procarton.com\/es\/","logo":{"@type":"ImageObject","inLanguage":"fr-FR","@id":"https:\/\/www.procarton.com\/es\/#\/schema\/logo\/image\/","url":"https:\/\/www.procarton.com\/wp-content\/uploads\/2022\/06\/logo-mit-slogan.jpg","contentUrl":"https:\/\/www.procarton.com\/wp-content\/uploads\/2022\/06\/logo-mit-slogan.jpg","width":422,"height":519,"caption":"ProCarton"},"image":{"@id":"https:\/\/www.procarton.com\/es\/#\/schema\/logo\/image\/"},"sameAs":["https:\/\/www.facebook.com\/procartondesignaward\/","https:\/\/x.com\/pro_carton"]},{"@type":"Person","@id":"https:\/\/www.procarton.com\/es\/#\/schema\/person\/872a075145d2c38578ff4eed7d481251","name":"esterling@admin","sameAs":["https:\/\/www.procarton.com"],"url":"https:\/\/www.procarton.com\/fr\/author\/esterlingadmin\/"}]}},"_links":{"self":[{"href":"https:\/\/www.procarton.com\/fr\/wp-json\/wp\/v2\/posts\/243563","targetHints":{"allow":["GET"]}}],"collection":[{"href":"https:\/\/www.procarton.com\/fr\/wp-json\/wp\/v2\/posts"}],"about":[{"href":"https:\/\/www.procarton.com\/fr\/wp-json\/wp\/v2\/types\/post"}],"author":[{"embeddable":true,"href":"https:\/\/www.procarton.com\/fr\/wp-json\/wp\/v2\/users\/1"}],"replies":[{"embeddable":true,"href":"https:\/\/www.procarton.com\/fr\/wp-json\/wp\/v2\/comments?post=243563"}],"version-history":[{"count":1,"href":"https:\/\/www.procarton.com\/fr\/wp-json\/wp\/v2\/posts\/243563\/revisions"}],"predecessor-version":[{"id":265733,"href":"https:\/\/www.procarton.com\/fr\/wp-json\/wp\/v2\/posts\/243563\/revisions\/265733"}],"wp:featuredmedia":[{"embeddable":true,"href":"https:\/\/www.procarton.com\/fr\/wp-json\/wp\/v2\/media\/243564"}],"wp:attachment":[{"href":"https:\/\/www.procarton.com\/fr\/wp-json\/wp\/v2\/media?parent=243563"}],"wp:term":[{"taxonomy":"category","embeddable":true,"href":"https:\/\/www.procarton.com\/fr\/wp-json\/wp\/v2\/categories?post=243563"},{"taxonomy":"post_tag","embeddable":true,"href":"https:\/\/www.procarton.com\/fr\/wp-json\/wp\/v2\/tags?post=243563"}],"curies":[{"name":"wp","href":"https:\/\/api.w.org\/{rel}","templated":true}]}}