{"id":243553,"date":"2020-12-16T00:00:00","date_gmt":"2020-12-16T00:00:00","guid":{"rendered":"https:\/\/www.procarton.com\/its-not-all-doom-and-gloom\/"},"modified":"2021-11-05T17:40:19","modified_gmt":"2021-11-05T17:40:19","slug":"its-not-all-doom-and-gloom","status":"publish","type":"post","link":"https:\/\/www.procarton.com\/fr\/its-not-all-doom-and-gloom\/","title":{"rendered":"Tout n'est pas si sombre !"},"content":{"rendered":"<p><strong>La plupart d'entre nous parlent des difficult\u00e9s que le Covid-19 a entra\u00een\u00e9es, mais il y a aussi beaucoup de points positifs, comme on dit au Royaume-Uni \"every cloud has a silver lining\". Dans l'industrie du carton en particulier, je pense que nous avons des raisons d'\u00eatre confiants et que, dans l'ensemble, nous sortirons de la pand\u00e9mie plus forts et avec de nouvelles et meilleures m\u00e9thodes de travail.<\/strong><\/p>\n<p>Examinons donc quelques-unes des retomb\u00e9es positives des neuf derniers mois, certaines s\u00e9rieuses et d'autres un peu plus joviales (c'est bient\u00f4t No\u00ebl !).<\/p>\n<p><strong>1) Une plus grande sensibilisation \u00e0 l'environnement<\/strong><br \/>\nOn craignait que l'aspect pratique \u00e0 court terme caus\u00e9 par la pand\u00e9mie ne l'emporte sur la n\u00e9cessit\u00e9 \u00e0 plus long terme d'agir de mani\u00e8re plus respectueuse de l'environnement. Bien s\u00fbr, il y a eu quelques augmentations ind\u00e9sirables mais in\u00e9vitables de v\u00eatements de protection non recyclables, mais dans l'ensemble, la pand\u00e9mie nous a rendu plus pr\u00e9occup\u00e9s par l'environnement plut\u00f4t que moins. Une enqu\u00eate men\u00e9e en novembre 2020 par Pro Carton, aupr\u00e8s de 10 500 Europ\u00e9ens, a r\u00e9v\u00e9l\u00e9 que le changement climatique \u00e9tait la principale pr\u00e9occupation des consommateurs apr\u00e8s le Covid-19 et que seulement 21% des personnes interrog\u00e9es ont d\u00e9clar\u00e9 \u00eatre moins pr\u00e9occup\u00e9es par l'environnement qu'avant le Covid-19, la moiti\u00e9 d'entre elles ayant d\u00e9clar\u00e9 \u00eatre PLUS pr\u00e9occup\u00e9es. Il est clair que l'environnement reste une priorit\u00e9 pour les gens et cela ne peut \u00eatre que b\u00e9n\u00e9fique pour les cartons et le carton.<\/p>\n<p><a href=\"https:\/\/www.procarton.com\/wp-content\/uploads\/2020\/12\/doom2.jpg\"><img decoding=\"async\" class=\"alignnone wp-image-107395\" style=\"width: 600px!important;\" src=\" https:\/\/www.procarton.com\/wp-content\/uploads\/2020\/12\/doom2-600.jpg\" alt=\"graphique de l&#039;environnement\" width=\"600\" \/><\/a><\/p>\n<p><strong>2) L'emballage est essentiel<\/strong><br \/>\nLa Commission europ\u00e9enne, et le public en g\u00e9n\u00e9ral, ont reconnu que l'emballage et les travailleurs du secteur \u00e9taient essentiels. L'emballage a eu, \u00e0 tort, mauvaise presse ces derni\u00e8res ann\u00e9es et il est r\u00e9confortant de voir tant de marques adopter des emballages renouvelables, recyclables et biod\u00e9gradables, comme le carton.<\/p>\n<p><strong>3) Relier toutes les g\u00e9n\u00e9rations<\/strong><br \/>\nLa technologie est adopt\u00e9e plus naturellement et plus rapidement par les jeunes. Mais aujourd'hui, les gens de tous \u00e2ges sont devenus plus comp\u00e9tents en informatique\/technologie et sont \u00e0 l'aise pour participer \u00e0 des vid\u00e9oconf\u00e9rences en ligne, qu'il s'agisse de Zoom, Microsoft teams, Go to Meeting, Skype, Webex ou m\u00eame House Party ! Apr\u00e8s tout, 60 ans est le nouveau 40 ans.<\/p>\n<p><strong>4) Plus efficace<\/strong><br \/>\nSi les r\u00e9unions en face \u00e0 face font un retour en force (je l'esp\u00e8re !), les vid\u00e9oconf\u00e9rences sont l\u00e0 pour rester. Les principaux avantages sont le temps et l'argent ; moins de d\u00e9placements et de co\u00fbts inutiles - que peut demander de plus un directeur financier (\u00e0 moins qu'il ne travaille dans le secteur a\u00e9rien) ?<\/p>\n<p><strong>5) Plus de coop\u00e9ration<\/strong><br \/>\nNous sommes tous dans le m\u00eame bateau. Jamais auparavant il n'y a eu une telle action collective mondiale et aussi un sens de la reconnaissance de ceux qui aident les autres. Peut-\u00eatre avons-nous retrouv\u00e9 un peu de compassion et de r\u00e9silience, m\u00eame si l'\u00e9go\u00efsme a encore \u00e9t\u00e9 clairement d\u00e9montr\u00e9 lorsque les acheteurs en panique se sont emball\u00e9s et ont vid\u00e9 les rayons de nos supermarch\u00e9s de papier toilette et d'autres produits essentiels.<\/p>\n<p><strong>6) Besoin de prendre soin de nous<\/strong><br \/>\nLes visites chez le m\u00e9decin \u00e9tant de plus en plus difficiles \u00e0 organiser et personne ne voulant aller \u00e0 l'h\u00f4pital, nous avons d\u00fb nous auto-diagnostiquer et nous avons peut-\u00eatre r\u00e9alis\u00e9 que notre sant\u00e9 est notre propre responsabilit\u00e9. De plus en plus de personnes profitent de l'ext\u00e9rieur, \u00e0 la fois pour faire de l'exercice et pour s'\u00e9vader de chez soi. Les ventes de v\u00e9los d'appartement et de sonnettes ont \u00e9galement explos\u00e9.<\/p>\n<p><strong>7) Plus de cuisine maison<\/strong><br \/>\nAvec la fermeture des restaurants, de plus en plus de personnes se sont remises \u00e0 cuisiner \u00e0 la maison. Et pas seulement pour r\u00e9chauffer un repas congel\u00e9 au micro-ondes, mais pour pr\u00e9parer des repas plus sains et de meilleure qualit\u00e9. Deux des articles qui se sont vendus en magasin au d\u00e9but de la fermeture sont la farine et la levure, ce qui sugg\u00e8re une augmentation consid\u00e9rable de la cuisson \u00e0 domicile. Beaucoup ont d\u00e9couvert qu'ils appr\u00e9cient l'exp\u00e9rience de la cuisine, m\u00eame si le meilleur moment est la reconnaissance de la famille lorsque quelque chose se passe bien. N'oubliez pas que nous aimons tous les compliments.<\/p>\n<p><strong>8) Am\u00e9lioration de l'hygi\u00e8ne<\/strong><br \/>\nL'importance de se laver les mains correctement (avec du savon !) et d'utiliser des d\u00e9sinfectants a \u00e9t\u00e9 soulign\u00e9e \u00e0 l'envi et le nombre de personnes qui le font a consid\u00e9rablement augment\u00e9.<br \/>\nCependant, il y a encore trop de porteurs de masques qui semblent penser que le fait de se couvrir la bouche (mais pas le nez) ou m\u00eame seulement le menton constitue une protection suffisante pour eux-m\u00eames et pour les personnes \u00e0 proximit\u00e9.<\/p>\n<p><strong>9) R\u00e9duction de la pollution<\/strong><br \/>\nAvec moins de voyages en avion et moins de voyages en voiture, l'air est beaucoup plus propre que pendant de nombreuses ann\u00e9es. Avez-vous remarqu\u00e9 que l'air a une odeur diff\u00e9rente et que vous pouvez entendre les oiseaux beaucoup plus clairement ? Esp\u00e9rons que ce n'est pas un avantage temporaire. L'essor des vid\u00e9oconf\u00e9rences et l'augmentation du nombre de voitures \u00e9lectriques y contribueront certainement.<\/p>\n<p><strong>10) Le P\u00e8re No\u00ebl est exempt\u00e9<\/strong><br \/>\nLa bonne nouvelle pour les enfants de tous \u00e2ges est qu'il a \u00e9t\u00e9 confirm\u00e9 que le P\u00e8re No\u00ebl est exempt\u00e9 de la quarantaine et des restrictions de voyage car il est un travailleur essentiel.<br \/>\nLe ministre irlandais des affaires \u00e9trang\u00e8res, <a href=\"https:\/\/www.youtube.com\/watch?v=zRXgGPGk9Ow\">Simon Coveney<\/a>a confirm\u00e9 au parlement le 26 novembre que :<br \/>\n\"Nous consid\u00e9rons les d\u00e9placements du P\u00e8re No\u00ebl comme des d\u00e9placements essentiels\", ce qui signifie que le P\u00e8re No\u00ebl serait exempt\u00e9 de l'obligation d'auto-quarantaine. \"Le P\u00e8re No\u00ebl pourra entrer dans notre espace a\u00e9rien, et m\u00eame ... dans les maisons\", a d\u00e9clar\u00e9 le ministre, \"sans avoir \u00e0 restreindre ses d\u00e9placements\".<\/p>\n<p>M. Coveney a toutefois demand\u00e9 que les enfants restent au lit, afin d'assurer une certaine distance sociale lorsque le P\u00e8re No\u00ebl distribuait leurs cadeaux. Les rennes du P\u00e8re No\u00ebl sont \u00e9galement en forme et en bonne sant\u00e9 car ils b\u00e9n\u00e9ficient d'une immunit\u00e9 collective !<\/p>\n<p><strong>Passez un excellent No\u00ebl et une nouvelle ann\u00e9e prosp\u00e8re.<\/strong><\/p>","protected":false},"excerpt":{"rendered":"<p>La plupart d'entre nous parlent des difficult\u00e9s que le Covid-19 a entra\u00een\u00e9es, mais il y a aussi beaucoup de points positifs, comme on dit au Royaume-Uni \"every cloud has a silver lining\". Dans l'industrie du carton en particulier, je pense que nous avons des raisons d'\u00eatre confiants et que, dans l'ensemble, nous sortirons de la pand\u00e9mie plus forts et avec de nouvelles et meilleures m\u00e9thodes de travail.<\/p>","protected":false},"author":1,"featured_media":243554,"comment_status":"open","ping_status":"open","sticky":false,"template":"","format":"standard","meta":{"inline_featured_image":false,"footnotes":""},"categories":[44],"tags":[45],"class_list":["post-243553","post","type-post","status-publish","format-standard","has-post-thumbnail","hentry","category-marketing-trends","tag-experts-it"],"yoast_head":"<!-- This site is optimized with the Yoast SEO plugin v27.4 - https:\/\/yoast.com\/product\/yoast-seo-wordpress\/ -->\n<title>It\u2019s not all doom and gloom! - Pro Carton<\/title>\n<meta name=\"robots\" content=\"index, follow, max-snippet:-1, max-image-preview:large, max-video-preview:-1\" \/>\n<link rel=\"canonical\" href=\"https:\/\/www.procarton.com\/fr\/its-not-all-doom-and-gloom\/\" \/>\n<meta property=\"og:locale\" content=\"fr_FR\" \/>\n<meta property=\"og:type\" content=\"article\" \/>\n<meta property=\"og:title\" content=\"It\u2019s not all doom and gloom! - Pro Carton\" \/>\n<meta property=\"og:description\" content=\"Most of us talk about the hardships that Covid-19 has brought but there have many positives, as we say in the UK \u201cevery cloud has a silver lining\u201d. In the carton industry in particular, I think we have reason to be confident that overall we will come out of the pandemic stronger and with new and better ways of working.\" \/>\n<meta property=\"og:url\" content=\"https:\/\/www.procarton.com\/fr\/its-not-all-doom-and-gloom\/\" \/>\n<meta property=\"og:site_name\" content=\"Pro Carton\" \/>\n<meta property=\"article:publisher\" content=\"https:\/\/www.facebook.com\/procartondesignaward\/\" \/>\n<meta property=\"article:published_time\" content=\"2020-12-16T00:00:00+00:00\" \/>\n<meta property=\"article:modified_time\" content=\"2021-11-05T17:40:19+00:00\" \/>\n<meta property=\"og:image\" content=\"https:\/\/www.procarton.com\/wp-content\/uploads\/2021\/02\/doom-600.jpg\" \/>\n\t<meta property=\"og:image:width\" content=\"600\" \/>\n\t<meta property=\"og:image:height\" content=\"400\" \/>\n\t<meta property=\"og:image:type\" content=\"image\/jpeg\" \/>\n<meta name=\"author\" content=\"esterling@admin\" \/>\n<meta name=\"twitter:card\" content=\"summary_large_image\" \/>\n<meta name=\"twitter:creator\" content=\"@pro_carton\" \/>\n<meta name=\"twitter:site\" content=\"@pro_carton\" \/>\n<meta name=\"twitter:label1\" content=\"\u00c9crit par\" \/>\n\t<meta name=\"twitter:data1\" content=\"esterling@admin\" \/>\n\t<meta name=\"twitter:label2\" content=\"Dur\u00e9e de lecture estim\u00e9e\" \/>\n\t<meta name=\"twitter:data2\" content=\"4 minutes\" \/>\n<script type=\"application\/ld+json\" class=\"yoast-schema-graph\">{\"@context\":\"https:\\\/\\\/schema.org\",\"@graph\":[{\"@type\":\"Article\",\"@id\":\"https:\\\/\\\/www.procarton.com\\\/es\\\/its-not-all-doom-and-gloom\\\/#article\",\"isPartOf\":{\"@id\":\"https:\\\/\\\/www.procarton.com\\\/es\\\/its-not-all-doom-and-gloom\\\/\"},\"author\":{\"name\":\"esterling@admin\",\"@id\":\"https:\\\/\\\/www.procarton.com\\\/es\\\/#\\\/schema\\\/person\\\/872a075145d2c38578ff4eed7d481251\"},\"headline\":\"It\u2019s not all doom and gloom!\",\"datePublished\":\"2020-12-16T00:00:00+00:00\",\"dateModified\":\"2021-11-05T17:40:19+00:00\",\"mainEntityOfPage\":{\"@id\":\"https:\\\/\\\/www.procarton.com\\\/es\\\/its-not-all-doom-and-gloom\\\/\"},\"wordCount\":839,\"commentCount\":0,\"publisher\":{\"@id\":\"https:\\\/\\\/www.procarton.com\\\/es\\\/#organization\"},\"image\":{\"@id\":\"https:\\\/\\\/www.procarton.com\\\/es\\\/its-not-all-doom-and-gloom\\\/#primaryimage\"},\"thumbnailUrl\":\"https:\\\/\\\/www.procarton.com\\\/wp-content\\\/uploads\\\/2021\\\/02\\\/doom-600.jpg\",\"keywords\":[\"Experts\"],\"articleSection\":[\"Marketing Trends\"],\"inLanguage\":\"fr-FR\",\"potentialAction\":[{\"@type\":\"CommentAction\",\"name\":\"Comment\",\"target\":[\"https:\\\/\\\/www.procarton.com\\\/es\\\/its-not-all-doom-and-gloom\\\/#respond\"]}]},{\"@type\":\"WebPage\",\"@id\":\"https:\\\/\\\/www.procarton.com\\\/es\\\/its-not-all-doom-and-gloom\\\/\",\"url\":\"https:\\\/\\\/www.procarton.com\\\/es\\\/its-not-all-doom-and-gloom\\\/\",\"name\":\"It\u2019s not all doom and gloom! - Pro Carton\",\"isPartOf\":{\"@id\":\"https:\\\/\\\/www.procarton.com\\\/es\\\/#website\"},\"primaryImageOfPage\":{\"@id\":\"https:\\\/\\\/www.procarton.com\\\/es\\\/its-not-all-doom-and-gloom\\\/#primaryimage\"},\"image\":{\"@id\":\"https:\\\/\\\/www.procarton.com\\\/es\\\/its-not-all-doom-and-gloom\\\/#primaryimage\"},\"thumbnailUrl\":\"https:\\\/\\\/www.procarton.com\\\/wp-content\\\/uploads\\\/2021\\\/02\\\/doom-600.jpg\",\"datePublished\":\"2020-12-16T00:00:00+00:00\",\"dateModified\":\"2021-11-05T17:40:19+00:00\",\"breadcrumb\":{\"@id\":\"https:\\\/\\\/www.procarton.com\\\/es\\\/its-not-all-doom-and-gloom\\\/#breadcrumb\"},\"inLanguage\":\"fr-FR\",\"potentialAction\":[{\"@type\":\"ReadAction\",\"target\":[\"https:\\\/\\\/www.procarton.com\\\/es\\\/its-not-all-doom-and-gloom\\\/\"]}]},{\"@type\":\"ImageObject\",\"inLanguage\":\"fr-FR\",\"@id\":\"https:\\\/\\\/www.procarton.com\\\/es\\\/its-not-all-doom-and-gloom\\\/#primaryimage\",\"url\":\"https:\\\/\\\/www.procarton.com\\\/wp-content\\\/uploads\\\/2021\\\/02\\\/doom-600.jpg\",\"contentUrl\":\"https:\\\/\\\/www.procarton.com\\\/wp-content\\\/uploads\\\/2021\\\/02\\\/doom-600.jpg\",\"width\":600,\"height\":400},{\"@type\":\"BreadcrumbList\",\"@id\":\"https:\\\/\\\/www.procarton.com\\\/es\\\/its-not-all-doom-and-gloom\\\/#breadcrumb\",\"itemListElement\":[{\"@type\":\"ListItem\",\"position\":1,\"name\":\"Home\",\"item\":\"https:\\\/\\\/www.procarton.com\\\/\"},{\"@type\":\"ListItem\",\"position\":2,\"name\":\"It\u2019s not all doom and gloom!\"}]},{\"@type\":\"WebSite\",\"@id\":\"https:\\\/\\\/www.procarton.com\\\/es\\\/#website\",\"url\":\"https:\\\/\\\/www.procarton.com\\\/es\\\/\",\"name\":\"Pro Carton\",\"description\":\"\",\"publisher\":{\"@id\":\"https:\\\/\\\/www.procarton.com\\\/es\\\/#organization\"},\"potentialAction\":[{\"@type\":\"SearchAction\",\"target\":{\"@type\":\"EntryPoint\",\"urlTemplate\":\"https:\\\/\\\/www.procarton.com\\\/es\\\/?s={search_term_string}\"},\"query-input\":{\"@type\":\"PropertyValueSpecification\",\"valueRequired\":true,\"valueName\":\"search_term_string\"}}],\"inLanguage\":\"fr-FR\"},{\"@type\":\"Organization\",\"@id\":\"https:\\\/\\\/www.procarton.com\\\/es\\\/#organization\",\"name\":\"ProCarton\",\"url\":\"https:\\\/\\\/www.procarton.com\\\/es\\\/\",\"logo\":{\"@type\":\"ImageObject\",\"inLanguage\":\"fr-FR\",\"@id\":\"https:\\\/\\\/www.procarton.com\\\/es\\\/#\\\/schema\\\/logo\\\/image\\\/\",\"url\":\"https:\\\/\\\/www.procarton.com\\\/wp-content\\\/uploads\\\/2022\\\/06\\\/logo-mit-slogan.jpg\",\"contentUrl\":\"https:\\\/\\\/www.procarton.com\\\/wp-content\\\/uploads\\\/2022\\\/06\\\/logo-mit-slogan.jpg\",\"width\":422,\"height\":519,\"caption\":\"ProCarton\"},\"image\":{\"@id\":\"https:\\\/\\\/www.procarton.com\\\/es\\\/#\\\/schema\\\/logo\\\/image\\\/\"},\"sameAs\":[\"https:\\\/\\\/www.facebook.com\\\/procartondesignaward\\\/\",\"https:\\\/\\\/x.com\\\/pro_carton\"]},{\"@type\":\"Person\",\"@id\":\"https:\\\/\\\/www.procarton.com\\\/es\\\/#\\\/schema\\\/person\\\/872a075145d2c38578ff4eed7d481251\",\"name\":\"esterling@admin\",\"sameAs\":[\"https:\\\/\\\/www.procarton.com\"],\"url\":\"https:\\\/\\\/www.procarton.com\\\/fr\\\/author\\\/esterlingadmin\\\/\"}]}<\/script>\n<!-- \/ Yoast SEO plugin. -->","yoast_head_json":{"title":"Il n'y a pas que du mauvais temps ! - Pro Carton","robots":{"index":"index","follow":"follow","max-snippet":"max-snippet:-1","max-image-preview":"max-image-preview:large","max-video-preview":"max-video-preview:-1"},"canonical":"https:\/\/www.procarton.com\/fr\/its-not-all-doom-and-gloom\/","og_locale":"fr_FR","og_type":"article","og_title":"It\u2019s not all doom and gloom! - Pro Carton","og_description":"Most of us talk about the hardships that Covid-19 has brought but there have many positives, as we say in the UK \u201cevery cloud has a silver lining\u201d. In the carton industry in particular, I think we have reason to be confident that overall we will come out of the pandemic stronger and with new and better ways of working.","og_url":"https:\/\/www.procarton.com\/fr\/its-not-all-doom-and-gloom\/","og_site_name":"Pro Carton","article_publisher":"https:\/\/www.facebook.com\/procartondesignaward\/","article_published_time":"2020-12-16T00:00:00+00:00","article_modified_time":"2021-11-05T17:40:19+00:00","og_image":[{"width":600,"height":400,"url":"https:\/\/www.procarton.com\/wp-content\/uploads\/2021\/02\/doom-600.jpg","type":"image\/jpeg"}],"author":"esterling@admin","twitter_card":"summary_large_image","twitter_creator":"@pro_carton","twitter_site":"@pro_carton","twitter_misc":{"\u00c9crit par":"esterling@admin","Dur\u00e9e de lecture estim\u00e9e":"4 minutes"},"schema":{"@context":"https:\/\/schema.org","@graph":[{"@type":"Article","@id":"https:\/\/www.procarton.com\/es\/its-not-all-doom-and-gloom\/#article","isPartOf":{"@id":"https:\/\/www.procarton.com\/es\/its-not-all-doom-and-gloom\/"},"author":{"name":"esterling@admin","@id":"https:\/\/www.procarton.com\/es\/#\/schema\/person\/872a075145d2c38578ff4eed7d481251"},"headline":"It\u2019s not all doom and gloom!","datePublished":"2020-12-16T00:00:00+00:00","dateModified":"2021-11-05T17:40:19+00:00","mainEntityOfPage":{"@id":"https:\/\/www.procarton.com\/es\/its-not-all-doom-and-gloom\/"},"wordCount":839,"commentCount":0,"publisher":{"@id":"https:\/\/www.procarton.com\/es\/#organization"},"image":{"@id":"https:\/\/www.procarton.com\/es\/its-not-all-doom-and-gloom\/#primaryimage"},"thumbnailUrl":"https:\/\/www.procarton.com\/wp-content\/uploads\/2021\/02\/doom-600.jpg","keywords":["Experts"],"articleSection":["Marketing Trends"],"inLanguage":"fr-FR","potentialAction":[{"@type":"CommentAction","name":"Comment","target":["https:\/\/www.procarton.com\/es\/its-not-all-doom-and-gloom\/#respond"]}]},{"@type":"WebPage","@id":"https:\/\/www.procarton.com\/es\/its-not-all-doom-and-gloom\/","url":"https:\/\/www.procarton.com\/es\/its-not-all-doom-and-gloom\/","name":"Il n'y a pas que du mauvais temps ! - Pro Carton","isPartOf":{"@id":"https:\/\/www.procarton.com\/es\/#website"},"primaryImageOfPage":{"@id":"https:\/\/www.procarton.com\/es\/its-not-all-doom-and-gloom\/#primaryimage"},"image":{"@id":"https:\/\/www.procarton.com\/es\/its-not-all-doom-and-gloom\/#primaryimage"},"thumbnailUrl":"https:\/\/www.procarton.com\/wp-content\/uploads\/2021\/02\/doom-600.jpg","datePublished":"2020-12-16T00:00:00+00:00","dateModified":"2021-11-05T17:40:19+00:00","breadcrumb":{"@id":"https:\/\/www.procarton.com\/es\/its-not-all-doom-and-gloom\/#breadcrumb"},"inLanguage":"fr-FR","potentialAction":[{"@type":"ReadAction","target":["https:\/\/www.procarton.com\/es\/its-not-all-doom-and-gloom\/"]}]},{"@type":"ImageObject","inLanguage":"fr-FR","@id":"https:\/\/www.procarton.com\/es\/its-not-all-doom-and-gloom\/#primaryimage","url":"https:\/\/www.procarton.com\/wp-content\/uploads\/2021\/02\/doom-600.jpg","contentUrl":"https:\/\/www.procarton.com\/wp-content\/uploads\/2021\/02\/doom-600.jpg","width":600,"height":400},{"@type":"BreadcrumbList","@id":"https:\/\/www.procarton.com\/es\/its-not-all-doom-and-gloom\/#breadcrumb","itemListElement":[{"@type":"ListItem","position":1,"name":"Home","item":"https:\/\/www.procarton.com\/"},{"@type":"ListItem","position":2,"name":"It\u2019s not all doom and gloom!"}]},{"@type":"WebSite","@id":"https:\/\/www.procarton.com\/es\/#website","url":"https:\/\/www.procarton.com\/es\/","name":"Pro Carton","description":"","publisher":{"@id":"https:\/\/www.procarton.com\/es\/#organization"},"potentialAction":[{"@type":"SearchAction","target":{"@type":"EntryPoint","urlTemplate":"https:\/\/www.procarton.com\/es\/?s={search_term_string}"},"query-input":{"@type":"PropertyValueSpecification","valueRequired":true,"valueName":"search_term_string"}}],"inLanguage":"fr-FR"},{"@type":"Organization","@id":"https:\/\/www.procarton.com\/es\/#organization","name":"ProCarton","url":"https:\/\/www.procarton.com\/es\/","logo":{"@type":"ImageObject","inLanguage":"fr-FR","@id":"https:\/\/www.procarton.com\/es\/#\/schema\/logo\/image\/","url":"https:\/\/www.procarton.com\/wp-content\/uploads\/2022\/06\/logo-mit-slogan.jpg","contentUrl":"https:\/\/www.procarton.com\/wp-content\/uploads\/2022\/06\/logo-mit-slogan.jpg","width":422,"height":519,"caption":"ProCarton"},"image":{"@id":"https:\/\/www.procarton.com\/es\/#\/schema\/logo\/image\/"},"sameAs":["https:\/\/www.facebook.com\/procartondesignaward\/","https:\/\/x.com\/pro_carton"]},{"@type":"Person","@id":"https:\/\/www.procarton.com\/es\/#\/schema\/person\/872a075145d2c38578ff4eed7d481251","name":"esterling@admin","sameAs":["https:\/\/www.procarton.com"],"url":"https:\/\/www.procarton.com\/fr\/author\/esterlingadmin\/"}]}},"_links":{"self":[{"href":"https:\/\/www.procarton.com\/fr\/wp-json\/wp\/v2\/posts\/243553","targetHints":{"allow":["GET"]}}],"collection":[{"href":"https:\/\/www.procarton.com\/fr\/wp-json\/wp\/v2\/posts"}],"about":[{"href":"https:\/\/www.procarton.com\/fr\/wp-json\/wp\/v2\/types\/post"}],"author":[{"embeddable":true,"href":"https:\/\/www.procarton.com\/fr\/wp-json\/wp\/v2\/users\/1"}],"replies":[{"embeddable":true,"href":"https:\/\/www.procarton.com\/fr\/wp-json\/wp\/v2\/comments?post=243553"}],"version-history":[{"count":2,"href":"https:\/\/www.procarton.com\/fr\/wp-json\/wp\/v2\/posts\/243553\/revisions"}],"predecessor-version":[{"id":265753,"href":"https:\/\/www.procarton.com\/fr\/wp-json\/wp\/v2\/posts\/243553\/revisions\/265753"}],"wp:featuredmedia":[{"embeddable":true,"href":"https:\/\/www.procarton.com\/fr\/wp-json\/wp\/v2\/media\/243554"}],"wp:attachment":[{"href":"https:\/\/www.procarton.com\/fr\/wp-json\/wp\/v2\/media?parent=243553"}],"wp:term":[{"taxonomy":"category","embeddable":true,"href":"https:\/\/www.procarton.com\/fr\/wp-json\/wp\/v2\/categories?post=243553"},{"taxonomy":"post_tag","embeddable":true,"href":"https:\/\/www.procarton.com\/fr\/wp-json\/wp\/v2\/tags?post=243553"}],"curies":[{"name":"wp","href":"https:\/\/api.w.org\/{rel}","templated":true}]}}