{"id":242870,"date":"2020-03-12T00:00:00","date_gmt":"2020-03-12T00:00:00","guid":{"rendered":"https:\/\/www.procarton.com\/european-carton-excellence-awards-your-chance-to-win\/"},"modified":"2021-11-05T17:45:29","modified_gmt":"2021-11-05T17:45:29","slug":"european-carton-excellence-awards-your-chance-to-win","status":"publish","type":"post","link":"https:\/\/www.procarton.com\/fr\/european-carton-excellence-awards-your-chance-to-win\/","title":{"rendered":"European Carton Excellence Awards : Votre chance de gagner !"},"content":{"rendered":"<p><strong>L'European Carton Excellence Award est la plus grande vitrine d'Europe pour les emballages en carton exceptionnels et une grande opportunit\u00e9 de marketing et de communication pour l'industrie. Tous les partenaires de la cha\u00eene d'approvisionnement sont invit\u00e9s \u00e0 participer. La date limite de participation est le 21<sup>st<\/sup> Mai 2020. Voyez ici ce que les gagnants de l'ann\u00e9e derni\u00e8re avaient \u00e0 dire !<\/strong><\/p>\n<p><em>Ferit Dansik de PrintPark, laur\u00e9at Carton of the Year 2019 : \" Gagner sp\u00e9cialement le prix du Carton of the Year nous a donn\u00e9 un nouveau go\u00fbt et une grande excitation. Gagner est contagieux, une fois que vous \u00eates un gagnant, vous aimez toujours gagner encore et encore. C'est pourquoi notre \u00e9quipe aime am\u00e9liorer ses comp\u00e9tences et essayer de v\u00e9rifier de plus en plus de nouvelles possibilit\u00e9s, ce qui permet de faire beaucoup de recherche et de d\u00e9veloppement. Et les clients investissent davantage dans de beaux cartons\".<\/em><\/p>\n<p>L'European Carton Excellence Award reconna\u00eet et c\u00e9l\u00e8bre les id\u00e9es de carton les plus belles, les plus fonctionnelles, les plus cr\u00e9atives et les plus r\u00e9ussies. Le carton est l'exemple parfait de l'\u00e9conomie circulaire, \u00e9tant renouvelable, recyclable et biod\u00e9gradable. C'est aussi l'un des meilleurs moyens de communiquer les valeurs de la marque, qu'il s'agisse de marques de luxe ou de produits de consommation courante.<\/p>\n<p><em>Klaus Hockl de Cardbox Packaging (laur\u00e9at du prix de l'innovation) : \"Le fait de remporter le prix European Carton Excellence Award a \u00e9t\u00e9 un immense honneur pour Cardbox Packaging. D'une part, parce que l'innovation et les d\u00e9veloppements intelligents constituent une part importante de notre travail quotidien, d'autre part, parce que nous avons pu b\u00e9n\u00e9ficier d'un haut niveau d'attention, d'autant plus que nous sommes une entreprise de taille moyenne et que nous avons donc re\u00e7u un soutien id\u00e9al pour notre image sur le march\u00e9.\" <\/em><\/p>\n<p>Des prix sp\u00e9ciaux seront \u00e9galement d\u00e9cern\u00e9s \u00e0 l'emballage qui aura le mieux d\u00e9montr\u00e9 sa capacit\u00e9 \u00e0 r\u00e9duire l'utilisation de mat\u00e9riaux non durables - le Award \"Save the Planet\" - et \u00e0 l'emballage ou au nouveau mat\u00e9riau le plus innovant - le Award \"Innovation\". Comme l'ann\u00e9e derni\u00e8re, le consommateur peut voter pour son favori afin de s\u00e9lectionner le gagnant du Public Award. Le prix le plus prestigieux, \"Carton of the Year\", sera simplement d\u00e9cern\u00e9 au meilleur des meilleurs, quelle que soit la cat\u00e9gorie de produit ou de support.<\/p>\n<p><em>Josep M. Berga d'Alzamora (gagnant de l'Innovation Award) : \"L'European Carton Excellence Award a \u00e9t\u00e9 tr\u00e8s important pour notre entreprise, en termes de reconnaissance du travail bien fait. Il nous permet d'am\u00e9liorer et de renforcer notre marque, notre identit\u00e9 visuelle, notre image et notre r\u00e9putation, ainsi que de recevoir une attention \u00e0 fort impact de la part des m\u00e9dias nationaux et internationaux.\"<\/em><\/p>\n<p>Vous pouvez participer dans l'une de ces quatre cat\u00e9gories :<\/p>\n<ul>\n<li>Emballage pour produits alimentaires et boissons, Fibre recycl\u00e9e<\/li>\n<li>Emballage des aliments et boissons, Fibre vierge<\/li>\n<li>Emballage g\u00e9n\u00e9ral, Fibre recycl\u00e9e<\/li>\n<li>Emballage g\u00e9n\u00e9ral, Fibre vierge<\/li>\n<\/ul>\n<p>La c\u00e9r\u00e9monie de gala Award aura lieu cette ann\u00e9e dans la ville pittoresque de Cracovie (Pologne) lors du congr\u00e8s de l'ECMA, le 17 septembre 2020. Les gagnants font l'objet d'une vaste promotion sur tous les canaux de communication, alors participez et nous dirons \u00e0 tout le monde \u00e0 quel point votre entreprise est bonne !<\/p>\n<p><em>Pour de plus amples informations, veuillez nous contacter \u00e0 tout moment :<\/em><\/p>\n<p><em><a href=\"mailto:info@procarton.com\">info@procarton.com<\/a> - <a href=\"mailto:mail@ecma.org\">mail@ecma.org<\/a><br \/>\n<\/em><em><a href=\"https:\/\/www.procarton.com\/\">www.procarton.com<\/a> - <a href=\"https:\/\/www.ecma.org\/\">www.ecma.org<\/a><\/em><\/p>","protected":false},"excerpt":{"rendered":"<p>Le salon European Carton Excellence Award est la plus grande vitrine d'Europe pour les emballages en carton exceptionnels. Tous les partenaires de la cha\u00eene d'approvisionnement sont invit\u00e9s \u00e0 participer. La date limite de participation est le 21 mai 2020. Voyez ici ce que les gagnants de l'ann\u00e9e derni\u00e8re avaient \u00e0 dire !<\/p>","protected":false},"author":1,"featured_media":242871,"comment_status":"open","ping_status":"open","sticky":false,"template":"","format":"standard","meta":{"inline_featured_image":false,"footnotes":""},"categories":[42],"tags":[37],"class_list":["post-242870","post","type-post","status-publish","format-standard","has-post-thumbnail","hentry","category-awards","tag-events-fr"],"yoast_head":"<!-- This site is optimized with the Yoast SEO plugin v27.4 - https:\/\/yoast.com\/product\/yoast-seo-wordpress\/ -->\n<title>European Carton Excellence Awards: Your Chance to Win! - Pro Carton<\/title>\n<meta name=\"robots\" content=\"index, follow, max-snippet:-1, max-image-preview:large, max-video-preview:-1\" \/>\n<link rel=\"canonical\" href=\"https:\/\/www.procarton.com\/fr\/european-carton-excellence-awards-your-chance-to-win\/\" \/>\n<meta property=\"og:locale\" content=\"fr_FR\" \/>\n<meta property=\"og:type\" content=\"article\" \/>\n<meta property=\"og:title\" content=\"European Carton Excellence Awards: Your Chance to Win! - Pro Carton\" \/>\n<meta property=\"og:description\" content=\"The European Carton Excellence Award is Europe\u2019s greatest showcase for outstanding cartonboard packaging. All partners of the supply chain are welcome to enter. Final date for entry is the 21st May 2020. See here what last year\u2019s winners had to say!\" \/>\n<meta property=\"og:url\" content=\"https:\/\/www.procarton.com\/fr\/european-carton-excellence-awards-your-chance-to-win\/\" \/>\n<meta property=\"og:site_name\" content=\"Pro Carton\" \/>\n<meta property=\"article:publisher\" content=\"https:\/\/www.facebook.com\/procartondesignaward\/\" \/>\n<meta property=\"article:published_time\" content=\"2020-03-12T00:00:00+00:00\" \/>\n<meta property=\"article:modified_time\" content=\"2021-11-05T17:45:29+00:00\" \/>\n<meta property=\"og:image\" content=\"https:\/\/www.procarton.com\/wp-content\/uploads\/2021\/02\/European-Carton-Excellence-Award_TM_2020-600.jpg\" \/>\n\t<meta property=\"og:image:width\" content=\"600\" \/>\n\t<meta property=\"og:image:height\" content=\"400\" \/>\n\t<meta property=\"og:image:type\" content=\"image\/jpeg\" \/>\n<meta name=\"author\" content=\"esterling@admin\" \/>\n<meta name=\"twitter:card\" content=\"summary_large_image\" \/>\n<meta name=\"twitter:creator\" content=\"@pro_carton\" \/>\n<meta name=\"twitter:site\" content=\"@pro_carton\" \/>\n<meta name=\"twitter:label1\" content=\"\u00c9crit par\" \/>\n\t<meta name=\"twitter:data1\" content=\"esterling@admin\" \/>\n\t<meta name=\"twitter:label2\" content=\"Dur\u00e9e de lecture estim\u00e9e\" \/>\n\t<meta name=\"twitter:data2\" content=\"2 minutes\" \/>\n<script type=\"application\/ld+json\" class=\"yoast-schema-graph\">{\"@context\":\"https:\\\/\\\/schema.org\",\"@graph\":[{\"@type\":\"Article\",\"@id\":\"https:\\\/\\\/www.procarton.com\\\/es\\\/european-carton-excellence-awards-your-chance-to-win\\\/#article\",\"isPartOf\":{\"@id\":\"https:\\\/\\\/www.procarton.com\\\/es\\\/european-carton-excellence-awards-your-chance-to-win\\\/\"},\"author\":{\"name\":\"esterling@admin\",\"@id\":\"https:\\\/\\\/www.procarton.com\\\/es\\\/#\\\/schema\\\/person\\\/872a075145d2c38578ff4eed7d481251\"},\"headline\":\"European Carton Excellence Awards: Your Chance to Win!\",\"datePublished\":\"2020-03-12T00:00:00+00:00\",\"dateModified\":\"2021-11-05T17:45:29+00:00\",\"mainEntityOfPage\":{\"@id\":\"https:\\\/\\\/www.procarton.com\\\/es\\\/european-carton-excellence-awards-your-chance-to-win\\\/\"},\"wordCount\":485,\"commentCount\":0,\"publisher\":{\"@id\":\"https:\\\/\\\/www.procarton.com\\\/es\\\/#organization\"},\"image\":{\"@id\":\"https:\\\/\\\/www.procarton.com\\\/es\\\/european-carton-excellence-awards-your-chance-to-win\\\/#primaryimage\"},\"thumbnailUrl\":\"https:\\\/\\\/www.procarton.com\\\/wp-content\\\/uploads\\\/2021\\\/02\\\/European-Carton-Excellence-Award_TM_2020-600.jpg\",\"keywords\":[\"Events\"],\"articleSection\":[\"Awards\"],\"inLanguage\":\"fr-FR\",\"potentialAction\":[{\"@type\":\"CommentAction\",\"name\":\"Comment\",\"target\":[\"https:\\\/\\\/www.procarton.com\\\/es\\\/european-carton-excellence-awards-your-chance-to-win\\\/#respond\"]}]},{\"@type\":\"WebPage\",\"@id\":\"https:\\\/\\\/www.procarton.com\\\/es\\\/european-carton-excellence-awards-your-chance-to-win\\\/\",\"url\":\"https:\\\/\\\/www.procarton.com\\\/es\\\/european-carton-excellence-awards-your-chance-to-win\\\/\",\"name\":\"European Carton Excellence Awards: Your Chance to Win! - Pro Carton\",\"isPartOf\":{\"@id\":\"https:\\\/\\\/www.procarton.com\\\/es\\\/#website\"},\"primaryImageOfPage\":{\"@id\":\"https:\\\/\\\/www.procarton.com\\\/es\\\/european-carton-excellence-awards-your-chance-to-win\\\/#primaryimage\"},\"image\":{\"@id\":\"https:\\\/\\\/www.procarton.com\\\/es\\\/european-carton-excellence-awards-your-chance-to-win\\\/#primaryimage\"},\"thumbnailUrl\":\"https:\\\/\\\/www.procarton.com\\\/wp-content\\\/uploads\\\/2021\\\/02\\\/European-Carton-Excellence-Award_TM_2020-600.jpg\",\"datePublished\":\"2020-03-12T00:00:00+00:00\",\"dateModified\":\"2021-11-05T17:45:29+00:00\",\"breadcrumb\":{\"@id\":\"https:\\\/\\\/www.procarton.com\\\/es\\\/european-carton-excellence-awards-your-chance-to-win\\\/#breadcrumb\"},\"inLanguage\":\"fr-FR\",\"potentialAction\":[{\"@type\":\"ReadAction\",\"target\":[\"https:\\\/\\\/www.procarton.com\\\/es\\\/european-carton-excellence-awards-your-chance-to-win\\\/\"]}]},{\"@type\":\"ImageObject\",\"inLanguage\":\"fr-FR\",\"@id\":\"https:\\\/\\\/www.procarton.com\\\/es\\\/european-carton-excellence-awards-your-chance-to-win\\\/#primaryimage\",\"url\":\"https:\\\/\\\/www.procarton.com\\\/wp-content\\\/uploads\\\/2021\\\/02\\\/European-Carton-Excellence-Award_TM_2020-600.jpg\",\"contentUrl\":\"https:\\\/\\\/www.procarton.com\\\/wp-content\\\/uploads\\\/2021\\\/02\\\/European-Carton-Excellence-Award_TM_2020-600.jpg\",\"width\":600,\"height\":400},{\"@type\":\"BreadcrumbList\",\"@id\":\"https:\\\/\\\/www.procarton.com\\\/es\\\/european-carton-excellence-awards-your-chance-to-win\\\/#breadcrumb\",\"itemListElement\":[{\"@type\":\"ListItem\",\"position\":1,\"name\":\"Home\",\"item\":\"https:\\\/\\\/www.procarton.com\\\/\"},{\"@type\":\"ListItem\",\"position\":2,\"name\":\"European Carton Excellence Awards: Your Chance to Win!\"}]},{\"@type\":\"WebSite\",\"@id\":\"https:\\\/\\\/www.procarton.com\\\/es\\\/#website\",\"url\":\"https:\\\/\\\/www.procarton.com\\\/es\\\/\",\"name\":\"Pro Carton\",\"description\":\"\",\"publisher\":{\"@id\":\"https:\\\/\\\/www.procarton.com\\\/es\\\/#organization\"},\"potentialAction\":[{\"@type\":\"SearchAction\",\"target\":{\"@type\":\"EntryPoint\",\"urlTemplate\":\"https:\\\/\\\/www.procarton.com\\\/es\\\/?s={search_term_string}\"},\"query-input\":{\"@type\":\"PropertyValueSpecification\",\"valueRequired\":true,\"valueName\":\"search_term_string\"}}],\"inLanguage\":\"fr-FR\"},{\"@type\":\"Organization\",\"@id\":\"https:\\\/\\\/www.procarton.com\\\/es\\\/#organization\",\"name\":\"ProCarton\",\"url\":\"https:\\\/\\\/www.procarton.com\\\/es\\\/\",\"logo\":{\"@type\":\"ImageObject\",\"inLanguage\":\"fr-FR\",\"@id\":\"https:\\\/\\\/www.procarton.com\\\/es\\\/#\\\/schema\\\/logo\\\/image\\\/\",\"url\":\"https:\\\/\\\/www.procarton.com\\\/wp-content\\\/uploads\\\/2022\\\/06\\\/logo-mit-slogan.jpg\",\"contentUrl\":\"https:\\\/\\\/www.procarton.com\\\/wp-content\\\/uploads\\\/2022\\\/06\\\/logo-mit-slogan.jpg\",\"width\":422,\"height\":519,\"caption\":\"ProCarton\"},\"image\":{\"@id\":\"https:\\\/\\\/www.procarton.com\\\/es\\\/#\\\/schema\\\/logo\\\/image\\\/\"},\"sameAs\":[\"https:\\\/\\\/www.facebook.com\\\/procartondesignaward\\\/\",\"https:\\\/\\\/x.com\\\/pro_carton\"]},{\"@type\":\"Person\",\"@id\":\"https:\\\/\\\/www.procarton.com\\\/es\\\/#\\\/schema\\\/person\\\/872a075145d2c38578ff4eed7d481251\",\"name\":\"esterling@admin\",\"sameAs\":[\"https:\\\/\\\/www.procarton.com\"],\"url\":\"https:\\\/\\\/www.procarton.com\\\/fr\\\/author\\\/esterlingadmin\\\/\"}]}<\/script>\n<!-- \/ Yoast SEO plugin. -->","yoast_head_json":{"title":"European Carton Excellence Awards : Votre chance de gagner ! - Carton Pro","robots":{"index":"index","follow":"follow","max-snippet":"max-snippet:-1","max-image-preview":"max-image-preview:large","max-video-preview":"max-video-preview:-1"},"canonical":"https:\/\/www.procarton.com\/fr\/european-carton-excellence-awards-your-chance-to-win\/","og_locale":"fr_FR","og_type":"article","og_title":"European Carton Excellence Awards: Your Chance to Win! - Pro Carton","og_description":"The European Carton Excellence Award is Europe\u2019s greatest showcase for outstanding cartonboard packaging. All partners of the supply chain are welcome to enter. Final date for entry is the 21st May 2020. See here what last year\u2019s winners had to say!","og_url":"https:\/\/www.procarton.com\/fr\/european-carton-excellence-awards-your-chance-to-win\/","og_site_name":"Pro Carton","article_publisher":"https:\/\/www.facebook.com\/procartondesignaward\/","article_published_time":"2020-03-12T00:00:00+00:00","article_modified_time":"2021-11-05T17:45:29+00:00","og_image":[{"width":600,"height":400,"url":"https:\/\/www.procarton.com\/wp-content\/uploads\/2021\/02\/European-Carton-Excellence-Award_TM_2020-600.jpg","type":"image\/jpeg"}],"author":"esterling@admin","twitter_card":"summary_large_image","twitter_creator":"@pro_carton","twitter_site":"@pro_carton","twitter_misc":{"\u00c9crit par":"esterling@admin","Dur\u00e9e de lecture estim\u00e9e":"2 minutes"},"schema":{"@context":"https:\/\/schema.org","@graph":[{"@type":"Article","@id":"https:\/\/www.procarton.com\/es\/european-carton-excellence-awards-your-chance-to-win\/#article","isPartOf":{"@id":"https:\/\/www.procarton.com\/es\/european-carton-excellence-awards-your-chance-to-win\/"},"author":{"name":"esterling@admin","@id":"https:\/\/www.procarton.com\/es\/#\/schema\/person\/872a075145d2c38578ff4eed7d481251"},"headline":"European Carton Excellence Awards: Your Chance to Win!","datePublished":"2020-03-12T00:00:00+00:00","dateModified":"2021-11-05T17:45:29+00:00","mainEntityOfPage":{"@id":"https:\/\/www.procarton.com\/es\/european-carton-excellence-awards-your-chance-to-win\/"},"wordCount":485,"commentCount":0,"publisher":{"@id":"https:\/\/www.procarton.com\/es\/#organization"},"image":{"@id":"https:\/\/www.procarton.com\/es\/european-carton-excellence-awards-your-chance-to-win\/#primaryimage"},"thumbnailUrl":"https:\/\/www.procarton.com\/wp-content\/uploads\/2021\/02\/European-Carton-Excellence-Award_TM_2020-600.jpg","keywords":["Events"],"articleSection":["Awards"],"inLanguage":"fr-FR","potentialAction":[{"@type":"CommentAction","name":"Comment","target":["https:\/\/www.procarton.com\/es\/european-carton-excellence-awards-your-chance-to-win\/#respond"]}]},{"@type":"WebPage","@id":"https:\/\/www.procarton.com\/es\/european-carton-excellence-awards-your-chance-to-win\/","url":"https:\/\/www.procarton.com\/es\/european-carton-excellence-awards-your-chance-to-win\/","name":"European Carton Excellence Awards : Votre chance de gagner ! - Carton Pro","isPartOf":{"@id":"https:\/\/www.procarton.com\/es\/#website"},"primaryImageOfPage":{"@id":"https:\/\/www.procarton.com\/es\/european-carton-excellence-awards-your-chance-to-win\/#primaryimage"},"image":{"@id":"https:\/\/www.procarton.com\/es\/european-carton-excellence-awards-your-chance-to-win\/#primaryimage"},"thumbnailUrl":"https:\/\/www.procarton.com\/wp-content\/uploads\/2021\/02\/European-Carton-Excellence-Award_TM_2020-600.jpg","datePublished":"2020-03-12T00:00:00+00:00","dateModified":"2021-11-05T17:45:29+00:00","breadcrumb":{"@id":"https:\/\/www.procarton.com\/es\/european-carton-excellence-awards-your-chance-to-win\/#breadcrumb"},"inLanguage":"fr-FR","potentialAction":[{"@type":"ReadAction","target":["https:\/\/www.procarton.com\/es\/european-carton-excellence-awards-your-chance-to-win\/"]}]},{"@type":"ImageObject","inLanguage":"fr-FR","@id":"https:\/\/www.procarton.com\/es\/european-carton-excellence-awards-your-chance-to-win\/#primaryimage","url":"https:\/\/www.procarton.com\/wp-content\/uploads\/2021\/02\/European-Carton-Excellence-Award_TM_2020-600.jpg","contentUrl":"https:\/\/www.procarton.com\/wp-content\/uploads\/2021\/02\/European-Carton-Excellence-Award_TM_2020-600.jpg","width":600,"height":400},{"@type":"BreadcrumbList","@id":"https:\/\/www.procarton.com\/es\/european-carton-excellence-awards-your-chance-to-win\/#breadcrumb","itemListElement":[{"@type":"ListItem","position":1,"name":"Home","item":"https:\/\/www.procarton.com\/"},{"@type":"ListItem","position":2,"name":"European Carton Excellence Awards: Your Chance to Win!"}]},{"@type":"WebSite","@id":"https:\/\/www.procarton.com\/es\/#website","url":"https:\/\/www.procarton.com\/es\/","name":"Pro Carton","description":"","publisher":{"@id":"https:\/\/www.procarton.com\/es\/#organization"},"potentialAction":[{"@type":"SearchAction","target":{"@type":"EntryPoint","urlTemplate":"https:\/\/www.procarton.com\/es\/?s={search_term_string}"},"query-input":{"@type":"PropertyValueSpecification","valueRequired":true,"valueName":"search_term_string"}}],"inLanguage":"fr-FR"},{"@type":"Organization","@id":"https:\/\/www.procarton.com\/es\/#organization","name":"ProCarton","url":"https:\/\/www.procarton.com\/es\/","logo":{"@type":"ImageObject","inLanguage":"fr-FR","@id":"https:\/\/www.procarton.com\/es\/#\/schema\/logo\/image\/","url":"https:\/\/www.procarton.com\/wp-content\/uploads\/2022\/06\/logo-mit-slogan.jpg","contentUrl":"https:\/\/www.procarton.com\/wp-content\/uploads\/2022\/06\/logo-mit-slogan.jpg","width":422,"height":519,"caption":"ProCarton"},"image":{"@id":"https:\/\/www.procarton.com\/es\/#\/schema\/logo\/image\/"},"sameAs":["https:\/\/www.facebook.com\/procartondesignaward\/","https:\/\/x.com\/pro_carton"]},{"@type":"Person","@id":"https:\/\/www.procarton.com\/es\/#\/schema\/person\/872a075145d2c38578ff4eed7d481251","name":"esterling@admin","sameAs":["https:\/\/www.procarton.com"],"url":"https:\/\/www.procarton.com\/fr\/author\/esterlingadmin\/"}]}},"_links":{"self":[{"href":"https:\/\/www.procarton.com\/fr\/wp-json\/wp\/v2\/posts\/242870","targetHints":{"allow":["GET"]}}],"collection":[{"href":"https:\/\/www.procarton.com\/fr\/wp-json\/wp\/v2\/posts"}],"about":[{"href":"https:\/\/www.procarton.com\/fr\/wp-json\/wp\/v2\/types\/post"}],"author":[{"embeddable":true,"href":"https:\/\/www.procarton.com\/fr\/wp-json\/wp\/v2\/users\/1"}],"replies":[{"embeddable":true,"href":"https:\/\/www.procarton.com\/fr\/wp-json\/wp\/v2\/comments?post=242870"}],"version-history":[{"count":1,"href":"https:\/\/www.procarton.com\/fr\/wp-json\/wp\/v2\/posts\/242870\/revisions"}],"predecessor-version":[{"id":265784,"href":"https:\/\/www.procarton.com\/fr\/wp-json\/wp\/v2\/posts\/242870\/revisions\/265784"}],"wp:featuredmedia":[{"embeddable":true,"href":"https:\/\/www.procarton.com\/fr\/wp-json\/wp\/v2\/media\/242871"}],"wp:attachment":[{"href":"https:\/\/www.procarton.com\/fr\/wp-json\/wp\/v2\/media?parent=242870"}],"wp:term":[{"taxonomy":"category","embeddable":true,"href":"https:\/\/www.procarton.com\/fr\/wp-json\/wp\/v2\/categories?post=242870"},{"taxonomy":"post_tag","embeddable":true,"href":"https:\/\/www.procarton.com\/fr\/wp-json\/wp\/v2\/tags?post=242870"}],"curies":[{"name":"wp","href":"https:\/\/api.w.org\/{rel}","templated":true}]}}