{"id":242773,"date":"2019-12-11T00:00:00","date_gmt":"2019-12-11T00:00:00","guid":{"rendered":"https:\/\/www.procarton.com\/museum-of-brands-come-to-see-our-new-exhibition-for-free\/"},"modified":"2021-11-05T18:03:31","modified_gmt":"2021-11-05T18:03:31","slug":"museum-of-brands-come-to-see-our-new-exhibition-for-free","status":"publish","type":"post","link":"https:\/\/www.procarton.com\/fr\/museum-of-brands-come-to-see-our-new-exhibition-for-free\/","title":{"rendered":"Mus\u00e9e des Marques - Venez voir notre nouvelle exposition gratuitement !"},"content":{"rendered":"<p>Pro Carton promeut activement les gagnants de ses deux concours europ\u00e9ens de carton par le biais d'une grande vari\u00e9t\u00e9 de canaux. L'une des fa\u00e7ons d'y parvenir est d'exposer les emballages lors de diverses foires et expositions. Cette ann\u00e9e, pour la premi\u00e8re fois, nous avons organis\u00e9 une exposition sp\u00e9ciale des candidatures \u00e0 la cat\u00e9gorie \"Save the Planet\" des Carton Excellence Awards avec le Museum of Brands de Londres. Quelque 35 projets, dont BalloonGrip, le grand gagnant de la cat\u00e9gorie, sont expos\u00e9s jusqu'\u00e0 la fin du mois de janvier pour mettre en \u00e9vidence les nombreuses fa\u00e7ons dont les convertisseurs de carton contribuent \u00e0 fournir des solutions d'emballage plus respectueuses de l'environnement.<\/p>\n<p>L'exp\u00e9rience du Mus\u00e9e des Marques offre un merveilleux voyage dans le temps et culmine aujourd'hui avec notre exposition de cartonnages v\u00e9ritablement durables. Le mus\u00e9e compte plus de 12 000 objets expos\u00e9s et accueille plus de 50 000 visiteurs chaque ann\u00e9e. Ce serait formidable si nous pouvions recr\u00e9er une telle exposition dans d'autres grands mus\u00e9es d'Europe.<\/p>\n<p><em>Si vous souhaitez obtenir des billets gratuits pour visiter l'exposition \u00e0 Londres, veuillez contacter <a href=\"procarton@stormcommunications.co.uk\">procarton@stormcommunications.co.uk<\/a> et nous vous en enverrons. L'offre est limit\u00e9e \u00e0 deux billets par demande et est bas\u00e9e sur le principe du premier arriv\u00e9, premier servi.<\/em><\/p>","protected":false},"excerpt":{"rendered":"<p>Cette ann\u00e9e, pour la premi\u00e8re fois, nous avons organis\u00e9 une exposition sp\u00e9ciale des contributions \u00e0 la cat\u00e9gorie \"Save the Planet\" des Carton Excellence Awards avec le Museum of Brands de Londres.<\/p>","protected":false},"author":1,"featured_media":242774,"comment_status":"open","ping_status":"open","sticky":false,"template":"","format":"standard","meta":{"inline_featured_image":false,"footnotes":""},"categories":[42,77,242],"tags":[37],"class_list":["post-242773","post","type-post","status-publish","format-standard","has-post-thumbnail","hentry","category-awards","category-national-activities","category-procarton","tag-events-fr"],"yoast_head":"<!-- This site is optimized with the Yoast SEO plugin v27.4 - https:\/\/yoast.com\/product\/yoast-seo-wordpress\/ -->\n<title>Museum of Brands \u2013 Come to see our new exhibition for free! - Pro Carton<\/title>\n<meta name=\"robots\" content=\"index, follow, max-snippet:-1, max-image-preview:large, max-video-preview:-1\" \/>\n<link rel=\"canonical\" href=\"https:\/\/www.procarton.com\/fr\/museum-of-brands-come-to-see-our-new-exhibition-for-free\/\" \/>\n<meta property=\"og:locale\" content=\"fr_FR\" \/>\n<meta property=\"og:type\" content=\"article\" \/>\n<meta property=\"og:title\" content=\"Museum of Brands \u2013 Come to see our new exhibition for free! - Pro Carton\" \/>\n<meta property=\"og:description\" content=\"This year, for the first time, we have organised a special exhibition of the entries to the \u201cSave the Planet\u201d category in the Carton Excellence Awards with the Museum of Brands in London.\" \/>\n<meta property=\"og:url\" content=\"https:\/\/www.procarton.com\/fr\/museum-of-brands-come-to-see-our-new-exhibition-for-free\/\" \/>\n<meta property=\"og:site_name\" content=\"Pro Carton\" \/>\n<meta property=\"article:publisher\" content=\"https:\/\/www.facebook.com\/procartondesignaward\/\" \/>\n<meta property=\"article:published_time\" content=\"2019-12-11T00:00:00+00:00\" \/>\n<meta property=\"article:modified_time\" content=\"2021-11-05T18:03:31+00:00\" \/>\n<meta property=\"og:image\" content=\"https:\/\/www.procarton.com\/wp-content\/uploads\/2021\/02\/Footprint_800-380-hoch.jpg\" \/>\n\t<meta property=\"og:image:width\" content=\"600\" \/>\n\t<meta property=\"og:image:height\" content=\"400\" \/>\n\t<meta property=\"og:image:type\" content=\"image\/jpeg\" \/>\n<meta name=\"author\" content=\"esterling@admin\" \/>\n<meta name=\"twitter:card\" content=\"summary_large_image\" \/>\n<meta name=\"twitter:creator\" content=\"@pro_carton\" \/>\n<meta name=\"twitter:site\" content=\"@pro_carton\" \/>\n<meta name=\"twitter:label1\" content=\"\u00c9crit par\" \/>\n\t<meta name=\"twitter:data1\" content=\"esterling@admin\" \/>\n\t<meta name=\"twitter:label2\" content=\"Dur\u00e9e de lecture estim\u00e9e\" \/>\n\t<meta name=\"twitter:data2\" content=\"1 minute\" \/>\n<script type=\"application\/ld+json\" class=\"yoast-schema-graph\">{\"@context\":\"https:\\\/\\\/schema.org\",\"@graph\":[{\"@type\":\"Article\",\"@id\":\"https:\\\/\\\/www.procarton.com\\\/es\\\/museum-of-brands-come-to-see-our-new-exhibition-for-free\\\/#article\",\"isPartOf\":{\"@id\":\"https:\\\/\\\/www.procarton.com\\\/es\\\/museum-of-brands-come-to-see-our-new-exhibition-for-free\\\/\"},\"author\":{\"name\":\"esterling@admin\",\"@id\":\"https:\\\/\\\/www.procarton.com\\\/es\\\/#\\\/schema\\\/person\\\/872a075145d2c38578ff4eed7d481251\"},\"headline\":\"Museum of Brands \u2013 Come to see our new exhibition for free!\",\"datePublished\":\"2019-12-11T00:00:00+00:00\",\"dateModified\":\"2021-11-05T18:03:31+00:00\",\"mainEntityOfPage\":{\"@id\":\"https:\\\/\\\/www.procarton.com\\\/es\\\/museum-of-brands-come-to-see-our-new-exhibition-for-free\\\/\"},\"wordCount\":205,\"commentCount\":0,\"publisher\":{\"@id\":\"https:\\\/\\\/www.procarton.com\\\/es\\\/#organization\"},\"image\":{\"@id\":\"https:\\\/\\\/www.procarton.com\\\/es\\\/museum-of-brands-come-to-see-our-new-exhibition-for-free\\\/#primaryimage\"},\"thumbnailUrl\":\"https:\\\/\\\/www.procarton.com\\\/wp-content\\\/uploads\\\/2021\\\/02\\\/Footprint_800-380-hoch.jpg\",\"keywords\":[\"Events\"],\"articleSection\":[\"Awards\",\"National Activities\",\"Pro Carton\"],\"inLanguage\":\"fr-FR\",\"potentialAction\":[{\"@type\":\"CommentAction\",\"name\":\"Comment\",\"target\":[\"https:\\\/\\\/www.procarton.com\\\/es\\\/museum-of-brands-come-to-see-our-new-exhibition-for-free\\\/#respond\"]}]},{\"@type\":\"WebPage\",\"@id\":\"https:\\\/\\\/www.procarton.com\\\/es\\\/museum-of-brands-come-to-see-our-new-exhibition-for-free\\\/\",\"url\":\"https:\\\/\\\/www.procarton.com\\\/es\\\/museum-of-brands-come-to-see-our-new-exhibition-for-free\\\/\",\"name\":\"Museum of Brands \u2013 Come to see our new exhibition for free! - Pro Carton\",\"isPartOf\":{\"@id\":\"https:\\\/\\\/www.procarton.com\\\/es\\\/#website\"},\"primaryImageOfPage\":{\"@id\":\"https:\\\/\\\/www.procarton.com\\\/es\\\/museum-of-brands-come-to-see-our-new-exhibition-for-free\\\/#primaryimage\"},\"image\":{\"@id\":\"https:\\\/\\\/www.procarton.com\\\/es\\\/museum-of-brands-come-to-see-our-new-exhibition-for-free\\\/#primaryimage\"},\"thumbnailUrl\":\"https:\\\/\\\/www.procarton.com\\\/wp-content\\\/uploads\\\/2021\\\/02\\\/Footprint_800-380-hoch.jpg\",\"datePublished\":\"2019-12-11T00:00:00+00:00\",\"dateModified\":\"2021-11-05T18:03:31+00:00\",\"breadcrumb\":{\"@id\":\"https:\\\/\\\/www.procarton.com\\\/es\\\/museum-of-brands-come-to-see-our-new-exhibition-for-free\\\/#breadcrumb\"},\"inLanguage\":\"fr-FR\",\"potentialAction\":[{\"@type\":\"ReadAction\",\"target\":[\"https:\\\/\\\/www.procarton.com\\\/es\\\/museum-of-brands-come-to-see-our-new-exhibition-for-free\\\/\"]}]},{\"@type\":\"ImageObject\",\"inLanguage\":\"fr-FR\",\"@id\":\"https:\\\/\\\/www.procarton.com\\\/es\\\/museum-of-brands-come-to-see-our-new-exhibition-for-free\\\/#primaryimage\",\"url\":\"https:\\\/\\\/www.procarton.com\\\/wp-content\\\/uploads\\\/2021\\\/02\\\/Footprint_800-380-hoch.jpg\",\"contentUrl\":\"https:\\\/\\\/www.procarton.com\\\/wp-content\\\/uploads\\\/2021\\\/02\\\/Footprint_800-380-hoch.jpg\",\"width\":600,\"height\":400},{\"@type\":\"BreadcrumbList\",\"@id\":\"https:\\\/\\\/www.procarton.com\\\/es\\\/museum-of-brands-come-to-see-our-new-exhibition-for-free\\\/#breadcrumb\",\"itemListElement\":[{\"@type\":\"ListItem\",\"position\":1,\"name\":\"Home\",\"item\":\"https:\\\/\\\/www.procarton.com\\\/\"},{\"@type\":\"ListItem\",\"position\":2,\"name\":\"Museum of Brands \u2013 Come to see our new exhibition for free!\"}]},{\"@type\":\"WebSite\",\"@id\":\"https:\\\/\\\/www.procarton.com\\\/es\\\/#website\",\"url\":\"https:\\\/\\\/www.procarton.com\\\/es\\\/\",\"name\":\"Pro Carton\",\"description\":\"\",\"publisher\":{\"@id\":\"https:\\\/\\\/www.procarton.com\\\/es\\\/#organization\"},\"potentialAction\":[{\"@type\":\"SearchAction\",\"target\":{\"@type\":\"EntryPoint\",\"urlTemplate\":\"https:\\\/\\\/www.procarton.com\\\/es\\\/?s={search_term_string}\"},\"query-input\":{\"@type\":\"PropertyValueSpecification\",\"valueRequired\":true,\"valueName\":\"search_term_string\"}}],\"inLanguage\":\"fr-FR\"},{\"@type\":\"Organization\",\"@id\":\"https:\\\/\\\/www.procarton.com\\\/es\\\/#organization\",\"name\":\"ProCarton\",\"url\":\"https:\\\/\\\/www.procarton.com\\\/es\\\/\",\"logo\":{\"@type\":\"ImageObject\",\"inLanguage\":\"fr-FR\",\"@id\":\"https:\\\/\\\/www.procarton.com\\\/es\\\/#\\\/schema\\\/logo\\\/image\\\/\",\"url\":\"https:\\\/\\\/www.procarton.com\\\/wp-content\\\/uploads\\\/2022\\\/06\\\/logo-mit-slogan.jpg\",\"contentUrl\":\"https:\\\/\\\/www.procarton.com\\\/wp-content\\\/uploads\\\/2022\\\/06\\\/logo-mit-slogan.jpg\",\"width\":422,\"height\":519,\"caption\":\"ProCarton\"},\"image\":{\"@id\":\"https:\\\/\\\/www.procarton.com\\\/es\\\/#\\\/schema\\\/logo\\\/image\\\/\"},\"sameAs\":[\"https:\\\/\\\/www.facebook.com\\\/procartondesignaward\\\/\",\"https:\\\/\\\/x.com\\\/pro_carton\"]},{\"@type\":\"Person\",\"@id\":\"https:\\\/\\\/www.procarton.com\\\/es\\\/#\\\/schema\\\/person\\\/872a075145d2c38578ff4eed7d481251\",\"name\":\"esterling@admin\",\"sameAs\":[\"https:\\\/\\\/www.procarton.com\"],\"url\":\"https:\\\/\\\/www.procarton.com\\\/fr\\\/author\\\/esterlingadmin\\\/\"}]}<\/script>\n<!-- \/ Yoast SEO plugin. -->","yoast_head_json":{"title":"Mus\u00e9e des Marques - Venez voir notre nouvelle exposition gratuitement ! - Pro Carton","robots":{"index":"index","follow":"follow","max-snippet":"max-snippet:-1","max-image-preview":"max-image-preview:large","max-video-preview":"max-video-preview:-1"},"canonical":"https:\/\/www.procarton.com\/fr\/museum-of-brands-come-to-see-our-new-exhibition-for-free\/","og_locale":"fr_FR","og_type":"article","og_title":"Museum of Brands \u2013 Come to see our new exhibition for free! - Pro Carton","og_description":"This year, for the first time, we have organised a special exhibition of the entries to the \u201cSave the Planet\u201d category in the Carton Excellence Awards with the Museum of Brands in London.","og_url":"https:\/\/www.procarton.com\/fr\/museum-of-brands-come-to-see-our-new-exhibition-for-free\/","og_site_name":"Pro Carton","article_publisher":"https:\/\/www.facebook.com\/procartondesignaward\/","article_published_time":"2019-12-11T00:00:00+00:00","article_modified_time":"2021-11-05T18:03:31+00:00","og_image":[{"width":600,"height":400,"url":"https:\/\/www.procarton.com\/wp-content\/uploads\/2021\/02\/Footprint_800-380-hoch.jpg","type":"image\/jpeg"}],"author":"esterling@admin","twitter_card":"summary_large_image","twitter_creator":"@pro_carton","twitter_site":"@pro_carton","twitter_misc":{"\u00c9crit par":"esterling@admin","Dur\u00e9e de lecture estim\u00e9e":"1 minute"},"schema":{"@context":"https:\/\/schema.org","@graph":[{"@type":"Article","@id":"https:\/\/www.procarton.com\/es\/museum-of-brands-come-to-see-our-new-exhibition-for-free\/#article","isPartOf":{"@id":"https:\/\/www.procarton.com\/es\/museum-of-brands-come-to-see-our-new-exhibition-for-free\/"},"author":{"name":"esterling@admin","@id":"https:\/\/www.procarton.com\/es\/#\/schema\/person\/872a075145d2c38578ff4eed7d481251"},"headline":"Museum of Brands \u2013 Come to see our new exhibition for free!","datePublished":"2019-12-11T00:00:00+00:00","dateModified":"2021-11-05T18:03:31+00:00","mainEntityOfPage":{"@id":"https:\/\/www.procarton.com\/es\/museum-of-brands-come-to-see-our-new-exhibition-for-free\/"},"wordCount":205,"commentCount":0,"publisher":{"@id":"https:\/\/www.procarton.com\/es\/#organization"},"image":{"@id":"https:\/\/www.procarton.com\/es\/museum-of-brands-come-to-see-our-new-exhibition-for-free\/#primaryimage"},"thumbnailUrl":"https:\/\/www.procarton.com\/wp-content\/uploads\/2021\/02\/Footprint_800-380-hoch.jpg","keywords":["Events"],"articleSection":["Awards","National Activities","Pro Carton"],"inLanguage":"fr-FR","potentialAction":[{"@type":"CommentAction","name":"Comment","target":["https:\/\/www.procarton.com\/es\/museum-of-brands-come-to-see-our-new-exhibition-for-free\/#respond"]}]},{"@type":"WebPage","@id":"https:\/\/www.procarton.com\/es\/museum-of-brands-come-to-see-our-new-exhibition-for-free\/","url":"https:\/\/www.procarton.com\/es\/museum-of-brands-come-to-see-our-new-exhibition-for-free\/","name":"Mus\u00e9e des Marques - Venez voir notre nouvelle exposition gratuitement ! - Pro Carton","isPartOf":{"@id":"https:\/\/www.procarton.com\/es\/#website"},"primaryImageOfPage":{"@id":"https:\/\/www.procarton.com\/es\/museum-of-brands-come-to-see-our-new-exhibition-for-free\/#primaryimage"},"image":{"@id":"https:\/\/www.procarton.com\/es\/museum-of-brands-come-to-see-our-new-exhibition-for-free\/#primaryimage"},"thumbnailUrl":"https:\/\/www.procarton.com\/wp-content\/uploads\/2021\/02\/Footprint_800-380-hoch.jpg","datePublished":"2019-12-11T00:00:00+00:00","dateModified":"2021-11-05T18:03:31+00:00","breadcrumb":{"@id":"https:\/\/www.procarton.com\/es\/museum-of-brands-come-to-see-our-new-exhibition-for-free\/#breadcrumb"},"inLanguage":"fr-FR","potentialAction":[{"@type":"ReadAction","target":["https:\/\/www.procarton.com\/es\/museum-of-brands-come-to-see-our-new-exhibition-for-free\/"]}]},{"@type":"ImageObject","inLanguage":"fr-FR","@id":"https:\/\/www.procarton.com\/es\/museum-of-brands-come-to-see-our-new-exhibition-for-free\/#primaryimage","url":"https:\/\/www.procarton.com\/wp-content\/uploads\/2021\/02\/Footprint_800-380-hoch.jpg","contentUrl":"https:\/\/www.procarton.com\/wp-content\/uploads\/2021\/02\/Footprint_800-380-hoch.jpg","width":600,"height":400},{"@type":"BreadcrumbList","@id":"https:\/\/www.procarton.com\/es\/museum-of-brands-come-to-see-our-new-exhibition-for-free\/#breadcrumb","itemListElement":[{"@type":"ListItem","position":1,"name":"Home","item":"https:\/\/www.procarton.com\/"},{"@type":"ListItem","position":2,"name":"Museum of Brands \u2013 Come to see our new exhibition for free!"}]},{"@type":"WebSite","@id":"https:\/\/www.procarton.com\/es\/#website","url":"https:\/\/www.procarton.com\/es\/","name":"Pro Carton","description":"","publisher":{"@id":"https:\/\/www.procarton.com\/es\/#organization"},"potentialAction":[{"@type":"SearchAction","target":{"@type":"EntryPoint","urlTemplate":"https:\/\/www.procarton.com\/es\/?s={search_term_string}"},"query-input":{"@type":"PropertyValueSpecification","valueRequired":true,"valueName":"search_term_string"}}],"inLanguage":"fr-FR"},{"@type":"Organization","@id":"https:\/\/www.procarton.com\/es\/#organization","name":"ProCarton","url":"https:\/\/www.procarton.com\/es\/","logo":{"@type":"ImageObject","inLanguage":"fr-FR","@id":"https:\/\/www.procarton.com\/es\/#\/schema\/logo\/image\/","url":"https:\/\/www.procarton.com\/wp-content\/uploads\/2022\/06\/logo-mit-slogan.jpg","contentUrl":"https:\/\/www.procarton.com\/wp-content\/uploads\/2022\/06\/logo-mit-slogan.jpg","width":422,"height":519,"caption":"ProCarton"},"image":{"@id":"https:\/\/www.procarton.com\/es\/#\/schema\/logo\/image\/"},"sameAs":["https:\/\/www.facebook.com\/procartondesignaward\/","https:\/\/x.com\/pro_carton"]},{"@type":"Person","@id":"https:\/\/www.procarton.com\/es\/#\/schema\/person\/872a075145d2c38578ff4eed7d481251","name":"esterling@admin","sameAs":["https:\/\/www.procarton.com"],"url":"https:\/\/www.procarton.com\/fr\/author\/esterlingadmin\/"}]}},"_links":{"self":[{"href":"https:\/\/www.procarton.com\/fr\/wp-json\/wp\/v2\/posts\/242773","targetHints":{"allow":["GET"]}}],"collection":[{"href":"https:\/\/www.procarton.com\/fr\/wp-json\/wp\/v2\/posts"}],"about":[{"href":"https:\/\/www.procarton.com\/fr\/wp-json\/wp\/v2\/types\/post"}],"author":[{"embeddable":true,"href":"https:\/\/www.procarton.com\/fr\/wp-json\/wp\/v2\/users\/1"}],"replies":[{"embeddable":true,"href":"https:\/\/www.procarton.com\/fr\/wp-json\/wp\/v2\/comments?post=242773"}],"version-history":[{"count":1,"href":"https:\/\/www.procarton.com\/fr\/wp-json\/wp\/v2\/posts\/242773\/revisions"}],"predecessor-version":[{"id":265797,"href":"https:\/\/www.procarton.com\/fr\/wp-json\/wp\/v2\/posts\/242773\/revisions\/265797"}],"wp:featuredmedia":[{"embeddable":true,"href":"https:\/\/www.procarton.com\/fr\/wp-json\/wp\/v2\/media\/242774"}],"wp:attachment":[{"href":"https:\/\/www.procarton.com\/fr\/wp-json\/wp\/v2\/media?parent=242773"}],"wp:term":[{"taxonomy":"category","embeddable":true,"href":"https:\/\/www.procarton.com\/fr\/wp-json\/wp\/v2\/categories?post=242773"},{"taxonomy":"post_tag","embeddable":true,"href":"https:\/\/www.procarton.com\/fr\/wp-json\/wp\/v2\/tags?post=242773"}],"curies":[{"name":"wp","href":"https:\/\/api.w.org\/{rel}","templated":true}]}}