{"id":242686,"date":"2019-10-09T00:00:00","date_gmt":"2019-10-08T23:00:00","guid":{"rendered":"https:\/\/www.procarton.com\/ffi-und-pro-carton-ziehen-positive-fachpack-bilanz\/"},"modified":"2021-11-05T18:04:42","modified_gmt":"2021-11-05T18:04:42","slug":"ffi-und-pro-carton-ziehen-positive-fachpack-bilanz","status":"publish","type":"post","link":"https:\/\/www.procarton.com\/fr\/ffi-und-pro-carton-ziehen-positive-fachpack-bilanz\/","title":{"rendered":"FFI et Pro Carton s'accordent sur un bilan positif au salon FachPack."},"content":{"rendered":"<p><strong>Der FFI und Pro Carton repr\u00e4sentierten auch in diesem Jahr wieder vom 24. - 26. September mit einem Verb\u00e4nde-Gemeinschaftsstand auf der FachPack in N\u00fcrnberg erfolgreich die deutsche und die europ\u00e4ische Karton- und Faltschachtel-Industrie.<\/strong><\/p>\n<p><em>Leistungsschau der Branche<\/em><br \/>\nUn grand nombre de clients sur le stand 349 de la Halle 5 et une grande vari\u00e9t\u00e9 de solutions d'emballage cr\u00e9atives, qui d\u00e9montrent la comp\u00e9tence et la capacit\u00e9 d'innovation de la branche, ont suscit\u00e9 un grand int\u00e9r\u00eat et un grand int\u00e9r\u00eat aupr\u00e8s de la presse sp\u00e9cialis\u00e9e. Des exemples de meilleures pratiques ont \u00e9t\u00e9 pr\u00e9sent\u00e9s par des membres de FFI et de Pro Carton.<\/p>\n<p>Cette ann\u00e9e, les laur\u00e9ats du concours European Carton Excellence Award de l'ann\u00e9e derni\u00e8re, qui r\u00e9compense les emballages de carton plat les plus performants - l'un des plus importants prix europ\u00e9ens de l'emballage - ont \u00e9galement \u00e9t\u00e9 mis en \u00e9vidence. Pour la 22e fois, les prix du gala Award, qui aura lieu le 19 septembre 2019 \u00e0 Malte, ont \u00e9t\u00e9 v\u00e9rifi\u00e9s et l'offre a \u00e9t\u00e9 pr\u00e9sent\u00e9e en Allemagne.<\/p>\n<p><em>Top-Thema : Recyclingf\u00e4higkeit von Faltschachteln (recyclage des d\u00e9chets)<\/em><br \/>\nLe th\u00e8me principal de la manifestation FFI\/Pro Carton \u00e9tait l'\u00e9valuation et le recyclage des emballages.<br \/>\nLa constatation moyenne, l'impact de la r\u00e9glementation de la loi sur les emballages et de l'application de la directive europ\u00e9enne sur les plastiques \u00e0 usage unique dans le droit allemand, sont autant d'\u00e9l\u00e9ments qui contribuent \u00e0 une discussion approfondie. Afin d'encourager le recyclage des d\u00e9chets plastiques, le FFI a formul\u00e9 une position en collaboration avec l'ECMA et cinq autres associations nationales de d\u00e9chets plastiques en Europe. Ce document contient toutes les informations pertinentes sur les th\u00e8mes suivants : l'\u00e9conomie de l'eau, le recyclage des d\u00e9chets (y compris les d\u00e9chets dangereux), la mise en place d'un syst\u00e8me de recyclage efficace et la perte de mat\u00e9riaux de remplacement en cas de dysfonctionnement lors de l'enregistrement des d\u00e9chets.<\/p>\n<p><em>Die Faltschachtel : Gelebte Nachhaltigkeit (en anglais)<\/em><br \/>\nL'utilisation des ressources lin\u00e9aires jusqu'\u00e0 l'\u00e9conomie de l'\u00e9nergie.<br \/>\na pr\u00e9sent\u00e9 sur le stand la discussion sur l'\u00e9galit\u00e9 des chances qui a eu lieu ces derni\u00e8res ann\u00e9es avec des groupes de travail diff\u00e9rents. Le programme TICCIT a \u00e9t\u00e9 pr\u00e9sent\u00e9 comme un exemple concret de l'\u00e9conomie du secteur forestier, ce qui a convaincu les participants. TICCIT (Trees into Cartons, Cartons into Trees ; ausgesprochen \"tick-it\") est un programme d'information et de sensibilisation des g\u00e9n\u00e9rations futures aux th\u00e8mes de la durabilit\u00e9, de l'utilisation de mati\u00e8res premi\u00e8res non polluantes et du recyclage. Dans le cadre du projet, les partenaires de FFI et de Pro Carton dans les \u00e9coles primaires de leur r\u00e9gion ont \u00e9t\u00e9 sensibilis\u00e9s \u00e0 l'existence d'un lien naturel entre le bois, le carton, les falsifications et la d\u00e9composition, afin que le plomb soit utilis\u00e9 comme mati\u00e8re premi\u00e8re pour la fabrication des falsifications.<\/p>\n<p>Le slogan \"Gelebte Nachhaltigkeit\" a \u00e9t\u00e9 repris dans le concept des bo\u00eetes \u00e0 lettres FFI et Pro Carton, o\u00f9 l'on a tenu compte de l'utilisation du papier kraft et de la r\u00e9duction des \u00e9missions de CO2 gr\u00e2ce \u00e0 des projets de protection climatique, de sorte que la bo\u00eete \u00e0 lettres \u00e9tait neutre sur le plan climatique.<\/p>\n<p>&nbsp;<\/p>\n<p>Votre partenaire pour la presse et les m\u00e9dias<br \/>\nChristian Schiffers (Gesch\u00e4ftsf\u00fchrer)<\/p>\n<p>Telefon : +49 (0)69 89 01 2 - 101<br \/>\nFax : +49 (0)69 89 01 2 - 222<br \/>\nMobil : +49 (0)163 639 59 90<br \/>\nCourriel : <a href=\"mailto:christian.schiffers@ffi.de\">christian.schiffers@ffi.de<\/a><br \/>\n<a href=\"http:\/\/www.ffi.de\">www.ffi.de<\/a><br \/>\n<a href=\"http:\/\/www.inspiration-verpackung.de\">www.inspiration-verpackung.de<\/a><\/p>","protected":false},"excerpt":{"rendered":"<p>Der FFI und Pro Carton repr\u00e4sentierten auch in diesem Jahr wieder vom 24. - 26. September mit einem Verb\u00e4nde-Gemeinschaftsstand auf der FachPack in N\u00fcrnberg erfolgreich die deutsche und die europ\u00e4ische Karton- und Faltschachtel-Industrie.<\/p>","protected":false},"author":1,"featured_media":242687,"comment_status":"open","ping_status":"open","sticky":false,"template":"","format":"standard","meta":{"inline_featured_image":false,"footnotes":""},"categories":[77,242],"tags":[],"class_list":["post-242686","post","type-post","status-publish","format-standard","has-post-thumbnail","hentry","category-national-activities","category-procarton"],"yoast_head":"<!-- This site is optimized with the Yoast SEO plugin v27.4 - https:\/\/yoast.com\/product\/yoast-seo-wordpress\/ -->\n<title>FFI und Pro Carton ziehen positive FachPack-Bilanz - Pro Carton<\/title>\n<meta name=\"robots\" content=\"index, follow, max-snippet:-1, max-image-preview:large, max-video-preview:-1\" \/>\n<link rel=\"canonical\" href=\"https:\/\/www.procarton.com\/fr\/ffi-und-pro-carton-ziehen-positive-fachpack-bilanz\/\" \/>\n<meta property=\"og:locale\" content=\"fr_FR\" \/>\n<meta property=\"og:type\" content=\"article\" \/>\n<meta property=\"og:title\" content=\"FFI und Pro Carton ziehen positive FachPack-Bilanz - Pro Carton\" \/>\n<meta property=\"og:description\" content=\"Der FFI und Pro Carton repr\u00e4sentierten auch in diesem Jahr wieder vom 24. - 26. September mit einem Verb\u00e4nde-Gemeinschaftsstand auf der FachPack in N\u00fcrnberg erfolgreich die deutsche und die europ\u00e4ische Karton- und Faltschachtel-Industrie.\" \/>\n<meta property=\"og:url\" content=\"https:\/\/www.procarton.com\/fr\/ffi-und-pro-carton-ziehen-positive-fachpack-bilanz\/\" \/>\n<meta property=\"og:site_name\" content=\"Pro Carton\" \/>\n<meta property=\"article:publisher\" content=\"https:\/\/www.facebook.com\/procartondesignaward\/\" \/>\n<meta property=\"article:published_time\" content=\"2019-10-08T23:00:00+00:00\" \/>\n<meta property=\"article:modified_time\" content=\"2021-11-05T18:04:42+00:00\" \/>\n<meta property=\"og:image\" content=\"https:\/\/www.procarton.com\/wp-content\/uploads\/2021\/02\/FFI-und-Pro-Carton-auf-der-FachPack-2019-in-Nurnberg-800.jpg\" \/>\n\t<meta property=\"og:image:width\" content=\"800\" \/>\n\t<meta property=\"og:image:height\" content=\"602\" \/>\n\t<meta property=\"og:image:type\" content=\"image\/jpeg\" \/>\n<meta name=\"author\" content=\"esterling@admin\" \/>\n<meta name=\"twitter:card\" content=\"summary_large_image\" \/>\n<meta name=\"twitter:creator\" content=\"@pro_carton\" \/>\n<meta name=\"twitter:site\" content=\"@pro_carton\" \/>\n<meta name=\"twitter:label1\" content=\"\u00c9crit par\" \/>\n\t<meta name=\"twitter:data1\" content=\"esterling@admin\" \/>\n\t<meta name=\"twitter:label2\" content=\"Dur\u00e9e de lecture estim\u00e9e\" \/>\n\t<meta name=\"twitter:data2\" content=\"2 minutes\" \/>\n<script type=\"application\/ld+json\" class=\"yoast-schema-graph\">{\"@context\":\"https:\\\/\\\/schema.org\",\"@graph\":[{\"@type\":\"Article\",\"@id\":\"https:\\\/\\\/www.procarton.com\\\/es\\\/ffi-und-pro-carton-ziehen-positive-fachpack-bilanz\\\/#article\",\"isPartOf\":{\"@id\":\"https:\\\/\\\/www.procarton.com\\\/es\\\/ffi-und-pro-carton-ziehen-positive-fachpack-bilanz\\\/\"},\"author\":{\"name\":\"esterling@admin\",\"@id\":\"https:\\\/\\\/www.procarton.com\\\/es\\\/#\\\/schema\\\/person\\\/872a075145d2c38578ff4eed7d481251\"},\"headline\":\"FFI und Pro Carton ziehen positive FachPack-Bilanz\",\"datePublished\":\"2019-10-08T23:00:00+00:00\",\"dateModified\":\"2021-11-05T18:04:42+00:00\",\"mainEntityOfPage\":{\"@id\":\"https:\\\/\\\/www.procarton.com\\\/es\\\/ffi-und-pro-carton-ziehen-positive-fachpack-bilanz\\\/\"},\"wordCount\":424,\"commentCount\":0,\"publisher\":{\"@id\":\"https:\\\/\\\/www.procarton.com\\\/es\\\/#organization\"},\"image\":{\"@id\":\"https:\\\/\\\/www.procarton.com\\\/es\\\/ffi-und-pro-carton-ziehen-positive-fachpack-bilanz\\\/#primaryimage\"},\"thumbnailUrl\":\"https:\\\/\\\/www.procarton.com\\\/wp-content\\\/uploads\\\/2021\\\/02\\\/FFI-und-Pro-Carton-auf-der-FachPack-2019-in-Nurnberg-800.jpg\",\"articleSection\":[\"National Activities\",\"Pro Carton\"],\"inLanguage\":\"fr-FR\",\"potentialAction\":[{\"@type\":\"CommentAction\",\"name\":\"Comment\",\"target\":[\"https:\\\/\\\/www.procarton.com\\\/es\\\/ffi-und-pro-carton-ziehen-positive-fachpack-bilanz\\\/#respond\"]}]},{\"@type\":\"WebPage\",\"@id\":\"https:\\\/\\\/www.procarton.com\\\/es\\\/ffi-und-pro-carton-ziehen-positive-fachpack-bilanz\\\/\",\"url\":\"https:\\\/\\\/www.procarton.com\\\/es\\\/ffi-und-pro-carton-ziehen-positive-fachpack-bilanz\\\/\",\"name\":\"FFI und Pro Carton ziehen positive FachPack-Bilanz - Pro Carton\",\"isPartOf\":{\"@id\":\"https:\\\/\\\/www.procarton.com\\\/es\\\/#website\"},\"primaryImageOfPage\":{\"@id\":\"https:\\\/\\\/www.procarton.com\\\/es\\\/ffi-und-pro-carton-ziehen-positive-fachpack-bilanz\\\/#primaryimage\"},\"image\":{\"@id\":\"https:\\\/\\\/www.procarton.com\\\/es\\\/ffi-und-pro-carton-ziehen-positive-fachpack-bilanz\\\/#primaryimage\"},\"thumbnailUrl\":\"https:\\\/\\\/www.procarton.com\\\/wp-content\\\/uploads\\\/2021\\\/02\\\/FFI-und-Pro-Carton-auf-der-FachPack-2019-in-Nurnberg-800.jpg\",\"datePublished\":\"2019-10-08T23:00:00+00:00\",\"dateModified\":\"2021-11-05T18:04:42+00:00\",\"breadcrumb\":{\"@id\":\"https:\\\/\\\/www.procarton.com\\\/es\\\/ffi-und-pro-carton-ziehen-positive-fachpack-bilanz\\\/#breadcrumb\"},\"inLanguage\":\"fr-FR\",\"potentialAction\":[{\"@type\":\"ReadAction\",\"target\":[\"https:\\\/\\\/www.procarton.com\\\/es\\\/ffi-und-pro-carton-ziehen-positive-fachpack-bilanz\\\/\"]}]},{\"@type\":\"ImageObject\",\"inLanguage\":\"fr-FR\",\"@id\":\"https:\\\/\\\/www.procarton.com\\\/es\\\/ffi-und-pro-carton-ziehen-positive-fachpack-bilanz\\\/#primaryimage\",\"url\":\"https:\\\/\\\/www.procarton.com\\\/wp-content\\\/uploads\\\/2021\\\/02\\\/FFI-und-Pro-Carton-auf-der-FachPack-2019-in-Nurnberg-800.jpg\",\"contentUrl\":\"https:\\\/\\\/www.procarton.com\\\/wp-content\\\/uploads\\\/2021\\\/02\\\/FFI-und-Pro-Carton-auf-der-FachPack-2019-in-Nurnberg-800.jpg\",\"width\":800,\"height\":602,\"caption\":\"Messegeschehen Preisverleihung\"},{\"@type\":\"BreadcrumbList\",\"@id\":\"https:\\\/\\\/www.procarton.com\\\/es\\\/ffi-und-pro-carton-ziehen-positive-fachpack-bilanz\\\/#breadcrumb\",\"itemListElement\":[{\"@type\":\"ListItem\",\"position\":1,\"name\":\"Home\",\"item\":\"https:\\\/\\\/www.procarton.com\\\/\"},{\"@type\":\"ListItem\",\"position\":2,\"name\":\"FFI und Pro Carton ziehen positive FachPack-Bilanz\"}]},{\"@type\":\"WebSite\",\"@id\":\"https:\\\/\\\/www.procarton.com\\\/es\\\/#website\",\"url\":\"https:\\\/\\\/www.procarton.com\\\/es\\\/\",\"name\":\"Pro Carton\",\"description\":\"\",\"publisher\":{\"@id\":\"https:\\\/\\\/www.procarton.com\\\/es\\\/#organization\"},\"potentialAction\":[{\"@type\":\"SearchAction\",\"target\":{\"@type\":\"EntryPoint\",\"urlTemplate\":\"https:\\\/\\\/www.procarton.com\\\/es\\\/?s={search_term_string}\"},\"query-input\":{\"@type\":\"PropertyValueSpecification\",\"valueRequired\":true,\"valueName\":\"search_term_string\"}}],\"inLanguage\":\"fr-FR\"},{\"@type\":\"Organization\",\"@id\":\"https:\\\/\\\/www.procarton.com\\\/es\\\/#organization\",\"name\":\"ProCarton\",\"url\":\"https:\\\/\\\/www.procarton.com\\\/es\\\/\",\"logo\":{\"@type\":\"ImageObject\",\"inLanguage\":\"fr-FR\",\"@id\":\"https:\\\/\\\/www.procarton.com\\\/es\\\/#\\\/schema\\\/logo\\\/image\\\/\",\"url\":\"https:\\\/\\\/www.procarton.com\\\/wp-content\\\/uploads\\\/2022\\\/06\\\/logo-mit-slogan.jpg\",\"contentUrl\":\"https:\\\/\\\/www.procarton.com\\\/wp-content\\\/uploads\\\/2022\\\/06\\\/logo-mit-slogan.jpg\",\"width\":422,\"height\":519,\"caption\":\"ProCarton\"},\"image\":{\"@id\":\"https:\\\/\\\/www.procarton.com\\\/es\\\/#\\\/schema\\\/logo\\\/image\\\/\"},\"sameAs\":[\"https:\\\/\\\/www.facebook.com\\\/procartondesignaward\\\/\",\"https:\\\/\\\/x.com\\\/pro_carton\"]},{\"@type\":\"Person\",\"@id\":\"https:\\\/\\\/www.procarton.com\\\/es\\\/#\\\/schema\\\/person\\\/872a075145d2c38578ff4eed7d481251\",\"name\":\"esterling@admin\",\"sameAs\":[\"https:\\\/\\\/www.procarton.com\"],\"url\":\"https:\\\/\\\/www.procarton.com\\\/fr\\\/author\\\/esterlingadmin\\\/\"}]}<\/script>\n<!-- \/ Yoast SEO plugin. -->","yoast_head_json":{"title":"FFI et Pro Carton cr\u00e9ent une filiale positive FachPack-Bilanz - Pro Carton","robots":{"index":"index","follow":"follow","max-snippet":"max-snippet:-1","max-image-preview":"max-image-preview:large","max-video-preview":"max-video-preview:-1"},"canonical":"https:\/\/www.procarton.com\/fr\/ffi-und-pro-carton-ziehen-positive-fachpack-bilanz\/","og_locale":"fr_FR","og_type":"article","og_title":"FFI und Pro Carton ziehen positive FachPack-Bilanz - Pro Carton","og_description":"Der FFI und Pro Carton repr\u00e4sentierten auch in diesem Jahr wieder vom 24. - 26. September mit einem Verb\u00e4nde-Gemeinschaftsstand auf der FachPack in N\u00fcrnberg erfolgreich die deutsche und die europ\u00e4ische Karton- und Faltschachtel-Industrie.","og_url":"https:\/\/www.procarton.com\/fr\/ffi-und-pro-carton-ziehen-positive-fachpack-bilanz\/","og_site_name":"Pro Carton","article_publisher":"https:\/\/www.facebook.com\/procartondesignaward\/","article_published_time":"2019-10-08T23:00:00+00:00","article_modified_time":"2021-11-05T18:04:42+00:00","og_image":[{"width":800,"height":602,"url":"https:\/\/www.procarton.com\/wp-content\/uploads\/2021\/02\/FFI-und-Pro-Carton-auf-der-FachPack-2019-in-Nurnberg-800.jpg","type":"image\/jpeg"}],"author":"esterling@admin","twitter_card":"summary_large_image","twitter_creator":"@pro_carton","twitter_site":"@pro_carton","twitter_misc":{"\u00c9crit par":"esterling@admin","Dur\u00e9e de lecture estim\u00e9e":"2 minutes"},"schema":{"@context":"https:\/\/schema.org","@graph":[{"@type":"Article","@id":"https:\/\/www.procarton.com\/es\/ffi-und-pro-carton-ziehen-positive-fachpack-bilanz\/#article","isPartOf":{"@id":"https:\/\/www.procarton.com\/es\/ffi-und-pro-carton-ziehen-positive-fachpack-bilanz\/"},"author":{"name":"esterling@admin","@id":"https:\/\/www.procarton.com\/es\/#\/schema\/person\/872a075145d2c38578ff4eed7d481251"},"headline":"FFI und Pro Carton ziehen positive FachPack-Bilanz","datePublished":"2019-10-08T23:00:00+00:00","dateModified":"2021-11-05T18:04:42+00:00","mainEntityOfPage":{"@id":"https:\/\/www.procarton.com\/es\/ffi-und-pro-carton-ziehen-positive-fachpack-bilanz\/"},"wordCount":424,"commentCount":0,"publisher":{"@id":"https:\/\/www.procarton.com\/es\/#organization"},"image":{"@id":"https:\/\/www.procarton.com\/es\/ffi-und-pro-carton-ziehen-positive-fachpack-bilanz\/#primaryimage"},"thumbnailUrl":"https:\/\/www.procarton.com\/wp-content\/uploads\/2021\/02\/FFI-und-Pro-Carton-auf-der-FachPack-2019-in-Nurnberg-800.jpg","articleSection":["National Activities","Pro Carton"],"inLanguage":"fr-FR","potentialAction":[{"@type":"CommentAction","name":"Comment","target":["https:\/\/www.procarton.com\/es\/ffi-und-pro-carton-ziehen-positive-fachpack-bilanz\/#respond"]}]},{"@type":"WebPage","@id":"https:\/\/www.procarton.com\/es\/ffi-und-pro-carton-ziehen-positive-fachpack-bilanz\/","url":"https:\/\/www.procarton.com\/es\/ffi-und-pro-carton-ziehen-positive-fachpack-bilanz\/","name":"FFI et Pro Carton cr\u00e9ent une filiale positive FachPack-Bilanz - Pro Carton","isPartOf":{"@id":"https:\/\/www.procarton.com\/es\/#website"},"primaryImageOfPage":{"@id":"https:\/\/www.procarton.com\/es\/ffi-und-pro-carton-ziehen-positive-fachpack-bilanz\/#primaryimage"},"image":{"@id":"https:\/\/www.procarton.com\/es\/ffi-und-pro-carton-ziehen-positive-fachpack-bilanz\/#primaryimage"},"thumbnailUrl":"https:\/\/www.procarton.com\/wp-content\/uploads\/2021\/02\/FFI-und-Pro-Carton-auf-der-FachPack-2019-in-Nurnberg-800.jpg","datePublished":"2019-10-08T23:00:00+00:00","dateModified":"2021-11-05T18:04:42+00:00","breadcrumb":{"@id":"https:\/\/www.procarton.com\/es\/ffi-und-pro-carton-ziehen-positive-fachpack-bilanz\/#breadcrumb"},"inLanguage":"fr-FR","potentialAction":[{"@type":"ReadAction","target":["https:\/\/www.procarton.com\/es\/ffi-und-pro-carton-ziehen-positive-fachpack-bilanz\/"]}]},{"@type":"ImageObject","inLanguage":"fr-FR","@id":"https:\/\/www.procarton.com\/es\/ffi-und-pro-carton-ziehen-positive-fachpack-bilanz\/#primaryimage","url":"https:\/\/www.procarton.com\/wp-content\/uploads\/2021\/02\/FFI-und-Pro-Carton-auf-der-FachPack-2019-in-Nurnberg-800.jpg","contentUrl":"https:\/\/www.procarton.com\/wp-content\/uploads\/2021\/02\/FFI-und-Pro-Carton-auf-der-FachPack-2019-in-Nurnberg-800.jpg","width":800,"height":602,"caption":"Messegeschehen Preisverleihung"},{"@type":"BreadcrumbList","@id":"https:\/\/www.procarton.com\/es\/ffi-und-pro-carton-ziehen-positive-fachpack-bilanz\/#breadcrumb","itemListElement":[{"@type":"ListItem","position":1,"name":"Home","item":"https:\/\/www.procarton.com\/"},{"@type":"ListItem","position":2,"name":"FFI und Pro Carton ziehen positive FachPack-Bilanz"}]},{"@type":"WebSite","@id":"https:\/\/www.procarton.com\/es\/#website","url":"https:\/\/www.procarton.com\/es\/","name":"Pro Carton","description":"","publisher":{"@id":"https:\/\/www.procarton.com\/es\/#organization"},"potentialAction":[{"@type":"SearchAction","target":{"@type":"EntryPoint","urlTemplate":"https:\/\/www.procarton.com\/es\/?s={search_term_string}"},"query-input":{"@type":"PropertyValueSpecification","valueRequired":true,"valueName":"search_term_string"}}],"inLanguage":"fr-FR"},{"@type":"Organization","@id":"https:\/\/www.procarton.com\/es\/#organization","name":"ProCarton","url":"https:\/\/www.procarton.com\/es\/","logo":{"@type":"ImageObject","inLanguage":"fr-FR","@id":"https:\/\/www.procarton.com\/es\/#\/schema\/logo\/image\/","url":"https:\/\/www.procarton.com\/wp-content\/uploads\/2022\/06\/logo-mit-slogan.jpg","contentUrl":"https:\/\/www.procarton.com\/wp-content\/uploads\/2022\/06\/logo-mit-slogan.jpg","width":422,"height":519,"caption":"ProCarton"},"image":{"@id":"https:\/\/www.procarton.com\/es\/#\/schema\/logo\/image\/"},"sameAs":["https:\/\/www.facebook.com\/procartondesignaward\/","https:\/\/x.com\/pro_carton"]},{"@type":"Person","@id":"https:\/\/www.procarton.com\/es\/#\/schema\/person\/872a075145d2c38578ff4eed7d481251","name":"esterling@admin","sameAs":["https:\/\/www.procarton.com"],"url":"https:\/\/www.procarton.com\/fr\/author\/esterlingadmin\/"}]}},"_links":{"self":[{"href":"https:\/\/www.procarton.com\/fr\/wp-json\/wp\/v2\/posts\/242686","targetHints":{"allow":["GET"]}}],"collection":[{"href":"https:\/\/www.procarton.com\/fr\/wp-json\/wp\/v2\/posts"}],"about":[{"href":"https:\/\/www.procarton.com\/fr\/wp-json\/wp\/v2\/types\/post"}],"author":[{"embeddable":true,"href":"https:\/\/www.procarton.com\/fr\/wp-json\/wp\/v2\/users\/1"}],"replies":[{"embeddable":true,"href":"https:\/\/www.procarton.com\/fr\/wp-json\/wp\/v2\/comments?post=242686"}],"version-history":[{"count":1,"href":"https:\/\/www.procarton.com\/fr\/wp-json\/wp\/v2\/posts\/242686\/revisions"}],"predecessor-version":[{"id":265840,"href":"https:\/\/www.procarton.com\/fr\/wp-json\/wp\/v2\/posts\/242686\/revisions\/265840"}],"wp:featuredmedia":[{"embeddable":true,"href":"https:\/\/www.procarton.com\/fr\/wp-json\/wp\/v2\/media\/242687"}],"wp:attachment":[{"href":"https:\/\/www.procarton.com\/fr\/wp-json\/wp\/v2\/media?parent=242686"}],"wp:term":[{"taxonomy":"category","embeddable":true,"href":"https:\/\/www.procarton.com\/fr\/wp-json\/wp\/v2\/categories?post=242686"},{"taxonomy":"post_tag","embeddable":true,"href":"https:\/\/www.procarton.com\/fr\/wp-json\/wp\/v2\/tags?post=242686"}],"curies":[{"name":"wp","href":"https:\/\/api.w.org\/{rel}","templated":true}]}}