{"id":242668,"date":"2019-09-19T00:00:00","date_gmt":"2019-09-18T23:00:00","guid":{"rendered":"https:\/\/www.procarton.com\/pro-carton-crowns-the-young-designers-of-tomorrow\/"},"modified":"2023-10-10T13:16:02","modified_gmt":"2023-10-10T12:16:02","slug":"pro-carton-crowns-the-young-designers-of-tomorrow","status":"publish","type":"post","link":"https:\/\/www.procarton.com\/fr\/pro-carton-crowns-the-young-designers-of-tomorrow\/","title":{"rendered":"Pro Carton couronne les jeunes designers de demain - 2019"},"content":{"rendered":"<p><strong>Les laur\u00e9ats du concours annuel Pro Carton Young Designers Award ont \u00e9t\u00e9 officiellement annonc\u00e9s. Des \u00e9tudiants d'Autriche et d'Allemagne ont remport\u00e9 les quatre premiers prix.<\/strong><\/p>\n<p>Rejoints par les autres finalistes, les designers et leurs tuteurs ont \u00e9t\u00e9 honor\u00e9s lors du d\u00eener de gala du Awards \u00e0 Malte le 19 septembre, o\u00f9 ils ont eu l'occasion de rencontrer les dirigeants des principaux fabricants et transformateurs de carton d'Europe - une premi\u00e8re \u00e9tape potentielle dans leur carri\u00e8re professionnelle.<\/p>\n<p>Pr\u00e9sentant la prochaine g\u00e9n\u00e9ration de concepts d'emballage innovants et durables, le concours de cette ann\u00e9e a \u00e9t\u00e9 tr\u00e8s disput\u00e9, avec un nombre record de candidatures. Au total, 461 projets ont \u00e9t\u00e9 soumis par 70 universit\u00e9s et \u00e9coles de design de 24 pays europ\u00e9ens.<\/p>\n<p>Le prix Creative Cartonboard Packaging Food and Drink Award a \u00e9t\u00e9 d\u00e9cern\u00e9 au laur\u00e9at Martin, So Hyeon Kim et Nguyet Nguyen, d'Allemagne, pour leur projet Ploffie, une nouvelle fa\u00e7on d'emballer les fruits \u00e0 coque. Cette solution d'emballage est dot\u00e9e d'un m\u00e9canisme d'ouverture unique et d'un design qui attire l'attention, d\u00e9montrant ainsi tout le potentiel du carton. Lors de la premi\u00e8re ouverture, le rabat perfor\u00e9 sert de fermeture inviolable, puis la bo\u00eete peut \u00eatre press\u00e9e pour ouvrir et fermer l'emballage avec un bruit sec. Une fois ouvert, le carton sert de distributeur astucieux, permettant aux enfants et aux adultes de verser les noix de fa\u00e7on simple et amusante.<\/p>\n<p>Sonja Herr, Liane Jehle et Philipp Tretter d'Allemagne ont remport\u00e9 le prix \"Emballage cr\u00e9atif en carton pour tous les autres produits\" Award pour leur cr\u00e9ation, Le Paonneau, qui a s\u00e9duit les juges par son design th\u00e9\u00e2tral. Cet emballage cr\u00e9atif pour ciseaux offre une exp\u00e9rience d'ouverture facile et amusante qui imite le m\u00e9canisme d'une paire de ciseaux, avec un magnifique \u00e9ventail de paon qui se d\u00e9ploie.<\/p>\n<p>Le Award \"Sauver la plan\u00e8te\", tr\u00e8s convoit\u00e9, a \u00e9t\u00e9 attribu\u00e9 \u00e0 Alessia Businaro, d'Autriche. Son projet Powder Stories visait \u00e0 r\u00e9soudre le probl\u00e8me de l'emballage des palettes d'ombres \u00e0 paupi\u00e8res, qui, selon elle, utilise en moyenne 20 g de plastique dur par unit\u00e9 pour seulement 3 g de produit. Les juges ont estim\u00e9 que sa nouvelle solution innovante \"pourrait avoir un impact \u00e9norme sur l'industrie\", en garantissant que le plastique utilis\u00e9 - qui n'est pr\u00e9sent que pour que les consommateurs puissent voir la couleur du produit - soit r\u00e9duit au minimum.<\/p>\n<p>La laur\u00e9ate du prix des id\u00e9es cr\u00e9atives en carton, Mariella Drechsler, d'Autriche, a cr\u00e9\u00e9 Dustbuster, que le jury a qualifi\u00e9 d'\"extr\u00eamement inventif et cr\u00e9atif\". Cette aide au bricolage, qui garantit un per\u00e7age sans poussi\u00e8re, peut \u00eatre utilis\u00e9e plusieurs fois gr\u00e2ce \u00e0 un rev\u00eatement adh\u00e9sif sp\u00e9cial, et la poussi\u00e8re peut \u00eatre facilement vid\u00e9e gr\u00e2ce \u00e0 une technique de pliage exceptionnelle.<\/p>\n<p>Dans le cadre de leur prix, les jeunes designers gagnants peuvent s'attendre \u00e0 un voyage en Su\u00e8de afin d'acqu\u00e9rir des connaissances pr\u00e9cieuses sur deux grandes entreprises europ\u00e9ennes de cartonnage : la cartonnerie Stora Enso et AR packaging. Ils verront l'ensemble du processus, depuis la for\u00eat scandinave jusqu'\u00e0 l'impression de l'emballage fini.<\/p>\n<p>Le Public Award a attir\u00e9 des milliers de votes et Honey Cube, con\u00e7u par Sabine Gradinger et Elisabeth Hahn, l'a emport\u00e9 haut la main.<\/p>\n<p>F\u00e9licitations \u00e0 tous les gagnants et un grand merci \u00e0 tous ceux qui ont particip\u00e9.<\/p>\n<p><strong>Emballages cr\u00e9atifs en carton - Tous les autres<\/strong><br \/>\n<strong><a href=\"https:\/\/www.procarton.com\/awards\/pro-carton-young-designers-award\/2019\/categories\/\">Le Paonneau<\/a><\/strong><br \/>\nDesigners : Sonja Herr, Liane Jehle &amp; Philipp Tretter<\/p>\n<p><strong>Emballages cr\u00e9atifs en carton - Alimentation et boissons<\/strong><br \/>\n<strong><a href=\"https:\/\/www.procarton.com\/awards\/pro-carton-young-designers-award\/2019\/categories\/\">Ploffie<\/a><\/strong><br \/>\nDesigners : Martin Wunner, So Hyeon Kim &amp; Nguyet Nguyen<\/p>\n<p><strong>Id\u00e9es cr\u00e9atives pour le carton<\/strong><br \/>\n<a href=\"https:\/\/www.procarton.com\/awards\/pro-carton-young-designers-award\/2019\/categories\/\"><strong>D\u00e9poussi\u00e9reur<\/strong><\/a><br \/>\nConcepteur : Mariella Drechsler<\/p>\n<p><strong>Sauvez la plan\u00e8te<\/strong><br \/>\n<strong><a href=\"https:\/\/www.procarton.com\/awards\/pro-carton-young-designers-award\/2019\/categories\/\">Histoires de poudre<\/a><\/strong><br \/>\nDesigner : Alessia Businaro<\/p>\n<p><strong>Finalistes<\/strong><br \/>\n<a href=\"https:\/\/www.procarton.com\/awards\/pro-carton-young-designers-award\/2019\/categories\/#finalists\">AUGA, Designers : Sigrid Karlsson, Anastasia Antropova &amp; Saga Hedlund<\/a><br \/>\n<a href=\"https:\/\/www.procarton.com\/awards\/pro-carton-young-designers-award\/2019\/categories\/#finalists\">CartonLoop, Designer : Anna Taferner<\/a><br \/>\n<a href=\"https:\/\/www.procarton.com\/awards\/pro-carton-young-designers-award\/2019\/categories\/#finalists\">Nuages du Nord, Designers : Jenny Alm\u00e9n, Lisa Str\u00f6mros &amp; Linn\u00e9a Samuelsson<\/a><br \/>\n<a href=\"https:\/\/www.procarton.com\/awards\/pro-carton-young-designers-award\/2019\/categories\/#finalists\">Emballage de la trousse \u00e0 crayons, Designer : Michal Hrywniak<\/a><br \/>\n<a href=\"https:\/\/www.procarton.com\/awards\/pro-carton-young-designers-award\/2019\/categories\/#finalists\">Bo\u00eete de pr\u00e9sentation pour lunettes, Designer : Melissa De Loenzien<\/a><br \/>\n<a href=\"https:\/\/www.procarton.com\/awards\/pro-carton-young-designers-award\/2019\/categories\/#finalists\">Sauvez les abeilles, Designers : Sophia Huber &amp; Daniela Betz<\/a><\/p>\n<p><strong>Public Award<\/strong><br \/>\n<strong><a href=\"https:\/\/www.procarton.com\/awards\/pro-carton-young-designers-award\/2019\/categories\/\">Cube de miel<br \/>\n<\/a><\/strong>Sabine Gradinger, Elisabeth Hahn<\/p>\n<p><strong><em><a href=\"https:\/\/www.procarton.com\/awards\/pro-carton-young-designers-award\/2019\/photos\/\"><span lang=\"EN-GB\">Plus de photos du Gala Award<\/span><\/a><\/em><\/strong><\/p>\n<p><em>Pour plus d'informations<\/em><br \/>\n<em>Suzanne E. McEwen, conseill\u00e8re en marketing de Pro Carton, <a href=\"mailto:mcewen@procarton.com\">mcewen@procarton.com<\/a><\/em><\/p>","protected":false},"excerpt":{"rendered":"<p>Les laur\u00e9ats du annuel Pro Carton Young Designers Award ont \u00e9t\u00e9 officiellement annonc\u00e9s. Des \u00e9tudiants d'Autriche et d'Allemagne ont remport\u00e9 les quatre premiers Awards.<\/p>","protected":false},"author":1,"featured_media":242669,"comment_status":"open","ping_status":"open","sticky":false,"template":"","format":"standard","meta":{"inline_featured_image":false,"footnotes":""},"categories":[42],"tags":[37],"class_list":["post-242668","post","type-post","status-publish","format-standard","has-post-thumbnail","hentry","category-awards","tag-events-fr"],"yoast_head":"<!-- This site is optimized with the Yoast SEO plugin v27.4 - https:\/\/yoast.com\/product\/yoast-seo-wordpress\/ -->\n<title>Pro Carton crowns the young designers of tomorrow - 2019 - Pro Carton<\/title>\n<meta name=\"robots\" content=\"index, follow, max-snippet:-1, max-image-preview:large, max-video-preview:-1\" \/>\n<link rel=\"canonical\" href=\"https:\/\/www.procarton.com\/fr\/pro-carton-crowns-the-young-designers-of-tomorrow\/\" \/>\n<meta property=\"og:locale\" content=\"fr_FR\" \/>\n<meta property=\"og:type\" content=\"article\" \/>\n<meta property=\"og:title\" content=\"Pro Carton crowns the young designers of tomorrow - 2019 - Pro Carton\" \/>\n<meta property=\"og:description\" content=\"The winners of the annual Pro carton Young Designers Award have been officially announced, with students from Austria and Germany taking the four top awards.\" \/>\n<meta property=\"og:url\" content=\"https:\/\/www.procarton.com\/fr\/pro-carton-crowns-the-young-designers-of-tomorrow\/\" \/>\n<meta property=\"og:site_name\" content=\"Pro Carton\" \/>\n<meta property=\"article:publisher\" content=\"https:\/\/www.facebook.com\/procartondesignaward\/\" \/>\n<meta property=\"article:published_time\" content=\"2019-09-18T23:00:00+00:00\" \/>\n<meta property=\"article:modified_time\" content=\"2023-10-10T12:16:02+00:00\" \/>\n<meta property=\"og:image\" content=\"https:\/\/www.procarton.com\/wp-content\/uploads\/2021\/02\/037-CP.jpg\" \/>\n\t<meta property=\"og:image:width\" content=\"2384\" \/>\n\t<meta property=\"og:image:height\" content=\"1590\" \/>\n\t<meta property=\"og:image:type\" content=\"image\/jpeg\" \/>\n<meta name=\"author\" content=\"esterling@admin\" \/>\n<meta name=\"twitter:card\" content=\"summary_large_image\" \/>\n<meta name=\"twitter:creator\" content=\"@pro_carton\" \/>\n<meta name=\"twitter:site\" content=\"@pro_carton\" \/>\n<meta name=\"twitter:label1\" content=\"\u00c9crit par\" \/>\n\t<meta name=\"twitter:data1\" content=\"esterling@admin\" \/>\n\t<meta name=\"twitter:label2\" content=\"Dur\u00e9e de lecture estim\u00e9e\" \/>\n\t<meta name=\"twitter:data2\" content=\"3 minutes\" \/>\n<script type=\"application\/ld+json\" class=\"yoast-schema-graph\">{\"@context\":\"https:\\\/\\\/schema.org\",\"@graph\":[{\"@type\":\"Article\",\"@id\":\"https:\\\/\\\/www.procarton.com\\\/pro-carton-crowns-the-young-designers-of-tomorrow\\\/#article\",\"isPartOf\":{\"@id\":\"https:\\\/\\\/www.procarton.com\\\/pro-carton-crowns-the-young-designers-of-tomorrow\\\/\"},\"author\":{\"name\":\"esterling@admin\",\"@id\":\"https:\\\/\\\/www.procarton.com\\\/es\\\/#\\\/schema\\\/person\\\/872a075145d2c38578ff4eed7d481251\"},\"headline\":\"Pro Carton crowns the young designers of tomorrow &#8211; 2019\",\"datePublished\":\"2019-09-18T23:00:00+00:00\",\"dateModified\":\"2023-10-10T12:16:02+00:00\",\"mainEntityOfPage\":{\"@id\":\"https:\\\/\\\/www.procarton.com\\\/pro-carton-crowns-the-young-designers-of-tomorrow\\\/\"},\"wordCount\":640,\"commentCount\":0,\"publisher\":{\"@id\":\"https:\\\/\\\/www.procarton.com\\\/es\\\/#organization\"},\"image\":{\"@id\":\"https:\\\/\\\/www.procarton.com\\\/pro-carton-crowns-the-young-designers-of-tomorrow\\\/#primaryimage\"},\"thumbnailUrl\":\"https:\\\/\\\/www.procarton.com\\\/wp-content\\\/uploads\\\/2021\\\/02\\\/037-CP.jpg\",\"keywords\":[\"Events\"],\"articleSection\":[\"Awards\"],\"inLanguage\":\"fr-FR\",\"potentialAction\":[{\"@type\":\"CommentAction\",\"name\":\"Comment\",\"target\":[\"https:\\\/\\\/www.procarton.com\\\/pro-carton-crowns-the-young-designers-of-tomorrow\\\/#respond\"]}]},{\"@type\":\"WebPage\",\"@id\":\"https:\\\/\\\/www.procarton.com\\\/pro-carton-crowns-the-young-designers-of-tomorrow\\\/\",\"url\":\"https:\\\/\\\/www.procarton.com\\\/pro-carton-crowns-the-young-designers-of-tomorrow\\\/\",\"name\":\"Pro Carton crowns the young designers of tomorrow - 2019 - Pro Carton\",\"isPartOf\":{\"@id\":\"https:\\\/\\\/www.procarton.com\\\/es\\\/#website\"},\"primaryImageOfPage\":{\"@id\":\"https:\\\/\\\/www.procarton.com\\\/pro-carton-crowns-the-young-designers-of-tomorrow\\\/#primaryimage\"},\"image\":{\"@id\":\"https:\\\/\\\/www.procarton.com\\\/pro-carton-crowns-the-young-designers-of-tomorrow\\\/#primaryimage\"},\"thumbnailUrl\":\"https:\\\/\\\/www.procarton.com\\\/wp-content\\\/uploads\\\/2021\\\/02\\\/037-CP.jpg\",\"datePublished\":\"2019-09-18T23:00:00+00:00\",\"dateModified\":\"2023-10-10T12:16:02+00:00\",\"breadcrumb\":{\"@id\":\"https:\\\/\\\/www.procarton.com\\\/pro-carton-crowns-the-young-designers-of-tomorrow\\\/#breadcrumb\"},\"inLanguage\":\"fr-FR\",\"potentialAction\":[{\"@type\":\"ReadAction\",\"target\":[\"https:\\\/\\\/www.procarton.com\\\/pro-carton-crowns-the-young-designers-of-tomorrow\\\/\"]}]},{\"@type\":\"ImageObject\",\"inLanguage\":\"fr-FR\",\"@id\":\"https:\\\/\\\/www.procarton.com\\\/pro-carton-crowns-the-young-designers-of-tomorrow\\\/#primaryimage\",\"url\":\"https:\\\/\\\/www.procarton.com\\\/wp-content\\\/uploads\\\/2021\\\/02\\\/037-CP.jpg\",\"contentUrl\":\"https:\\\/\\\/www.procarton.com\\\/wp-content\\\/uploads\\\/2021\\\/02\\\/037-CP.jpg\",\"width\":2384,\"height\":1590},{\"@type\":\"BreadcrumbList\",\"@id\":\"https:\\\/\\\/www.procarton.com\\\/pro-carton-crowns-the-young-designers-of-tomorrow\\\/#breadcrumb\",\"itemListElement\":[{\"@type\":\"ListItem\",\"position\":1,\"name\":\"Home\",\"item\":\"https:\\\/\\\/www.procarton.com\\\/\"},{\"@type\":\"ListItem\",\"position\":2,\"name\":\"Pro Carton crowns the young designers of tomorrow &#8211; 2019\"}]},{\"@type\":\"WebSite\",\"@id\":\"https:\\\/\\\/www.procarton.com\\\/es\\\/#website\",\"url\":\"https:\\\/\\\/www.procarton.com\\\/es\\\/\",\"name\":\"Pro Carton\",\"description\":\"\",\"publisher\":{\"@id\":\"https:\\\/\\\/www.procarton.com\\\/es\\\/#organization\"},\"potentialAction\":[{\"@type\":\"SearchAction\",\"target\":{\"@type\":\"EntryPoint\",\"urlTemplate\":\"https:\\\/\\\/www.procarton.com\\\/es\\\/?s={search_term_string}\"},\"query-input\":{\"@type\":\"PropertyValueSpecification\",\"valueRequired\":true,\"valueName\":\"search_term_string\"}}],\"inLanguage\":\"fr-FR\"},{\"@type\":\"Organization\",\"@id\":\"https:\\\/\\\/www.procarton.com\\\/es\\\/#organization\",\"name\":\"ProCarton\",\"url\":\"https:\\\/\\\/www.procarton.com\\\/es\\\/\",\"logo\":{\"@type\":\"ImageObject\",\"inLanguage\":\"fr-FR\",\"@id\":\"https:\\\/\\\/www.procarton.com\\\/es\\\/#\\\/schema\\\/logo\\\/image\\\/\",\"url\":\"https:\\\/\\\/www.procarton.com\\\/wp-content\\\/uploads\\\/2022\\\/06\\\/logo-mit-slogan.jpg\",\"contentUrl\":\"https:\\\/\\\/www.procarton.com\\\/wp-content\\\/uploads\\\/2022\\\/06\\\/logo-mit-slogan.jpg\",\"width\":422,\"height\":519,\"caption\":\"ProCarton\"},\"image\":{\"@id\":\"https:\\\/\\\/www.procarton.com\\\/es\\\/#\\\/schema\\\/logo\\\/image\\\/\"},\"sameAs\":[\"https:\\\/\\\/www.facebook.com\\\/procartondesignaward\\\/\",\"https:\\\/\\\/x.com\\\/pro_carton\"]},{\"@type\":\"Person\",\"@id\":\"https:\\\/\\\/www.procarton.com\\\/es\\\/#\\\/schema\\\/person\\\/872a075145d2c38578ff4eed7d481251\",\"name\":\"esterling@admin\",\"sameAs\":[\"https:\\\/\\\/www.procarton.com\"],\"url\":\"https:\\\/\\\/www.procarton.com\\\/fr\\\/author\\\/esterlingadmin\\\/\"}]}<\/script>\n<!-- \/ Yoast SEO plugin. -->","yoast_head_json":{"title":"Pro Carton couronne les jeunes designers de demain - 2019 - Pro Carton","robots":{"index":"index","follow":"follow","max-snippet":"max-snippet:-1","max-image-preview":"max-image-preview:large","max-video-preview":"max-video-preview:-1"},"canonical":"https:\/\/www.procarton.com\/fr\/pro-carton-crowns-the-young-designers-of-tomorrow\/","og_locale":"fr_FR","og_type":"article","og_title":"Pro Carton crowns the young designers of tomorrow - 2019 - Pro Carton","og_description":"The winners of the annual Pro carton Young Designers Award have been officially announced, with students from Austria and Germany taking the four top awards.","og_url":"https:\/\/www.procarton.com\/fr\/pro-carton-crowns-the-young-designers-of-tomorrow\/","og_site_name":"Pro Carton","article_publisher":"https:\/\/www.facebook.com\/procartondesignaward\/","article_published_time":"2019-09-18T23:00:00+00:00","article_modified_time":"2023-10-10T12:16:02+00:00","og_image":[{"width":2384,"height":1590,"url":"https:\/\/www.procarton.com\/wp-content\/uploads\/2021\/02\/037-CP.jpg","type":"image\/jpeg"}],"author":"esterling@admin","twitter_card":"summary_large_image","twitter_creator":"@pro_carton","twitter_site":"@pro_carton","twitter_misc":{"\u00c9crit par":"esterling@admin","Dur\u00e9e de lecture estim\u00e9e":"3 minutes"},"schema":{"@context":"https:\/\/schema.org","@graph":[{"@type":"Article","@id":"https:\/\/www.procarton.com\/pro-carton-crowns-the-young-designers-of-tomorrow\/#article","isPartOf":{"@id":"https:\/\/www.procarton.com\/pro-carton-crowns-the-young-designers-of-tomorrow\/"},"author":{"name":"esterling@admin","@id":"https:\/\/www.procarton.com\/es\/#\/schema\/person\/872a075145d2c38578ff4eed7d481251"},"headline":"Pro Carton crowns the young designers of tomorrow &#8211; 2019","datePublished":"2019-09-18T23:00:00+00:00","dateModified":"2023-10-10T12:16:02+00:00","mainEntityOfPage":{"@id":"https:\/\/www.procarton.com\/pro-carton-crowns-the-young-designers-of-tomorrow\/"},"wordCount":640,"commentCount":0,"publisher":{"@id":"https:\/\/www.procarton.com\/es\/#organization"},"image":{"@id":"https:\/\/www.procarton.com\/pro-carton-crowns-the-young-designers-of-tomorrow\/#primaryimage"},"thumbnailUrl":"https:\/\/www.procarton.com\/wp-content\/uploads\/2021\/02\/037-CP.jpg","keywords":["Events"],"articleSection":["Awards"],"inLanguage":"fr-FR","potentialAction":[{"@type":"CommentAction","name":"Comment","target":["https:\/\/www.procarton.com\/pro-carton-crowns-the-young-designers-of-tomorrow\/#respond"]}]},{"@type":"WebPage","@id":"https:\/\/www.procarton.com\/pro-carton-crowns-the-young-designers-of-tomorrow\/","url":"https:\/\/www.procarton.com\/pro-carton-crowns-the-young-designers-of-tomorrow\/","name":"Pro Carton couronne les jeunes designers de demain - 2019 - Pro Carton","isPartOf":{"@id":"https:\/\/www.procarton.com\/es\/#website"},"primaryImageOfPage":{"@id":"https:\/\/www.procarton.com\/pro-carton-crowns-the-young-designers-of-tomorrow\/#primaryimage"},"image":{"@id":"https:\/\/www.procarton.com\/pro-carton-crowns-the-young-designers-of-tomorrow\/#primaryimage"},"thumbnailUrl":"https:\/\/www.procarton.com\/wp-content\/uploads\/2021\/02\/037-CP.jpg","datePublished":"2019-09-18T23:00:00+00:00","dateModified":"2023-10-10T12:16:02+00:00","breadcrumb":{"@id":"https:\/\/www.procarton.com\/pro-carton-crowns-the-young-designers-of-tomorrow\/#breadcrumb"},"inLanguage":"fr-FR","potentialAction":[{"@type":"ReadAction","target":["https:\/\/www.procarton.com\/pro-carton-crowns-the-young-designers-of-tomorrow\/"]}]},{"@type":"ImageObject","inLanguage":"fr-FR","@id":"https:\/\/www.procarton.com\/pro-carton-crowns-the-young-designers-of-tomorrow\/#primaryimage","url":"https:\/\/www.procarton.com\/wp-content\/uploads\/2021\/02\/037-CP.jpg","contentUrl":"https:\/\/www.procarton.com\/wp-content\/uploads\/2021\/02\/037-CP.jpg","width":2384,"height":1590},{"@type":"BreadcrumbList","@id":"https:\/\/www.procarton.com\/pro-carton-crowns-the-young-designers-of-tomorrow\/#breadcrumb","itemListElement":[{"@type":"ListItem","position":1,"name":"Home","item":"https:\/\/www.procarton.com\/"},{"@type":"ListItem","position":2,"name":"Pro Carton crowns the young designers of tomorrow &#8211; 2019"}]},{"@type":"WebSite","@id":"https:\/\/www.procarton.com\/es\/#website","url":"https:\/\/www.procarton.com\/es\/","name":"Pro Carton","description":"","publisher":{"@id":"https:\/\/www.procarton.com\/es\/#organization"},"potentialAction":[{"@type":"SearchAction","target":{"@type":"EntryPoint","urlTemplate":"https:\/\/www.procarton.com\/es\/?s={search_term_string}"},"query-input":{"@type":"PropertyValueSpecification","valueRequired":true,"valueName":"search_term_string"}}],"inLanguage":"fr-FR"},{"@type":"Organization","@id":"https:\/\/www.procarton.com\/es\/#organization","name":"ProCarton","url":"https:\/\/www.procarton.com\/es\/","logo":{"@type":"ImageObject","inLanguage":"fr-FR","@id":"https:\/\/www.procarton.com\/es\/#\/schema\/logo\/image\/","url":"https:\/\/www.procarton.com\/wp-content\/uploads\/2022\/06\/logo-mit-slogan.jpg","contentUrl":"https:\/\/www.procarton.com\/wp-content\/uploads\/2022\/06\/logo-mit-slogan.jpg","width":422,"height":519,"caption":"ProCarton"},"image":{"@id":"https:\/\/www.procarton.com\/es\/#\/schema\/logo\/image\/"},"sameAs":["https:\/\/www.facebook.com\/procartondesignaward\/","https:\/\/x.com\/pro_carton"]},{"@type":"Person","@id":"https:\/\/www.procarton.com\/es\/#\/schema\/person\/872a075145d2c38578ff4eed7d481251","name":"esterling@admin","sameAs":["https:\/\/www.procarton.com"],"url":"https:\/\/www.procarton.com\/fr\/author\/esterlingadmin\/"}]}},"_links":{"self":[{"href":"https:\/\/www.procarton.com\/fr\/wp-json\/wp\/v2\/posts\/242668","targetHints":{"allow":["GET"]}}],"collection":[{"href":"https:\/\/www.procarton.com\/fr\/wp-json\/wp\/v2\/posts"}],"about":[{"href":"https:\/\/www.procarton.com\/fr\/wp-json\/wp\/v2\/types\/post"}],"author":[{"embeddable":true,"href":"https:\/\/www.procarton.com\/fr\/wp-json\/wp\/v2\/users\/1"}],"replies":[{"embeddable":true,"href":"https:\/\/www.procarton.com\/fr\/wp-json\/wp\/v2\/comments?post=242668"}],"version-history":[{"count":3,"href":"https:\/\/www.procarton.com\/fr\/wp-json\/wp\/v2\/posts\/242668\/revisions"}],"predecessor-version":[{"id":292336,"href":"https:\/\/www.procarton.com\/fr\/wp-json\/wp\/v2\/posts\/242668\/revisions\/292336"}],"wp:featuredmedia":[{"embeddable":true,"href":"https:\/\/www.procarton.com\/fr\/wp-json\/wp\/v2\/media\/242669"}],"wp:attachment":[{"href":"https:\/\/www.procarton.com\/fr\/wp-json\/wp\/v2\/media?parent=242668"}],"wp:term":[{"taxonomy":"category","embeddable":true,"href":"https:\/\/www.procarton.com\/fr\/wp-json\/wp\/v2\/categories?post=242668"},{"taxonomy":"post_tag","embeddable":true,"href":"https:\/\/www.procarton.com\/fr\/wp-json\/wp\/v2\/tags?post=242668"}],"curies":[{"name":"wp","href":"https:\/\/api.w.org\/{rel}","templated":true}]}}