{"id":242537,"date":"2019-04-29T00:00:00","date_gmt":"2019-04-28T23:00:00","guid":{"rendered":"https:\/\/www.procarton.com\/pro-carton-at-packaging-innovations-zurich-april-2019\/"},"modified":"2021-11-05T18:00:08","modified_gmt":"2021-11-05T18:00:08","slug":"pro-carton-at-packaging-innovations-zurich-april-2019","status":"publish","type":"post","link":"https:\/\/www.procarton.com\/fr\/pro-carton-at-packaging-innovations-zurich-april-2019\/","title":{"rendered":"Pro Carton \u00e0 Packaging Innovations Z\u00fcrich, avril 2019"},"content":{"rendered":"<p><strong>Les salons comme Packaging Innovations \u00e0 Zurich sont toujours une excellente occasion d'entrer en contact avec les d\u00e9cideurs de l'industrie. C'\u00e9tait un plaisir de pouvoir exposer tous les laur\u00e9ats de l'European Carton Excellence Awards et du Pro Carton Young Designers Award 2018 sur le stand de Pro Carton cette ann\u00e9e.<\/strong><\/p>\n<p>Les visiteurs ont \u00e9t\u00e9 particuli\u00e8rement impressionn\u00e9s par les cartons qui cherchent \u00e0 r\u00e9duire les plastiques \u00e0 base de p\u00e9trole dans les emballages alimentaires, par exemple les gagnants des cat\u00e9gories : \"Pop Up Cup\" \/Fast\/Convenience Foods, \"MA Food Tray\" \/Innovative Material, \"Zoe &amp; Zazu Goat Cheese Packaging\" \/Frozen &amp; Chilled Foods et \" Flatskin\" \/Save the Planet. Lien : https:\/\/www.procarton.com\/awards\/carton-excellence-award\/2018\/<\/p>\n<p>Nos publications ont \u00e9t\u00e9 tr\u00e8s populaires, \u00e0 tel point que nous avons d\u00fb en contr\u00f4ler le nombre pour nous assurer qu'elles n'\u00e9taient pas toutes parties le premier jour ! Nous avons distribu\u00e9 le magazine Pro Carton, la brochure Award et notre derni\u00e8re \u00e9tude sur l'attitude des consommateurs, disponible en version allemande et anglaise.<\/p>\n<p>Le point culminant a \u00e9t\u00e9 le discours du directeur g\u00e9n\u00e9ral de Pro Carton, Tony Hitchin, (sp\u00e9cialement invit\u00e9 par les organisateurs), qui a parl\u00e9 des avantages des emballages \u00e0 base de fibres. Les principales conclusions de sa pr\u00e9sentation \u00e9taient les suivantes :<\/p>\n<ul>\n<li>La recyclabilit\u00e9 n'est pas la m\u00eame chose que la durabilit\u00e9<\/li>\n<li>Les plastiques issus de combustibles fossiles ne peuvent pas \u00eatre vraiment durables<\/li>\n<li>Nous devons adopter les principes de l'\u00e9conomie circulaire.<\/li>\n<li>Les clients veulent des emballages en carton et sont pr\u00eats \u00e0 payer pour cela<\/li>\n<li>Les consommateurs estiment que les marques et les d\u00e9taillants ne font pas assez d'efforts pour introduire des emballages plus respectueux de l'environnement.<\/li>\n<li>Le carton est renouvelable, recyclable et biod\u00e9gradable.<\/li>\n<\/ul>","protected":false},"excerpt":{"rendered":"<p>Les salons comme Packaging Innovations \u00e0 Zurich sont toujours une excellente occasion d'entrer en contact avec les d\u00e9cideurs du secteur.<\/p>","protected":false},"author":1,"featured_media":242538,"comment_status":"open","ping_status":"open","sticky":false,"template":"","format":"standard","meta":{"inline_featured_image":false,"footnotes":""},"categories":[77,242],"tags":[],"class_list":["post-242537","post","type-post","status-publish","format-standard","has-post-thumbnail","hentry","category-national-activities","category-procarton"],"yoast_head":"<!-- This site is optimized with the Yoast SEO plugin v27.4 - https:\/\/yoast.com\/product\/yoast-seo-wordpress\/ -->\n<title>Pro Carton at Packaging Innovations Z\u00fcrich, April 2019 - Pro Carton<\/title>\n<meta name=\"robots\" content=\"index, follow, max-snippet:-1, max-image-preview:large, max-video-preview:-1\" \/>\n<link rel=\"canonical\" href=\"https:\/\/www.procarton.com\/fr\/pro-carton-at-packaging-innovations-zurich-april-2019\/\" \/>\n<meta property=\"og:locale\" content=\"fr_FR\" \/>\n<meta property=\"og:type\" content=\"article\" \/>\n<meta property=\"og:title\" content=\"Pro Carton at Packaging Innovations Z\u00fcrich, April 2019 - Pro Carton\" \/>\n<meta property=\"og:description\" content=\"Fairs like Packaging Innovations in Zurich are always a great opportunity to connect with decision makers in the industry.\" \/>\n<meta property=\"og:url\" content=\"https:\/\/www.procarton.com\/fr\/pro-carton-at-packaging-innovations-zurich-april-2019\/\" \/>\n<meta property=\"og:site_name\" content=\"Pro Carton\" \/>\n<meta property=\"article:publisher\" content=\"https:\/\/www.facebook.com\/procartondesignaward\/\" \/>\n<meta property=\"article:published_time\" content=\"2019-04-28T23:00:00+00:00\" \/>\n<meta property=\"article:modified_time\" content=\"2021-11-05T18:00:08+00:00\" \/>\n<meta property=\"og:image\" content=\"https:\/\/www.procarton.com\/wp-content\/uploads\/2021\/02\/DSC0572-2-600.jpg\" \/>\n\t<meta property=\"og:image:width\" content=\"600\" \/>\n\t<meta property=\"og:image:height\" content=\"400\" \/>\n\t<meta property=\"og:image:type\" content=\"image\/jpeg\" \/>\n<meta name=\"author\" content=\"esterling@admin\" \/>\n<meta name=\"twitter:card\" content=\"summary_large_image\" \/>\n<meta name=\"twitter:creator\" content=\"@pro_carton\" \/>\n<meta name=\"twitter:site\" content=\"@pro_carton\" \/>\n<meta name=\"twitter:label1\" content=\"\u00c9crit par\" \/>\n\t<meta name=\"twitter:data1\" content=\"esterling@admin\" \/>\n\t<meta name=\"twitter:label2\" content=\"Dur\u00e9e de lecture estim\u00e9e\" \/>\n\t<meta name=\"twitter:data2\" content=\"1 minute\" \/>\n<script type=\"application\/ld+json\" class=\"yoast-schema-graph\">{\"@context\":\"https:\\\/\\\/schema.org\",\"@graph\":[{\"@type\":\"Article\",\"@id\":\"https:\\\/\\\/www.procarton.com\\\/es\\\/pro-carton-at-packaging-innovations-zurich-april-2019\\\/#article\",\"isPartOf\":{\"@id\":\"https:\\\/\\\/www.procarton.com\\\/es\\\/pro-carton-at-packaging-innovations-zurich-april-2019\\\/\"},\"author\":{\"name\":\"esterling@admin\",\"@id\":\"https:\\\/\\\/www.procarton.com\\\/es\\\/#\\\/schema\\\/person\\\/872a075145d2c38578ff4eed7d481251\"},\"headline\":\"Pro Carton at Packaging Innovations Z\u00fcrich, April 2019\",\"datePublished\":\"2019-04-28T23:00:00+00:00\",\"dateModified\":\"2021-11-05T18:00:08+00:00\",\"mainEntityOfPage\":{\"@id\":\"https:\\\/\\\/www.procarton.com\\\/es\\\/pro-carton-at-packaging-innovations-zurich-april-2019\\\/\"},\"wordCount\":258,\"commentCount\":0,\"publisher\":{\"@id\":\"https:\\\/\\\/www.procarton.com\\\/es\\\/#organization\"},\"image\":{\"@id\":\"https:\\\/\\\/www.procarton.com\\\/es\\\/pro-carton-at-packaging-innovations-zurich-april-2019\\\/#primaryimage\"},\"thumbnailUrl\":\"https:\\\/\\\/www.procarton.com\\\/wp-content\\\/uploads\\\/2021\\\/02\\\/DSC0572-2-600.jpg\",\"articleSection\":[\"National Activities\",\"Pro Carton\"],\"inLanguage\":\"fr-FR\",\"potentialAction\":[{\"@type\":\"CommentAction\",\"name\":\"Comment\",\"target\":[\"https:\\\/\\\/www.procarton.com\\\/es\\\/pro-carton-at-packaging-innovations-zurich-april-2019\\\/#respond\"]}]},{\"@type\":\"WebPage\",\"@id\":\"https:\\\/\\\/www.procarton.com\\\/es\\\/pro-carton-at-packaging-innovations-zurich-april-2019\\\/\",\"url\":\"https:\\\/\\\/www.procarton.com\\\/es\\\/pro-carton-at-packaging-innovations-zurich-april-2019\\\/\",\"name\":\"Pro Carton at Packaging Innovations Z\u00fcrich, April 2019 - Pro Carton\",\"isPartOf\":{\"@id\":\"https:\\\/\\\/www.procarton.com\\\/es\\\/#website\"},\"primaryImageOfPage\":{\"@id\":\"https:\\\/\\\/www.procarton.com\\\/es\\\/pro-carton-at-packaging-innovations-zurich-april-2019\\\/#primaryimage\"},\"image\":{\"@id\":\"https:\\\/\\\/www.procarton.com\\\/es\\\/pro-carton-at-packaging-innovations-zurich-april-2019\\\/#primaryimage\"},\"thumbnailUrl\":\"https:\\\/\\\/www.procarton.com\\\/wp-content\\\/uploads\\\/2021\\\/02\\\/DSC0572-2-600.jpg\",\"datePublished\":\"2019-04-28T23:00:00+00:00\",\"dateModified\":\"2021-11-05T18:00:08+00:00\",\"breadcrumb\":{\"@id\":\"https:\\\/\\\/www.procarton.com\\\/es\\\/pro-carton-at-packaging-innovations-zurich-april-2019\\\/#breadcrumb\"},\"inLanguage\":\"fr-FR\",\"potentialAction\":[{\"@type\":\"ReadAction\",\"target\":[\"https:\\\/\\\/www.procarton.com\\\/es\\\/pro-carton-at-packaging-innovations-zurich-april-2019\\\/\"]}]},{\"@type\":\"ImageObject\",\"inLanguage\":\"fr-FR\",\"@id\":\"https:\\\/\\\/www.procarton.com\\\/es\\\/pro-carton-at-packaging-innovations-zurich-april-2019\\\/#primaryimage\",\"url\":\"https:\\\/\\\/www.procarton.com\\\/wp-content\\\/uploads\\\/2021\\\/02\\\/DSC0572-2-600.jpg\",\"contentUrl\":\"https:\\\/\\\/www.procarton.com\\\/wp-content\\\/uploads\\\/2021\\\/02\\\/DSC0572-2-600.jpg\",\"width\":600,\"height\":400,\"caption\":\"Messe Schweiz 2019\"},{\"@type\":\"BreadcrumbList\",\"@id\":\"https:\\\/\\\/www.procarton.com\\\/es\\\/pro-carton-at-packaging-innovations-zurich-april-2019\\\/#breadcrumb\",\"itemListElement\":[{\"@type\":\"ListItem\",\"position\":1,\"name\":\"Home\",\"item\":\"https:\\\/\\\/www.procarton.com\\\/\"},{\"@type\":\"ListItem\",\"position\":2,\"name\":\"Pro Carton at Packaging Innovations Z\u00fcrich, April 2019\"}]},{\"@type\":\"WebSite\",\"@id\":\"https:\\\/\\\/www.procarton.com\\\/es\\\/#website\",\"url\":\"https:\\\/\\\/www.procarton.com\\\/es\\\/\",\"name\":\"Pro Carton\",\"description\":\"\",\"publisher\":{\"@id\":\"https:\\\/\\\/www.procarton.com\\\/es\\\/#organization\"},\"potentialAction\":[{\"@type\":\"SearchAction\",\"target\":{\"@type\":\"EntryPoint\",\"urlTemplate\":\"https:\\\/\\\/www.procarton.com\\\/es\\\/?s={search_term_string}\"},\"query-input\":{\"@type\":\"PropertyValueSpecification\",\"valueRequired\":true,\"valueName\":\"search_term_string\"}}],\"inLanguage\":\"fr-FR\"},{\"@type\":\"Organization\",\"@id\":\"https:\\\/\\\/www.procarton.com\\\/es\\\/#organization\",\"name\":\"ProCarton\",\"url\":\"https:\\\/\\\/www.procarton.com\\\/es\\\/\",\"logo\":{\"@type\":\"ImageObject\",\"inLanguage\":\"fr-FR\",\"@id\":\"https:\\\/\\\/www.procarton.com\\\/es\\\/#\\\/schema\\\/logo\\\/image\\\/\",\"url\":\"https:\\\/\\\/www.procarton.com\\\/wp-content\\\/uploads\\\/2022\\\/06\\\/logo-mit-slogan.jpg\",\"contentUrl\":\"https:\\\/\\\/www.procarton.com\\\/wp-content\\\/uploads\\\/2022\\\/06\\\/logo-mit-slogan.jpg\",\"width\":422,\"height\":519,\"caption\":\"ProCarton\"},\"image\":{\"@id\":\"https:\\\/\\\/www.procarton.com\\\/es\\\/#\\\/schema\\\/logo\\\/image\\\/\"},\"sameAs\":[\"https:\\\/\\\/www.facebook.com\\\/procartondesignaward\\\/\",\"https:\\\/\\\/x.com\\\/pro_carton\"]},{\"@type\":\"Person\",\"@id\":\"https:\\\/\\\/www.procarton.com\\\/es\\\/#\\\/schema\\\/person\\\/872a075145d2c38578ff4eed7d481251\",\"name\":\"esterling@admin\",\"sameAs\":[\"https:\\\/\\\/www.procarton.com\"],\"url\":\"https:\\\/\\\/www.procarton.com\\\/fr\\\/author\\\/esterlingadmin\\\/\"}]}<\/script>\n<!-- \/ Yoast SEO plugin. -->","yoast_head_json":{"title":"Pro Carton \u00e0 Packaging Innovations Z\u00fcrich, avril 2019 - Pro Carton","robots":{"index":"index","follow":"follow","max-snippet":"max-snippet:-1","max-image-preview":"max-image-preview:large","max-video-preview":"max-video-preview:-1"},"canonical":"https:\/\/www.procarton.com\/fr\/pro-carton-at-packaging-innovations-zurich-april-2019\/","og_locale":"fr_FR","og_type":"article","og_title":"Pro Carton at Packaging Innovations Z\u00fcrich, April 2019 - Pro Carton","og_description":"Fairs like Packaging Innovations in Zurich are always a great opportunity to connect with decision makers in the industry.","og_url":"https:\/\/www.procarton.com\/fr\/pro-carton-at-packaging-innovations-zurich-april-2019\/","og_site_name":"Pro Carton","article_publisher":"https:\/\/www.facebook.com\/procartondesignaward\/","article_published_time":"2019-04-28T23:00:00+00:00","article_modified_time":"2021-11-05T18:00:08+00:00","og_image":[{"width":600,"height":400,"url":"https:\/\/www.procarton.com\/wp-content\/uploads\/2021\/02\/DSC0572-2-600.jpg","type":"image\/jpeg"}],"author":"esterling@admin","twitter_card":"summary_large_image","twitter_creator":"@pro_carton","twitter_site":"@pro_carton","twitter_misc":{"\u00c9crit par":"esterling@admin","Dur\u00e9e de lecture estim\u00e9e":"1 minute"},"schema":{"@context":"https:\/\/schema.org","@graph":[{"@type":"Article","@id":"https:\/\/www.procarton.com\/es\/pro-carton-at-packaging-innovations-zurich-april-2019\/#article","isPartOf":{"@id":"https:\/\/www.procarton.com\/es\/pro-carton-at-packaging-innovations-zurich-april-2019\/"},"author":{"name":"esterling@admin","@id":"https:\/\/www.procarton.com\/es\/#\/schema\/person\/872a075145d2c38578ff4eed7d481251"},"headline":"Pro Carton at Packaging Innovations Z\u00fcrich, April 2019","datePublished":"2019-04-28T23:00:00+00:00","dateModified":"2021-11-05T18:00:08+00:00","mainEntityOfPage":{"@id":"https:\/\/www.procarton.com\/es\/pro-carton-at-packaging-innovations-zurich-april-2019\/"},"wordCount":258,"commentCount":0,"publisher":{"@id":"https:\/\/www.procarton.com\/es\/#organization"},"image":{"@id":"https:\/\/www.procarton.com\/es\/pro-carton-at-packaging-innovations-zurich-april-2019\/#primaryimage"},"thumbnailUrl":"https:\/\/www.procarton.com\/wp-content\/uploads\/2021\/02\/DSC0572-2-600.jpg","articleSection":["National Activities","Pro Carton"],"inLanguage":"fr-FR","potentialAction":[{"@type":"CommentAction","name":"Comment","target":["https:\/\/www.procarton.com\/es\/pro-carton-at-packaging-innovations-zurich-april-2019\/#respond"]}]},{"@type":"WebPage","@id":"https:\/\/www.procarton.com\/es\/pro-carton-at-packaging-innovations-zurich-april-2019\/","url":"https:\/\/www.procarton.com\/es\/pro-carton-at-packaging-innovations-zurich-april-2019\/","name":"Pro Carton \u00e0 Packaging Innovations Z\u00fcrich, avril 2019 - Pro Carton","isPartOf":{"@id":"https:\/\/www.procarton.com\/es\/#website"},"primaryImageOfPage":{"@id":"https:\/\/www.procarton.com\/es\/pro-carton-at-packaging-innovations-zurich-april-2019\/#primaryimage"},"image":{"@id":"https:\/\/www.procarton.com\/es\/pro-carton-at-packaging-innovations-zurich-april-2019\/#primaryimage"},"thumbnailUrl":"https:\/\/www.procarton.com\/wp-content\/uploads\/2021\/02\/DSC0572-2-600.jpg","datePublished":"2019-04-28T23:00:00+00:00","dateModified":"2021-11-05T18:00:08+00:00","breadcrumb":{"@id":"https:\/\/www.procarton.com\/es\/pro-carton-at-packaging-innovations-zurich-april-2019\/#breadcrumb"},"inLanguage":"fr-FR","potentialAction":[{"@type":"ReadAction","target":["https:\/\/www.procarton.com\/es\/pro-carton-at-packaging-innovations-zurich-april-2019\/"]}]},{"@type":"ImageObject","inLanguage":"fr-FR","@id":"https:\/\/www.procarton.com\/es\/pro-carton-at-packaging-innovations-zurich-april-2019\/#primaryimage","url":"https:\/\/www.procarton.com\/wp-content\/uploads\/2021\/02\/DSC0572-2-600.jpg","contentUrl":"https:\/\/www.procarton.com\/wp-content\/uploads\/2021\/02\/DSC0572-2-600.jpg","width":600,"height":400,"caption":"Messe Schweiz 2019"},{"@type":"BreadcrumbList","@id":"https:\/\/www.procarton.com\/es\/pro-carton-at-packaging-innovations-zurich-april-2019\/#breadcrumb","itemListElement":[{"@type":"ListItem","position":1,"name":"Home","item":"https:\/\/www.procarton.com\/"},{"@type":"ListItem","position":2,"name":"Pro Carton at Packaging Innovations Z\u00fcrich, April 2019"}]},{"@type":"WebSite","@id":"https:\/\/www.procarton.com\/es\/#website","url":"https:\/\/www.procarton.com\/es\/","name":"Pro Carton","description":"","publisher":{"@id":"https:\/\/www.procarton.com\/es\/#organization"},"potentialAction":[{"@type":"SearchAction","target":{"@type":"EntryPoint","urlTemplate":"https:\/\/www.procarton.com\/es\/?s={search_term_string}"},"query-input":{"@type":"PropertyValueSpecification","valueRequired":true,"valueName":"search_term_string"}}],"inLanguage":"fr-FR"},{"@type":"Organization","@id":"https:\/\/www.procarton.com\/es\/#organization","name":"ProCarton","url":"https:\/\/www.procarton.com\/es\/","logo":{"@type":"ImageObject","inLanguage":"fr-FR","@id":"https:\/\/www.procarton.com\/es\/#\/schema\/logo\/image\/","url":"https:\/\/www.procarton.com\/wp-content\/uploads\/2022\/06\/logo-mit-slogan.jpg","contentUrl":"https:\/\/www.procarton.com\/wp-content\/uploads\/2022\/06\/logo-mit-slogan.jpg","width":422,"height":519,"caption":"ProCarton"},"image":{"@id":"https:\/\/www.procarton.com\/es\/#\/schema\/logo\/image\/"},"sameAs":["https:\/\/www.facebook.com\/procartondesignaward\/","https:\/\/x.com\/pro_carton"]},{"@type":"Person","@id":"https:\/\/www.procarton.com\/es\/#\/schema\/person\/872a075145d2c38578ff4eed7d481251","name":"esterling@admin","sameAs":["https:\/\/www.procarton.com"],"url":"https:\/\/www.procarton.com\/fr\/author\/esterlingadmin\/"}]}},"_links":{"self":[{"href":"https:\/\/www.procarton.com\/fr\/wp-json\/wp\/v2\/posts\/242537","targetHints":{"allow":["GET"]}}],"collection":[{"href":"https:\/\/www.procarton.com\/fr\/wp-json\/wp\/v2\/posts"}],"about":[{"href":"https:\/\/www.procarton.com\/fr\/wp-json\/wp\/v2\/types\/post"}],"author":[{"embeddable":true,"href":"https:\/\/www.procarton.com\/fr\/wp-json\/wp\/v2\/users\/1"}],"replies":[{"embeddable":true,"href":"https:\/\/www.procarton.com\/fr\/wp-json\/wp\/v2\/comments?post=242537"}],"version-history":[{"count":1,"href":"https:\/\/www.procarton.com\/fr\/wp-json\/wp\/v2\/posts\/242537\/revisions"}],"predecessor-version":[{"id":265824,"href":"https:\/\/www.procarton.com\/fr\/wp-json\/wp\/v2\/posts\/242537\/revisions\/265824"}],"wp:featuredmedia":[{"embeddable":true,"href":"https:\/\/www.procarton.com\/fr\/wp-json\/wp\/v2\/media\/242538"}],"wp:attachment":[{"href":"https:\/\/www.procarton.com\/fr\/wp-json\/wp\/v2\/media?parent=242537"}],"wp:term":[{"taxonomy":"category","embeddable":true,"href":"https:\/\/www.procarton.com\/fr\/wp-json\/wp\/v2\/categories?post=242537"},{"taxonomy":"post_tag","embeddable":true,"href":"https:\/\/www.procarton.com\/fr\/wp-json\/wp\/v2\/tags?post=242537"}],"curies":[{"name":"wp","href":"https:\/\/api.w.org\/{rel}","templated":true}]}}