{"id":242499,"date":"2019-03-12T00:00:00","date_gmt":"2019-03-12T00:00:00","guid":{"rendered":"https:\/\/www.procarton.com\/ticcit-in-action\/"},"modified":"2021-11-05T18:07:27","modified_gmt":"2021-11-05T18:07:27","slug":"ticcit-in-action","status":"publish","type":"post","link":"https:\/\/www.procarton.com\/fr\/ticcit-in-action\/","title":{"rendered":"TICCIT en action"},"content":{"rendered":"<p style=\"font-weight: 400;\"><strong>Le succ\u00e8s du programme TICCIT repose sur le fait que les entreprises membres s'approprient le programme en \u00e9tablissant des partenariats avec leurs \u00e9coles locales.<\/strong><\/p>\n<p style=\"font-weight: 400;\">TICCIT a maintenant \u00e9t\u00e9 pr\u00e9sent\u00e9 \u00e0 un certain nombre d'\u00e9coles et de groupes \u00e0 travers l'Europe.  Nous les remercions pour ces photos, citations et images de l'exp\u00e9rience TICCIT jusqu'\u00e0 pr\u00e9sent :<\/p>\n<div id=\"attachment_204395\" style=\"width: 690px\" class=\"wp-caption aligncenter\"><img loading=\"lazy\" decoding=\"async\" aria-describedby=\"caption-attachment-204395\" class=\"wp-image-204395\" src=\"https:\/\/www.procarton.com\/wp-content\/uploads\/2021\/02\/Photo-collage-for-Leeds-Pro-Carton-News-Story-on-Graphic-Packaging-and-TICCIT-1-704x1024.jpg\" alt=\"\" width=\"680\" height=\"989\" \/><\/p>\n<p id=\"caption-attachment-204395\" class=\"wp-caption-text\">LEEDS, ROYAUME-UNI. Image reproduite avec l'aimable autorisation de Graphic Packaging International<\/p>\n<\/div>\n<p>&nbsp;<\/p>\n<div id=\"attachment_204403\" style=\"width: 760px\" class=\"wp-caption aligncenter\"><img loading=\"lazy\" decoding=\"async\" aria-describedby=\"caption-attachment-204403\" class=\"wp-image-204403 size-large\" src=\"https:\/\/www.procarton.com\/wp-content\/uploads\/2021\/02\/Photo-collage-for-Bremen-Germany-TICCIT-1-1024x576.jpg\" alt=\"\" width=\"750\" height=\"422\" \/><\/p>\n<p id=\"caption-attachment-204403\" class=\"wp-caption-text\">BREMEN, ALLEMAGNE. Image reproduite avec l'aimable autorisation de Graphic Packaging International<\/p>\n<\/div>\n<p>&nbsp;<\/p>\n<p style=\"font-weight: 400;\"><strong>Citation de l'\u00e9cole primaire Christchurch, Bristol, Royaume-Uni<\/strong><\/p>\n<p style=\"font-weight: 400;\"><strong>\"Merci beaucoup d'\u00eatre venu visiter notre \u00e9cole. Les enfants ont vraiment aim\u00e9 avoir la chance d'apprendre tout sur les arbres et comment ils grandissent et se d\u00e9veloppent. Ils ont aim\u00e9 apprendre comment le papier vient des arbres et ont \u00e9t\u00e9 \u00e9tonn\u00e9s de voir comment les arbres peuvent produire des bo\u00eetes en carton ! Ils \u00e9taient si fiers de leurs arbres et c'\u00e9tait agr\u00e9able de les voir tous si excit\u00e9s \u00e0 l'id\u00e9e de montrer leurs arbres \u00e0 leurs familles. Je ne les ai jamais vus aussi engag\u00e9s dans quelque chose ! Une grande exp\u00e9rience d'apprentissage pour tous les participants. Merci !\"  Amelia<\/strong><\/p>\n<p>&nbsp;<\/p>\n<p>&nbsp;<\/p>\n<div id=\"attachment_204150\" style=\"width: 760px\" class=\"wp-caption aligncenter\"><img loading=\"lazy\" decoding=\"async\" aria-describedby=\"caption-attachment-204150\" class=\"wp-image-204150 size-large\" src=\"https:\/\/www.procarton.com\/wp-content\/uploads\/2021\/02\/Bardon-2-1024x482.jpg\" alt=\"\" width=\"750\" height=\"353\" \/><\/p>\n<p id=\"caption-attachment-204150\" class=\"wp-caption-text\">BARDON, ANGLETERRE. Image reproduite avec l'aimable autorisation de Graphic Packaging International<\/p>\n<\/div>\n<p>&nbsp;<\/p>\n<p>&nbsp;<\/p>\n<div id=\"attachment_204313\" style=\"width: 760px\" class=\"wp-caption aligncenter\"><img loading=\"lazy\" decoding=\"async\" aria-describedby=\"caption-attachment-204313\" class=\"wp-image-204313 size-large\" src=\"https:\/\/www.procarton.com\/wp-content\/uploads\/2021\/02\/Masnieres-collage-TICCIT-Graphic-Packaging-1024x576.jpg\" alt=\"\" width=\"750\" height=\"422\" \/><\/p>\n<p id=\"caption-attachment-204313\" class=\"wp-caption-text\">MASNIERES, FRANCE. Image reproduite avec l'aimable autorisation de Graphic Packaging International<\/p>\n<\/div>\n<p>&nbsp;<\/p>\n<p>&nbsp;<\/p>\n<div id=\"attachment_204190\" style=\"width: 710px\" class=\"wp-caption aligncenter\"><img loading=\"lazy\" decoding=\"async\" aria-describedby=\"caption-attachment-204190\" class=\"wp-image-204190\" src=\"https:\/\/www.procarton.com\/wp-content\/uploads\/2021\/02\/Hoogerheide-1-1.jpg\" alt=\"\" width=\"700\" height=\"525\" \/><\/p>\n<p id=\"caption-attachment-204190\" class=\"wp-caption-text\">HOOGERHEIDE, PAYS-BAS. Image reproduite avec l'aimable autorisation de Graphic Packaging International<\/p>\n<\/div>\n<p>&nbsp;<\/p>\n<p>&nbsp;<\/p>\n<p style=\"font-weight: 400;\"><strong>N'h\u00e9sitez pas \u00e0 nous faire savoir<\/strong><strong>ave vos photos pour que nous puissions les ajouter \u00e0 l'album !<\/strong><\/p>\n<p><em>Pour plus d'informations sur TICCIT, veuillez cliquer sur <a href=\"https:\/\/www.procarton.com\/sustainability\/ticcit\/\">D\u00e9veloppement durable\/TICCIT<\/a><\/em><\/p>","protected":false},"excerpt":{"rendered":"<p>Le programme \u00e9ducatif TICCIT a maintenant \u00e9t\u00e9 pr\u00e9sent\u00e9 \u00e0 un certain nombre d'\u00e9coles et de groupes \u00e0 travers l'Europe.  Le succ\u00e8s de TICCIT repose sur les partenariats entre les entreprises membres et leurs \u00e9coles locales.  Nous vous invitons \u00e0 jeter un coup d'\u0153il \u00e0 TICCIT en action.<\/p>","protected":false},"author":1,"featured_media":242505,"comment_status":"open","ping_status":"open","sticky":false,"template":"","format":"standard","meta":{"inline_featured_image":false,"footnotes":""},"categories":[242,93],"tags":[],"class_list":["post-242499","post","type-post","status-publish","format-standard","has-post-thumbnail","hentry","category-procarton","category-ticcit"],"yoast_head":"<!-- This site is optimized with the Yoast SEO plugin v27.4 - https:\/\/yoast.com\/product\/yoast-seo-wordpress\/ -->\n<title>TICCIT In Action - Pro Carton<\/title>\n<meta name=\"robots\" content=\"index, follow, max-snippet:-1, max-image-preview:large, max-video-preview:-1\" \/>\n<link rel=\"canonical\" href=\"https:\/\/www.procarton.com\/fr\/ticcit-in-action\/\" \/>\n<meta property=\"og:locale\" content=\"fr_FR\" \/>\n<meta property=\"og:type\" content=\"article\" \/>\n<meta property=\"og:title\" content=\"TICCIT In Action - Pro Carton\" \/>\n<meta property=\"og:description\" content=\"The TICCIT educational programme has now been presented to a number of schools and groups across Europe.\u00a0 The success of TICCIT relies on member companies partnering with their local schools. We invite you to take a look at TICCIT In Action\" \/>\n<meta property=\"og:url\" content=\"https:\/\/www.procarton.com\/fr\/ticcit-in-action\/\" \/>\n<meta property=\"og:site_name\" content=\"Pro Carton\" \/>\n<meta property=\"article:publisher\" content=\"https:\/\/www.facebook.com\/procartondesignaward\/\" \/>\n<meta property=\"article:published_time\" content=\"2019-03-12T00:00:00+00:00\" \/>\n<meta property=\"article:modified_time\" content=\"2021-11-05T18:07:27+00:00\" \/>\n<meta property=\"og:image\" content=\"https:\/\/www.procarton.com\/wp-content\/uploads\/2021\/02\/TICCIT-EN.jpg\" \/>\n\t<meta property=\"og:image:width\" content=\"600\" \/>\n\t<meta property=\"og:image:height\" content=\"400\" \/>\n\t<meta property=\"og:image:type\" content=\"image\/jpeg\" \/>\n<meta name=\"author\" content=\"esterling@admin\" \/>\n<meta name=\"twitter:card\" content=\"summary_large_image\" \/>\n<meta name=\"twitter:creator\" content=\"@pro_carton\" \/>\n<meta name=\"twitter:site\" content=\"@pro_carton\" \/>\n<meta name=\"twitter:label1\" content=\"\u00c9crit par\" \/>\n\t<meta name=\"twitter:data1\" content=\"esterling@admin\" \/>\n\t<meta name=\"twitter:label2\" content=\"Dur\u00e9e de lecture estim\u00e9e\" \/>\n\t<meta name=\"twitter:data2\" content=\"1 minute\" \/>\n<script type=\"application\/ld+json\" class=\"yoast-schema-graph\">{\"@context\":\"https:\\\/\\\/schema.org\",\"@graph\":[{\"@type\":\"Article\",\"@id\":\"https:\\\/\\\/www.procarton.com\\\/es\\\/ticcit-in-action\\\/#article\",\"isPartOf\":{\"@id\":\"https:\\\/\\\/www.procarton.com\\\/es\\\/ticcit-in-action\\\/\"},\"author\":{\"name\":\"esterling@admin\",\"@id\":\"https:\\\/\\\/www.procarton.com\\\/es\\\/#\\\/schema\\\/person\\\/872a075145d2c38578ff4eed7d481251\"},\"headline\":\"TICCIT In Action\",\"datePublished\":\"2019-03-12T00:00:00+00:00\",\"dateModified\":\"2021-11-05T18:07:27+00:00\",\"mainEntityOfPage\":{\"@id\":\"https:\\\/\\\/www.procarton.com\\\/es\\\/ticcit-in-action\\\/\"},\"wordCount\":263,\"commentCount\":0,\"publisher\":{\"@id\":\"https:\\\/\\\/www.procarton.com\\\/es\\\/#organization\"},\"image\":{\"@id\":\"https:\\\/\\\/www.procarton.com\\\/es\\\/ticcit-in-action\\\/#primaryimage\"},\"thumbnailUrl\":\"https:\\\/\\\/www.procarton.com\\\/wp-content\\\/uploads\\\/2021\\\/02\\\/TICCIT-EN.jpg\",\"articleSection\":[\"Pro Carton\",\"TICCIT\"],\"inLanguage\":\"fr-FR\",\"potentialAction\":[{\"@type\":\"CommentAction\",\"name\":\"Comment\",\"target\":[\"https:\\\/\\\/www.procarton.com\\\/es\\\/ticcit-in-action\\\/#respond\"]}]},{\"@type\":\"WebPage\",\"@id\":\"https:\\\/\\\/www.procarton.com\\\/es\\\/ticcit-in-action\\\/\",\"url\":\"https:\\\/\\\/www.procarton.com\\\/es\\\/ticcit-in-action\\\/\",\"name\":\"TICCIT In Action - Pro Carton\",\"isPartOf\":{\"@id\":\"https:\\\/\\\/www.procarton.com\\\/es\\\/#website\"},\"primaryImageOfPage\":{\"@id\":\"https:\\\/\\\/www.procarton.com\\\/es\\\/ticcit-in-action\\\/#primaryimage\"},\"image\":{\"@id\":\"https:\\\/\\\/www.procarton.com\\\/es\\\/ticcit-in-action\\\/#primaryimage\"},\"thumbnailUrl\":\"https:\\\/\\\/www.procarton.com\\\/wp-content\\\/uploads\\\/2021\\\/02\\\/TICCIT-EN.jpg\",\"datePublished\":\"2019-03-12T00:00:00+00:00\",\"dateModified\":\"2021-11-05T18:07:27+00:00\",\"breadcrumb\":{\"@id\":\"https:\\\/\\\/www.procarton.com\\\/es\\\/ticcit-in-action\\\/#breadcrumb\"},\"inLanguage\":\"fr-FR\",\"potentialAction\":[{\"@type\":\"ReadAction\",\"target\":[\"https:\\\/\\\/www.procarton.com\\\/es\\\/ticcit-in-action\\\/\"]}]},{\"@type\":\"ImageObject\",\"inLanguage\":\"fr-FR\",\"@id\":\"https:\\\/\\\/www.procarton.com\\\/es\\\/ticcit-in-action\\\/#primaryimage\",\"url\":\"https:\\\/\\\/www.procarton.com\\\/wp-content\\\/uploads\\\/2021\\\/02\\\/TICCIT-EN.jpg\",\"contentUrl\":\"https:\\\/\\\/www.procarton.com\\\/wp-content\\\/uploads\\\/2021\\\/02\\\/TICCIT-EN.jpg\",\"width\":600,\"height\":400},{\"@type\":\"BreadcrumbList\",\"@id\":\"https:\\\/\\\/www.procarton.com\\\/es\\\/ticcit-in-action\\\/#breadcrumb\",\"itemListElement\":[{\"@type\":\"ListItem\",\"position\":1,\"name\":\"Home\",\"item\":\"https:\\\/\\\/www.procarton.com\\\/\"},{\"@type\":\"ListItem\",\"position\":2,\"name\":\"TICCIT In Action\"}]},{\"@type\":\"WebSite\",\"@id\":\"https:\\\/\\\/www.procarton.com\\\/es\\\/#website\",\"url\":\"https:\\\/\\\/www.procarton.com\\\/es\\\/\",\"name\":\"Pro Carton\",\"description\":\"\",\"publisher\":{\"@id\":\"https:\\\/\\\/www.procarton.com\\\/es\\\/#organization\"},\"potentialAction\":[{\"@type\":\"SearchAction\",\"target\":{\"@type\":\"EntryPoint\",\"urlTemplate\":\"https:\\\/\\\/www.procarton.com\\\/es\\\/?s={search_term_string}\"},\"query-input\":{\"@type\":\"PropertyValueSpecification\",\"valueRequired\":true,\"valueName\":\"search_term_string\"}}],\"inLanguage\":\"fr-FR\"},{\"@type\":\"Organization\",\"@id\":\"https:\\\/\\\/www.procarton.com\\\/es\\\/#organization\",\"name\":\"ProCarton\",\"url\":\"https:\\\/\\\/www.procarton.com\\\/es\\\/\",\"logo\":{\"@type\":\"ImageObject\",\"inLanguage\":\"fr-FR\",\"@id\":\"https:\\\/\\\/www.procarton.com\\\/es\\\/#\\\/schema\\\/logo\\\/image\\\/\",\"url\":\"https:\\\/\\\/www.procarton.com\\\/wp-content\\\/uploads\\\/2022\\\/06\\\/logo-mit-slogan.jpg\",\"contentUrl\":\"https:\\\/\\\/www.procarton.com\\\/wp-content\\\/uploads\\\/2022\\\/06\\\/logo-mit-slogan.jpg\",\"width\":422,\"height\":519,\"caption\":\"ProCarton\"},\"image\":{\"@id\":\"https:\\\/\\\/www.procarton.com\\\/es\\\/#\\\/schema\\\/logo\\\/image\\\/\"},\"sameAs\":[\"https:\\\/\\\/www.facebook.com\\\/procartondesignaward\\\/\",\"https:\\\/\\\/x.com\\\/pro_carton\"]},{\"@type\":\"Person\",\"@id\":\"https:\\\/\\\/www.procarton.com\\\/es\\\/#\\\/schema\\\/person\\\/872a075145d2c38578ff4eed7d481251\",\"name\":\"esterling@admin\",\"sameAs\":[\"https:\\\/\\\/www.procarton.com\"],\"url\":\"https:\\\/\\\/www.procarton.com\\\/fr\\\/author\\\/esterlingadmin\\\/\"}]}<\/script>\n<!-- \/ Yoast SEO plugin. -->","yoast_head_json":{"title":"TICCIT In Action - Pro Carton","robots":{"index":"index","follow":"follow","max-snippet":"max-snippet:-1","max-image-preview":"max-image-preview:large","max-video-preview":"max-video-preview:-1"},"canonical":"https:\/\/www.procarton.com\/fr\/ticcit-in-action\/","og_locale":"fr_FR","og_type":"article","og_title":"TICCIT In Action - Pro Carton","og_description":"The TICCIT educational programme has now been presented to a number of schools and groups across Europe.\u00a0 The success of TICCIT relies on member companies partnering with their local schools. We invite you to take a look at TICCIT In Action","og_url":"https:\/\/www.procarton.com\/fr\/ticcit-in-action\/","og_site_name":"Pro Carton","article_publisher":"https:\/\/www.facebook.com\/procartondesignaward\/","article_published_time":"2019-03-12T00:00:00+00:00","article_modified_time":"2021-11-05T18:07:27+00:00","og_image":[{"width":600,"height":400,"url":"https:\/\/www.procarton.com\/wp-content\/uploads\/2021\/02\/TICCIT-EN.jpg","type":"image\/jpeg"}],"author":"esterling@admin","twitter_card":"summary_large_image","twitter_creator":"@pro_carton","twitter_site":"@pro_carton","twitter_misc":{"\u00c9crit par":"esterling@admin","Dur\u00e9e de lecture estim\u00e9e":"1 minute"},"schema":{"@context":"https:\/\/schema.org","@graph":[{"@type":"Article","@id":"https:\/\/www.procarton.com\/es\/ticcit-in-action\/#article","isPartOf":{"@id":"https:\/\/www.procarton.com\/es\/ticcit-in-action\/"},"author":{"name":"esterling@admin","@id":"https:\/\/www.procarton.com\/es\/#\/schema\/person\/872a075145d2c38578ff4eed7d481251"},"headline":"TICCIT In Action","datePublished":"2019-03-12T00:00:00+00:00","dateModified":"2021-11-05T18:07:27+00:00","mainEntityOfPage":{"@id":"https:\/\/www.procarton.com\/es\/ticcit-in-action\/"},"wordCount":263,"commentCount":0,"publisher":{"@id":"https:\/\/www.procarton.com\/es\/#organization"},"image":{"@id":"https:\/\/www.procarton.com\/es\/ticcit-in-action\/#primaryimage"},"thumbnailUrl":"https:\/\/www.procarton.com\/wp-content\/uploads\/2021\/02\/TICCIT-EN.jpg","articleSection":["Pro Carton","TICCIT"],"inLanguage":"fr-FR","potentialAction":[{"@type":"CommentAction","name":"Comment","target":["https:\/\/www.procarton.com\/es\/ticcit-in-action\/#respond"]}]},{"@type":"WebPage","@id":"https:\/\/www.procarton.com\/es\/ticcit-in-action\/","url":"https:\/\/www.procarton.com\/es\/ticcit-in-action\/","name":"TICCIT In Action - Pro Carton","isPartOf":{"@id":"https:\/\/www.procarton.com\/es\/#website"},"primaryImageOfPage":{"@id":"https:\/\/www.procarton.com\/es\/ticcit-in-action\/#primaryimage"},"image":{"@id":"https:\/\/www.procarton.com\/es\/ticcit-in-action\/#primaryimage"},"thumbnailUrl":"https:\/\/www.procarton.com\/wp-content\/uploads\/2021\/02\/TICCIT-EN.jpg","datePublished":"2019-03-12T00:00:00+00:00","dateModified":"2021-11-05T18:07:27+00:00","breadcrumb":{"@id":"https:\/\/www.procarton.com\/es\/ticcit-in-action\/#breadcrumb"},"inLanguage":"fr-FR","potentialAction":[{"@type":"ReadAction","target":["https:\/\/www.procarton.com\/es\/ticcit-in-action\/"]}]},{"@type":"ImageObject","inLanguage":"fr-FR","@id":"https:\/\/www.procarton.com\/es\/ticcit-in-action\/#primaryimage","url":"https:\/\/www.procarton.com\/wp-content\/uploads\/2021\/02\/TICCIT-EN.jpg","contentUrl":"https:\/\/www.procarton.com\/wp-content\/uploads\/2021\/02\/TICCIT-EN.jpg","width":600,"height":400},{"@type":"BreadcrumbList","@id":"https:\/\/www.procarton.com\/es\/ticcit-in-action\/#breadcrumb","itemListElement":[{"@type":"ListItem","position":1,"name":"Home","item":"https:\/\/www.procarton.com\/"},{"@type":"ListItem","position":2,"name":"TICCIT In Action"}]},{"@type":"WebSite","@id":"https:\/\/www.procarton.com\/es\/#website","url":"https:\/\/www.procarton.com\/es\/","name":"Pro Carton","description":"","publisher":{"@id":"https:\/\/www.procarton.com\/es\/#organization"},"potentialAction":[{"@type":"SearchAction","target":{"@type":"EntryPoint","urlTemplate":"https:\/\/www.procarton.com\/es\/?s={search_term_string}"},"query-input":{"@type":"PropertyValueSpecification","valueRequired":true,"valueName":"search_term_string"}}],"inLanguage":"fr-FR"},{"@type":"Organization","@id":"https:\/\/www.procarton.com\/es\/#organization","name":"ProCarton","url":"https:\/\/www.procarton.com\/es\/","logo":{"@type":"ImageObject","inLanguage":"fr-FR","@id":"https:\/\/www.procarton.com\/es\/#\/schema\/logo\/image\/","url":"https:\/\/www.procarton.com\/wp-content\/uploads\/2022\/06\/logo-mit-slogan.jpg","contentUrl":"https:\/\/www.procarton.com\/wp-content\/uploads\/2022\/06\/logo-mit-slogan.jpg","width":422,"height":519,"caption":"ProCarton"},"image":{"@id":"https:\/\/www.procarton.com\/es\/#\/schema\/logo\/image\/"},"sameAs":["https:\/\/www.facebook.com\/procartondesignaward\/","https:\/\/x.com\/pro_carton"]},{"@type":"Person","@id":"https:\/\/www.procarton.com\/es\/#\/schema\/person\/872a075145d2c38578ff4eed7d481251","name":"esterling@admin","sameAs":["https:\/\/www.procarton.com"],"url":"https:\/\/www.procarton.com\/fr\/author\/esterlingadmin\/"}]}},"_links":{"self":[{"href":"https:\/\/www.procarton.com\/fr\/wp-json\/wp\/v2\/posts\/242499","targetHints":{"allow":["GET"]}}],"collection":[{"href":"https:\/\/www.procarton.com\/fr\/wp-json\/wp\/v2\/posts"}],"about":[{"href":"https:\/\/www.procarton.com\/fr\/wp-json\/wp\/v2\/types\/post"}],"author":[{"embeddable":true,"href":"https:\/\/www.procarton.com\/fr\/wp-json\/wp\/v2\/users\/1"}],"replies":[{"embeddable":true,"href":"https:\/\/www.procarton.com\/fr\/wp-json\/wp\/v2\/comments?post=242499"}],"version-history":[{"count":1,"href":"https:\/\/www.procarton.com\/fr\/wp-json\/wp\/v2\/posts\/242499\/revisions"}],"predecessor-version":[{"id":265852,"href":"https:\/\/www.procarton.com\/fr\/wp-json\/wp\/v2\/posts\/242499\/revisions\/265852"}],"wp:featuredmedia":[{"embeddable":true,"href":"https:\/\/www.procarton.com\/fr\/wp-json\/wp\/v2\/media\/242505"}],"wp:attachment":[{"href":"https:\/\/www.procarton.com\/fr\/wp-json\/wp\/v2\/media?parent=242499"}],"wp:term":[{"taxonomy":"category","embeddable":true,"href":"https:\/\/www.procarton.com\/fr\/wp-json\/wp\/v2\/categories?post=242499"},{"taxonomy":"post_tag","embeddable":true,"href":"https:\/\/www.procarton.com\/fr\/wp-json\/wp\/v2\/tags?post=242499"}],"curies":[{"name":"wp","href":"https:\/\/api.w.org\/{rel}","templated":true}]}}