{"id":242421,"date":"2019-01-03T00:00:00","date_gmt":"2019-01-03T00:00:00","guid":{"rendered":"https:\/\/www.procarton.com\/packaging-material-a-key-issue-for-the-climate\/"},"modified":"2021-12-06T15:34:00","modified_gmt":"2021-12-06T15:34:00","slug":"packaging-material-a-key-issue-for-the-climate","status":"publish","type":"post","link":"https:\/\/www.procarton.com\/fr\/packaging-material-a-key-issue-for-the-climate\/","title":{"rendered":"LES MAT\u00c9RIAUX D'EMBALLAGE - UNE QUESTION CL\u00c9 POUR LE CLIMAT"},"content":{"rendered":"<div class=\"av-animated-generic top-to-bottom flex_column av_two_third  flex_column_div av-zero-column-padding first  avia-builder-el-0  el_before_av_one_third  avia-builder-el-first\" style='border-radius:0px; '>\n<section class=\"av_textblock_section\"  itemscope=\"itemscope\" itemtype=\"https:\/\/schema.org\/BlogPosting\" itemprop=\"blogPost\" >\n<div class='avia_textblock'   itemprop=\"text\" >\n<p><strong>Le passage du plastique au carton peut r\u00e9duire de 99 % l'impact climatique d'un emballage. Pour les personnes qui influencent le choix du mat\u00e9riau d'emballage, ce seul choix peut avoir le plus grand impact sur le climat pendant toute la carri\u00e8re professionnelle d'un chef de produit ou d'un concepteur. Telle est la conclusion d'une \u00e9tude r\u00e9alis\u00e9e par l'Institut su\u00e9dois de recherche environnementale IVL pour Iggesund Paperboard.<\/strong><\/p>\n<p>Le point de d\u00e9part a \u00e9t\u00e9 d'\u00e9tudier certains des types d'emballages les plus courants et de comparer les diff\u00e9rences d'impact climatique en fonction du choix du mat\u00e9riau d'emballage.<\/p>\n<p>\"Il existe des tableaux indiquant les \u00e9missions de dioxyde de carbone par kilo de mat\u00e9riau, mais lorsqu'on compare des exemples r\u00e9els d'emballages, on se rend compte de la grande importance du choix du mat\u00e9riau\", commente Johan Gran\u00e5s, directeur du d\u00e9veloppement durable chez Iggesund Paperboard.<\/p>\n<p>\"Le plastique est un mat\u00e9riau fantastique pour de nombreuses applications et nous l'utilisons nous-m\u00eames lorsque nous produisons du carton pour des emballages alimentaires qui n\u00e9cessitent une fine barri\u00e8re de plastique pour prot\u00e9ger leur contenu\", ajoute-t-il. \"Mais nous pensons que les d\u00e9cideurs de l'industrie de l'emballage doivent conna\u00eetre les effets de leur choix de mat\u00e9riau.\"<\/p>\n<p>L'emballage des ampoules \u00e9lectriques dans du plastique ou du carton est l'exemple le plus extr\u00eame de l'enqu\u00eate. En passant du plastique au carton, il est possible de r\u00e9duire l'impact climatique de l'emballage de 99 %. Dans l'exemple le plus favorable au plastique, un carton contenant 500 grammes de p\u00e2tes a \u00e9t\u00e9 compar\u00e9 \u00e0 la quantit\u00e9 correspondante de p\u00e2tes emball\u00e9es dans un sac plastique fin. La conclusion est que le sac en plastique a un impact climatique 3,25 fois plus important que le carton. Et ce, bien que le sac ne p\u00e8se qu'un sixi\u00e8me du poids du carton et que ses propri\u00e9t\u00e9s de protection et d'empilage soient nettement moins bonnes.<\/p>\n<p>\"Il existe des masses d'emballages qui ne peuvent \u00eatre fabriqu\u00e9s autrement qu'en plastique aujourd'hui\", souligne Johan Gran\u00e5s. \"Mais il y a aussi des emballages en plastique, pour lesquels il est facile de changer de mat\u00e9riau sans perdre la moindre fonction - et il est logique de commencer par l\u00e0 si nous voulons r\u00e9duire l'impact climatique des emballages.\"<\/p>\n<p>Pour les emballages en carton utilis\u00e9s dans l'\u00e9tude, les donn\u00e9es climatiques du carton Invercote d'Iggesund ont \u00e9t\u00e9 utilis\u00e9es. Pour les mati\u00e8res plastiques, IVL a utilis\u00e9 les donn\u00e9es des bases de donn\u00e9es utilis\u00e9es pour les analyses de cycle de vie. Aucun des emballages en carton utilis\u00e9s dans l'\u00e9tude n'est constitu\u00e9 de mat\u00e9riaux provenant d'Iggesund Paperboard.<\/p>\n<p>\"Il s'agit d'une \u00e9tude qui montre l'impact climatique de diff\u00e9rents types d'emballages. Le mandat confi\u00e9 \u00e0 IVL devait \u00eatre g\u00e9n\u00e9ral. Ni eux ni nous ne connaissons les donn\u00e9es climatiques de chaque article d'emballage individuel. Toutefois, sur la base des bases de donn\u00e9es environnementales reconnues, cette \u00e9tude indique clairement la grande importance du choix du mat\u00e9riau\", conclut M. Gran\u00e5s.<\/p>\n<p>L'institut su\u00e9dois de recherche environnementale IVL a \u00e9t\u00e9 fond\u00e9 conjointement en 1966 par le gouvernement su\u00e9dois et l'industrie pour effectuer des recherches sur les probl\u00e8mes de gestion de l'air et de l'eau dans l'industrie. Aujourd'hui, l'IVL est un institut environnemental qui se concentre sur l'interaction entre les perspectives environnementales, \u00e9conomiques et sociales.<\/p>\n<p><strong>Iggesund<\/strong><\/p>\n<p>Iggesund Paperboard fait partie du groupe su\u00e9dois Holmen, sp\u00e9cialis\u00e9 dans l'industrie foresti\u00e8re, qui figure parmi les 100 entreprises les plus durables du monde selon l'indice du Pacte mondial des Nations unies. Le chiffre d'affaires d'Iggesund est l\u00e9g\u00e8rement sup\u00e9rieur \u00e0 500 millions d'euros et son produit phare, l'Invercote, est vendu dans plus de 100 pays. L'entreprise poss\u00e8de deux familles de marques, Invercote et Incada, toutes deux positionn\u00e9es dans le haut de gamme de leurs segments respectifs. Depuis 2010, Iggesund a investi plus de 380 millions d'euros pour augmenter son efficacit\u00e9 \u00e9nerg\u00e9tique et r\u00e9duire les \u00e9missions fossiles de sa production.<\/p>\n<p>Iggesund et le groupe Holmen d\u00e9clarent toutes leurs \u00e9missions de carbone fossile au Carbon Disclosure Project. Les donn\u00e9es environnementales font partie int\u00e9grante d'un rapport annuel conforme au plus haut niveau de rapport sur le d\u00e9veloppement durable de la Global Reporting Initiative. Iggesund a \u00e9t\u00e9 fond\u00e9e en tant qu'usine de fer en 1685, mais fabrique du carton depuis plus de 50 ans. Les deux usines, situ\u00e9es dans le nord de la Su\u00e8de et dans le nord de l'Angleterre, emploient 1500 personnes.<\/p>\n<\/div>\n<\/section>\n<\/div>\n<div class=\"av-animated-generic top-to-bottom flex_column av_one_third  flex_column_div av-zero-column-padding   avia-builder-el-2  el_after_av_two_third  avia-builder-el-last\" style='border-radius:0px; '>\n<div  class='avia-image-container  av-styling-    avia-builder-el-3  avia-builder-el-no-sibling  avia-align-center'  itemprop=\"image\" itemscope=\"itemscope\" itemtype=\"https:\/\/schema.org\/ImageObject\"  >\n<div class='avia-image-container-inner'>\n<div class='avia-image-overlay-wrap'><img decoding=\"async\" width=\"1500\" height=\"1135\" class='wp-image-242422 avia-img-lazy-loading-not-242422 avia_image' src=\"https:\/\/www.procarton.com\/wp-content\/uploads\/2021\/02\/Pro-Carton-December-News-Iggesund.jpg\" alt='' title='Pro-Carton-D\u00e9cembre-Nouvelles-Iggesund'  itemprop=\"thumbnailUrl\" srcset=\"https:\/\/www.procarton.com\/wp-content\/uploads\/2021\/02\/Pro-Carton-December-News-Iggesund.jpg 1500w, https:\/\/www.procarton.com\/wp-content\/uploads\/2021\/02\/Pro-Carton-December-News-Iggesund-300x227.jpg 300w, https:\/\/www.procarton.com\/wp-content\/uploads\/2021\/02\/Pro-Carton-December-News-Iggesund-1030x779.jpg 1030w, https:\/\/www.procarton.com\/wp-content\/uploads\/2021\/02\/Pro-Carton-December-News-Iggesund-768x581.jpg 768w, https:\/\/www.procarton.com\/wp-content\/uploads\/2021\/02\/Pro-Carton-December-News-Iggesund-16x12.jpg 16w, https:\/\/www.procarton.com\/wp-content\/uploads\/2021\/02\/Pro-Carton-December-News-Iggesund-705x533.jpg 705w\" sizes=\"(max-width: 1500px) 100vw, 1500px\" \/><\/div>\n<\/div>\n<\/div>\n<\/div>","protected":false},"excerpt":{"rendered":"<p>Le passage du plastique au carton peut r\u00e9duire de 99 % l'impact climatique d'un emballage.<\/p>","protected":false},"author":1,"featured_media":242422,"comment_status":"open","ping_status":"open","sticky":false,"template":"","format":"standard","meta":{"inline_featured_image":false,"footnotes":""},"categories":[66],"tags":[],"class_list":["post-242421","post","type-post","status-publish","format-standard","has-post-thumbnail","hentry","category-latest-member-news"],"yoast_head":"<!-- This site is optimized with the Yoast SEO plugin v27.4 - https:\/\/yoast.com\/product\/yoast-seo-wordpress\/ -->\n<title>PACKAGING MATERIAL -\u00a0A KEY ISSUE FOR THE CLIMATE - Pro Carton<\/title>\n<meta name=\"robots\" content=\"index, follow, max-snippet:-1, max-image-preview:large, max-video-preview:-1\" \/>\n<link rel=\"canonical\" href=\"https:\/\/www.procarton.com\/fr\/packaging-material-a-key-issue-for-the-climate\/\" \/>\n<meta property=\"og:locale\" content=\"fr_FR\" \/>\n<meta property=\"og:type\" content=\"article\" \/>\n<meta property=\"og:title\" content=\"PACKAGING MATERIAL -\u00a0A KEY ISSUE FOR THE CLIMATE - Pro Carton\" \/>\n<meta property=\"og:description\" content=\"Switching material from plastic to paperboard can reduce a packaging\u2019s climate impact by 99 per cent.\" \/>\n<meta property=\"og:url\" content=\"https:\/\/www.procarton.com\/fr\/packaging-material-a-key-issue-for-the-climate\/\" \/>\n<meta property=\"og:site_name\" content=\"Pro Carton\" \/>\n<meta property=\"article:publisher\" content=\"https:\/\/www.facebook.com\/procartondesignaward\/\" \/>\n<meta property=\"article:published_time\" content=\"2019-01-03T00:00:00+00:00\" \/>\n<meta property=\"article:modified_time\" content=\"2021-12-06T15:34:00+00:00\" \/>\n<meta property=\"og:image\" content=\"https:\/\/www.procarton.com\/wp-content\/uploads\/2021\/02\/Pro-Carton-December-News-Iggesund.jpg\" \/>\n\t<meta property=\"og:image:width\" content=\"1500\" \/>\n\t<meta property=\"og:image:height\" content=\"1135\" \/>\n\t<meta property=\"og:image:type\" content=\"image\/jpeg\" \/>\n<meta name=\"author\" content=\"esterling@admin\" \/>\n<meta name=\"twitter:card\" content=\"summary_large_image\" \/>\n<meta name=\"twitter:creator\" content=\"@pro_carton\" \/>\n<meta name=\"twitter:site\" content=\"@pro_carton\" \/>\n<meta name=\"twitter:label1\" content=\"\u00c9crit par\" \/>\n\t<meta name=\"twitter:data1\" content=\"esterling@admin\" \/>\n\t<meta name=\"twitter:label2\" content=\"Dur\u00e9e de lecture estim\u00e9e\" \/>\n\t<meta name=\"twitter:data2\" content=\"5 minutes\" \/>\n<script type=\"application\/ld+json\" class=\"yoast-schema-graph\">{\"@context\":\"https:\\\/\\\/schema.org\",\"@graph\":[{\"@type\":\"Article\",\"@id\":\"https:\\\/\\\/www.procarton.com\\\/es\\\/packaging-material-a-key-issue-for-the-climate\\\/#article\",\"isPartOf\":{\"@id\":\"https:\\\/\\\/www.procarton.com\\\/es\\\/packaging-material-a-key-issue-for-the-climate\\\/\"},\"author\":{\"name\":\"esterling@admin\",\"@id\":\"https:\\\/\\\/www.procarton.com\\\/es\\\/#\\\/schema\\\/person\\\/872a075145d2c38578ff4eed7d481251\"},\"headline\":\"PACKAGING MATERIAL &#8211;\u00a0A KEY ISSUE FOR THE CLIMATE\",\"datePublished\":\"2019-01-03T00:00:00+00:00\",\"dateModified\":\"2021-12-06T15:34:00+00:00\",\"mainEntityOfPage\":{\"@id\":\"https:\\\/\\\/www.procarton.com\\\/es\\\/packaging-material-a-key-issue-for-the-climate\\\/\"},\"wordCount\":1035,\"commentCount\":0,\"publisher\":{\"@id\":\"https:\\\/\\\/www.procarton.com\\\/es\\\/#organization\"},\"image\":{\"@id\":\"https:\\\/\\\/www.procarton.com\\\/es\\\/packaging-material-a-key-issue-for-the-climate\\\/#primaryimage\"},\"thumbnailUrl\":\"https:\\\/\\\/www.procarton.com\\\/wp-content\\\/uploads\\\/2021\\\/02\\\/Pro-Carton-December-News-Iggesund.jpg\",\"articleSection\":[\"Pro Carton Member News\"],\"inLanguage\":\"fr-FR\",\"potentialAction\":[{\"@type\":\"CommentAction\",\"name\":\"Comment\",\"target\":[\"https:\\\/\\\/www.procarton.com\\\/es\\\/packaging-material-a-key-issue-for-the-climate\\\/#respond\"]}]},{\"@type\":\"WebPage\",\"@id\":\"https:\\\/\\\/www.procarton.com\\\/es\\\/packaging-material-a-key-issue-for-the-climate\\\/\",\"url\":\"https:\\\/\\\/www.procarton.com\\\/es\\\/packaging-material-a-key-issue-for-the-climate\\\/\",\"name\":\"PACKAGING MATERIAL -\u00a0A KEY ISSUE FOR THE CLIMATE - Pro Carton\",\"isPartOf\":{\"@id\":\"https:\\\/\\\/www.procarton.com\\\/es\\\/#website\"},\"primaryImageOfPage\":{\"@id\":\"https:\\\/\\\/www.procarton.com\\\/es\\\/packaging-material-a-key-issue-for-the-climate\\\/#primaryimage\"},\"image\":{\"@id\":\"https:\\\/\\\/www.procarton.com\\\/es\\\/packaging-material-a-key-issue-for-the-climate\\\/#primaryimage\"},\"thumbnailUrl\":\"https:\\\/\\\/www.procarton.com\\\/wp-content\\\/uploads\\\/2021\\\/02\\\/Pro-Carton-December-News-Iggesund.jpg\",\"datePublished\":\"2019-01-03T00:00:00+00:00\",\"dateModified\":\"2021-12-06T15:34:00+00:00\",\"breadcrumb\":{\"@id\":\"https:\\\/\\\/www.procarton.com\\\/es\\\/packaging-material-a-key-issue-for-the-climate\\\/#breadcrumb\"},\"inLanguage\":\"fr-FR\",\"potentialAction\":[{\"@type\":\"ReadAction\",\"target\":[\"https:\\\/\\\/www.procarton.com\\\/es\\\/packaging-material-a-key-issue-for-the-climate\\\/\"]}]},{\"@type\":\"ImageObject\",\"inLanguage\":\"fr-FR\",\"@id\":\"https:\\\/\\\/www.procarton.com\\\/es\\\/packaging-material-a-key-issue-for-the-climate\\\/#primaryimage\",\"url\":\"https:\\\/\\\/www.procarton.com\\\/wp-content\\\/uploads\\\/2021\\\/02\\\/Pro-Carton-December-News-Iggesund.jpg\",\"contentUrl\":\"https:\\\/\\\/www.procarton.com\\\/wp-content\\\/uploads\\\/2021\\\/02\\\/Pro-Carton-December-News-Iggesund.jpg\",\"width\":1500,\"height\":1135},{\"@type\":\"BreadcrumbList\",\"@id\":\"https:\\\/\\\/www.procarton.com\\\/es\\\/packaging-material-a-key-issue-for-the-climate\\\/#breadcrumb\",\"itemListElement\":[{\"@type\":\"ListItem\",\"position\":1,\"name\":\"Home\",\"item\":\"https:\\\/\\\/www.procarton.com\\\/\"},{\"@type\":\"ListItem\",\"position\":2,\"name\":\"PACKAGING MATERIAL &#8211;\u00a0A KEY ISSUE FOR THE CLIMATE\"}]},{\"@type\":\"WebSite\",\"@id\":\"https:\\\/\\\/www.procarton.com\\\/es\\\/#website\",\"url\":\"https:\\\/\\\/www.procarton.com\\\/es\\\/\",\"name\":\"Pro Carton\",\"description\":\"\",\"publisher\":{\"@id\":\"https:\\\/\\\/www.procarton.com\\\/es\\\/#organization\"},\"potentialAction\":[{\"@type\":\"SearchAction\",\"target\":{\"@type\":\"EntryPoint\",\"urlTemplate\":\"https:\\\/\\\/www.procarton.com\\\/es\\\/?s={search_term_string}\"},\"query-input\":{\"@type\":\"PropertyValueSpecification\",\"valueRequired\":true,\"valueName\":\"search_term_string\"}}],\"inLanguage\":\"fr-FR\"},{\"@type\":\"Organization\",\"@id\":\"https:\\\/\\\/www.procarton.com\\\/es\\\/#organization\",\"name\":\"ProCarton\",\"url\":\"https:\\\/\\\/www.procarton.com\\\/es\\\/\",\"logo\":{\"@type\":\"ImageObject\",\"inLanguage\":\"fr-FR\",\"@id\":\"https:\\\/\\\/www.procarton.com\\\/es\\\/#\\\/schema\\\/logo\\\/image\\\/\",\"url\":\"https:\\\/\\\/www.procarton.com\\\/wp-content\\\/uploads\\\/2022\\\/06\\\/logo-mit-slogan.jpg\",\"contentUrl\":\"https:\\\/\\\/www.procarton.com\\\/wp-content\\\/uploads\\\/2022\\\/06\\\/logo-mit-slogan.jpg\",\"width\":422,\"height\":519,\"caption\":\"ProCarton\"},\"image\":{\"@id\":\"https:\\\/\\\/www.procarton.com\\\/es\\\/#\\\/schema\\\/logo\\\/image\\\/\"},\"sameAs\":[\"https:\\\/\\\/www.facebook.com\\\/procartondesignaward\\\/\",\"https:\\\/\\\/x.com\\\/pro_carton\"]},{\"@type\":\"Person\",\"@id\":\"https:\\\/\\\/www.procarton.com\\\/es\\\/#\\\/schema\\\/person\\\/872a075145d2c38578ff4eed7d481251\",\"name\":\"esterling@admin\",\"sameAs\":[\"https:\\\/\\\/www.procarton.com\"],\"url\":\"https:\\\/\\\/www.procarton.com\\\/fr\\\/author\\\/esterlingadmin\\\/\"}]}<\/script>\n<!-- \/ Yoast SEO plugin. -->","yoast_head_json":{"title":"LES MAT\u00c9RIAUX D'EMBALLAGE - UN ENJEU CL\u00c9 POUR LE CLIMAT - Pro Carton","robots":{"index":"index","follow":"follow","max-snippet":"max-snippet:-1","max-image-preview":"max-image-preview:large","max-video-preview":"max-video-preview:-1"},"canonical":"https:\/\/www.procarton.com\/fr\/packaging-material-a-key-issue-for-the-climate\/","og_locale":"fr_FR","og_type":"article","og_title":"PACKAGING MATERIAL -\u00a0A KEY ISSUE FOR THE CLIMATE - Pro Carton","og_description":"Switching material from plastic to paperboard can reduce a packaging\u2019s climate impact by 99 per cent.","og_url":"https:\/\/www.procarton.com\/fr\/packaging-material-a-key-issue-for-the-climate\/","og_site_name":"Pro Carton","article_publisher":"https:\/\/www.facebook.com\/procartondesignaward\/","article_published_time":"2019-01-03T00:00:00+00:00","article_modified_time":"2021-12-06T15:34:00+00:00","og_image":[{"width":1500,"height":1135,"url":"https:\/\/www.procarton.com\/wp-content\/uploads\/2021\/02\/Pro-Carton-December-News-Iggesund.jpg","type":"image\/jpeg"}],"author":"esterling@admin","twitter_card":"summary_large_image","twitter_creator":"@pro_carton","twitter_site":"@pro_carton","twitter_misc":{"\u00c9crit par":"esterling@admin","Dur\u00e9e de lecture estim\u00e9e":"5 minutes"},"schema":{"@context":"https:\/\/schema.org","@graph":[{"@type":"Article","@id":"https:\/\/www.procarton.com\/es\/packaging-material-a-key-issue-for-the-climate\/#article","isPartOf":{"@id":"https:\/\/www.procarton.com\/es\/packaging-material-a-key-issue-for-the-climate\/"},"author":{"name":"esterling@admin","@id":"https:\/\/www.procarton.com\/es\/#\/schema\/person\/872a075145d2c38578ff4eed7d481251"},"headline":"PACKAGING MATERIAL &#8211;\u00a0A KEY ISSUE FOR THE CLIMATE","datePublished":"2019-01-03T00:00:00+00:00","dateModified":"2021-12-06T15:34:00+00:00","mainEntityOfPage":{"@id":"https:\/\/www.procarton.com\/es\/packaging-material-a-key-issue-for-the-climate\/"},"wordCount":1035,"commentCount":0,"publisher":{"@id":"https:\/\/www.procarton.com\/es\/#organization"},"image":{"@id":"https:\/\/www.procarton.com\/es\/packaging-material-a-key-issue-for-the-climate\/#primaryimage"},"thumbnailUrl":"https:\/\/www.procarton.com\/wp-content\/uploads\/2021\/02\/Pro-Carton-December-News-Iggesund.jpg","articleSection":["Pro Carton Member News"],"inLanguage":"fr-FR","potentialAction":[{"@type":"CommentAction","name":"Comment","target":["https:\/\/www.procarton.com\/es\/packaging-material-a-key-issue-for-the-climate\/#respond"]}]},{"@type":"WebPage","@id":"https:\/\/www.procarton.com\/es\/packaging-material-a-key-issue-for-the-climate\/","url":"https:\/\/www.procarton.com\/es\/packaging-material-a-key-issue-for-the-climate\/","name":"LES MAT\u00c9RIAUX D'EMBALLAGE - UN ENJEU CL\u00c9 POUR LE CLIMAT - Pro Carton","isPartOf":{"@id":"https:\/\/www.procarton.com\/es\/#website"},"primaryImageOfPage":{"@id":"https:\/\/www.procarton.com\/es\/packaging-material-a-key-issue-for-the-climate\/#primaryimage"},"image":{"@id":"https:\/\/www.procarton.com\/es\/packaging-material-a-key-issue-for-the-climate\/#primaryimage"},"thumbnailUrl":"https:\/\/www.procarton.com\/wp-content\/uploads\/2021\/02\/Pro-Carton-December-News-Iggesund.jpg","datePublished":"2019-01-03T00:00:00+00:00","dateModified":"2021-12-06T15:34:00+00:00","breadcrumb":{"@id":"https:\/\/www.procarton.com\/es\/packaging-material-a-key-issue-for-the-climate\/#breadcrumb"},"inLanguage":"fr-FR","potentialAction":[{"@type":"ReadAction","target":["https:\/\/www.procarton.com\/es\/packaging-material-a-key-issue-for-the-climate\/"]}]},{"@type":"ImageObject","inLanguage":"fr-FR","@id":"https:\/\/www.procarton.com\/es\/packaging-material-a-key-issue-for-the-climate\/#primaryimage","url":"https:\/\/www.procarton.com\/wp-content\/uploads\/2021\/02\/Pro-Carton-December-News-Iggesund.jpg","contentUrl":"https:\/\/www.procarton.com\/wp-content\/uploads\/2021\/02\/Pro-Carton-December-News-Iggesund.jpg","width":1500,"height":1135},{"@type":"BreadcrumbList","@id":"https:\/\/www.procarton.com\/es\/packaging-material-a-key-issue-for-the-climate\/#breadcrumb","itemListElement":[{"@type":"ListItem","position":1,"name":"Home","item":"https:\/\/www.procarton.com\/"},{"@type":"ListItem","position":2,"name":"PACKAGING MATERIAL &#8211;\u00a0A KEY ISSUE FOR THE CLIMATE"}]},{"@type":"WebSite","@id":"https:\/\/www.procarton.com\/es\/#website","url":"https:\/\/www.procarton.com\/es\/","name":"Pro Carton","description":"","publisher":{"@id":"https:\/\/www.procarton.com\/es\/#organization"},"potentialAction":[{"@type":"SearchAction","target":{"@type":"EntryPoint","urlTemplate":"https:\/\/www.procarton.com\/es\/?s={search_term_string}"},"query-input":{"@type":"PropertyValueSpecification","valueRequired":true,"valueName":"search_term_string"}}],"inLanguage":"fr-FR"},{"@type":"Organization","@id":"https:\/\/www.procarton.com\/es\/#organization","name":"ProCarton","url":"https:\/\/www.procarton.com\/es\/","logo":{"@type":"ImageObject","inLanguage":"fr-FR","@id":"https:\/\/www.procarton.com\/es\/#\/schema\/logo\/image\/","url":"https:\/\/www.procarton.com\/wp-content\/uploads\/2022\/06\/logo-mit-slogan.jpg","contentUrl":"https:\/\/www.procarton.com\/wp-content\/uploads\/2022\/06\/logo-mit-slogan.jpg","width":422,"height":519,"caption":"ProCarton"},"image":{"@id":"https:\/\/www.procarton.com\/es\/#\/schema\/logo\/image\/"},"sameAs":["https:\/\/www.facebook.com\/procartondesignaward\/","https:\/\/x.com\/pro_carton"]},{"@type":"Person","@id":"https:\/\/www.procarton.com\/es\/#\/schema\/person\/872a075145d2c38578ff4eed7d481251","name":"esterling@admin","sameAs":["https:\/\/www.procarton.com"],"url":"https:\/\/www.procarton.com\/fr\/author\/esterlingadmin\/"}]}},"_links":{"self":[{"href":"https:\/\/www.procarton.com\/fr\/wp-json\/wp\/v2\/posts\/242421","targetHints":{"allow":["GET"]}}],"collection":[{"href":"https:\/\/www.procarton.com\/fr\/wp-json\/wp\/v2\/posts"}],"about":[{"href":"https:\/\/www.procarton.com\/fr\/wp-json\/wp\/v2\/types\/post"}],"author":[{"embeddable":true,"href":"https:\/\/www.procarton.com\/fr\/wp-json\/wp\/v2\/users\/1"}],"replies":[{"embeddable":true,"href":"https:\/\/www.procarton.com\/fr\/wp-json\/wp\/v2\/comments?post=242421"}],"version-history":[{"count":2,"href":"https:\/\/www.procarton.com\/fr\/wp-json\/wp\/v2\/posts\/242421\/revisions"}],"predecessor-version":[{"id":267341,"href":"https:\/\/www.procarton.com\/fr\/wp-json\/wp\/v2\/posts\/242421\/revisions\/267341"}],"wp:featuredmedia":[{"embeddable":true,"href":"https:\/\/www.procarton.com\/fr\/wp-json\/wp\/v2\/media\/242422"}],"wp:attachment":[{"href":"https:\/\/www.procarton.com\/fr\/wp-json\/wp\/v2\/media?parent=242421"}],"wp:term":[{"taxonomy":"category","embeddable":true,"href":"https:\/\/www.procarton.com\/fr\/wp-json\/wp\/v2\/categories?post=242421"},{"taxonomy":"post_tag","embeddable":true,"href":"https:\/\/www.procarton.com\/fr\/wp-json\/wp\/v2\/tags?post=242421"}],"curies":[{"name":"wp","href":"https:\/\/api.w.org\/{rel}","templated":true}]}}