{"id":242387,"date":"2018-11-12T00:00:00","date_gmt":"2018-11-12T00:00:00","guid":{"rendered":"https:\/\/www.procarton.com\/foodboard-virgin-fibre-award-winning-sustainability\/"},"modified":"2021-11-22T10:35:39","modified_gmt":"2021-11-22T10:35:39","slug":"foodboard-virgin-fibre-award-winning-sustainability","status":"publish","type":"post","link":"https:\/\/www.procarton.com\/fr\/foodboard-virgin-fibre-award-winning-sustainability\/","title":{"rendered":"La fibre vierge FOODBOARD\u2122 - une durabilit\u00e9 prim\u00e9e"},"content":{"rendered":"<p><strong>Un emballage alimentaire s\u00fbr, respectueux de l'environnement et garantissant une grande confiance des consommateurs est la grande r\u00e9ussite de notre gamme de produits FOODBOARD\u2122. Cette innovation de MM Board &amp; Paper a \u00e9t\u00e9 r\u00e9compens\u00e9e par le prix de l'emballage recyclable Award.<\/strong><\/p>\n<p><strong>Solution pure en carton - recyclable et biod\u00e9gradable<\/strong><br \/>\nDepuis le milieu de l'ann\u00e9e 2017, une solution pour le sujet de la \" migration des huiles min\u00e9rales des emballages vers les aliments \" est \u00e9galement disponible pour le carton en fibres vierges sous la forme de la fibre vierge FOODBOARD\u2122. MM Karton est le seul producteur disposant d'une gamme compl\u00e8te \u00e0 travers tous les types de carton (carton recycl\u00e9 GT1 et GT4 ainsi que carton en fibre vierge).<\/p>\n<p>Le carton standard en fibres vierges ou l'emballage plastique standard ne peuvent pas emp\u00eacher la migration des huiles min\u00e9rales, des phtalates, du bisph\u00e9nol A ou d'autres substances d\u00e9finies et involontaires. Seule une barri\u00e8re fonctionnelle int\u00e9gr\u00e9e - telle que propos\u00e9e par notre portefeuille de produits FOODBOARD\u2122 - repr\u00e9sente une solution efficace. FOODBOARD\u2122 prot\u00e8ge les aliments et constitue \u00e9galement la meilleure solution pour l'environnement. FOODBOARD\u2122 est un monomat\u00e9riau - et non un composite extrud\u00e9 ou un compos\u00e9 lamin\u00e9 - et donc recyclable et biod\u00e9gradable.<\/p>\n<p><strong>Emballage recyclable Award de Packaging Europe<\/strong><br \/>\nDans le cadre de son programme Sustainability Awards, Packaging Europe a, pour la quatri\u00e8me fois cons\u00e9cutive, d\u00e9cern\u00e9 des prix aux entreprises du secteur du papier et de l'emballage qui apportent les meilleures solutions aux d\u00e9fis \u00e9cologiques. Packaging Europe se pr\u00e9sente comme la \"principale source d'informations pour les professionnels europ\u00e9ens de l'emballage\".<br \/>\nLe prix de l'emballage recyclable Award r\u00e9compense les mat\u00e9riaux ou solutions d'emballage innovants qui sont optimis\u00e9s d'un point de vue \u00e9cologique et qui pr\u00e9sentent en m\u00eame temps la meilleure capacit\u00e9 de recyclage.<\/p>\n<p>Les candidatures ont \u00e9t\u00e9 \u00e9valu\u00e9es par un jury professionnel ind\u00e9pendant compos\u00e9 d'experts de toute la cha\u00eene de valeur ajout\u00e9e, parmi lesquels Virgine Helias (P&amp;G), Arno Melchior (Reckitt Benckiser), Bruno van Gompel (Coca-Cola Western Europe) et Kevin Vyse (M&amp;S). La c\u00e9r\u00e9monie de remise des prix s'est tenue \u00e0 G\u00f6teborg le 23 octobre 2018 dans le cadre de Scanpack.<\/p>","protected":false},"excerpt":{"rendered":"<p>Les prix pour les meilleurs cartons de l'European Carton Excellence Award ont \u00e9t\u00e9 d\u00e9cern\u00e9s ! Des conceptions et des solutions fonctionnelles remarquables ont \u00e9t\u00e9 r\u00e9compens\u00e9es lors du gala du congr\u00e8s de l'ECMA Award, le 20 septembre, dans le cadre prestigieux de la Maison de la soci\u00e9t\u00e9 lettone de Riga.<\/p>","protected":false},"author":1,"featured_media":242388,"comment_status":"open","ping_status":"open","sticky":false,"template":"","format":"standard","meta":{"inline_featured_image":false,"footnotes":""},"categories":[66],"tags":[],"class_list":["post-242387","post","type-post","status-publish","format-standard","has-post-thumbnail","hentry","category-latest-member-news"],"yoast_head":"<!-- This site is optimized with the Yoast SEO plugin v27.4 - https:\/\/yoast.com\/product\/yoast-seo-wordpress\/ -->\n<title>FOODBOARD\u2122 virgin fibre \u2013 award-winning sustainability - Pro Carton<\/title>\n<meta name=\"robots\" content=\"index, follow, max-snippet:-1, max-image-preview:large, max-video-preview:-1\" \/>\n<link rel=\"canonical\" href=\"https:\/\/www.procarton.com\/fr\/foodboard-virgin-fibre-award-winning-sustainability\/\" \/>\n<meta property=\"og:locale\" content=\"fr_FR\" \/>\n<meta property=\"og:type\" content=\"article\" \/>\n<meta property=\"og:title\" content=\"FOODBOARD\u2122 virgin fibre \u2013 award-winning sustainability - Pro Carton\" \/>\n<meta property=\"og:description\" content=\"The prizes for the best cartons of the European Carton Excellence Award have now been awarded! Outstanding designs and functional solutions were honoured at the ECMA Congress Award Gala on 20 September - in the glamorous setting of the House of the Riga Latvian Society.\" \/>\n<meta property=\"og:url\" content=\"https:\/\/www.procarton.com\/fr\/foodboard-virgin-fibre-award-winning-sustainability\/\" \/>\n<meta property=\"og:site_name\" content=\"Pro Carton\" \/>\n<meta property=\"article:publisher\" content=\"https:\/\/www.facebook.com\/procartondesignaward\/\" \/>\n<meta property=\"article:published_time\" content=\"2018-11-12T00:00:00+00:00\" \/>\n<meta property=\"article:modified_time\" content=\"2021-11-22T10:35:39+00:00\" \/>\n<meta property=\"og:image\" content=\"https:\/\/www.procarton.com\/wp-content\/uploads\/2021\/02\/FOODBOARD-virgin-fibre_Sustainability-Award_HBT.jpg\" \/>\n\t<meta property=\"og:image:width\" content=\"1000\" \/>\n\t<meta property=\"og:image:height\" content=\"667\" \/>\n\t<meta property=\"og:image:type\" content=\"image\/jpeg\" \/>\n<meta name=\"author\" content=\"esterling@admin\" \/>\n<meta name=\"twitter:card\" content=\"summary_large_image\" \/>\n<meta name=\"twitter:creator\" content=\"@pro_carton\" \/>\n<meta name=\"twitter:site\" content=\"@pro_carton\" \/>\n<meta name=\"twitter:label1\" content=\"\u00c9crit par\" \/>\n\t<meta name=\"twitter:data1\" content=\"esterling@admin\" \/>\n\t<meta name=\"twitter:label2\" content=\"Dur\u00e9e de lecture estim\u00e9e\" \/>\n\t<meta name=\"twitter:data2\" content=\"1 minute\" \/>\n<script type=\"application\/ld+json\" class=\"yoast-schema-graph\">{\"@context\":\"https:\\\/\\\/schema.org\",\"@graph\":[{\"@type\":\"Article\",\"@id\":\"https:\\\/\\\/www.procarton.com\\\/es\\\/foodboard-virgin-fibre-award-winning-sustainability\\\/#article\",\"isPartOf\":{\"@id\":\"https:\\\/\\\/www.procarton.com\\\/es\\\/foodboard-virgin-fibre-award-winning-sustainability\\\/\"},\"author\":{\"name\":\"esterling@admin\",\"@id\":\"https:\\\/\\\/www.procarton.com\\\/es\\\/#\\\/schema\\\/person\\\/872a075145d2c38578ff4eed7d481251\"},\"headline\":\"FOODBOARD\u2122 virgin fibre \u2013 award-winning sustainability\",\"datePublished\":\"2018-11-12T00:00:00+00:00\",\"dateModified\":\"2021-11-22T10:35:39+00:00\",\"mainEntityOfPage\":{\"@id\":\"https:\\\/\\\/www.procarton.com\\\/es\\\/foodboard-virgin-fibre-award-winning-sustainability\\\/\"},\"wordCount\":300,\"commentCount\":0,\"publisher\":{\"@id\":\"https:\\\/\\\/www.procarton.com\\\/es\\\/#organization\"},\"image\":{\"@id\":\"https:\\\/\\\/www.procarton.com\\\/es\\\/foodboard-virgin-fibre-award-winning-sustainability\\\/#primaryimage\"},\"thumbnailUrl\":\"https:\\\/\\\/www.procarton.com\\\/wp-content\\\/uploads\\\/2021\\\/02\\\/FOODBOARD-virgin-fibre_Sustainability-Award_HBT.jpg\",\"articleSection\":[\"Pro Carton Member News\"],\"inLanguage\":\"fr-FR\",\"potentialAction\":[{\"@type\":\"CommentAction\",\"name\":\"Comment\",\"target\":[\"https:\\\/\\\/www.procarton.com\\\/es\\\/foodboard-virgin-fibre-award-winning-sustainability\\\/#respond\"]}]},{\"@type\":\"WebPage\",\"@id\":\"https:\\\/\\\/www.procarton.com\\\/es\\\/foodboard-virgin-fibre-award-winning-sustainability\\\/\",\"url\":\"https:\\\/\\\/www.procarton.com\\\/es\\\/foodboard-virgin-fibre-award-winning-sustainability\\\/\",\"name\":\"FOODBOARD\u2122 virgin fibre \u2013 award-winning sustainability - Pro Carton\",\"isPartOf\":{\"@id\":\"https:\\\/\\\/www.procarton.com\\\/es\\\/#website\"},\"primaryImageOfPage\":{\"@id\":\"https:\\\/\\\/www.procarton.com\\\/es\\\/foodboard-virgin-fibre-award-winning-sustainability\\\/#primaryimage\"},\"image\":{\"@id\":\"https:\\\/\\\/www.procarton.com\\\/es\\\/foodboard-virgin-fibre-award-winning-sustainability\\\/#primaryimage\"},\"thumbnailUrl\":\"https:\\\/\\\/www.procarton.com\\\/wp-content\\\/uploads\\\/2021\\\/02\\\/FOODBOARD-virgin-fibre_Sustainability-Award_HBT.jpg\",\"datePublished\":\"2018-11-12T00:00:00+00:00\",\"dateModified\":\"2021-11-22T10:35:39+00:00\",\"breadcrumb\":{\"@id\":\"https:\\\/\\\/www.procarton.com\\\/es\\\/foodboard-virgin-fibre-award-winning-sustainability\\\/#breadcrumb\"},\"inLanguage\":\"fr-FR\",\"potentialAction\":[{\"@type\":\"ReadAction\",\"target\":[\"https:\\\/\\\/www.procarton.com\\\/es\\\/foodboard-virgin-fibre-award-winning-sustainability\\\/\"]}]},{\"@type\":\"ImageObject\",\"inLanguage\":\"fr-FR\",\"@id\":\"https:\\\/\\\/www.procarton.com\\\/es\\\/foodboard-virgin-fibre-award-winning-sustainability\\\/#primaryimage\",\"url\":\"https:\\\/\\\/www.procarton.com\\\/wp-content\\\/uploads\\\/2021\\\/02\\\/FOODBOARD-virgin-fibre_Sustainability-Award_HBT.jpg\",\"contentUrl\":\"https:\\\/\\\/www.procarton.com\\\/wp-content\\\/uploads\\\/2021\\\/02\\\/FOODBOARD-virgin-fibre_Sustainability-Award_HBT.jpg\",\"width\":1000,\"height\":667,\"caption\":\"Skvader Media - Photographers: Johanna Herbst &amp; Rickard Olausson\"},{\"@type\":\"BreadcrumbList\",\"@id\":\"https:\\\/\\\/www.procarton.com\\\/es\\\/foodboard-virgin-fibre-award-winning-sustainability\\\/#breadcrumb\",\"itemListElement\":[{\"@type\":\"ListItem\",\"position\":1,\"name\":\"Home\",\"item\":\"https:\\\/\\\/www.procarton.com\\\/\"},{\"@type\":\"ListItem\",\"position\":2,\"name\":\"FOODBOARD\u2122 virgin fibre \u2013 award-winning sustainability\"}]},{\"@type\":\"WebSite\",\"@id\":\"https:\\\/\\\/www.procarton.com\\\/es\\\/#website\",\"url\":\"https:\\\/\\\/www.procarton.com\\\/es\\\/\",\"name\":\"Pro Carton\",\"description\":\"\",\"publisher\":{\"@id\":\"https:\\\/\\\/www.procarton.com\\\/es\\\/#organization\"},\"potentialAction\":[{\"@type\":\"SearchAction\",\"target\":{\"@type\":\"EntryPoint\",\"urlTemplate\":\"https:\\\/\\\/www.procarton.com\\\/es\\\/?s={search_term_string}\"},\"query-input\":{\"@type\":\"PropertyValueSpecification\",\"valueRequired\":true,\"valueName\":\"search_term_string\"}}],\"inLanguage\":\"fr-FR\"},{\"@type\":\"Organization\",\"@id\":\"https:\\\/\\\/www.procarton.com\\\/es\\\/#organization\",\"name\":\"ProCarton\",\"url\":\"https:\\\/\\\/www.procarton.com\\\/es\\\/\",\"logo\":{\"@type\":\"ImageObject\",\"inLanguage\":\"fr-FR\",\"@id\":\"https:\\\/\\\/www.procarton.com\\\/es\\\/#\\\/schema\\\/logo\\\/image\\\/\",\"url\":\"https:\\\/\\\/www.procarton.com\\\/wp-content\\\/uploads\\\/2022\\\/06\\\/logo-mit-slogan.jpg\",\"contentUrl\":\"https:\\\/\\\/www.procarton.com\\\/wp-content\\\/uploads\\\/2022\\\/06\\\/logo-mit-slogan.jpg\",\"width\":422,\"height\":519,\"caption\":\"ProCarton\"},\"image\":{\"@id\":\"https:\\\/\\\/www.procarton.com\\\/es\\\/#\\\/schema\\\/logo\\\/image\\\/\"},\"sameAs\":[\"https:\\\/\\\/www.facebook.com\\\/procartondesignaward\\\/\",\"https:\\\/\\\/x.com\\\/pro_carton\"]},{\"@type\":\"Person\",\"@id\":\"https:\\\/\\\/www.procarton.com\\\/es\\\/#\\\/schema\\\/person\\\/872a075145d2c38578ff4eed7d481251\",\"name\":\"esterling@admin\",\"sameAs\":[\"https:\\\/\\\/www.procarton.com\"],\"url\":\"https:\\\/\\\/www.procarton.com\\\/fr\\\/author\\\/esterlingadmin\\\/\"}]}<\/script>\n<!-- \/ Yoast SEO plugin. -->","yoast_head_json":{"title":"La fibre vierge FOODBOARD\u2122 - une durabilit\u00e9 prim\u00e9e - Pro Carton","robots":{"index":"index","follow":"follow","max-snippet":"max-snippet:-1","max-image-preview":"max-image-preview:large","max-video-preview":"max-video-preview:-1"},"canonical":"https:\/\/www.procarton.com\/fr\/foodboard-virgin-fibre-award-winning-sustainability\/","og_locale":"fr_FR","og_type":"article","og_title":"FOODBOARD\u2122 virgin fibre \u2013 award-winning sustainability - Pro Carton","og_description":"The prizes for the best cartons of the European Carton Excellence Award have now been awarded! Outstanding designs and functional solutions were honoured at the ECMA Congress Award Gala on 20 September - in the glamorous setting of the House of the Riga Latvian Society.","og_url":"https:\/\/www.procarton.com\/fr\/foodboard-virgin-fibre-award-winning-sustainability\/","og_site_name":"Pro Carton","article_publisher":"https:\/\/www.facebook.com\/procartondesignaward\/","article_published_time":"2018-11-12T00:00:00+00:00","article_modified_time":"2021-11-22T10:35:39+00:00","og_image":[{"width":1000,"height":667,"url":"https:\/\/www.procarton.com\/wp-content\/uploads\/2021\/02\/FOODBOARD-virgin-fibre_Sustainability-Award_HBT.jpg","type":"image\/jpeg"}],"author":"esterling@admin","twitter_card":"summary_large_image","twitter_creator":"@pro_carton","twitter_site":"@pro_carton","twitter_misc":{"\u00c9crit par":"esterling@admin","Dur\u00e9e de lecture estim\u00e9e":"1 minute"},"schema":{"@context":"https:\/\/schema.org","@graph":[{"@type":"Article","@id":"https:\/\/www.procarton.com\/es\/foodboard-virgin-fibre-award-winning-sustainability\/#article","isPartOf":{"@id":"https:\/\/www.procarton.com\/es\/foodboard-virgin-fibre-award-winning-sustainability\/"},"author":{"name":"esterling@admin","@id":"https:\/\/www.procarton.com\/es\/#\/schema\/person\/872a075145d2c38578ff4eed7d481251"},"headline":"FOODBOARD\u2122 virgin fibre \u2013 award-winning sustainability","datePublished":"2018-11-12T00:00:00+00:00","dateModified":"2021-11-22T10:35:39+00:00","mainEntityOfPage":{"@id":"https:\/\/www.procarton.com\/es\/foodboard-virgin-fibre-award-winning-sustainability\/"},"wordCount":300,"commentCount":0,"publisher":{"@id":"https:\/\/www.procarton.com\/es\/#organization"},"image":{"@id":"https:\/\/www.procarton.com\/es\/foodboard-virgin-fibre-award-winning-sustainability\/#primaryimage"},"thumbnailUrl":"https:\/\/www.procarton.com\/wp-content\/uploads\/2021\/02\/FOODBOARD-virgin-fibre_Sustainability-Award_HBT.jpg","articleSection":["Pro Carton Member News"],"inLanguage":"fr-FR","potentialAction":[{"@type":"CommentAction","name":"Comment","target":["https:\/\/www.procarton.com\/es\/foodboard-virgin-fibre-award-winning-sustainability\/#respond"]}]},{"@type":"WebPage","@id":"https:\/\/www.procarton.com\/es\/foodboard-virgin-fibre-award-winning-sustainability\/","url":"https:\/\/www.procarton.com\/es\/foodboard-virgin-fibre-award-winning-sustainability\/","name":"La fibre vierge FOODBOARD\u2122 - une durabilit\u00e9 prim\u00e9e - Pro Carton","isPartOf":{"@id":"https:\/\/www.procarton.com\/es\/#website"},"primaryImageOfPage":{"@id":"https:\/\/www.procarton.com\/es\/foodboard-virgin-fibre-award-winning-sustainability\/#primaryimage"},"image":{"@id":"https:\/\/www.procarton.com\/es\/foodboard-virgin-fibre-award-winning-sustainability\/#primaryimage"},"thumbnailUrl":"https:\/\/www.procarton.com\/wp-content\/uploads\/2021\/02\/FOODBOARD-virgin-fibre_Sustainability-Award_HBT.jpg","datePublished":"2018-11-12T00:00:00+00:00","dateModified":"2021-11-22T10:35:39+00:00","breadcrumb":{"@id":"https:\/\/www.procarton.com\/es\/foodboard-virgin-fibre-award-winning-sustainability\/#breadcrumb"},"inLanguage":"fr-FR","potentialAction":[{"@type":"ReadAction","target":["https:\/\/www.procarton.com\/es\/foodboard-virgin-fibre-award-winning-sustainability\/"]}]},{"@type":"ImageObject","inLanguage":"fr-FR","@id":"https:\/\/www.procarton.com\/es\/foodboard-virgin-fibre-award-winning-sustainability\/#primaryimage","url":"https:\/\/www.procarton.com\/wp-content\/uploads\/2021\/02\/FOODBOARD-virgin-fibre_Sustainability-Award_HBT.jpg","contentUrl":"https:\/\/www.procarton.com\/wp-content\/uploads\/2021\/02\/FOODBOARD-virgin-fibre_Sustainability-Award_HBT.jpg","width":1000,"height":667,"caption":"Skvader Media - Photographers: Johanna Herbst &amp; Rickard Olausson"},{"@type":"BreadcrumbList","@id":"https:\/\/www.procarton.com\/es\/foodboard-virgin-fibre-award-winning-sustainability\/#breadcrumb","itemListElement":[{"@type":"ListItem","position":1,"name":"Home","item":"https:\/\/www.procarton.com\/"},{"@type":"ListItem","position":2,"name":"FOODBOARD\u2122 virgin fibre \u2013 award-winning sustainability"}]},{"@type":"WebSite","@id":"https:\/\/www.procarton.com\/es\/#website","url":"https:\/\/www.procarton.com\/es\/","name":"Pro Carton","description":"","publisher":{"@id":"https:\/\/www.procarton.com\/es\/#organization"},"potentialAction":[{"@type":"SearchAction","target":{"@type":"EntryPoint","urlTemplate":"https:\/\/www.procarton.com\/es\/?s={search_term_string}"},"query-input":{"@type":"PropertyValueSpecification","valueRequired":true,"valueName":"search_term_string"}}],"inLanguage":"fr-FR"},{"@type":"Organization","@id":"https:\/\/www.procarton.com\/es\/#organization","name":"ProCarton","url":"https:\/\/www.procarton.com\/es\/","logo":{"@type":"ImageObject","inLanguage":"fr-FR","@id":"https:\/\/www.procarton.com\/es\/#\/schema\/logo\/image\/","url":"https:\/\/www.procarton.com\/wp-content\/uploads\/2022\/06\/logo-mit-slogan.jpg","contentUrl":"https:\/\/www.procarton.com\/wp-content\/uploads\/2022\/06\/logo-mit-slogan.jpg","width":422,"height":519,"caption":"ProCarton"},"image":{"@id":"https:\/\/www.procarton.com\/es\/#\/schema\/logo\/image\/"},"sameAs":["https:\/\/www.facebook.com\/procartondesignaward\/","https:\/\/x.com\/pro_carton"]},{"@type":"Person","@id":"https:\/\/www.procarton.com\/es\/#\/schema\/person\/872a075145d2c38578ff4eed7d481251","name":"esterling@admin","sameAs":["https:\/\/www.procarton.com"],"url":"https:\/\/www.procarton.com\/fr\/author\/esterlingadmin\/"}]}},"_links":{"self":[{"href":"https:\/\/www.procarton.com\/fr\/wp-json\/wp\/v2\/posts\/242387","targetHints":{"allow":["GET"]}}],"collection":[{"href":"https:\/\/www.procarton.com\/fr\/wp-json\/wp\/v2\/posts"}],"about":[{"href":"https:\/\/www.procarton.com\/fr\/wp-json\/wp\/v2\/types\/post"}],"author":[{"embeddable":true,"href":"https:\/\/www.procarton.com\/fr\/wp-json\/wp\/v2\/users\/1"}],"replies":[{"embeddable":true,"href":"https:\/\/www.procarton.com\/fr\/wp-json\/wp\/v2\/comments?post=242387"}],"version-history":[{"count":2,"href":"https:\/\/www.procarton.com\/fr\/wp-json\/wp\/v2\/posts\/242387\/revisions"}],"predecessor-version":[{"id":267331,"href":"https:\/\/www.procarton.com\/fr\/wp-json\/wp\/v2\/posts\/242387\/revisions\/267331"}],"wp:featuredmedia":[{"embeddable":true,"href":"https:\/\/www.procarton.com\/fr\/wp-json\/wp\/v2\/media\/242388"}],"wp:attachment":[{"href":"https:\/\/www.procarton.com\/fr\/wp-json\/wp\/v2\/media?parent=242387"}],"wp:term":[{"taxonomy":"category","embeddable":true,"href":"https:\/\/www.procarton.com\/fr\/wp-json\/wp\/v2\/categories?post=242387"},{"taxonomy":"post_tag","embeddable":true,"href":"https:\/\/www.procarton.com\/fr\/wp-json\/wp\/v2\/tags?post=242387"}],"curies":[{"name":"wp","href":"https:\/\/api.w.org\/{rel}","templated":true}]}}