{"id":242251,"date":"2017-07-03T00:00:00","date_gmt":"2017-07-02T23:00:00","guid":{"rendered":"https:\/\/www.procarton.com\/update-on-regulatory-affairs\/"},"modified":"2021-11-05T18:29:31","modified_gmt":"2021-11-05T18:29:31","slug":"update-on-regulatory-affairs","status":"publish","type":"post","link":"https:\/\/www.procarton.com\/fr\/update-on-regulatory-affairs\/","title":{"rendered":"Mise \u00e0 jour sur les affaires r\u00e9glementaires"},"content":{"rendered":"<p>Pro Carton se concentre sur deux sujets li\u00e9s aux affaires r\u00e9glementaires : le paquet l\u00e9gislatif sur l'\u00e9conomie circulaire et la politique environnementale en mati\u00e8re d'ACV.<\/p>\n<p><strong>\u00c9conomie circulaire <\/strong><\/p>\n<p>Pro Carton suit l'\u00e9volution de la proposition de l\u00e9gislation de la Commission europ\u00e9enne sur l'\u00e9conomie circulaire, afin d'\u00e9valuer son impact potentiel sur l'industrie du carton. Pro Carton agit de concert avec d'autres associations d'emballages \u00e0 base de papier \u00e0 Bruxelles, afin de minimiser tout impact n\u00e9gatif dans la mesure du possible.<\/p>\n<p>Le processus l\u00e9gislatif sur l'\u00e9conomie circulaire touchant les cartons est sur le point de s'achever. Les propositions initiales de la Commission europ\u00e9enne, pr\u00e9sent\u00e9es en d\u00e9cembre 2015 ont \u00e9t\u00e9 longuement discut\u00e9es par les d\u00e9put\u00e9s europ\u00e9ens. Le Parlement europ\u00e9en a finalement adopt\u00e9 sa position sur l'\u00e9conomie circulaire le 14 juin 2015.<sup>th<\/sup> mars. Le Conseil des ministres a \u00e9galement d\u00e9battu des propositions et a arr\u00eat\u00e9 sa position le 19 mars.<sup>th<\/sup> mai. Cela a ouvert la voie \u00e0 l'ouverture de n\u00e9gociations entre la Commission europ\u00e9enne, le Conseil des ministres et le Parlement europ\u00e9en pour trouver un accord. Ces n\u00e9gociations du Trilogue se d\u00e9roulent actuellement \u00e0 huis clos et devraient se poursuivre jusqu'\u00e0 la fin du mois d'octobre 2017.<\/p>\n<p>Les n\u00e9gociations s'annoncent difficiles car plusieurs des positions adopt\u00e9es par les diff\u00e9rentes institutions sur des sujets cl\u00e9s sont assez \u00e9loign\u00e9es les unes des autres. Par exemple, les objectifs d'emballage pour le papier et le carton propos\u00e9s par la Commission europ\u00e9enne sugg\u00e8rent un objectif de recyclage minimum de 75% d'ici 2025, alors que le Parlement europ\u00e9en demande un objectif minimum de 90% et que le Conseil des ministres propose 70%. Une question cruciale qui affecte la r\u00e9alisation de tout objectif de recyclage, et qui doit \u00e9galement faire l'objet d'un accord, est de savoir o\u00f9 fixer et mesurer le point auquel le recyclage a r\u00e9ellement lieu. Les associations bas\u00e9es sur le papier d\u00e9fendent l'id\u00e9e que le \"v\u00e9ritable recyclage\" n'a lieu qu'\u00e0 l'entr\u00e9e du processus de recyclage final.<\/p>\n<p>En collaboration avec d'autres associations d'emballages \u00e0 base de papier \u00e0 Bruxelles, Pro Carton a \u00e9labor\u00e9 une prise de position sur les principaux th\u00e8mes de la l\u00e9gislation concernant les emballages \u00e0 base de papier. Cette prise de position a \u00e9t\u00e9 pr\u00e9sent\u00e9e et discut\u00e9e avec des fonctionnaires de la Commission et des d\u00e9put\u00e9s europ\u00e9ens au cours du processus. Pro Carton a \u00e9galement travaill\u00e9 avec le Forum de la cha\u00eene d'emballage qui repr\u00e9sente l'ensemble de la cha\u00eene de valeur de l'emballage. Un objectif cl\u00e9 de ce Forum est de d\u00e9fendre la libre circulation des marchandises emball\u00e9es dans l'Union europ\u00e9enne, qui est actuellement menac\u00e9e par un changement de la base juridique de la directive sur les emballages et les d\u00e9chets d'emballages, propos\u00e9 par le Conseil des ministres. Avec soixante-six associations li\u00e9es \u00e0 l'emballage, Pro Carton a sign\u00e9 une d\u00e9claration de l'industrie afin d'attirer l'attention des n\u00e9gociateurs du Trilogue sur les dangers d'une modification de la base juridique.<\/p>\n<p><strong>ACV et empreinte carbone<\/strong><\/p>\n<p>Pro Carton collabore actuellement avec la CITPA, l'association europ\u00e9enne des transformateurs de produits en papier et en carton, afin de pr\u00e9parer une m\u00e9thodologie conforme aux derni\u00e8res normes ISO et europ\u00e9ennes, qui permettra \u00e0 l'industrie de l'emballage en papier de pr\u00e9senter ses r\u00e9f\u00e9rences environnementales de mani\u00e8re scientifiquement cr\u00e9dible.<\/p>\n<p>Pro Carton pr\u00e9pare tous les trois ans un rapport sur les donn\u00e9es environnementales des principaux impacts environnementaux de la production de cartons imprim\u00e9s, qui est disponible sur demande pour les experts en ACV. La m\u00e9thodologie CITPA devrait \u00eatre termin\u00e9e avant les vacances d'\u00e9t\u00e9, et Pro Carton l'appliquera alors aux donn\u00e9es des producteurs de carton et des transformateurs de carton afin de dresser un tableau des performances environnementales actuelles du secteur. Gr\u00e2ce \u00e0 ces donn\u00e9es, Pro Carton peut \u00e9galement calculer un chiffre actualis\u00e9 de l'empreinte carbone, qui correspond \u00e0 la moyenne de l'industrie europ\u00e9enne pour la production de cartons imprim\u00e9s.<\/p>","protected":false},"excerpt":{"rendered":"<p>Pro Carton se concentre sur deux sujets li\u00e9s aux affaires r\u00e9glementaires : le paquet l\u00e9gislatif sur l'\u00e9conomie circulaire et la politique environnementale en mati\u00e8re d'ACV.<\/p>\n<p>\u00c9conomie circulaire<\/p>\n<p>Pro Carton suit l'\u00e9volution de la proposition de l\u00e9gislation de la Commission europ\u00e9enne sur l'\u00e9conomie circulaire, afin d'\u00e9valuer son impact potentiel sur l'industrie du carton. Pro Carton agit de concert avec d'autres associations d'emballages \u00e0 base de papier \u00e0 Bruxelles, afin de minimiser tout impact n\u00e9gatif dans la mesure du possible.<\/p>","protected":false},"author":1,"featured_media":242252,"comment_status":"open","ping_status":"open","sticky":false,"template":"","format":"standard","meta":{"inline_featured_image":false,"footnotes":""},"categories":[241,52],"tags":[45],"class_list":["post-242251","post","type-post","status-publish","format-standard","has-post-thumbnail","hentry","category-legislation","category-sustainability","tag-experts-it"],"yoast_head":"<!-- This site is optimized with the Yoast SEO plugin v27.4 - https:\/\/yoast.com\/product\/yoast-seo-wordpress\/ -->\n<title>Update on Regulatory Affairs - Pro Carton<\/title>\n<meta name=\"robots\" content=\"index, follow, max-snippet:-1, max-image-preview:large, max-video-preview:-1\" \/>\n<link rel=\"canonical\" href=\"http:\/\/www.procarton.com\/fr\/update-on-regulatory-affairs\/\" \/>\n<meta property=\"og:locale\" content=\"fr_FR\" \/>\n<meta property=\"og:type\" content=\"article\" \/>\n<meta property=\"og:title\" content=\"Update on Regulatory Affairs - Pro Carton\" \/>\n<meta property=\"og:description\" content=\"Pro Carton focuses on two Regulatory Affairs topics: the Circular Economy legislative package and LCA environmental policy. Circular Economy Pro Carton is following the progress of the European Commission\u2019s Circular Economy package of proposed legislation, in order to assess its potential impact on the carton industry. Pro Carton acts together with other paper based packaging associations in Brussels, in order to minimise any negative impact wherever possi\" \/>\n<meta property=\"og:url\" content=\"http:\/\/www.procarton.com\/fr\/update-on-regulatory-affairs\/\" \/>\n<meta property=\"og:site_name\" content=\"Pro Carton\" \/>\n<meta property=\"article:publisher\" content=\"https:\/\/www.facebook.com\/procartondesignaward\/\" \/>\n<meta property=\"article:published_time\" content=\"2017-07-02T23:00:00+00:00\" \/>\n<meta property=\"article:modified_time\" content=\"2021-11-05T18:29:31+00:00\" \/>\n<meta property=\"og:image\" content=\"https:\/\/www.procarton.com\/wp-content\/uploads\/2021\/02\/Flag_of_Europe.svg_.png\" \/>\n\t<meta property=\"og:image:width\" content=\"600\" \/>\n\t<meta property=\"og:image:height\" content=\"400\" \/>\n\t<meta property=\"og:image:type\" content=\"image\/png\" \/>\n<meta name=\"author\" content=\"esterling@admin\" \/>\n<meta name=\"twitter:card\" content=\"summary_large_image\" \/>\n<meta name=\"twitter:creator\" content=\"@pro_carton\" \/>\n<meta name=\"twitter:site\" content=\"@pro_carton\" \/>\n<meta name=\"twitter:label1\" content=\"\u00c9crit par\" \/>\n\t<meta name=\"twitter:data1\" content=\"esterling@admin\" \/>\n\t<meta name=\"twitter:label2\" content=\"Dur\u00e9e de lecture estim\u00e9e\" \/>\n\t<meta name=\"twitter:data2\" content=\"3 minutes\" \/>\n<script type=\"application\/ld+json\" class=\"yoast-schema-graph\">{\"@context\":\"https:\\\/\\\/schema.org\",\"@graph\":[{\"@type\":\"Article\",\"@id\":\"http:\\\/\\\/www.procarton.com\\\/de\\\/update-on-regulatory-affairs\\\/#article\",\"isPartOf\":{\"@id\":\"http:\\\/\\\/www.procarton.com\\\/de\\\/update-on-regulatory-affairs\\\/\"},\"author\":{\"name\":\"esterling@admin\",\"@id\":\"https:\\\/\\\/www.procarton.com\\\/es\\\/#\\\/schema\\\/person\\\/872a075145d2c38578ff4eed7d481251\"},\"headline\":\"Update on Regulatory Affairs\",\"datePublished\":\"2017-07-02T23:00:00+00:00\",\"dateModified\":\"2021-11-05T18:29:31+00:00\",\"mainEntityOfPage\":{\"@id\":\"http:\\\/\\\/www.procarton.com\\\/de\\\/update-on-regulatory-affairs\\\/\"},\"wordCount\":563,\"commentCount\":0,\"publisher\":{\"@id\":\"https:\\\/\\\/www.procarton.com\\\/es\\\/#organization\"},\"image\":{\"@id\":\"http:\\\/\\\/www.procarton.com\\\/de\\\/update-on-regulatory-affairs\\\/#primaryimage\"},\"thumbnailUrl\":\"https:\\\/\\\/www.procarton.com\\\/wp-content\\\/uploads\\\/2021\\\/02\\\/Flag_of_Europe.svg_.png\",\"keywords\":[\"Experts\"],\"articleSection\":[\"Legislation\",\"Sustainability\"],\"inLanguage\":\"fr-FR\",\"potentialAction\":[{\"@type\":\"CommentAction\",\"name\":\"Comment\",\"target\":[\"http:\\\/\\\/www.procarton.com\\\/de\\\/update-on-regulatory-affairs\\\/#respond\"]}]},{\"@type\":\"WebPage\",\"@id\":\"http:\\\/\\\/www.procarton.com\\\/de\\\/update-on-regulatory-affairs\\\/\",\"url\":\"http:\\\/\\\/www.procarton.com\\\/de\\\/update-on-regulatory-affairs\\\/\",\"name\":\"Update on Regulatory Affairs - Pro Carton\",\"isPartOf\":{\"@id\":\"https:\\\/\\\/www.procarton.com\\\/es\\\/#website\"},\"primaryImageOfPage\":{\"@id\":\"http:\\\/\\\/www.procarton.com\\\/de\\\/update-on-regulatory-affairs\\\/#primaryimage\"},\"image\":{\"@id\":\"http:\\\/\\\/www.procarton.com\\\/de\\\/update-on-regulatory-affairs\\\/#primaryimage\"},\"thumbnailUrl\":\"https:\\\/\\\/www.procarton.com\\\/wp-content\\\/uploads\\\/2021\\\/02\\\/Flag_of_Europe.svg_.png\",\"datePublished\":\"2017-07-02T23:00:00+00:00\",\"dateModified\":\"2021-11-05T18:29:31+00:00\",\"breadcrumb\":{\"@id\":\"http:\\\/\\\/www.procarton.com\\\/de\\\/update-on-regulatory-affairs\\\/#breadcrumb\"},\"inLanguage\":\"fr-FR\",\"potentialAction\":[{\"@type\":\"ReadAction\",\"target\":[\"http:\\\/\\\/www.procarton.com\\\/de\\\/update-on-regulatory-affairs\\\/\"]}]},{\"@type\":\"ImageObject\",\"inLanguage\":\"fr-FR\",\"@id\":\"http:\\\/\\\/www.procarton.com\\\/de\\\/update-on-regulatory-affairs\\\/#primaryimage\",\"url\":\"https:\\\/\\\/www.procarton.com\\\/wp-content\\\/uploads\\\/2021\\\/02\\\/Flag_of_Europe.svg_.png\",\"contentUrl\":\"https:\\\/\\\/www.procarton.com\\\/wp-content\\\/uploads\\\/2021\\\/02\\\/Flag_of_Europe.svg_.png\",\"width\":600,\"height\":400},{\"@type\":\"BreadcrumbList\",\"@id\":\"http:\\\/\\\/www.procarton.com\\\/de\\\/update-on-regulatory-affairs\\\/#breadcrumb\",\"itemListElement\":[{\"@type\":\"ListItem\",\"position\":1,\"name\":\"Home\",\"item\":\"https:\\\/\\\/www.procarton.com\\\/\"},{\"@type\":\"ListItem\",\"position\":2,\"name\":\"Update on Regulatory Affairs\"}]},{\"@type\":\"WebSite\",\"@id\":\"https:\\\/\\\/www.procarton.com\\\/es\\\/#website\",\"url\":\"https:\\\/\\\/www.procarton.com\\\/es\\\/\",\"name\":\"Pro Carton\",\"description\":\"\",\"publisher\":{\"@id\":\"https:\\\/\\\/www.procarton.com\\\/es\\\/#organization\"},\"potentialAction\":[{\"@type\":\"SearchAction\",\"target\":{\"@type\":\"EntryPoint\",\"urlTemplate\":\"https:\\\/\\\/www.procarton.com\\\/es\\\/?s={search_term_string}\"},\"query-input\":{\"@type\":\"PropertyValueSpecification\",\"valueRequired\":true,\"valueName\":\"search_term_string\"}}],\"inLanguage\":\"fr-FR\"},{\"@type\":\"Organization\",\"@id\":\"https:\\\/\\\/www.procarton.com\\\/es\\\/#organization\",\"name\":\"ProCarton\",\"url\":\"https:\\\/\\\/www.procarton.com\\\/es\\\/\",\"logo\":{\"@type\":\"ImageObject\",\"inLanguage\":\"fr-FR\",\"@id\":\"https:\\\/\\\/www.procarton.com\\\/es\\\/#\\\/schema\\\/logo\\\/image\\\/\",\"url\":\"https:\\\/\\\/www.procarton.com\\\/wp-content\\\/uploads\\\/2022\\\/06\\\/logo-mit-slogan.jpg\",\"contentUrl\":\"https:\\\/\\\/www.procarton.com\\\/wp-content\\\/uploads\\\/2022\\\/06\\\/logo-mit-slogan.jpg\",\"width\":422,\"height\":519,\"caption\":\"ProCarton\"},\"image\":{\"@id\":\"https:\\\/\\\/www.procarton.com\\\/es\\\/#\\\/schema\\\/logo\\\/image\\\/\"},\"sameAs\":[\"https:\\\/\\\/www.facebook.com\\\/procartondesignaward\\\/\",\"https:\\\/\\\/x.com\\\/pro_carton\"]},{\"@type\":\"Person\",\"@id\":\"https:\\\/\\\/www.procarton.com\\\/es\\\/#\\\/schema\\\/person\\\/872a075145d2c38578ff4eed7d481251\",\"name\":\"esterling@admin\",\"sameAs\":[\"https:\\\/\\\/www.procarton.com\"],\"url\":\"https:\\\/\\\/www.procarton.com\\\/fr\\\/author\\\/esterlingadmin\\\/\"}]}<\/script>\n<!-- \/ Yoast SEO plugin. -->","yoast_head_json":{"title":"Mise \u00e0 jour sur les affaires r\u00e9glementaires - Pro Carton","robots":{"index":"index","follow":"follow","max-snippet":"max-snippet:-1","max-image-preview":"max-image-preview:large","max-video-preview":"max-video-preview:-1"},"canonical":"http:\/\/www.procarton.com\/fr\/update-on-regulatory-affairs\/","og_locale":"fr_FR","og_type":"article","og_title":"Update on Regulatory Affairs - Pro Carton","og_description":"Pro Carton focuses on two Regulatory Affairs topics: the Circular Economy legislative package and LCA environmental policy. Circular Economy Pro Carton is following the progress of the European Commission\u2019s Circular Economy package of proposed legislation, in order to assess its potential impact on the carton industry. Pro Carton acts together with other paper based packaging associations in Brussels, in order to minimise any negative impact wherever possi","og_url":"http:\/\/www.procarton.com\/fr\/update-on-regulatory-affairs\/","og_site_name":"Pro Carton","article_publisher":"https:\/\/www.facebook.com\/procartondesignaward\/","article_published_time":"2017-07-02T23:00:00+00:00","article_modified_time":"2021-11-05T18:29:31+00:00","og_image":[{"width":600,"height":400,"url":"https:\/\/www.procarton.com\/wp-content\/uploads\/2021\/02\/Flag_of_Europe.svg_.png","type":"image\/png"}],"author":"esterling@admin","twitter_card":"summary_large_image","twitter_creator":"@pro_carton","twitter_site":"@pro_carton","twitter_misc":{"\u00c9crit par":"esterling@admin","Dur\u00e9e de lecture estim\u00e9e":"3 minutes"},"schema":{"@context":"https:\/\/schema.org","@graph":[{"@type":"Article","@id":"http:\/\/www.procarton.com\/de\/update-on-regulatory-affairs\/#article","isPartOf":{"@id":"http:\/\/www.procarton.com\/de\/update-on-regulatory-affairs\/"},"author":{"name":"esterling@admin","@id":"https:\/\/www.procarton.com\/es\/#\/schema\/person\/872a075145d2c38578ff4eed7d481251"},"headline":"Update on Regulatory Affairs","datePublished":"2017-07-02T23:00:00+00:00","dateModified":"2021-11-05T18:29:31+00:00","mainEntityOfPage":{"@id":"http:\/\/www.procarton.com\/de\/update-on-regulatory-affairs\/"},"wordCount":563,"commentCount":0,"publisher":{"@id":"https:\/\/www.procarton.com\/es\/#organization"},"image":{"@id":"http:\/\/www.procarton.com\/de\/update-on-regulatory-affairs\/#primaryimage"},"thumbnailUrl":"https:\/\/www.procarton.com\/wp-content\/uploads\/2021\/02\/Flag_of_Europe.svg_.png","keywords":["Experts"],"articleSection":["Legislation","Sustainability"],"inLanguage":"fr-FR","potentialAction":[{"@type":"CommentAction","name":"Comment","target":["http:\/\/www.procarton.com\/de\/update-on-regulatory-affairs\/#respond"]}]},{"@type":"WebPage","@id":"http:\/\/www.procarton.com\/de\/update-on-regulatory-affairs\/","url":"http:\/\/www.procarton.com\/de\/update-on-regulatory-affairs\/","name":"Mise \u00e0 jour sur les affaires r\u00e9glementaires - Pro Carton","isPartOf":{"@id":"https:\/\/www.procarton.com\/es\/#website"},"primaryImageOfPage":{"@id":"http:\/\/www.procarton.com\/de\/update-on-regulatory-affairs\/#primaryimage"},"image":{"@id":"http:\/\/www.procarton.com\/de\/update-on-regulatory-affairs\/#primaryimage"},"thumbnailUrl":"https:\/\/www.procarton.com\/wp-content\/uploads\/2021\/02\/Flag_of_Europe.svg_.png","datePublished":"2017-07-02T23:00:00+00:00","dateModified":"2021-11-05T18:29:31+00:00","breadcrumb":{"@id":"http:\/\/www.procarton.com\/de\/update-on-regulatory-affairs\/#breadcrumb"},"inLanguage":"fr-FR","potentialAction":[{"@type":"ReadAction","target":["http:\/\/www.procarton.com\/de\/update-on-regulatory-affairs\/"]}]},{"@type":"ImageObject","inLanguage":"fr-FR","@id":"http:\/\/www.procarton.com\/de\/update-on-regulatory-affairs\/#primaryimage","url":"https:\/\/www.procarton.com\/wp-content\/uploads\/2021\/02\/Flag_of_Europe.svg_.png","contentUrl":"https:\/\/www.procarton.com\/wp-content\/uploads\/2021\/02\/Flag_of_Europe.svg_.png","width":600,"height":400},{"@type":"BreadcrumbList","@id":"http:\/\/www.procarton.com\/de\/update-on-regulatory-affairs\/#breadcrumb","itemListElement":[{"@type":"ListItem","position":1,"name":"Home","item":"https:\/\/www.procarton.com\/"},{"@type":"ListItem","position":2,"name":"Update on Regulatory Affairs"}]},{"@type":"WebSite","@id":"https:\/\/www.procarton.com\/es\/#website","url":"https:\/\/www.procarton.com\/es\/","name":"Pro Carton","description":"","publisher":{"@id":"https:\/\/www.procarton.com\/es\/#organization"},"potentialAction":[{"@type":"SearchAction","target":{"@type":"EntryPoint","urlTemplate":"https:\/\/www.procarton.com\/es\/?s={search_term_string}"},"query-input":{"@type":"PropertyValueSpecification","valueRequired":true,"valueName":"search_term_string"}}],"inLanguage":"fr-FR"},{"@type":"Organization","@id":"https:\/\/www.procarton.com\/es\/#organization","name":"ProCarton","url":"https:\/\/www.procarton.com\/es\/","logo":{"@type":"ImageObject","inLanguage":"fr-FR","@id":"https:\/\/www.procarton.com\/es\/#\/schema\/logo\/image\/","url":"https:\/\/www.procarton.com\/wp-content\/uploads\/2022\/06\/logo-mit-slogan.jpg","contentUrl":"https:\/\/www.procarton.com\/wp-content\/uploads\/2022\/06\/logo-mit-slogan.jpg","width":422,"height":519,"caption":"ProCarton"},"image":{"@id":"https:\/\/www.procarton.com\/es\/#\/schema\/logo\/image\/"},"sameAs":["https:\/\/www.facebook.com\/procartondesignaward\/","https:\/\/x.com\/pro_carton"]},{"@type":"Person","@id":"https:\/\/www.procarton.com\/es\/#\/schema\/person\/872a075145d2c38578ff4eed7d481251","name":"esterling@admin","sameAs":["https:\/\/www.procarton.com"],"url":"https:\/\/www.procarton.com\/fr\/author\/esterlingadmin\/"}]}},"_links":{"self":[{"href":"https:\/\/www.procarton.com\/fr\/wp-json\/wp\/v2\/posts\/242251","targetHints":{"allow":["GET"]}}],"collection":[{"href":"https:\/\/www.procarton.com\/fr\/wp-json\/wp\/v2\/posts"}],"about":[{"href":"https:\/\/www.procarton.com\/fr\/wp-json\/wp\/v2\/types\/post"}],"author":[{"embeddable":true,"href":"https:\/\/www.procarton.com\/fr\/wp-json\/wp\/v2\/users\/1"}],"replies":[{"embeddable":true,"href":"https:\/\/www.procarton.com\/fr\/wp-json\/wp\/v2\/comments?post=242251"}],"version-history":[{"count":1,"href":"https:\/\/www.procarton.com\/fr\/wp-json\/wp\/v2\/posts\/242251\/revisions"}],"predecessor-version":[{"id":265901,"href":"https:\/\/www.procarton.com\/fr\/wp-json\/wp\/v2\/posts\/242251\/revisions\/265901"}],"wp:featuredmedia":[{"embeddable":true,"href":"https:\/\/www.procarton.com\/fr\/wp-json\/wp\/v2\/media\/242252"}],"wp:attachment":[{"href":"https:\/\/www.procarton.com\/fr\/wp-json\/wp\/v2\/media?parent=242251"}],"wp:term":[{"taxonomy":"category","embeddable":true,"href":"https:\/\/www.procarton.com\/fr\/wp-json\/wp\/v2\/categories?post=242251"},{"taxonomy":"post_tag","embeddable":true,"href":"https:\/\/www.procarton.com\/fr\/wp-json\/wp\/v2\/tags?post=242251"}],"curies":[{"name":"wp","href":"https:\/\/api.w.org\/{rel}","templated":true}]}}