{"id":241848,"date":"2010-11-29T00:00:00","date_gmt":"2010-11-29T00:00:00","guid":{"rendered":"https:\/\/www.procarton.com\/luxury-in-cartonboard\/"},"modified":"2021-11-07T16:16:58","modified_gmt":"2021-11-07T16:16:58","slug":"luxury-in-cartonboard","status":"publish","type":"post","link":"https:\/\/www.procarton.com\/fr\/luxury-in-cartonboard\/","title":{"rendered":"Le luxe en carton"},"content":{"rendered":"<p>L'imagination, la cr\u00e9ativit\u00e9, la qualit\u00e9 et le style \u00e9taient au rendez-vous lors du r\u00e9cent salon Luxepack qui s'est tenu du 20 au 22 octobre (www.luxepack.com). Ce salon, qui a pour but de montrer ce qui se fait de mieux en mati\u00e8re d'emballage pour les march\u00e9s du luxe, se tient comme il se doit \u00e0 Monaco chaque ann\u00e9e et rassemble les meilleurs producteurs d'emballages afin de montrer ce qu'ils peuvent r\u00e9aliser. Il \u00e9tait int\u00e9ressant de constater que les emballages destin\u00e9s \u00e0 la vente au d\u00e9tail contenaient peu de plastique, la plupart des exposants pr\u00e9sentant des cartons, des sacs et des bouteilles fabriqu\u00e9s \u00e0 partir de mat\u00e9riaux renouvelables et la plupart des exposants affichant fi\u00e8rement les avantages environnementaux de leurs id\u00e9es et conceptions d'emballages.<\/p>\n<p><a href='\/files\/file_manager\/press_1110\/p_1110_lux_e.html ' target='_blank' rel=\"noopener\">Plus ...<\/a><\/p>","protected":false},"excerpt":{"rendered":"<p>L'imagination, la cr\u00e9ativit\u00e9, la qualit\u00e9 et le style \u00e9taient au rendez-vous lors du r\u00e9cent salon Luxepack qui s'est tenu du 20 au 22 octobre (www.luxepack.com). Ce salon, qui a pour but de montrer ce qui se fait de mieux en mati\u00e8re d'emballage pour les march\u00e9s du luxe, se tient comme il se doit \u00e0 Monaco chaque ann\u00e9e et rassemble les meilleurs producteurs d'emballages afin de montrer ce qu'ils peuvent r\u00e9aliser. Il \u00e9tait int\u00e9ressant de constater que les emballages destin\u00e9s \u00e0 la vente au d\u00e9tail contenaient peu de plastique, la plupart des exposants pr\u00e9sentant des cartons, des sacs et des bouteilles fabriqu\u00e9s \u00e0 partir de mat\u00e9riaux renouvelables et la plupart des exposants affichant fi\u00e8rement les avantages environnementaux de leurs id\u00e9es et conceptions d'emballages.<\/p>\n<p><a href='\/files\/file_manager\/press_1110\/p_1110_lux_e.html ' target='_blank' rel=\"noopener\">Plus ...<\/a><\/p>","protected":false},"author":1,"featured_media":241849,"comment_status":"open","ping_status":"open","sticky":false,"template":"","format":"standard","meta":{"inline_featured_image":false,"footnotes":""},"categories":[44],"tags":[37],"class_list":["post-241848","post","type-post","status-publish","format-standard","has-post-thumbnail","hentry","category-marketing-trends","tag-events-fr"],"yoast_head":"<!-- This site is optimized with the Yoast SEO plugin v27.4 - https:\/\/yoast.com\/product\/yoast-seo-wordpress\/ -->\n<title>Luxury in Cartonboard - Pro Carton<\/title>\n<meta name=\"robots\" content=\"index, follow, max-snippet:-1, max-image-preview:large, max-video-preview:-1\" \/>\n<link rel=\"canonical\" href=\"https:\/\/www.procarton.com\/fr\/luxury-in-cartonboard\/\" \/>\n<meta property=\"og:locale\" content=\"fr_FR\" \/>\n<meta property=\"og:type\" content=\"article\" \/>\n<meta property=\"og:title\" content=\"Luxury in Cartonboard - Pro Carton\" \/>\n<meta property=\"og:description\" content=\"Imagination, creativity, quality and style were all in great evidence at the recent Luxepack exhibition held between 20th and 22nd October (www.luxepack.com). This exhibition is designed to show the best in packaging for the luxury markets and it is fittingly held in Monaco each year and brings together the best packaging producers to show what they can achieve. It was interesting to see that in packaging intended for the retail shelf, there was little plastic in evidence with most of the exhibitors showing cartons, bags and bottles all made from renewable materials and most of those exhibiting were proudly displaying the environmental benefits of their packaging ideas and designs.More ...\" \/>\n<meta property=\"og:url\" content=\"https:\/\/www.procarton.com\/fr\/luxury-in-cartonboard\/\" \/>\n<meta property=\"og:site_name\" content=\"Pro Carton\" \/>\n<meta property=\"article:publisher\" content=\"https:\/\/www.facebook.com\/procartondesignaward\/\" \/>\n<meta property=\"article:published_time\" content=\"2010-11-29T00:00:00+00:00\" \/>\n<meta property=\"article:modified_time\" content=\"2021-11-07T16:16:58+00:00\" \/>\n<meta property=\"og:image\" content=\"https:\/\/www.procarton.com\/wp-content\/uploads\/2021\/02\/luxe_4_m.jpg\" \/>\n\t<meta property=\"og:image:width\" content=\"220\" \/>\n\t<meta property=\"og:image:height\" content=\"234\" \/>\n\t<meta property=\"og:image:type\" content=\"image\/jpeg\" \/>\n<meta name=\"author\" content=\"esterling@admin\" \/>\n<meta name=\"twitter:card\" content=\"summary_large_image\" \/>\n<meta name=\"twitter:creator\" content=\"@pro_carton\" \/>\n<meta name=\"twitter:site\" content=\"@pro_carton\" \/>\n<meta name=\"twitter:label1\" content=\"\u00c9crit par\" \/>\n\t<meta name=\"twitter:data1\" content=\"esterling@admin\" \/>\n\t<meta name=\"twitter:label2\" content=\"Dur\u00e9e de lecture estim\u00e9e\" \/>\n\t<meta name=\"twitter:data2\" content=\"1 minute\" \/>\n<script type=\"application\/ld+json\" class=\"yoast-schema-graph\">{\"@context\":\"https:\\\/\\\/schema.org\",\"@graph\":[{\"@type\":\"Article\",\"@id\":\"https:\\\/\\\/www.procarton.com\\\/es\\\/luxury-in-cartonboard\\\/#article\",\"isPartOf\":{\"@id\":\"https:\\\/\\\/www.procarton.com\\\/es\\\/luxury-in-cartonboard\\\/\"},\"author\":{\"name\":\"esterling@admin\",\"@id\":\"https:\\\/\\\/www.procarton.com\\\/es\\\/#\\\/schema\\\/person\\\/872a075145d2c38578ff4eed7d481251\"},\"headline\":\"Luxury in Cartonboard\",\"datePublished\":\"2010-11-29T00:00:00+00:00\",\"dateModified\":\"2021-11-07T16:16:58+00:00\",\"mainEntityOfPage\":{\"@id\":\"https:\\\/\\\/www.procarton.com\\\/es\\\/luxury-in-cartonboard\\\/\"},\"wordCount\":115,\"commentCount\":0,\"publisher\":{\"@id\":\"https:\\\/\\\/www.procarton.com\\\/es\\\/#organization\"},\"image\":{\"@id\":\"https:\\\/\\\/www.procarton.com\\\/es\\\/luxury-in-cartonboard\\\/#primaryimage\"},\"thumbnailUrl\":\"https:\\\/\\\/www.procarton.com\\\/wp-content\\\/uploads\\\/2021\\\/02\\\/luxe_4_m.jpg\",\"keywords\":[\"Events\"],\"articleSection\":[\"Marketing Trends\"],\"inLanguage\":\"fr-FR\",\"potentialAction\":[{\"@type\":\"CommentAction\",\"name\":\"Comment\",\"target\":[\"https:\\\/\\\/www.procarton.com\\\/es\\\/luxury-in-cartonboard\\\/#respond\"]}]},{\"@type\":\"WebPage\",\"@id\":\"https:\\\/\\\/www.procarton.com\\\/es\\\/luxury-in-cartonboard\\\/\",\"url\":\"https:\\\/\\\/www.procarton.com\\\/es\\\/luxury-in-cartonboard\\\/\",\"name\":\"Luxury in Cartonboard - Pro Carton\",\"isPartOf\":{\"@id\":\"https:\\\/\\\/www.procarton.com\\\/es\\\/#website\"},\"primaryImageOfPage\":{\"@id\":\"https:\\\/\\\/www.procarton.com\\\/es\\\/luxury-in-cartonboard\\\/#primaryimage\"},\"image\":{\"@id\":\"https:\\\/\\\/www.procarton.com\\\/es\\\/luxury-in-cartonboard\\\/#primaryimage\"},\"thumbnailUrl\":\"https:\\\/\\\/www.procarton.com\\\/wp-content\\\/uploads\\\/2021\\\/02\\\/luxe_4_m.jpg\",\"datePublished\":\"2010-11-29T00:00:00+00:00\",\"dateModified\":\"2021-11-07T16:16:58+00:00\",\"breadcrumb\":{\"@id\":\"https:\\\/\\\/www.procarton.com\\\/es\\\/luxury-in-cartonboard\\\/#breadcrumb\"},\"inLanguage\":\"fr-FR\",\"potentialAction\":[{\"@type\":\"ReadAction\",\"target\":[\"https:\\\/\\\/www.procarton.com\\\/es\\\/luxury-in-cartonboard\\\/\"]}]},{\"@type\":\"ImageObject\",\"inLanguage\":\"fr-FR\",\"@id\":\"https:\\\/\\\/www.procarton.com\\\/es\\\/luxury-in-cartonboard\\\/#primaryimage\",\"url\":\"https:\\\/\\\/www.procarton.com\\\/wp-content\\\/uploads\\\/2021\\\/02\\\/luxe_4_m.jpg\",\"contentUrl\":\"https:\\\/\\\/www.procarton.com\\\/wp-content\\\/uploads\\\/2021\\\/02\\\/luxe_4_m.jpg\",\"width\":220,\"height\":234},{\"@type\":\"BreadcrumbList\",\"@id\":\"https:\\\/\\\/www.procarton.com\\\/es\\\/luxury-in-cartonboard\\\/#breadcrumb\",\"itemListElement\":[{\"@type\":\"ListItem\",\"position\":1,\"name\":\"Home\",\"item\":\"https:\\\/\\\/www.procarton.com\\\/\"},{\"@type\":\"ListItem\",\"position\":2,\"name\":\"Luxury in Cartonboard\"}]},{\"@type\":\"WebSite\",\"@id\":\"https:\\\/\\\/www.procarton.com\\\/es\\\/#website\",\"url\":\"https:\\\/\\\/www.procarton.com\\\/es\\\/\",\"name\":\"Pro Carton\",\"description\":\"\",\"publisher\":{\"@id\":\"https:\\\/\\\/www.procarton.com\\\/es\\\/#organization\"},\"potentialAction\":[{\"@type\":\"SearchAction\",\"target\":{\"@type\":\"EntryPoint\",\"urlTemplate\":\"https:\\\/\\\/www.procarton.com\\\/es\\\/?s={search_term_string}\"},\"query-input\":{\"@type\":\"PropertyValueSpecification\",\"valueRequired\":true,\"valueName\":\"search_term_string\"}}],\"inLanguage\":\"fr-FR\"},{\"@type\":\"Organization\",\"@id\":\"https:\\\/\\\/www.procarton.com\\\/es\\\/#organization\",\"name\":\"ProCarton\",\"url\":\"https:\\\/\\\/www.procarton.com\\\/es\\\/\",\"logo\":{\"@type\":\"ImageObject\",\"inLanguage\":\"fr-FR\",\"@id\":\"https:\\\/\\\/www.procarton.com\\\/es\\\/#\\\/schema\\\/logo\\\/image\\\/\",\"url\":\"https:\\\/\\\/www.procarton.com\\\/wp-content\\\/uploads\\\/2022\\\/06\\\/logo-mit-slogan.jpg\",\"contentUrl\":\"https:\\\/\\\/www.procarton.com\\\/wp-content\\\/uploads\\\/2022\\\/06\\\/logo-mit-slogan.jpg\",\"width\":422,\"height\":519,\"caption\":\"ProCarton\"},\"image\":{\"@id\":\"https:\\\/\\\/www.procarton.com\\\/es\\\/#\\\/schema\\\/logo\\\/image\\\/\"},\"sameAs\":[\"https:\\\/\\\/www.facebook.com\\\/procartondesignaward\\\/\",\"https:\\\/\\\/x.com\\\/pro_carton\"]},{\"@type\":\"Person\",\"@id\":\"https:\\\/\\\/www.procarton.com\\\/es\\\/#\\\/schema\\\/person\\\/872a075145d2c38578ff4eed7d481251\",\"name\":\"esterling@admin\",\"sameAs\":[\"https:\\\/\\\/www.procarton.com\"],\"url\":\"https:\\\/\\\/www.procarton.com\\\/fr\\\/author\\\/esterlingadmin\\\/\"}]}<\/script>\n<!-- \/ Yoast SEO plugin. -->","yoast_head_json":{"title":"Luxe en carton - Pro Carton","robots":{"index":"index","follow":"follow","max-snippet":"max-snippet:-1","max-image-preview":"max-image-preview:large","max-video-preview":"max-video-preview:-1"},"canonical":"https:\/\/www.procarton.com\/fr\/luxury-in-cartonboard\/","og_locale":"fr_FR","og_type":"article","og_title":"Luxury in Cartonboard - Pro Carton","og_description":"Imagination, creativity, quality and style were all in great evidence at the recent Luxepack exhibition held between 20th and 22nd October (www.luxepack.com). This exhibition is designed to show the best in packaging for the luxury markets and it is fittingly held in Monaco each year and brings together the best packaging producers to show what they can achieve. It was interesting to see that in packaging intended for the retail shelf, there was little plastic in evidence with most of the exhibitors showing cartons, bags and bottles all made from renewable materials and most of those exhibiting were proudly displaying the environmental benefits of their packaging ideas and designs.More ...","og_url":"https:\/\/www.procarton.com\/fr\/luxury-in-cartonboard\/","og_site_name":"Pro Carton","article_publisher":"https:\/\/www.facebook.com\/procartondesignaward\/","article_published_time":"2010-11-29T00:00:00+00:00","article_modified_time":"2021-11-07T16:16:58+00:00","og_image":[{"width":220,"height":234,"url":"https:\/\/www.procarton.com\/wp-content\/uploads\/2021\/02\/luxe_4_m.jpg","type":"image\/jpeg"}],"author":"esterling@admin","twitter_card":"summary_large_image","twitter_creator":"@pro_carton","twitter_site":"@pro_carton","twitter_misc":{"\u00c9crit par":"esterling@admin","Dur\u00e9e de lecture estim\u00e9e":"1 minute"},"schema":{"@context":"https:\/\/schema.org","@graph":[{"@type":"Article","@id":"https:\/\/www.procarton.com\/es\/luxury-in-cartonboard\/#article","isPartOf":{"@id":"https:\/\/www.procarton.com\/es\/luxury-in-cartonboard\/"},"author":{"name":"esterling@admin","@id":"https:\/\/www.procarton.com\/es\/#\/schema\/person\/872a075145d2c38578ff4eed7d481251"},"headline":"Luxury in Cartonboard","datePublished":"2010-11-29T00:00:00+00:00","dateModified":"2021-11-07T16:16:58+00:00","mainEntityOfPage":{"@id":"https:\/\/www.procarton.com\/es\/luxury-in-cartonboard\/"},"wordCount":115,"commentCount":0,"publisher":{"@id":"https:\/\/www.procarton.com\/es\/#organization"},"image":{"@id":"https:\/\/www.procarton.com\/es\/luxury-in-cartonboard\/#primaryimage"},"thumbnailUrl":"https:\/\/www.procarton.com\/wp-content\/uploads\/2021\/02\/luxe_4_m.jpg","keywords":["Events"],"articleSection":["Marketing Trends"],"inLanguage":"fr-FR","potentialAction":[{"@type":"CommentAction","name":"Comment","target":["https:\/\/www.procarton.com\/es\/luxury-in-cartonboard\/#respond"]}]},{"@type":"WebPage","@id":"https:\/\/www.procarton.com\/es\/luxury-in-cartonboard\/","url":"https:\/\/www.procarton.com\/es\/luxury-in-cartonboard\/","name":"Luxe en carton - Pro Carton","isPartOf":{"@id":"https:\/\/www.procarton.com\/es\/#website"},"primaryImageOfPage":{"@id":"https:\/\/www.procarton.com\/es\/luxury-in-cartonboard\/#primaryimage"},"image":{"@id":"https:\/\/www.procarton.com\/es\/luxury-in-cartonboard\/#primaryimage"},"thumbnailUrl":"https:\/\/www.procarton.com\/wp-content\/uploads\/2021\/02\/luxe_4_m.jpg","datePublished":"2010-11-29T00:00:00+00:00","dateModified":"2021-11-07T16:16:58+00:00","breadcrumb":{"@id":"https:\/\/www.procarton.com\/es\/luxury-in-cartonboard\/#breadcrumb"},"inLanguage":"fr-FR","potentialAction":[{"@type":"ReadAction","target":["https:\/\/www.procarton.com\/es\/luxury-in-cartonboard\/"]}]},{"@type":"ImageObject","inLanguage":"fr-FR","@id":"https:\/\/www.procarton.com\/es\/luxury-in-cartonboard\/#primaryimage","url":"https:\/\/www.procarton.com\/wp-content\/uploads\/2021\/02\/luxe_4_m.jpg","contentUrl":"https:\/\/www.procarton.com\/wp-content\/uploads\/2021\/02\/luxe_4_m.jpg","width":220,"height":234},{"@type":"BreadcrumbList","@id":"https:\/\/www.procarton.com\/es\/luxury-in-cartonboard\/#breadcrumb","itemListElement":[{"@type":"ListItem","position":1,"name":"Home","item":"https:\/\/www.procarton.com\/"},{"@type":"ListItem","position":2,"name":"Luxury in Cartonboard"}]},{"@type":"WebSite","@id":"https:\/\/www.procarton.com\/es\/#website","url":"https:\/\/www.procarton.com\/es\/","name":"Pro Carton","description":"","publisher":{"@id":"https:\/\/www.procarton.com\/es\/#organization"},"potentialAction":[{"@type":"SearchAction","target":{"@type":"EntryPoint","urlTemplate":"https:\/\/www.procarton.com\/es\/?s={search_term_string}"},"query-input":{"@type":"PropertyValueSpecification","valueRequired":true,"valueName":"search_term_string"}}],"inLanguage":"fr-FR"},{"@type":"Organization","@id":"https:\/\/www.procarton.com\/es\/#organization","name":"ProCarton","url":"https:\/\/www.procarton.com\/es\/","logo":{"@type":"ImageObject","inLanguage":"fr-FR","@id":"https:\/\/www.procarton.com\/es\/#\/schema\/logo\/image\/","url":"https:\/\/www.procarton.com\/wp-content\/uploads\/2022\/06\/logo-mit-slogan.jpg","contentUrl":"https:\/\/www.procarton.com\/wp-content\/uploads\/2022\/06\/logo-mit-slogan.jpg","width":422,"height":519,"caption":"ProCarton"},"image":{"@id":"https:\/\/www.procarton.com\/es\/#\/schema\/logo\/image\/"},"sameAs":["https:\/\/www.facebook.com\/procartondesignaward\/","https:\/\/x.com\/pro_carton"]},{"@type":"Person","@id":"https:\/\/www.procarton.com\/es\/#\/schema\/person\/872a075145d2c38578ff4eed7d481251","name":"esterling@admin","sameAs":["https:\/\/www.procarton.com"],"url":"https:\/\/www.procarton.com\/fr\/author\/esterlingadmin\/"}]}},"_links":{"self":[{"href":"https:\/\/www.procarton.com\/fr\/wp-json\/wp\/v2\/posts\/241848","targetHints":{"allow":["GET"]}}],"collection":[{"href":"https:\/\/www.procarton.com\/fr\/wp-json\/wp\/v2\/posts"}],"about":[{"href":"https:\/\/www.procarton.com\/fr\/wp-json\/wp\/v2\/types\/post"}],"author":[{"embeddable":true,"href":"https:\/\/www.procarton.com\/fr\/wp-json\/wp\/v2\/users\/1"}],"replies":[{"embeddable":true,"href":"https:\/\/www.procarton.com\/fr\/wp-json\/wp\/v2\/comments?post=241848"}],"version-history":[{"count":1,"href":"https:\/\/www.procarton.com\/fr\/wp-json\/wp\/v2\/posts\/241848\/revisions"}],"predecessor-version":[{"id":266272,"href":"https:\/\/www.procarton.com\/fr\/wp-json\/wp\/v2\/posts\/241848\/revisions\/266272"}],"wp:featuredmedia":[{"embeddable":true,"href":"https:\/\/www.procarton.com\/fr\/wp-json\/wp\/v2\/media\/241849"}],"wp:attachment":[{"href":"https:\/\/www.procarton.com\/fr\/wp-json\/wp\/v2\/media?parent=241848"}],"wp:term":[{"taxonomy":"category","embeddable":true,"href":"https:\/\/www.procarton.com\/fr\/wp-json\/wp\/v2\/categories?post=241848"},{"taxonomy":"post_tag","embeddable":true,"href":"https:\/\/www.procarton.com\/fr\/wp-json\/wp\/v2\/tags?post=241848"}],"curies":[{"name":"wp","href":"https:\/\/api.w.org\/{rel}","templated":true}]}}