{"id":241834,"date":"2011-01-26T00:00:00","date_gmt":"2011-01-26T00:00:00","guid":{"rendered":"https:\/\/www.procarton.com\/pro-carton-launches-video-on-youtube-and-on-its-website-about-cartons-and-greenhouse-gas-emissions\/"},"modified":"2021-11-07T16:16:21","modified_gmt":"2021-11-07T16:16:21","slug":"pro-carton-launches-video-on-youtube-and-on-its-website-about-cartons-and-greenhouse-gas-emissions","status":"publish","type":"post","link":"https:\/\/www.procarton.com\/fr\/pro-carton-launches-video-on-youtube-and-on-its-website-about-cartons-and-greenhouse-gas-emissions\/","title":{"rendered":"Pro Carton lance une vid\u00e9o sur YouTube et sur son site web concernant les cartons et les \u00e9missions de gaz \u00e0 effet de serre"},"content":{"rendered":"<p>Ceux d'entre nous qui pr\u00e9f\u00e8rent regarder des films plut\u00f4t que de lire de longs textes peuvent d\u00e9sormais s'informer sur l'empreinte carbone biog\u00e9nique des cartons dans une courte vid\u00e9o.<br \/>La vid\u00e9o de Pro Carton intitul\u00e9e \"Cartons, empreinte carbone et carbone biog\u00e9nique\" r\u00e9sume l'approche de l'industrie en mati\u00e8re d'empreinte carbone et met en \u00e9vidence le fait que la demande de cartons stimule la gestion durable des for\u00eats, ce qui entra\u00eene une meilleure s\u00e9questration du carbone dans les for\u00eats g\u00e9r\u00e9es. 730 kg de carbone biog\u00e9nique sont \u00e9limin\u00e9s de l'atmosph\u00e8re pour une tonne moyenne de cartons fabriqu\u00e9s en Europe.<\/p>\n<p><a href='\/files\/file_manager\/press_0111\/p_0111_vid_e.html ' target='_blank' rel=\"noopener\">Plus ...<\/a><\/p>","protected":false},"excerpt":{"rendered":"<p>Ceux d'entre nous qui pr\u00e9f\u00e8rent regarder des films plut\u00f4t que de lire de longs textes peuvent d\u00e9sormais s'informer sur l'empreinte carbone biog\u00e9nique des cartons dans une courte vid\u00e9o.<br \/>La vid\u00e9o de Pro Carton intitul\u00e9e \"Cartons, empreinte carbone et carbone biog\u00e9nique\" r\u00e9sume l'approche de l'industrie en mati\u00e8re d'empreinte carbone et met en \u00e9vidence le fait que la demande de cartons stimule la gestion durable des for\u00eats, ce qui entra\u00eene une meilleure s\u00e9questration du carbone dans les for\u00eats g\u00e9r\u00e9es. 730 kg de carbone biog\u00e9nique sont \u00e9limin\u00e9s de l'atmosph\u00e8re pour une tonne moyenne de cartons fabriqu\u00e9s en Europe.<\/p>\n<p><a href='\/files\/file_manager\/press_0111\/p_0111_vid_e.html ' target='_blank' rel=\"noopener\">Plus ...<\/a><\/p>","protected":false},"author":1,"featured_media":241835,"comment_status":"open","ping_status":"open","sticky":false,"template":"","format":"standard","meta":{"inline_featured_image":false,"footnotes":""},"categories":[52],"tags":[51],"class_list":["post-241834","post","type-post","status-publish","format-standard","has-post-thumbnail","hentry","category-sustainability","tag-studies"],"yoast_head":"<!-- This site is optimized with the Yoast SEO plugin v27.4 - https:\/\/yoast.com\/product\/yoast-seo-wordpress\/ -->\n<title>Pro Carton launches video on YouTube and on its website about cartons and Greenhouse Gas emissions - Pro Carton<\/title>\n<meta name=\"robots\" content=\"index, follow, max-snippet:-1, max-image-preview:large, max-video-preview:-1\" \/>\n<link rel=\"canonical\" href=\"https:\/\/www.procarton.com\/fr\/pro-carton-launches-video-on-youtube-and-on-its-website-about-cartons-and-greenhouse-gas-emissions\/\" \/>\n<meta property=\"og:locale\" content=\"fr_FR\" \/>\n<meta property=\"og:type\" content=\"article\" \/>\n<meta property=\"og:title\" content=\"Pro Carton launches video on YouTube and on its website about cartons and Greenhouse Gas emissions - Pro Carton\" \/>\n<meta property=\"og:description\" content=\"Those of us who prefer to watch films rather than to read lengthy texts can now learn about the biogenic carbon footprint of cartons in a short video.Pro Carton\u2019s video \u201cCartons, Carbon Footprint and Biogenic Carbon\u201d summarises the industry\u2019s approach to Carbon Footprinting, and highlights the finding that demand for cartons stimulates sustainable forest management which in turn leads to higher carbon sequestration in the managed forest. 730 kg of biogenic carbon for an average tonne of cartons made in Europe, is removed from the atmosphere.More ...\" \/>\n<meta property=\"og:url\" content=\"https:\/\/www.procarton.com\/fr\/pro-carton-launches-video-on-youtube-and-on-its-website-about-cartons-and-greenhouse-gas-emissions\/\" \/>\n<meta property=\"og:site_name\" content=\"Pro Carton\" \/>\n<meta property=\"article:publisher\" content=\"https:\/\/www.facebook.com\/procartondesignaward\/\" \/>\n<meta property=\"article:published_time\" content=\"2011-01-26T00:00:00+00:00\" \/>\n<meta property=\"article:modified_time\" content=\"2021-11-07T16:16:21+00:00\" \/>\n<meta property=\"og:image\" content=\"https:\/\/www.procarton.com\/wp-content\/uploads\/2021\/02\/film_k.jpg\" \/>\n\t<meta property=\"og:image:width\" content=\"206\" \/>\n\t<meta property=\"og:image:height\" content=\"191\" \/>\n\t<meta property=\"og:image:type\" content=\"image\/jpeg\" \/>\n<meta name=\"author\" content=\"esterling@admin\" \/>\n<meta name=\"twitter:card\" content=\"summary_large_image\" \/>\n<meta name=\"twitter:creator\" content=\"@pro_carton\" \/>\n<meta name=\"twitter:site\" content=\"@pro_carton\" \/>\n<meta name=\"twitter:label1\" content=\"\u00c9crit par\" \/>\n\t<meta name=\"twitter:data1\" content=\"esterling@admin\" \/>\n<script type=\"application\/ld+json\" class=\"yoast-schema-graph\">{\"@context\":\"https:\\\/\\\/schema.org\",\"@graph\":[{\"@type\":\"Article\",\"@id\":\"https:\\\/\\\/www.procarton.com\\\/es\\\/pro-carton-launches-video-on-youtube-and-on-its-website-about-cartons-and-greenhouse-gas-emissions\\\/#article\",\"isPartOf\":{\"@id\":\"https:\\\/\\\/www.procarton.com\\\/es\\\/pro-carton-launches-video-on-youtube-and-on-its-website-about-cartons-and-greenhouse-gas-emissions\\\/\"},\"author\":{\"name\":\"esterling@admin\",\"@id\":\"https:\\\/\\\/www.procarton.com\\\/es\\\/#\\\/schema\\\/person\\\/872a075145d2c38578ff4eed7d481251\"},\"headline\":\"Pro Carton launches video on YouTube and on its website about cartons and Greenhouse Gas emissions\",\"datePublished\":\"2011-01-26T00:00:00+00:00\",\"dateModified\":\"2021-11-07T16:16:21+00:00\",\"mainEntityOfPage\":{\"@id\":\"https:\\\/\\\/www.procarton.com\\\/es\\\/pro-carton-launches-video-on-youtube-and-on-its-website-about-cartons-and-greenhouse-gas-emissions\\\/\"},\"wordCount\":105,\"commentCount\":0,\"publisher\":{\"@id\":\"https:\\\/\\\/www.procarton.com\\\/es\\\/#organization\"},\"image\":{\"@id\":\"https:\\\/\\\/www.procarton.com\\\/es\\\/pro-carton-launches-video-on-youtube-and-on-its-website-about-cartons-and-greenhouse-gas-emissions\\\/#primaryimage\"},\"thumbnailUrl\":\"https:\\\/\\\/www.procarton.com\\\/wp-content\\\/uploads\\\/2021\\\/02\\\/film_k.jpg\",\"keywords\":[\"Studies\"],\"articleSection\":[\"Sustainability\"],\"inLanguage\":\"fr-FR\",\"potentialAction\":[{\"@type\":\"CommentAction\",\"name\":\"Comment\",\"target\":[\"https:\\\/\\\/www.procarton.com\\\/es\\\/pro-carton-launches-video-on-youtube-and-on-its-website-about-cartons-and-greenhouse-gas-emissions\\\/#respond\"]}]},{\"@type\":\"WebPage\",\"@id\":\"https:\\\/\\\/www.procarton.com\\\/es\\\/pro-carton-launches-video-on-youtube-and-on-its-website-about-cartons-and-greenhouse-gas-emissions\\\/\",\"url\":\"https:\\\/\\\/www.procarton.com\\\/es\\\/pro-carton-launches-video-on-youtube-and-on-its-website-about-cartons-and-greenhouse-gas-emissions\\\/\",\"name\":\"Pro Carton launches video on YouTube and on its website about cartons and Greenhouse Gas emissions - Pro Carton\",\"isPartOf\":{\"@id\":\"https:\\\/\\\/www.procarton.com\\\/es\\\/#website\"},\"primaryImageOfPage\":{\"@id\":\"https:\\\/\\\/www.procarton.com\\\/es\\\/pro-carton-launches-video-on-youtube-and-on-its-website-about-cartons-and-greenhouse-gas-emissions\\\/#primaryimage\"},\"image\":{\"@id\":\"https:\\\/\\\/www.procarton.com\\\/es\\\/pro-carton-launches-video-on-youtube-and-on-its-website-about-cartons-and-greenhouse-gas-emissions\\\/#primaryimage\"},\"thumbnailUrl\":\"https:\\\/\\\/www.procarton.com\\\/wp-content\\\/uploads\\\/2021\\\/02\\\/film_k.jpg\",\"datePublished\":\"2011-01-26T00:00:00+00:00\",\"dateModified\":\"2021-11-07T16:16:21+00:00\",\"breadcrumb\":{\"@id\":\"https:\\\/\\\/www.procarton.com\\\/es\\\/pro-carton-launches-video-on-youtube-and-on-its-website-about-cartons-and-greenhouse-gas-emissions\\\/#breadcrumb\"},\"inLanguage\":\"fr-FR\",\"potentialAction\":[{\"@type\":\"ReadAction\",\"target\":[\"https:\\\/\\\/www.procarton.com\\\/es\\\/pro-carton-launches-video-on-youtube-and-on-its-website-about-cartons-and-greenhouse-gas-emissions\\\/\"]}]},{\"@type\":\"ImageObject\",\"inLanguage\":\"fr-FR\",\"@id\":\"https:\\\/\\\/www.procarton.com\\\/es\\\/pro-carton-launches-video-on-youtube-and-on-its-website-about-cartons-and-greenhouse-gas-emissions\\\/#primaryimage\",\"url\":\"https:\\\/\\\/www.procarton.com\\\/wp-content\\\/uploads\\\/2021\\\/02\\\/film_k.jpg\",\"contentUrl\":\"https:\\\/\\\/www.procarton.com\\\/wp-content\\\/uploads\\\/2021\\\/02\\\/film_k.jpg\",\"width\":206,\"height\":191},{\"@type\":\"BreadcrumbList\",\"@id\":\"https:\\\/\\\/www.procarton.com\\\/es\\\/pro-carton-launches-video-on-youtube-and-on-its-website-about-cartons-and-greenhouse-gas-emissions\\\/#breadcrumb\",\"itemListElement\":[{\"@type\":\"ListItem\",\"position\":1,\"name\":\"Home\",\"item\":\"https:\\\/\\\/www.procarton.com\\\/\"},{\"@type\":\"ListItem\",\"position\":2,\"name\":\"Pro Carton launches video on YouTube and on its website about cartons and Greenhouse Gas emissions\"}]},{\"@type\":\"WebSite\",\"@id\":\"https:\\\/\\\/www.procarton.com\\\/es\\\/#website\",\"url\":\"https:\\\/\\\/www.procarton.com\\\/es\\\/\",\"name\":\"Pro Carton\",\"description\":\"\",\"publisher\":{\"@id\":\"https:\\\/\\\/www.procarton.com\\\/es\\\/#organization\"},\"potentialAction\":[{\"@type\":\"SearchAction\",\"target\":{\"@type\":\"EntryPoint\",\"urlTemplate\":\"https:\\\/\\\/www.procarton.com\\\/es\\\/?s={search_term_string}\"},\"query-input\":{\"@type\":\"PropertyValueSpecification\",\"valueRequired\":true,\"valueName\":\"search_term_string\"}}],\"inLanguage\":\"fr-FR\"},{\"@type\":\"Organization\",\"@id\":\"https:\\\/\\\/www.procarton.com\\\/es\\\/#organization\",\"name\":\"ProCarton\",\"url\":\"https:\\\/\\\/www.procarton.com\\\/es\\\/\",\"logo\":{\"@type\":\"ImageObject\",\"inLanguage\":\"fr-FR\",\"@id\":\"https:\\\/\\\/www.procarton.com\\\/es\\\/#\\\/schema\\\/logo\\\/image\\\/\",\"url\":\"https:\\\/\\\/www.procarton.com\\\/wp-content\\\/uploads\\\/2022\\\/06\\\/logo-mit-slogan.jpg\",\"contentUrl\":\"https:\\\/\\\/www.procarton.com\\\/wp-content\\\/uploads\\\/2022\\\/06\\\/logo-mit-slogan.jpg\",\"width\":422,\"height\":519,\"caption\":\"ProCarton\"},\"image\":{\"@id\":\"https:\\\/\\\/www.procarton.com\\\/es\\\/#\\\/schema\\\/logo\\\/image\\\/\"},\"sameAs\":[\"https:\\\/\\\/www.facebook.com\\\/procartondesignaward\\\/\",\"https:\\\/\\\/x.com\\\/pro_carton\"]},{\"@type\":\"Person\",\"@id\":\"https:\\\/\\\/www.procarton.com\\\/es\\\/#\\\/schema\\\/person\\\/872a075145d2c38578ff4eed7d481251\",\"name\":\"esterling@admin\",\"sameAs\":[\"https:\\\/\\\/www.procarton.com\"],\"url\":\"https:\\\/\\\/www.procarton.com\\\/fr\\\/author\\\/esterlingadmin\\\/\"}]}<\/script>\n<!-- \/ Yoast SEO plugin. -->","yoast_head_json":{"title":"Pro Carton lance une vid\u00e9o sur YouTube et sur son site web sur les cartons et les \u00e9missions de gaz \u00e0 effet de serre - Pro Carton","robots":{"index":"index","follow":"follow","max-snippet":"max-snippet:-1","max-image-preview":"max-image-preview:large","max-video-preview":"max-video-preview:-1"},"canonical":"https:\/\/www.procarton.com\/fr\/pro-carton-launches-video-on-youtube-and-on-its-website-about-cartons-and-greenhouse-gas-emissions\/","og_locale":"fr_FR","og_type":"article","og_title":"Pro Carton launches video on YouTube and on its website about cartons and Greenhouse Gas emissions - Pro Carton","og_description":"Those of us who prefer to watch films rather than to read lengthy texts can now learn about the biogenic carbon footprint of cartons in a short video.Pro Carton\u2019s video \u201cCartons, Carbon Footprint and Biogenic Carbon\u201d summarises the industry\u2019s approach to Carbon Footprinting, and highlights the finding that demand for cartons stimulates sustainable forest management which in turn leads to higher carbon sequestration in the managed forest. 730 kg of biogenic carbon for an average tonne of cartons made in Europe, is removed from the atmosphere.More ...","og_url":"https:\/\/www.procarton.com\/fr\/pro-carton-launches-video-on-youtube-and-on-its-website-about-cartons-and-greenhouse-gas-emissions\/","og_site_name":"Pro Carton","article_publisher":"https:\/\/www.facebook.com\/procartondesignaward\/","article_published_time":"2011-01-26T00:00:00+00:00","article_modified_time":"2021-11-07T16:16:21+00:00","og_image":[{"width":206,"height":191,"url":"https:\/\/www.procarton.com\/wp-content\/uploads\/2021\/02\/film_k.jpg","type":"image\/jpeg"}],"author":"esterling@admin","twitter_card":"summary_large_image","twitter_creator":"@pro_carton","twitter_site":"@pro_carton","twitter_misc":{"\u00c9crit par":"esterling@admin"},"schema":{"@context":"https:\/\/schema.org","@graph":[{"@type":"Article","@id":"https:\/\/www.procarton.com\/es\/pro-carton-launches-video-on-youtube-and-on-its-website-about-cartons-and-greenhouse-gas-emissions\/#article","isPartOf":{"@id":"https:\/\/www.procarton.com\/es\/pro-carton-launches-video-on-youtube-and-on-its-website-about-cartons-and-greenhouse-gas-emissions\/"},"author":{"name":"esterling@admin","@id":"https:\/\/www.procarton.com\/es\/#\/schema\/person\/872a075145d2c38578ff4eed7d481251"},"headline":"Pro Carton launches video on YouTube and on its website about cartons and Greenhouse Gas emissions","datePublished":"2011-01-26T00:00:00+00:00","dateModified":"2021-11-07T16:16:21+00:00","mainEntityOfPage":{"@id":"https:\/\/www.procarton.com\/es\/pro-carton-launches-video-on-youtube-and-on-its-website-about-cartons-and-greenhouse-gas-emissions\/"},"wordCount":105,"commentCount":0,"publisher":{"@id":"https:\/\/www.procarton.com\/es\/#organization"},"image":{"@id":"https:\/\/www.procarton.com\/es\/pro-carton-launches-video-on-youtube-and-on-its-website-about-cartons-and-greenhouse-gas-emissions\/#primaryimage"},"thumbnailUrl":"https:\/\/www.procarton.com\/wp-content\/uploads\/2021\/02\/film_k.jpg","keywords":["Studies"],"articleSection":["Sustainability"],"inLanguage":"fr-FR","potentialAction":[{"@type":"CommentAction","name":"Comment","target":["https:\/\/www.procarton.com\/es\/pro-carton-launches-video-on-youtube-and-on-its-website-about-cartons-and-greenhouse-gas-emissions\/#respond"]}]},{"@type":"WebPage","@id":"https:\/\/www.procarton.com\/es\/pro-carton-launches-video-on-youtube-and-on-its-website-about-cartons-and-greenhouse-gas-emissions\/","url":"https:\/\/www.procarton.com\/es\/pro-carton-launches-video-on-youtube-and-on-its-website-about-cartons-and-greenhouse-gas-emissions\/","name":"Pro Carton lance une vid\u00e9o sur YouTube et sur son site web sur les cartons et les \u00e9missions de gaz \u00e0 effet de serre - Pro Carton","isPartOf":{"@id":"https:\/\/www.procarton.com\/es\/#website"},"primaryImageOfPage":{"@id":"https:\/\/www.procarton.com\/es\/pro-carton-launches-video-on-youtube-and-on-its-website-about-cartons-and-greenhouse-gas-emissions\/#primaryimage"},"image":{"@id":"https:\/\/www.procarton.com\/es\/pro-carton-launches-video-on-youtube-and-on-its-website-about-cartons-and-greenhouse-gas-emissions\/#primaryimage"},"thumbnailUrl":"https:\/\/www.procarton.com\/wp-content\/uploads\/2021\/02\/film_k.jpg","datePublished":"2011-01-26T00:00:00+00:00","dateModified":"2021-11-07T16:16:21+00:00","breadcrumb":{"@id":"https:\/\/www.procarton.com\/es\/pro-carton-launches-video-on-youtube-and-on-its-website-about-cartons-and-greenhouse-gas-emissions\/#breadcrumb"},"inLanguage":"fr-FR","potentialAction":[{"@type":"ReadAction","target":["https:\/\/www.procarton.com\/es\/pro-carton-launches-video-on-youtube-and-on-its-website-about-cartons-and-greenhouse-gas-emissions\/"]}]},{"@type":"ImageObject","inLanguage":"fr-FR","@id":"https:\/\/www.procarton.com\/es\/pro-carton-launches-video-on-youtube-and-on-its-website-about-cartons-and-greenhouse-gas-emissions\/#primaryimage","url":"https:\/\/www.procarton.com\/wp-content\/uploads\/2021\/02\/film_k.jpg","contentUrl":"https:\/\/www.procarton.com\/wp-content\/uploads\/2021\/02\/film_k.jpg","width":206,"height":191},{"@type":"BreadcrumbList","@id":"https:\/\/www.procarton.com\/es\/pro-carton-launches-video-on-youtube-and-on-its-website-about-cartons-and-greenhouse-gas-emissions\/#breadcrumb","itemListElement":[{"@type":"ListItem","position":1,"name":"Home","item":"https:\/\/www.procarton.com\/"},{"@type":"ListItem","position":2,"name":"Pro Carton launches video on YouTube and on its website about cartons and Greenhouse Gas emissions"}]},{"@type":"WebSite","@id":"https:\/\/www.procarton.com\/es\/#website","url":"https:\/\/www.procarton.com\/es\/","name":"Pro Carton","description":"","publisher":{"@id":"https:\/\/www.procarton.com\/es\/#organization"},"potentialAction":[{"@type":"SearchAction","target":{"@type":"EntryPoint","urlTemplate":"https:\/\/www.procarton.com\/es\/?s={search_term_string}"},"query-input":{"@type":"PropertyValueSpecification","valueRequired":true,"valueName":"search_term_string"}}],"inLanguage":"fr-FR"},{"@type":"Organization","@id":"https:\/\/www.procarton.com\/es\/#organization","name":"ProCarton","url":"https:\/\/www.procarton.com\/es\/","logo":{"@type":"ImageObject","inLanguage":"fr-FR","@id":"https:\/\/www.procarton.com\/es\/#\/schema\/logo\/image\/","url":"https:\/\/www.procarton.com\/wp-content\/uploads\/2022\/06\/logo-mit-slogan.jpg","contentUrl":"https:\/\/www.procarton.com\/wp-content\/uploads\/2022\/06\/logo-mit-slogan.jpg","width":422,"height":519,"caption":"ProCarton"},"image":{"@id":"https:\/\/www.procarton.com\/es\/#\/schema\/logo\/image\/"},"sameAs":["https:\/\/www.facebook.com\/procartondesignaward\/","https:\/\/x.com\/pro_carton"]},{"@type":"Person","@id":"https:\/\/www.procarton.com\/es\/#\/schema\/person\/872a075145d2c38578ff4eed7d481251","name":"esterling@admin","sameAs":["https:\/\/www.procarton.com"],"url":"https:\/\/www.procarton.com\/fr\/author\/esterlingadmin\/"}]}},"_links":{"self":[{"href":"https:\/\/www.procarton.com\/fr\/wp-json\/wp\/v2\/posts\/241834","targetHints":{"allow":["GET"]}}],"collection":[{"href":"https:\/\/www.procarton.com\/fr\/wp-json\/wp\/v2\/posts"}],"about":[{"href":"https:\/\/www.procarton.com\/fr\/wp-json\/wp\/v2\/types\/post"}],"author":[{"embeddable":true,"href":"https:\/\/www.procarton.com\/fr\/wp-json\/wp\/v2\/users\/1"}],"replies":[{"embeddable":true,"href":"https:\/\/www.procarton.com\/fr\/wp-json\/wp\/v2\/comments?post=241834"}],"version-history":[{"count":1,"href":"https:\/\/www.procarton.com\/fr\/wp-json\/wp\/v2\/posts\/241834\/revisions"}],"predecessor-version":[{"id":266267,"href":"https:\/\/www.procarton.com\/fr\/wp-json\/wp\/v2\/posts\/241834\/revisions\/266267"}],"wp:featuredmedia":[{"embeddable":true,"href":"https:\/\/www.procarton.com\/fr\/wp-json\/wp\/v2\/media\/241835"}],"wp:attachment":[{"href":"https:\/\/www.procarton.com\/fr\/wp-json\/wp\/v2\/media?parent=241834"}],"wp:term":[{"taxonomy":"category","embeddable":true,"href":"https:\/\/www.procarton.com\/fr\/wp-json\/wp\/v2\/categories?post=241834"},{"taxonomy":"post_tag","embeddable":true,"href":"https:\/\/www.procarton.com\/fr\/wp-json\/wp\/v2\/tags?post=241834"}],"curies":[{"name":"wp","href":"https:\/\/api.w.org\/{rel}","templated":true}]}}