{"id":241822,"date":"2011-03-30T00:00:00","date_gmt":"2011-03-29T23:00:00","guid":{"rendered":"https:\/\/www.procarton.com\/fresh-design-from-europe-international-pro-carton-design-award-2012\/"},"modified":"2021-11-07T16:14:51","modified_gmt":"2021-11-07T16:14:51","slug":"fresh-design-from-europe-international-pro-carton-design-award-2012","status":"publish","type":"post","link":"https:\/\/www.procarton.com\/fr\/fresh-design-from-europe-international-pro-carton-design-award-2012\/","title":{"rendered":"Un design frais venu d'Europe : International Pro Carton Design Award 2012"},"content":{"rendered":"<p>L'International Pro Carton Design Award est un prix destin\u00e9 \u00e0 r\u00e9compenser de nouvelles id\u00e9es de conception, non encore r\u00e9alis\u00e9es, dans le domaine des applications du carton et s'adresse aux \u00e9tudiants. L'objectif de ce prix est de d\u00e9couvrir dans toute l'Europe des solutions et des id\u00e9es non encore r\u00e9alis\u00e9es concernant l'utilisation du carton, de les pr\u00e9senter au public et peut-\u00eatre m\u00eame de les r\u00e9aliser. Le concours europ\u00e9en a lieu pour la troisi\u00e8me fois en 2012. Et pour la premi\u00e8re fois, il n'y aura pas de pr\u00e9liminaires nationaux, il n'y aura qu'une seule Europe, Est et Ouest. <span><a href='http:\/\/www.procartondesignaward.com\/' target='_blank' rel=\"noopener\">www.procartondesignaward.com<\/a><\/span><\/p>\n<p><a href='\/files\/file_manager\/press_0311\/p_0311_da_e.html' target='_blank' rel=\"noopener\">Plus ...<\/a><\/p>","protected":false},"excerpt":{"rendered":"<p>L'International Pro Carton Design Award est un prix destin\u00e9 \u00e0 r\u00e9compenser de nouvelles id\u00e9es de conception, non encore r\u00e9alis\u00e9es, dans le domaine des applications du carton et s'adresse aux \u00e9tudiants. L'objectif de ce prix est de d\u00e9couvrir dans toute l'Europe des solutions et des id\u00e9es non encore r\u00e9alis\u00e9es concernant l'utilisation du carton, de les pr\u00e9senter au public et peut-\u00eatre m\u00eame de les r\u00e9aliser. Le concours europ\u00e9en a lieu pour la troisi\u00e8me fois en 2012. Et pour la premi\u00e8re fois, il n'y aura pas de pr\u00e9liminaires nationaux, il n'y aura qu'une seule Europe, Est et Ouest. <span><a href='http:\/\/www.procartondesignaward.com\/' target='_blank' rel=\"noopener\">www.procartondesignaward.com<\/a><\/span><\/p>\n<p><a href='\/files\/file_manager\/press_0311\/p_0311_da_e.html' target='_blank' rel=\"noopener\">Plus ...<\/a><\/p>","protected":false},"author":1,"featured_media":241823,"comment_status":"open","ping_status":"open","sticky":false,"template":"","format":"standard","meta":{"inline_featured_image":false,"footnotes":""},"categories":[42],"tags":[],"class_list":["post-241822","post","type-post","status-publish","format-standard","has-post-thumbnail","hentry","category-awards"],"yoast_head":"<!-- This site is optimized with the Yoast SEO plugin v27.4 - https:\/\/yoast.com\/product\/yoast-seo-wordpress\/ -->\n<title>Fresh Design from Europe: International Pro Carton Design Award 2012 - Pro Carton<\/title>\n<meta name=\"robots\" content=\"index, follow, max-snippet:-1, max-image-preview:large, max-video-preview:-1\" \/>\n<link rel=\"canonical\" href=\"https:\/\/www.procarton.com\/fr\/fresh-design-from-europe-international-pro-carton-design-award-2012\/\" \/>\n<meta property=\"og:locale\" content=\"fr_FR\" \/>\n<meta property=\"og:type\" content=\"article\" \/>\n<meta property=\"og:title\" content=\"Fresh Design from Europe: International Pro Carton Design Award 2012 - Pro Carton\" \/>\n<meta property=\"og:description\" content=\"The International Pro Carton Design Award is an award for new, as yet unrealised design ideas in the field of carton applications and is directed at students. The aim of the award is to discover as yet unrealised solutions and ideas throughout Europe relating to the use of carton, to present these to the public, and maybe even realise them. The European competition takes place for the third time in 2012. And for the first time there will be no national preliminaries, there will be one Europe only, East and West. www.procartondesignaward.comMore ...\" \/>\n<meta property=\"og:url\" content=\"https:\/\/www.procarton.com\/fr\/fresh-design-from-europe-international-pro-carton-design-award-2012\/\" \/>\n<meta property=\"og:site_name\" content=\"Pro Carton\" \/>\n<meta property=\"article:publisher\" content=\"https:\/\/www.facebook.com\/procartondesignaward\/\" \/>\n<meta property=\"article:published_time\" content=\"2011-03-29T23:00:00+00:00\" \/>\n<meta property=\"article:modified_time\" content=\"2021-11-07T16:14:51+00:00\" \/>\n<meta property=\"og:image\" content=\"https:\/\/www.procarton.com\/wp-content\/uploads\/2021\/02\/da_k2.jpg\" \/>\n\t<meta property=\"og:image:width\" content=\"138\" \/>\n\t<meta property=\"og:image:height\" content=\"138\" \/>\n\t<meta property=\"og:image:type\" content=\"image\/jpeg\" \/>\n<meta name=\"author\" content=\"esterling@admin\" \/>\n<meta name=\"twitter:card\" content=\"summary_large_image\" \/>\n<meta name=\"twitter:creator\" content=\"@pro_carton\" \/>\n<meta name=\"twitter:site\" content=\"@pro_carton\" \/>\n<meta name=\"twitter:label1\" content=\"\u00c9crit par\" \/>\n\t<meta name=\"twitter:data1\" content=\"esterling@admin\" \/>\n<script type=\"application\/ld+json\" class=\"yoast-schema-graph\">{\"@context\":\"https:\\\/\\\/schema.org\",\"@graph\":[{\"@type\":\"Article\",\"@id\":\"https:\\\/\\\/www.procarton.com\\\/es\\\/fresh-design-from-europe-international-pro-carton-design-award-2012\\\/#article\",\"isPartOf\":{\"@id\":\"https:\\\/\\\/www.procarton.com\\\/es\\\/fresh-design-from-europe-international-pro-carton-design-award-2012\\\/\"},\"author\":{\"name\":\"esterling@admin\",\"@id\":\"https:\\\/\\\/www.procarton.com\\\/es\\\/#\\\/schema\\\/person\\\/872a075145d2c38578ff4eed7d481251\"},\"headline\":\"Fresh Design from Europe: International Pro Carton Design Award 2012\",\"datePublished\":\"2011-03-29T23:00:00+00:00\",\"dateModified\":\"2021-11-07T16:14:51+00:00\",\"mainEntityOfPage\":{\"@id\":\"https:\\\/\\\/www.procarton.com\\\/es\\\/fresh-design-from-europe-international-pro-carton-design-award-2012\\\/\"},\"wordCount\":103,\"commentCount\":0,\"publisher\":{\"@id\":\"https:\\\/\\\/www.procarton.com\\\/es\\\/#organization\"},\"image\":{\"@id\":\"https:\\\/\\\/www.procarton.com\\\/es\\\/fresh-design-from-europe-international-pro-carton-design-award-2012\\\/#primaryimage\"},\"thumbnailUrl\":\"https:\\\/\\\/www.procarton.com\\\/wp-content\\\/uploads\\\/2021\\\/02\\\/da_k2.jpg\",\"articleSection\":[\"Awards\"],\"inLanguage\":\"fr-FR\",\"potentialAction\":[{\"@type\":\"CommentAction\",\"name\":\"Comment\",\"target\":[\"https:\\\/\\\/www.procarton.com\\\/es\\\/fresh-design-from-europe-international-pro-carton-design-award-2012\\\/#respond\"]}]},{\"@type\":\"WebPage\",\"@id\":\"https:\\\/\\\/www.procarton.com\\\/es\\\/fresh-design-from-europe-international-pro-carton-design-award-2012\\\/\",\"url\":\"https:\\\/\\\/www.procarton.com\\\/es\\\/fresh-design-from-europe-international-pro-carton-design-award-2012\\\/\",\"name\":\"Fresh Design from Europe: International Pro Carton Design Award 2012 - Pro Carton\",\"isPartOf\":{\"@id\":\"https:\\\/\\\/www.procarton.com\\\/es\\\/#website\"},\"primaryImageOfPage\":{\"@id\":\"https:\\\/\\\/www.procarton.com\\\/es\\\/fresh-design-from-europe-international-pro-carton-design-award-2012\\\/#primaryimage\"},\"image\":{\"@id\":\"https:\\\/\\\/www.procarton.com\\\/es\\\/fresh-design-from-europe-international-pro-carton-design-award-2012\\\/#primaryimage\"},\"thumbnailUrl\":\"https:\\\/\\\/www.procarton.com\\\/wp-content\\\/uploads\\\/2021\\\/02\\\/da_k2.jpg\",\"datePublished\":\"2011-03-29T23:00:00+00:00\",\"dateModified\":\"2021-11-07T16:14:51+00:00\",\"breadcrumb\":{\"@id\":\"https:\\\/\\\/www.procarton.com\\\/es\\\/fresh-design-from-europe-international-pro-carton-design-award-2012\\\/#breadcrumb\"},\"inLanguage\":\"fr-FR\",\"potentialAction\":[{\"@type\":\"ReadAction\",\"target\":[\"https:\\\/\\\/www.procarton.com\\\/es\\\/fresh-design-from-europe-international-pro-carton-design-award-2012\\\/\"]}]},{\"@type\":\"ImageObject\",\"inLanguage\":\"fr-FR\",\"@id\":\"https:\\\/\\\/www.procarton.com\\\/es\\\/fresh-design-from-europe-international-pro-carton-design-award-2012\\\/#primaryimage\",\"url\":\"https:\\\/\\\/www.procarton.com\\\/wp-content\\\/uploads\\\/2021\\\/02\\\/da_k2.jpg\",\"contentUrl\":\"https:\\\/\\\/www.procarton.com\\\/wp-content\\\/uploads\\\/2021\\\/02\\\/da_k2.jpg\",\"width\":138,\"height\":138},{\"@type\":\"BreadcrumbList\",\"@id\":\"https:\\\/\\\/www.procarton.com\\\/es\\\/fresh-design-from-europe-international-pro-carton-design-award-2012\\\/#breadcrumb\",\"itemListElement\":[{\"@type\":\"ListItem\",\"position\":1,\"name\":\"Home\",\"item\":\"https:\\\/\\\/www.procarton.com\\\/\"},{\"@type\":\"ListItem\",\"position\":2,\"name\":\"Fresh Design from Europe: International Pro Carton Design Award 2012\"}]},{\"@type\":\"WebSite\",\"@id\":\"https:\\\/\\\/www.procarton.com\\\/es\\\/#website\",\"url\":\"https:\\\/\\\/www.procarton.com\\\/es\\\/\",\"name\":\"Pro Carton\",\"description\":\"\",\"publisher\":{\"@id\":\"https:\\\/\\\/www.procarton.com\\\/es\\\/#organization\"},\"potentialAction\":[{\"@type\":\"SearchAction\",\"target\":{\"@type\":\"EntryPoint\",\"urlTemplate\":\"https:\\\/\\\/www.procarton.com\\\/es\\\/?s={search_term_string}\"},\"query-input\":{\"@type\":\"PropertyValueSpecification\",\"valueRequired\":true,\"valueName\":\"search_term_string\"}}],\"inLanguage\":\"fr-FR\"},{\"@type\":\"Organization\",\"@id\":\"https:\\\/\\\/www.procarton.com\\\/es\\\/#organization\",\"name\":\"ProCarton\",\"url\":\"https:\\\/\\\/www.procarton.com\\\/es\\\/\",\"logo\":{\"@type\":\"ImageObject\",\"inLanguage\":\"fr-FR\",\"@id\":\"https:\\\/\\\/www.procarton.com\\\/es\\\/#\\\/schema\\\/logo\\\/image\\\/\",\"url\":\"https:\\\/\\\/www.procarton.com\\\/wp-content\\\/uploads\\\/2022\\\/06\\\/logo-mit-slogan.jpg\",\"contentUrl\":\"https:\\\/\\\/www.procarton.com\\\/wp-content\\\/uploads\\\/2022\\\/06\\\/logo-mit-slogan.jpg\",\"width\":422,\"height\":519,\"caption\":\"ProCarton\"},\"image\":{\"@id\":\"https:\\\/\\\/www.procarton.com\\\/es\\\/#\\\/schema\\\/logo\\\/image\\\/\"},\"sameAs\":[\"https:\\\/\\\/www.facebook.com\\\/procartondesignaward\\\/\",\"https:\\\/\\\/x.com\\\/pro_carton\"]},{\"@type\":\"Person\",\"@id\":\"https:\\\/\\\/www.procarton.com\\\/es\\\/#\\\/schema\\\/person\\\/872a075145d2c38578ff4eed7d481251\",\"name\":\"esterling@admin\",\"sameAs\":[\"https:\\\/\\\/www.procarton.com\"],\"url\":\"https:\\\/\\\/www.procarton.com\\\/fr\\\/author\\\/esterlingadmin\\\/\"}]}<\/script>\n<!-- \/ Yoast SEO plugin. -->","yoast_head_json":{"title":"Un nouveau design venu d'Europe : International Pro Carton Design Award 2012 - Pro Carton","robots":{"index":"index","follow":"follow","max-snippet":"max-snippet:-1","max-image-preview":"max-image-preview:large","max-video-preview":"max-video-preview:-1"},"canonical":"https:\/\/www.procarton.com\/fr\/fresh-design-from-europe-international-pro-carton-design-award-2012\/","og_locale":"fr_FR","og_type":"article","og_title":"Fresh Design from Europe: International Pro Carton Design Award 2012 - Pro Carton","og_description":"The International Pro Carton Design Award is an award for new, as yet unrealised design ideas in the field of carton applications and is directed at students. The aim of the award is to discover as yet unrealised solutions and ideas throughout Europe relating to the use of carton, to present these to the public, and maybe even realise them. The European competition takes place for the third time in 2012. And for the first time there will be no national preliminaries, there will be one Europe only, East and West. www.procartondesignaward.comMore ...","og_url":"https:\/\/www.procarton.com\/fr\/fresh-design-from-europe-international-pro-carton-design-award-2012\/","og_site_name":"Pro Carton","article_publisher":"https:\/\/www.facebook.com\/procartondesignaward\/","article_published_time":"2011-03-29T23:00:00+00:00","article_modified_time":"2021-11-07T16:14:51+00:00","og_image":[{"width":138,"height":138,"url":"https:\/\/www.procarton.com\/wp-content\/uploads\/2021\/02\/da_k2.jpg","type":"image\/jpeg"}],"author":"esterling@admin","twitter_card":"summary_large_image","twitter_creator":"@pro_carton","twitter_site":"@pro_carton","twitter_misc":{"\u00c9crit par":"esterling@admin"},"schema":{"@context":"https:\/\/schema.org","@graph":[{"@type":"Article","@id":"https:\/\/www.procarton.com\/es\/fresh-design-from-europe-international-pro-carton-design-award-2012\/#article","isPartOf":{"@id":"https:\/\/www.procarton.com\/es\/fresh-design-from-europe-international-pro-carton-design-award-2012\/"},"author":{"name":"esterling@admin","@id":"https:\/\/www.procarton.com\/es\/#\/schema\/person\/872a075145d2c38578ff4eed7d481251"},"headline":"Fresh Design from Europe: International Pro Carton Design Award 2012","datePublished":"2011-03-29T23:00:00+00:00","dateModified":"2021-11-07T16:14:51+00:00","mainEntityOfPage":{"@id":"https:\/\/www.procarton.com\/es\/fresh-design-from-europe-international-pro-carton-design-award-2012\/"},"wordCount":103,"commentCount":0,"publisher":{"@id":"https:\/\/www.procarton.com\/es\/#organization"},"image":{"@id":"https:\/\/www.procarton.com\/es\/fresh-design-from-europe-international-pro-carton-design-award-2012\/#primaryimage"},"thumbnailUrl":"https:\/\/www.procarton.com\/wp-content\/uploads\/2021\/02\/da_k2.jpg","articleSection":["Awards"],"inLanguage":"fr-FR","potentialAction":[{"@type":"CommentAction","name":"Comment","target":["https:\/\/www.procarton.com\/es\/fresh-design-from-europe-international-pro-carton-design-award-2012\/#respond"]}]},{"@type":"WebPage","@id":"https:\/\/www.procarton.com\/es\/fresh-design-from-europe-international-pro-carton-design-award-2012\/","url":"https:\/\/www.procarton.com\/es\/fresh-design-from-europe-international-pro-carton-design-award-2012\/","name":"Un nouveau design venu d'Europe : International Pro Carton Design Award 2012 - Pro Carton","isPartOf":{"@id":"https:\/\/www.procarton.com\/es\/#website"},"primaryImageOfPage":{"@id":"https:\/\/www.procarton.com\/es\/fresh-design-from-europe-international-pro-carton-design-award-2012\/#primaryimage"},"image":{"@id":"https:\/\/www.procarton.com\/es\/fresh-design-from-europe-international-pro-carton-design-award-2012\/#primaryimage"},"thumbnailUrl":"https:\/\/www.procarton.com\/wp-content\/uploads\/2021\/02\/da_k2.jpg","datePublished":"2011-03-29T23:00:00+00:00","dateModified":"2021-11-07T16:14:51+00:00","breadcrumb":{"@id":"https:\/\/www.procarton.com\/es\/fresh-design-from-europe-international-pro-carton-design-award-2012\/#breadcrumb"},"inLanguage":"fr-FR","potentialAction":[{"@type":"ReadAction","target":["https:\/\/www.procarton.com\/es\/fresh-design-from-europe-international-pro-carton-design-award-2012\/"]}]},{"@type":"ImageObject","inLanguage":"fr-FR","@id":"https:\/\/www.procarton.com\/es\/fresh-design-from-europe-international-pro-carton-design-award-2012\/#primaryimage","url":"https:\/\/www.procarton.com\/wp-content\/uploads\/2021\/02\/da_k2.jpg","contentUrl":"https:\/\/www.procarton.com\/wp-content\/uploads\/2021\/02\/da_k2.jpg","width":138,"height":138},{"@type":"BreadcrumbList","@id":"https:\/\/www.procarton.com\/es\/fresh-design-from-europe-international-pro-carton-design-award-2012\/#breadcrumb","itemListElement":[{"@type":"ListItem","position":1,"name":"Home","item":"https:\/\/www.procarton.com\/"},{"@type":"ListItem","position":2,"name":"Fresh Design from Europe: International Pro Carton Design Award 2012"}]},{"@type":"WebSite","@id":"https:\/\/www.procarton.com\/es\/#website","url":"https:\/\/www.procarton.com\/es\/","name":"Pro Carton","description":"","publisher":{"@id":"https:\/\/www.procarton.com\/es\/#organization"},"potentialAction":[{"@type":"SearchAction","target":{"@type":"EntryPoint","urlTemplate":"https:\/\/www.procarton.com\/es\/?s={search_term_string}"},"query-input":{"@type":"PropertyValueSpecification","valueRequired":true,"valueName":"search_term_string"}}],"inLanguage":"fr-FR"},{"@type":"Organization","@id":"https:\/\/www.procarton.com\/es\/#organization","name":"ProCarton","url":"https:\/\/www.procarton.com\/es\/","logo":{"@type":"ImageObject","inLanguage":"fr-FR","@id":"https:\/\/www.procarton.com\/es\/#\/schema\/logo\/image\/","url":"https:\/\/www.procarton.com\/wp-content\/uploads\/2022\/06\/logo-mit-slogan.jpg","contentUrl":"https:\/\/www.procarton.com\/wp-content\/uploads\/2022\/06\/logo-mit-slogan.jpg","width":422,"height":519,"caption":"ProCarton"},"image":{"@id":"https:\/\/www.procarton.com\/es\/#\/schema\/logo\/image\/"},"sameAs":["https:\/\/www.facebook.com\/procartondesignaward\/","https:\/\/x.com\/pro_carton"]},{"@type":"Person","@id":"https:\/\/www.procarton.com\/es\/#\/schema\/person\/872a075145d2c38578ff4eed7d481251","name":"esterling@admin","sameAs":["https:\/\/www.procarton.com"],"url":"https:\/\/www.procarton.com\/fr\/author\/esterlingadmin\/"}]}},"_links":{"self":[{"href":"https:\/\/www.procarton.com\/fr\/wp-json\/wp\/v2\/posts\/241822","targetHints":{"allow":["GET"]}}],"collection":[{"href":"https:\/\/www.procarton.com\/fr\/wp-json\/wp\/v2\/posts"}],"about":[{"href":"https:\/\/www.procarton.com\/fr\/wp-json\/wp\/v2\/types\/post"}],"author":[{"embeddable":true,"href":"https:\/\/www.procarton.com\/fr\/wp-json\/wp\/v2\/users\/1"}],"replies":[{"embeddable":true,"href":"https:\/\/www.procarton.com\/fr\/wp-json\/wp\/v2\/comments?post=241822"}],"version-history":[{"count":1,"href":"https:\/\/www.procarton.com\/fr\/wp-json\/wp\/v2\/posts\/241822\/revisions"}],"predecessor-version":[{"id":266258,"href":"https:\/\/www.procarton.com\/fr\/wp-json\/wp\/v2\/posts\/241822\/revisions\/266258"}],"wp:featuredmedia":[{"embeddable":true,"href":"https:\/\/www.procarton.com\/fr\/wp-json\/wp\/v2\/media\/241823"}],"wp:attachment":[{"href":"https:\/\/www.procarton.com\/fr\/wp-json\/wp\/v2\/media?parent=241822"}],"wp:term":[{"taxonomy":"category","embeddable":true,"href":"https:\/\/www.procarton.com\/fr\/wp-json\/wp\/v2\/categories?post=241822"},{"taxonomy":"post_tag","embeddable":true,"href":"https:\/\/www.procarton.com\/fr\/wp-json\/wp\/v2\/tags?post=241822"}],"curies":[{"name":"wp","href":"https:\/\/api.w.org\/{rel}","templated":true}]}}