{"id":241740,"date":"2012-09-28T00:00:00","date_gmt":"2012-09-27T23:00:00","guid":{"rendered":"https:\/\/www.procarton.com\/the-route-to-the-future-2\/"},"modified":"2021-11-07T16:09:33","modified_gmt":"2021-11-07T16:09:33","slug":"the-route-to-the-future-2","status":"publish","type":"post","link":"https:\/\/www.procarton.com\/fr\/the-route-to-the-future-2\/","title":{"rendered":"La voie de l'avenir"},"content":{"rendered":"<p>\"Tracer la route vers l'avenir\", telle \u00e9tait la devise lorsque l'industrie du carton et du carton plat s'est r\u00e9unie au congr\u00e8s de l'ECMA du 19 au 22 septembre \u00e0 Copenhague. Le large \u00e9ventail de sujets abord\u00e9s comprenait un regard sur l'avenir de la soci\u00e9t\u00e9 et des entreprises en Europe, des exemples actuels de durabilit\u00e9, ainsi que le \"Guide des bonnes pratiques de fabrication\". Le pr\u00e9sident de l'ECMA, Dr. Andreas Blaschke, et Roland Rex, pr\u00e9sident de Pro Carton, ont pr\u00e9sent\u00e9 le 16. Pro Carton\/ECMA Awards.<\/p>\n<p><a href='https:\/\/www.procarton.com\/files\/file_manager\/press_0912\/p_0912_pce_e.html' target='_blank' rel=\"noopener\">Plus ...<\/a><\/p>","protected":false},"excerpt":{"rendered":"<p>\"Tracer la route vers l'avenir\", telle \u00e9tait la devise lorsque l'industrie du carton et du carton plat s'est r\u00e9unie au congr\u00e8s de l'ECMA du 19 au 22 septembre \u00e0 Copenhague. Le large \u00e9ventail de sujets abord\u00e9s comprenait un regard sur l'avenir de la soci\u00e9t\u00e9 et des entreprises en Europe, des exemples actuels de durabilit\u00e9, ainsi que le \"Guide des bonnes pratiques de fabrication\". Le pr\u00e9sident de l'ECMA, Dr. Andreas Blaschke, et Roland Rex, pr\u00e9sident de Pro Carton, ont pr\u00e9sent\u00e9 le 16. Pro Carton\/ECMA Awards.<\/p>\n<p><a href='https:\/\/www.procarton.com\/files\/file_manager\/press_0912\/p_0912_pce_e.html' target='_blank' rel=\"noopener\">Plus ...<\/a><\/p>","protected":false},"author":1,"featured_media":241741,"comment_status":"open","ping_status":"open","sticky":false,"template":"","format":"standard","meta":{"inline_featured_image":false,"footnotes":""},"categories":[44],"tags":[37],"class_list":["post-241740","post","type-post","status-publish","format-standard","has-post-thumbnail","hentry","category-marketing-trends","tag-events-fr"],"yoast_head":"<!-- This site is optimized with the Yoast SEO plugin v27.4 - https:\/\/yoast.com\/product\/yoast-seo-wordpress\/ -->\n<title>The route to the future - Pro Carton<\/title>\n<meta name=\"robots\" content=\"index, follow, max-snippet:-1, max-image-preview:large, max-video-preview:-1\" \/>\n<link rel=\"canonical\" href=\"https:\/\/www.procarton.com\/fr\/the-route-to-the-future-2\/\" \/>\n<meta property=\"og:locale\" content=\"fr_FR\" \/>\n<meta property=\"og:type\" content=\"article\" \/>\n<meta property=\"og:title\" content=\"The route to the future - Pro Carton\" \/>\n<meta property=\"og:description\" content=\"&quot;Mapping out the route to the future&quot; was the motto when the cartonboard and carton industry met at the ECMA Congress from 19 to 22 September in Copenhagen. The wide range of topics covered a look into the future of society and business in Europe, current examples for sustainability, as well as the &quot;Good Manufacturing Practice Guide\u201c. ECMA President Dr. Andreas Blaschke and Roland Rex, President of Pro Carton, presented the 16. Pro Carton\/ECMA Awards.More ...\" \/>\n<meta property=\"og:url\" content=\"https:\/\/www.procarton.com\/fr\/the-route-to-the-future-2\/\" \/>\n<meta property=\"og:site_name\" content=\"Pro Carton\" \/>\n<meta property=\"article:publisher\" content=\"https:\/\/www.facebook.com\/procartondesignaward\/\" \/>\n<meta property=\"article:published_time\" content=\"2012-09-27T23:00:00+00:00\" \/>\n<meta property=\"article:modified_time\" content=\"2021-11-07T16:09:33+00:00\" \/>\n<meta property=\"og:image\" content=\"https:\/\/www.procarton.com\/wp-content\/uploads\/2021\/02\/5s5z0219_m1.jpg\" \/>\n\t<meta property=\"og:image:width\" content=\"200\" \/>\n\t<meta property=\"og:image:height\" content=\"200\" \/>\n\t<meta property=\"og:image:type\" content=\"image\/jpeg\" \/>\n<meta name=\"author\" content=\"esterling@admin\" \/>\n<meta name=\"twitter:card\" content=\"summary_large_image\" \/>\n<meta name=\"twitter:creator\" content=\"@pro_carton\" \/>\n<meta name=\"twitter:site\" content=\"@pro_carton\" \/>\n<meta name=\"twitter:label1\" content=\"\u00c9crit par\" \/>\n\t<meta name=\"twitter:data1\" content=\"esterling@admin\" \/>\n<script type=\"application\/ld+json\" class=\"yoast-schema-graph\">{\"@context\":\"https:\\\/\\\/schema.org\",\"@graph\":[{\"@type\":\"Article\",\"@id\":\"https:\\\/\\\/www.procarton.com\\\/the-route-to-the-future-2\\\/#article\",\"isPartOf\":{\"@id\":\"https:\\\/\\\/www.procarton.com\\\/the-route-to-the-future-2\\\/\"},\"author\":{\"name\":\"esterling@admin\",\"@id\":\"https:\\\/\\\/www.procarton.com\\\/es\\\/#\\\/schema\\\/person\\\/872a075145d2c38578ff4eed7d481251\"},\"headline\":\"The route to the future\",\"datePublished\":\"2012-09-27T23:00:00+00:00\",\"dateModified\":\"2021-11-07T16:09:33+00:00\",\"mainEntityOfPage\":{\"@id\":\"https:\\\/\\\/www.procarton.com\\\/the-route-to-the-future-2\\\/\"},\"wordCount\":79,\"commentCount\":0,\"publisher\":{\"@id\":\"https:\\\/\\\/www.procarton.com\\\/es\\\/#organization\"},\"image\":{\"@id\":\"https:\\\/\\\/www.procarton.com\\\/the-route-to-the-future-2\\\/#primaryimage\"},\"thumbnailUrl\":\"https:\\\/\\\/www.procarton.com\\\/wp-content\\\/uploads\\\/2021\\\/02\\\/5s5z0219_m1.jpg\",\"keywords\":[\"Events\"],\"articleSection\":[\"Marketing Trends\"],\"inLanguage\":\"fr-FR\",\"potentialAction\":[{\"@type\":\"CommentAction\",\"name\":\"Comment\",\"target\":[\"https:\\\/\\\/www.procarton.com\\\/the-route-to-the-future-2\\\/#respond\"]}]},{\"@type\":\"WebPage\",\"@id\":\"https:\\\/\\\/www.procarton.com\\\/the-route-to-the-future-2\\\/\",\"url\":\"https:\\\/\\\/www.procarton.com\\\/the-route-to-the-future-2\\\/\",\"name\":\"The route to the future - Pro Carton\",\"isPartOf\":{\"@id\":\"https:\\\/\\\/www.procarton.com\\\/es\\\/#website\"},\"primaryImageOfPage\":{\"@id\":\"https:\\\/\\\/www.procarton.com\\\/the-route-to-the-future-2\\\/#primaryimage\"},\"image\":{\"@id\":\"https:\\\/\\\/www.procarton.com\\\/the-route-to-the-future-2\\\/#primaryimage\"},\"thumbnailUrl\":\"https:\\\/\\\/www.procarton.com\\\/wp-content\\\/uploads\\\/2021\\\/02\\\/5s5z0219_m1.jpg\",\"datePublished\":\"2012-09-27T23:00:00+00:00\",\"dateModified\":\"2021-11-07T16:09:33+00:00\",\"breadcrumb\":{\"@id\":\"https:\\\/\\\/www.procarton.com\\\/the-route-to-the-future-2\\\/#breadcrumb\"},\"inLanguage\":\"fr-FR\",\"potentialAction\":[{\"@type\":\"ReadAction\",\"target\":[\"https:\\\/\\\/www.procarton.com\\\/the-route-to-the-future-2\\\/\"]}]},{\"@type\":\"ImageObject\",\"inLanguage\":\"fr-FR\",\"@id\":\"https:\\\/\\\/www.procarton.com\\\/the-route-to-the-future-2\\\/#primaryimage\",\"url\":\"https:\\\/\\\/www.procarton.com\\\/wp-content\\\/uploads\\\/2021\\\/02\\\/5s5z0219_m1.jpg\",\"contentUrl\":\"https:\\\/\\\/www.procarton.com\\\/wp-content\\\/uploads\\\/2021\\\/02\\\/5s5z0219_m1.jpg\",\"width\":200,\"height\":200},{\"@type\":\"BreadcrumbList\",\"@id\":\"https:\\\/\\\/www.procarton.com\\\/the-route-to-the-future-2\\\/#breadcrumb\",\"itemListElement\":[{\"@type\":\"ListItem\",\"position\":1,\"name\":\"Home\",\"item\":\"https:\\\/\\\/www.procarton.com\\\/\"},{\"@type\":\"ListItem\",\"position\":2,\"name\":\"The route to the future\"}]},{\"@type\":\"WebSite\",\"@id\":\"https:\\\/\\\/www.procarton.com\\\/es\\\/#website\",\"url\":\"https:\\\/\\\/www.procarton.com\\\/es\\\/\",\"name\":\"Pro Carton\",\"description\":\"\",\"publisher\":{\"@id\":\"https:\\\/\\\/www.procarton.com\\\/es\\\/#organization\"},\"potentialAction\":[{\"@type\":\"SearchAction\",\"target\":{\"@type\":\"EntryPoint\",\"urlTemplate\":\"https:\\\/\\\/www.procarton.com\\\/es\\\/?s={search_term_string}\"},\"query-input\":{\"@type\":\"PropertyValueSpecification\",\"valueRequired\":true,\"valueName\":\"search_term_string\"}}],\"inLanguage\":\"fr-FR\"},{\"@type\":\"Organization\",\"@id\":\"https:\\\/\\\/www.procarton.com\\\/es\\\/#organization\",\"name\":\"ProCarton\",\"url\":\"https:\\\/\\\/www.procarton.com\\\/es\\\/\",\"logo\":{\"@type\":\"ImageObject\",\"inLanguage\":\"fr-FR\",\"@id\":\"https:\\\/\\\/www.procarton.com\\\/es\\\/#\\\/schema\\\/logo\\\/image\\\/\",\"url\":\"https:\\\/\\\/www.procarton.com\\\/wp-content\\\/uploads\\\/2022\\\/06\\\/logo-mit-slogan.jpg\",\"contentUrl\":\"https:\\\/\\\/www.procarton.com\\\/wp-content\\\/uploads\\\/2022\\\/06\\\/logo-mit-slogan.jpg\",\"width\":422,\"height\":519,\"caption\":\"ProCarton\"},\"image\":{\"@id\":\"https:\\\/\\\/www.procarton.com\\\/es\\\/#\\\/schema\\\/logo\\\/image\\\/\"},\"sameAs\":[\"https:\\\/\\\/www.facebook.com\\\/procartondesignaward\\\/\",\"https:\\\/\\\/x.com\\\/pro_carton\"]},{\"@type\":\"Person\",\"@id\":\"https:\\\/\\\/www.procarton.com\\\/es\\\/#\\\/schema\\\/person\\\/872a075145d2c38578ff4eed7d481251\",\"name\":\"esterling@admin\",\"sameAs\":[\"https:\\\/\\\/www.procarton.com\"],\"url\":\"https:\\\/\\\/www.procarton.com\\\/fr\\\/author\\\/esterlingadmin\\\/\"}]}<\/script>\n<!-- \/ Yoast SEO plugin. -->","yoast_head_json":{"title":"La voie de l'avenir - Pro Carton","robots":{"index":"index","follow":"follow","max-snippet":"max-snippet:-1","max-image-preview":"max-image-preview:large","max-video-preview":"max-video-preview:-1"},"canonical":"https:\/\/www.procarton.com\/fr\/the-route-to-the-future-2\/","og_locale":"fr_FR","og_type":"article","og_title":"The route to the future - Pro Carton","og_description":"\"Mapping out the route to the future\" was the motto when the cartonboard and carton industry met at the ECMA Congress from 19 to 22 September in Copenhagen. The wide range of topics covered a look into the future of society and business in Europe, current examples for sustainability, as well as the \"Good Manufacturing Practice Guide\u201c. ECMA President Dr. Andreas Blaschke and Roland Rex, President of Pro Carton, presented the 16. Pro Carton\/ECMA Awards.More ...","og_url":"https:\/\/www.procarton.com\/fr\/the-route-to-the-future-2\/","og_site_name":"Pro Carton","article_publisher":"https:\/\/www.facebook.com\/procartondesignaward\/","article_published_time":"2012-09-27T23:00:00+00:00","article_modified_time":"2021-11-07T16:09:33+00:00","og_image":[{"width":200,"height":200,"url":"https:\/\/www.procarton.com\/wp-content\/uploads\/2021\/02\/5s5z0219_m1.jpg","type":"image\/jpeg"}],"author":"esterling@admin","twitter_card":"summary_large_image","twitter_creator":"@pro_carton","twitter_site":"@pro_carton","twitter_misc":{"\u00c9crit par":"esterling@admin"},"schema":{"@context":"https:\/\/schema.org","@graph":[{"@type":"Article","@id":"https:\/\/www.procarton.com\/the-route-to-the-future-2\/#article","isPartOf":{"@id":"https:\/\/www.procarton.com\/the-route-to-the-future-2\/"},"author":{"name":"esterling@admin","@id":"https:\/\/www.procarton.com\/es\/#\/schema\/person\/872a075145d2c38578ff4eed7d481251"},"headline":"The route to the future","datePublished":"2012-09-27T23:00:00+00:00","dateModified":"2021-11-07T16:09:33+00:00","mainEntityOfPage":{"@id":"https:\/\/www.procarton.com\/the-route-to-the-future-2\/"},"wordCount":79,"commentCount":0,"publisher":{"@id":"https:\/\/www.procarton.com\/es\/#organization"},"image":{"@id":"https:\/\/www.procarton.com\/the-route-to-the-future-2\/#primaryimage"},"thumbnailUrl":"https:\/\/www.procarton.com\/wp-content\/uploads\/2021\/02\/5s5z0219_m1.jpg","keywords":["Events"],"articleSection":["Marketing Trends"],"inLanguage":"fr-FR","potentialAction":[{"@type":"CommentAction","name":"Comment","target":["https:\/\/www.procarton.com\/the-route-to-the-future-2\/#respond"]}]},{"@type":"WebPage","@id":"https:\/\/www.procarton.com\/the-route-to-the-future-2\/","url":"https:\/\/www.procarton.com\/the-route-to-the-future-2\/","name":"La voie de l'avenir - Pro Carton","isPartOf":{"@id":"https:\/\/www.procarton.com\/es\/#website"},"primaryImageOfPage":{"@id":"https:\/\/www.procarton.com\/the-route-to-the-future-2\/#primaryimage"},"image":{"@id":"https:\/\/www.procarton.com\/the-route-to-the-future-2\/#primaryimage"},"thumbnailUrl":"https:\/\/www.procarton.com\/wp-content\/uploads\/2021\/02\/5s5z0219_m1.jpg","datePublished":"2012-09-27T23:00:00+00:00","dateModified":"2021-11-07T16:09:33+00:00","breadcrumb":{"@id":"https:\/\/www.procarton.com\/the-route-to-the-future-2\/#breadcrumb"},"inLanguage":"fr-FR","potentialAction":[{"@type":"ReadAction","target":["https:\/\/www.procarton.com\/the-route-to-the-future-2\/"]}]},{"@type":"ImageObject","inLanguage":"fr-FR","@id":"https:\/\/www.procarton.com\/the-route-to-the-future-2\/#primaryimage","url":"https:\/\/www.procarton.com\/wp-content\/uploads\/2021\/02\/5s5z0219_m1.jpg","contentUrl":"https:\/\/www.procarton.com\/wp-content\/uploads\/2021\/02\/5s5z0219_m1.jpg","width":200,"height":200},{"@type":"BreadcrumbList","@id":"https:\/\/www.procarton.com\/the-route-to-the-future-2\/#breadcrumb","itemListElement":[{"@type":"ListItem","position":1,"name":"Home","item":"https:\/\/www.procarton.com\/"},{"@type":"ListItem","position":2,"name":"The route to the future"}]},{"@type":"WebSite","@id":"https:\/\/www.procarton.com\/es\/#website","url":"https:\/\/www.procarton.com\/es\/","name":"Pro Carton","description":"","publisher":{"@id":"https:\/\/www.procarton.com\/es\/#organization"},"potentialAction":[{"@type":"SearchAction","target":{"@type":"EntryPoint","urlTemplate":"https:\/\/www.procarton.com\/es\/?s={search_term_string}"},"query-input":{"@type":"PropertyValueSpecification","valueRequired":true,"valueName":"search_term_string"}}],"inLanguage":"fr-FR"},{"@type":"Organization","@id":"https:\/\/www.procarton.com\/es\/#organization","name":"ProCarton","url":"https:\/\/www.procarton.com\/es\/","logo":{"@type":"ImageObject","inLanguage":"fr-FR","@id":"https:\/\/www.procarton.com\/es\/#\/schema\/logo\/image\/","url":"https:\/\/www.procarton.com\/wp-content\/uploads\/2022\/06\/logo-mit-slogan.jpg","contentUrl":"https:\/\/www.procarton.com\/wp-content\/uploads\/2022\/06\/logo-mit-slogan.jpg","width":422,"height":519,"caption":"ProCarton"},"image":{"@id":"https:\/\/www.procarton.com\/es\/#\/schema\/logo\/image\/"},"sameAs":["https:\/\/www.facebook.com\/procartondesignaward\/","https:\/\/x.com\/pro_carton"]},{"@type":"Person","@id":"https:\/\/www.procarton.com\/es\/#\/schema\/person\/872a075145d2c38578ff4eed7d481251","name":"esterling@admin","sameAs":["https:\/\/www.procarton.com"],"url":"https:\/\/www.procarton.com\/fr\/author\/esterlingadmin\/"}]}},"_links":{"self":[{"href":"https:\/\/www.procarton.com\/fr\/wp-json\/wp\/v2\/posts\/241740","targetHints":{"allow":["GET"]}}],"collection":[{"href":"https:\/\/www.procarton.com\/fr\/wp-json\/wp\/v2\/posts"}],"about":[{"href":"https:\/\/www.procarton.com\/fr\/wp-json\/wp\/v2\/types\/post"}],"author":[{"embeddable":true,"href":"https:\/\/www.procarton.com\/fr\/wp-json\/wp\/v2\/users\/1"}],"replies":[{"embeddable":true,"href":"https:\/\/www.procarton.com\/fr\/wp-json\/wp\/v2\/comments?post=241740"}],"version-history":[{"count":1,"href":"https:\/\/www.procarton.com\/fr\/wp-json\/wp\/v2\/posts\/241740\/revisions"}],"predecessor-version":[{"id":266219,"href":"https:\/\/www.procarton.com\/fr\/wp-json\/wp\/v2\/posts\/241740\/revisions\/266219"}],"wp:featuredmedia":[{"embeddable":true,"href":"https:\/\/www.procarton.com\/fr\/wp-json\/wp\/v2\/media\/241741"}],"wp:attachment":[{"href":"https:\/\/www.procarton.com\/fr\/wp-json\/wp\/v2\/media?parent=241740"}],"wp:term":[{"taxonomy":"category","embeddable":true,"href":"https:\/\/www.procarton.com\/fr\/wp-json\/wp\/v2\/categories?post=241740"},{"taxonomy":"post_tag","embeddable":true,"href":"https:\/\/www.procarton.com\/fr\/wp-json\/wp\/v2\/tags?post=241740"}],"curies":[{"name":"wp","href":"https:\/\/api.w.org\/{rel}","templated":true}]}}