{"id":293155,"date":"2023-11-06T12:32:18","date_gmt":"2023-11-06T12:32:18","guid":{"rendered":"https:\/\/www.procarton.com\/?p=293155"},"modified":"2023-11-15T12:42:15","modified_gmt":"2023-11-15T12:42:15","slug":"the-power-of-lcas-and-the-case-for-renewables-live","status":"publish","type":"post","link":"https:\/\/www.procarton.com\/es\/the-power-of-lcas-and-the-case-for-renewables-live\/","title":{"rendered":"El poder de los ACV y los argumentos a favor de las energ\u00edas renovables - \u00a1En directo!"},"content":{"rendered":"<div class=\"av-animated-generic top-to-bottom flex_column av_three_fourth  flex_column_div av-zero-column-padding first  avia-builder-el-0  el_before_av_one_fourth  avia-builder-el-first\" style='border-radius:0px; '>\n<section class=\"av_textblock_section\"  itemscope=\"itemscope\" itemtype=\"https:\/\/schema.org\/BlogPosting\" itemprop=\"blogPost\" >\n<div class='avia_textblock'   itemprop=\"text\" >\n<p><em><strong>6 de noviembre de 2023<\/strong><\/em><\/p>\n<p>Winfried M\u00fchling, Director de Marketing y Comunicaci\u00f3n de Pro Carton, form\u00f3 parte del equipo de ponentes de la \u00faltima sesi\u00f3n LIVE de la serie Sustainable Packaging Summit de Packaging Europe.<\/p>\n<p>El panel analiz\u00f3 los argumentos a favor del cambio a materiales renovables, los avances en capacidad y escala, las Evaluaciones del Ciclo de Vida (ECV) y su tracci\u00f3n para avanzar hacia un futuro sostenible.<\/p>\n<p>Winfried estuvo acompa\u00f1ado en el panel por <a id=\"ember55\" class=\"ember-view\" href=\"https:\/\/www.linkedin.com\/in\/barbara-dunin\/\">Barbara Dunin<\/a>Director de ESG, Marketing y Comunicaci\u00f3n, <a class=\"app-aware-link\" href=\"https:\/\/www.linkedin.com\/company\/beontag\/\" target=\"_self\" data-test-app-aware-link=\"\" rel=\"noopener\">Beontag<\/a>; <a id=\"ember56\" class=\"ember-view\" href=\"https:\/\/www.linkedin.com\/in\/jalliina-j%C3%A4rvinen-a679a43a\/\">Jalliina J\u00e4rvinen<\/a>Jefe de Desarrollo de Productos, Materiales de Embalaje, <a class=\"app-aware-link\" href=\"https:\/\/www.linkedin.com\/company\/stora-enso\/\" target=\"_self\" data-test-app-aware-link=\"\" rel=\"noopener\">Stora Enso<\/a>y <a id=\"ember58\" class=\"ember-view\" href=\"https:\/\/www.linkedin.com\/in\/matti-rantanen-8585744a\/\">Matti Rantanen<\/a>Director General, <a class=\"app-aware-link\" href=\"https:\/\/www.linkedin.com\/company\/european-paper-packaging-alliance\/\" target=\"_self\" data-test-app-aware-link=\"\" rel=\"noopener\">Alianza Europea del Embalaje de Papel (EPPA)<\/a>.<\/p>\n<\/div>\n<\/section>\n<\/div>\n<div class=\"av-animated-generic top-to-bottom flex_column av_one_fourth  flex_column_div av-zero-column-padding   avia-builder-el-2  el_after_av_three_fourth  avia-builder-el-last\" style='border-radius:0px; '>\n<div  class='avia-image-container  av-styling-    avia-builder-el-3  el_before_av_textblock  avia-builder-el-first  avia-align-center'  itemprop=\"image\" itemscope=\"itemscope\" itemtype=\"https:\/\/schema.org\/ImageObject\"  >\n<div class='avia-image-container-inner'>\n<div class='avia-image-overlay-wrap'><a href=\"https:\/\/www.linkedin.com\/events\/thepoweroflca-sandthecaseforren7125423034760359938\/comments\/\" class='avia_image' target=\"_blank\" rel=\"noopener noreferrer\"><img decoding=\"async\" width=\"1280\" height=\"719\" class='wp-image-293156 avia-img-lazy-loading-not-293156 avia_image' src=\"https:\/\/www.procarton.com\/wp-content\/uploads\/2023\/11\/The-power-of-LCAs-and-the-case-for-Renewables-Live.jpeg\" alt='' title='El poder de los ACV y los argumentos a favor de las energ\u00edas renovables - Live'  itemprop=\"thumbnailUrl\" srcset=\"https:\/\/www.procarton.com\/wp-content\/uploads\/2023\/11\/The-power-of-LCAs-and-the-case-for-Renewables-Live.jpeg 1280w, https:\/\/www.procarton.com\/wp-content\/uploads\/2023\/11\/The-power-of-LCAs-and-the-case-for-Renewables-Live-300x169.jpeg 300w, https:\/\/www.procarton.com\/wp-content\/uploads\/2023\/11\/The-power-of-LCAs-and-the-case-for-Renewables-Live-1030x579.jpeg 1030w, https:\/\/www.procarton.com\/wp-content\/uploads\/2023\/11\/The-power-of-LCAs-and-the-case-for-Renewables-Live-768x431.jpeg 768w, https:\/\/www.procarton.com\/wp-content\/uploads\/2023\/11\/The-power-of-LCAs-and-the-case-for-Renewables-Live-18x10.jpeg 18w, https:\/\/www.procarton.com\/wp-content\/uploads\/2023\/11\/The-power-of-LCAs-and-the-case-for-Renewables-Live-705x396.jpeg 705w\" sizes=\"(max-width: 1280px) 100vw, 1280px\" \/><\/a><\/div>\n<\/div>\n<\/div>\n<section class=\"av_textblock_section\"  itemscope=\"itemscope\" itemtype=\"https:\/\/schema.org\/BlogPosting\" itemprop=\"blogPost\" >\n<div class='avia_textblock'   itemprop=\"text\" >\n<p>El poder de los ACV y los argumentos a favor de las energ\u00edas renovables - \u00a1En directo!<\/p>\n<\/div>\n<\/section>\n<\/div>","protected":false},"excerpt":{"rendered":"<p>Winfried M\u00fchling, Director de Marketing y Comunicaci\u00f3n de Pro Carton, form\u00f3 parte del equipo de ponentes de Packaging Europe.<\/p>","protected":false},"author":1286,"featured_media":293156,"comment_status":"closed","ping_status":"open","sticky":false,"template":"","format":"standard","meta":{"inline_featured_image":false,"footnotes":""},"categories":[77,242,52],"tags":[],"class_list":["post-293155","post","type-post","status-publish","format-standard","has-post-thumbnail","hentry","category-national-activities","category-procarton","category-sustainability"],"yoast_head":"<!-- This site is optimized with the Yoast SEO plugin v27.5 - https:\/\/yoast.com\/product\/yoast-seo-wordpress\/ -->\n<title>The power of LCA\u2019s and the case for Renewables \u2013 Live! - Pro Carton<\/title>\n<meta name=\"description\" content=\"Winfried M\u00fchling, Director Marketing and Communications at Pro Carton, sat on a team of esteemed panellists for Packaging Europe.\" \/>\n<meta name=\"robots\" content=\"index, follow, max-snippet:-1, max-image-preview:large, max-video-preview:-1\" \/>\n<link rel=\"canonical\" href=\"https:\/\/www.procarton.com\/es\/the-power-of-lcas-and-the-case-for-renewables-live\/\" \/>\n<meta property=\"og:locale\" content=\"es_ES\" \/>\n<meta property=\"og:type\" content=\"article\" \/>\n<meta property=\"og:title\" content=\"The power of LCA\u2019s and the case for Renewables \u2013 Live! - Pro Carton\" \/>\n<meta property=\"og:description\" content=\"Winfried M\u00fchling, Director Marketing and Communications at Pro Carton, sat on a team of esteemed panellists for Packaging Europe.\" \/>\n<meta property=\"og:url\" content=\"https:\/\/www.procarton.com\/es\/the-power-of-lcas-and-the-case-for-renewables-live\/\" \/>\n<meta property=\"og:site_name\" content=\"Pro Carton\" \/>\n<meta property=\"article:publisher\" content=\"https:\/\/www.facebook.com\/procartondesignaward\/\" \/>\n<meta property=\"article:published_time\" content=\"2023-11-06T12:32:18+00:00\" \/>\n<meta property=\"article:modified_time\" content=\"2023-11-15T12:42:15+00:00\" \/>\n<meta property=\"og:image\" content=\"https:\/\/www.procarton.com\/wp-content\/uploads\/2023\/11\/The-power-of-LCAs-and-the-case-for-Renewables-Live.jpeg\" \/>\n\t<meta property=\"og:image:width\" content=\"1280\" \/>\n\t<meta property=\"og:image:height\" content=\"719\" \/>\n\t<meta property=\"og:image:type\" content=\"image\/jpeg\" \/>\n<meta name=\"author\" content=\"ryan@procarton.com\" \/>\n<meta name=\"twitter:card\" content=\"summary_large_image\" \/>\n<meta name=\"twitter:creator\" content=\"@pro_carton\" \/>\n<meta name=\"twitter:site\" content=\"@pro_carton\" \/>\n<meta name=\"twitter:label1\" content=\"Escrito por\" \/>\n\t<meta name=\"twitter:data1\" content=\"ryan@procarton.com\" \/>\n<script type=\"application\/ld+json\" class=\"yoast-schema-graph\">{\"@context\":\"https:\\\/\\\/schema.org\",\"@graph\":[{\"@type\":\"Article\",\"@id\":\"https:\\\/\\\/www.procarton.com\\\/the-power-of-lcas-and-the-case-for-renewables-live\\\/#article\",\"isPartOf\":{\"@id\":\"https:\\\/\\\/www.procarton.com\\\/the-power-of-lcas-and-the-case-for-renewables-live\\\/\"},\"author\":{\"name\":\"ryan@procarton.com\",\"@id\":\"https:\\\/\\\/www.procarton.com\\\/es\\\/#\\\/schema\\\/person\\\/8f52811f36555e3fbe8aa433fda4f5b5\"},\"headline\":\"The power of LCA\u2019s and the case for Renewables \u2013 Live!\",\"datePublished\":\"2023-11-06T12:32:18+00:00\",\"dateModified\":\"2023-11-15T12:42:15+00:00\",\"mainEntityOfPage\":{\"@id\":\"https:\\\/\\\/www.procarton.com\\\/the-power-of-lcas-and-the-case-for-renewables-live\\\/\"},\"wordCount\":549,\"publisher\":{\"@id\":\"https:\\\/\\\/www.procarton.com\\\/es\\\/#organization\"},\"image\":{\"@id\":\"https:\\\/\\\/www.procarton.com\\\/the-power-of-lcas-and-the-case-for-renewables-live\\\/#primaryimage\"},\"thumbnailUrl\":\"https:\\\/\\\/www.procarton.com\\\/wp-content\\\/uploads\\\/2023\\\/11\\\/The-power-of-LCAs-and-the-case-for-Renewables-Live.jpeg\",\"articleSection\":[\"National Activities\",\"Pro Carton\",\"Sustainability\"],\"inLanguage\":\"es\"},{\"@type\":\"WebPage\",\"@id\":\"https:\\\/\\\/www.procarton.com\\\/the-power-of-lcas-and-the-case-for-renewables-live\\\/\",\"url\":\"https:\\\/\\\/www.procarton.com\\\/the-power-of-lcas-and-the-case-for-renewables-live\\\/\",\"name\":\"The power of LCA\u2019s and the case for Renewables \u2013 Live! - Pro Carton\",\"isPartOf\":{\"@id\":\"https:\\\/\\\/www.procarton.com\\\/es\\\/#website\"},\"primaryImageOfPage\":{\"@id\":\"https:\\\/\\\/www.procarton.com\\\/the-power-of-lcas-and-the-case-for-renewables-live\\\/#primaryimage\"},\"image\":{\"@id\":\"https:\\\/\\\/www.procarton.com\\\/the-power-of-lcas-and-the-case-for-renewables-live\\\/#primaryimage\"},\"thumbnailUrl\":\"https:\\\/\\\/www.procarton.com\\\/wp-content\\\/uploads\\\/2023\\\/11\\\/The-power-of-LCAs-and-the-case-for-Renewables-Live.jpeg\",\"datePublished\":\"2023-11-06T12:32:18+00:00\",\"dateModified\":\"2023-11-15T12:42:15+00:00\",\"description\":\"Winfried M\u00fchling, Director Marketing and Communications at Pro Carton, sat on a team of esteemed panellists for Packaging Europe.\",\"breadcrumb\":{\"@id\":\"https:\\\/\\\/www.procarton.com\\\/the-power-of-lcas-and-the-case-for-renewables-live\\\/#breadcrumb\"},\"inLanguage\":\"es\",\"potentialAction\":[{\"@type\":\"ReadAction\",\"target\":[\"https:\\\/\\\/www.procarton.com\\\/the-power-of-lcas-and-the-case-for-renewables-live\\\/\"]}]},{\"@type\":\"ImageObject\",\"inLanguage\":\"es\",\"@id\":\"https:\\\/\\\/www.procarton.com\\\/the-power-of-lcas-and-the-case-for-renewables-live\\\/#primaryimage\",\"url\":\"https:\\\/\\\/www.procarton.com\\\/wp-content\\\/uploads\\\/2023\\\/11\\\/The-power-of-LCAs-and-the-case-for-Renewables-Live.jpeg\",\"contentUrl\":\"https:\\\/\\\/www.procarton.com\\\/wp-content\\\/uploads\\\/2023\\\/11\\\/The-power-of-LCAs-and-the-case-for-Renewables-Live.jpeg\",\"width\":1280,\"height\":719},{\"@type\":\"BreadcrumbList\",\"@id\":\"https:\\\/\\\/www.procarton.com\\\/the-power-of-lcas-and-the-case-for-renewables-live\\\/#breadcrumb\",\"itemListElement\":[{\"@type\":\"ListItem\",\"position\":1,\"name\":\"Home\",\"item\":\"https:\\\/\\\/www.procarton.com\\\/\"},{\"@type\":\"ListItem\",\"position\":2,\"name\":\"The power of LCA\u2019s and the case for Renewables \u2013 Live!\"}]},{\"@type\":\"WebSite\",\"@id\":\"https:\\\/\\\/www.procarton.com\\\/es\\\/#website\",\"url\":\"https:\\\/\\\/www.procarton.com\\\/es\\\/\",\"name\":\"Pro Carton\",\"description\":\"\",\"publisher\":{\"@id\":\"https:\\\/\\\/www.procarton.com\\\/es\\\/#organization\"},\"potentialAction\":[{\"@type\":\"SearchAction\",\"target\":{\"@type\":\"EntryPoint\",\"urlTemplate\":\"https:\\\/\\\/www.procarton.com\\\/es\\\/?s={search_term_string}\"},\"query-input\":{\"@type\":\"PropertyValueSpecification\",\"valueRequired\":true,\"valueName\":\"search_term_string\"}}],\"inLanguage\":\"es\"},{\"@type\":\"Organization\",\"@id\":\"https:\\\/\\\/www.procarton.com\\\/es\\\/#organization\",\"name\":\"ProCarton\",\"url\":\"https:\\\/\\\/www.procarton.com\\\/es\\\/\",\"logo\":{\"@type\":\"ImageObject\",\"inLanguage\":\"es\",\"@id\":\"https:\\\/\\\/www.procarton.com\\\/es\\\/#\\\/schema\\\/logo\\\/image\\\/\",\"url\":\"https:\\\/\\\/www.procarton.com\\\/wp-content\\\/uploads\\\/2022\\\/06\\\/logo-mit-slogan.jpg\",\"contentUrl\":\"https:\\\/\\\/www.procarton.com\\\/wp-content\\\/uploads\\\/2022\\\/06\\\/logo-mit-slogan.jpg\",\"width\":422,\"height\":519,\"caption\":\"ProCarton\"},\"image\":{\"@id\":\"https:\\\/\\\/www.procarton.com\\\/es\\\/#\\\/schema\\\/logo\\\/image\\\/\"},\"sameAs\":[\"https:\\\/\\\/www.facebook.com\\\/procartondesignaward\\\/\",\"https:\\\/\\\/x.com\\\/pro_carton\"]},{\"@type\":\"Person\",\"@id\":\"https:\\\/\\\/www.procarton.com\\\/es\\\/#\\\/schema\\\/person\\\/8f52811f36555e3fbe8aa433fda4f5b5\",\"name\":\"ryan@procarton.com\",\"url\":\"https:\\\/\\\/www.procarton.com\\\/es\\\/author\\\/pro-carton-3\\\/\"}]}<\/script>\n<!-- \/ Yoast SEO plugin. -->","yoast_head_json":{"title":"El poder de los ACV y los argumentos a favor de las energ\u00edas renovables - En directo - Pro Carton","description":"Winfried M\u00fchling, Director de Marketing y Comunicaci\u00f3n de Pro Carton, form\u00f3 parte del equipo de ponentes de Packaging Europe.","robots":{"index":"index","follow":"follow","max-snippet":"max-snippet:-1","max-image-preview":"max-image-preview:large","max-video-preview":"max-video-preview:-1"},"canonical":"https:\/\/www.procarton.com\/es\/the-power-of-lcas-and-the-case-for-renewables-live\/","og_locale":"es_ES","og_type":"article","og_title":"The power of LCA\u2019s and the case for Renewables \u2013 Live! - Pro Carton","og_description":"Winfried M\u00fchling, Director Marketing and Communications at Pro Carton, sat on a team of esteemed panellists for Packaging Europe.","og_url":"https:\/\/www.procarton.com\/es\/the-power-of-lcas-and-the-case-for-renewables-live\/","og_site_name":"Pro Carton","article_publisher":"https:\/\/www.facebook.com\/procartondesignaward\/","article_published_time":"2023-11-06T12:32:18+00:00","article_modified_time":"2023-11-15T12:42:15+00:00","og_image":[{"width":1280,"height":719,"url":"https:\/\/www.procarton.com\/wp-content\/uploads\/2023\/11\/The-power-of-LCAs-and-the-case-for-Renewables-Live.jpeg","type":"image\/jpeg"}],"author":"ryan@procarton.com","twitter_card":"summary_large_image","twitter_creator":"@pro_carton","twitter_site":"@pro_carton","twitter_misc":{"Escrito por":"ryan@procarton.com"},"schema":{"@context":"https:\/\/schema.org","@graph":[{"@type":"Article","@id":"https:\/\/www.procarton.com\/the-power-of-lcas-and-the-case-for-renewables-live\/#article","isPartOf":{"@id":"https:\/\/www.procarton.com\/the-power-of-lcas-and-the-case-for-renewables-live\/"},"author":{"name":"ryan@procarton.com","@id":"https:\/\/www.procarton.com\/es\/#\/schema\/person\/8f52811f36555e3fbe8aa433fda4f5b5"},"headline":"The power of LCA\u2019s and the case for Renewables \u2013 Live!","datePublished":"2023-11-06T12:32:18+00:00","dateModified":"2023-11-15T12:42:15+00:00","mainEntityOfPage":{"@id":"https:\/\/www.procarton.com\/the-power-of-lcas-and-the-case-for-renewables-live\/"},"wordCount":549,"publisher":{"@id":"https:\/\/www.procarton.com\/es\/#organization"},"image":{"@id":"https:\/\/www.procarton.com\/the-power-of-lcas-and-the-case-for-renewables-live\/#primaryimage"},"thumbnailUrl":"https:\/\/www.procarton.com\/wp-content\/uploads\/2023\/11\/The-power-of-LCAs-and-the-case-for-Renewables-Live.jpeg","articleSection":["National Activities","Pro Carton","Sustainability"],"inLanguage":"es"},{"@type":"WebPage","@id":"https:\/\/www.procarton.com\/the-power-of-lcas-and-the-case-for-renewables-live\/","url":"https:\/\/www.procarton.com\/the-power-of-lcas-and-the-case-for-renewables-live\/","name":"El poder de los ACV y los argumentos a favor de las energ\u00edas renovables - En directo - Pro Carton","isPartOf":{"@id":"https:\/\/www.procarton.com\/es\/#website"},"primaryImageOfPage":{"@id":"https:\/\/www.procarton.com\/the-power-of-lcas-and-the-case-for-renewables-live\/#primaryimage"},"image":{"@id":"https:\/\/www.procarton.com\/the-power-of-lcas-and-the-case-for-renewables-live\/#primaryimage"},"thumbnailUrl":"https:\/\/www.procarton.com\/wp-content\/uploads\/2023\/11\/The-power-of-LCAs-and-the-case-for-Renewables-Live.jpeg","datePublished":"2023-11-06T12:32:18+00:00","dateModified":"2023-11-15T12:42:15+00:00","description":"Winfried M\u00fchling, Director de Marketing y Comunicaci\u00f3n de Pro Carton, form\u00f3 parte del equipo de ponentes de Packaging Europe.","breadcrumb":{"@id":"https:\/\/www.procarton.com\/the-power-of-lcas-and-the-case-for-renewables-live\/#breadcrumb"},"inLanguage":"es","potentialAction":[{"@type":"ReadAction","target":["https:\/\/www.procarton.com\/the-power-of-lcas-and-the-case-for-renewables-live\/"]}]},{"@type":"ImageObject","inLanguage":"es","@id":"https:\/\/www.procarton.com\/the-power-of-lcas-and-the-case-for-renewables-live\/#primaryimage","url":"https:\/\/www.procarton.com\/wp-content\/uploads\/2023\/11\/The-power-of-LCAs-and-the-case-for-Renewables-Live.jpeg","contentUrl":"https:\/\/www.procarton.com\/wp-content\/uploads\/2023\/11\/The-power-of-LCAs-and-the-case-for-Renewables-Live.jpeg","width":1280,"height":719},{"@type":"BreadcrumbList","@id":"https:\/\/www.procarton.com\/the-power-of-lcas-and-the-case-for-renewables-live\/#breadcrumb","itemListElement":[{"@type":"ListItem","position":1,"name":"Home","item":"https:\/\/www.procarton.com\/"},{"@type":"ListItem","position":2,"name":"The power of LCA\u2019s and the case for Renewables \u2013 Live!"}]},{"@type":"WebSite","@id":"https:\/\/www.procarton.com\/es\/#website","url":"https:\/\/www.procarton.com\/es\/","name":"Pro Carton","description":"","publisher":{"@id":"https:\/\/www.procarton.com\/es\/#organization"},"potentialAction":[{"@type":"SearchAction","target":{"@type":"EntryPoint","urlTemplate":"https:\/\/www.procarton.com\/es\/?s={search_term_string}"},"query-input":{"@type":"PropertyValueSpecification","valueRequired":true,"valueName":"search_term_string"}}],"inLanguage":"es"},{"@type":"Organization","@id":"https:\/\/www.procarton.com\/es\/#organization","name":"ProCarton","url":"https:\/\/www.procarton.com\/es\/","logo":{"@type":"ImageObject","inLanguage":"es","@id":"https:\/\/www.procarton.com\/es\/#\/schema\/logo\/image\/","url":"https:\/\/www.procarton.com\/wp-content\/uploads\/2022\/06\/logo-mit-slogan.jpg","contentUrl":"https:\/\/www.procarton.com\/wp-content\/uploads\/2022\/06\/logo-mit-slogan.jpg","width":422,"height":519,"caption":"ProCarton"},"image":{"@id":"https:\/\/www.procarton.com\/es\/#\/schema\/logo\/image\/"},"sameAs":["https:\/\/www.facebook.com\/procartondesignaward\/","https:\/\/x.com\/pro_carton"]},{"@type":"Person","@id":"https:\/\/www.procarton.com\/es\/#\/schema\/person\/8f52811f36555e3fbe8aa433fda4f5b5","name":"ryan@procarton.com","url":"https:\/\/www.procarton.com\/es\/author\/pro-carton-3\/"}]}},"_links":{"self":[{"href":"https:\/\/www.procarton.com\/es\/wp-json\/wp\/v2\/posts\/293155","targetHints":{"allow":["GET"]}}],"collection":[{"href":"https:\/\/www.procarton.com\/es\/wp-json\/wp\/v2\/posts"}],"about":[{"href":"https:\/\/www.procarton.com\/es\/wp-json\/wp\/v2\/types\/post"}],"author":[{"embeddable":true,"href":"https:\/\/www.procarton.com\/es\/wp-json\/wp\/v2\/users\/1286"}],"replies":[{"embeddable":true,"href":"https:\/\/www.procarton.com\/es\/wp-json\/wp\/v2\/comments?post=293155"}],"version-history":[{"count":1,"href":"https:\/\/www.procarton.com\/es\/wp-json\/wp\/v2\/posts\/293155\/revisions"}],"predecessor-version":[{"id":293157,"href":"https:\/\/www.procarton.com\/es\/wp-json\/wp\/v2\/posts\/293155\/revisions\/293157"}],"wp:featuredmedia":[{"embeddable":true,"href":"https:\/\/www.procarton.com\/es\/wp-json\/wp\/v2\/media\/293156"}],"wp:attachment":[{"href":"https:\/\/www.procarton.com\/es\/wp-json\/wp\/v2\/media?parent=293155"}],"wp:term":[{"taxonomy":"category","embeddable":true,"href":"https:\/\/www.procarton.com\/es\/wp-json\/wp\/v2\/categories?post=293155"},{"taxonomy":"post_tag","embeddable":true,"href":"https:\/\/www.procarton.com\/es\/wp-json\/wp\/v2\/tags?post=293155"}],"curies":[{"name":"wp","href":"https:\/\/api.w.org\/{rel}","templated":true}]}}