{"id":292528,"date":"2023-10-04T19:45:59","date_gmt":"2023-10-04T18:45:59","guid":{"rendered":"https:\/\/www.procarton.com\/?p=292528"},"modified":"2023-10-18T19:47:06","modified_gmt":"2023-10-18T18:47:06","slug":"die-preistrager-des-carton-austria-awards-karton-naturlich","status":"publish","type":"post","link":"https:\/\/www.procarton.com\/es\/die-preistrager-des-carton-austria-awards-karton-naturlich\/","title":{"rendered":"Die Preistr\u00e4ger des Carton Austria Awards: \u00a1Cart\u00f3n, naturalmente!"},"content":{"rendered":"<div class=\"av-animated-generic top-to-bottom flex_column av_one_full  flex_column_div av-zero-column-padding first  avia-builder-el-0  el_before_av_hr  avia-builder-el-first\" style='border-radius:0px; '>\n<section class=\"av_textblock_section\"  itemscope=\"itemscope\" itemtype=\"https:\/\/schema.org\/BlogPosting\" itemprop=\"blogPost\" >\n<div class='avia_textblock'   itemprop=\"text\" >\n<p><strong>Los materiales naturales y el dise\u00f1o refinado caracterizan esta vez a la Preistr\u00e4ger des 6. Carton Austria Award. Carton Austria Award. El premio de la revista CASH Handelsmagazin-Redaktion fue para \"Birdhouse\" de B\u00f6sm\u00fcller. El p\u00fablico vot\u00f3 ex aequo por \"Recyclay\u00ae\" de MM Packaging y \"Lederhaas\", tambi\u00e9n de B\u00f6sm\u00fcller. Die Preistr\u00e4ger wurden bei der Verleihung am 3. Oktober 2023 im Rahmen des Packaging Dialog 2023 ausgiebig gefeiert.<\/strong><\/p>\n<\/div>\n<\/section>\n<section class=\"av_textblock_section\"  itemscope=\"itemscope\" itemtype=\"https:\/\/schema.org\/BlogPosting\" itemprop=\"blogPost\" >\n<div class='avia_textblock'   itemprop=\"text\" >\n<p>Tras los grandes \u00e9xitos cosechados en los \u00faltimos a\u00f1os, \u00d6sterreich ha vuelto a destacar en 2023 por sus mejores envases de cart\u00f3n. PROPAK Austria, Pro Carton y la revista Handelsmagazin CASH han establecido su cooperaci\u00f3n.<\/p>\n<p>Se han fabricado las mejores soluciones de envasado de productos defectuosos del pa\u00eds, tanto para el comercio estacionario como para las tiendas en l\u00ednea. Los criterios son los siguientes El efecto en el punto de venta (visual, t\u00e1ctil y como plataforma de informaci\u00f3n), el momento de asombro en las ofertas en l\u00ednea, el valor del envase y, por supuesto, la sostenibilidad.<br \/>\nLos premios fueron anunciados por Margaretha Jurik, directora de la revista CASH Handelsmagazin, Florian Fuchs, portavoz de PROPAK Austria Faltschachtelindustrie, y Horst Bittermann, director general de Pro Carton.<\/p>\n<p>La entrega de premios tuvo lugar en el marco del Packaging Dialogs 2023, el evento de marketing para la cadena de suministro de envases y embalajes. Theresa Imre, fundadora y directora general de markta, habl\u00f3 sobre su \u00e9xito con markta, mientras que Horst Bittermann, director general de Pro Carton, inform\u00f3 sobre los \u00faltimos avances en las normativas de la UE. El acto se complet\u00f3 con un coloquio con Evelyn Wolfslehner del Klimaministerium, moderado por Margaretha Jurik.<\/p>\n<\/div>\n<\/section>\n<\/div>\n<div   class='hr hr-default   avia-builder-el-3  el_after_av_one_full  el_before_av_one_half'><span class='hr-inner' ><span class='hr-inner-style'><\/span><\/span><\/div>\n<div class=\"av-animated-generic top-to-bottom flex_column av_one_half  flex_column_div av-zero-column-padding first  avia-builder-el-4  el_after_av_hr  el_before_av_one_fourth\" style='border-radius:0px; '>\n<section class=\"av_textblock_section\"  itemscope=\"itemscope\" itemtype=\"https:\/\/schema.org\/BlogPosting\" itemprop=\"blogPost\" >\n<div class='avia_textblock'   itemprop=\"text\" >\n<h4><strong>Premio del Jurado:<\/strong><\/h4>\n<p><strong>Casa para p\u00e1jaros<\/strong><br \/>\n<em>Fabricante de cajas plegables:\u00a0<a href=\"https:\/\/boesmueller.at\/\" target=\"_blank\" rel=\"noopener\">B\u00f6sm\u00fcller Gesti\u00f3n de impresi\u00f3n<\/a><br \/>\nPropietario de la marca:\u00a0<a href=\"https:\/\/guthardegg.at\/\" target=\"_blank\" rel=\"noopener\">Gut Hardegg<\/a>\u00a0\/ Ingeniero Maximilian Hardegg<br \/>\nDise\u00f1ador de estructuras:\u00a0<a href=\"https:\/\/guthardegg.at\/\" target=\"_blank\" rel=\"noopener\">Ingeniero Maximilian Hardegg<\/a><br \/>\nDise\u00f1adora gr\u00e1fica: Alice Nemecek \/ stock &amp; nemecek, Productor: J\u00f6rg G\u00fcnther<br \/>\nFabricante de cart\u00f3n:\u00a0<a href=\"https:\/\/www.westrock.com\/\" target=\"_blank\" rel=\"noopener\">WestRock<\/a><\/em><\/p>\n<\/div>\n<\/section>\n<section class=\"av_textblock_section\"  itemscope=\"itemscope\" itemtype=\"https:\/\/schema.org\/BlogPosting\" itemprop=\"blogPost\" >\n<div class='avia_textblock'   itemprop=\"text\" >\n<p>La innovadora funda de cart\u00f3n natural de alta calidad es tan atractiva como pr\u00e1ctica. Es perfecto como bolso y como sin\u00f3nimo de \"regalo\". El Futterh\u00e4uschen es con pocos Handgriffen einsatzbereit y se anschlie\u00dfend mittels beiliegender Schnur en einen Baum oder unter das Vordach geh\u00e4ngt oder einfach an einen m\u00f6glichst wettergesch\u00fctzten und erh\u00f6hten Platz gestellt. Ideal auch f\u00fcr Terrasse und Balkon, so k\u00f6nnen die V\u00f6gel aus n\u00e4chster N\u00e4he beobachtet werden. Das H\u00e4uschen ist bereits mit Premium-Wildvogelfutter vom Gut Hardegg bef\u00fcllt. Un lugar ecol\u00f3gico y respetuoso con el medio ambiente.<\/p>\n<p><strong>La decisi\u00f3n del jurado<\/strong><br \/>\nEl jurado del concurso \"BIRDHOUSE\", de B\u00f6sm\u00fcller Print para Gut Hardegg, ha quedado impresionado, y ello por varios motivos: Por un lado, la combinaci\u00f3n de embalaje y producto en esta intensidad y forma es la categor\u00eda m\u00e1s alta. El embalaje est\u00e1 hecho a medida, es f\u00e1cil de manipular, est\u00e1 completamente integrado y, adem\u00e1s, se adapta perfectamente al producto. Un Vogelfutter de alta calidad envasado en una caja de cart\u00f3n es totalmente seguro y, por lo tanto, genial, ya que los componentes del producto est\u00e1n completamente integrados en el envase. De este modo se consigue un mayor valor a\u00f1adido, ya que el embalaje se convierte en un producto completo (Vogelhaus). El concepto hol\u00edstico se aplica de principio a fin de forma pr\u00e1ctica y sin fisuras, y las caracter\u00edsticas del cart\u00f3n como material de embalaje se ponen aqu\u00ed en escena.<\/p>\n<\/div>\n<\/section>\n<\/div>\n<div class=\"av-animated-generic top-to-bottom flex_column av_one_fourth  flex_column_div av-zero-column-padding   avia-builder-el-7  el_after_av_one_half  el_before_av_one_fourth\" style='border-radius:0px; '>\n<div  class='avia-image-container  av-styling-    avia-builder-el-8  el_before_av_textblock  avia-builder-el-first  avia-align-center'  itemprop=\"image\" itemscope=\"itemscope\" itemtype=\"https:\/\/schema.org\/ImageObject\"  >\n<div class='avia-image-container-inner'>\n<div class='avia-image-overlay-wrap'><img decoding=\"async\" width=\"300\" height=\"300\" class='wp-image-292530 avia-img-lazy-loading-not-292530 avia_image' src=\"https:\/\/www.procarton.com\/wp-content\/uploads\/2023\/10\/birdhouse_img-scaled-1-300x300.jpg\" alt='' title='pajarera_img-escala'  itemprop=\"thumbnailUrl\" srcset=\"https:\/\/www.procarton.com\/wp-content\/uploads\/2023\/10\/birdhouse_img-scaled-1-300x300.jpg 300w, https:\/\/www.procarton.com\/wp-content\/uploads\/2023\/10\/birdhouse_img-scaled-1-1030x1030.jpg 1030w, https:\/\/www.procarton.com\/wp-content\/uploads\/2023\/10\/birdhouse_img-scaled-1-80x80.jpg 80w, https:\/\/www.procarton.com\/wp-content\/uploads\/2023\/10\/birdhouse_img-scaled-1-768x768.jpg 768w, https:\/\/www.procarton.com\/wp-content\/uploads\/2023\/10\/birdhouse_img-scaled-1-1536x1536.jpg 1536w, https:\/\/www.procarton.com\/wp-content\/uploads\/2023\/10\/birdhouse_img-scaled-1-2048x2048.jpg 2048w, https:\/\/www.procarton.com\/wp-content\/uploads\/2023\/10\/birdhouse_img-scaled-1-12x12.jpg 12w, https:\/\/www.procarton.com\/wp-content\/uploads\/2023\/10\/birdhouse_img-scaled-1-36x36.jpg 36w, https:\/\/www.procarton.com\/wp-content\/uploads\/2023\/10\/birdhouse_img-scaled-1-180x180.jpg 180w, https:\/\/www.procarton.com\/wp-content\/uploads\/2023\/10\/birdhouse_img-scaled-1-1500x1500.jpg 1500w, https:\/\/www.procarton.com\/wp-content\/uploads\/2023\/10\/birdhouse_img-scaled-1-705x705.jpg 705w\" sizes=\"(max-width: 300px) 100vw, 300px\" \/><\/div>\n<\/div>\n<\/div>\n<section class=\"av_textblock_section\"  itemscope=\"itemscope\" itemtype=\"https:\/\/schema.org\/BlogPosting\" itemprop=\"blogPost\" >\n<div class='avia_textblock'   itemprop=\"text\" >\n<p><strong>V\u00eddeo-Declaraci\u00f3n\u00a0<\/strong><a href=\"http:\/\/www.youtube.com\/watch?v=Znmw2iUYxes\" target=\"_blank\" rel=\"noopener\">\"Pajarera\"<\/a><\/p>\n<\/div>\n<\/section>\n<\/div>\n<div class=\"av-animated-generic top-to-bottom flex_column av_one_fourth  flex_column_div av-zero-column-padding   avia-builder-el-10  el_after_av_one_fourth  el_before_av_hr\" style='border-radius:0px; '>\n<div  class='avia-image-container  av-styling-    avia-builder-el-11  el_before_av_textblock  avia-builder-el-first  avia-align-center'  itemprop=\"image\" itemscope=\"itemscope\" itemtype=\"https:\/\/schema.org\/ImageObject\"  >\n<div class='avia-image-container-inner'>\n<div class='avia-image-overlay-wrap'><img decoding=\"async\" width=\"300\" height=\"253\" class='wp-image-292529 avia-img-lazy-loading-not-292529 avia_image' src=\"https:\/\/www.procarton.com\/wp-content\/uploads\/2023\/10\/birdhouse-300x253.jpg\" alt='' title='Di\u00e1logo de envasado'  itemprop=\"thumbnailUrl\" srcset=\"https:\/\/www.procarton.com\/wp-content\/uploads\/2023\/10\/birdhouse-300x253.jpg 300w, https:\/\/www.procarton.com\/wp-content\/uploads\/2023\/10\/birdhouse-1030x869.jpg 1030w, https:\/\/www.procarton.com\/wp-content\/uploads\/2023\/10\/birdhouse-768x648.jpg 768w, https:\/\/www.procarton.com\/wp-content\/uploads\/2023\/10\/birdhouse-1536x1296.jpg 1536w, https:\/\/www.procarton.com\/wp-content\/uploads\/2023\/10\/birdhouse-2048x1728.jpg 2048w, https:\/\/www.procarton.com\/wp-content\/uploads\/2023\/10\/birdhouse-14x12.jpg 14w, https:\/\/www.procarton.com\/wp-content\/uploads\/2023\/10\/birdhouse-1500x1266.jpg 1500w, https:\/\/www.procarton.com\/wp-content\/uploads\/2023\/10\/birdhouse-705x595.jpg 705w\" sizes=\"(max-width: 300px) 100vw, 300px\" \/><\/div>\n<\/div>\n<\/div>\n<section class=\"av_textblock_section\"  itemscope=\"itemscope\" itemtype=\"https:\/\/schema.org\/BlogPosting\" itemprop=\"blogPost\" >\n<div class='avia_textblock'   itemprop=\"text\" >\n<p>Horst Bittermann (Pro Carton), Markus Purker (B\u00f6sm\u00fcller Print Management), Margaretha Jurik (CASH Handelsmagazin), Helmut Urbanec (B\u00f6sm\u00fcller Print Management), Florian Fuchs (PROPAK Austria Faltschachtelindustrie, MM Packaging)<\/p>\n<\/div>\n<\/section>\n<\/div>\n<div   class='hr hr-default   avia-builder-el-13  el_after_av_one_fourth  el_before_av_one_half'><span class='hr-inner' ><span class='hr-inner-style'><\/span><\/span><\/div>\n<div class=\"av-animated-generic top-to-bottom flex_column av_one_half  flex_column_div av-zero-column-padding first  avia-builder-el-14  el_after_av_hr  el_before_av_one_fourth\" style='border-radius:0px; '>\n<section class=\"av_textblock_section\"  itemscope=\"itemscope\" itemtype=\"https:\/\/schema.org\/BlogPosting\" itemprop=\"blogPost\" >\n<div class='avia_textblock'   itemprop=\"text\" >\n<h4><strong>Publikumspreise:<\/strong><\/h4>\n<p>En este a\u00f1o se han adjudicado dos premios, a pesar de que ambos est\u00e1n muy alejados unos de otros y de que su participaci\u00f3n ha sido muy elevada; las \u00faltimas votaciones han sido muy emocionantes.<\/p>\n<p><strong>Tazas Espresso Recyclay<\/strong><br \/>\n<em>Fabricante de cajas plegables:\u00a0<a href=\"https:\/\/www.mm-packaging.com\/\" target=\"_blank\" rel=\"noopener\">Embalaje MM<\/a>\u00a0(Planta: MM Neupack)<br \/>\nPropietario de la marca:\u00a0<a href=\"https:\/\/www.nespresso.com\/at\/\" target=\"_blank\" rel=\"noopener\">Nespresso<\/a><br \/>\nDise\u00f1ador de estructuras:\u00a0<a href=\"https:\/\/www.mm-packaging.com\/\" target=\"_blank\" rel=\"noopener\">Embalaje MM<\/a><br \/>\nFabricante de cart\u00f3n:\u00a0<a href=\"https:\/\/www.mm-boardpaper.com\/\" target=\"_blank\" rel=\"noopener\">MM Board &amp; Paper<\/a><\/em><\/p>\n<\/div>\n<\/section>\n<section class=\"av_textblock_section\"  itemscope=\"itemscope\" itemtype=\"https:\/\/schema.org\/BlogPosting\" itemprop=\"blogPost\" >\n<div class='avia_textblock'   itemprop=\"text\" >\n<p>Si se combina el know-how con la calidad, se obtiene mucho m\u00e1s. Para las latas de Nespresso, MM ha utilizado Recyclay\u00ae (un material fabricado \u00edntegramente con madera de porcino reciclada, patentado y fabricado por Revol, un fabricante de madera de porcino de Francia) para crear un envase con un dise\u00f1o sostenible. El material de empaquetado, que no es transparente, ha sido estampado en color beige claro y muestra los beneficios que aporta, no s\u00f3lo para el cliente, sino tambi\u00e9n para el vendedor. El manguito farbenfrohe muestra Flechtmuster simbabwischer Binga-K\u00f6rbe y es el Werk des zeitgen\u00f6ssischen K\u00fcnstlers Kombo Chapfika. Este nuevo dise\u00f1o interpretativo se adapta tambi\u00e9n a las tazas de espresso y pretende crear un ambiente estimulante entre el producto y el embalaje.<\/p>\n<\/div>\n<\/section>\n<\/div>\n<div class=\"av-animated-generic top-to-bottom flex_column av_one_fourth  flex_column_div av-zero-column-padding   avia-builder-el-17  el_after_av_one_half  el_before_av_one_fourth\" style='border-radius:0px; '>\n<div  class='avia-image-container  av-styling-    avia-builder-el-18  el_before_av_textblock  avia-builder-el-first  avia-align-center'  itemprop=\"image\" itemscope=\"itemscope\" itemtype=\"https:\/\/schema.org\/ImageObject\"  >\n<div class='avia-image-container-inner'>\n<div class='avia-image-overlay-wrap'><img decoding=\"async\" width=\"300\" height=\"226\" class='wp-image-292532 avia-img-lazy-loading-not-292532 avia_image' src=\"https:\/\/www.procarton.com\/wp-content\/uploads\/2023\/10\/recyclay_img-scaled-1-300x226.jpg\" alt='' title='recyclay_img-escala'  itemprop=\"thumbnailUrl\" srcset=\"https:\/\/www.procarton.com\/wp-content\/uploads\/2023\/10\/recyclay_img-scaled-1-300x226.jpg 300w, https:\/\/www.procarton.com\/wp-content\/uploads\/2023\/10\/recyclay_img-scaled-1-1030x776.jpg 1030w, https:\/\/www.procarton.com\/wp-content\/uploads\/2023\/10\/recyclay_img-scaled-1-768x578.jpg 768w, https:\/\/www.procarton.com\/wp-content\/uploads\/2023\/10\/recyclay_img-scaled-1-1536x1157.jpg 1536w, https:\/\/www.procarton.com\/wp-content\/uploads\/2023\/10\/recyclay_img-scaled-1-2048x1542.jpg 2048w, https:\/\/www.procarton.com\/wp-content\/uploads\/2023\/10\/recyclay_img-scaled-1-16x12.jpg 16w, https:\/\/www.procarton.com\/wp-content\/uploads\/2023\/10\/recyclay_img-scaled-1-1500x1130.jpg 1500w, https:\/\/www.procarton.com\/wp-content\/uploads\/2023\/10\/recyclay_img-scaled-1-705x531.jpg 705w\" sizes=\"(max-width: 300px) 100vw, 300px\" \/><\/div>\n<\/div>\n<\/div>\n<section class=\"av_textblock_section\"  itemscope=\"itemscope\" itemtype=\"https:\/\/schema.org\/BlogPosting\" itemprop=\"blogPost\" >\n<div class='avia_textblock'   itemprop=\"text\" >\n<p><strong>V\u00eddeo-Declaraci\u00f3n\u00a0<a href=\"http:\/\/www.youtube.com\/watch?v=zPu82S3vSa4\" target=\"_blank\" rel=\"noopener\">\"Reciclaje\"<\/a><\/strong><\/p>\n<\/div>\n<\/section>\n<\/div>\n<div class=\"av-animated-generic top-to-bottom flex_column av_one_fourth  flex_column_div av-zero-column-padding   avia-builder-el-20  el_after_av_one_fourth  el_before_av_hr\" style='border-radius:0px; '>\n<div  class='avia-image-container  av-styling-    avia-builder-el-21  el_before_av_textblock  avia-builder-el-first  avia-align-center'  itemprop=\"image\" itemscope=\"itemscope\" itemtype=\"https:\/\/schema.org\/ImageObject\"  >\n<div class='avia-image-container-inner'>\n<div class='avia-image-overlay-wrap'><img decoding=\"async\" width=\"300\" height=\"265\" class='wp-image-292531 avia-img-lazy-loading-not-292531 avia_image' src=\"https:\/\/www.procarton.com\/wp-content\/uploads\/2023\/10\/recyclay-300x265.jpg\" alt='' title='Di\u00e1logo de envasado'  itemprop=\"thumbnailUrl\" srcset=\"https:\/\/www.procarton.com\/wp-content\/uploads\/2023\/10\/recyclay-300x265.jpg 300w, https:\/\/www.procarton.com\/wp-content\/uploads\/2023\/10\/recyclay-1030x909.jpg 1030w, https:\/\/www.procarton.com\/wp-content\/uploads\/2023\/10\/recyclay-768x678.jpg 768w, https:\/\/www.procarton.com\/wp-content\/uploads\/2023\/10\/recyclay-1536x1356.jpg 1536w, https:\/\/www.procarton.com\/wp-content\/uploads\/2023\/10\/recyclay-2048x1808.jpg 2048w, https:\/\/www.procarton.com\/wp-content\/uploads\/2023\/10\/recyclay-14x12.jpg 14w, https:\/\/www.procarton.com\/wp-content\/uploads\/2023\/10\/recyclay-1500x1324.jpg 1500w, https:\/\/www.procarton.com\/wp-content\/uploads\/2023\/10\/recyclay-705x622.jpg 705w\" sizes=\"(max-width: 300px) 100vw, 300px\" \/><\/div>\n<\/div>\n<\/div>\n<section class=\"av_textblock_section\"  itemscope=\"itemscope\" itemtype=\"https:\/\/schema.org\/BlogPosting\" itemprop=\"blogPost\" >\n<div class='avia_textblock'   itemprop=\"text\" >\n<p>Horst Bittermann (Pro Carton), Roman Billiani (MM Packaging), Marijana Djuric (MM Neupack Austria), Michael Wadsak (MM Group), Florian Fuchs (PROPAK Austria Faltschachtelindustrie, MM Packaging), Margaretha Jurik (CASH Handelsmagazin)<\/p>\n<\/div>\n<\/section>\n<\/div>\n<div   class='hr hr-default   avia-builder-el-23  el_after_av_one_fourth  el_before_av_one_half'><span class='hr-inner' ><span class='hr-inner-style'><\/span><\/span><\/div>\n<div class=\"av-animated-generic top-to-bottom flex_column av_one_half  flex_column_div av-zero-column-padding first  avia-builder-el-24  el_after_av_hr  el_before_av_one_fourth\" style='border-radius:0px; '>\n<section class=\"av_textblock_section\"  itemscope=\"itemscope\" itemtype=\"https:\/\/schema.org\/BlogPosting\" itemprop=\"blogPost\" >\n<div class='avia_textblock'   itemprop=\"text\" >\n<h4><strong>Pol\u00edgono-Faltschachteln \"Lederhaas\"<\/strong><\/h4>\n<p><em>Fabricante de cajas plegables: <a href=\"https:\/\/boesmueller.at\/\" target=\"_blank\" rel=\"noopener\">B\u00f6sm\u00fcller Gesti\u00f3n de impresi\u00f3n<\/a>Productor:\u00a0<a href=\"https:\/\/www.nullacht16.at\/\" target=\"_blank\" rel=\"noopener\">nullacht16<\/a><br \/>\nPropietario de la marca:\u00a0<a href=\"https:\/\/www.lederhaas-cosmetics.com\/\" target=\"_blank\" rel=\"noopener\">Cosm\u00e9ticos Lederhaas<\/a><br \/>\nDise\u00f1ador de estructuras:\u00a0<a href=\"https:\/\/boesmueller.at\/\" target=\"_blank\" rel=\"noopener\">B\u00f6sm\u00fcller Gesti\u00f3n de impresi\u00f3n<\/a><br \/>\nDise\u00f1adora gr\u00e1fica: Alexandra Pecher, Wolfgang Lederhaas, Roland H\u00f6rmann\/phospho; Fotograf\u00eda y v\u00eddeo: Mark Glassner<br \/>\nFabricante de cart\u00f3n:\u00a0<a href=\"https:\/\/www.storaenso.com\/en\" target=\"_blank\" rel=\"noopener\">Stora Enso<\/a><br \/>\nDirecci\u00f3n art\u00edstica: Alexandra Pecher, Wolfgang Lederhaas<\/em><\/p>\n<\/div>\n<\/section>\n<section class=\"av_textblock_section\"  itemscope=\"itemscope\" itemtype=\"https:\/\/schema.org\/BlogPosting\" itemprop=\"blogPost\" >\n<div class='avia_textblock'   itemprop=\"text\" >\n<p>Lederhaas Cosmetics dise\u00f1a sus productos a partir de ingredientes naturales aut\u00f3ctonos (plantas, minerales, tierra) y sus formas naturales, a menudo geom\u00e9tricas. Adem\u00e1s de las series anteriores, se ha ampliado el espectro de la cosmetolog\u00eda del bienestar. La Honey Bee Edition ofrece la capacidad regenerativa de los productos cosm\u00e9ticos con antioxidantes naturales, l\u00edpidos bioactivos y efectos naturales de alta tecnolog\u00eda. Tanto el envasado como el dise\u00f1o del envase realzan la geometr\u00eda de los envases. En la misma estructura por niveles de los envases se han introducido y variado las distintas secciones. Predominan las flores naturales y los elementos decorativos de madera confieren a la forma, casi escult\u00f3rica, elegancia y delicadeza.<\/p>\n<\/div>\n<\/section>\n<\/div>\n<div class=\"av-animated-generic top-to-bottom flex_column av_one_fourth  flex_column_div av-zero-column-padding   avia-builder-el-27  el_after_av_one_half  el_before_av_one_fourth\" style='border-radius:0px; '>\n<div  class='avia-image-container  av-styling-    avia-builder-el-28  el_before_av_textblock  avia-builder-el-first  avia-align-center'  itemprop=\"image\" itemscope=\"itemscope\" itemtype=\"https:\/\/schema.org\/ImageObject\"  >\n<div class='avia-image-container-inner'>\n<div class='avia-image-overlay-wrap'><img decoding=\"async\" width=\"300\" height=\"300\" class='wp-image-292534 avia-img-lazy-loading-not-292534 avia_image' src=\"https:\/\/www.procarton.com\/wp-content\/uploads\/2023\/10\/Lederhaas-img-scaled-1-300x300.jpg\" alt='' title='Lederhaas-img-scaled'  itemprop=\"thumbnailUrl\" srcset=\"https:\/\/www.procarton.com\/wp-content\/uploads\/2023\/10\/Lederhaas-img-scaled-1-300x300.jpg 300w, https:\/\/www.procarton.com\/wp-content\/uploads\/2023\/10\/Lederhaas-img-scaled-1-1030x1030.jpg 1030w, https:\/\/www.procarton.com\/wp-content\/uploads\/2023\/10\/Lederhaas-img-scaled-1-80x80.jpg 80w, https:\/\/www.procarton.com\/wp-content\/uploads\/2023\/10\/Lederhaas-img-scaled-1-768x768.jpg 768w, https:\/\/www.procarton.com\/wp-content\/uploads\/2023\/10\/Lederhaas-img-scaled-1-1536x1536.jpg 1536w, https:\/\/www.procarton.com\/wp-content\/uploads\/2023\/10\/Lederhaas-img-scaled-1-2048x2048.jpg 2048w, https:\/\/www.procarton.com\/wp-content\/uploads\/2023\/10\/Lederhaas-img-scaled-1-12x12.jpg 12w, https:\/\/www.procarton.com\/wp-content\/uploads\/2023\/10\/Lederhaas-img-scaled-1-36x36.jpg 36w, https:\/\/www.procarton.com\/wp-content\/uploads\/2023\/10\/Lederhaas-img-scaled-1-180x180.jpg 180w, https:\/\/www.procarton.com\/wp-content\/uploads\/2023\/10\/Lederhaas-img-scaled-1-1500x1500.jpg 1500w, https:\/\/www.procarton.com\/wp-content\/uploads\/2023\/10\/Lederhaas-img-scaled-1-705x705.jpg 705w\" sizes=\"(max-width: 300px) 100vw, 300px\" \/><\/div>\n<\/div>\n<\/div>\n<section class=\"av_textblock_section\"  itemscope=\"itemscope\" itemtype=\"https:\/\/schema.org\/BlogPosting\" itemprop=\"blogPost\" >\n<div class='avia_textblock'   itemprop=\"text\" >\n<p><strong>V\u00eddeo-Declaraci\u00f3n\u00a0<a href=\"http:\/\/www.youtube.com\/watch?v=jYPgLiWnW9A\" target=\"_blank\" rel=\"noopener\">\"Lederhaas\"<\/a><\/strong><\/p>\n<\/div>\n<\/section>\n<\/div>\n<div class=\"av-animated-generic top-to-bottom flex_column av_one_fourth  flex_column_div av-zero-column-padding   avia-builder-el-30  el_after_av_one_fourth  el_before_av_hr\" style='border-radius:0px; '>\n<div  class='avia-image-container  av-styling-    avia-builder-el-31  el_before_av_textblock  avia-builder-el-first  avia-align-center'  itemprop=\"image\" itemscope=\"itemscope\" itemtype=\"https:\/\/schema.org\/ImageObject\"  >\n<div class='avia-image-container-inner'>\n<div class='avia-image-overlay-wrap'><img decoding=\"async\" width=\"300\" height=\"240\" class='wp-image-292533 avia-img-lazy-loading-not-292533 avia_image' src=\"https:\/\/www.procarton.com\/wp-content\/uploads\/2023\/10\/lederhaas-scaled-1-300x240.jpg\" alt='' title='Di\u00e1logo de envasado'  itemprop=\"thumbnailUrl\" srcset=\"https:\/\/www.procarton.com\/wp-content\/uploads\/2023\/10\/lederhaas-scaled-1-300x240.jpg 300w, https:\/\/www.procarton.com\/wp-content\/uploads\/2023\/10\/lederhaas-scaled-1-1030x824.jpg 1030w, https:\/\/www.procarton.com\/wp-content\/uploads\/2023\/10\/lederhaas-scaled-1-768x614.jpg 768w, https:\/\/www.procarton.com\/wp-content\/uploads\/2023\/10\/lederhaas-scaled-1-1536x1229.jpg 1536w, https:\/\/www.procarton.com\/wp-content\/uploads\/2023\/10\/lederhaas-scaled-1-2048x1638.jpg 2048w, https:\/\/www.procarton.com\/wp-content\/uploads\/2023\/10\/lederhaas-scaled-1-15x12.jpg 15w, https:\/\/www.procarton.com\/wp-content\/uploads\/2023\/10\/lederhaas-scaled-1-1500x1200.jpg 1500w, https:\/\/www.procarton.com\/wp-content\/uploads\/2023\/10\/lederhaas-scaled-1-705x564.jpg 705w\" sizes=\"(max-width: 300px) 100vw, 300px\" \/><\/div>\n<\/div>\n<\/div>\n<section class=\"av_textblock_section\"  itemscope=\"itemscope\" itemtype=\"https:\/\/schema.org\/BlogPosting\" itemprop=\"blogPost\" >\n<div class='avia_textblock'   itemprop=\"text\" >\n<p>Horst Bittermann (Pro Carton), Wolfgang Lederhaas (Lederhaas Cosmetics), Walter Chadim (B\u00f6sm\u00fcller Print Management), Margaretha Jurik (CASH Handelsmagazin), Markus Purker (B\u00f6sm\u00fcller Print Management), Florian Fuchs (PROPAK Austria Faltschachtelindustrie, MM Packaging)<\/p>\n<\/div>\n<\/section>\n<\/div>\n<div   class='hr hr-default   avia-builder-el-33  el_after_av_one_fourth  el_before_av_one_half'><span class='hr-inner' ><span class='hr-inner-style'><\/span><\/span><\/div>\n<div class=\"av-animated-generic top-to-bottom flex_column av_one_half  flex_column_div av-zero-column-padding first  avia-builder-el-34  el_after_av_hr  el_before_av_one_half\" style='border-radius:0px; '>\n<div  class='avia-image-container  av-styling-    avia-builder-el-35  avia-builder-el-no-sibling  avia-align-center'  itemprop=\"image\" itemscope=\"itemscope\" itemtype=\"https:\/\/schema.org\/ImageObject\"  >\n<div class='avia-image-container-inner'>\n<div class='avia-image-overlay-wrap'><img decoding=\"async\" width=\"1030\" height=\"777\" class='wp-image-292535 avia-img-lazy-loading-not-292535 avia_image' src=\"https:\/\/www.procarton.com\/wp-content\/uploads\/2023\/10\/carton-austria-award-scaled-1-1030x777.jpg\" alt='' title='Di\u00e1logo de envasado'  itemprop=\"thumbnailUrl\" srcset=\"https:\/\/www.procarton.com\/wp-content\/uploads\/2023\/10\/carton-austria-award-scaled-1-1030x777.jpg 1030w, https:\/\/www.procarton.com\/wp-content\/uploads\/2023\/10\/carton-austria-award-scaled-1-300x226.jpg 300w, https:\/\/www.procarton.com\/wp-content\/uploads\/2023\/10\/carton-austria-award-scaled-1-768x579.jpg 768w, https:\/\/www.procarton.com\/wp-content\/uploads\/2023\/10\/carton-austria-award-scaled-1-1536x1158.jpg 1536w, https:\/\/www.procarton.com\/wp-content\/uploads\/2023\/10\/carton-austria-award-scaled-1-2048x1544.jpg 2048w, https:\/\/www.procarton.com\/wp-content\/uploads\/2023\/10\/carton-austria-award-scaled-1-16x12.jpg 16w, https:\/\/www.procarton.com\/wp-content\/uploads\/2023\/10\/carton-austria-award-scaled-1-1500x1131.jpg 1500w, https:\/\/www.procarton.com\/wp-content\/uploads\/2023\/10\/carton-austria-award-scaled-1-705x532.jpg 705w\" sizes=\"(max-width: 1030px) 100vw, 1030px\" \/><\/div>\n<\/div>\n<\/div>\n<\/div>\n<div class=\"av-animated-generic top-to-bottom flex_column av_one_half  flex_column_div av-zero-column-padding   avia-builder-el-36  el_after_av_one_half  avia-builder-el-last\" style='border-radius:0px; '>\n<section class=\"av_textblock_section\"  itemscope=\"itemscope\" itemtype=\"https:\/\/schema.org\/BlogPosting\" itemprop=\"blogPost\" >\n<div class='avia_textblock'   itemprop=\"text\" >\n<p>Horst Bittermann (Pro Carton), Marijana Djuric (MM Neupack Austria), Michael Wadsak (MM Group), Helmut Urbanec (B\u00f6sm\u00fcller Print Management), Roman Billiani (MM Packaging), Markus Purker (B\u00f6sm\u00fcller Print Management), Walter Chadim (B\u00f6sm\u00fcller Print Management), Wolfgang Lederhaas (Lederhaas Cosmetics), Florian Fuchs (PROPAK Austria Faltschachtelindustrie, MM Packaging), Margaretha Jurik (CASH Handelsmagazin).<\/p>\n<\/div>\n<\/section>\n<div   class='hr hr-default   avia-builder-el-38  el_after_av_textblock  el_before_av_textblock'><span class='hr-inner' ><span class='hr-inner-style'><\/span><\/span><\/div>\n<section class=\"av_textblock_section\"  itemscope=\"itemscope\" itemtype=\"https:\/\/schema.org\/BlogPosting\" itemprop=\"blogPost\" >\n<div class='avia_textblock'   itemprop=\"text\" >\n<p><strong><em>Reserve la fecha: El pr\u00f3ximo Di\u00e1logo sobre Embalajes tendr\u00e1 lugar el 8 de octubre de 2024. Oktober 2024 statt, wieder um 17:00 Uhr in der Marx Restauration.<\/em><\/strong><\/p>\n<p>M\u00e1s informaci\u00f3n:<br \/>\n<a href=\"mailto:mcewen@mcewen.at?subject=Packaging%20Dialog%202023\" target=\"_blank\" rel=\"noopener\"><em>Suzanne E. McEwen<\/em><\/a><\/p>\n<p><a href=\"https:\/\/www.cash.at\/\" target=\"_blank\" rel=\"noopener\">www.cash.at<\/a><br \/>\n<a href=\"https:\/\/www.propak.at\/\" target=\"_blank\" rel=\"noopener\">www.propak.at<\/a><\/p>\n<\/div>\n<\/section>\n<\/div>","protected":false},"excerpt":{"rendered":"<p>Los materiales naturales y el dise\u00f1o refinado caracterizan esta vez a la Preistr\u00e4ger des 6. Carton Austria Award. Carton Austria Award.<\/p>","protected":false},"author":1286,"featured_media":289150,"comment_status":"closed","ping_status":"open","sticky":false,"template":"","format":"standard","meta":{"inline_featured_image":false,"footnotes":""},"categories":[77],"tags":[],"class_list":["post-292528","post","type-post","status-publish","format-standard","has-post-thumbnail","hentry","category-national-activities"],"yoast_head":"<!-- This site is optimized with the Yoast SEO plugin v27.4 - https:\/\/yoast.com\/product\/yoast-seo-wordpress\/ -->\n<title>Die Preistr\u00e4ger des Carton Austria Awards: Karton, nat\u00fcrlich! - Pro Carton<\/title>\n<meta name=\"description\" content=\"Nat\u00fcrliche Materialien und hinrei\u00dfendes Design kennzeichnen diesmal die Preistr\u00e4ger des 6. Carton Austria Award.\" \/>\n<meta name=\"robots\" content=\"index, follow, max-snippet:-1, max-image-preview:large, max-video-preview:-1\" \/>\n<link rel=\"canonical\" href=\"https:\/\/www.procarton.com\/es\/die-preistrager-des-carton-austria-awards-karton-naturlich\/\" \/>\n<meta property=\"og:locale\" content=\"es_ES\" \/>\n<meta property=\"og:type\" content=\"article\" \/>\n<meta property=\"og:title\" content=\"Die Preistr\u00e4ger des Carton Austria Awards: Karton, nat\u00fcrlich! - Pro Carton\" \/>\n<meta property=\"og:description\" content=\"Nat\u00fcrliche Materialien und hinrei\u00dfendes Design kennzeichnen diesmal die Preistr\u00e4ger des 6. Carton Austria Award.\" \/>\n<meta property=\"og:url\" content=\"https:\/\/www.procarton.com\/es\/die-preistrager-des-carton-austria-awards-karton-naturlich\/\" \/>\n<meta property=\"og:site_name\" content=\"Pro Carton\" \/>\n<meta property=\"article:publisher\" content=\"https:\/\/www.facebook.com\/procartondesignaward\/\" \/>\n<meta property=\"article:published_time\" content=\"2023-10-04T18:45:59+00:00\" \/>\n<meta property=\"article:modified_time\" content=\"2023-10-18T18:47:06+00:00\" \/>\n<meta property=\"og:image\" content=\"https:\/\/www.procarton.com\/wp-content\/uploads\/2023\/06\/Carton-Austria-Award-Logo_2023_neu.jpg\" \/>\n\t<meta property=\"og:image:width\" content=\"1188\" \/>\n\t<meta property=\"og:image:height\" content=\"661\" \/>\n\t<meta property=\"og:image:type\" content=\"image\/jpeg\" \/>\n<meta name=\"author\" content=\"ryan@procarton.com\" \/>\n<meta name=\"twitter:card\" content=\"summary_large_image\" \/>\n<meta name=\"twitter:creator\" content=\"@pro_carton\" \/>\n<meta name=\"twitter:site\" content=\"@pro_carton\" \/>\n<meta name=\"twitter:label1\" content=\"Escrito por\" \/>\n\t<meta name=\"twitter:data1\" content=\"ryan@procarton.com\" \/>\n\t<meta name=\"twitter:label2\" content=\"Tiempo de lectura\" \/>\n\t<meta name=\"twitter:data2\" content=\"9 minutos\" \/>\n<script type=\"application\/ld+json\" class=\"yoast-schema-graph\">{\"@context\":\"https:\\\/\\\/schema.org\",\"@graph\":[{\"@type\":\"Article\",\"@id\":\"https:\\\/\\\/www.procarton.com\\\/die-preistrager-des-carton-austria-awards-karton-naturlich\\\/#article\",\"isPartOf\":{\"@id\":\"https:\\\/\\\/www.procarton.com\\\/die-preistrager-des-carton-austria-awards-karton-naturlich\\\/\"},\"author\":{\"name\":\"ryan@procarton.com\",\"@id\":\"https:\\\/\\\/www.procarton.com\\\/es\\\/#\\\/schema\\\/person\\\/8f52811f36555e3fbe8aa433fda4f5b5\"},\"headline\":\"Die Preistr\u00e4ger des Carton Austria Awards: Karton, nat\u00fcrlich!\",\"datePublished\":\"2023-10-04T18:45:59+00:00\",\"dateModified\":\"2023-10-18T18:47:06+00:00\",\"mainEntityOfPage\":{\"@id\":\"https:\\\/\\\/www.procarton.com\\\/die-preistrager-des-carton-austria-awards-karton-naturlich\\\/\"},\"wordCount\":4096,\"publisher\":{\"@id\":\"https:\\\/\\\/www.procarton.com\\\/es\\\/#organization\"},\"image\":{\"@id\":\"https:\\\/\\\/www.procarton.com\\\/die-preistrager-des-carton-austria-awards-karton-naturlich\\\/#primaryimage\"},\"thumbnailUrl\":\"https:\\\/\\\/www.procarton.com\\\/wp-content\\\/uploads\\\/2023\\\/06\\\/Carton-Austria-Award-Logo_2023_neu.jpg\",\"articleSection\":[\"National Activities\"],\"inLanguage\":\"es\"},{\"@type\":\"WebPage\",\"@id\":\"https:\\\/\\\/www.procarton.com\\\/die-preistrager-des-carton-austria-awards-karton-naturlich\\\/\",\"url\":\"https:\\\/\\\/www.procarton.com\\\/die-preistrager-des-carton-austria-awards-karton-naturlich\\\/\",\"name\":\"Die Preistr\u00e4ger des Carton Austria Awards: Karton, nat\u00fcrlich! - Pro Carton\",\"isPartOf\":{\"@id\":\"https:\\\/\\\/www.procarton.com\\\/es\\\/#website\"},\"primaryImageOfPage\":{\"@id\":\"https:\\\/\\\/www.procarton.com\\\/die-preistrager-des-carton-austria-awards-karton-naturlich\\\/#primaryimage\"},\"image\":{\"@id\":\"https:\\\/\\\/www.procarton.com\\\/die-preistrager-des-carton-austria-awards-karton-naturlich\\\/#primaryimage\"},\"thumbnailUrl\":\"https:\\\/\\\/www.procarton.com\\\/wp-content\\\/uploads\\\/2023\\\/06\\\/Carton-Austria-Award-Logo_2023_neu.jpg\",\"datePublished\":\"2023-10-04T18:45:59+00:00\",\"dateModified\":\"2023-10-18T18:47:06+00:00\",\"description\":\"Nat\u00fcrliche Materialien und hinrei\u00dfendes Design kennzeichnen diesmal die Preistr\u00e4ger des 6. Carton Austria Award.\",\"breadcrumb\":{\"@id\":\"https:\\\/\\\/www.procarton.com\\\/die-preistrager-des-carton-austria-awards-karton-naturlich\\\/#breadcrumb\"},\"inLanguage\":\"es\",\"potentialAction\":[{\"@type\":\"ReadAction\",\"target\":[\"https:\\\/\\\/www.procarton.com\\\/die-preistrager-des-carton-austria-awards-karton-naturlich\\\/\"]}]},{\"@type\":\"ImageObject\",\"inLanguage\":\"es\",\"@id\":\"https:\\\/\\\/www.procarton.com\\\/die-preistrager-des-carton-austria-awards-karton-naturlich\\\/#primaryimage\",\"url\":\"https:\\\/\\\/www.procarton.com\\\/wp-content\\\/uploads\\\/2023\\\/06\\\/Carton-Austria-Award-Logo_2023_neu.jpg\",\"contentUrl\":\"https:\\\/\\\/www.procarton.com\\\/wp-content\\\/uploads\\\/2023\\\/06\\\/Carton-Austria-Award-Logo_2023_neu.jpg\",\"width\":1188,\"height\":661},{\"@type\":\"BreadcrumbList\",\"@id\":\"https:\\\/\\\/www.procarton.com\\\/die-preistrager-des-carton-austria-awards-karton-naturlich\\\/#breadcrumb\",\"itemListElement\":[{\"@type\":\"ListItem\",\"position\":1,\"name\":\"Home\",\"item\":\"https:\\\/\\\/www.procarton.com\\\/\"},{\"@type\":\"ListItem\",\"position\":2,\"name\":\"Die Preistr\u00e4ger des Carton Austria Awards: Karton, nat\u00fcrlich!\"}]},{\"@type\":\"WebSite\",\"@id\":\"https:\\\/\\\/www.procarton.com\\\/es\\\/#website\",\"url\":\"https:\\\/\\\/www.procarton.com\\\/es\\\/\",\"name\":\"Pro Carton\",\"description\":\"\",\"publisher\":{\"@id\":\"https:\\\/\\\/www.procarton.com\\\/es\\\/#organization\"},\"potentialAction\":[{\"@type\":\"SearchAction\",\"target\":{\"@type\":\"EntryPoint\",\"urlTemplate\":\"https:\\\/\\\/www.procarton.com\\\/es\\\/?s={search_term_string}\"},\"query-input\":{\"@type\":\"PropertyValueSpecification\",\"valueRequired\":true,\"valueName\":\"search_term_string\"}}],\"inLanguage\":\"es\"},{\"@type\":\"Organization\",\"@id\":\"https:\\\/\\\/www.procarton.com\\\/es\\\/#organization\",\"name\":\"ProCarton\",\"url\":\"https:\\\/\\\/www.procarton.com\\\/es\\\/\",\"logo\":{\"@type\":\"ImageObject\",\"inLanguage\":\"es\",\"@id\":\"https:\\\/\\\/www.procarton.com\\\/es\\\/#\\\/schema\\\/logo\\\/image\\\/\",\"url\":\"https:\\\/\\\/www.procarton.com\\\/wp-content\\\/uploads\\\/2022\\\/06\\\/logo-mit-slogan.jpg\",\"contentUrl\":\"https:\\\/\\\/www.procarton.com\\\/wp-content\\\/uploads\\\/2022\\\/06\\\/logo-mit-slogan.jpg\",\"width\":422,\"height\":519,\"caption\":\"ProCarton\"},\"image\":{\"@id\":\"https:\\\/\\\/www.procarton.com\\\/es\\\/#\\\/schema\\\/logo\\\/image\\\/\"},\"sameAs\":[\"https:\\\/\\\/www.facebook.com\\\/procartondesignaward\\\/\",\"https:\\\/\\\/x.com\\\/pro_carton\"]},{\"@type\":\"Person\",\"@id\":\"https:\\\/\\\/www.procarton.com\\\/es\\\/#\\\/schema\\\/person\\\/8f52811f36555e3fbe8aa433fda4f5b5\",\"name\":\"ryan@procarton.com\",\"url\":\"https:\\\/\\\/www.procarton.com\\\/es\\\/author\\\/pro-carton-3\\\/\"}]}<\/script>\n<!-- \/ Yoast SEO plugin. -->","yoast_head_json":{"title":"Die Preistr\u00e4ger des Carton Austria Awards: \u00a1Cart\u00f3n, naturalmente! - Pro Carton","description":"Los materiales naturales y el dise\u00f1o refinado caracterizan esta vez a la Preistr\u00e4ger des 6. Carton Austria Award. Carton Austria Award.","robots":{"index":"index","follow":"follow","max-snippet":"max-snippet:-1","max-image-preview":"max-image-preview:large","max-video-preview":"max-video-preview:-1"},"canonical":"https:\/\/www.procarton.com\/es\/die-preistrager-des-carton-austria-awards-karton-naturlich\/","og_locale":"es_ES","og_type":"article","og_title":"Die Preistr\u00e4ger des Carton Austria Awards: Karton, nat\u00fcrlich! - Pro Carton","og_description":"Nat\u00fcrliche Materialien und hinrei\u00dfendes Design kennzeichnen diesmal die Preistr\u00e4ger des 6. Carton Austria Award.","og_url":"https:\/\/www.procarton.com\/es\/die-preistrager-des-carton-austria-awards-karton-naturlich\/","og_site_name":"Pro Carton","article_publisher":"https:\/\/www.facebook.com\/procartondesignaward\/","article_published_time":"2023-10-04T18:45:59+00:00","article_modified_time":"2023-10-18T18:47:06+00:00","og_image":[{"width":1188,"height":661,"url":"https:\/\/www.procarton.com\/wp-content\/uploads\/2023\/06\/Carton-Austria-Award-Logo_2023_neu.jpg","type":"image\/jpeg"}],"author":"ryan@procarton.com","twitter_card":"summary_large_image","twitter_creator":"@pro_carton","twitter_site":"@pro_carton","twitter_misc":{"Escrito por":"ryan@procarton.com","Tiempo de lectura":"9 minutos"},"schema":{"@context":"https:\/\/schema.org","@graph":[{"@type":"Article","@id":"https:\/\/www.procarton.com\/die-preistrager-des-carton-austria-awards-karton-naturlich\/#article","isPartOf":{"@id":"https:\/\/www.procarton.com\/die-preistrager-des-carton-austria-awards-karton-naturlich\/"},"author":{"name":"ryan@procarton.com","@id":"https:\/\/www.procarton.com\/es\/#\/schema\/person\/8f52811f36555e3fbe8aa433fda4f5b5"},"headline":"Die Preistr\u00e4ger des Carton Austria Awards: Karton, nat\u00fcrlich!","datePublished":"2023-10-04T18:45:59+00:00","dateModified":"2023-10-18T18:47:06+00:00","mainEntityOfPage":{"@id":"https:\/\/www.procarton.com\/die-preistrager-des-carton-austria-awards-karton-naturlich\/"},"wordCount":4096,"publisher":{"@id":"https:\/\/www.procarton.com\/es\/#organization"},"image":{"@id":"https:\/\/www.procarton.com\/die-preistrager-des-carton-austria-awards-karton-naturlich\/#primaryimage"},"thumbnailUrl":"https:\/\/www.procarton.com\/wp-content\/uploads\/2023\/06\/Carton-Austria-Award-Logo_2023_neu.jpg","articleSection":["National Activities"],"inLanguage":"es"},{"@type":"WebPage","@id":"https:\/\/www.procarton.com\/die-preistrager-des-carton-austria-awards-karton-naturlich\/","url":"https:\/\/www.procarton.com\/die-preistrager-des-carton-austria-awards-karton-naturlich\/","name":"Die Preistr\u00e4ger des Carton Austria Awards: \u00a1Cart\u00f3n, naturalmente! - Pro Carton","isPartOf":{"@id":"https:\/\/www.procarton.com\/es\/#website"},"primaryImageOfPage":{"@id":"https:\/\/www.procarton.com\/die-preistrager-des-carton-austria-awards-karton-naturlich\/#primaryimage"},"image":{"@id":"https:\/\/www.procarton.com\/die-preistrager-des-carton-austria-awards-karton-naturlich\/#primaryimage"},"thumbnailUrl":"https:\/\/www.procarton.com\/wp-content\/uploads\/2023\/06\/Carton-Austria-Award-Logo_2023_neu.jpg","datePublished":"2023-10-04T18:45:59+00:00","dateModified":"2023-10-18T18:47:06+00:00","description":"Los materiales naturales y el dise\u00f1o refinado caracterizan esta vez a la Preistr\u00e4ger des 6. Carton Austria Award. Carton Austria Award.","breadcrumb":{"@id":"https:\/\/www.procarton.com\/die-preistrager-des-carton-austria-awards-karton-naturlich\/#breadcrumb"},"inLanguage":"es","potentialAction":[{"@type":"ReadAction","target":["https:\/\/www.procarton.com\/die-preistrager-des-carton-austria-awards-karton-naturlich\/"]}]},{"@type":"ImageObject","inLanguage":"es","@id":"https:\/\/www.procarton.com\/die-preistrager-des-carton-austria-awards-karton-naturlich\/#primaryimage","url":"https:\/\/www.procarton.com\/wp-content\/uploads\/2023\/06\/Carton-Austria-Award-Logo_2023_neu.jpg","contentUrl":"https:\/\/www.procarton.com\/wp-content\/uploads\/2023\/06\/Carton-Austria-Award-Logo_2023_neu.jpg","width":1188,"height":661},{"@type":"BreadcrumbList","@id":"https:\/\/www.procarton.com\/die-preistrager-des-carton-austria-awards-karton-naturlich\/#breadcrumb","itemListElement":[{"@type":"ListItem","position":1,"name":"Home","item":"https:\/\/www.procarton.com\/"},{"@type":"ListItem","position":2,"name":"Die Preistr\u00e4ger des Carton Austria Awards: Karton, nat\u00fcrlich!"}]},{"@type":"WebSite","@id":"https:\/\/www.procarton.com\/es\/#website","url":"https:\/\/www.procarton.com\/es\/","name":"Pro Carton","description":"","publisher":{"@id":"https:\/\/www.procarton.com\/es\/#organization"},"potentialAction":[{"@type":"SearchAction","target":{"@type":"EntryPoint","urlTemplate":"https:\/\/www.procarton.com\/es\/?s={search_term_string}"},"query-input":{"@type":"PropertyValueSpecification","valueRequired":true,"valueName":"search_term_string"}}],"inLanguage":"es"},{"@type":"Organization","@id":"https:\/\/www.procarton.com\/es\/#organization","name":"ProCarton","url":"https:\/\/www.procarton.com\/es\/","logo":{"@type":"ImageObject","inLanguage":"es","@id":"https:\/\/www.procarton.com\/es\/#\/schema\/logo\/image\/","url":"https:\/\/www.procarton.com\/wp-content\/uploads\/2022\/06\/logo-mit-slogan.jpg","contentUrl":"https:\/\/www.procarton.com\/wp-content\/uploads\/2022\/06\/logo-mit-slogan.jpg","width":422,"height":519,"caption":"ProCarton"},"image":{"@id":"https:\/\/www.procarton.com\/es\/#\/schema\/logo\/image\/"},"sameAs":["https:\/\/www.facebook.com\/procartondesignaward\/","https:\/\/x.com\/pro_carton"]},{"@type":"Person","@id":"https:\/\/www.procarton.com\/es\/#\/schema\/person\/8f52811f36555e3fbe8aa433fda4f5b5","name":"ryan@procarton.com","url":"https:\/\/www.procarton.com\/es\/author\/pro-carton-3\/"}]}},"_links":{"self":[{"href":"https:\/\/www.procarton.com\/es\/wp-json\/wp\/v2\/posts\/292528","targetHints":{"allow":["GET"]}}],"collection":[{"href":"https:\/\/www.procarton.com\/es\/wp-json\/wp\/v2\/posts"}],"about":[{"href":"https:\/\/www.procarton.com\/es\/wp-json\/wp\/v2\/types\/post"}],"author":[{"embeddable":true,"href":"https:\/\/www.procarton.com\/es\/wp-json\/wp\/v2\/users\/1286"}],"replies":[{"embeddable":true,"href":"https:\/\/www.procarton.com\/es\/wp-json\/wp\/v2\/comments?post=292528"}],"version-history":[{"count":3,"href":"https:\/\/www.procarton.com\/es\/wp-json\/wp\/v2\/posts\/292528\/revisions"}],"predecessor-version":[{"id":293092,"href":"https:\/\/www.procarton.com\/es\/wp-json\/wp\/v2\/posts\/292528\/revisions\/293092"}],"wp:featuredmedia":[{"embeddable":true,"href":"https:\/\/www.procarton.com\/es\/wp-json\/wp\/v2\/media\/289150"}],"wp:attachment":[{"href":"https:\/\/www.procarton.com\/es\/wp-json\/wp\/v2\/media?parent=292528"}],"wp:term":[{"taxonomy":"category","embeddable":true,"href":"https:\/\/www.procarton.com\/es\/wp-json\/wp\/v2\/categories?post=292528"},{"taxonomy":"post_tag","embeddable":true,"href":"https:\/\/www.procarton.com\/es\/wp-json\/wp\/v2\/tags?post=292528"}],"curies":[{"name":"wp","href":"https:\/\/api.w.org\/{rel}","templated":true}]}}