{"id":288399,"date":"2023-05-10T17:46:08","date_gmt":"2023-05-10T16:46:08","guid":{"rendered":"https:\/\/www.procarton.com\/?p=288399"},"modified":"2023-07-05T13:20:59","modified_gmt":"2023-07-05T12:20:59","slug":"the-german-folding-box-association-ffi-celebrates-its-75th-anniversary","status":"publish","type":"post","link":"https:\/\/www.procarton.com\/es\/the-german-folding-box-association-ffi-celebrates-its-75th-anniversary\/","title":{"rendered":"La Asociaci\u00f3n Alemana de Cajas Plegables FFI celebra su 75 aniversario"},"content":{"rendered":"<div class=\"av-animated-generic top-to-bottom flex_column av_three_fourth  flex_column_div av-zero-column-padding first  avia-builder-el-0  el_before_av_one_fourth  avia-builder-el-first\" style='border-radius:0px; '>\n<section class=\"av_textblock_section\"  itemscope=\"itemscope\" itemtype=\"https:\/\/schema.org\/BlogPosting\" itemprop=\"blogPost\" >\n<div class='avia_textblock'   itemprop=\"text\" >\n<p class=\"null\" style=\"text-align: left;\">La Fachverband Faltschachtel Industrie e.V. (FFI) celebra este a\u00f1o su 75 aniversario.<\/p>\n<p class=\"null\" style=\"text-align: left;\">Desde su fundaci\u00f3n en 1948, la FFI ha desempe\u00f1ado un papel clave en el desarrollo de la industria del cart\u00f3n plegable en Alemania.  En la actualidad, representa los intereses de dos tercios de las empresas del sector, genera conocimientos t\u00e9cnicos para sus miembros, aumenta la competencia, se compromete a promover la innovaci\u00f3n y crea redes para el intercambio de experiencias profesionales.<\/p>\n<p class=\"null\" style=\"text-align: left;\">El 75 aniversario de la asociaci\u00f3n se celebrar\u00e1 en la Asamblea General Anual de la FFI, que tendr\u00e1 lugar los d\u00edas 11 y 12 de mayo de 2023 en el Wald &amp; Schlosshotel Friedrichruhe de Zweiflingen.<\/p>\n<\/div>\n<\/section>\n<\/div>\n<div class=\"av-animated-generic top-to-bottom flex_column av_one_fourth  flex_column_div av-zero-column-padding   avia-builder-el-2  el_after_av_three_fourth  avia-builder-el-last\" style='border-radius:0px; '>\n<div  class='avia-image-container  av-styling-    avia-builder-el-3  avia-builder-el-no-sibling  avia-align-center'  itemprop=\"image\" itemscope=\"itemscope\" itemtype=\"https:\/\/schema.org\/ImageObject\"  >\n<div class='avia-image-container-inner'>\n<div class='avia-image-overlay-wrap'><a href=\"https:\/\/ffi.de\/wordpress02\/wp-content\/uploads\/2023\/05\/FFI-PM-06-2023_Deutscher-Faltschachtelverband-FFI-feiert-75-jaehriges-Jubilaeum.pdf\" class='avia_image' target=\"_blank\" rel=\"noopener noreferrer\"><img decoding=\"async\" width=\"324\" height=\"250\" class='wp-image-269613 avia-img-lazy-loading-not-269613 avia_image' src=\"https:\/\/www.procarton.com\/wp-content\/uploads\/2021\/11\/FFI-reduced.jpg\" alt='' title='FFI-reducido'  itemprop=\"thumbnailUrl\" srcset=\"https:\/\/www.procarton.com\/wp-content\/uploads\/2021\/11\/FFI-reduced.jpg 324w, https:\/\/www.procarton.com\/wp-content\/uploads\/2021\/11\/FFI-reduced-300x231.jpg 300w, https:\/\/www.procarton.com\/wp-content\/uploads\/2021\/11\/FFI-reduced-16x12.jpg 16w\" sizes=\"(max-width: 324px) 100vw, 324px\" \/><\/a><\/div>\n<\/div>\n<\/div>\n<\/div>","protected":false},"excerpt":{"rendered":"<p>La Asociaci\u00f3n Alemana de Cajas Plegables FFI celebra su 75 aniversario.<\/p>","protected":false},"author":1286,"featured_media":275950,"comment_status":"closed","ping_status":"open","sticky":false,"template":"","format":"standard","meta":{"inline_featured_image":false,"footnotes":""},"categories":[79,52],"tags":[],"class_list":["post-288399","post","type-post","status-publish","format-standard","has-post-thumbnail","hentry","category-brands-markets","category-sustainability"],"yoast_head":"<!-- This site is optimized with the Yoast SEO plugin v27.5 - https:\/\/yoast.com\/product\/yoast-seo-wordpress\/ -->\n<title>The German Folding Box Association FFI celebrates its 75th anniversary - Pro Carton<\/title>\n<meta name=\"description\" content=\"The German Folding Box Association FFI celebrates its 75th anniversary.\" \/>\n<meta name=\"robots\" content=\"index, follow, max-snippet:-1, max-image-preview:large, max-video-preview:-1\" \/>\n<link rel=\"canonical\" href=\"https:\/\/www.procarton.com\/es\/the-german-folding-box-association-ffi-celebrates-its-75th-anniversary\/\" \/>\n<meta property=\"og:locale\" content=\"es_ES\" \/>\n<meta property=\"og:type\" content=\"article\" \/>\n<meta property=\"og:title\" content=\"The German Folding Box Association FFI celebrates its 75th anniversary - Pro Carton\" \/>\n<meta property=\"og:description\" content=\"The German Folding Box Association FFI celebrates its 75th anniversary.\" \/>\n<meta property=\"og:url\" content=\"https:\/\/www.procarton.com\/es\/the-german-folding-box-association-ffi-celebrates-its-75th-anniversary\/\" \/>\n<meta property=\"og:site_name\" content=\"Pro Carton\" \/>\n<meta property=\"article:publisher\" content=\"https:\/\/www.facebook.com\/procartondesignaward\/\" \/>\n<meta property=\"article:published_time\" content=\"2023-05-10T16:46:08+00:00\" \/>\n<meta property=\"article:modified_time\" content=\"2023-07-05T12:20:59+00:00\" \/>\n<meta property=\"og:image\" content=\"https:\/\/www.procarton.com\/wp-content\/uploads\/2022\/03\/FFI_Logo_web.png\" \/>\n\t<meta property=\"og:image:width\" content=\"1006\" \/>\n\t<meta property=\"og:image:height\" content=\"232\" \/>\n\t<meta property=\"og:image:type\" content=\"image\/png\" \/>\n<meta name=\"author\" content=\"ryan@procarton.com\" \/>\n<meta name=\"twitter:card\" content=\"summary_large_image\" \/>\n<meta name=\"twitter:creator\" content=\"@pro_carton\" \/>\n<meta name=\"twitter:site\" content=\"@pro_carton\" \/>\n<meta name=\"twitter:label1\" content=\"Escrito por\" \/>\n\t<meta name=\"twitter:data1\" content=\"ryan@procarton.com\" \/>\n\t<meta name=\"twitter:label2\" content=\"Tiempo de lectura\" \/>\n\t<meta name=\"twitter:data2\" content=\"1 minuto\" \/>\n<script type=\"application\/ld+json\" class=\"yoast-schema-graph\">{\"@context\":\"https:\\\/\\\/schema.org\",\"@graph\":[{\"@type\":\"Article\",\"@id\":\"https:\\\/\\\/www.procarton.com\\\/the-german-folding-box-association-ffi-celebrates-its-75th-anniversary\\\/#article\",\"isPartOf\":{\"@id\":\"https:\\\/\\\/www.procarton.com\\\/the-german-folding-box-association-ffi-celebrates-its-75th-anniversary\\\/\"},\"author\":{\"name\":\"ryan@procarton.com\",\"@id\":\"https:\\\/\\\/www.procarton.com\\\/es\\\/#\\\/schema\\\/person\\\/8f52811f36555e3fbe8aa433fda4f5b5\"},\"headline\":\"The German Folding Box Association FFI celebrates its 75th anniversary\",\"datePublished\":\"2023-05-10T16:46:08+00:00\",\"dateModified\":\"2023-07-05T12:20:59+00:00\",\"mainEntityOfPage\":{\"@id\":\"https:\\\/\\\/www.procarton.com\\\/the-german-folding-box-association-ffi-celebrates-its-75th-anniversary\\\/\"},\"wordCount\":503,\"publisher\":{\"@id\":\"https:\\\/\\\/www.procarton.com\\\/es\\\/#organization\"},\"image\":{\"@id\":\"https:\\\/\\\/www.procarton.com\\\/the-german-folding-box-association-ffi-celebrates-its-75th-anniversary\\\/#primaryimage\"},\"thumbnailUrl\":\"https:\\\/\\\/www.procarton.com\\\/wp-content\\\/uploads\\\/2022\\\/03\\\/FFI_Logo_web.png\",\"articleSection\":[\"Brands &amp; Markets\",\"Sustainability\"],\"inLanguage\":\"es\"},{\"@type\":\"WebPage\",\"@id\":\"https:\\\/\\\/www.procarton.com\\\/the-german-folding-box-association-ffi-celebrates-its-75th-anniversary\\\/\",\"url\":\"https:\\\/\\\/www.procarton.com\\\/the-german-folding-box-association-ffi-celebrates-its-75th-anniversary\\\/\",\"name\":\"The German Folding Box Association FFI celebrates its 75th anniversary - Pro Carton\",\"isPartOf\":{\"@id\":\"https:\\\/\\\/www.procarton.com\\\/es\\\/#website\"},\"primaryImageOfPage\":{\"@id\":\"https:\\\/\\\/www.procarton.com\\\/the-german-folding-box-association-ffi-celebrates-its-75th-anniversary\\\/#primaryimage\"},\"image\":{\"@id\":\"https:\\\/\\\/www.procarton.com\\\/the-german-folding-box-association-ffi-celebrates-its-75th-anniversary\\\/#primaryimage\"},\"thumbnailUrl\":\"https:\\\/\\\/www.procarton.com\\\/wp-content\\\/uploads\\\/2022\\\/03\\\/FFI_Logo_web.png\",\"datePublished\":\"2023-05-10T16:46:08+00:00\",\"dateModified\":\"2023-07-05T12:20:59+00:00\",\"description\":\"The German Folding Box Association FFI celebrates its 75th anniversary.\",\"breadcrumb\":{\"@id\":\"https:\\\/\\\/www.procarton.com\\\/the-german-folding-box-association-ffi-celebrates-its-75th-anniversary\\\/#breadcrumb\"},\"inLanguage\":\"es\",\"potentialAction\":[{\"@type\":\"ReadAction\",\"target\":[\"https:\\\/\\\/www.procarton.com\\\/the-german-folding-box-association-ffi-celebrates-its-75th-anniversary\\\/\"]}]},{\"@type\":\"ImageObject\",\"inLanguage\":\"es\",\"@id\":\"https:\\\/\\\/www.procarton.com\\\/the-german-folding-box-association-ffi-celebrates-its-75th-anniversary\\\/#primaryimage\",\"url\":\"https:\\\/\\\/www.procarton.com\\\/wp-content\\\/uploads\\\/2022\\\/03\\\/FFI_Logo_web.png\",\"contentUrl\":\"https:\\\/\\\/www.procarton.com\\\/wp-content\\\/uploads\\\/2022\\\/03\\\/FFI_Logo_web.png\",\"width\":1006,\"height\":232},{\"@type\":\"BreadcrumbList\",\"@id\":\"https:\\\/\\\/www.procarton.com\\\/the-german-folding-box-association-ffi-celebrates-its-75th-anniversary\\\/#breadcrumb\",\"itemListElement\":[{\"@type\":\"ListItem\",\"position\":1,\"name\":\"Home\",\"item\":\"https:\\\/\\\/www.procarton.com\\\/\"},{\"@type\":\"ListItem\",\"position\":2,\"name\":\"The German Folding Box Association FFI celebrates its 75th anniversary\"}]},{\"@type\":\"WebSite\",\"@id\":\"https:\\\/\\\/www.procarton.com\\\/es\\\/#website\",\"url\":\"https:\\\/\\\/www.procarton.com\\\/es\\\/\",\"name\":\"Pro Carton\",\"description\":\"\",\"publisher\":{\"@id\":\"https:\\\/\\\/www.procarton.com\\\/es\\\/#organization\"},\"potentialAction\":[{\"@type\":\"SearchAction\",\"target\":{\"@type\":\"EntryPoint\",\"urlTemplate\":\"https:\\\/\\\/www.procarton.com\\\/es\\\/?s={search_term_string}\"},\"query-input\":{\"@type\":\"PropertyValueSpecification\",\"valueRequired\":true,\"valueName\":\"search_term_string\"}}],\"inLanguage\":\"es\"},{\"@type\":\"Organization\",\"@id\":\"https:\\\/\\\/www.procarton.com\\\/es\\\/#organization\",\"name\":\"ProCarton\",\"url\":\"https:\\\/\\\/www.procarton.com\\\/es\\\/\",\"logo\":{\"@type\":\"ImageObject\",\"inLanguage\":\"es\",\"@id\":\"https:\\\/\\\/www.procarton.com\\\/es\\\/#\\\/schema\\\/logo\\\/image\\\/\",\"url\":\"https:\\\/\\\/www.procarton.com\\\/wp-content\\\/uploads\\\/2022\\\/06\\\/logo-mit-slogan.jpg\",\"contentUrl\":\"https:\\\/\\\/www.procarton.com\\\/wp-content\\\/uploads\\\/2022\\\/06\\\/logo-mit-slogan.jpg\",\"width\":422,\"height\":519,\"caption\":\"ProCarton\"},\"image\":{\"@id\":\"https:\\\/\\\/www.procarton.com\\\/es\\\/#\\\/schema\\\/logo\\\/image\\\/\"},\"sameAs\":[\"https:\\\/\\\/www.facebook.com\\\/procartondesignaward\\\/\",\"https:\\\/\\\/x.com\\\/pro_carton\"]},{\"@type\":\"Person\",\"@id\":\"https:\\\/\\\/www.procarton.com\\\/es\\\/#\\\/schema\\\/person\\\/8f52811f36555e3fbe8aa433fda4f5b5\",\"name\":\"ryan@procarton.com\",\"url\":\"https:\\\/\\\/www.procarton.com\\\/es\\\/author\\\/pro-carton-3\\\/\"}]}<\/script>\n<!-- \/ Yoast SEO plugin. -->","yoast_head_json":{"title":"La Asociaci\u00f3n Alemana de Cajas Plegables FFI celebra su 75 aniversario - Pro Carton","description":"La Asociaci\u00f3n Alemana de Cajas Plegables FFI celebra su 75 aniversario.","robots":{"index":"index","follow":"follow","max-snippet":"max-snippet:-1","max-image-preview":"max-image-preview:large","max-video-preview":"max-video-preview:-1"},"canonical":"https:\/\/www.procarton.com\/es\/the-german-folding-box-association-ffi-celebrates-its-75th-anniversary\/","og_locale":"es_ES","og_type":"article","og_title":"The German Folding Box Association FFI celebrates its 75th anniversary - Pro Carton","og_description":"The German Folding Box Association FFI celebrates its 75th anniversary.","og_url":"https:\/\/www.procarton.com\/es\/the-german-folding-box-association-ffi-celebrates-its-75th-anniversary\/","og_site_name":"Pro Carton","article_publisher":"https:\/\/www.facebook.com\/procartondesignaward\/","article_published_time":"2023-05-10T16:46:08+00:00","article_modified_time":"2023-07-05T12:20:59+00:00","og_image":[{"width":1006,"height":232,"url":"https:\/\/www.procarton.com\/wp-content\/uploads\/2022\/03\/FFI_Logo_web.png","type":"image\/png"}],"author":"ryan@procarton.com","twitter_card":"summary_large_image","twitter_creator":"@pro_carton","twitter_site":"@pro_carton","twitter_misc":{"Escrito por":"ryan@procarton.com","Tiempo de lectura":"1 minuto"},"schema":{"@context":"https:\/\/schema.org","@graph":[{"@type":"Article","@id":"https:\/\/www.procarton.com\/the-german-folding-box-association-ffi-celebrates-its-75th-anniversary\/#article","isPartOf":{"@id":"https:\/\/www.procarton.com\/the-german-folding-box-association-ffi-celebrates-its-75th-anniversary\/"},"author":{"name":"ryan@procarton.com","@id":"https:\/\/www.procarton.com\/es\/#\/schema\/person\/8f52811f36555e3fbe8aa433fda4f5b5"},"headline":"The German Folding Box Association FFI celebrates its 75th anniversary","datePublished":"2023-05-10T16:46:08+00:00","dateModified":"2023-07-05T12:20:59+00:00","mainEntityOfPage":{"@id":"https:\/\/www.procarton.com\/the-german-folding-box-association-ffi-celebrates-its-75th-anniversary\/"},"wordCount":503,"publisher":{"@id":"https:\/\/www.procarton.com\/es\/#organization"},"image":{"@id":"https:\/\/www.procarton.com\/the-german-folding-box-association-ffi-celebrates-its-75th-anniversary\/#primaryimage"},"thumbnailUrl":"https:\/\/www.procarton.com\/wp-content\/uploads\/2022\/03\/FFI_Logo_web.png","articleSection":["Brands &amp; Markets","Sustainability"],"inLanguage":"es"},{"@type":"WebPage","@id":"https:\/\/www.procarton.com\/the-german-folding-box-association-ffi-celebrates-its-75th-anniversary\/","url":"https:\/\/www.procarton.com\/the-german-folding-box-association-ffi-celebrates-its-75th-anniversary\/","name":"La Asociaci\u00f3n Alemana de Cajas Plegables FFI celebra su 75 aniversario - Pro Carton","isPartOf":{"@id":"https:\/\/www.procarton.com\/es\/#website"},"primaryImageOfPage":{"@id":"https:\/\/www.procarton.com\/the-german-folding-box-association-ffi-celebrates-its-75th-anniversary\/#primaryimage"},"image":{"@id":"https:\/\/www.procarton.com\/the-german-folding-box-association-ffi-celebrates-its-75th-anniversary\/#primaryimage"},"thumbnailUrl":"https:\/\/www.procarton.com\/wp-content\/uploads\/2022\/03\/FFI_Logo_web.png","datePublished":"2023-05-10T16:46:08+00:00","dateModified":"2023-07-05T12:20:59+00:00","description":"La Asociaci\u00f3n Alemana de Cajas Plegables FFI celebra su 75 aniversario.","breadcrumb":{"@id":"https:\/\/www.procarton.com\/the-german-folding-box-association-ffi-celebrates-its-75th-anniversary\/#breadcrumb"},"inLanguage":"es","potentialAction":[{"@type":"ReadAction","target":["https:\/\/www.procarton.com\/the-german-folding-box-association-ffi-celebrates-its-75th-anniversary\/"]}]},{"@type":"ImageObject","inLanguage":"es","@id":"https:\/\/www.procarton.com\/the-german-folding-box-association-ffi-celebrates-its-75th-anniversary\/#primaryimage","url":"https:\/\/www.procarton.com\/wp-content\/uploads\/2022\/03\/FFI_Logo_web.png","contentUrl":"https:\/\/www.procarton.com\/wp-content\/uploads\/2022\/03\/FFI_Logo_web.png","width":1006,"height":232},{"@type":"BreadcrumbList","@id":"https:\/\/www.procarton.com\/the-german-folding-box-association-ffi-celebrates-its-75th-anniversary\/#breadcrumb","itemListElement":[{"@type":"ListItem","position":1,"name":"Home","item":"https:\/\/www.procarton.com\/"},{"@type":"ListItem","position":2,"name":"The German Folding Box Association FFI celebrates its 75th anniversary"}]},{"@type":"WebSite","@id":"https:\/\/www.procarton.com\/es\/#website","url":"https:\/\/www.procarton.com\/es\/","name":"Pro Carton","description":"","publisher":{"@id":"https:\/\/www.procarton.com\/es\/#organization"},"potentialAction":[{"@type":"SearchAction","target":{"@type":"EntryPoint","urlTemplate":"https:\/\/www.procarton.com\/es\/?s={search_term_string}"},"query-input":{"@type":"PropertyValueSpecification","valueRequired":true,"valueName":"search_term_string"}}],"inLanguage":"es"},{"@type":"Organization","@id":"https:\/\/www.procarton.com\/es\/#organization","name":"ProCarton","url":"https:\/\/www.procarton.com\/es\/","logo":{"@type":"ImageObject","inLanguage":"es","@id":"https:\/\/www.procarton.com\/es\/#\/schema\/logo\/image\/","url":"https:\/\/www.procarton.com\/wp-content\/uploads\/2022\/06\/logo-mit-slogan.jpg","contentUrl":"https:\/\/www.procarton.com\/wp-content\/uploads\/2022\/06\/logo-mit-slogan.jpg","width":422,"height":519,"caption":"ProCarton"},"image":{"@id":"https:\/\/www.procarton.com\/es\/#\/schema\/logo\/image\/"},"sameAs":["https:\/\/www.facebook.com\/procartondesignaward\/","https:\/\/x.com\/pro_carton"]},{"@type":"Person","@id":"https:\/\/www.procarton.com\/es\/#\/schema\/person\/8f52811f36555e3fbe8aa433fda4f5b5","name":"ryan@procarton.com","url":"https:\/\/www.procarton.com\/es\/author\/pro-carton-3\/"}]}},"_links":{"self":[{"href":"https:\/\/www.procarton.com\/es\/wp-json\/wp\/v2\/posts\/288399","targetHints":{"allow":["GET"]}}],"collection":[{"href":"https:\/\/www.procarton.com\/es\/wp-json\/wp\/v2\/posts"}],"about":[{"href":"https:\/\/www.procarton.com\/es\/wp-json\/wp\/v2\/types\/post"}],"author":[{"embeddable":true,"href":"https:\/\/www.procarton.com\/es\/wp-json\/wp\/v2\/users\/1286"}],"replies":[{"embeddable":true,"href":"https:\/\/www.procarton.com\/es\/wp-json\/wp\/v2\/comments?post=288399"}],"version-history":[{"count":2,"href":"https:\/\/www.procarton.com\/es\/wp-json\/wp\/v2\/posts\/288399\/revisions"}],"predecessor-version":[{"id":289832,"href":"https:\/\/www.procarton.com\/es\/wp-json\/wp\/v2\/posts\/288399\/revisions\/289832"}],"wp:featuredmedia":[{"embeddable":true,"href":"https:\/\/www.procarton.com\/es\/wp-json\/wp\/v2\/media\/275950"}],"wp:attachment":[{"href":"https:\/\/www.procarton.com\/es\/wp-json\/wp\/v2\/media?parent=288399"}],"wp:term":[{"taxonomy":"category","embeddable":true,"href":"https:\/\/www.procarton.com\/es\/wp-json\/wp\/v2\/categories?post=288399"},{"taxonomy":"post_tag","embeddable":true,"href":"https:\/\/www.procarton.com\/es\/wp-json\/wp\/v2\/tags?post=288399"}],"curies":[{"name":"wp","href":"https:\/\/api.w.org\/{rel}","templated":true}]}}