{"id":285429,"date":"2023-03-08T08:00:23","date_gmt":"2023-03-08T08:00:23","guid":{"rendered":"https:\/\/www.procarton.com\/?p=285429"},"modified":"2023-03-14T10:49:19","modified_gmt":"2023-03-14T10:49:19","slug":"pro-carton-marks-international-womens-day-2023-with-new-interview-series","status":"publish","type":"post","link":"https:\/\/www.procarton.com\/es\/pro-carton-marks-international-womens-day-2023-with-new-interview-series\/","title":{"rendered":"Pro Carton celebra el D\u00eda Internacional de la Mujer 2023 con una nueva serie de entrevistas"},"content":{"rendered":"<div class=\"av-animated-generic top-to-bottom flex_column av_one_fourth  flex_column_div av-zero-column-padding first  avia-builder-el-0  el_before_av_three_fourth  avia-builder-el-first\" style='border-radius:0px; '>\n<div  class='avia-image-container  av-styling-    avia-builder-el-1  avia-builder-el-no-sibling  avia-align-center'  itemprop=\"image\" itemscope=\"itemscope\" itemtype=\"https:\/\/schema.org\/ImageObject\"  >\n<div class='avia-image-container-inner'>\n<div class='avia-image-overlay-wrap'><img decoding=\"async\" width=\"180\" height=\"180\" class='wp-image-285437 avia-img-lazy-loading-not-285437 avia_image' src=\"https:\/\/www.procarton.com\/wp-content\/uploads\/2023\/03\/IWD-180x180.png\" alt='' title='IWD'  itemprop=\"thumbnailUrl\" srcset=\"https:\/\/www.procarton.com\/wp-content\/uploads\/2023\/03\/IWD-180x180.png 180w, https:\/\/www.procarton.com\/wp-content\/uploads\/2023\/03\/IWD-80x80.png 80w, https:\/\/www.procarton.com\/wp-content\/uploads\/2023\/03\/IWD-13x12.png 13w, https:\/\/www.procarton.com\/wp-content\/uploads\/2023\/03\/IWD-36x36.png 36w\" sizes=\"(max-width: 180px) 100vw, 180px\" \/><\/div>\n<\/div>\n<\/div>\n<\/div>\n<div class=\"av-animated-generic top-to-bottom flex_column av_three_fourth  flex_column_div av-zero-column-padding   avia-builder-el-2  el_after_av_one_fourth  el_before_av_one_half\" style='border-radius:0px; '>\n<section class=\"av_textblock_section\"  itemscope=\"itemscope\" itemtype=\"https:\/\/schema.org\/BlogPosting\" itemprop=\"blogPost\" >\n<div class='avia_textblock'   itemprop=\"text\" >\n<p>En homenaje a las mujeres que trabajan en la industria del envase y embalaje, Pro Carton -la Asociaci\u00f3n Europea de Fabricantes de Cart\u00f3n y Cartoncillo- ha lanzado una serie de entrevistas con mujeres profesionales del envase y embalaje para celebrar el D\u00eda Internacional de la Mujer 2023.<\/p>\n<p>Reconociendo el notable talento de las mujeres que trabajan en el sector del envase y embalaje y la diferencia que las mujeres hacen en sus puestos de trabajo, la serie refleja el apoyo continuo de la asociaci\u00f3n a las mujeres profesionales del envase y embalaje. La serie de entrevistas, que cuenta con representantes de Graphic Packaging International y WestRock, se extender\u00e1 a trav\u00e9s de los canales de medios sociales de Pro Carton y est\u00e1n disponibles <a href=\"https:\/\/www.procarton.com\/media-section\/videos\/\">en nuestro sitio web<\/a>.<\/p>\n<\/div>\n<\/section>\n<\/div>\n<div class=\"av-animated-generic top-to-bottom flex_column av_one_half  flex_column_div av-zero-column-padding first  avia-builder-el-4  el_after_av_three_fourth  el_before_av_one_half  column-top-margin\" style='border-radius:0px; '>\n<section class=\"av_textblock_section\"  itemscope=\"itemscope\" itemtype=\"https:\/\/schema.org\/BlogPosting\" itemprop=\"blogPost\" >\n<div class='avia_textblock'   itemprop=\"text\" >\n<p class=\"title style-scope ytd-video-primary-info-renderer\"><strong>Julie Elder, Directora del Programa de Sostenibilidad para EMEA, WestRock, <\/strong>comparte sus recomendaciones para triunfar en un entorno dominado por los hombres y anima a las mujeres a tener \"confianza en lo que son\".<\/p>\n<\/div>\n<\/section>\n<div  class='avia-video avia-video-16-9   av-lazyload-immediate  av-lazyload-video-embed'   itemprop=\"video\" itemtype=\"https:\/\/schema.org\/VideoObject\"  data-original_url='https:\/\/youtu.be\/Xvl4WVb4WjU' ><script type='text\/html' class='av-video-tmpl'><\/p>\n<div class='avia-iframe-wrap'><iframe loading=\"lazy\" title=\"International Women&#039;s Day - Interview with Julie Elder, WestRock\" width=\"1333\" height=\"1000\" src=\"https:\/\/www.youtube.com\/embed\/Xvl4WVb4WjU?feature=oembed&autoplay=0&loop=0&controls=1&mute=0\" frameborder=\"0\" allow=\"accelerometer; autoplay; clipboard-write; encrypted-media; gyroscope; picture-in-picture; web-share\" allowfullscreen><\/iframe><\/div>\n<p><\/script><\/p>\n<div class='av-click-to-play-overlay'>\n<div class=\"avia_playpause_icon\"><\/div>\n<\/div>\n<\/div>\n<\/div>\n<div class=\"av-animated-generic top-to-bottom flex_column av_one_half  flex_column_div av-zero-column-padding   avia-builder-el-7  el_after_av_one_half  el_before_av_one_half  column-top-margin\" style='border-radius:0px; '>\n<section class=\"av_textblock_section\"  itemscope=\"itemscope\" itemtype=\"https:\/\/schema.org\/BlogPosting\" itemprop=\"blogPost\" >\n<div class='avia_textblock'   itemprop=\"text\" >\n<p class=\"title style-scope ytd-video-primary-info-renderer\"><strong>Elodie Bugnicourt, Directora de Sostenibilidad, Graphic Packaging International<\/strong> comparti\u00f3 su experiencia como mujer del sector y como apasionada de la sostenibilidad.<\/p>\n<\/div>\n<\/section>\n<div  class='avia-video avia-video-16-9   av-lazyload-immediate  av-lazyload-video-embed'   itemprop=\"video\" itemtype=\"https:\/\/schema.org\/VideoObject\"  data-original_url='https:\/\/youtu.be\/AaffVMNBsIg' ><script type='text\/html' class='av-video-tmpl'><\/p>\n<div class='avia-iframe-wrap'><iframe loading=\"lazy\" title=\"International Women&#039;s Day - Interview with Elodie Bugnicourt, Graphic Packaging International\" width=\"1333\" height=\"1000\" src=\"https:\/\/www.youtube.com\/embed\/AaffVMNBsIg?feature=oembed&autoplay=0&loop=0&controls=1&mute=0\" frameborder=\"0\" allow=\"accelerometer; autoplay; clipboard-write; encrypted-media; gyroscope; picture-in-picture; web-share\" allowfullscreen><\/iframe><\/div>\n<p><\/script><\/p>\n<div class='av-click-to-play-overlay'>\n<div class=\"avia_playpause_icon\"><\/div>\n<\/div>\n<\/div>\n<\/div>\n<div class=\"av-animated-generic top-to-bottom flex_column av_one_half  flex_column_div av-zero-column-padding first  avia-builder-el-10  el_after_av_one_half  el_before_av_one_half  column-top-margin\" style='border-radius:0px; '>\n<section class=\"av_textblock_section\"  itemscope=\"itemscope\" itemtype=\"https:\/\/schema.org\/BlogPosting\" itemprop=\"blogPost\" >\n<div class='avia_textblock'   itemprop=\"text\" >\n<p><strong>Rosemary Palsson, Directora de Planta, Graphic Packaging International<\/strong> destac\u00f3 la importancia de contratar a las personas adecuadas para los puestos disponibles y c\u00f3mo esto puede repercutir positivamente en una empresa.<\/p>\n<\/div>\n<\/section>\n<div  class='avia-video avia-video-16-9   av-lazyload-immediate  av-lazyload-video-embed'   itemprop=\"video\" itemtype=\"https:\/\/schema.org\/VideoObject\"  data-original_url='https:\/\/youtu.be\/Br6wMh5d4ng' ><script type='text\/html' class='av-video-tmpl'><\/p>\n<div class='avia-iframe-wrap'><iframe loading=\"lazy\" title=\"International Women&#039;s Day 2023 - Interview with Rosemary Palsson, Graphic Packaging International\" width=\"1333\" height=\"1000\" src=\"https:\/\/www.youtube.com\/embed\/Br6wMh5d4ng?feature=oembed&autoplay=0&loop=0&controls=1&mute=0\" frameborder=\"0\" allow=\"accelerometer; autoplay; clipboard-write; encrypted-media; gyroscope; picture-in-picture; web-share\" allowfullscreen><\/iframe><\/div>\n<p><\/script><\/p>\n<div class='av-click-to-play-overlay'>\n<div class=\"avia_playpause_icon\"><\/div>\n<\/div>\n<\/div>\n<\/div>\n<div class=\"av-animated-generic top-to-bottom flex_column av_one_half  flex_column_div av-zero-column-padding   avia-builder-el-13  el_after_av_one_half  el_before_av_one_full  column-top-margin\" style='border-radius:0px; '>\n<section class=\"av_textblock_section\"  itemscope=\"itemscope\" itemtype=\"https:\/\/schema.org\/BlogPosting\" itemprop=\"blogPost\" >\n<div class='avia_textblock'   itemprop=\"text\" >\n<p><strong>Ellie Patterson, Jefa de Ventas Convenience EMEA, Graphic Packaging International<\/strong> habla de c\u00f3mo hoy son m\u00e1s las mujeres que trabajan en el envasado, desempe\u00f1ando funciones en todos los rincones de la industria.<\/p>\n<\/div>\n<\/section>\n<div  class='avia-video avia-video-16-9   av-lazyload-immediate  av-lazyload-video-embed'   itemprop=\"video\" itemtype=\"https:\/\/schema.org\/VideoObject\"  data-original_url='https:\/\/youtu.be\/HFt0V5lz7Ow' ><script type='text\/html' class='av-video-tmpl'><\/p>\n<div class='avia-iframe-wrap'><iframe loading=\"lazy\" title=\"International Women&#039;s Day 2023 - Interview with Ellie Patterson, Graphic Packaging International\" width=\"1333\" height=\"1000\" src=\"https:\/\/www.youtube.com\/embed\/HFt0V5lz7Ow?feature=oembed&autoplay=0&loop=0&controls=1&mute=0\" frameborder=\"0\" allow=\"accelerometer; autoplay; clipboard-write; encrypted-media; gyroscope; picture-in-picture; web-share\" allowfullscreen><\/iframe><\/div>\n<p><\/script><\/p>\n<div class='av-click-to-play-overlay'>\n<div class=\"avia_playpause_icon\"><\/div>\n<\/div>\n<\/div>\n<\/div>\n<div class=\"av-animated-generic top-to-bottom flex_column av_one_full  flex_column_div av-zero-column-padding first  avia-builder-el-16  el_after_av_one_half  avia-builder-el-last  column-top-margin\" style='border-radius:0px; '>\n<section class=\"av_textblock_section\"  itemscope=\"itemscope\" itemtype=\"https:\/\/schema.org\/BlogPosting\" itemprop=\"blogPost\" >\n<div class='avia_textblock'   itemprop=\"text\" >\n<p>Entre los participantes, <strong>Ellie Patterson, Jefa de Ventas Convenience EMEA de Graphic Packaging International<\/strong> habl\u00f3 de la importancia de la sostenibilidad. En su 28\u00ba a\u00f1o de trabajo en el sector de los envases, revel\u00f3 c\u00f3mo el comportamiento medioambiental de los materiales de envasado ha aumentado exponencialmente hasta ocupar un lugar prioritario en la agenda de los consumidores, las marcas y el sector. Destac\u00f3 que hoy en d\u00eda hay m\u00e1s mujeres que trabajan en el sector del envasado y desempe\u00f1an funciones en todos los \u00e1mbitos de la industria, desde ventas y marketing hasta operaciones y gesti\u00f3n de la cadena de suministro.<\/p>\n<p>Explic\u00f3 que hay una gran variedad de puestos disponibles y que, a pesar de los retos que han surgido a lo largo de los a\u00f1os -el mayor de los cuales fue la pandemia-, trabajar en el sector del envasado es \"diverso, resistente y divertido\".<\/p>\n<p>Continuaci\u00f3n de la conversaci\u00f3n sobre sostenibilidad, <strong>Elodie Bugnicourt, Directora de Sostenibilidad de Graphic Packaging International<\/strong> comparti\u00f3 su experiencia como mujer y como apasionada de la sostenibilidad. La sostenibilidad se ha convertido en el centro de nuestro sector y es el principal motor de la mayor\u00eda de las innovaciones: \"La sostenibilidad se ha convertido en el centro de nuestro sector y es el principal motor de la mayor\u00eda de las innovaciones. Por ejemplo, antes hab\u00eda algunas innovaciones en materia de biocubrimientos naturales que no eran posibles a escala, pero ahora vemos que llegan al mercado m\u00e1s desarrollos de este tipo que nos permiten sustituir materiales alternativos de origen f\u00f3sil\".<\/p>\n<p>A la pregunta de si cree que el sector del envasado cuenta con suficiente representaci\u00f3n femenina, Elodie explic\u00f3: \"Nuestro sector suele tener una menor representaci\u00f3n femenina, pero depende del puesto y de la ubicaci\u00f3n. Creo firmemente que la diversidad, la igualdad y la inclusi\u00f3n contribuyen a crear un entorno de trabajo m\u00e1s productivo. Tenemos que hacer un mejor trabajo para demostrar que una mujer puede trabajar en puestos que actualmente est\u00e1n infrarrepresentados, como la fabricaci\u00f3n, donde pueden desempe\u00f1ar un papel importante en la producci\u00f3n de envases que marcar\u00e1n la diferencia.\"<\/p>\n<p>Uni\u00e9ndose a sus compa\u00f1eros <strong>Compa\u00f1eros de Graphic Packaging International, Rosemary Palsson, Directora de Planta<\/strong> destac\u00f3 la importancia de contratar a las personas adecuadas para los puestos disponibles y c\u00f3mo esto puede repercutir positivamente en una empresa. Mientras que <strong>Julie Elder, Directora del Programa de Sostenibilidad para EMEA en WestRock<\/strong>Julie comparti\u00f3 sus recomendaciones para triunfar en un entorno dominado por los hombres y anim\u00f3 a las mujeres a \"tener confianza en lo que son\". Y, a pesar de los grandes obst\u00e1culos que se avecinan -como los pr\u00f3ximos cambios en la normativa-, Julie transmiti\u00f3 su actitud positiva, destacando c\u00f3mo, trabajando juntos de forma creativa, el sector puede hacer lo correcto por el planeta.<\/p>\n<p><strong>Winfried Muehling, Director de Marketing y Comunicaci\u00f3n de Pro Carton<\/strong> coment\u00f3: <em><strong>\"El D\u00eda Internacional de la Mujer es una fecha importante en el calendario para Pro Carton. Es muy motivador escuchar a cuatro mujeres de \u00e9xito que comparten la misma pasi\u00f3n por sus carreras y por la industria del envase y embalaje.  La diversidad es crucial para nuestra industria; marca la diferencia. La representaci\u00f3n femenina nos mueve hacia un entorno m\u00e1s inspirador, creativo e inclusivo.\"<\/strong><\/em><\/p>\n<\/div>\n<\/section>\n<\/div>","protected":false},"excerpt":{"rendered":"<p>Pro Carton celebra el D\u00eda Internacional de la Mujer 2023 con una nueva serie de entrevistas con mujeres l\u00edderes en la industria del cart\u00f3n. <\/p>","protected":false},"author":1286,"featured_media":285437,"comment_status":"closed","ping_status":"open","sticky":false,"template":"","format":"standard","meta":{"inline_featured_image":false,"footnotes":""},"categories":[79,77],"tags":[],"class_list":["post-285429","post","type-post","status-publish","format-standard","has-post-thumbnail","hentry","category-brands-markets","category-national-activities"],"yoast_head":"<!-- This site is optimized with the Yoast SEO plugin v27.5 - https:\/\/yoast.com\/product\/yoast-seo-wordpress\/ -->\n<title>Pro Carton marks International Women\u2019s Day 2023 with new interview series - Pro Carton<\/title>\n<meta name=\"description\" content=\"Honouring women working in the packaging industry, Pro Carton honours celebrates International Women&#039;s Day 2023.\" \/>\n<meta name=\"robots\" content=\"index, follow, max-snippet:-1, max-image-preview:large, max-video-preview:-1\" \/>\n<link rel=\"canonical\" href=\"https:\/\/www.procarton.com\/es\/pro-carton-marks-international-womens-day-2023-with-new-interview-series\/\" \/>\n<meta property=\"og:locale\" content=\"es_ES\" \/>\n<meta property=\"og:type\" content=\"article\" \/>\n<meta property=\"og:title\" content=\"Pro Carton marks International Women\u2019s Day 2023 with new interview series - Pro Carton\" \/>\n<meta property=\"og:description\" content=\"Honouring women working in the packaging industry, Pro Carton honours celebrates International Women&#039;s Day 2023.\" \/>\n<meta property=\"og:url\" content=\"https:\/\/www.procarton.com\/es\/pro-carton-marks-international-womens-day-2023-with-new-interview-series\/\" \/>\n<meta property=\"og:site_name\" content=\"Pro Carton\" \/>\n<meta property=\"article:publisher\" content=\"https:\/\/www.facebook.com\/procartondesignaward\/\" \/>\n<meta property=\"article:published_time\" content=\"2023-03-08T08:00:23+00:00\" \/>\n<meta property=\"article:modified_time\" content=\"2023-03-14T10:49:19+00:00\" \/>\n<meta property=\"og:image\" content=\"https:\/\/www.procarton.com\/wp-content\/uploads\/2023\/03\/IWD.png\" \/>\n\t<meta property=\"og:image:width\" content=\"943\" \/>\n\t<meta property=\"og:image:height\" content=\"870\" \/>\n\t<meta property=\"og:image:type\" content=\"image\/png\" \/>\n<meta name=\"author\" content=\"ryan@procarton.com\" \/>\n<meta name=\"twitter:card\" content=\"summary_large_image\" \/>\n<meta name=\"twitter:creator\" content=\"@pro_carton\" \/>\n<meta name=\"twitter:site\" content=\"@pro_carton\" \/>\n<meta name=\"twitter:label1\" content=\"Escrito por\" \/>\n\t<meta name=\"twitter:data1\" content=\"ryan@procarton.com\" \/>\n\t<meta name=\"twitter:label2\" content=\"Tiempo de lectura\" \/>\n\t<meta name=\"twitter:data2\" content=\"5 minutos\" \/>\n<script type=\"application\/ld+json\" class=\"yoast-schema-graph\">{\"@context\":\"https:\\\/\\\/schema.org\",\"@graph\":[{\"@type\":\"Article\",\"@id\":\"https:\\\/\\\/www.procarton.com\\\/pro-carton-marks-international-womens-day-2023-with-new-interview-series\\\/#article\",\"isPartOf\":{\"@id\":\"https:\\\/\\\/www.procarton.com\\\/pro-carton-marks-international-womens-day-2023-with-new-interview-series\\\/\"},\"author\":{\"name\":\"ryan@procarton.com\",\"@id\":\"https:\\\/\\\/www.procarton.com\\\/es\\\/#\\\/schema\\\/person\\\/8f52811f36555e3fbe8aa433fda4f5b5\"},\"headline\":\"Pro Carton marks International Women\u2019s Day 2023 with new interview series\",\"datePublished\":\"2023-03-08T08:00:23+00:00\",\"dateModified\":\"2023-03-14T10:49:19+00:00\",\"mainEntityOfPage\":{\"@id\":\"https:\\\/\\\/www.procarton.com\\\/pro-carton-marks-international-womens-day-2023-with-new-interview-series\\\/\"},\"wordCount\":2067,\"publisher\":{\"@id\":\"https:\\\/\\\/www.procarton.com\\\/es\\\/#organization\"},\"image\":{\"@id\":\"https:\\\/\\\/www.procarton.com\\\/pro-carton-marks-international-womens-day-2023-with-new-interview-series\\\/#primaryimage\"},\"thumbnailUrl\":\"https:\\\/\\\/www.procarton.com\\\/wp-content\\\/uploads\\\/2023\\\/03\\\/IWD.png\",\"articleSection\":[\"Brands &amp; Markets\",\"National Activities\"],\"inLanguage\":\"es\"},{\"@type\":\"WebPage\",\"@id\":\"https:\\\/\\\/www.procarton.com\\\/pro-carton-marks-international-womens-day-2023-with-new-interview-series\\\/\",\"url\":\"https:\\\/\\\/www.procarton.com\\\/pro-carton-marks-international-womens-day-2023-with-new-interview-series\\\/\",\"name\":\"Pro Carton marks International Women\u2019s Day 2023 with new interview series - Pro Carton\",\"isPartOf\":{\"@id\":\"https:\\\/\\\/www.procarton.com\\\/es\\\/#website\"},\"primaryImageOfPage\":{\"@id\":\"https:\\\/\\\/www.procarton.com\\\/pro-carton-marks-international-womens-day-2023-with-new-interview-series\\\/#primaryimage\"},\"image\":{\"@id\":\"https:\\\/\\\/www.procarton.com\\\/pro-carton-marks-international-womens-day-2023-with-new-interview-series\\\/#primaryimage\"},\"thumbnailUrl\":\"https:\\\/\\\/www.procarton.com\\\/wp-content\\\/uploads\\\/2023\\\/03\\\/IWD.png\",\"datePublished\":\"2023-03-08T08:00:23+00:00\",\"dateModified\":\"2023-03-14T10:49:19+00:00\",\"description\":\"Honouring women working in the packaging industry, Pro Carton honours celebrates International Women's Day 2023.\",\"breadcrumb\":{\"@id\":\"https:\\\/\\\/www.procarton.com\\\/pro-carton-marks-international-womens-day-2023-with-new-interview-series\\\/#breadcrumb\"},\"inLanguage\":\"es\",\"potentialAction\":[{\"@type\":\"ReadAction\",\"target\":[\"https:\\\/\\\/www.procarton.com\\\/pro-carton-marks-international-womens-day-2023-with-new-interview-series\\\/\"]}]},{\"@type\":\"ImageObject\",\"inLanguage\":\"es\",\"@id\":\"https:\\\/\\\/www.procarton.com\\\/pro-carton-marks-international-womens-day-2023-with-new-interview-series\\\/#primaryimage\",\"url\":\"https:\\\/\\\/www.procarton.com\\\/wp-content\\\/uploads\\\/2023\\\/03\\\/IWD.png\",\"contentUrl\":\"https:\\\/\\\/www.procarton.com\\\/wp-content\\\/uploads\\\/2023\\\/03\\\/IWD.png\",\"width\":943,\"height\":870},{\"@type\":\"BreadcrumbList\",\"@id\":\"https:\\\/\\\/www.procarton.com\\\/pro-carton-marks-international-womens-day-2023-with-new-interview-series\\\/#breadcrumb\",\"itemListElement\":[{\"@type\":\"ListItem\",\"position\":1,\"name\":\"Home\",\"item\":\"https:\\\/\\\/www.procarton.com\\\/\"},{\"@type\":\"ListItem\",\"position\":2,\"name\":\"Pro Carton marks International Women\u2019s Day 2023 with new interview series\"}]},{\"@type\":\"WebSite\",\"@id\":\"https:\\\/\\\/www.procarton.com\\\/es\\\/#website\",\"url\":\"https:\\\/\\\/www.procarton.com\\\/es\\\/\",\"name\":\"Pro Carton\",\"description\":\"\",\"publisher\":{\"@id\":\"https:\\\/\\\/www.procarton.com\\\/es\\\/#organization\"},\"potentialAction\":[{\"@type\":\"SearchAction\",\"target\":{\"@type\":\"EntryPoint\",\"urlTemplate\":\"https:\\\/\\\/www.procarton.com\\\/es\\\/?s={search_term_string}\"},\"query-input\":{\"@type\":\"PropertyValueSpecification\",\"valueRequired\":true,\"valueName\":\"search_term_string\"}}],\"inLanguage\":\"es\"},{\"@type\":\"Organization\",\"@id\":\"https:\\\/\\\/www.procarton.com\\\/es\\\/#organization\",\"name\":\"ProCarton\",\"url\":\"https:\\\/\\\/www.procarton.com\\\/es\\\/\",\"logo\":{\"@type\":\"ImageObject\",\"inLanguage\":\"es\",\"@id\":\"https:\\\/\\\/www.procarton.com\\\/es\\\/#\\\/schema\\\/logo\\\/image\\\/\",\"url\":\"https:\\\/\\\/www.procarton.com\\\/wp-content\\\/uploads\\\/2022\\\/06\\\/logo-mit-slogan.jpg\",\"contentUrl\":\"https:\\\/\\\/www.procarton.com\\\/wp-content\\\/uploads\\\/2022\\\/06\\\/logo-mit-slogan.jpg\",\"width\":422,\"height\":519,\"caption\":\"ProCarton\"},\"image\":{\"@id\":\"https:\\\/\\\/www.procarton.com\\\/es\\\/#\\\/schema\\\/logo\\\/image\\\/\"},\"sameAs\":[\"https:\\\/\\\/www.facebook.com\\\/procartondesignaward\\\/\",\"https:\\\/\\\/x.com\\\/pro_carton\"]},{\"@type\":\"Person\",\"@id\":\"https:\\\/\\\/www.procarton.com\\\/es\\\/#\\\/schema\\\/person\\\/8f52811f36555e3fbe8aa433fda4f5b5\",\"name\":\"ryan@procarton.com\",\"url\":\"https:\\\/\\\/www.procarton.com\\\/es\\\/author\\\/pro-carton-3\\\/\"}]}<\/script>\n<!-- \/ Yoast SEO plugin. -->","yoast_head_json":{"title":"Pro Carton celebra el D\u00eda Internacional de la Mujer 2023 con una nueva serie de entrevistas - Pro Carton","description":"En homenaje a las mujeres que trabajan en la industria del envasado, Pro Carton celebra el D\u00eda Internacional de la Mujer 2023.","robots":{"index":"index","follow":"follow","max-snippet":"max-snippet:-1","max-image-preview":"max-image-preview:large","max-video-preview":"max-video-preview:-1"},"canonical":"https:\/\/www.procarton.com\/es\/pro-carton-marks-international-womens-day-2023-with-new-interview-series\/","og_locale":"es_ES","og_type":"article","og_title":"Pro Carton marks International Women\u2019s Day 2023 with new interview series - Pro Carton","og_description":"Honouring women working in the packaging industry, Pro Carton honours celebrates International Women's Day 2023.","og_url":"https:\/\/www.procarton.com\/es\/pro-carton-marks-international-womens-day-2023-with-new-interview-series\/","og_site_name":"Pro Carton","article_publisher":"https:\/\/www.facebook.com\/procartondesignaward\/","article_published_time":"2023-03-08T08:00:23+00:00","article_modified_time":"2023-03-14T10:49:19+00:00","og_image":[{"width":943,"height":870,"url":"https:\/\/www.procarton.com\/wp-content\/uploads\/2023\/03\/IWD.png","type":"image\/png"}],"author":"ryan@procarton.com","twitter_card":"summary_large_image","twitter_creator":"@pro_carton","twitter_site":"@pro_carton","twitter_misc":{"Escrito por":"ryan@procarton.com","Tiempo de lectura":"5 minutos"},"schema":{"@context":"https:\/\/schema.org","@graph":[{"@type":"Article","@id":"https:\/\/www.procarton.com\/pro-carton-marks-international-womens-day-2023-with-new-interview-series\/#article","isPartOf":{"@id":"https:\/\/www.procarton.com\/pro-carton-marks-international-womens-day-2023-with-new-interview-series\/"},"author":{"name":"ryan@procarton.com","@id":"https:\/\/www.procarton.com\/es\/#\/schema\/person\/8f52811f36555e3fbe8aa433fda4f5b5"},"headline":"Pro Carton marks International Women\u2019s Day 2023 with new interview series","datePublished":"2023-03-08T08:00:23+00:00","dateModified":"2023-03-14T10:49:19+00:00","mainEntityOfPage":{"@id":"https:\/\/www.procarton.com\/pro-carton-marks-international-womens-day-2023-with-new-interview-series\/"},"wordCount":2067,"publisher":{"@id":"https:\/\/www.procarton.com\/es\/#organization"},"image":{"@id":"https:\/\/www.procarton.com\/pro-carton-marks-international-womens-day-2023-with-new-interview-series\/#primaryimage"},"thumbnailUrl":"https:\/\/www.procarton.com\/wp-content\/uploads\/2023\/03\/IWD.png","articleSection":["Brands &amp; Markets","National Activities"],"inLanguage":"es"},{"@type":"WebPage","@id":"https:\/\/www.procarton.com\/pro-carton-marks-international-womens-day-2023-with-new-interview-series\/","url":"https:\/\/www.procarton.com\/pro-carton-marks-international-womens-day-2023-with-new-interview-series\/","name":"Pro Carton celebra el D\u00eda Internacional de la Mujer 2023 con una nueva serie de entrevistas - Pro Carton","isPartOf":{"@id":"https:\/\/www.procarton.com\/es\/#website"},"primaryImageOfPage":{"@id":"https:\/\/www.procarton.com\/pro-carton-marks-international-womens-day-2023-with-new-interview-series\/#primaryimage"},"image":{"@id":"https:\/\/www.procarton.com\/pro-carton-marks-international-womens-day-2023-with-new-interview-series\/#primaryimage"},"thumbnailUrl":"https:\/\/www.procarton.com\/wp-content\/uploads\/2023\/03\/IWD.png","datePublished":"2023-03-08T08:00:23+00:00","dateModified":"2023-03-14T10:49:19+00:00","description":"En homenaje a las mujeres que trabajan en la industria del envasado, Pro Carton celebra el D\u00eda Internacional de la Mujer 2023.","breadcrumb":{"@id":"https:\/\/www.procarton.com\/pro-carton-marks-international-womens-day-2023-with-new-interview-series\/#breadcrumb"},"inLanguage":"es","potentialAction":[{"@type":"ReadAction","target":["https:\/\/www.procarton.com\/pro-carton-marks-international-womens-day-2023-with-new-interview-series\/"]}]},{"@type":"ImageObject","inLanguage":"es","@id":"https:\/\/www.procarton.com\/pro-carton-marks-international-womens-day-2023-with-new-interview-series\/#primaryimage","url":"https:\/\/www.procarton.com\/wp-content\/uploads\/2023\/03\/IWD.png","contentUrl":"https:\/\/www.procarton.com\/wp-content\/uploads\/2023\/03\/IWD.png","width":943,"height":870},{"@type":"BreadcrumbList","@id":"https:\/\/www.procarton.com\/pro-carton-marks-international-womens-day-2023-with-new-interview-series\/#breadcrumb","itemListElement":[{"@type":"ListItem","position":1,"name":"Home","item":"https:\/\/www.procarton.com\/"},{"@type":"ListItem","position":2,"name":"Pro Carton marks International Women\u2019s Day 2023 with new interview series"}]},{"@type":"WebSite","@id":"https:\/\/www.procarton.com\/es\/#website","url":"https:\/\/www.procarton.com\/es\/","name":"Pro Carton","description":"","publisher":{"@id":"https:\/\/www.procarton.com\/es\/#organization"},"potentialAction":[{"@type":"SearchAction","target":{"@type":"EntryPoint","urlTemplate":"https:\/\/www.procarton.com\/es\/?s={search_term_string}"},"query-input":{"@type":"PropertyValueSpecification","valueRequired":true,"valueName":"search_term_string"}}],"inLanguage":"es"},{"@type":"Organization","@id":"https:\/\/www.procarton.com\/es\/#organization","name":"ProCarton","url":"https:\/\/www.procarton.com\/es\/","logo":{"@type":"ImageObject","inLanguage":"es","@id":"https:\/\/www.procarton.com\/es\/#\/schema\/logo\/image\/","url":"https:\/\/www.procarton.com\/wp-content\/uploads\/2022\/06\/logo-mit-slogan.jpg","contentUrl":"https:\/\/www.procarton.com\/wp-content\/uploads\/2022\/06\/logo-mit-slogan.jpg","width":422,"height":519,"caption":"ProCarton"},"image":{"@id":"https:\/\/www.procarton.com\/es\/#\/schema\/logo\/image\/"},"sameAs":["https:\/\/www.facebook.com\/procartondesignaward\/","https:\/\/x.com\/pro_carton"]},{"@type":"Person","@id":"https:\/\/www.procarton.com\/es\/#\/schema\/person\/8f52811f36555e3fbe8aa433fda4f5b5","name":"ryan@procarton.com","url":"https:\/\/www.procarton.com\/es\/author\/pro-carton-3\/"}]}},"_links":{"self":[{"href":"https:\/\/www.procarton.com\/es\/wp-json\/wp\/v2\/posts\/285429","targetHints":{"allow":["GET"]}}],"collection":[{"href":"https:\/\/www.procarton.com\/es\/wp-json\/wp\/v2\/posts"}],"about":[{"href":"https:\/\/www.procarton.com\/es\/wp-json\/wp\/v2\/types\/post"}],"author":[{"embeddable":true,"href":"https:\/\/www.procarton.com\/es\/wp-json\/wp\/v2\/users\/1286"}],"replies":[{"embeddable":true,"href":"https:\/\/www.procarton.com\/es\/wp-json\/wp\/v2\/comments?post=285429"}],"version-history":[{"count":9,"href":"https:\/\/www.procarton.com\/es\/wp-json\/wp\/v2\/posts\/285429\/revisions"}],"predecessor-version":[{"id":289981,"href":"https:\/\/www.procarton.com\/es\/wp-json\/wp\/v2\/posts\/285429\/revisions\/289981"}],"wp:featuredmedia":[{"embeddable":true,"href":"https:\/\/www.procarton.com\/es\/wp-json\/wp\/v2\/media\/285437"}],"wp:attachment":[{"href":"https:\/\/www.procarton.com\/es\/wp-json\/wp\/v2\/media?parent=285429"}],"wp:term":[{"taxonomy":"category","embeddable":true,"href":"https:\/\/www.procarton.com\/es\/wp-json\/wp\/v2\/categories?post=285429"},{"taxonomy":"post_tag","embeddable":true,"href":"https:\/\/www.procarton.com\/es\/wp-json\/wp\/v2\/tags?post=285429"}],"curies":[{"name":"wp","href":"https:\/\/api.w.org\/{rel}","templated":true}]}}