{"id":283431,"date":"2022-12-14T15:30:50","date_gmt":"2022-12-14T15:30:50","guid":{"rendered":"https:\/\/www.procarton.com\/?p=283431"},"modified":"2023-05-09T09:49:42","modified_gmt":"2023-05-09T08:49:42","slug":"pro-cartons-commitment-to-greensource-4evergreen-fibre-packaging-europe-aligning-forces-to-increase-leverage","status":"publish","type":"post","link":"https:\/\/www.procarton.com\/es\/pro-cartons-commitment-to-greensource-4evergreen-fibre-packaging-europe-aligning-forces-to-increase-leverage\/","title":{"rendered":"El compromiso de Pro Carton con #GreenSource, 4evergreen, Fibre Packaging Europe - Alinear fuerzas para aumentar el apalancamiento"},"content":{"rendered":"<div class=\"av-animated-generic top-to-bottom flex_column av_three_fifth  flex_column_div av-zero-column-padding first  avia-builder-el-0  el_before_av_two_fifth  avia-builder-el-first\" style='border-radius:0px; '>\n<div  class='avia-image-container  av-styling-    avia-builder-el-1  avia-builder-el-no-sibling  avia-align-center'  itemprop=\"image\" itemscope=\"itemscope\" itemtype=\"https:\/\/schema.org\/ImageObject\"  >\n<div class='avia-image-container-inner'>\n<div class='avia-image-overlay-wrap'><img decoding=\"async\" width=\"1030\" height=\"579\" class='wp-image-283552 avia-img-lazy-loading-not-283552 avia_image' src=\"https:\/\/www.procarton.com\/wp-content\/uploads\/2022\/12\/GreenSource-4evergreen-and-Fibre-packaging-Europe-1030x579.jpg\" alt='' title='GreenSource, 4evergreen y Fibre packaging Europe'  itemprop=\"thumbnailUrl\" srcset=\"https:\/\/www.procarton.com\/wp-content\/uploads\/2022\/12\/GreenSource-4evergreen-and-Fibre-packaging-Europe-1030x579.jpg 1030w, https:\/\/www.procarton.com\/wp-content\/uploads\/2022\/12\/GreenSource-4evergreen-and-Fibre-packaging-Europe-300x169.jpg 300w, https:\/\/www.procarton.com\/wp-content\/uploads\/2022\/12\/GreenSource-4evergreen-and-Fibre-packaging-Europe-768x432.jpg 768w, https:\/\/www.procarton.com\/wp-content\/uploads\/2022\/12\/GreenSource-4evergreen-and-Fibre-packaging-Europe-1536x864.jpg 1536w, https:\/\/www.procarton.com\/wp-content\/uploads\/2022\/12\/GreenSource-4evergreen-and-Fibre-packaging-Europe-18x10.jpg 18w, https:\/\/www.procarton.com\/wp-content\/uploads\/2022\/12\/GreenSource-4evergreen-and-Fibre-packaging-Europe-1500x844.jpg 1500w, https:\/\/www.procarton.com\/wp-content\/uploads\/2022\/12\/GreenSource-4evergreen-and-Fibre-packaging-Europe-705x397.jpg 705w, https:\/\/www.procarton.com\/wp-content\/uploads\/2022\/12\/GreenSource-4evergreen-and-Fibre-packaging-Europe.jpg 1920w\" sizes=\"(max-width: 1030px) 100vw, 1030px\" \/><\/div>\n<\/div>\n<\/div>\n<\/div>\n<div class=\"av-animated-generic top-to-bottom flex_column av_two_fifth  flex_column_div av-zero-column-padding   avia-builder-el-2  el_after_av_three_fifth  el_before_av_hr\" style='border-radius:0px; '>\n<section class=\"av_textblock_section\"  itemscope=\"itemscope\" itemtype=\"https:\/\/schema.org\/BlogPosting\" itemprop=\"blogPost\" >\n<div class='avia_textblock'   itemprop=\"text\" >\n<p>Durante 2022, Pro Carton se ha comprometido a la <strong>#GreenSource<\/strong> Iniciativa <strong>4evergreen<\/strong> Alianza y la <strong>Fibre Packaging Europe<\/strong> Coalici\u00f3n.<\/p>\n<p>Cada uno de ellos tiene un objetivo diferente para el sector de los envases de fibra: la comunicaci\u00f3n, la cooperaci\u00f3n y la promoci\u00f3n.<\/p>\n<p>Cada una de ellas comparte un objetivo com\u00fan: promover el uso de envases de cart\u00f3n y cartoncillo como medio de envasado econ\u00f3mica y ecol\u00f3gicamente equilibrado.<\/p>\n<\/div>\n<\/section>\n<div  style='height:50px' class='hr hr-invisible   avia-builder-el-4  el_after_av_textblock  el_before_av_textblock'><span class='hr-inner' ><span class='hr-inner-style'><\/span><\/span><\/div>\n<section class=\"av_textblock_section\"  itemscope=\"itemscope\" itemtype=\"https:\/\/schema.org\/BlogPosting\" itemprop=\"blogPost\" >\n<div class='avia_textblock'   itemprop=\"text\" >\n<h4 style=\"text-align: center;\"><strong>Al aunar fuerzas, aumentamos nuestra influencia como sector.<\/strong><\/h4>\n<\/div>\n<\/section>\n<\/div>\n<div   class='hr hr-default   avia-builder-el-6  el_after_av_two_fifth  el_before_av_two_third'><span class='hr-inner' ><span class='hr-inner-style'><\/span><\/span><\/div>\n<div class=\"av-animated-generic top-to-bottom flex_column av_two_third  flex_column_div av-zero-column-padding first  avia-builder-el-7  el_after_av_hr  el_before_av_one_third\" style='border-radius:0px; '>\n<section class=\"av_textblock_section\"  itemscope=\"itemscope\" itemtype=\"https:\/\/schema.org\/BlogPosting\" itemprop=\"blogPost\" >\n<div class='avia_textblock'   itemprop=\"text\" >\n<h3><strong>#GreenSource<\/strong><\/h3>\n<p>La iniciativa #GreenSource es un esfuerzo a escala europea para <strong><u>explique<\/u> <\/strong>y <a href=\"https:\/\/youtu.be\/43iDsXbM4uk\" target=\"_blank\" rel=\"noopener\"><strong><u>comunicar<\/u><\/strong><\/a> los beneficios de la industria basada en las fibras forestales y c\u00f3mo pretende hacer realidad el objetivo de neutralidad clim\u00e1tica para 2050.<\/p>\n<p>#GreenSource se centra en la actividad en las redes sociales para promover la reputaci\u00f3n del sector y mostrar sus contribuciones positivas a la sociedad, en consonancia con las prioridades del Pacto Verde de la UE.<\/p>\n<p>#GreenSource incorpora 4 organizaciones miembros: ACE, Cepi, EPIS y Pro Carton.<\/p>\n<\/div>\n<\/section>\n<\/div>\n<div class=\"av-animated-generic top-to-bottom flex_column av_one_third  flex_column_div av-zero-column-padding   avia-builder-el-9  el_after_av_two_third  el_before_av_hr\" style='border-radius:0px; '>\n<div  class='avia-image-container  av-styling-    avia-builder-el-10  avia-builder-el-no-sibling  avia-align-center'  itemprop=\"image\" itemscope=\"itemscope\" itemtype=\"https:\/\/schema.org\/ImageObject\"  >\n<div class='avia-image-container-inner'>\n<div class='avia-image-overlay-wrap'><a href=\"https:\/\/www.eugreensource.org\/\" class='avia_image' target=\"_blank\" rel=\"noopener noreferrer\"><img decoding=\"async\" width=\"300\" height=\"169\" class='wp-image-283556 avia-img-lazy-loading-not-283556 avia_image' src=\"https:\/\/www.procarton.com\/wp-content\/uploads\/2022\/12\/what-is-grensource-slide-1-300x169.jpg\" alt='' title='qu\u00e9 es grensource slide'  itemprop=\"thumbnailUrl\" srcset=\"https:\/\/www.procarton.com\/wp-content\/uploads\/2022\/12\/what-is-grensource-slide-1-300x169.jpg 300w, https:\/\/www.procarton.com\/wp-content\/uploads\/2022\/12\/what-is-grensource-slide-1-1030x579.jpg 1030w, https:\/\/www.procarton.com\/wp-content\/uploads\/2022\/12\/what-is-grensource-slide-1-768x432.jpg 768w, https:\/\/www.procarton.com\/wp-content\/uploads\/2022\/12\/what-is-grensource-slide-1-1536x864.jpg 1536w, https:\/\/www.procarton.com\/wp-content\/uploads\/2022\/12\/what-is-grensource-slide-1-18x10.jpg 18w, https:\/\/www.procarton.com\/wp-content\/uploads\/2022\/12\/what-is-grensource-slide-1-1500x844.jpg 1500w, https:\/\/www.procarton.com\/wp-content\/uploads\/2022\/12\/what-is-grensource-slide-1-705x397.jpg 705w, https:\/\/www.procarton.com\/wp-content\/uploads\/2022\/12\/what-is-grensource-slide-1.jpg 1920w\" sizes=\"(max-width: 300px) 100vw, 300px\" \/><\/a><\/div>\n<\/div>\n<\/div>\n<\/div>\n<div   class='hr hr-default   avia-builder-el-11  el_after_av_one_third  el_before_av_one_third'><span class='hr-inner' ><span class='hr-inner-style'><\/span><\/span><\/div>\n<div class=\"av-animated-generic top-to-bottom flex_column av_one_third  flex_column_div av-zero-column-padding first  avia-builder-el-12  el_after_av_hr  el_before_av_two_third\" style='border-radius:0px; '>\n<div  class='avia-image-container  av-styling-    avia-builder-el-13  avia-builder-el-no-sibling  avia-align-center'  itemprop=\"image\" itemscope=\"itemscope\" itemtype=\"https:\/\/schema.org\/ImageObject\"  >\n<div class='avia-image-container-inner'>\n<div class='avia-image-overlay-wrap'><a href=\"https:\/\/4evergreenforum.eu\/\" class='avia_image' target=\"_blank\" rel=\"noopener noreferrer\"><img decoding=\"async\" width=\"300\" height=\"120\" class='wp-image-281868 avia-img-lazy-loading-not-281868 avia_image' src=\"https:\/\/www.procarton.com\/wp-content\/uploads\/2022\/09\/4Evergreen-2022-logo-300x120.png\" alt='' title='4Logotipo de Evergreen 2022'  itemprop=\"thumbnailUrl\" srcset=\"https:\/\/www.procarton.com\/wp-content\/uploads\/2022\/09\/4Evergreen-2022-logo-300x120.png 300w, https:\/\/www.procarton.com\/wp-content\/uploads\/2022\/09\/4Evergreen-2022-logo-1030x412.png 1030w, https:\/\/www.procarton.com\/wp-content\/uploads\/2022\/09\/4Evergreen-2022-logo-768x307.png 768w, https:\/\/www.procarton.com\/wp-content\/uploads\/2022\/09\/4Evergreen-2022-logo-18x7.png 18w, https:\/\/www.procarton.com\/wp-content\/uploads\/2022\/09\/4Evergreen-2022-logo-705x282.png 705w, https:\/\/www.procarton.com\/wp-content\/uploads\/2022\/09\/4Evergreen-2022-logo.png 1042w\" sizes=\"(max-width: 300px) 100vw, 300px\" \/><\/a><\/div>\n<\/div>\n<\/div>\n<\/div>\n<div class=\"av-animated-generic top-to-bottom flex_column av_two_third  flex_column_div av-zero-column-padding   avia-builder-el-14  el_after_av_one_third  el_before_av_hr\" style='border-radius:0px; '>\n<section class=\"av_textblock_section\"  itemscope=\"itemscope\" itemtype=\"https:\/\/schema.org\/BlogPosting\" itemprop=\"blogPost\" >\n<div class='avia_textblock'   itemprop=\"text\" >\n<h3 style=\"text-align: right;\"><strong>4evergreen<\/strong><\/h3>\n<p>4evergreen es una alianza intersectorial que fomenta las sinergias entre las empresas que promueven los envases de fibra bajos en carbono y circulares.  Al reunir a toda la cadena de valor, 4evergreen permite <strong><u>cooperaci\u00f3n<\/u><\/strong>\u00a0con una visi\u00f3n completa del ciclo de vida de los envases de fibra.<\/p>\n<p>El Grupo Directivo 4evergreen est\u00e1 formado por fabricantes y recicladores de pasta, papel y cart\u00f3n, proveedores de materiales no fibrosos, productores y transformadores de envases y propietarios de marcas de toda Europa.<\/p>\n<\/div>\n<\/section>\n<\/div>\n<div   class='hr hr-default   avia-builder-el-16  el_after_av_two_third  el_before_av_two_third'><span class='hr-inner' ><span class='hr-inner-style'><\/span><\/span><\/div>\n<div class=\"av-animated-generic top-to-bottom flex_column av_two_third  flex_column_div av-zero-column-padding first  avia-builder-el-17  el_after_av_hr  el_before_av_one_third\" style='border-radius:0px; '>\n<section class=\"av_textblock_section\"  itemscope=\"itemscope\" itemtype=\"https:\/\/schema.org\/BlogPosting\" itemprop=\"blogPost\" >\n<div class='avia_textblock'   itemprop=\"text\" >\n<h3><strong>Fibre Packaging Europe (FPE)<\/strong><\/h3>\n<p>Fibre Packaging Europe (FPE) es una coalici\u00f3n informal de siete asociaciones comerciales que representan a las industrias relacionadas con la silvicultura, la producci\u00f3n de pasta, papel, cart\u00f3n y reciclado de toda Europa.<\/p>\n<p>La FPE se centra en comprender la legislaci\u00f3n de la UE que afecta a nuestra industria y en trabajar con los responsables pol\u00edticos para garantizar que los conocimientos de las partes interesadas y las pruebas cient\u00edficas se tengan en cuenta durante los procesos legislativos ordinarios.<\/p>\n<p>Los miembros de FPE son ACE, Cepi, ECMA, EPPA, FEFCO, Pro Carton y Swedish Forest Industries.<\/p>\n<\/div>\n<\/section>\n<\/div>\n<div class=\"av-animated-generic top-to-bottom flex_column av_one_third  flex_column_div av-zero-column-padding   avia-builder-el-19  el_after_av_two_third  avia-builder-el-last\" style='border-radius:0px; '>\n<div  class='avia-image-container  av-styling-    avia-builder-el-20  avia-builder-el-no-sibling  avia-align-center'  itemprop=\"image\" itemscope=\"itemscope\" itemtype=\"https:\/\/schema.org\/ImageObject\"  >\n<div class='avia-image-container-inner'>\n<div class='avia-image-overlay-wrap'><a href=\"https:\/\/www.fibre-packaging.eu\/\" class='avia_image' target=\"_blank\" rel=\"noopener noreferrer\"><img decoding=\"async\" width=\"973\" height=\"508\" class='wp-image-283302 avia-img-lazy-loading-not-283302 avia_image' src=\"https:\/\/www.procarton.com\/wp-content\/uploads\/2022\/11\/Fibre-Packaging-Europe-Members-November-2022.png\" alt='' title='Miembros de Fibre Packaging Europe Noviembre 2022'  itemprop=\"thumbnailUrl\" srcset=\"https:\/\/www.procarton.com\/wp-content\/uploads\/2022\/11\/Fibre-Packaging-Europe-Members-November-2022.png 973w, https:\/\/www.procarton.com\/wp-content\/uploads\/2022\/11\/Fibre-Packaging-Europe-Members-November-2022-300x157.png 300w, https:\/\/www.procarton.com\/wp-content\/uploads\/2022\/11\/Fibre-Packaging-Europe-Members-November-2022-768x401.png 768w, https:\/\/www.procarton.com\/wp-content\/uploads\/2022\/11\/Fibre-Packaging-Europe-Members-November-2022-18x9.png 18w, https:\/\/www.procarton.com\/wp-content\/uploads\/2022\/11\/Fibre-Packaging-Europe-Members-November-2022-705x368.png 705w\" sizes=\"(max-width: 973px) 100vw, 973px\" \/><\/a><\/div>\n<\/div>\n<\/div>\n<\/div>","protected":false},"excerpt":{"rendered":"<p>Una iniciativa, una alianza y una coalici\u00f3n:  #GreenSource, 4evergreen y Fibre Packaging Europe.<\/p>","protected":false},"author":1286,"featured_media":283552,"comment_status":"closed","ping_status":"open","sticky":false,"template":"","format":"standard","meta":{"inline_featured_image":false,"footnotes":""},"categories":[270,79,272,271,241,44,242,52],"tags":[],"class_list":["post-283431","post","type-post","status-publish","format-standard","has-post-thumbnail","hentry","category-4evergreen","category-brands-markets","category-fibre-packaging-europe-fpe","category-greensource","category-legislation","category-marketing-trends","category-procarton","category-sustainability"],"yoast_head":"<!-- This site is optimized with the Yoast SEO plugin v27.4 - https:\/\/yoast.com\/product\/yoast-seo-wordpress\/ -->\n<title>Pro Carton&#039;s commitment to #GreenSource, 4evergreen, Fibre Packaging Europe - Aligning forces to increase leverage - Pro Carton<\/title>\n<meta name=\"robots\" content=\"index, follow, max-snippet:-1, max-image-preview:large, max-video-preview:-1\" \/>\n<link rel=\"canonical\" href=\"https:\/\/www.procarton.com\/es\/pro-cartons-commitment-to-greensource-4evergreen-fibre-packaging-europe-aligning-forces-to-increase-leverage\/\" \/>\n<meta property=\"og:locale\" content=\"es_ES\" \/>\n<meta property=\"og:type\" content=\"article\" \/>\n<meta property=\"og:title\" content=\"Pro Carton&#039;s commitment to #GreenSource, 4evergreen, Fibre Packaging Europe - Aligning forces to increase leverage - Pro Carton\" \/>\n<meta property=\"og:description\" content=\"An Initiative, an Alliance and a Coalition overviewed: #GreenSource, 4evergreen and Fibre Packaging Europe.\" \/>\n<meta property=\"og:url\" content=\"https:\/\/www.procarton.com\/es\/pro-cartons-commitment-to-greensource-4evergreen-fibre-packaging-europe-aligning-forces-to-increase-leverage\/\" \/>\n<meta property=\"og:site_name\" content=\"Pro Carton\" \/>\n<meta property=\"article:publisher\" content=\"https:\/\/www.facebook.com\/procartondesignaward\/\" \/>\n<meta property=\"article:published_time\" content=\"2022-12-14T15:30:50+00:00\" \/>\n<meta property=\"article:modified_time\" content=\"2023-05-09T08:49:42+00:00\" \/>\n<meta property=\"og:image\" content=\"https:\/\/www.procarton.com\/wp-content\/uploads\/2022\/12\/GreenSource-4evergreen-and-Fibre-packaging-Europe.jpg\" \/>\n\t<meta property=\"og:image:width\" content=\"1920\" \/>\n\t<meta property=\"og:image:height\" content=\"1080\" \/>\n\t<meta property=\"og:image:type\" content=\"image\/jpeg\" \/>\n<meta name=\"author\" content=\"ryan@procarton.com\" \/>\n<meta name=\"twitter:card\" content=\"summary_large_image\" \/>\n<meta name=\"twitter:creator\" content=\"@pro_carton\" \/>\n<meta name=\"twitter:site\" content=\"@pro_carton\" \/>\n<meta name=\"twitter:label1\" content=\"Escrito por\" \/>\n\t<meta name=\"twitter:data1\" content=\"ryan@procarton.com\" \/>\n\t<meta name=\"twitter:label2\" content=\"Tiempo de lectura\" \/>\n\t<meta name=\"twitter:data2\" content=\"4 minutos\" \/>\n<script type=\"application\/ld+json\" class=\"yoast-schema-graph\">{\"@context\":\"https:\\\/\\\/schema.org\",\"@graph\":[{\"@type\":\"Article\",\"@id\":\"https:\\\/\\\/www.procarton.com\\\/pro-cartons-commitment-to-greensource-4evergreen-fibre-packaging-europe-aligning-forces-to-increase-leverage\\\/#article\",\"isPartOf\":{\"@id\":\"https:\\\/\\\/www.procarton.com\\\/pro-cartons-commitment-to-greensource-4evergreen-fibre-packaging-europe-aligning-forces-to-increase-leverage\\\/\"},\"author\":{\"name\":\"ryan@procarton.com\",\"@id\":\"https:\\\/\\\/www.procarton.com\\\/es\\\/#\\\/schema\\\/person\\\/8f52811f36555e3fbe8aa433fda4f5b5\"},\"headline\":\"Pro Carton&#8217;s commitment to #GreenSource, 4evergreen, Fibre Packaging Europe &#8211; Aligning forces to increase leverage\",\"datePublished\":\"2022-12-14T15:30:50+00:00\",\"dateModified\":\"2023-05-09T08:49:42+00:00\",\"mainEntityOfPage\":{\"@id\":\"https:\\\/\\\/www.procarton.com\\\/pro-cartons-commitment-to-greensource-4evergreen-fibre-packaging-europe-aligning-forces-to-increase-leverage\\\/\"},\"wordCount\":2151,\"publisher\":{\"@id\":\"https:\\\/\\\/www.procarton.com\\\/es\\\/#organization\"},\"image\":{\"@id\":\"https:\\\/\\\/www.procarton.com\\\/pro-cartons-commitment-to-greensource-4evergreen-fibre-packaging-europe-aligning-forces-to-increase-leverage\\\/#primaryimage\"},\"thumbnailUrl\":\"https:\\\/\\\/www.procarton.com\\\/wp-content\\\/uploads\\\/2022\\\/12\\\/GreenSource-4evergreen-and-Fibre-packaging-Europe.jpg\",\"articleSection\":[\"4evergreen\",\"Brands &amp; Markets\",\"Fibre Packaging Europe (FPE)\",\"Greensource\",\"Legislation\",\"Marketing Trends\",\"Pro Carton\",\"Sustainability\"],\"inLanguage\":\"es\"},{\"@type\":\"WebPage\",\"@id\":\"https:\\\/\\\/www.procarton.com\\\/pro-cartons-commitment-to-greensource-4evergreen-fibre-packaging-europe-aligning-forces-to-increase-leverage\\\/\",\"url\":\"https:\\\/\\\/www.procarton.com\\\/pro-cartons-commitment-to-greensource-4evergreen-fibre-packaging-europe-aligning-forces-to-increase-leverage\\\/\",\"name\":\"Pro Carton's commitment to #GreenSource, 4evergreen, Fibre Packaging Europe - Aligning forces to increase leverage - Pro Carton\",\"isPartOf\":{\"@id\":\"https:\\\/\\\/www.procarton.com\\\/es\\\/#website\"},\"primaryImageOfPage\":{\"@id\":\"https:\\\/\\\/www.procarton.com\\\/pro-cartons-commitment-to-greensource-4evergreen-fibre-packaging-europe-aligning-forces-to-increase-leverage\\\/#primaryimage\"},\"image\":{\"@id\":\"https:\\\/\\\/www.procarton.com\\\/pro-cartons-commitment-to-greensource-4evergreen-fibre-packaging-europe-aligning-forces-to-increase-leverage\\\/#primaryimage\"},\"thumbnailUrl\":\"https:\\\/\\\/www.procarton.com\\\/wp-content\\\/uploads\\\/2022\\\/12\\\/GreenSource-4evergreen-and-Fibre-packaging-Europe.jpg\",\"datePublished\":\"2022-12-14T15:30:50+00:00\",\"dateModified\":\"2023-05-09T08:49:42+00:00\",\"breadcrumb\":{\"@id\":\"https:\\\/\\\/www.procarton.com\\\/pro-cartons-commitment-to-greensource-4evergreen-fibre-packaging-europe-aligning-forces-to-increase-leverage\\\/#breadcrumb\"},\"inLanguage\":\"es\",\"potentialAction\":[{\"@type\":\"ReadAction\",\"target\":[\"https:\\\/\\\/www.procarton.com\\\/pro-cartons-commitment-to-greensource-4evergreen-fibre-packaging-europe-aligning-forces-to-increase-leverage\\\/\"]}]},{\"@type\":\"ImageObject\",\"inLanguage\":\"es\",\"@id\":\"https:\\\/\\\/www.procarton.com\\\/pro-cartons-commitment-to-greensource-4evergreen-fibre-packaging-europe-aligning-forces-to-increase-leverage\\\/#primaryimage\",\"url\":\"https:\\\/\\\/www.procarton.com\\\/wp-content\\\/uploads\\\/2022\\\/12\\\/GreenSource-4evergreen-and-Fibre-packaging-Europe.jpg\",\"contentUrl\":\"https:\\\/\\\/www.procarton.com\\\/wp-content\\\/uploads\\\/2022\\\/12\\\/GreenSource-4evergreen-and-Fibre-packaging-Europe.jpg\",\"width\":1920,\"height\":1080},{\"@type\":\"BreadcrumbList\",\"@id\":\"https:\\\/\\\/www.procarton.com\\\/pro-cartons-commitment-to-greensource-4evergreen-fibre-packaging-europe-aligning-forces-to-increase-leverage\\\/#breadcrumb\",\"itemListElement\":[{\"@type\":\"ListItem\",\"position\":1,\"name\":\"Home\",\"item\":\"https:\\\/\\\/www.procarton.com\\\/\"},{\"@type\":\"ListItem\",\"position\":2,\"name\":\"Pro Carton&#8217;s commitment to #GreenSource, 4evergreen, Fibre Packaging Europe &#8211; Aligning forces to increase leverage\"}]},{\"@type\":\"WebSite\",\"@id\":\"https:\\\/\\\/www.procarton.com\\\/es\\\/#website\",\"url\":\"https:\\\/\\\/www.procarton.com\\\/es\\\/\",\"name\":\"Pro Carton\",\"description\":\"\",\"publisher\":{\"@id\":\"https:\\\/\\\/www.procarton.com\\\/es\\\/#organization\"},\"potentialAction\":[{\"@type\":\"SearchAction\",\"target\":{\"@type\":\"EntryPoint\",\"urlTemplate\":\"https:\\\/\\\/www.procarton.com\\\/es\\\/?s={search_term_string}\"},\"query-input\":{\"@type\":\"PropertyValueSpecification\",\"valueRequired\":true,\"valueName\":\"search_term_string\"}}],\"inLanguage\":\"es\"},{\"@type\":\"Organization\",\"@id\":\"https:\\\/\\\/www.procarton.com\\\/es\\\/#organization\",\"name\":\"ProCarton\",\"url\":\"https:\\\/\\\/www.procarton.com\\\/es\\\/\",\"logo\":{\"@type\":\"ImageObject\",\"inLanguage\":\"es\",\"@id\":\"https:\\\/\\\/www.procarton.com\\\/es\\\/#\\\/schema\\\/logo\\\/image\\\/\",\"url\":\"https:\\\/\\\/www.procarton.com\\\/wp-content\\\/uploads\\\/2022\\\/06\\\/logo-mit-slogan.jpg\",\"contentUrl\":\"https:\\\/\\\/www.procarton.com\\\/wp-content\\\/uploads\\\/2022\\\/06\\\/logo-mit-slogan.jpg\",\"width\":422,\"height\":519,\"caption\":\"ProCarton\"},\"image\":{\"@id\":\"https:\\\/\\\/www.procarton.com\\\/es\\\/#\\\/schema\\\/logo\\\/image\\\/\"},\"sameAs\":[\"https:\\\/\\\/www.facebook.com\\\/procartondesignaward\\\/\",\"https:\\\/\\\/x.com\\\/pro_carton\"]},{\"@type\":\"Person\",\"@id\":\"https:\\\/\\\/www.procarton.com\\\/es\\\/#\\\/schema\\\/person\\\/8f52811f36555e3fbe8aa433fda4f5b5\",\"name\":\"ryan@procarton.com\",\"url\":\"https:\\\/\\\/www.procarton.com\\\/es\\\/author\\\/pro-carton-3\\\/\"}]}<\/script>\n<!-- \/ Yoast SEO plugin. -->","yoast_head_json":{"title":"El compromiso de Pro Carton con #GreenSource, 4evergreen, Fibre Packaging Europe - Alinear fuerzas para aumentar el apalancamiento - Pro Carton","robots":{"index":"index","follow":"follow","max-snippet":"max-snippet:-1","max-image-preview":"max-image-preview:large","max-video-preview":"max-video-preview:-1"},"canonical":"https:\/\/www.procarton.com\/es\/pro-cartons-commitment-to-greensource-4evergreen-fibre-packaging-europe-aligning-forces-to-increase-leverage\/","og_locale":"es_ES","og_type":"article","og_title":"Pro Carton's commitment to #GreenSource, 4evergreen, Fibre Packaging Europe - Aligning forces to increase leverage - Pro Carton","og_description":"An Initiative, an Alliance and a Coalition overviewed: #GreenSource, 4evergreen and Fibre Packaging Europe.","og_url":"https:\/\/www.procarton.com\/es\/pro-cartons-commitment-to-greensource-4evergreen-fibre-packaging-europe-aligning-forces-to-increase-leverage\/","og_site_name":"Pro Carton","article_publisher":"https:\/\/www.facebook.com\/procartondesignaward\/","article_published_time":"2022-12-14T15:30:50+00:00","article_modified_time":"2023-05-09T08:49:42+00:00","og_image":[{"width":1920,"height":1080,"url":"https:\/\/www.procarton.com\/wp-content\/uploads\/2022\/12\/GreenSource-4evergreen-and-Fibre-packaging-Europe.jpg","type":"image\/jpeg"}],"author":"ryan@procarton.com","twitter_card":"summary_large_image","twitter_creator":"@pro_carton","twitter_site":"@pro_carton","twitter_misc":{"Escrito por":"ryan@procarton.com","Tiempo de lectura":"4 minutos"},"schema":{"@context":"https:\/\/schema.org","@graph":[{"@type":"Article","@id":"https:\/\/www.procarton.com\/pro-cartons-commitment-to-greensource-4evergreen-fibre-packaging-europe-aligning-forces-to-increase-leverage\/#article","isPartOf":{"@id":"https:\/\/www.procarton.com\/pro-cartons-commitment-to-greensource-4evergreen-fibre-packaging-europe-aligning-forces-to-increase-leverage\/"},"author":{"name":"ryan@procarton.com","@id":"https:\/\/www.procarton.com\/es\/#\/schema\/person\/8f52811f36555e3fbe8aa433fda4f5b5"},"headline":"Pro Carton&#8217;s commitment to #GreenSource, 4evergreen, Fibre Packaging Europe &#8211; Aligning forces to increase leverage","datePublished":"2022-12-14T15:30:50+00:00","dateModified":"2023-05-09T08:49:42+00:00","mainEntityOfPage":{"@id":"https:\/\/www.procarton.com\/pro-cartons-commitment-to-greensource-4evergreen-fibre-packaging-europe-aligning-forces-to-increase-leverage\/"},"wordCount":2151,"publisher":{"@id":"https:\/\/www.procarton.com\/es\/#organization"},"image":{"@id":"https:\/\/www.procarton.com\/pro-cartons-commitment-to-greensource-4evergreen-fibre-packaging-europe-aligning-forces-to-increase-leverage\/#primaryimage"},"thumbnailUrl":"https:\/\/www.procarton.com\/wp-content\/uploads\/2022\/12\/GreenSource-4evergreen-and-Fibre-packaging-Europe.jpg","articleSection":["4evergreen","Brands &amp; Markets","Fibre Packaging Europe (FPE)","Greensource","Legislation","Marketing Trends","Pro Carton","Sustainability"],"inLanguage":"es"},{"@type":"WebPage","@id":"https:\/\/www.procarton.com\/pro-cartons-commitment-to-greensource-4evergreen-fibre-packaging-europe-aligning-forces-to-increase-leverage\/","url":"https:\/\/www.procarton.com\/pro-cartons-commitment-to-greensource-4evergreen-fibre-packaging-europe-aligning-forces-to-increase-leverage\/","name":"El compromiso de Pro Carton con #GreenSource, 4evergreen, Fibre Packaging Europe - Alinear fuerzas para aumentar el apalancamiento - Pro Carton","isPartOf":{"@id":"https:\/\/www.procarton.com\/es\/#website"},"primaryImageOfPage":{"@id":"https:\/\/www.procarton.com\/pro-cartons-commitment-to-greensource-4evergreen-fibre-packaging-europe-aligning-forces-to-increase-leverage\/#primaryimage"},"image":{"@id":"https:\/\/www.procarton.com\/pro-cartons-commitment-to-greensource-4evergreen-fibre-packaging-europe-aligning-forces-to-increase-leverage\/#primaryimage"},"thumbnailUrl":"https:\/\/www.procarton.com\/wp-content\/uploads\/2022\/12\/GreenSource-4evergreen-and-Fibre-packaging-Europe.jpg","datePublished":"2022-12-14T15:30:50+00:00","dateModified":"2023-05-09T08:49:42+00:00","breadcrumb":{"@id":"https:\/\/www.procarton.com\/pro-cartons-commitment-to-greensource-4evergreen-fibre-packaging-europe-aligning-forces-to-increase-leverage\/#breadcrumb"},"inLanguage":"es","potentialAction":[{"@type":"ReadAction","target":["https:\/\/www.procarton.com\/pro-cartons-commitment-to-greensource-4evergreen-fibre-packaging-europe-aligning-forces-to-increase-leverage\/"]}]},{"@type":"ImageObject","inLanguage":"es","@id":"https:\/\/www.procarton.com\/pro-cartons-commitment-to-greensource-4evergreen-fibre-packaging-europe-aligning-forces-to-increase-leverage\/#primaryimage","url":"https:\/\/www.procarton.com\/wp-content\/uploads\/2022\/12\/GreenSource-4evergreen-and-Fibre-packaging-Europe.jpg","contentUrl":"https:\/\/www.procarton.com\/wp-content\/uploads\/2022\/12\/GreenSource-4evergreen-and-Fibre-packaging-Europe.jpg","width":1920,"height":1080},{"@type":"BreadcrumbList","@id":"https:\/\/www.procarton.com\/pro-cartons-commitment-to-greensource-4evergreen-fibre-packaging-europe-aligning-forces-to-increase-leverage\/#breadcrumb","itemListElement":[{"@type":"ListItem","position":1,"name":"Home","item":"https:\/\/www.procarton.com\/"},{"@type":"ListItem","position":2,"name":"Pro Carton&#8217;s commitment to #GreenSource, 4evergreen, Fibre Packaging Europe &#8211; Aligning forces to increase leverage"}]},{"@type":"WebSite","@id":"https:\/\/www.procarton.com\/es\/#website","url":"https:\/\/www.procarton.com\/es\/","name":"Pro Carton","description":"","publisher":{"@id":"https:\/\/www.procarton.com\/es\/#organization"},"potentialAction":[{"@type":"SearchAction","target":{"@type":"EntryPoint","urlTemplate":"https:\/\/www.procarton.com\/es\/?s={search_term_string}"},"query-input":{"@type":"PropertyValueSpecification","valueRequired":true,"valueName":"search_term_string"}}],"inLanguage":"es"},{"@type":"Organization","@id":"https:\/\/www.procarton.com\/es\/#organization","name":"ProCarton","url":"https:\/\/www.procarton.com\/es\/","logo":{"@type":"ImageObject","inLanguage":"es","@id":"https:\/\/www.procarton.com\/es\/#\/schema\/logo\/image\/","url":"https:\/\/www.procarton.com\/wp-content\/uploads\/2022\/06\/logo-mit-slogan.jpg","contentUrl":"https:\/\/www.procarton.com\/wp-content\/uploads\/2022\/06\/logo-mit-slogan.jpg","width":422,"height":519,"caption":"ProCarton"},"image":{"@id":"https:\/\/www.procarton.com\/es\/#\/schema\/logo\/image\/"},"sameAs":["https:\/\/www.facebook.com\/procartondesignaward\/","https:\/\/x.com\/pro_carton"]},{"@type":"Person","@id":"https:\/\/www.procarton.com\/es\/#\/schema\/person\/8f52811f36555e3fbe8aa433fda4f5b5","name":"ryan@procarton.com","url":"https:\/\/www.procarton.com\/es\/author\/pro-carton-3\/"}]}},"_links":{"self":[{"href":"https:\/\/www.procarton.com\/es\/wp-json\/wp\/v2\/posts\/283431","targetHints":{"allow":["GET"]}}],"collection":[{"href":"https:\/\/www.procarton.com\/es\/wp-json\/wp\/v2\/posts"}],"about":[{"href":"https:\/\/www.procarton.com\/es\/wp-json\/wp\/v2\/types\/post"}],"author":[{"embeddable":true,"href":"https:\/\/www.procarton.com\/es\/wp-json\/wp\/v2\/users\/1286"}],"replies":[{"embeddable":true,"href":"https:\/\/www.procarton.com\/es\/wp-json\/wp\/v2\/comments?post=283431"}],"version-history":[{"count":20,"href":"https:\/\/www.procarton.com\/es\/wp-json\/wp\/v2\/posts\/283431\/revisions"}],"predecessor-version":[{"id":283551,"href":"https:\/\/www.procarton.com\/es\/wp-json\/wp\/v2\/posts\/283431\/revisions\/283551"}],"wp:featuredmedia":[{"embeddable":true,"href":"https:\/\/www.procarton.com\/es\/wp-json\/wp\/v2\/media\/283552"}],"wp:attachment":[{"href":"https:\/\/www.procarton.com\/es\/wp-json\/wp\/v2\/media?parent=283431"}],"wp:term":[{"taxonomy":"category","embeddable":true,"href":"https:\/\/www.procarton.com\/es\/wp-json\/wp\/v2\/categories?post=283431"},{"taxonomy":"post_tag","embeddable":true,"href":"https:\/\/www.procarton.com\/es\/wp-json\/wp\/v2\/tags?post=283431"}],"curies":[{"name":"wp","href":"https:\/\/api.w.org\/{rel}","templated":true}]}}