{"id":282363,"date":"2022-10-11T09:15:35","date_gmt":"2022-10-11T08:15:35","guid":{"rendered":"https:\/\/www.procarton.com\/?p=282363"},"modified":"2022-10-25T16:55:33","modified_gmt":"2022-10-25T15:55:33","slug":"changes-in-pro-carton-and-cepi-cartonboard-management","status":"publish","type":"post","link":"https:\/\/www.procarton.com\/es\/changes-in-pro-carton-and-cepi-cartonboard-management\/","title":{"rendered":"Cambios en la gesti\u00f3n de Pro Carton y Cepi Cartonboard"},"content":{"rendered":"<div class=\"av-animated-generic top-to-bottom flex_column av_one_full  flex_column_div av-zero-column-padding first  avia-builder-el-0  el_before_av_one_third  avia-builder-el-first\" style='border-radius:0px; '>\n<section class=\"av_textblock_section\"  itemscope=\"itemscope\" itemtype=\"https:\/\/schema.org\/BlogPosting\" itemprop=\"blogPost\" >\n<div class='avia_textblock'   itemprop=\"text\" >\n<p><strong>Pro Carton se complace en anunciar que Michele Bianchi (CEO del Grupo RDM) es el nuevo Presidente de Pro Carton. El nombramiento fue confirmado recientemente en la Asamblea General Anual en Cracovia, Polonia.<\/strong><\/p>\n<p>El Sr. Bianchi suceder\u00e1 a Horst Bittermann, que ha dejado su cargo tras cuatro a\u00f1os en \u00e9l.  Horst Bittermann dirigir\u00e1 un proceso de consulta y reorganizaci\u00f3n y ocupar\u00e1 el cargo de Director General de Pro Carton. Winfried M\u00fchling continuar\u00e1 sirviendo a Pro Carton en el papel de Director de Marketing y Comunicaci\u00f3n.<\/p>\n<\/div>\n<\/section>\n<\/div>\n<div class=\"av-animated-generic top-to-bottom flex_column av_one_third  flex_column_div av-zero-column-padding first  avia-builder-el-2  el_after_av_one_full  el_before_av_one_third  column-top-margin\" style='border-radius:0px; '>\n<div  class='avia-image-container  av-styling-    avia-builder-el-3  el_before_av_textblock  avia-builder-el-first  avia-align-center'  itemprop=\"image\" itemscope=\"itemscope\" itemtype=\"https:\/\/schema.org\/ImageObject\"  >\n<div class='avia-image-container-inner'>\n<div class='avia-image-overlay-wrap'><img decoding=\"async\" width=\"180\" height=\"180\" class='wp-image-282364 avia-img-lazy-loading-not-282364 avia_image' src=\"https:\/\/www.procarton.com\/wp-content\/uploads\/2022\/10\/Michele-Bianchi-RDM-Group-CEO.-180x180.jpg\" alt='' title='Michele Bianchi, director general del Grupo RDM.'  itemprop=\"thumbnailUrl\" srcset=\"https:\/\/www.procarton.com\/wp-content\/uploads\/2022\/10\/Michele-Bianchi-RDM-Group-CEO.-180x180.jpg 180w, https:\/\/www.procarton.com\/wp-content\/uploads\/2022\/10\/Michele-Bianchi-RDM-Group-CEO.-80x80.jpg 80w, https:\/\/www.procarton.com\/wp-content\/uploads\/2022\/10\/Michele-Bianchi-RDM-Group-CEO.-36x36.jpg 36w\" sizes=\"(max-width: 180px) 100vw, 180px\" \/><\/div>\n<\/div>\n<\/div>\n<section class=\"av_textblock_section\"  itemscope=\"itemscope\" itemtype=\"https:\/\/schema.org\/BlogPosting\" itemprop=\"blogPost\" >\n<div class='avia_textblock'   itemprop=\"text\" >\n<p style=\"text-align: center;\">Michele Bianchi, director general de RDM GROUP y presidente de Pro Carton y Cepi Cartonboard<\/p>\n<\/div>\n<\/section>\n<\/div>\n<div class=\"av-animated-generic top-to-bottom flex_column av_one_third  flex_column_div av-zero-column-padding   avia-builder-el-5  el_after_av_one_third  el_before_av_one_third  column-top-margin\" style='border-radius:0px; '>\n<div  class='avia-image-container  av-styling-    avia-builder-el-6  el_before_av_textblock  avia-builder-el-first  avia-align-center'  itemprop=\"image\" itemscope=\"itemscope\" itemtype=\"https:\/\/schema.org\/ImageObject\"  >\n<div class='avia-image-container-inner'>\n<div class='avia-image-overlay-wrap'><img decoding=\"async\" width=\"180\" height=\"180\" class='wp-image-272707 avia-img-lazy-loading-not-272707 avia_image' src=\"https:\/\/www.procarton.com\/wp-content\/uploads\/2022\/01\/horst-bittermann1-180x180.jpg\" alt='' title='horst-bittermann1'  itemprop=\"thumbnailUrl\" srcset=\"https:\/\/www.procarton.com\/wp-content\/uploads\/2022\/01\/horst-bittermann1-180x180.jpg 180w, https:\/\/www.procarton.com\/wp-content\/uploads\/2022\/01\/horst-bittermann1-80x80.jpg 80w, https:\/\/www.procarton.com\/wp-content\/uploads\/2022\/01\/horst-bittermann1-36x36.jpg 36w\" sizes=\"(max-width: 180px) 100vw, 180px\" \/><\/div>\n<\/div>\n<\/div>\n<section class=\"av_textblock_section\"  itemscope=\"itemscope\" itemtype=\"https:\/\/schema.org\/BlogPosting\" itemprop=\"blogPost\" >\n<div class='avia_textblock'   itemprop=\"text\" >\n<p style=\"text-align: center;\">Horst Bittermann, Director General<\/p>\n<\/div>\n<\/section>\n<\/div>\n<div class=\"av-animated-generic top-to-bottom flex_column av_one_third  flex_column_div av-zero-column-padding   avia-builder-el-8  el_after_av_one_third  el_before_av_one_full  column-top-margin\" style='border-radius:0px; '>\n<div  class='avia-image-container  av-styling-    avia-builder-el-9  el_before_av_textblock  avia-builder-el-first  avia-align-center'  itemprop=\"image\" itemscope=\"itemscope\" itemtype=\"https:\/\/schema.org\/ImageObject\"  >\n<div class='avia-image-container-inner'>\n<div class='avia-image-overlay-wrap'><img decoding=\"async\" width=\"180\" height=\"180\" class='wp-image-277026 avia-img-lazy-loading-not-277026 avia_image' src=\"https:\/\/www.procarton.com\/wp-content\/uploads\/2022\/04\/Winfried-Muehling-6-PCSVA-jury-photo1-180x180.png\" alt='' title='Foto del jurado de Winfried-Muehling-6-PCSVA1'  itemprop=\"thumbnailUrl\" srcset=\"https:\/\/www.procarton.com\/wp-content\/uploads\/2022\/04\/Winfried-Muehling-6-PCSVA-jury-photo1-180x180.png 180w, https:\/\/www.procarton.com\/wp-content\/uploads\/2022\/04\/Winfried-Muehling-6-PCSVA-jury-photo1-80x80.png 80w, https:\/\/www.procarton.com\/wp-content\/uploads\/2022\/04\/Winfried-Muehling-6-PCSVA-jury-photo1-36x36.png 36w\" sizes=\"(max-width: 180px) 100vw, 180px\" \/><\/div>\n<\/div>\n<\/div>\n<section class=\"av_textblock_section\"  itemscope=\"itemscope\" itemtype=\"https:\/\/schema.org\/BlogPosting\" itemprop=\"blogPost\" >\n<div class='avia_textblock'   itemprop=\"text\" >\n<p style=\"text-align: center;\">Winfried M\u00fchling, Director de Marketing y Comunicaci\u00f3n<\/p>\n<\/div>\n<\/section>\n<\/div>\n<div class=\"av-animated-generic top-to-bottom flex_column av_one_full  flex_column_div av-zero-column-padding first  avia-builder-el-11  el_after_av_one_third  avia-builder-el-last  column-top-margin\" style='border-radius:0px; '>\n<section class=\"av_textblock_section\"  itemscope=\"itemscope\" itemtype=\"https:\/\/schema.org\/BlogPosting\" itemprop=\"blogPost\" >\n<div class='avia_textblock'   itemprop=\"text\" >\n<p>En Cracovia, los miembros de las dos asociaciones industriales CEPI Cartonboard y Pro Carton han expresado su intenci\u00f3n de explorar la posibilidad de unirse en una asociaci\u00f3n fuerte bajo el nombre de Pro Carton. El objetivo principal es acercarse para conseguir m\u00e1s eficacia, eficiencia y voz de representaci\u00f3n a trav\u00e9s de nuevas l\u00edneas de trabajo espec\u00edficas, Marketing y Comunicaciones y Asuntos P\u00fablicos. El proceso de consulta con el recurso responsable, el Director General, ya se ha iniciado y deber\u00eda completarse en 2023.<\/p>\n<p>La nueva organizaci\u00f3n permitir\u00e1 una mayor armonizaci\u00f3n de las actividades, impulsar\u00e1 las sinergias, reforzar\u00e1 la voz del sector y har\u00e1 que los miembros se comprometan m\u00e1s.<\/p>\n<p><strong>Michele Bianchi, Presidente de Pro Carton y Cepi Cartonboard<\/strong>: \"Estamos convencidos de que la nueva organizaci\u00f3n ser\u00e1 la plataforma adecuada para el futuro de la industria europea del cart\u00f3n y del cart\u00f3n plegable. Con un mayor compromiso de los miembros, la cooperaci\u00f3n a trav\u00e9s de las fronteras de la industria y una colaboraci\u00f3n m\u00e1s estrecha con ECMA, estamos seguros de que nuestra uni\u00f3n apoyar\u00e1 el crecimiento sostenible de nuestra industria.\"<\/p>\n<p><strong>MICHELE BIANCHI - CEO del GRUPO RDM y Presidente de Pro Carton y Cepi Cartonboard<\/strong><\/p>\n<p>Desde 2016 es director general del Grupo RDM, l\u00edder en el negocio del cart\u00f3n reciclado y el mayor productor en Italia, Francia, Pa\u00edses Bajos y la Pen\u00ednsula Ib\u00e9rica.<\/p>\n<p>Tras completar sus estudios de Papel y Tecnolog\u00eda y un m\u00e1ster en Ingenier\u00eda Qu\u00edmica por la Universidad de Pisa, el Sr. Bianchi comenz\u00f3 su carrera profesional en el sector del embalaje en Svenska Cellulosa Aktiebolaget-SCA, adquirida en 2012 por DS Smith, un proveedor l\u00edder de embalajes de cart\u00f3n ondulado. Pas\u00f3 15 a\u00f1os en varios puestos de alta direcci\u00f3n, incluyendo ocho a\u00f1os de experiencia internacional, antes de unirse al Grupo RDM.<\/p>\n<p>En la actualidad, el Sr. Bianchi posee un arraigado y valioso conocimiento de la din\u00e1mica y las tendencias del sector de los envases, y ha desarrollado amplias competencias en la gesti\u00f3n de organizaciones complejas.<\/p>\n<p><strong>HORST BITTERMANN - Director General de Pro Carton<\/strong><\/p>\n<p>Desde septiembre de 2022, Horst Bittermann es Director General de Pro Carton, la Asociaci\u00f3n Europea de Fabricantes de Cart\u00f3n y Cartonaje.  El Sr. Bittermann, m\u00e1ster en administraci\u00f3n de empresas y econom\u00eda socioecol\u00f3gica, cuenta con a\u00f1os de experiencia en la industria del envase y embalaje como director de marketing y comunicaciones y ventas en MM Group. Anteriormente trabaj\u00f3 en el sector minorista en diferentes puestos de responsabilidad en ventas, marketing, proyectos y recursos humanos.<\/p>\n<p>El Sr. Bittermann tiene una amplia experiencia en la industria de los envases y sus impulsores, as\u00ed como un profundo conocimiento del marketing, las comunicaciones, la sostenibilidad, la innovaci\u00f3n, las ventas y la gesti\u00f3n de las partes interesadas, incluyendo la adquisici\u00f3n y la integraci\u00f3n.<\/p>\n<\/div>\n<\/section>\n<\/div>","protected":false},"excerpt":{"rendered":"<p>Pro Carton se complace en anunciar que Michele Bianchi (director general de RDM Group) es el nuevo presidente de Pro Carton.<\/p>","protected":false},"author":1286,"featured_media":282364,"comment_status":"closed","ping_status":"open","sticky":false,"template":"","format":"standard","meta":{"inline_featured_image":false,"footnotes":""},"categories":[247,77,242],"tags":[],"class_list":["post-282363","post","type-post","status-publish","format-standard","has-post-thumbnail","hentry","category-members-news","category-national-activities","category-procarton"],"yoast_head":"<!-- This site is optimized with the Yoast SEO plugin v27.4 - https:\/\/yoast.com\/product\/yoast-seo-wordpress\/ -->\n<title>Changes in Pro Carton and Cepi Cartonboard Management - Pro Carton<\/title>\n<meta name=\"robots\" content=\"index, follow, max-snippet:-1, max-image-preview:large, max-video-preview:-1\" \/>\n<link rel=\"canonical\" href=\"https:\/\/www.procarton.com\/es\/changes-in-pro-carton-and-cepi-cartonboard-management\/\" \/>\n<meta property=\"og:locale\" content=\"es_ES\" \/>\n<meta property=\"og:type\" content=\"article\" \/>\n<meta property=\"og:title\" content=\"Changes in Pro Carton and Cepi Cartonboard Management - Pro Carton\" \/>\n<meta property=\"og:description\" content=\"Pro Carton is pleased to announce Michele Bianchi (CEO of RDM Group) as the new President of Pro Carton.\" \/>\n<meta property=\"og:url\" content=\"https:\/\/www.procarton.com\/es\/changes-in-pro-carton-and-cepi-cartonboard-management\/\" \/>\n<meta property=\"og:site_name\" content=\"Pro Carton\" \/>\n<meta property=\"article:publisher\" content=\"https:\/\/www.facebook.com\/procartondesignaward\/\" \/>\n<meta property=\"article:published_time\" content=\"2022-10-11T08:15:35+00:00\" \/>\n<meta property=\"article:modified_time\" content=\"2022-10-25T15:55:33+00:00\" \/>\n<meta property=\"og:image\" content=\"https:\/\/www.procarton.com\/wp-content\/uploads\/2022\/10\/Michele-Bianchi-RDM-Group-CEO.-scaled.jpg\" \/>\n\t<meta property=\"og:image:width\" content=\"2560\" \/>\n\t<meta property=\"og:image:height\" content=\"1707\" \/>\n\t<meta property=\"og:image:type\" content=\"image\/jpeg\" \/>\n<meta name=\"author\" content=\"ryan@procarton.com\" \/>\n<meta name=\"twitter:card\" content=\"summary_large_image\" \/>\n<meta name=\"twitter:creator\" content=\"@pro_carton\" \/>\n<meta name=\"twitter:site\" content=\"@pro_carton\" \/>\n<meta name=\"twitter:label1\" content=\"Escrito por\" \/>\n\t<meta name=\"twitter:data1\" content=\"ryan@procarton.com\" \/>\n\t<meta name=\"twitter:label2\" content=\"Tiempo de lectura\" \/>\n\t<meta name=\"twitter:data2\" content=\"4 minutos\" \/>\n<script type=\"application\/ld+json\" class=\"yoast-schema-graph\">{\"@context\":\"https:\\\/\\\/schema.org\",\"@graph\":[{\"@type\":\"Article\",\"@id\":\"https:\\\/\\\/www.procarton.com\\\/changes-in-pro-carton-and-cepi-cartonboard-management\\\/#article\",\"isPartOf\":{\"@id\":\"https:\\\/\\\/www.procarton.com\\\/changes-in-pro-carton-and-cepi-cartonboard-management\\\/\"},\"author\":{\"name\":\"ryan@procarton.com\",\"@id\":\"https:\\\/\\\/www.procarton.com\\\/es\\\/#\\\/schema\\\/person\\\/8f52811f36555e3fbe8aa433fda4f5b5\"},\"headline\":\"Changes in Pro Carton and Cepi Cartonboard Management\",\"datePublished\":\"2022-10-11T08:15:35+00:00\",\"dateModified\":\"2022-10-25T15:55:33+00:00\",\"mainEntityOfPage\":{\"@id\":\"https:\\\/\\\/www.procarton.com\\\/changes-in-pro-carton-and-cepi-cartonboard-management\\\/\"},\"wordCount\":1608,\"publisher\":{\"@id\":\"https:\\\/\\\/www.procarton.com\\\/es\\\/#organization\"},\"image\":{\"@id\":\"https:\\\/\\\/www.procarton.com\\\/changes-in-pro-carton-and-cepi-cartonboard-management\\\/#primaryimage\"},\"thumbnailUrl\":\"https:\\\/\\\/www.procarton.com\\\/wp-content\\\/uploads\\\/2022\\\/10\\\/Michele-Bianchi-RDM-Group-CEO.-scaled.jpg\",\"articleSection\":[\"Members News\",\"National Activities\",\"Pro Carton\"],\"inLanguage\":\"es\"},{\"@type\":\"WebPage\",\"@id\":\"https:\\\/\\\/www.procarton.com\\\/changes-in-pro-carton-and-cepi-cartonboard-management\\\/\",\"url\":\"https:\\\/\\\/www.procarton.com\\\/changes-in-pro-carton-and-cepi-cartonboard-management\\\/\",\"name\":\"Changes in Pro Carton and Cepi Cartonboard Management - Pro Carton\",\"isPartOf\":{\"@id\":\"https:\\\/\\\/www.procarton.com\\\/es\\\/#website\"},\"primaryImageOfPage\":{\"@id\":\"https:\\\/\\\/www.procarton.com\\\/changes-in-pro-carton-and-cepi-cartonboard-management\\\/#primaryimage\"},\"image\":{\"@id\":\"https:\\\/\\\/www.procarton.com\\\/changes-in-pro-carton-and-cepi-cartonboard-management\\\/#primaryimage\"},\"thumbnailUrl\":\"https:\\\/\\\/www.procarton.com\\\/wp-content\\\/uploads\\\/2022\\\/10\\\/Michele-Bianchi-RDM-Group-CEO.-scaled.jpg\",\"datePublished\":\"2022-10-11T08:15:35+00:00\",\"dateModified\":\"2022-10-25T15:55:33+00:00\",\"breadcrumb\":{\"@id\":\"https:\\\/\\\/www.procarton.com\\\/changes-in-pro-carton-and-cepi-cartonboard-management\\\/#breadcrumb\"},\"inLanguage\":\"es\",\"potentialAction\":[{\"@type\":\"ReadAction\",\"target\":[\"https:\\\/\\\/www.procarton.com\\\/changes-in-pro-carton-and-cepi-cartonboard-management\\\/\"]}]},{\"@type\":\"ImageObject\",\"inLanguage\":\"es\",\"@id\":\"https:\\\/\\\/www.procarton.com\\\/changes-in-pro-carton-and-cepi-cartonboard-management\\\/#primaryimage\",\"url\":\"https:\\\/\\\/www.procarton.com\\\/wp-content\\\/uploads\\\/2022\\\/10\\\/Michele-Bianchi-RDM-Group-CEO.-scaled.jpg\",\"contentUrl\":\"https:\\\/\\\/www.procarton.com\\\/wp-content\\\/uploads\\\/2022\\\/10\\\/Michele-Bianchi-RDM-Group-CEO.-scaled.jpg\",\"width\":2560,\"height\":1707},{\"@type\":\"BreadcrumbList\",\"@id\":\"https:\\\/\\\/www.procarton.com\\\/changes-in-pro-carton-and-cepi-cartonboard-management\\\/#breadcrumb\",\"itemListElement\":[{\"@type\":\"ListItem\",\"position\":1,\"name\":\"Home\",\"item\":\"https:\\\/\\\/www.procarton.com\\\/\"},{\"@type\":\"ListItem\",\"position\":2,\"name\":\"Changes in Pro Carton and Cepi Cartonboard Management\"}]},{\"@type\":\"WebSite\",\"@id\":\"https:\\\/\\\/www.procarton.com\\\/es\\\/#website\",\"url\":\"https:\\\/\\\/www.procarton.com\\\/es\\\/\",\"name\":\"Pro Carton\",\"description\":\"\",\"publisher\":{\"@id\":\"https:\\\/\\\/www.procarton.com\\\/es\\\/#organization\"},\"potentialAction\":[{\"@type\":\"SearchAction\",\"target\":{\"@type\":\"EntryPoint\",\"urlTemplate\":\"https:\\\/\\\/www.procarton.com\\\/es\\\/?s={search_term_string}\"},\"query-input\":{\"@type\":\"PropertyValueSpecification\",\"valueRequired\":true,\"valueName\":\"search_term_string\"}}],\"inLanguage\":\"es\"},{\"@type\":\"Organization\",\"@id\":\"https:\\\/\\\/www.procarton.com\\\/es\\\/#organization\",\"name\":\"ProCarton\",\"url\":\"https:\\\/\\\/www.procarton.com\\\/es\\\/\",\"logo\":{\"@type\":\"ImageObject\",\"inLanguage\":\"es\",\"@id\":\"https:\\\/\\\/www.procarton.com\\\/es\\\/#\\\/schema\\\/logo\\\/image\\\/\",\"url\":\"https:\\\/\\\/www.procarton.com\\\/wp-content\\\/uploads\\\/2022\\\/06\\\/logo-mit-slogan.jpg\",\"contentUrl\":\"https:\\\/\\\/www.procarton.com\\\/wp-content\\\/uploads\\\/2022\\\/06\\\/logo-mit-slogan.jpg\",\"width\":422,\"height\":519,\"caption\":\"ProCarton\"},\"image\":{\"@id\":\"https:\\\/\\\/www.procarton.com\\\/es\\\/#\\\/schema\\\/logo\\\/image\\\/\"},\"sameAs\":[\"https:\\\/\\\/www.facebook.com\\\/procartondesignaward\\\/\",\"https:\\\/\\\/x.com\\\/pro_carton\"]},{\"@type\":\"Person\",\"@id\":\"https:\\\/\\\/www.procarton.com\\\/es\\\/#\\\/schema\\\/person\\\/8f52811f36555e3fbe8aa433fda4f5b5\",\"name\":\"ryan@procarton.com\",\"url\":\"https:\\\/\\\/www.procarton.com\\\/es\\\/author\\\/pro-carton-3\\\/\"}]}<\/script>\n<!-- \/ Yoast SEO plugin. -->","yoast_head_json":{"title":"Cambios en la gesti\u00f3n de Pro Carton y Cepi Cartonboard - Pro Carton","robots":{"index":"index","follow":"follow","max-snippet":"max-snippet:-1","max-image-preview":"max-image-preview:large","max-video-preview":"max-video-preview:-1"},"canonical":"https:\/\/www.procarton.com\/es\/changes-in-pro-carton-and-cepi-cartonboard-management\/","og_locale":"es_ES","og_type":"article","og_title":"Changes in Pro Carton and Cepi Cartonboard Management - Pro Carton","og_description":"Pro Carton is pleased to announce Michele Bianchi (CEO of RDM Group) as the new President of Pro Carton.","og_url":"https:\/\/www.procarton.com\/es\/changes-in-pro-carton-and-cepi-cartonboard-management\/","og_site_name":"Pro Carton","article_publisher":"https:\/\/www.facebook.com\/procartondesignaward\/","article_published_time":"2022-10-11T08:15:35+00:00","article_modified_time":"2022-10-25T15:55:33+00:00","og_image":[{"width":2560,"height":1707,"url":"https:\/\/www.procarton.com\/wp-content\/uploads\/2022\/10\/Michele-Bianchi-RDM-Group-CEO.-scaled.jpg","type":"image\/jpeg"}],"author":"ryan@procarton.com","twitter_card":"summary_large_image","twitter_creator":"@pro_carton","twitter_site":"@pro_carton","twitter_misc":{"Escrito por":"ryan@procarton.com","Tiempo de lectura":"4 minutos"},"schema":{"@context":"https:\/\/schema.org","@graph":[{"@type":"Article","@id":"https:\/\/www.procarton.com\/changes-in-pro-carton-and-cepi-cartonboard-management\/#article","isPartOf":{"@id":"https:\/\/www.procarton.com\/changes-in-pro-carton-and-cepi-cartonboard-management\/"},"author":{"name":"ryan@procarton.com","@id":"https:\/\/www.procarton.com\/es\/#\/schema\/person\/8f52811f36555e3fbe8aa433fda4f5b5"},"headline":"Changes in Pro Carton and Cepi Cartonboard Management","datePublished":"2022-10-11T08:15:35+00:00","dateModified":"2022-10-25T15:55:33+00:00","mainEntityOfPage":{"@id":"https:\/\/www.procarton.com\/changes-in-pro-carton-and-cepi-cartonboard-management\/"},"wordCount":1608,"publisher":{"@id":"https:\/\/www.procarton.com\/es\/#organization"},"image":{"@id":"https:\/\/www.procarton.com\/changes-in-pro-carton-and-cepi-cartonboard-management\/#primaryimage"},"thumbnailUrl":"https:\/\/www.procarton.com\/wp-content\/uploads\/2022\/10\/Michele-Bianchi-RDM-Group-CEO.-scaled.jpg","articleSection":["Members News","National Activities","Pro Carton"],"inLanguage":"es"},{"@type":"WebPage","@id":"https:\/\/www.procarton.com\/changes-in-pro-carton-and-cepi-cartonboard-management\/","url":"https:\/\/www.procarton.com\/changes-in-pro-carton-and-cepi-cartonboard-management\/","name":"Cambios en la gesti\u00f3n de Pro Carton y Cepi Cartonboard - Pro Carton","isPartOf":{"@id":"https:\/\/www.procarton.com\/es\/#website"},"primaryImageOfPage":{"@id":"https:\/\/www.procarton.com\/changes-in-pro-carton-and-cepi-cartonboard-management\/#primaryimage"},"image":{"@id":"https:\/\/www.procarton.com\/changes-in-pro-carton-and-cepi-cartonboard-management\/#primaryimage"},"thumbnailUrl":"https:\/\/www.procarton.com\/wp-content\/uploads\/2022\/10\/Michele-Bianchi-RDM-Group-CEO.-scaled.jpg","datePublished":"2022-10-11T08:15:35+00:00","dateModified":"2022-10-25T15:55:33+00:00","breadcrumb":{"@id":"https:\/\/www.procarton.com\/changes-in-pro-carton-and-cepi-cartonboard-management\/#breadcrumb"},"inLanguage":"es","potentialAction":[{"@type":"ReadAction","target":["https:\/\/www.procarton.com\/changes-in-pro-carton-and-cepi-cartonboard-management\/"]}]},{"@type":"ImageObject","inLanguage":"es","@id":"https:\/\/www.procarton.com\/changes-in-pro-carton-and-cepi-cartonboard-management\/#primaryimage","url":"https:\/\/www.procarton.com\/wp-content\/uploads\/2022\/10\/Michele-Bianchi-RDM-Group-CEO.-scaled.jpg","contentUrl":"https:\/\/www.procarton.com\/wp-content\/uploads\/2022\/10\/Michele-Bianchi-RDM-Group-CEO.-scaled.jpg","width":2560,"height":1707},{"@type":"BreadcrumbList","@id":"https:\/\/www.procarton.com\/changes-in-pro-carton-and-cepi-cartonboard-management\/#breadcrumb","itemListElement":[{"@type":"ListItem","position":1,"name":"Home","item":"https:\/\/www.procarton.com\/"},{"@type":"ListItem","position":2,"name":"Changes in Pro Carton and Cepi Cartonboard Management"}]},{"@type":"WebSite","@id":"https:\/\/www.procarton.com\/es\/#website","url":"https:\/\/www.procarton.com\/es\/","name":"Pro Carton","description":"","publisher":{"@id":"https:\/\/www.procarton.com\/es\/#organization"},"potentialAction":[{"@type":"SearchAction","target":{"@type":"EntryPoint","urlTemplate":"https:\/\/www.procarton.com\/es\/?s={search_term_string}"},"query-input":{"@type":"PropertyValueSpecification","valueRequired":true,"valueName":"search_term_string"}}],"inLanguage":"es"},{"@type":"Organization","@id":"https:\/\/www.procarton.com\/es\/#organization","name":"ProCarton","url":"https:\/\/www.procarton.com\/es\/","logo":{"@type":"ImageObject","inLanguage":"es","@id":"https:\/\/www.procarton.com\/es\/#\/schema\/logo\/image\/","url":"https:\/\/www.procarton.com\/wp-content\/uploads\/2022\/06\/logo-mit-slogan.jpg","contentUrl":"https:\/\/www.procarton.com\/wp-content\/uploads\/2022\/06\/logo-mit-slogan.jpg","width":422,"height":519,"caption":"ProCarton"},"image":{"@id":"https:\/\/www.procarton.com\/es\/#\/schema\/logo\/image\/"},"sameAs":["https:\/\/www.facebook.com\/procartondesignaward\/","https:\/\/x.com\/pro_carton"]},{"@type":"Person","@id":"https:\/\/www.procarton.com\/es\/#\/schema\/person\/8f52811f36555e3fbe8aa433fda4f5b5","name":"ryan@procarton.com","url":"https:\/\/www.procarton.com\/es\/author\/pro-carton-3\/"}]}},"_links":{"self":[{"href":"https:\/\/www.procarton.com\/es\/wp-json\/wp\/v2\/posts\/282363","targetHints":{"allow":["GET"]}}],"collection":[{"href":"https:\/\/www.procarton.com\/es\/wp-json\/wp\/v2\/posts"}],"about":[{"href":"https:\/\/www.procarton.com\/es\/wp-json\/wp\/v2\/types\/post"}],"author":[{"embeddable":true,"href":"https:\/\/www.procarton.com\/es\/wp-json\/wp\/v2\/users\/1286"}],"replies":[{"embeddable":true,"href":"https:\/\/www.procarton.com\/es\/wp-json\/wp\/v2\/comments?post=282363"}],"version-history":[{"count":6,"href":"https:\/\/www.procarton.com\/es\/wp-json\/wp\/v2\/posts\/282363\/revisions"}],"predecessor-version":[{"id":282381,"href":"https:\/\/www.procarton.com\/es\/wp-json\/wp\/v2\/posts\/282363\/revisions\/282381"}],"wp:featuredmedia":[{"embeddable":true,"href":"https:\/\/www.procarton.com\/es\/wp-json\/wp\/v2\/media\/282364"}],"wp:attachment":[{"href":"https:\/\/www.procarton.com\/es\/wp-json\/wp\/v2\/media?parent=282363"}],"wp:term":[{"taxonomy":"category","embeddable":true,"href":"https:\/\/www.procarton.com\/es\/wp-json\/wp\/v2\/categories?post=282363"},{"taxonomy":"post_tag","embeddable":true,"href":"https:\/\/www.procarton.com\/es\/wp-json\/wp\/v2\/tags?post=282363"}],"curies":[{"name":"wp","href":"https:\/\/api.w.org\/{rel}","templated":true}]}}