{"id":242823,"date":"2019-10-09T00:00:00","date_gmt":"2019-10-08T23:00:00","guid":{"rendered":"https:\/\/www.procarton.com\/pro-carton-propak-austria-young-designers-award-2019-perfekte-show-junger-osterreichischer-designerinnen-2\/"},"modified":"2021-11-05T18:04:50","modified_gmt":"2021-11-05T18:04:50","slug":"pro-carton-propak-austria-young-designers-award-2019-perfekte-show-junger-osterreichischer-designerinnen-2","status":"publish","type":"post","link":"https:\/\/www.procarton.com\/es\/pro-carton-propak-austria-young-designers-award-2019-perfekte-show-junger-osterreichischer-designerinnen-2\/","title":{"rendered":"Pro Carton PROPAK Austria Young Designers Award 2019: Perfekte Show junger \u00f6sterreichischer DesignerInnen"},"content":{"rendered":"<h3><strong>Las ideas de las j\u00f3venes dise\u00f1adoras en el Award de Pro Carton PROPAK Austria pueden ser llevadas a la pr\u00e1ctica inmediatamente. Tambi\u00e9n en el Award europeo, las dos j\u00f3venes dise\u00f1adoras austriacas han sido premiadas. Han sido premiadas por m\u00e1s de 400 a\u00f1os en el marco del Premio Estatal de Dise\u00f1o de Austria: Alessia Businaro y Mariella Drechsler.<\/strong><\/h3>\n<p>El concurso del premio estatal en el \"Arena 21\" de Viena se sit\u00faa en el centro de los j\u00f3venes dise\u00f1adores de envases de Austria. Los estudiantes, sus familias y sus amigos no se han dejado enga\u00f1ar por los ganadores y los finalistas.<\/p>\n<p>El concurso ha sido convocado por la industria de la automoci\u00f3n austriaca y por la industria europea del cart\u00f3n, y fomenta la participaci\u00f3n de estudiantes de dise\u00f1o j\u00f3venes y avanzados en las escuelas de dise\u00f1o austriacas.<\/p>\n<p>Satkar Gidda, miembro del jurado, se mostr\u00f3 entusiasmado con la profesionalidad de las soluciones: \"Algunas de las soluciones son tan buenas como los envases que se pueden llevar al mercado. Les recomiendo que patenten y utilicen estas ideas\".<\/p>\n<p>Los precios han sido superados por Hannes Schleich, presidente de la industria alemana de la cerveza. Se mostr\u00f3 muy impresionado por el Award y sus excelentes conceptos: \"El Award es muy importante para nosotros, ya que el embalaje es muy importante, as\u00ed como su funcionalidad, su calidad y su dise\u00f1o. Nos encanta este fin de semana cada a\u00f1o\".<\/p>\n<p>Las dos finalistas se encuentran entre los ganadores del concurso internacional Pro Carton Young Designers Award, que tuvo lugar en la gala Award en septiembre de 2019 en Malta. Todos los finalistas estuvieron aqu\u00ed entre los mejores.<\/p>\n<p>Tambi\u00e9n el presidente de Pro Carton, Horst Bittermann, se sinti\u00f3 atra\u00eddo por las ideas de Austria: \"Los \u00e9xitos de los j\u00f3venes dise\u00f1adores demuestran que en Austria existe una gran tradici\u00f3n de formaci\u00f3n t\u00e9cnica y creativa. Y queremos que los nuevos dise\u00f1adores sepan que la industria de la construcci\u00f3n est\u00e1 cada vez m\u00e1s preparada para ofrecer soluciones sostenibles\".<\/p>\n<p><strong><a href=\"https:\/\/procarton.us15.list-manage.com\/track\/click?u=c3f2511ece5c883ba1681d026&amp;id=1d355d4084&amp;e=1e048158ab\">Encontrar\u00e1 a todas las mujeres de la prensa, textos de prensa, fotos y v\u00eddeos &gt;&gt; HIER.<\/a><\/strong><\/p>","protected":false},"excerpt":{"rendered":"<p>El hombre puede llevar inmediatamente a la mano las ideas de las Preistr\u00e4gerinnen en el Pro Carton PROPAK Austria Young Designers Award de este a\u00f1o.<\/p>","protected":false},"author":1,"featured_media":242676,"comment_status":"open","ping_status":"open","sticky":false,"template":"","format":"standard","meta":{"inline_featured_image":false,"footnotes":""},"categories":[77,242],"tags":[],"class_list":["post-242823","post","type-post","status-publish","format-standard","has-post-thumbnail","hentry","category-national-activities","category-procarton"],"yoast_head":"<!-- This site is optimized with the Yoast SEO plugin v27.4 - https:\/\/yoast.com\/product\/yoast-seo-wordpress\/ -->\n<title>Pro Carton PROPAK Austria Young Designers Award 2019: Perfekte Show junger \u00f6sterreichischer DesignerInnen - Pro Carton<\/title>\n<meta name=\"robots\" content=\"index, follow, max-snippet:-1, max-image-preview:large, max-video-preview:-1\" \/>\n<link rel=\"canonical\" href=\"https:\/\/www.procarton.com\/es\/pro-carton-propak-austria-young-designers-award-2019-perfekte-show-junger-osterreichischer-designerinnen-2\/\" \/>\n<meta property=\"og:locale\" content=\"es_ES\" \/>\n<meta property=\"og:type\" content=\"article\" \/>\n<meta property=\"og:title\" content=\"Pro Carton PROPAK Austria Young Designers Award 2019: Perfekte Show junger \u00f6sterreichischer DesignerInnen - Pro Carton\" \/>\n<meta property=\"og:description\" content=\"Man k\u00f6nnte sie sofort in den Handel bringen, die Ideen der Preistr\u00e4gerinnen im diesj\u00e4hrigen Pro Carton PROPAK Austria Young Designers Award.\" \/>\n<meta property=\"og:url\" content=\"https:\/\/www.procarton.com\/es\/pro-carton-propak-austria-young-designers-award-2019-perfekte-show-junger-osterreichischer-designerinnen-2\/\" \/>\n<meta property=\"og:site_name\" content=\"Pro Carton\" \/>\n<meta property=\"article:publisher\" content=\"https:\/\/www.facebook.com\/procartondesignaward\/\" \/>\n<meta property=\"article:published_time\" content=\"2019-10-08T23:00:00+00:00\" \/>\n<meta property=\"article:modified_time\" content=\"2021-11-05T18:04:50+00:00\" \/>\n<meta property=\"og:image\" content=\"https:\/\/www.procarton.com\/wp-content\/uploads\/2021\/02\/Finalists-600.jpg\" \/>\n\t<meta property=\"og:image:width\" content=\"600\" \/>\n\t<meta property=\"og:image:height\" content=\"400\" \/>\n\t<meta property=\"og:image:type\" content=\"image\/jpeg\" \/>\n<meta name=\"author\" content=\"esterling@admin\" \/>\n<meta name=\"twitter:card\" content=\"summary_large_image\" \/>\n<meta name=\"twitter:creator\" content=\"@pro_carton\" \/>\n<meta name=\"twitter:site\" content=\"@pro_carton\" \/>\n<meta name=\"twitter:label1\" content=\"Escrito por\" \/>\n\t<meta name=\"twitter:data1\" content=\"esterling@admin\" \/>\n\t<meta name=\"twitter:label2\" content=\"Tiempo de lectura\" \/>\n\t<meta name=\"twitter:data2\" content=\"2 minutos\" \/>\n<script type=\"application\/ld+json\" class=\"yoast-schema-graph\">{\"@context\":\"https:\\\/\\\/schema.org\",\"@graph\":[{\"@type\":\"Article\",\"@id\":\"https:\\\/\\\/www.procarton.com\\\/pro-carton-propak-austria-young-designers-award-2019-perfekte-show-junger-osterreichischer-designerinnen-2\\\/#article\",\"isPartOf\":{\"@id\":\"https:\\\/\\\/www.procarton.com\\\/pro-carton-propak-austria-young-designers-award-2019-perfekte-show-junger-osterreichischer-designerinnen-2\\\/\"},\"author\":{\"name\":\"esterling@admin\",\"@id\":\"https:\\\/\\\/www.procarton.com\\\/es\\\/#\\\/schema\\\/person\\\/872a075145d2c38578ff4eed7d481251\"},\"headline\":\"Pro Carton PROPAK Austria Young Designers Award 2019: Perfekte Show junger \u00f6sterreichischer DesignerInnen\",\"datePublished\":\"2019-10-08T23:00:00+00:00\",\"dateModified\":\"2021-11-05T18:04:50+00:00\",\"mainEntityOfPage\":{\"@id\":\"https:\\\/\\\/www.procarton.com\\\/pro-carton-propak-austria-young-designers-award-2019-perfekte-show-junger-osterreichischer-designerinnen-2\\\/\"},\"wordCount\":322,\"commentCount\":0,\"publisher\":{\"@id\":\"https:\\\/\\\/www.procarton.com\\\/es\\\/#organization\"},\"image\":{\"@id\":\"https:\\\/\\\/www.procarton.com\\\/pro-carton-propak-austria-young-designers-award-2019-perfekte-show-junger-osterreichischer-designerinnen-2\\\/#primaryimage\"},\"thumbnailUrl\":\"https:\\\/\\\/www.procarton.com\\\/wp-content\\\/uploads\\\/2021\\\/02\\\/Finalists-600.jpg\",\"articleSection\":[\"National Activities\",\"Pro Carton\"],\"inLanguage\":\"es\",\"potentialAction\":[{\"@type\":\"CommentAction\",\"name\":\"Comment\",\"target\":[\"https:\\\/\\\/www.procarton.com\\\/pro-carton-propak-austria-young-designers-award-2019-perfekte-show-junger-osterreichischer-designerinnen-2\\\/#respond\"]}]},{\"@type\":\"WebPage\",\"@id\":\"https:\\\/\\\/www.procarton.com\\\/pro-carton-propak-austria-young-designers-award-2019-perfekte-show-junger-osterreichischer-designerinnen-2\\\/\",\"url\":\"https:\\\/\\\/www.procarton.com\\\/pro-carton-propak-austria-young-designers-award-2019-perfekte-show-junger-osterreichischer-designerinnen-2\\\/\",\"name\":\"Pro Carton PROPAK Austria Young Designers Award 2019: Perfekte Show junger \u00f6sterreichischer DesignerInnen - Pro Carton\",\"isPartOf\":{\"@id\":\"https:\\\/\\\/www.procarton.com\\\/es\\\/#website\"},\"primaryImageOfPage\":{\"@id\":\"https:\\\/\\\/www.procarton.com\\\/pro-carton-propak-austria-young-designers-award-2019-perfekte-show-junger-osterreichischer-designerinnen-2\\\/#primaryimage\"},\"image\":{\"@id\":\"https:\\\/\\\/www.procarton.com\\\/pro-carton-propak-austria-young-designers-award-2019-perfekte-show-junger-osterreichischer-designerinnen-2\\\/#primaryimage\"},\"thumbnailUrl\":\"https:\\\/\\\/www.procarton.com\\\/wp-content\\\/uploads\\\/2021\\\/02\\\/Finalists-600.jpg\",\"datePublished\":\"2019-10-08T23:00:00+00:00\",\"dateModified\":\"2021-11-05T18:04:50+00:00\",\"breadcrumb\":{\"@id\":\"https:\\\/\\\/www.procarton.com\\\/pro-carton-propak-austria-young-designers-award-2019-perfekte-show-junger-osterreichischer-designerinnen-2\\\/#breadcrumb\"},\"inLanguage\":\"es\",\"potentialAction\":[{\"@type\":\"ReadAction\",\"target\":[\"https:\\\/\\\/www.procarton.com\\\/pro-carton-propak-austria-young-designers-award-2019-perfekte-show-junger-osterreichischer-designerinnen-2\\\/\"]}]},{\"@type\":\"ImageObject\",\"inLanguage\":\"es\",\"@id\":\"https:\\\/\\\/www.procarton.com\\\/pro-carton-propak-austria-young-designers-award-2019-perfekte-show-junger-osterreichischer-designerinnen-2\\\/#primaryimage\",\"url\":\"https:\\\/\\\/www.procarton.com\\\/wp-content\\\/uploads\\\/2021\\\/02\\\/Finalists-600.jpg\",\"contentUrl\":\"https:\\\/\\\/www.procarton.com\\\/wp-content\\\/uploads\\\/2021\\\/02\\\/Finalists-600.jpg\",\"width\":600,\"height\":400,\"caption\":\"Staatspreis Design 2019 Foto: Matthias Silveri\"},{\"@type\":\"BreadcrumbList\",\"@id\":\"https:\\\/\\\/www.procarton.com\\\/pro-carton-propak-austria-young-designers-award-2019-perfekte-show-junger-osterreichischer-designerinnen-2\\\/#breadcrumb\",\"itemListElement\":[{\"@type\":\"ListItem\",\"position\":1,\"name\":\"Home\",\"item\":\"https:\\\/\\\/www.procarton.com\\\/\"},{\"@type\":\"ListItem\",\"position\":2,\"name\":\"Pro Carton PROPAK Austria Young Designers Award 2019: Perfekte Show junger \u00f6sterreichischer DesignerInnen\"}]},{\"@type\":\"WebSite\",\"@id\":\"https:\\\/\\\/www.procarton.com\\\/es\\\/#website\",\"url\":\"https:\\\/\\\/www.procarton.com\\\/es\\\/\",\"name\":\"Pro Carton\",\"description\":\"\",\"publisher\":{\"@id\":\"https:\\\/\\\/www.procarton.com\\\/es\\\/#organization\"},\"potentialAction\":[{\"@type\":\"SearchAction\",\"target\":{\"@type\":\"EntryPoint\",\"urlTemplate\":\"https:\\\/\\\/www.procarton.com\\\/es\\\/?s={search_term_string}\"},\"query-input\":{\"@type\":\"PropertyValueSpecification\",\"valueRequired\":true,\"valueName\":\"search_term_string\"}}],\"inLanguage\":\"es\"},{\"@type\":\"Organization\",\"@id\":\"https:\\\/\\\/www.procarton.com\\\/es\\\/#organization\",\"name\":\"ProCarton\",\"url\":\"https:\\\/\\\/www.procarton.com\\\/es\\\/\",\"logo\":{\"@type\":\"ImageObject\",\"inLanguage\":\"es\",\"@id\":\"https:\\\/\\\/www.procarton.com\\\/es\\\/#\\\/schema\\\/logo\\\/image\\\/\",\"url\":\"https:\\\/\\\/www.procarton.com\\\/wp-content\\\/uploads\\\/2022\\\/06\\\/logo-mit-slogan.jpg\",\"contentUrl\":\"https:\\\/\\\/www.procarton.com\\\/wp-content\\\/uploads\\\/2022\\\/06\\\/logo-mit-slogan.jpg\",\"width\":422,\"height\":519,\"caption\":\"ProCarton\"},\"image\":{\"@id\":\"https:\\\/\\\/www.procarton.com\\\/es\\\/#\\\/schema\\\/logo\\\/image\\\/\"},\"sameAs\":[\"https:\\\/\\\/www.facebook.com\\\/procartondesignaward\\\/\",\"https:\\\/\\\/x.com\\\/pro_carton\"]},{\"@type\":\"Person\",\"@id\":\"https:\\\/\\\/www.procarton.com\\\/es\\\/#\\\/schema\\\/person\\\/872a075145d2c38578ff4eed7d481251\",\"name\":\"esterling@admin\",\"sameAs\":[\"https:\\\/\\\/www.procarton.com\"],\"url\":\"https:\\\/\\\/www.procarton.com\\\/es\\\/author\\\/esterlingadmin\\\/\"}]}<\/script>\n<!-- \/ Yoast SEO plugin. -->","yoast_head_json":{"title":"Pro Carton PROPAK Austria Young Designers Award 2019: Perfekte Show junger \u00f6sterreichischer DesignerInnen - Pro Carton","robots":{"index":"index","follow":"follow","max-snippet":"max-snippet:-1","max-image-preview":"max-image-preview:large","max-video-preview":"max-video-preview:-1"},"canonical":"https:\/\/www.procarton.com\/es\/pro-carton-propak-austria-young-designers-award-2019-perfekte-show-junger-osterreichischer-designerinnen-2\/","og_locale":"es_ES","og_type":"article","og_title":"Pro Carton PROPAK Austria Young Designers Award 2019: Perfekte Show junger \u00f6sterreichischer DesignerInnen - Pro Carton","og_description":"Man k\u00f6nnte sie sofort in den Handel bringen, die Ideen der Preistr\u00e4gerinnen im diesj\u00e4hrigen Pro Carton PROPAK Austria Young Designers Award.","og_url":"https:\/\/www.procarton.com\/es\/pro-carton-propak-austria-young-designers-award-2019-perfekte-show-junger-osterreichischer-designerinnen-2\/","og_site_name":"Pro Carton","article_publisher":"https:\/\/www.facebook.com\/procartondesignaward\/","article_published_time":"2019-10-08T23:00:00+00:00","article_modified_time":"2021-11-05T18:04:50+00:00","og_image":[{"width":600,"height":400,"url":"https:\/\/www.procarton.com\/wp-content\/uploads\/2021\/02\/Finalists-600.jpg","type":"image\/jpeg"}],"author":"esterling@admin","twitter_card":"summary_large_image","twitter_creator":"@pro_carton","twitter_site":"@pro_carton","twitter_misc":{"Escrito por":"esterling@admin","Tiempo de lectura":"2 minutos"},"schema":{"@context":"https:\/\/schema.org","@graph":[{"@type":"Article","@id":"https:\/\/www.procarton.com\/pro-carton-propak-austria-young-designers-award-2019-perfekte-show-junger-osterreichischer-designerinnen-2\/#article","isPartOf":{"@id":"https:\/\/www.procarton.com\/pro-carton-propak-austria-young-designers-award-2019-perfekte-show-junger-osterreichischer-designerinnen-2\/"},"author":{"name":"esterling@admin","@id":"https:\/\/www.procarton.com\/es\/#\/schema\/person\/872a075145d2c38578ff4eed7d481251"},"headline":"Pro Carton PROPAK Austria Young Designers Award 2019: Perfekte Show junger \u00f6sterreichischer DesignerInnen","datePublished":"2019-10-08T23:00:00+00:00","dateModified":"2021-11-05T18:04:50+00:00","mainEntityOfPage":{"@id":"https:\/\/www.procarton.com\/pro-carton-propak-austria-young-designers-award-2019-perfekte-show-junger-osterreichischer-designerinnen-2\/"},"wordCount":322,"commentCount":0,"publisher":{"@id":"https:\/\/www.procarton.com\/es\/#organization"},"image":{"@id":"https:\/\/www.procarton.com\/pro-carton-propak-austria-young-designers-award-2019-perfekte-show-junger-osterreichischer-designerinnen-2\/#primaryimage"},"thumbnailUrl":"https:\/\/www.procarton.com\/wp-content\/uploads\/2021\/02\/Finalists-600.jpg","articleSection":["National Activities","Pro Carton"],"inLanguage":"es","potentialAction":[{"@type":"CommentAction","name":"Comment","target":["https:\/\/www.procarton.com\/pro-carton-propak-austria-young-designers-award-2019-perfekte-show-junger-osterreichischer-designerinnen-2\/#respond"]}]},{"@type":"WebPage","@id":"https:\/\/www.procarton.com\/pro-carton-propak-austria-young-designers-award-2019-perfekte-show-junger-osterreichischer-designerinnen-2\/","url":"https:\/\/www.procarton.com\/pro-carton-propak-austria-young-designers-award-2019-perfekte-show-junger-osterreichischer-designerinnen-2\/","name":"Pro Carton PROPAK Austria Young Designers Award 2019: Perfekte Show junger \u00f6sterreichischer DesignerInnen - Pro Carton","isPartOf":{"@id":"https:\/\/www.procarton.com\/es\/#website"},"primaryImageOfPage":{"@id":"https:\/\/www.procarton.com\/pro-carton-propak-austria-young-designers-award-2019-perfekte-show-junger-osterreichischer-designerinnen-2\/#primaryimage"},"image":{"@id":"https:\/\/www.procarton.com\/pro-carton-propak-austria-young-designers-award-2019-perfekte-show-junger-osterreichischer-designerinnen-2\/#primaryimage"},"thumbnailUrl":"https:\/\/www.procarton.com\/wp-content\/uploads\/2021\/02\/Finalists-600.jpg","datePublished":"2019-10-08T23:00:00+00:00","dateModified":"2021-11-05T18:04:50+00:00","breadcrumb":{"@id":"https:\/\/www.procarton.com\/pro-carton-propak-austria-young-designers-award-2019-perfekte-show-junger-osterreichischer-designerinnen-2\/#breadcrumb"},"inLanguage":"es","potentialAction":[{"@type":"ReadAction","target":["https:\/\/www.procarton.com\/pro-carton-propak-austria-young-designers-award-2019-perfekte-show-junger-osterreichischer-designerinnen-2\/"]}]},{"@type":"ImageObject","inLanguage":"es","@id":"https:\/\/www.procarton.com\/pro-carton-propak-austria-young-designers-award-2019-perfekte-show-junger-osterreichischer-designerinnen-2\/#primaryimage","url":"https:\/\/www.procarton.com\/wp-content\/uploads\/2021\/02\/Finalists-600.jpg","contentUrl":"https:\/\/www.procarton.com\/wp-content\/uploads\/2021\/02\/Finalists-600.jpg","width":600,"height":400,"caption":"Staatspreis Design 2019 Foto: Matthias Silveri"},{"@type":"BreadcrumbList","@id":"https:\/\/www.procarton.com\/pro-carton-propak-austria-young-designers-award-2019-perfekte-show-junger-osterreichischer-designerinnen-2\/#breadcrumb","itemListElement":[{"@type":"ListItem","position":1,"name":"Home","item":"https:\/\/www.procarton.com\/"},{"@type":"ListItem","position":2,"name":"Pro Carton PROPAK Austria Young Designers Award 2019: Perfekte Show junger \u00f6sterreichischer DesignerInnen"}]},{"@type":"WebSite","@id":"https:\/\/www.procarton.com\/es\/#website","url":"https:\/\/www.procarton.com\/es\/","name":"Pro Carton","description":"","publisher":{"@id":"https:\/\/www.procarton.com\/es\/#organization"},"potentialAction":[{"@type":"SearchAction","target":{"@type":"EntryPoint","urlTemplate":"https:\/\/www.procarton.com\/es\/?s={search_term_string}"},"query-input":{"@type":"PropertyValueSpecification","valueRequired":true,"valueName":"search_term_string"}}],"inLanguage":"es"},{"@type":"Organization","@id":"https:\/\/www.procarton.com\/es\/#organization","name":"ProCarton","url":"https:\/\/www.procarton.com\/es\/","logo":{"@type":"ImageObject","inLanguage":"es","@id":"https:\/\/www.procarton.com\/es\/#\/schema\/logo\/image\/","url":"https:\/\/www.procarton.com\/wp-content\/uploads\/2022\/06\/logo-mit-slogan.jpg","contentUrl":"https:\/\/www.procarton.com\/wp-content\/uploads\/2022\/06\/logo-mit-slogan.jpg","width":422,"height":519,"caption":"ProCarton"},"image":{"@id":"https:\/\/www.procarton.com\/es\/#\/schema\/logo\/image\/"},"sameAs":["https:\/\/www.facebook.com\/procartondesignaward\/","https:\/\/x.com\/pro_carton"]},{"@type":"Person","@id":"https:\/\/www.procarton.com\/es\/#\/schema\/person\/872a075145d2c38578ff4eed7d481251","name":"esterling@admin","sameAs":["https:\/\/www.procarton.com"],"url":"https:\/\/www.procarton.com\/es\/author\/esterlingadmin\/"}]}},"_links":{"self":[{"href":"https:\/\/www.procarton.com\/es\/wp-json\/wp\/v2\/posts\/242823","targetHints":{"allow":["GET"]}}],"collection":[{"href":"https:\/\/www.procarton.com\/es\/wp-json\/wp\/v2\/posts"}],"about":[{"href":"https:\/\/www.procarton.com\/es\/wp-json\/wp\/v2\/types\/post"}],"author":[{"embeddable":true,"href":"https:\/\/www.procarton.com\/es\/wp-json\/wp\/v2\/users\/1"}],"replies":[{"embeddable":true,"href":"https:\/\/www.procarton.com\/es\/wp-json\/wp\/v2\/comments?post=242823"}],"version-history":[{"count":1,"href":"https:\/\/www.procarton.com\/es\/wp-json\/wp\/v2\/posts\/242823\/revisions"}],"predecessor-version":[{"id":265841,"href":"https:\/\/www.procarton.com\/es\/wp-json\/wp\/v2\/posts\/242823\/revisions\/265841"}],"wp:featuredmedia":[{"embeddable":true,"href":"https:\/\/www.procarton.com\/es\/wp-json\/wp\/v2\/media\/242676"}],"wp:attachment":[{"href":"https:\/\/www.procarton.com\/es\/wp-json\/wp\/v2\/media?parent=242823"}],"wp:term":[{"taxonomy":"category","embeddable":true,"href":"https:\/\/www.procarton.com\/es\/wp-json\/wp\/v2\/categories?post=242823"},{"taxonomy":"post_tag","embeddable":true,"href":"https:\/\/www.procarton.com\/es\/wp-json\/wp\/v2\/tags?post=242823"}],"curies":[{"name":"wp","href":"https:\/\/api.w.org\/{rel}","templated":true}]}}