{"id":242537,"date":"2019-04-29T00:00:00","date_gmt":"2019-04-28T23:00:00","guid":{"rendered":"https:\/\/www.procarton.com\/pro-carton-at-packaging-innovations-zurich-april-2019\/"},"modified":"2021-11-05T18:00:08","modified_gmt":"2021-11-05T18:00:08","slug":"pro-carton-at-packaging-innovations-zurich-april-2019","status":"publish","type":"post","link":"https:\/\/www.procarton.com\/es\/pro-carton-at-packaging-innovations-zurich-april-2019\/","title":{"rendered":"Pro Carton en Packaging Innovations Z\u00fcrich, abril de 2019"},"content":{"rendered":"<p><strong>Las ferias como Packaging Innovations en Z\u00farich son siempre una gran oportunidad para conectar con los responsables de la toma de decisiones del sector. Ha sido un placer poder mostrar a todos los ganadores del European Carton Excellence Awards y del Pro Carton Young Designers Award 2018 en el stand de Pro Carton este a\u00f1o.<\/strong><\/p>\n<p>Los visitantes quedaron especialmente impresionados por los envases de cart\u00f3n que buscan reducir los pl\u00e1sticos derivados del petr\u00f3leo en los envases alimentarios, por ejemplo los ganadores de las categor\u00edas: \"Pop Up Cup\" \/Alimentos r\u00e1pidos\/de conveniencia, \"MA Food Tray\" \/Material innovador, \"Zoe &amp; Zazu Goat Cheese Packaging\" \/Alimentos congelados y refrigerados y\" Flatskin\" \/Save the Planet. Enlace: https:\/\/www.procarton.com\/awards\/carton-excellence-award\/2018\/<\/p>\n<p>Nuestras publicaciones fueron muy populares, hasta el punto de que tuvimos que controlar el n\u00famero repartido para asegurarnos de que no se agotaran en el primer d\u00eda. Repartimos la revista Pro Carton, el folleto Award y nuestro \u00faltimo estudio sobre la actitud del consumidor, con versiones en alem\u00e1n e ingl\u00e9s.<\/p>\n<p>Lo m\u00e1s destacado fue el discurso del Director General de Pro Carton, Tony Hitchin, (invitado especialmente por los organizadores) para hablar de las ventajas de los envases de fibra. Las principales conclusiones de su presentaci\u00f3n fueron las siguientes:<\/p>\n<ul>\n<li>Reciclabilidad no es lo mismo que sostenibilidad<\/li>\n<li>Los pl\u00e1sticos f\u00f3siles no pueden ser realmente sostenibles<\/li>\n<li>Debemos adoptar los principios de la econom\u00eda circular<\/li>\n<li>Los clientes quieren envases de cart\u00f3n y est\u00e1n dispuestos a pagar por ellos<\/li>\n<li>Los consumidores dicen que las marcas y los minoristas no est\u00e1n haciendo lo suficiente para introducir envases m\u00e1s ecol\u00f3gicos<\/li>\n<li>El cart\u00f3n es renovable, reciclable y biodegradable<\/li>\n<\/ul>","protected":false},"excerpt":{"rendered":"<p>Las ferias como Packaging Innovations en Z\u00farich son siempre una gran oportunidad para conectar con los responsables de la toma de decisiones del sector.<\/p>","protected":false},"author":1,"featured_media":242538,"comment_status":"open","ping_status":"open","sticky":false,"template":"","format":"standard","meta":{"inline_featured_image":false,"footnotes":""},"categories":[77,242],"tags":[],"class_list":["post-242537","post","type-post","status-publish","format-standard","has-post-thumbnail","hentry","category-national-activities","category-procarton"],"yoast_head":"<!-- This site is optimized with the Yoast SEO plugin v27.4 - https:\/\/yoast.com\/product\/yoast-seo-wordpress\/ -->\n<title>Pro Carton at Packaging Innovations Z\u00fcrich, April 2019 - Pro Carton<\/title>\n<meta name=\"robots\" content=\"index, follow, max-snippet:-1, max-image-preview:large, max-video-preview:-1\" \/>\n<link rel=\"canonical\" href=\"https:\/\/www.procarton.com\/es\/pro-carton-at-packaging-innovations-zurich-april-2019\/\" \/>\n<meta property=\"og:locale\" content=\"es_ES\" \/>\n<meta property=\"og:type\" content=\"article\" \/>\n<meta property=\"og:title\" content=\"Pro Carton at Packaging Innovations Z\u00fcrich, April 2019 - Pro Carton\" \/>\n<meta property=\"og:description\" content=\"Fairs like Packaging Innovations in Zurich are always a great opportunity to connect with decision makers in the industry.\" \/>\n<meta property=\"og:url\" content=\"https:\/\/www.procarton.com\/es\/pro-carton-at-packaging-innovations-zurich-april-2019\/\" \/>\n<meta property=\"og:site_name\" content=\"Pro Carton\" \/>\n<meta property=\"article:publisher\" content=\"https:\/\/www.facebook.com\/procartondesignaward\/\" \/>\n<meta property=\"article:published_time\" content=\"2019-04-28T23:00:00+00:00\" \/>\n<meta property=\"article:modified_time\" content=\"2021-11-05T18:00:08+00:00\" \/>\n<meta property=\"og:image\" content=\"https:\/\/www.procarton.com\/wp-content\/uploads\/2021\/02\/DSC0572-2-600.jpg\" \/>\n\t<meta property=\"og:image:width\" content=\"600\" \/>\n\t<meta property=\"og:image:height\" content=\"400\" \/>\n\t<meta property=\"og:image:type\" content=\"image\/jpeg\" \/>\n<meta name=\"author\" content=\"esterling@admin\" \/>\n<meta name=\"twitter:card\" content=\"summary_large_image\" \/>\n<meta name=\"twitter:creator\" content=\"@pro_carton\" \/>\n<meta name=\"twitter:site\" content=\"@pro_carton\" \/>\n<meta name=\"twitter:label1\" content=\"Escrito por\" \/>\n\t<meta name=\"twitter:data1\" content=\"esterling@admin\" \/>\n\t<meta name=\"twitter:label2\" content=\"Tiempo de lectura\" \/>\n\t<meta name=\"twitter:data2\" content=\"1 minuto\" \/>\n<script type=\"application\/ld+json\" class=\"yoast-schema-graph\">{\"@context\":\"https:\\\/\\\/schema.org\",\"@graph\":[{\"@type\":\"Article\",\"@id\":\"https:\\\/\\\/www.procarton.com\\\/es\\\/pro-carton-at-packaging-innovations-zurich-april-2019\\\/#article\",\"isPartOf\":{\"@id\":\"https:\\\/\\\/www.procarton.com\\\/es\\\/pro-carton-at-packaging-innovations-zurich-april-2019\\\/\"},\"author\":{\"name\":\"esterling@admin\",\"@id\":\"https:\\\/\\\/www.procarton.com\\\/es\\\/#\\\/schema\\\/person\\\/872a075145d2c38578ff4eed7d481251\"},\"headline\":\"Pro Carton at Packaging Innovations Z\u00fcrich, April 2019\",\"datePublished\":\"2019-04-28T23:00:00+00:00\",\"dateModified\":\"2021-11-05T18:00:08+00:00\",\"mainEntityOfPage\":{\"@id\":\"https:\\\/\\\/www.procarton.com\\\/es\\\/pro-carton-at-packaging-innovations-zurich-april-2019\\\/\"},\"wordCount\":258,\"commentCount\":0,\"publisher\":{\"@id\":\"https:\\\/\\\/www.procarton.com\\\/es\\\/#organization\"},\"image\":{\"@id\":\"https:\\\/\\\/www.procarton.com\\\/es\\\/pro-carton-at-packaging-innovations-zurich-april-2019\\\/#primaryimage\"},\"thumbnailUrl\":\"https:\\\/\\\/www.procarton.com\\\/wp-content\\\/uploads\\\/2021\\\/02\\\/DSC0572-2-600.jpg\",\"articleSection\":[\"National Activities\",\"Pro Carton\"],\"inLanguage\":\"es\",\"potentialAction\":[{\"@type\":\"CommentAction\",\"name\":\"Comment\",\"target\":[\"https:\\\/\\\/www.procarton.com\\\/es\\\/pro-carton-at-packaging-innovations-zurich-april-2019\\\/#respond\"]}]},{\"@type\":\"WebPage\",\"@id\":\"https:\\\/\\\/www.procarton.com\\\/es\\\/pro-carton-at-packaging-innovations-zurich-april-2019\\\/\",\"url\":\"https:\\\/\\\/www.procarton.com\\\/es\\\/pro-carton-at-packaging-innovations-zurich-april-2019\\\/\",\"name\":\"Pro Carton at Packaging Innovations Z\u00fcrich, April 2019 - Pro Carton\",\"isPartOf\":{\"@id\":\"https:\\\/\\\/www.procarton.com\\\/es\\\/#website\"},\"primaryImageOfPage\":{\"@id\":\"https:\\\/\\\/www.procarton.com\\\/es\\\/pro-carton-at-packaging-innovations-zurich-april-2019\\\/#primaryimage\"},\"image\":{\"@id\":\"https:\\\/\\\/www.procarton.com\\\/es\\\/pro-carton-at-packaging-innovations-zurich-april-2019\\\/#primaryimage\"},\"thumbnailUrl\":\"https:\\\/\\\/www.procarton.com\\\/wp-content\\\/uploads\\\/2021\\\/02\\\/DSC0572-2-600.jpg\",\"datePublished\":\"2019-04-28T23:00:00+00:00\",\"dateModified\":\"2021-11-05T18:00:08+00:00\",\"breadcrumb\":{\"@id\":\"https:\\\/\\\/www.procarton.com\\\/es\\\/pro-carton-at-packaging-innovations-zurich-april-2019\\\/#breadcrumb\"},\"inLanguage\":\"es\",\"potentialAction\":[{\"@type\":\"ReadAction\",\"target\":[\"https:\\\/\\\/www.procarton.com\\\/es\\\/pro-carton-at-packaging-innovations-zurich-april-2019\\\/\"]}]},{\"@type\":\"ImageObject\",\"inLanguage\":\"es\",\"@id\":\"https:\\\/\\\/www.procarton.com\\\/es\\\/pro-carton-at-packaging-innovations-zurich-april-2019\\\/#primaryimage\",\"url\":\"https:\\\/\\\/www.procarton.com\\\/wp-content\\\/uploads\\\/2021\\\/02\\\/DSC0572-2-600.jpg\",\"contentUrl\":\"https:\\\/\\\/www.procarton.com\\\/wp-content\\\/uploads\\\/2021\\\/02\\\/DSC0572-2-600.jpg\",\"width\":600,\"height\":400,\"caption\":\"Messe Schweiz 2019\"},{\"@type\":\"BreadcrumbList\",\"@id\":\"https:\\\/\\\/www.procarton.com\\\/es\\\/pro-carton-at-packaging-innovations-zurich-april-2019\\\/#breadcrumb\",\"itemListElement\":[{\"@type\":\"ListItem\",\"position\":1,\"name\":\"Home\",\"item\":\"https:\\\/\\\/www.procarton.com\\\/\"},{\"@type\":\"ListItem\",\"position\":2,\"name\":\"Pro Carton at Packaging Innovations Z\u00fcrich, April 2019\"}]},{\"@type\":\"WebSite\",\"@id\":\"https:\\\/\\\/www.procarton.com\\\/es\\\/#website\",\"url\":\"https:\\\/\\\/www.procarton.com\\\/es\\\/\",\"name\":\"Pro Carton\",\"description\":\"\",\"publisher\":{\"@id\":\"https:\\\/\\\/www.procarton.com\\\/es\\\/#organization\"},\"potentialAction\":[{\"@type\":\"SearchAction\",\"target\":{\"@type\":\"EntryPoint\",\"urlTemplate\":\"https:\\\/\\\/www.procarton.com\\\/es\\\/?s={search_term_string}\"},\"query-input\":{\"@type\":\"PropertyValueSpecification\",\"valueRequired\":true,\"valueName\":\"search_term_string\"}}],\"inLanguage\":\"es\"},{\"@type\":\"Organization\",\"@id\":\"https:\\\/\\\/www.procarton.com\\\/es\\\/#organization\",\"name\":\"ProCarton\",\"url\":\"https:\\\/\\\/www.procarton.com\\\/es\\\/\",\"logo\":{\"@type\":\"ImageObject\",\"inLanguage\":\"es\",\"@id\":\"https:\\\/\\\/www.procarton.com\\\/es\\\/#\\\/schema\\\/logo\\\/image\\\/\",\"url\":\"https:\\\/\\\/www.procarton.com\\\/wp-content\\\/uploads\\\/2022\\\/06\\\/logo-mit-slogan.jpg\",\"contentUrl\":\"https:\\\/\\\/www.procarton.com\\\/wp-content\\\/uploads\\\/2022\\\/06\\\/logo-mit-slogan.jpg\",\"width\":422,\"height\":519,\"caption\":\"ProCarton\"},\"image\":{\"@id\":\"https:\\\/\\\/www.procarton.com\\\/es\\\/#\\\/schema\\\/logo\\\/image\\\/\"},\"sameAs\":[\"https:\\\/\\\/www.facebook.com\\\/procartondesignaward\\\/\",\"https:\\\/\\\/x.com\\\/pro_carton\"]},{\"@type\":\"Person\",\"@id\":\"https:\\\/\\\/www.procarton.com\\\/es\\\/#\\\/schema\\\/person\\\/872a075145d2c38578ff4eed7d481251\",\"name\":\"esterling@admin\",\"sameAs\":[\"https:\\\/\\\/www.procarton.com\"],\"url\":\"https:\\\/\\\/www.procarton.com\\\/es\\\/author\\\/esterlingadmin\\\/\"}]}<\/script>\n<!-- \/ Yoast SEO plugin. -->","yoast_head_json":{"title":"Pro Carton en Packaging Innovations Z\u00fcrich, abril de 2019 - Pro Carton","robots":{"index":"index","follow":"follow","max-snippet":"max-snippet:-1","max-image-preview":"max-image-preview:large","max-video-preview":"max-video-preview:-1"},"canonical":"https:\/\/www.procarton.com\/es\/pro-carton-at-packaging-innovations-zurich-april-2019\/","og_locale":"es_ES","og_type":"article","og_title":"Pro Carton at Packaging Innovations Z\u00fcrich, April 2019 - Pro Carton","og_description":"Fairs like Packaging Innovations in Zurich are always a great opportunity to connect with decision makers in the industry.","og_url":"https:\/\/www.procarton.com\/es\/pro-carton-at-packaging-innovations-zurich-april-2019\/","og_site_name":"Pro Carton","article_publisher":"https:\/\/www.facebook.com\/procartondesignaward\/","article_published_time":"2019-04-28T23:00:00+00:00","article_modified_time":"2021-11-05T18:00:08+00:00","og_image":[{"width":600,"height":400,"url":"https:\/\/www.procarton.com\/wp-content\/uploads\/2021\/02\/DSC0572-2-600.jpg","type":"image\/jpeg"}],"author":"esterling@admin","twitter_card":"summary_large_image","twitter_creator":"@pro_carton","twitter_site":"@pro_carton","twitter_misc":{"Escrito por":"esterling@admin","Tiempo de lectura":"1 minuto"},"schema":{"@context":"https:\/\/schema.org","@graph":[{"@type":"Article","@id":"https:\/\/www.procarton.com\/es\/pro-carton-at-packaging-innovations-zurich-april-2019\/#article","isPartOf":{"@id":"https:\/\/www.procarton.com\/es\/pro-carton-at-packaging-innovations-zurich-april-2019\/"},"author":{"name":"esterling@admin","@id":"https:\/\/www.procarton.com\/es\/#\/schema\/person\/872a075145d2c38578ff4eed7d481251"},"headline":"Pro Carton at Packaging Innovations Z\u00fcrich, April 2019","datePublished":"2019-04-28T23:00:00+00:00","dateModified":"2021-11-05T18:00:08+00:00","mainEntityOfPage":{"@id":"https:\/\/www.procarton.com\/es\/pro-carton-at-packaging-innovations-zurich-april-2019\/"},"wordCount":258,"commentCount":0,"publisher":{"@id":"https:\/\/www.procarton.com\/es\/#organization"},"image":{"@id":"https:\/\/www.procarton.com\/es\/pro-carton-at-packaging-innovations-zurich-april-2019\/#primaryimage"},"thumbnailUrl":"https:\/\/www.procarton.com\/wp-content\/uploads\/2021\/02\/DSC0572-2-600.jpg","articleSection":["National Activities","Pro Carton"],"inLanguage":"es","potentialAction":[{"@type":"CommentAction","name":"Comment","target":["https:\/\/www.procarton.com\/es\/pro-carton-at-packaging-innovations-zurich-april-2019\/#respond"]}]},{"@type":"WebPage","@id":"https:\/\/www.procarton.com\/es\/pro-carton-at-packaging-innovations-zurich-april-2019\/","url":"https:\/\/www.procarton.com\/es\/pro-carton-at-packaging-innovations-zurich-april-2019\/","name":"Pro Carton en Packaging Innovations Z\u00fcrich, abril de 2019 - Pro Carton","isPartOf":{"@id":"https:\/\/www.procarton.com\/es\/#website"},"primaryImageOfPage":{"@id":"https:\/\/www.procarton.com\/es\/pro-carton-at-packaging-innovations-zurich-april-2019\/#primaryimage"},"image":{"@id":"https:\/\/www.procarton.com\/es\/pro-carton-at-packaging-innovations-zurich-april-2019\/#primaryimage"},"thumbnailUrl":"https:\/\/www.procarton.com\/wp-content\/uploads\/2021\/02\/DSC0572-2-600.jpg","datePublished":"2019-04-28T23:00:00+00:00","dateModified":"2021-11-05T18:00:08+00:00","breadcrumb":{"@id":"https:\/\/www.procarton.com\/es\/pro-carton-at-packaging-innovations-zurich-april-2019\/#breadcrumb"},"inLanguage":"es","potentialAction":[{"@type":"ReadAction","target":["https:\/\/www.procarton.com\/es\/pro-carton-at-packaging-innovations-zurich-april-2019\/"]}]},{"@type":"ImageObject","inLanguage":"es","@id":"https:\/\/www.procarton.com\/es\/pro-carton-at-packaging-innovations-zurich-april-2019\/#primaryimage","url":"https:\/\/www.procarton.com\/wp-content\/uploads\/2021\/02\/DSC0572-2-600.jpg","contentUrl":"https:\/\/www.procarton.com\/wp-content\/uploads\/2021\/02\/DSC0572-2-600.jpg","width":600,"height":400,"caption":"Messe Schweiz 2019"},{"@type":"BreadcrumbList","@id":"https:\/\/www.procarton.com\/es\/pro-carton-at-packaging-innovations-zurich-april-2019\/#breadcrumb","itemListElement":[{"@type":"ListItem","position":1,"name":"Home","item":"https:\/\/www.procarton.com\/"},{"@type":"ListItem","position":2,"name":"Pro Carton at Packaging Innovations Z\u00fcrich, April 2019"}]},{"@type":"WebSite","@id":"https:\/\/www.procarton.com\/es\/#website","url":"https:\/\/www.procarton.com\/es\/","name":"Pro Carton","description":"","publisher":{"@id":"https:\/\/www.procarton.com\/es\/#organization"},"potentialAction":[{"@type":"SearchAction","target":{"@type":"EntryPoint","urlTemplate":"https:\/\/www.procarton.com\/es\/?s={search_term_string}"},"query-input":{"@type":"PropertyValueSpecification","valueRequired":true,"valueName":"search_term_string"}}],"inLanguage":"es"},{"@type":"Organization","@id":"https:\/\/www.procarton.com\/es\/#organization","name":"ProCarton","url":"https:\/\/www.procarton.com\/es\/","logo":{"@type":"ImageObject","inLanguage":"es","@id":"https:\/\/www.procarton.com\/es\/#\/schema\/logo\/image\/","url":"https:\/\/www.procarton.com\/wp-content\/uploads\/2022\/06\/logo-mit-slogan.jpg","contentUrl":"https:\/\/www.procarton.com\/wp-content\/uploads\/2022\/06\/logo-mit-slogan.jpg","width":422,"height":519,"caption":"ProCarton"},"image":{"@id":"https:\/\/www.procarton.com\/es\/#\/schema\/logo\/image\/"},"sameAs":["https:\/\/www.facebook.com\/procartondesignaward\/","https:\/\/x.com\/pro_carton"]},{"@type":"Person","@id":"https:\/\/www.procarton.com\/es\/#\/schema\/person\/872a075145d2c38578ff4eed7d481251","name":"esterling@admin","sameAs":["https:\/\/www.procarton.com"],"url":"https:\/\/www.procarton.com\/es\/author\/esterlingadmin\/"}]}},"_links":{"self":[{"href":"https:\/\/www.procarton.com\/es\/wp-json\/wp\/v2\/posts\/242537","targetHints":{"allow":["GET"]}}],"collection":[{"href":"https:\/\/www.procarton.com\/es\/wp-json\/wp\/v2\/posts"}],"about":[{"href":"https:\/\/www.procarton.com\/es\/wp-json\/wp\/v2\/types\/post"}],"author":[{"embeddable":true,"href":"https:\/\/www.procarton.com\/es\/wp-json\/wp\/v2\/users\/1"}],"replies":[{"embeddable":true,"href":"https:\/\/www.procarton.com\/es\/wp-json\/wp\/v2\/comments?post=242537"}],"version-history":[{"count":1,"href":"https:\/\/www.procarton.com\/es\/wp-json\/wp\/v2\/posts\/242537\/revisions"}],"predecessor-version":[{"id":265824,"href":"https:\/\/www.procarton.com\/es\/wp-json\/wp\/v2\/posts\/242537\/revisions\/265824"}],"wp:featuredmedia":[{"embeddable":true,"href":"https:\/\/www.procarton.com\/es\/wp-json\/wp\/v2\/media\/242538"}],"wp:attachment":[{"href":"https:\/\/www.procarton.com\/es\/wp-json\/wp\/v2\/media?parent=242537"}],"wp:term":[{"taxonomy":"category","embeddable":true,"href":"https:\/\/www.procarton.com\/es\/wp-json\/wp\/v2\/categories?post=242537"},{"taxonomy":"post_tag","embeddable":true,"href":"https:\/\/www.procarton.com\/es\/wp-json\/wp\/v2\/tags?post=242537"}],"curies":[{"name":"wp","href":"https:\/\/api.w.org\/{rel}","templated":true}]}}