{"id":242387,"date":"2018-11-12T00:00:00","date_gmt":"2018-11-12T00:00:00","guid":{"rendered":"https:\/\/www.procarton.com\/foodboard-virgin-fibre-award-winning-sustainability\/"},"modified":"2021-11-22T10:35:39","modified_gmt":"2021-11-22T10:35:39","slug":"foodboard-virgin-fibre-award-winning-sustainability","status":"publish","type":"post","link":"https:\/\/www.procarton.com\/es\/foodboard-virgin-fibre-award-winning-sustainability\/","title":{"rendered":"Fibra virgen FOODBOARD\u2122: sostenibilidad premiada"},"content":{"rendered":"<p><strong>Los envases alimentarios seguros y respetuosos con el medio ambiente que garantizan una gran confianza del consumidor son el gran logro de nuestra l\u00ednea de productos FOODBOARD\u2122. Esta innovaci\u00f3n de MM Board &amp; Paper ha sido reconocida ahora con el Recyclable Packaging Award.<\/strong><\/p>\n<p><strong>Soluci\u00f3n de cart\u00f3n puro - reciclable y biodegradable<\/strong><br \/>\nDesde mediados de 2017, tambi\u00e9n existe una soluci\u00f3n para el tema de la \"migraci\u00f3n de aceites minerales de los envases a los alimentos\" para el cart\u00f3n de fibra virgen en forma de fibra virgen FOODBOARD\u2122. MM Karton es el \u00fanico fabricante con una gama completa de todos los tipos de cart\u00f3n (cart\u00f3n reciclado GT1 y GT4, as\u00ed como cart\u00f3n de fibra virgen).<\/p>\n<p>El cart\u00f3n de fibra virgen est\u00e1ndar o los envases de pl\u00e1stico est\u00e1ndar no pueden evitar la migraci\u00f3n de aceites minerales, ftalatos, bisfenol A u otras sustancias definidas no deseadas. S\u00f3lo una barrera funcional integrada -como la que ofrece nuestra cartera de productos FOODBOARD\u2122- representa una soluci\u00f3n eficaz. FOODBOARD\u2122 protege los alimentos y tambi\u00e9n constituye la mejor soluci\u00f3n para el medio ambiente. FOODBOARD\u2122 es un monomaterial -no un compuesto extruido o laminado- y, por tanto, es reciclable y biodegradable.<\/p>\n<p><strong>Envases reciclables Award de Packaging Europe<\/strong><br \/>\nEn el marco de su programa de sostenibilidad Awards, Packaging Europe ha premiado por cuarta vez consecutiva a las empresas del sector del papel y los envases que consiguen las mejores soluciones a los retos ecol\u00f3gicos. Packaging Europe se autodenomina \"el principal recurso de inteligencia para los profesionales europeos del envasado\".<br \/>\nEl envase reciclable Award reconoce los materiales innovadores o las soluciones de envasado optimizadas desde el punto de vista ecol\u00f3gico y que, al mismo tiempo, muestran la mejor capacidad de reciclaje.<\/p>\n<p>Las candidaturas fueron evaluadas por un jurado independiente y profesional formado por expertos de toda la cadena de valor a\u00f1adido, entre ellos Virgine Helias (P&amp;G), Arno Melchior (Reckitt Benckiser), Bruno van Gompel (Coca-Cola Western Europe) y Kevin Vyse (M&amp;S). La ceremonia de entrega se celebr\u00f3 en Gotemburgo el 23 de octubre de 2018 en el marco de Scanpack.<\/p>","protected":false},"excerpt":{"rendered":"<p>Ya se han entregado los premios a los mejores envases de cart\u00f3n del European Carton Excellence Award. En la gala del Congreso ECMA Award, celebrada el 20 de septiembre, se premiaron los dise\u00f1os y soluciones funcionales m\u00e1s destacados, en el glamuroso marco de la Casa de la Sociedad Letona de Riga.<\/p>","protected":false},"author":1,"featured_media":242388,"comment_status":"open","ping_status":"open","sticky":false,"template":"","format":"standard","meta":{"inline_featured_image":false,"footnotes":""},"categories":[66],"tags":[],"class_list":["post-242387","post","type-post","status-publish","format-standard","has-post-thumbnail","hentry","category-latest-member-news"],"yoast_head":"<!-- This site is optimized with the Yoast SEO plugin v27.5 - https:\/\/yoast.com\/product\/yoast-seo-wordpress\/ -->\n<title>FOODBOARD\u2122 virgin fibre \u2013 award-winning sustainability - Pro Carton<\/title>\n<meta name=\"robots\" content=\"index, follow, max-snippet:-1, max-image-preview:large, max-video-preview:-1\" \/>\n<link rel=\"canonical\" href=\"https:\/\/www.procarton.com\/es\/foodboard-virgin-fibre-award-winning-sustainability\/\" \/>\n<meta property=\"og:locale\" content=\"es_ES\" \/>\n<meta property=\"og:type\" content=\"article\" \/>\n<meta property=\"og:title\" content=\"FOODBOARD\u2122 virgin fibre \u2013 award-winning sustainability - Pro Carton\" \/>\n<meta property=\"og:description\" content=\"The prizes for the best cartons of the European Carton Excellence Award have now been awarded! Outstanding designs and functional solutions were honoured at the ECMA Congress Award Gala on 20 September - in the glamorous setting of the House of the Riga Latvian Society.\" \/>\n<meta property=\"og:url\" content=\"https:\/\/www.procarton.com\/es\/foodboard-virgin-fibre-award-winning-sustainability\/\" \/>\n<meta property=\"og:site_name\" content=\"Pro Carton\" \/>\n<meta property=\"article:publisher\" content=\"https:\/\/www.facebook.com\/procartondesignaward\/\" \/>\n<meta property=\"article:published_time\" content=\"2018-11-12T00:00:00+00:00\" \/>\n<meta property=\"article:modified_time\" content=\"2021-11-22T10:35:39+00:00\" \/>\n<meta property=\"og:image\" content=\"https:\/\/www.procarton.com\/wp-content\/uploads\/2021\/02\/FOODBOARD-virgin-fibre_Sustainability-Award_HBT.jpg\" \/>\n\t<meta property=\"og:image:width\" content=\"1000\" \/>\n\t<meta property=\"og:image:height\" content=\"667\" \/>\n\t<meta property=\"og:image:type\" content=\"image\/jpeg\" \/>\n<meta name=\"author\" content=\"esterling@admin\" \/>\n<meta name=\"twitter:card\" content=\"summary_large_image\" \/>\n<meta name=\"twitter:creator\" content=\"@pro_carton\" \/>\n<meta name=\"twitter:site\" content=\"@pro_carton\" \/>\n<meta name=\"twitter:label1\" content=\"Escrito por\" \/>\n\t<meta name=\"twitter:data1\" content=\"esterling@admin\" \/>\n\t<meta name=\"twitter:label2\" content=\"Tiempo de lectura\" \/>\n\t<meta name=\"twitter:data2\" content=\"1 minuto\" \/>\n<script type=\"application\/ld+json\" class=\"yoast-schema-graph\">{\"@context\":\"https:\\\/\\\/schema.org\",\"@graph\":[{\"@type\":\"Article\",\"@id\":\"https:\\\/\\\/www.procarton.com\\\/es\\\/foodboard-virgin-fibre-award-winning-sustainability\\\/#article\",\"isPartOf\":{\"@id\":\"https:\\\/\\\/www.procarton.com\\\/es\\\/foodboard-virgin-fibre-award-winning-sustainability\\\/\"},\"author\":{\"name\":\"esterling@admin\",\"@id\":\"https:\\\/\\\/www.procarton.com\\\/es\\\/#\\\/schema\\\/person\\\/872a075145d2c38578ff4eed7d481251\"},\"headline\":\"FOODBOARD\u2122 virgin fibre \u2013 award-winning sustainability\",\"datePublished\":\"2018-11-12T00:00:00+00:00\",\"dateModified\":\"2021-11-22T10:35:39+00:00\",\"mainEntityOfPage\":{\"@id\":\"https:\\\/\\\/www.procarton.com\\\/es\\\/foodboard-virgin-fibre-award-winning-sustainability\\\/\"},\"wordCount\":300,\"commentCount\":0,\"publisher\":{\"@id\":\"https:\\\/\\\/www.procarton.com\\\/es\\\/#organization\"},\"image\":{\"@id\":\"https:\\\/\\\/www.procarton.com\\\/es\\\/foodboard-virgin-fibre-award-winning-sustainability\\\/#primaryimage\"},\"thumbnailUrl\":\"https:\\\/\\\/www.procarton.com\\\/wp-content\\\/uploads\\\/2021\\\/02\\\/FOODBOARD-virgin-fibre_Sustainability-Award_HBT.jpg\",\"articleSection\":[\"Pro Carton Member News\"],\"inLanguage\":\"es\",\"potentialAction\":[{\"@type\":\"CommentAction\",\"name\":\"Comment\",\"target\":[\"https:\\\/\\\/www.procarton.com\\\/es\\\/foodboard-virgin-fibre-award-winning-sustainability\\\/#respond\"]}]},{\"@type\":\"WebPage\",\"@id\":\"https:\\\/\\\/www.procarton.com\\\/es\\\/foodboard-virgin-fibre-award-winning-sustainability\\\/\",\"url\":\"https:\\\/\\\/www.procarton.com\\\/es\\\/foodboard-virgin-fibre-award-winning-sustainability\\\/\",\"name\":\"FOODBOARD\u2122 virgin fibre \u2013 award-winning sustainability - Pro Carton\",\"isPartOf\":{\"@id\":\"https:\\\/\\\/www.procarton.com\\\/es\\\/#website\"},\"primaryImageOfPage\":{\"@id\":\"https:\\\/\\\/www.procarton.com\\\/es\\\/foodboard-virgin-fibre-award-winning-sustainability\\\/#primaryimage\"},\"image\":{\"@id\":\"https:\\\/\\\/www.procarton.com\\\/es\\\/foodboard-virgin-fibre-award-winning-sustainability\\\/#primaryimage\"},\"thumbnailUrl\":\"https:\\\/\\\/www.procarton.com\\\/wp-content\\\/uploads\\\/2021\\\/02\\\/FOODBOARD-virgin-fibre_Sustainability-Award_HBT.jpg\",\"datePublished\":\"2018-11-12T00:00:00+00:00\",\"dateModified\":\"2021-11-22T10:35:39+00:00\",\"breadcrumb\":{\"@id\":\"https:\\\/\\\/www.procarton.com\\\/es\\\/foodboard-virgin-fibre-award-winning-sustainability\\\/#breadcrumb\"},\"inLanguage\":\"es\",\"potentialAction\":[{\"@type\":\"ReadAction\",\"target\":[\"https:\\\/\\\/www.procarton.com\\\/es\\\/foodboard-virgin-fibre-award-winning-sustainability\\\/\"]}]},{\"@type\":\"ImageObject\",\"inLanguage\":\"es\",\"@id\":\"https:\\\/\\\/www.procarton.com\\\/es\\\/foodboard-virgin-fibre-award-winning-sustainability\\\/#primaryimage\",\"url\":\"https:\\\/\\\/www.procarton.com\\\/wp-content\\\/uploads\\\/2021\\\/02\\\/FOODBOARD-virgin-fibre_Sustainability-Award_HBT.jpg\",\"contentUrl\":\"https:\\\/\\\/www.procarton.com\\\/wp-content\\\/uploads\\\/2021\\\/02\\\/FOODBOARD-virgin-fibre_Sustainability-Award_HBT.jpg\",\"width\":1000,\"height\":667,\"caption\":\"Skvader Media - Photographers: Johanna Herbst &amp; Rickard Olausson\"},{\"@type\":\"BreadcrumbList\",\"@id\":\"https:\\\/\\\/www.procarton.com\\\/es\\\/foodboard-virgin-fibre-award-winning-sustainability\\\/#breadcrumb\",\"itemListElement\":[{\"@type\":\"ListItem\",\"position\":1,\"name\":\"Home\",\"item\":\"https:\\\/\\\/www.procarton.com\\\/\"},{\"@type\":\"ListItem\",\"position\":2,\"name\":\"FOODBOARD\u2122 virgin fibre \u2013 award-winning sustainability\"}]},{\"@type\":\"WebSite\",\"@id\":\"https:\\\/\\\/www.procarton.com\\\/es\\\/#website\",\"url\":\"https:\\\/\\\/www.procarton.com\\\/es\\\/\",\"name\":\"Pro Carton\",\"description\":\"\",\"publisher\":{\"@id\":\"https:\\\/\\\/www.procarton.com\\\/es\\\/#organization\"},\"potentialAction\":[{\"@type\":\"SearchAction\",\"target\":{\"@type\":\"EntryPoint\",\"urlTemplate\":\"https:\\\/\\\/www.procarton.com\\\/es\\\/?s={search_term_string}\"},\"query-input\":{\"@type\":\"PropertyValueSpecification\",\"valueRequired\":true,\"valueName\":\"search_term_string\"}}],\"inLanguage\":\"es\"},{\"@type\":\"Organization\",\"@id\":\"https:\\\/\\\/www.procarton.com\\\/es\\\/#organization\",\"name\":\"ProCarton\",\"url\":\"https:\\\/\\\/www.procarton.com\\\/es\\\/\",\"logo\":{\"@type\":\"ImageObject\",\"inLanguage\":\"es\",\"@id\":\"https:\\\/\\\/www.procarton.com\\\/es\\\/#\\\/schema\\\/logo\\\/image\\\/\",\"url\":\"https:\\\/\\\/www.procarton.com\\\/wp-content\\\/uploads\\\/2022\\\/06\\\/logo-mit-slogan.jpg\",\"contentUrl\":\"https:\\\/\\\/www.procarton.com\\\/wp-content\\\/uploads\\\/2022\\\/06\\\/logo-mit-slogan.jpg\",\"width\":422,\"height\":519,\"caption\":\"ProCarton\"},\"image\":{\"@id\":\"https:\\\/\\\/www.procarton.com\\\/es\\\/#\\\/schema\\\/logo\\\/image\\\/\"},\"sameAs\":[\"https:\\\/\\\/www.facebook.com\\\/procartondesignaward\\\/\",\"https:\\\/\\\/x.com\\\/pro_carton\"]},{\"@type\":\"Person\",\"@id\":\"https:\\\/\\\/www.procarton.com\\\/es\\\/#\\\/schema\\\/person\\\/872a075145d2c38578ff4eed7d481251\",\"name\":\"esterling@admin\",\"sameAs\":[\"https:\\\/\\\/www.procarton.com\"],\"url\":\"https:\\\/\\\/www.procarton.com\\\/es\\\/author\\\/esterlingadmin\\\/\"}]}<\/script>\n<!-- \/ Yoast SEO plugin. -->","yoast_head_json":{"title":"Fibra virgen FOODBOARD\u2122 - sostenibilidad premiada - Pro Carton","robots":{"index":"index","follow":"follow","max-snippet":"max-snippet:-1","max-image-preview":"max-image-preview:large","max-video-preview":"max-video-preview:-1"},"canonical":"https:\/\/www.procarton.com\/es\/foodboard-virgin-fibre-award-winning-sustainability\/","og_locale":"es_ES","og_type":"article","og_title":"FOODBOARD\u2122 virgin fibre \u2013 award-winning sustainability - Pro Carton","og_description":"The prizes for the best cartons of the European Carton Excellence Award have now been awarded! Outstanding designs and functional solutions were honoured at the ECMA Congress Award Gala on 20 September - in the glamorous setting of the House of the Riga Latvian Society.","og_url":"https:\/\/www.procarton.com\/es\/foodboard-virgin-fibre-award-winning-sustainability\/","og_site_name":"Pro Carton","article_publisher":"https:\/\/www.facebook.com\/procartondesignaward\/","article_published_time":"2018-11-12T00:00:00+00:00","article_modified_time":"2021-11-22T10:35:39+00:00","og_image":[{"width":1000,"height":667,"url":"https:\/\/www.procarton.com\/wp-content\/uploads\/2021\/02\/FOODBOARD-virgin-fibre_Sustainability-Award_HBT.jpg","type":"image\/jpeg"}],"author":"esterling@admin","twitter_card":"summary_large_image","twitter_creator":"@pro_carton","twitter_site":"@pro_carton","twitter_misc":{"Escrito por":"esterling@admin","Tiempo de lectura":"1 minuto"},"schema":{"@context":"https:\/\/schema.org","@graph":[{"@type":"Article","@id":"https:\/\/www.procarton.com\/es\/foodboard-virgin-fibre-award-winning-sustainability\/#article","isPartOf":{"@id":"https:\/\/www.procarton.com\/es\/foodboard-virgin-fibre-award-winning-sustainability\/"},"author":{"name":"esterling@admin","@id":"https:\/\/www.procarton.com\/es\/#\/schema\/person\/872a075145d2c38578ff4eed7d481251"},"headline":"FOODBOARD\u2122 virgin fibre \u2013 award-winning sustainability","datePublished":"2018-11-12T00:00:00+00:00","dateModified":"2021-11-22T10:35:39+00:00","mainEntityOfPage":{"@id":"https:\/\/www.procarton.com\/es\/foodboard-virgin-fibre-award-winning-sustainability\/"},"wordCount":300,"commentCount":0,"publisher":{"@id":"https:\/\/www.procarton.com\/es\/#organization"},"image":{"@id":"https:\/\/www.procarton.com\/es\/foodboard-virgin-fibre-award-winning-sustainability\/#primaryimage"},"thumbnailUrl":"https:\/\/www.procarton.com\/wp-content\/uploads\/2021\/02\/FOODBOARD-virgin-fibre_Sustainability-Award_HBT.jpg","articleSection":["Pro Carton Member News"],"inLanguage":"es","potentialAction":[{"@type":"CommentAction","name":"Comment","target":["https:\/\/www.procarton.com\/es\/foodboard-virgin-fibre-award-winning-sustainability\/#respond"]}]},{"@type":"WebPage","@id":"https:\/\/www.procarton.com\/es\/foodboard-virgin-fibre-award-winning-sustainability\/","url":"https:\/\/www.procarton.com\/es\/foodboard-virgin-fibre-award-winning-sustainability\/","name":"Fibra virgen FOODBOARD\u2122 - sostenibilidad premiada - Pro Carton","isPartOf":{"@id":"https:\/\/www.procarton.com\/es\/#website"},"primaryImageOfPage":{"@id":"https:\/\/www.procarton.com\/es\/foodboard-virgin-fibre-award-winning-sustainability\/#primaryimage"},"image":{"@id":"https:\/\/www.procarton.com\/es\/foodboard-virgin-fibre-award-winning-sustainability\/#primaryimage"},"thumbnailUrl":"https:\/\/www.procarton.com\/wp-content\/uploads\/2021\/02\/FOODBOARD-virgin-fibre_Sustainability-Award_HBT.jpg","datePublished":"2018-11-12T00:00:00+00:00","dateModified":"2021-11-22T10:35:39+00:00","breadcrumb":{"@id":"https:\/\/www.procarton.com\/es\/foodboard-virgin-fibre-award-winning-sustainability\/#breadcrumb"},"inLanguage":"es","potentialAction":[{"@type":"ReadAction","target":["https:\/\/www.procarton.com\/es\/foodboard-virgin-fibre-award-winning-sustainability\/"]}]},{"@type":"ImageObject","inLanguage":"es","@id":"https:\/\/www.procarton.com\/es\/foodboard-virgin-fibre-award-winning-sustainability\/#primaryimage","url":"https:\/\/www.procarton.com\/wp-content\/uploads\/2021\/02\/FOODBOARD-virgin-fibre_Sustainability-Award_HBT.jpg","contentUrl":"https:\/\/www.procarton.com\/wp-content\/uploads\/2021\/02\/FOODBOARD-virgin-fibre_Sustainability-Award_HBT.jpg","width":1000,"height":667,"caption":"Skvader Media - Photographers: Johanna Herbst &amp; Rickard Olausson"},{"@type":"BreadcrumbList","@id":"https:\/\/www.procarton.com\/es\/foodboard-virgin-fibre-award-winning-sustainability\/#breadcrumb","itemListElement":[{"@type":"ListItem","position":1,"name":"Home","item":"https:\/\/www.procarton.com\/"},{"@type":"ListItem","position":2,"name":"FOODBOARD\u2122 virgin fibre \u2013 award-winning sustainability"}]},{"@type":"WebSite","@id":"https:\/\/www.procarton.com\/es\/#website","url":"https:\/\/www.procarton.com\/es\/","name":"Pro Carton","description":"","publisher":{"@id":"https:\/\/www.procarton.com\/es\/#organization"},"potentialAction":[{"@type":"SearchAction","target":{"@type":"EntryPoint","urlTemplate":"https:\/\/www.procarton.com\/es\/?s={search_term_string}"},"query-input":{"@type":"PropertyValueSpecification","valueRequired":true,"valueName":"search_term_string"}}],"inLanguage":"es"},{"@type":"Organization","@id":"https:\/\/www.procarton.com\/es\/#organization","name":"ProCarton","url":"https:\/\/www.procarton.com\/es\/","logo":{"@type":"ImageObject","inLanguage":"es","@id":"https:\/\/www.procarton.com\/es\/#\/schema\/logo\/image\/","url":"https:\/\/www.procarton.com\/wp-content\/uploads\/2022\/06\/logo-mit-slogan.jpg","contentUrl":"https:\/\/www.procarton.com\/wp-content\/uploads\/2022\/06\/logo-mit-slogan.jpg","width":422,"height":519,"caption":"ProCarton"},"image":{"@id":"https:\/\/www.procarton.com\/es\/#\/schema\/logo\/image\/"},"sameAs":["https:\/\/www.facebook.com\/procartondesignaward\/","https:\/\/x.com\/pro_carton"]},{"@type":"Person","@id":"https:\/\/www.procarton.com\/es\/#\/schema\/person\/872a075145d2c38578ff4eed7d481251","name":"esterling@admin","sameAs":["https:\/\/www.procarton.com"],"url":"https:\/\/www.procarton.com\/es\/author\/esterlingadmin\/"}]}},"_links":{"self":[{"href":"https:\/\/www.procarton.com\/es\/wp-json\/wp\/v2\/posts\/242387","targetHints":{"allow":["GET"]}}],"collection":[{"href":"https:\/\/www.procarton.com\/es\/wp-json\/wp\/v2\/posts"}],"about":[{"href":"https:\/\/www.procarton.com\/es\/wp-json\/wp\/v2\/types\/post"}],"author":[{"embeddable":true,"href":"https:\/\/www.procarton.com\/es\/wp-json\/wp\/v2\/users\/1"}],"replies":[{"embeddable":true,"href":"https:\/\/www.procarton.com\/es\/wp-json\/wp\/v2\/comments?post=242387"}],"version-history":[{"count":2,"href":"https:\/\/www.procarton.com\/es\/wp-json\/wp\/v2\/posts\/242387\/revisions"}],"predecessor-version":[{"id":267331,"href":"https:\/\/www.procarton.com\/es\/wp-json\/wp\/v2\/posts\/242387\/revisions\/267331"}],"wp:featuredmedia":[{"embeddable":true,"href":"https:\/\/www.procarton.com\/es\/wp-json\/wp\/v2\/media\/242388"}],"wp:attachment":[{"href":"https:\/\/www.procarton.com\/es\/wp-json\/wp\/v2\/media?parent=242387"}],"wp:term":[{"taxonomy":"category","embeddable":true,"href":"https:\/\/www.procarton.com\/es\/wp-json\/wp\/v2\/categories?post=242387"},{"taxonomy":"post_tag","embeddable":true,"href":"https:\/\/www.procarton.com\/es\/wp-json\/wp\/v2\/tags?post=242387"}],"curies":[{"name":"wp","href":"https:\/\/api.w.org\/{rel}","templated":true}]}}