{"id":242113,"date":"2015-01-27T00:00:00","date_gmt":"2015-01-27T00:00:00","guid":{"rendered":"https:\/\/www.procarton.com\/infographics-2-forests-and-cartonboard\/"},"modified":"2022-01-24T10:31:53","modified_gmt":"2022-01-24T10:31:53","slug":"infographics-2-forests-and-cartonboard","status":"publish","type":"post","link":"https:\/\/www.procarton.com\/es\/infographics-2-forests-and-cartonboard\/","title":{"rendered":"Infograf\u00eda 2: Bosques y cart\u00f3n"},"content":{"rendered":"<p><strong>Pro Carton ha dise\u00f1ado una serie de llamativas infograf\u00edas para demostrar la sostenibilidad de los envases de cart\u00f3n. <\/strong><strong>Aqu\u00ed est\u00e1 el segundo de la serie. Todas las infograf\u00edas tambi\u00e9n est\u00e1n disponibles en Pro Carton como bolsa de transporte de documentos - abierta, la bolsa se convierte en un p\u00f3ster con toda la serie. Lo mejor es hacer un pedido inmediato y gratuito en este sitio web <a href=\"https:\/\/www.procarton.com\">www.procarton.com<\/a>.\u00a0<\/strong><\/p>\n<h3>Los bosques son un recurso renovable para los cartones<\/h3>\n<p>La infograf\u00eda de Pro Carton sobre la silvicultura destaca los datos sobre los bosques europeos, que son el recurso original para la industria de los envases de cart\u00f3n. Son un recurso sostenible y renovable y la superficie forestal en Europa est\u00e1 aumentando. Han crecido en m\u00e1s de 30% desde 1950.<\/p>\n<p><a title=\"infograf\u00eda_1\" href=\"https:\/\/www.procarton.com\/wp-content\/uploads\/2015\/04\/Facts-about-Forests.jpg\" target=\"_blank\" rel=\"noopener\"><img decoding=\"async\" class=\"alignnone wp-image-107395\" style=\"width: 600px!important;\" src=\" https:\/\/www.procarton.com\/wp-content\/uploads\/2015\/04\/Facts-about-Forests_s.jpg\" alt=\"infograf\u00eda_w\" \/><\/a><\/p>\n<p><span style=\"line-height: 1.5;\">La industria papelera europea cuida los bosques que utiliza y promueve la gesti\u00f3n forestal sostenible y los sistemas de certificaci\u00f3n. Los bosques europeos utilizados por la industria del papel y el cart\u00f3n son sostenibles y se gestionan de forma que \"mantengan su biodiversidad, su productividad y su potencial para cumplir, ahora y en el futuro, las funciones ecol\u00f3gicas, econ\u00f3micas y sociales pertinentes, a nivel local, nacional y mundial, y que no causen da\u00f1os a otros ecosistemas\" (en palabras del Acuerdo Europeo sobre Silvicultura Sostenible).<\/span><\/p>\n<p><span style=\"line-height: 1.5;\">Est\u00e9 atento a la pr\u00f3xima edici\u00f3n de las noticias electr\u00f3nicas de Pro Carton y a la infograf\u00eda que contar\u00e1 la historia de la huella de carbono de los envases de cart\u00f3n.<\/span><\/p>\n<p><em>Para m\u00e1s informaci\u00f3n, visite la p\u00e1gina web <a title=\"Sostenibilidad\" href=\"https:\/\/www.procarton.com\/sustainability\/sustainability\/environment\/carbon-footprint-biogenic\/\" target=\"_blank\" rel=\"noopener\">Secci\u00f3n de sostenibilidad del sitio web<\/a> o p\u00f3ngase en contacto con Suzanne McEwen, de Pro Carton: <a href=\"mailto:mcewen@procarton.com\">mcewen@procarton.com<\/a><\/em><\/p>","protected":false},"excerpt":{"rendered":"<p>Pro Carton ha dise\u00f1ado una serie de llamativas infograf\u00edas para demostrar la sostenibilidad de los envases de cart\u00f3n. Aqu\u00ed est\u00e1 el segundo de la serie.<\/p>","protected":false},"author":1,"featured_media":242114,"comment_status":"open","ping_status":"open","sticky":false,"template":"","format":"standard","meta":{"inline_featured_image":false,"footnotes":""},"categories":[52],"tags":[45],"class_list":["post-242113","post","type-post","status-publish","format-standard","has-post-thumbnail","hentry","category-sustainability","tag-experts-it"],"yoast_head":"<!-- This site is optimized with the Yoast SEO plugin v27.4 - https:\/\/yoast.com\/product\/yoast-seo-wordpress\/ -->\n<title>Infographics 2: Forests and Cartonboard - Pro Carton<\/title>\n<meta name=\"robots\" content=\"index, follow, max-snippet:-1, max-image-preview:large, max-video-preview:-1\" \/>\n<link rel=\"canonical\" href=\"https:\/\/www.procarton.com\/es\/infographics-2-forests-and-cartonboard\/\" \/>\n<meta property=\"og:locale\" content=\"es_ES\" \/>\n<meta property=\"og:type\" content=\"article\" \/>\n<meta property=\"og:title\" content=\"Infographics 2: Forests and Cartonboard - Pro Carton\" \/>\n<meta property=\"og:description\" content=\"Pro Carton has designed a series of striking infographics to demonstrate the sustainability of cartonboard packaging. Here is the second in the series.\" \/>\n<meta property=\"og:url\" content=\"https:\/\/www.procarton.com\/es\/infographics-2-forests-and-cartonboard\/\" \/>\n<meta property=\"og:site_name\" content=\"Pro Carton\" \/>\n<meta property=\"article:publisher\" content=\"https:\/\/www.facebook.com\/procartondesignaward\/\" \/>\n<meta property=\"article:published_time\" content=\"2015-01-27T00:00:00+00:00\" \/>\n<meta property=\"article:modified_time\" content=\"2022-01-24T10:31:53+00:00\" \/>\n<meta property=\"og:image\" content=\"https:\/\/www.procarton.com\/wp-content\/uploads\/2021\/02\/Facts-about-Forests_cut.jpg\" \/>\n\t<meta property=\"og:image:width\" content=\"600\" \/>\n\t<meta property=\"og:image:height\" content=\"400\" \/>\n\t<meta property=\"og:image:type\" content=\"image\/jpeg\" \/>\n<meta name=\"author\" content=\"esterling@admin\" \/>\n<meta name=\"twitter:card\" content=\"summary_large_image\" \/>\n<meta name=\"twitter:creator\" content=\"@pro_carton\" \/>\n<meta name=\"twitter:site\" content=\"@pro_carton\" \/>\n<meta name=\"twitter:label1\" content=\"Escrito por\" \/>\n\t<meta name=\"twitter:data1\" content=\"esterling@admin\" \/>\n\t<meta name=\"twitter:label2\" content=\"Tiempo de lectura\" \/>\n\t<meta name=\"twitter:data2\" content=\"1 minuto\" \/>\n<script type=\"application\/ld+json\" class=\"yoast-schema-graph\">{\"@context\":\"https:\\\/\\\/schema.org\",\"@graph\":[{\"@type\":\"Article\",\"@id\":\"https:\\\/\\\/www.procarton.com\\\/es\\\/infographics-2-forests-and-cartonboard\\\/#article\",\"isPartOf\":{\"@id\":\"https:\\\/\\\/www.procarton.com\\\/es\\\/infographics-2-forests-and-cartonboard\\\/\"},\"author\":{\"name\":\"esterling@admin\",\"@id\":\"https:\\\/\\\/www.procarton.com\\\/es\\\/#\\\/schema\\\/person\\\/872a075145d2c38578ff4eed7d481251\"},\"headline\":\"Infographics 2: Forests and Cartonboard\",\"datePublished\":\"2015-01-27T00:00:00+00:00\",\"dateModified\":\"2022-01-24T10:31:53+00:00\",\"mainEntityOfPage\":{\"@id\":\"https:\\\/\\\/www.procarton.com\\\/es\\\/infographics-2-forests-and-cartonboard\\\/\"},\"wordCount\":239,\"commentCount\":0,\"publisher\":{\"@id\":\"https:\\\/\\\/www.procarton.com\\\/es\\\/#organization\"},\"image\":{\"@id\":\"https:\\\/\\\/www.procarton.com\\\/es\\\/infographics-2-forests-and-cartonboard\\\/#primaryimage\"},\"thumbnailUrl\":\"https:\\\/\\\/www.procarton.com\\\/wp-content\\\/uploads\\\/2021\\\/02\\\/Facts-about-Forests_cut.jpg\",\"keywords\":[\"Experts\"],\"articleSection\":[\"Sustainability\"],\"inLanguage\":\"es\",\"potentialAction\":[{\"@type\":\"CommentAction\",\"name\":\"Comment\",\"target\":[\"https:\\\/\\\/www.procarton.com\\\/es\\\/infographics-2-forests-and-cartonboard\\\/#respond\"]}]},{\"@type\":\"WebPage\",\"@id\":\"https:\\\/\\\/www.procarton.com\\\/es\\\/infographics-2-forests-and-cartonboard\\\/\",\"url\":\"https:\\\/\\\/www.procarton.com\\\/es\\\/infographics-2-forests-and-cartonboard\\\/\",\"name\":\"Infographics 2: Forests and Cartonboard - Pro Carton\",\"isPartOf\":{\"@id\":\"https:\\\/\\\/www.procarton.com\\\/es\\\/#website\"},\"primaryImageOfPage\":{\"@id\":\"https:\\\/\\\/www.procarton.com\\\/es\\\/infographics-2-forests-and-cartonboard\\\/#primaryimage\"},\"image\":{\"@id\":\"https:\\\/\\\/www.procarton.com\\\/es\\\/infographics-2-forests-and-cartonboard\\\/#primaryimage\"},\"thumbnailUrl\":\"https:\\\/\\\/www.procarton.com\\\/wp-content\\\/uploads\\\/2021\\\/02\\\/Facts-about-Forests_cut.jpg\",\"datePublished\":\"2015-01-27T00:00:00+00:00\",\"dateModified\":\"2022-01-24T10:31:53+00:00\",\"breadcrumb\":{\"@id\":\"https:\\\/\\\/www.procarton.com\\\/es\\\/infographics-2-forests-and-cartonboard\\\/#breadcrumb\"},\"inLanguage\":\"es\",\"potentialAction\":[{\"@type\":\"ReadAction\",\"target\":[\"https:\\\/\\\/www.procarton.com\\\/es\\\/infographics-2-forests-and-cartonboard\\\/\"]}]},{\"@type\":\"ImageObject\",\"inLanguage\":\"es\",\"@id\":\"https:\\\/\\\/www.procarton.com\\\/es\\\/infographics-2-forests-and-cartonboard\\\/#primaryimage\",\"url\":\"https:\\\/\\\/www.procarton.com\\\/wp-content\\\/uploads\\\/2021\\\/02\\\/Facts-about-Forests_cut.jpg\",\"contentUrl\":\"https:\\\/\\\/www.procarton.com\\\/wp-content\\\/uploads\\\/2021\\\/02\\\/Facts-about-Forests_cut.jpg\",\"width\":600,\"height\":400},{\"@type\":\"BreadcrumbList\",\"@id\":\"https:\\\/\\\/www.procarton.com\\\/es\\\/infographics-2-forests-and-cartonboard\\\/#breadcrumb\",\"itemListElement\":[{\"@type\":\"ListItem\",\"position\":1,\"name\":\"Home\",\"item\":\"https:\\\/\\\/www.procarton.com\\\/\"},{\"@type\":\"ListItem\",\"position\":2,\"name\":\"Infographics 2: Forests and Cartonboard\"}]},{\"@type\":\"WebSite\",\"@id\":\"https:\\\/\\\/www.procarton.com\\\/es\\\/#website\",\"url\":\"https:\\\/\\\/www.procarton.com\\\/es\\\/\",\"name\":\"Pro Carton\",\"description\":\"\",\"publisher\":{\"@id\":\"https:\\\/\\\/www.procarton.com\\\/es\\\/#organization\"},\"potentialAction\":[{\"@type\":\"SearchAction\",\"target\":{\"@type\":\"EntryPoint\",\"urlTemplate\":\"https:\\\/\\\/www.procarton.com\\\/es\\\/?s={search_term_string}\"},\"query-input\":{\"@type\":\"PropertyValueSpecification\",\"valueRequired\":true,\"valueName\":\"search_term_string\"}}],\"inLanguage\":\"es\"},{\"@type\":\"Organization\",\"@id\":\"https:\\\/\\\/www.procarton.com\\\/es\\\/#organization\",\"name\":\"ProCarton\",\"url\":\"https:\\\/\\\/www.procarton.com\\\/es\\\/\",\"logo\":{\"@type\":\"ImageObject\",\"inLanguage\":\"es\",\"@id\":\"https:\\\/\\\/www.procarton.com\\\/es\\\/#\\\/schema\\\/logo\\\/image\\\/\",\"url\":\"https:\\\/\\\/www.procarton.com\\\/wp-content\\\/uploads\\\/2022\\\/06\\\/logo-mit-slogan.jpg\",\"contentUrl\":\"https:\\\/\\\/www.procarton.com\\\/wp-content\\\/uploads\\\/2022\\\/06\\\/logo-mit-slogan.jpg\",\"width\":422,\"height\":519,\"caption\":\"ProCarton\"},\"image\":{\"@id\":\"https:\\\/\\\/www.procarton.com\\\/es\\\/#\\\/schema\\\/logo\\\/image\\\/\"},\"sameAs\":[\"https:\\\/\\\/www.facebook.com\\\/procartondesignaward\\\/\",\"https:\\\/\\\/x.com\\\/pro_carton\"]},{\"@type\":\"Person\",\"@id\":\"https:\\\/\\\/www.procarton.com\\\/es\\\/#\\\/schema\\\/person\\\/872a075145d2c38578ff4eed7d481251\",\"name\":\"esterling@admin\",\"sameAs\":[\"https:\\\/\\\/www.procarton.com\"],\"url\":\"https:\\\/\\\/www.procarton.com\\\/es\\\/author\\\/esterlingadmin\\\/\"}]}<\/script>\n<!-- \/ Yoast SEO plugin. -->","yoast_head_json":{"title":"Infograf\u00eda 2: Bosques y cart\u00f3n - Pro Carton","robots":{"index":"index","follow":"follow","max-snippet":"max-snippet:-1","max-image-preview":"max-image-preview:large","max-video-preview":"max-video-preview:-1"},"canonical":"https:\/\/www.procarton.com\/es\/infographics-2-forests-and-cartonboard\/","og_locale":"es_ES","og_type":"article","og_title":"Infographics 2: Forests and Cartonboard - Pro Carton","og_description":"Pro Carton has designed a series of striking infographics to demonstrate the sustainability of cartonboard packaging. Here is the second in the series.","og_url":"https:\/\/www.procarton.com\/es\/infographics-2-forests-and-cartonboard\/","og_site_name":"Pro Carton","article_publisher":"https:\/\/www.facebook.com\/procartondesignaward\/","article_published_time":"2015-01-27T00:00:00+00:00","article_modified_time":"2022-01-24T10:31:53+00:00","og_image":[{"width":600,"height":400,"url":"https:\/\/www.procarton.com\/wp-content\/uploads\/2021\/02\/Facts-about-Forests_cut.jpg","type":"image\/jpeg"}],"author":"esterling@admin","twitter_card":"summary_large_image","twitter_creator":"@pro_carton","twitter_site":"@pro_carton","twitter_misc":{"Escrito por":"esterling@admin","Tiempo de lectura":"1 minuto"},"schema":{"@context":"https:\/\/schema.org","@graph":[{"@type":"Article","@id":"https:\/\/www.procarton.com\/es\/infographics-2-forests-and-cartonboard\/#article","isPartOf":{"@id":"https:\/\/www.procarton.com\/es\/infographics-2-forests-and-cartonboard\/"},"author":{"name":"esterling@admin","@id":"https:\/\/www.procarton.com\/es\/#\/schema\/person\/872a075145d2c38578ff4eed7d481251"},"headline":"Infographics 2: Forests and Cartonboard","datePublished":"2015-01-27T00:00:00+00:00","dateModified":"2022-01-24T10:31:53+00:00","mainEntityOfPage":{"@id":"https:\/\/www.procarton.com\/es\/infographics-2-forests-and-cartonboard\/"},"wordCount":239,"commentCount":0,"publisher":{"@id":"https:\/\/www.procarton.com\/es\/#organization"},"image":{"@id":"https:\/\/www.procarton.com\/es\/infographics-2-forests-and-cartonboard\/#primaryimage"},"thumbnailUrl":"https:\/\/www.procarton.com\/wp-content\/uploads\/2021\/02\/Facts-about-Forests_cut.jpg","keywords":["Experts"],"articleSection":["Sustainability"],"inLanguage":"es","potentialAction":[{"@type":"CommentAction","name":"Comment","target":["https:\/\/www.procarton.com\/es\/infographics-2-forests-and-cartonboard\/#respond"]}]},{"@type":"WebPage","@id":"https:\/\/www.procarton.com\/es\/infographics-2-forests-and-cartonboard\/","url":"https:\/\/www.procarton.com\/es\/infographics-2-forests-and-cartonboard\/","name":"Infograf\u00eda 2: Bosques y cart\u00f3n - Pro Carton","isPartOf":{"@id":"https:\/\/www.procarton.com\/es\/#website"},"primaryImageOfPage":{"@id":"https:\/\/www.procarton.com\/es\/infographics-2-forests-and-cartonboard\/#primaryimage"},"image":{"@id":"https:\/\/www.procarton.com\/es\/infographics-2-forests-and-cartonboard\/#primaryimage"},"thumbnailUrl":"https:\/\/www.procarton.com\/wp-content\/uploads\/2021\/02\/Facts-about-Forests_cut.jpg","datePublished":"2015-01-27T00:00:00+00:00","dateModified":"2022-01-24T10:31:53+00:00","breadcrumb":{"@id":"https:\/\/www.procarton.com\/es\/infographics-2-forests-and-cartonboard\/#breadcrumb"},"inLanguage":"es","potentialAction":[{"@type":"ReadAction","target":["https:\/\/www.procarton.com\/es\/infographics-2-forests-and-cartonboard\/"]}]},{"@type":"ImageObject","inLanguage":"es","@id":"https:\/\/www.procarton.com\/es\/infographics-2-forests-and-cartonboard\/#primaryimage","url":"https:\/\/www.procarton.com\/wp-content\/uploads\/2021\/02\/Facts-about-Forests_cut.jpg","contentUrl":"https:\/\/www.procarton.com\/wp-content\/uploads\/2021\/02\/Facts-about-Forests_cut.jpg","width":600,"height":400},{"@type":"BreadcrumbList","@id":"https:\/\/www.procarton.com\/es\/infographics-2-forests-and-cartonboard\/#breadcrumb","itemListElement":[{"@type":"ListItem","position":1,"name":"Home","item":"https:\/\/www.procarton.com\/"},{"@type":"ListItem","position":2,"name":"Infographics 2: Forests and Cartonboard"}]},{"@type":"WebSite","@id":"https:\/\/www.procarton.com\/es\/#website","url":"https:\/\/www.procarton.com\/es\/","name":"Pro Carton","description":"","publisher":{"@id":"https:\/\/www.procarton.com\/es\/#organization"},"potentialAction":[{"@type":"SearchAction","target":{"@type":"EntryPoint","urlTemplate":"https:\/\/www.procarton.com\/es\/?s={search_term_string}"},"query-input":{"@type":"PropertyValueSpecification","valueRequired":true,"valueName":"search_term_string"}}],"inLanguage":"es"},{"@type":"Organization","@id":"https:\/\/www.procarton.com\/es\/#organization","name":"ProCarton","url":"https:\/\/www.procarton.com\/es\/","logo":{"@type":"ImageObject","inLanguage":"es","@id":"https:\/\/www.procarton.com\/es\/#\/schema\/logo\/image\/","url":"https:\/\/www.procarton.com\/wp-content\/uploads\/2022\/06\/logo-mit-slogan.jpg","contentUrl":"https:\/\/www.procarton.com\/wp-content\/uploads\/2022\/06\/logo-mit-slogan.jpg","width":422,"height":519,"caption":"ProCarton"},"image":{"@id":"https:\/\/www.procarton.com\/es\/#\/schema\/logo\/image\/"},"sameAs":["https:\/\/www.facebook.com\/procartondesignaward\/","https:\/\/x.com\/pro_carton"]},{"@type":"Person","@id":"https:\/\/www.procarton.com\/es\/#\/schema\/person\/872a075145d2c38578ff4eed7d481251","name":"esterling@admin","sameAs":["https:\/\/www.procarton.com"],"url":"https:\/\/www.procarton.com\/es\/author\/esterlingadmin\/"}]}},"_links":{"self":[{"href":"https:\/\/www.procarton.com\/es\/wp-json\/wp\/v2\/posts\/242113","targetHints":{"allow":["GET"]}}],"collection":[{"href":"https:\/\/www.procarton.com\/es\/wp-json\/wp\/v2\/posts"}],"about":[{"href":"https:\/\/www.procarton.com\/es\/wp-json\/wp\/v2\/types\/post"}],"author":[{"embeddable":true,"href":"https:\/\/www.procarton.com\/es\/wp-json\/wp\/v2\/users\/1"}],"replies":[{"embeddable":true,"href":"https:\/\/www.procarton.com\/es\/wp-json\/wp\/v2\/comments?post=242113"}],"version-history":[{"count":3,"href":"https:\/\/www.procarton.com\/es\/wp-json\/wp\/v2\/posts\/242113\/revisions"}],"predecessor-version":[{"id":273810,"href":"https:\/\/www.procarton.com\/es\/wp-json\/wp\/v2\/posts\/242113\/revisions\/273810"}],"wp:featuredmedia":[{"embeddable":true,"href":"https:\/\/www.procarton.com\/es\/wp-json\/wp\/v2\/media\/242114"}],"wp:attachment":[{"href":"https:\/\/www.procarton.com\/es\/wp-json\/wp\/v2\/media?parent=242113"}],"wp:term":[{"taxonomy":"category","embeddable":true,"href":"https:\/\/www.procarton.com\/es\/wp-json\/wp\/v2\/categories?post=242113"},{"taxonomy":"post_tag","embeddable":true,"href":"https:\/\/www.procarton.com\/es\/wp-json\/wp\/v2\/tags?post=242113"}],"curies":[{"name":"wp","href":"https:\/\/api.w.org\/{rel}","templated":true}]}}